{"id":79769,"date":"2018-09-04T11:37:03","date_gmt":"2018-09-04T16:37:03","guid":{"rendered":"https:\/\/centrourbano.com\/?p=79769"},"modified":"2018-10-11T15:29:13","modified_gmt":"2018-10-11T20:29:13","slug":"obra-de-lilia-lujan-es-seleccionada-para-aniversario-de-la-cruz-roja-de-puebla","status":"publish","type":"post","link":"https:\/\/centrourbano.com\/revista\/actualidad\/obra-de-lilia-lujan-es-seleccionada-para-aniversario-de-la-cruz-roja-de-puebla\/","title":{"rendered":"Obra de Lilia Luj\u00e1n es seleccionada para aniversario de la Cruz Roja de Puebla"},"content":{"rendered":"<p><em>En la obra se pueden apreciar espirales, tri\u00e1ngulos y aves como fuentes de energ\u00eda, creaci\u00f3n y libertad<\/em><!--more--><\/p>\n<p>El pasado 30 de\u00a0agosto, la Cruz Roja Mexicana en Puebla\u00a0cumpli\u00f3 100 a\u00f1os de su fundaci\u00f3n, tiempo en el que ha consolidado su nivel de atenci\u00f3n en\u00a019 delegaciones,\u00a0tres hospitales,\u00a0siete escuelas de param\u00e9dicos y\u00a0una escuela de Enfermer\u00eda, as\u00ed como una red de aproximadamente 2,500 voluntarios.<\/p>\n<p>Para dicha celebraci\u00f3n, la obra de arista visual Lilia Luj\u00e1n fue seleccionada como parte de\u00a0la<strong>\u00a0<\/strong>edici\u00f3n especial de obra firmada y numerada\u00a0&#8216;<strong>A<b>niversario 100 a\u00f1os Cruz Roja Mexicana Puebla&#8217;.<\/b><\/strong><\/p>\n<a href=\"https:\/\/centrourbano.com\/revista\/wp-content\/uploads\/CRMP-3-by-Luj\u00e1n.jpg\"><img loading=\"lazy\" decoding=\"async\" class=\"size-full wp-image-79771 aligncenter\" src=\"https:\/\/centrourbano.com\/revista\/wp-content\/uploads\/CRMP-3-by-Luj\u00e1n.jpg\" alt=\"\" width=\"800\" height=\"406\" srcset=\"https:\/\/centrourbano.com\/revista\/wp-content\/uploads\/CRMP-3-by-Luj\u00e1n.jpg 800w, https:\/\/centrourbano.com\/revista\/wp-content\/uploads\/CRMP-3-by-Luj\u00e1n-300x152.jpg 300w, https:\/\/centrourbano.com\/revista\/wp-content\/uploads\/CRMP-3-by-Luj\u00e1n-768x390.jpg 768w\" sizes=\"auto, (max-width: 800px) 100vw, 800px\" \/><\/a>\n<p>Para Lilia Luj\u00e1n, las obras\u00a0son alegor\u00edas figurativo-expresionistas que pretenden\u00a0sumergir a las personas a\u00a0explorar\u00a0sus or\u00edgenes a trav\u00e9s de las emociones. \u00abDivertimento, paseo l\u00fadico, di\u00e1logo de materia, formas, colores y texturas, donde cada personaje busca su propia identidad, su acomodo en el espacio y la vez su complemento entre las distintas dimensiones.<\/p>\n<p>De acuerdo con la artista, en esta\u00a0obra se pueden apreciar espirales, tri\u00e1ngulos y aves como fuentes de energ\u00eda, creaci\u00f3n y libertad. \u00abTrozos de madera y tela como signos de esperanza, evoluci\u00f3n. Con pasi\u00f3n y verdad llegar\u00e1n a ser algo m\u00e1s en el camino. Lo imperfecto como una evocaci\u00f3n a lo humano, la aparente simpleza del paisaje es solo eso, aparente. Como son las cosas que no vemos con el alma, con el coraz\u00f3n y en las que no logramos profundizar\u00bb.<\/p>\n<a href=\"https:\/\/centrourbano.com\/revista\/wp-content\/uploads\/CRMP-1-by-Luj\u00e1n.jpg\"><img loading=\"lazy\" decoding=\"async\" class=\"size-full wp-image-79770 aligncenter\" src=\"https:\/\/centrourbano.com\/revista\/wp-content\/uploads\/CRMP-1-by-Luj\u00e1n.jpg\" alt=\"\" width=\"800\" height=\"406\" srcset=\"https:\/\/centrourbano.com\/revista\/wp-content\/uploads\/CRMP-1-by-Luj\u00e1n.jpg 800w, https:\/\/centrourbano.com\/revista\/wp-content\/uploads\/CRMP-1-by-Luj\u00e1n-300x152.jpg 300w, https:\/\/centrourbano.com\/revista\/wp-content\/uploads\/CRMP-1-by-Luj\u00e1n-768x390.jpg 768w\" sizes=\"auto, (max-width: 800px) 100vw, 800px\" \/><\/a>\n<p>&nbsp;<\/p>\n","protected":false},"excerpt":{"rendered":"<p>En la obra se pueden apreciar espirales, tri\u00e1ngulos y aves como fuentes de energ\u00eda, creaci\u00f3n y libertad<\/p>\n","protected":false},"author":9,"featured_media":79772,"comment_status":"open","ping_status":"closed","sticky":false,"template":"","format":"standard","meta":{"om_disable_all_campaigns":false,"inline_featured_image":false,"_monsterinsights_skip_tracking":false,"_monsterinsights_sitenote_active":false,"_monsterinsights_sitenote_note":"","_monsterinsights_sitenote_category":0,"footnotes":""},"categories":[80],"tags":[10873,3847,4312],"class_list":["post-79769","post","type-post","status-publish","format-standard","has-post-thumbnail","hentry","category-actualidad","tag-artista","tag-cruz-roja","tag-lilia-lujan"],"yoast_head":"<!-- This site is optimized with the Yoast SEO plugin v27.5 - https:\/\/yoast.com\/product\/yoast-seo-wordpress\/ -->\n<title>Obra de Lilia Luj\u00e1n es seleccionada para aniversario de la Cruz Roja de Puebla<\/title>\n<meta name=\"description\" content=\"En la obra se pueden apreciar espirales, tri\u00e1ngulos y aves como fuentes de energ\u00eda, creaci\u00f3n y libertad El pasado 30 de\u00a0agosto, la Cruz Roja Mexicana en\" \/>\n<meta name=\"robots\" content=\"index, follow, max-snippet:-1, max-image-preview:large, max-video-preview:-1\" \/>\n<link rel=\"canonical\" href=\"https:\/\/centrourbano.com\/revista\/actualidad\/obra-de-lilia-lujan-es-seleccionada-para-aniversario-de-la-cruz-roja-de-puebla\/\" \/>\n<meta property=\"og:locale\" content=\"es_ES\" \/>\n<meta property=\"og:type\" content=\"article\" \/>\n<meta property=\"og:title\" content=\"Obra de Lilia Luj\u00e1n es seleccionada para aniversario de la Cruz Roja de Puebla\" \/>\n<meta property=\"og:description\" content=\"En la obra se pueden apreciar espirales, tri\u00e1ngulos y aves como fuentes de energ\u00eda, creaci\u00f3n y libertad El pasado 30 de\u00a0agosto, la Cruz Roja Mexicana en\" \/>\n<meta property=\"og:url\" content=\"https:\/\/centrourbano.com\/revista\/actualidad\/obra-de-lilia-lujan-es-seleccionada-para-aniversario-de-la-cruz-roja-de-puebla\/\" \/>\n<meta property=\"og:site_name\" content=\"Centro Urbano\" \/>\n<meta property=\"article:publisher\" content=\"https:\/\/www.facebook.com\/portalcentrourbano\" \/>\n<meta property=\"article:published_time\" content=\"2018-09-04T16:37:03+00:00\" \/>\n<meta property=\"article:modified_time\" content=\"2018-10-11T20:29:13+00:00\" \/>\n<meta property=\"og:image\" content=\"https:\/\/centrourbano.com\/revista\/wp-content\/uploads\/CRMP-2-by-Luj\u00e1n.jpg\" \/>\n\t<meta property=\"og:image:width\" content=\"800\" \/>\n\t<meta property=\"og:image:height\" content=\"406\" \/>\n\t<meta property=\"og:image:type\" content=\"image\/jpeg\" \/>\n<meta name=\"author\" content=\"Dinorah Nava\" \/>\n<meta name=\"twitter:card\" content=\"summary_large_image\" \/>\n<meta name=\"twitter:creator\" content=\"@https:\/\/twitter.com\/Dinorah_Nava28\" \/>\n<meta name=\"twitter:site\" content=\"@CentroUrbano\" \/>\n<meta name=\"twitter:label1\" content=\"Escrito por\" \/>\n\t<meta name=\"twitter:data1\" content=\"Dinorah Nava\" \/>\n\t<meta name=\"twitter:label2\" content=\"Tiempo de lectura\" \/>\n\t<meta name=\"twitter:data2\" content=\"1 minuto\" \/>\n<script type=\"application\/ld+json\" class=\"yoast-schema-graph\">{\"@context\":\"https:\\\/\\\/schema.org\",\"@graph\":[{\"@type\":\"Article\",\"@id\":\"https:\\\/\\\/centrourbano.com\\\/revista\\\/actualidad\\\/obra-de-lilia-lujan-es-seleccionada-para-aniversario-de-la-cruz-roja-de-puebla\\\/#article\",\"isPartOf\":{\"@id\":\"https:\\\/\\\/centrourbano.com\\\/revista\\\/actualidad\\\/obra-de-lilia-lujan-es-seleccionada-para-aniversario-de-la-cruz-roja-de-puebla\\\/\"},\"author\":{\"name\":\"Dinorah Nava\",\"@id\":\"https:\\\/\\\/centrourbano.com\\\/revista\\\/#\\\/schema\\\/person\\\/baa9e569588d5544150642a11ad28b8b\"},\"headline\":\"Obra de Lilia Luj\u00e1n es seleccionada para aniversario de la Cruz Roja de Puebla\",\"datePublished\":\"2018-09-04T16:37:03+00:00\",\"dateModified\":\"2018-10-11T20:29:13+00:00\",\"mainEntityOfPage\":{\"@id\":\"https:\\\/\\\/centrourbano.com\\\/revista\\\/actualidad\\\/obra-de-lilia-lujan-es-seleccionada-para-aniversario-de-la-cruz-roja-de-puebla\\\/\"},\"wordCount\":269,\"commentCount\":0,\"publisher\":{\"@id\":\"https:\\\/\\\/centrourbano.com\\\/revista\\\/#organization\"},\"image\":{\"@id\":\"https:\\\/\\\/centrourbano.com\\\/revista\\\/actualidad\\\/obra-de-lilia-lujan-es-seleccionada-para-aniversario-de-la-cruz-roja-de-puebla\\\/#primaryimage\"},\"thumbnailUrl\":\"https:\\\/\\\/centrourbano.com\\\/revista\\\/wp-content\\\/uploads\\\/CRMP-2-by-Luj\u00e1n.jpg\",\"keywords\":[\"artista\",\"Cruz Roja\",\"Lilia Lujan\"],\"articleSection\":[\"Actualidad\"],\"inLanguage\":\"es\",\"potentialAction\":[{\"@type\":\"CommentAction\",\"name\":\"Comment\",\"target\":[\"https:\\\/\\\/centrourbano.com\\\/revista\\\/actualidad\\\/obra-de-lilia-lujan-es-seleccionada-para-aniversario-de-la-cruz-roja-de-puebla\\\/#respond\"]}]},{\"@type\":\"WebPage\",\"@id\":\"https:\\\/\\\/centrourbano.com\\\/revista\\\/actualidad\\\/obra-de-lilia-lujan-es-seleccionada-para-aniversario-de-la-cruz-roja-de-puebla\\\/\",\"url\":\"https:\\\/\\\/centrourbano.com\\\/revista\\\/actualidad\\\/obra-de-lilia-lujan-es-seleccionada-para-aniversario-de-la-cruz-roja-de-puebla\\\/\",\"name\":\"Obra de Lilia Luj\u00e1n es seleccionada para aniversario de la Cruz Roja de Puebla\",\"isPartOf\":{\"@id\":\"https:\\\/\\\/centrourbano.com\\\/revista\\\/#website\"},\"primaryImageOfPage\":{\"@id\":\"https:\\\/\\\/centrourbano.com\\\/revista\\\/actualidad\\\/obra-de-lilia-lujan-es-seleccionada-para-aniversario-de-la-cruz-roja-de-puebla\\\/#primaryimage\"},\"image\":{\"@id\":\"https:\\\/\\\/centrourbano.com\\\/revista\\\/actualidad\\\/obra-de-lilia-lujan-es-seleccionada-para-aniversario-de-la-cruz-roja-de-puebla\\\/#primaryimage\"},\"thumbnailUrl\":\"https:\\\/\\\/centrourbano.com\\\/revista\\\/wp-content\\\/uploads\\\/CRMP-2-by-Luj\u00e1n.jpg\",\"datePublished\":\"2018-09-04T16:37:03+00:00\",\"dateModified\":\"2018-10-11T20:29:13+00:00\",\"description\":\"En la obra se pueden apreciar espirales, tri\u00e1ngulos y aves como fuentes de energ\u00eda, creaci\u00f3n y libertad El pasado 30 de\u00a0agosto, la Cruz Roja Mexicana en\",\"breadcrumb\":{\"@id\":\"https:\\\/\\\/centrourbano.com\\\/revista\\\/actualidad\\\/obra-de-lilia-lujan-es-seleccionada-para-aniversario-de-la-cruz-roja-de-puebla\\\/#breadcrumb\"},\"inLanguage\":\"es\",\"potentialAction\":[{\"@type\":\"ReadAction\",\"target\":[\"https:\\\/\\\/centrourbano.com\\\/revista\\\/actualidad\\\/obra-de-lilia-lujan-es-seleccionada-para-aniversario-de-la-cruz-roja-de-puebla\\\/\"]}]},{\"@type\":\"ImageObject\",\"inLanguage\":\"es\",\"@id\":\"https:\\\/\\\/centrourbano.com\\\/revista\\\/actualidad\\\/obra-de-lilia-lujan-es-seleccionada-para-aniversario-de-la-cruz-roja-de-puebla\\\/#primaryimage\",\"url\":\"https:\\\/\\\/centrourbano.com\\\/revista\\\/wp-content\\\/uploads\\\/CRMP-2-by-Luj\u00e1n.jpg\",\"contentUrl\":\"https:\\\/\\\/centrourbano.com\\\/revista\\\/wp-content\\\/uploads\\\/CRMP-2-by-Luj\u00e1n.jpg\",\"width\":800,\"height\":406},{\"@type\":\"BreadcrumbList\",\"@id\":\"https:\\\/\\\/centrourbano.com\\\/revista\\\/actualidad\\\/obra-de-lilia-lujan-es-seleccionada-para-aniversario-de-la-cruz-roja-de-puebla\\\/#breadcrumb\",\"itemListElement\":[{\"@type\":\"ListItem\",\"position\":1,\"name\":\"Portada\",\"item\":\"https:\\\/\\\/centrourbano.com\\\/revista\\\/\"},{\"@type\":\"ListItem\",\"position\":2,\"name\":\"Obra de Lilia Luj\u00e1n es seleccionada para aniversario de la Cruz Roja de Puebla\"}]},{\"@type\":\"WebSite\",\"@id\":\"https:\\\/\\\/centrourbano.com\\\/revista\\\/#website\",\"url\":\"https:\\\/\\\/centrourbano.com\\\/revista\\\/\",\"name\":\"Centro Urbano\",\"description\":\"Medio especializado en los sectores vivienda, inmobiliario, construcci\u00f3n, arquitectura y urbanismo.\",\"publisher\":{\"@id\":\"https:\\\/\\\/centrourbano.com\\\/revista\\\/#organization\"},\"potentialAction\":[{\"@type\":\"SearchAction\",\"target\":{\"@type\":\"EntryPoint\",\"urlTemplate\":\"https:\\\/\\\/centrourbano.com\\\/revista\\\/?s={search_term_string}\"},\"query-input\":{\"@type\":\"PropertyValueSpecification\",\"valueRequired\":true,\"valueName\":\"search_term_string\"}}],\"inLanguage\":\"es\"},{\"@type\":\"Organization\",\"@id\":\"https:\\\/\\\/centrourbano.com\\\/revista\\\/#organization\",\"name\":\"Centro Urbano\",\"url\":\"https:\\\/\\\/centrourbano.com\\\/revista\\\/\",\"logo\":{\"@type\":\"ImageObject\",\"inLanguage\":\"es\",\"@id\":\"https:\\\/\\\/centrourbano.com\\\/revista\\\/#\\\/schema\\\/logo\\\/image\\\/\",\"url\":\"https:\\\/\\\/centrourbano.com\\\/revista\\\/wp-content\\\/uploads\\\/web_CU_logo-1.png\",\"contentUrl\":\"https:\\\/\\\/centrourbano.com\\\/revista\\\/wp-content\\\/uploads\\\/web_CU_logo-1.png\",\"width\":350,\"height\":91,\"caption\":\"Centro Urbano\"},\"image\":{\"@id\":\"https:\\\/\\\/centrourbano.com\\\/revista\\\/#\\\/schema\\\/logo\\\/image\\\/\"},\"sameAs\":[\"https:\\\/\\\/www.facebook.com\\\/portalcentrourbano\",\"https:\\\/\\\/x.com\\\/CentroUrbano\",\"https:\\\/\\\/www.instagram.com\\\/centro_urbano\\\/\",\"https:\\\/\\\/www.linkedin.com\\\/company\\\/centro-urbano\\\/\",\"http:\\\/\\\/www.youtube.com\\\/user\\\/portalcentrourbano\"]},{\"@type\":\"Person\",\"@id\":\"https:\\\/\\\/centrourbano.com\\\/revista\\\/#\\\/schema\\\/person\\\/baa9e569588d5544150642a11ad28b8b\",\"name\":\"Dinorah Nava\",\"image\":{\"@type\":\"ImageObject\",\"inLanguage\":\"es\",\"@id\":\"https:\\\/\\\/secure.gravatar.com\\\/avatar\\\/f6ca6430c51d147f363940f84e1225aa4b8183885c11802cc3b042305a4ecc1a?s=96&d=mm&r=g\",\"url\":\"https:\\\/\\\/secure.gravatar.com\\\/avatar\\\/f6ca6430c51d147f363940f84e1225aa4b8183885c11802cc3b042305a4ecc1a?s=96&d=mm&r=g\",\"contentUrl\":\"https:\\\/\\\/secure.gravatar.com\\\/avatar\\\/f6ca6430c51d147f363940f84e1225aa4b8183885c11802cc3b042305a4ecc1a?s=96&d=mm&r=g\",\"caption\":\"Dinorah Nava\"},\"description\":\"Editora de Contenidos y Estrategias Digitales en Centro Urbano y Coeditora en Peri\u00f3dico Mi Casa. Egresada de la licenciatura en Comunicaci\u00f3n y Periodismo de la Facultad de Estudios Superiores Arag\u00f3n (UNAM). Amante de la edici\u00f3n y correcci\u00f3n de estilo, las redes sociales y el mundo digital. Especialista en temas son arquitectura, inmobiliario y urbanismo.\",\"sameAs\":[\"linkedin.com\\\/in\\\/dinorah-nava\",\"https:\\\/\\\/x.com\\\/https:\\\/\\\/twitter.com\\\/Dinorah_Nava28\"],\"url\":\"https:\\\/\\\/centrourbano.com\\\/revista\\\/author\\\/dinorah-nava\\\/\"}]}<\/script>\n<!-- \/ Yoast SEO plugin. -->","yoast_head_json":{"title":"Obra de Lilia Luj\u00e1n es seleccionada para aniversario de la Cruz Roja de Puebla","description":"En la obra se pueden apreciar espirales, tri\u00e1ngulos y aves como fuentes de energ\u00eda, creaci\u00f3n y libertad El pasado 30 de\u00a0agosto, la Cruz Roja Mexicana en","robots":{"index":"index","follow":"follow","max-snippet":"max-snippet:-1","max-image-preview":"max-image-preview:large","max-video-preview":"max-video-preview:-1"},"canonical":"https:\/\/centrourbano.com\/revista\/actualidad\/obra-de-lilia-lujan-es-seleccionada-para-aniversario-de-la-cruz-roja-de-puebla\/","og_locale":"es_ES","og_type":"article","og_title":"Obra de Lilia Luj\u00e1n es seleccionada para aniversario de la Cruz Roja de Puebla","og_description":"En la obra se pueden apreciar espirales, tri\u00e1ngulos y aves como fuentes de energ\u00eda, creaci\u00f3n y libertad El pasado 30 de\u00a0agosto, la Cruz Roja Mexicana en","og_url":"https:\/\/centrourbano.com\/revista\/actualidad\/obra-de-lilia-lujan-es-seleccionada-para-aniversario-de-la-cruz-roja-de-puebla\/","og_site_name":"Centro Urbano","article_publisher":"https:\/\/www.facebook.com\/portalcentrourbano","article_published_time":"2018-09-04T16:37:03+00:00","article_modified_time":"2018-10-11T20:29:13+00:00","og_image":[{"width":800,"height":406,"url":"https:\/\/centrourbano.com\/revista\/wp-content\/uploads\/CRMP-2-by-Luj\u00e1n.jpg","type":"image\/jpeg"}],"author":"Dinorah Nava","twitter_card":"summary_large_image","twitter_creator":"@https:\/\/twitter.com\/Dinorah_Nava28","twitter_site":"@CentroUrbano","twitter_misc":{"Escrito por":"Dinorah Nava","Tiempo de lectura":"1 minuto"},"schema":{"@context":"https:\/\/schema.org","@graph":[{"@type":"Article","@id":"https:\/\/centrourbano.com\/revista\/actualidad\/obra-de-lilia-lujan-es-seleccionada-para-aniversario-de-la-cruz-roja-de-puebla\/#article","isPartOf":{"@id":"https:\/\/centrourbano.com\/revista\/actualidad\/obra-de-lilia-lujan-es-seleccionada-para-aniversario-de-la-cruz-roja-de-puebla\/"},"author":{"name":"Dinorah Nava","@id":"https:\/\/centrourbano.com\/revista\/#\/schema\/person\/baa9e569588d5544150642a11ad28b8b"},"headline":"Obra de Lilia Luj\u00e1n es seleccionada para aniversario de la Cruz Roja de Puebla","datePublished":"2018-09-04T16:37:03+00:00","dateModified":"2018-10-11T20:29:13+00:00","mainEntityOfPage":{"@id":"https:\/\/centrourbano.com\/revista\/actualidad\/obra-de-lilia-lujan-es-seleccionada-para-aniversario-de-la-cruz-roja-de-puebla\/"},"wordCount":269,"commentCount":0,"publisher":{"@id":"https:\/\/centrourbano.com\/revista\/#organization"},"image":{"@id":"https:\/\/centrourbano.com\/revista\/actualidad\/obra-de-lilia-lujan-es-seleccionada-para-aniversario-de-la-cruz-roja-de-puebla\/#primaryimage"},"thumbnailUrl":"https:\/\/centrourbano.com\/revista\/wp-content\/uploads\/CRMP-2-by-Luj\u00e1n.jpg","keywords":["artista","Cruz Roja","Lilia Lujan"],"articleSection":["Actualidad"],"inLanguage":"es","potentialAction":[{"@type":"CommentAction","name":"Comment","target":["https:\/\/centrourbano.com\/revista\/actualidad\/obra-de-lilia-lujan-es-seleccionada-para-aniversario-de-la-cruz-roja-de-puebla\/#respond"]}]},{"@type":"WebPage","@id":"https:\/\/centrourbano.com\/revista\/actualidad\/obra-de-lilia-lujan-es-seleccionada-para-aniversario-de-la-cruz-roja-de-puebla\/","url":"https:\/\/centrourbano.com\/revista\/actualidad\/obra-de-lilia-lujan-es-seleccionada-para-aniversario-de-la-cruz-roja-de-puebla\/","name":"Obra de Lilia Luj\u00e1n es seleccionada para aniversario de la Cruz Roja de Puebla","isPartOf":{"@id":"https:\/\/centrourbano.com\/revista\/#website"},"primaryImageOfPage":{"@id":"https:\/\/centrourbano.com\/revista\/actualidad\/obra-de-lilia-lujan-es-seleccionada-para-aniversario-de-la-cruz-roja-de-puebla\/#primaryimage"},"image":{"@id":"https:\/\/centrourbano.com\/revista\/actualidad\/obra-de-lilia-lujan-es-seleccionada-para-aniversario-de-la-cruz-roja-de-puebla\/#primaryimage"},"thumbnailUrl":"https:\/\/centrourbano.com\/revista\/wp-content\/uploads\/CRMP-2-by-Luj\u00e1n.jpg","datePublished":"2018-09-04T16:37:03+00:00","dateModified":"2018-10-11T20:29:13+00:00","description":"En la obra se pueden apreciar espirales, tri\u00e1ngulos y aves como fuentes de energ\u00eda, creaci\u00f3n y libertad El pasado 30 de\u00a0agosto, la Cruz Roja Mexicana en","breadcrumb":{"@id":"https:\/\/centrourbano.com\/revista\/actualidad\/obra-de-lilia-lujan-es-seleccionada-para-aniversario-de-la-cruz-roja-de-puebla\/#breadcrumb"},"inLanguage":"es","potentialAction":[{"@type":"ReadAction","target":["https:\/\/centrourbano.com\/revista\/actualidad\/obra-de-lilia-lujan-es-seleccionada-para-aniversario-de-la-cruz-roja-de-puebla\/"]}]},{"@type":"ImageObject","inLanguage":"es","@id":"https:\/\/centrourbano.com\/revista\/actualidad\/obra-de-lilia-lujan-es-seleccionada-para-aniversario-de-la-cruz-roja-de-puebla\/#primaryimage","url":"https:\/\/centrourbano.com\/revista\/wp-content\/uploads\/CRMP-2-by-Luj\u00e1n.jpg","contentUrl":"https:\/\/centrourbano.com\/revista\/wp-content\/uploads\/CRMP-2-by-Luj\u00e1n.jpg","width":800,"height":406},{"@type":"BreadcrumbList","@id":"https:\/\/centrourbano.com\/revista\/actualidad\/obra-de-lilia-lujan-es-seleccionada-para-aniversario-de-la-cruz-roja-de-puebla\/#breadcrumb","itemListElement":[{"@type":"ListItem","position":1,"name":"Portada","item":"https:\/\/centrourbano.com\/revista\/"},{"@type":"ListItem","position":2,"name":"Obra de Lilia Luj\u00e1n es seleccionada para aniversario de la Cruz Roja de Puebla"}]},{"@type":"WebSite","@id":"https:\/\/centrourbano.com\/revista\/#website","url":"https:\/\/centrourbano.com\/revista\/","name":"Centro Urbano","description":"Medio especializado en los sectores vivienda, inmobiliario, construcci\u00f3n, arquitectura y urbanismo.","publisher":{"@id":"https:\/\/centrourbano.com\/revista\/#organization"},"potentialAction":[{"@type":"SearchAction","target":{"@type":"EntryPoint","urlTemplate":"https:\/\/centrourbano.com\/revista\/?s={search_term_string}"},"query-input":{"@type":"PropertyValueSpecification","valueRequired":true,"valueName":"search_term_string"}}],"inLanguage":"es"},{"@type":"Organization","@id":"https:\/\/centrourbano.com\/revista\/#organization","name":"Centro Urbano","url":"https:\/\/centrourbano.com\/revista\/","logo":{"@type":"ImageObject","inLanguage":"es","@id":"https:\/\/centrourbano.com\/revista\/#\/schema\/logo\/image\/","url":"https:\/\/centrourbano.com\/revista\/wp-content\/uploads\/web_CU_logo-1.png","contentUrl":"https:\/\/centrourbano.com\/revista\/wp-content\/uploads\/web_CU_logo-1.png","width":350,"height":91,"caption":"Centro Urbano"},"image":{"@id":"https:\/\/centrourbano.com\/revista\/#\/schema\/logo\/image\/"},"sameAs":["https:\/\/www.facebook.com\/portalcentrourbano","https:\/\/x.com\/CentroUrbano","https:\/\/www.instagram.com\/centro_urbano\/","https:\/\/www.linkedin.com\/company\/centro-urbano\/","http:\/\/www.youtube.com\/user\/portalcentrourbano"]},{"@type":"Person","@id":"https:\/\/centrourbano.com\/revista\/#\/schema\/person\/baa9e569588d5544150642a11ad28b8b","name":"Dinorah Nava","image":{"@type":"ImageObject","inLanguage":"es","@id":"https:\/\/secure.gravatar.com\/avatar\/f6ca6430c51d147f363940f84e1225aa4b8183885c11802cc3b042305a4ecc1a?s=96&d=mm&r=g","url":"https:\/\/secure.gravatar.com\/avatar\/f6ca6430c51d147f363940f84e1225aa4b8183885c11802cc3b042305a4ecc1a?s=96&d=mm&r=g","contentUrl":"https:\/\/secure.gravatar.com\/avatar\/f6ca6430c51d147f363940f84e1225aa4b8183885c11802cc3b042305a4ecc1a?s=96&d=mm&r=g","caption":"Dinorah Nava"},"description":"Editora de Contenidos y Estrategias Digitales en Centro Urbano y Coeditora en Peri\u00f3dico Mi Casa. Egresada de la licenciatura en Comunicaci\u00f3n y Periodismo de la Facultad de Estudios Superiores Arag\u00f3n (UNAM). Amante de la edici\u00f3n y correcci\u00f3n de estilo, las redes sociales y el mundo digital. Especialista en temas son arquitectura, inmobiliario y urbanismo.","sameAs":["linkedin.com\/in\/dinorah-nava","https:\/\/x.com\/https:\/\/twitter.com\/Dinorah_Nava28"],"url":"https:\/\/centrourbano.com\/revista\/author\/dinorah-nava\/"}]}},"_links":{"self":[{"href":"https:\/\/centrourbano.com\/revista\/wp-json\/wp\/v2\/posts\/79769","targetHints":{"allow":["GET"]}}],"collection":[{"href":"https:\/\/centrourbano.com\/revista\/wp-json\/wp\/v2\/posts"}],"about":[{"href":"https:\/\/centrourbano.com\/revista\/wp-json\/wp\/v2\/types\/post"}],"author":[{"embeddable":true,"href":"https:\/\/centrourbano.com\/revista\/wp-json\/wp\/v2\/users\/9"}],"replies":[{"embeddable":true,"href":"https:\/\/centrourbano.com\/revista\/wp-json\/wp\/v2\/comments?post=79769"}],"version-history":[{"count":3,"href":"https:\/\/centrourbano.com\/revista\/wp-json\/wp\/v2\/posts\/79769\/revisions"}],"predecessor-version":[{"id":79775,"href":"https:\/\/centrourbano.com\/revista\/wp-json\/wp\/v2\/posts\/79769\/revisions\/79775"}],"wp:featuredmedia":[{"embeddable":true,"href":"https:\/\/centrourbano.com\/revista\/wp-json\/wp\/v2\/media\/79772"}],"wp:attachment":[{"href":"https:\/\/centrourbano.com\/revista\/wp-json\/wp\/v2\/media?parent=79769"}],"wp:term":[{"taxonomy":"category","embeddable":true,"href":"https:\/\/centrourbano.com\/revista\/wp-json\/wp\/v2\/categories?post=79769"},{"taxonomy":"post_tag","embeddable":true,"href":"https:\/\/centrourbano.com\/revista\/wp-json\/wp\/v2\/tags?post=79769"}],"curies":[{"name":"wp","href":"https:\/\/api.w.org\/{rel}","templated":true}]}}