{"id":79715,"date":"2018-10-11T09:53:15","date_gmt":"2018-10-11T14:53:15","guid":{"rendered":"https:\/\/centrourbano.com\/?p=79715"},"modified":"2018-10-11T10:00:59","modified_gmt":"2018-10-11T15:00:59","slug":"disminuyo-8-venta-vivienda-nueva","status":"publish","type":"post","link":"https:\/\/centrourbano.com\/revista\/vivienda\/disminuyo-8-venta-vivienda-nueva\/","title":{"rendered":"Disminuy\u00f3 8% venta de vivienda nueva"},"content":{"rendered":"<p><em>Dentro de las entidades l\u00edderes, s\u00f3lo el Estado de M\u00e9xico report\u00f3 un incremento<\/em><!--more--><\/p>\n<p>En los primeros siete meses de 2018, la venta de <strong>vivienda nueva<\/strong> a nivel nacional report\u00f3 una disminuci\u00f3n de 8% en comparaci\u00f3n con el mismo periodo, pero de 2017. As\u00ed, en el lapso reportado, el n\u00famero de unidades desplazadas lleg\u00f3 a 232,033, es decir 20,250 viviendas menos a lo registrado al cierre de julio 2017.<\/p>\n<p>De acuerdo con el <strong>Monitor Inmobiliario<\/strong> que emite <strong>Realty World<\/strong>, a pesar que la venta de vivienda nueva recuper\u00f3 un poco de terreno, a\u00fan se mantiene por debajo de los niveles observados el a\u00f1o anterior. Cabe mencionar que al cierre del primer semestre del a\u00f1o la venta de unidades se ubic\u00f3 10.9% por debajo de los niveles de 2017.<\/p>\n<p>En la din\u00e1mica por entidad, <strong>Nuevo Le\u00f3n<\/strong> se ubic\u00f3 como el estado con las mayores ventas a nivel nacional. En el periodo reportado, en territorio neoleon\u00e9s se registraron 34,343 operaciones, cifra que equivale a una contracci\u00f3n de 4.5 por ciento. <\/p>\n<p>La lista de las entidades con el mayor n\u00famero de operaciones la contin\u00faan <strong>Jalisco <\/strong>y <strong>Estado de M\u00e9xico<\/strong>, con 22,232 y 14,755 unidades desplazadas. En el primero caso, el resultado represent\u00f3 una variaci\u00f3n negativa de 18.8%, en cambio para territorio mexiquense el resultado equivali\u00f3 a un incremento de 3.9 por ciento. <\/p>\n<p>En este contexto tambi\u00e9n destaca <strong>Quintana Roo<\/strong>, entidad que al cierre de julio report\u00f3 13,894 viviendas vendidas, es decir, 0.5% por arriba de lo observado en 2017.<\/p>\n","protected":false},"excerpt":{"rendered":"<p>Dentro de las entidades l\u00edderes, s\u00f3lo el Estado de M\u00e9xico report\u00f3 un incremento<\/p>\n","protected":false},"author":47,"featured_media":75325,"comment_status":"open","ping_status":"closed","sticky":false,"template":"","format":"standard","meta":{"om_disable_all_campaigns":false,"inline_featured_image":false,"_monsterinsights_skip_tracking":false,"_monsterinsights_sitenote_active":false,"_monsterinsights_sitenote_note":"","_monsterinsights_sitenote_category":0,"footnotes":""},"categories":[12],"tags":[14416,11241,60,615],"class_list":["post-79715","post","type-post","status-publish","format-standard","has-post-thumbnail","hentry","category-vivienda","tag-realty-world-mexico","tag-venta-de-vivienda","tag-vivienda-2","tag-vivienda-nueva"],"yoast_head":"<!-- This site is optimized with the Yoast SEO plugin v27.4 - https:\/\/yoast.com\/product\/yoast-seo-wordpress\/ -->\n<title>Disminuy\u00f3 8% venta de vivienda nueva en M\u00e9xico<\/title>\n<meta name=\"description\" content=\"En los primeros siete meses de 2018, la venta de vivienda nueva a nivel nacional report\u00f3 una disminuci\u00f3n de 8% en comparaci\u00f3n con 2017.\" \/>\n<meta name=\"robots\" content=\"index, follow, max-snippet:-1, max-image-preview:large, max-video-preview:-1\" \/>\n<link rel=\"canonical\" href=\"https:\/\/centrourbano.com\/revista\/vivienda\/disminuyo-8-venta-vivienda-nueva\/\" \/>\n<meta property=\"og:locale\" content=\"es_ES\" \/>\n<meta property=\"og:type\" content=\"article\" \/>\n<meta property=\"og:title\" content=\"Disminuy\u00f3 8% venta de vivienda nueva en M\u00e9xico\" \/>\n<meta property=\"og:description\" content=\"En los primeros siete meses de 2018, la venta de vivienda nueva a nivel nacional report\u00f3 una disminuci\u00f3n de 8% en comparaci\u00f3n con 2017.\" \/>\n<meta property=\"og:url\" content=\"https:\/\/centrourbano.com\/revista\/vivienda\/disminuyo-8-venta-vivienda-nueva\/\" \/>\n<meta property=\"og:site_name\" content=\"Centro Urbano\" \/>\n<meta property=\"article:publisher\" content=\"https:\/\/www.facebook.com\/portalcentrourbano\" \/>\n<meta property=\"article:published_time\" content=\"2018-10-11T14:53:15+00:00\" \/>\n<meta property=\"article:modified_time\" content=\"2018-10-11T15:00:59+00:00\" \/>\n<meta property=\"og:image\" content=\"https:\/\/centrourbano.com\/revista\/wp-content\/uploads\/mexicanos_ahorran_anos_comprar_casa-e1550007331162.jpg\" \/>\n\t<meta property=\"og:image:width\" content=\"800\" \/>\n\t<meta property=\"og:image:height\" content=\"533\" \/>\n\t<meta property=\"og:image:type\" content=\"image\/jpeg\" \/>\n<meta name=\"author\" content=\"Edgar Rosas\" \/>\n<meta name=\"twitter:card\" content=\"summary_large_image\" \/>\n<meta name=\"twitter:creator\" content=\"@https:\/\/twitter.com\/ERosasCU?s=09\" \/>\n<meta name=\"twitter:site\" content=\"@CentroUrbano\" \/>\n<meta name=\"twitter:label1\" content=\"Escrito por\" \/>\n\t<meta name=\"twitter:data1\" content=\"Edgar Rosas\" \/>\n\t<meta name=\"twitter:label2\" content=\"Tiempo de lectura\" \/>\n\t<meta name=\"twitter:data2\" content=\"1 minuto\" \/>\n<script type=\"application\/ld+json\" class=\"yoast-schema-graph\">{\"@context\":\"https:\\\/\\\/schema.org\",\"@graph\":[{\"@type\":\"Article\",\"@id\":\"https:\\\/\\\/centrourbano.com\\\/revista\\\/vivienda\\\/disminuyo-8-venta-vivienda-nueva\\\/#article\",\"isPartOf\":{\"@id\":\"https:\\\/\\\/centrourbano.com\\\/revista\\\/vivienda\\\/disminuyo-8-venta-vivienda-nueva\\\/\"},\"author\":{\"name\":\"Edgar Rosas\",\"@id\":\"https:\\\/\\\/centrourbano.com\\\/revista\\\/#\\\/schema\\\/person\\\/ff3c00651ce5b1630479d2cd0c2e3ac0\"},\"headline\":\"Disminuy\u00f3 8% venta de vivienda nueva\",\"datePublished\":\"2018-10-11T14:53:15+00:00\",\"dateModified\":\"2018-10-11T15:00:59+00:00\",\"mainEntityOfPage\":{\"@id\":\"https:\\\/\\\/centrourbano.com\\\/revista\\\/vivienda\\\/disminuyo-8-venta-vivienda-nueva\\\/\"},\"wordCount\":251,\"commentCount\":0,\"publisher\":{\"@id\":\"https:\\\/\\\/centrourbano.com\\\/revista\\\/#organization\"},\"image\":{\"@id\":\"https:\\\/\\\/centrourbano.com\\\/revista\\\/vivienda\\\/disminuyo-8-venta-vivienda-nueva\\\/#primaryimage\"},\"thumbnailUrl\":\"https:\\\/\\\/centrourbano.com\\\/revista\\\/wp-content\\\/uploads\\\/mexicanos_ahorran_anos_comprar_casa-e1550007331162.jpg\",\"keywords\":[\"Realty World M\u00e9xico\",\"Venta de vivienda\",\"vivienda\",\"Vivienda nueva\"],\"articleSection\":[\"Vivienda\"],\"inLanguage\":\"es\",\"potentialAction\":[{\"@type\":\"CommentAction\",\"name\":\"Comment\",\"target\":[\"https:\\\/\\\/centrourbano.com\\\/revista\\\/vivienda\\\/disminuyo-8-venta-vivienda-nueva\\\/#respond\"]}]},{\"@type\":\"WebPage\",\"@id\":\"https:\\\/\\\/centrourbano.com\\\/revista\\\/vivienda\\\/disminuyo-8-venta-vivienda-nueva\\\/\",\"url\":\"https:\\\/\\\/centrourbano.com\\\/revista\\\/vivienda\\\/disminuyo-8-venta-vivienda-nueva\\\/\",\"name\":\"Disminuy\u00f3 8% venta de vivienda nueva en M\u00e9xico\",\"isPartOf\":{\"@id\":\"https:\\\/\\\/centrourbano.com\\\/revista\\\/#website\"},\"primaryImageOfPage\":{\"@id\":\"https:\\\/\\\/centrourbano.com\\\/revista\\\/vivienda\\\/disminuyo-8-venta-vivienda-nueva\\\/#primaryimage\"},\"image\":{\"@id\":\"https:\\\/\\\/centrourbano.com\\\/revista\\\/vivienda\\\/disminuyo-8-venta-vivienda-nueva\\\/#primaryimage\"},\"thumbnailUrl\":\"https:\\\/\\\/centrourbano.com\\\/revista\\\/wp-content\\\/uploads\\\/mexicanos_ahorran_anos_comprar_casa-e1550007331162.jpg\",\"datePublished\":\"2018-10-11T14:53:15+00:00\",\"dateModified\":\"2018-10-11T15:00:59+00:00\",\"description\":\"En los primeros siete meses de 2018, la venta de vivienda nueva a nivel nacional report\u00f3 una disminuci\u00f3n de 8% en comparaci\u00f3n con 2017.\",\"breadcrumb\":{\"@id\":\"https:\\\/\\\/centrourbano.com\\\/revista\\\/vivienda\\\/disminuyo-8-venta-vivienda-nueva\\\/#breadcrumb\"},\"inLanguage\":\"es\",\"potentialAction\":[{\"@type\":\"ReadAction\",\"target\":[\"https:\\\/\\\/centrourbano.com\\\/revista\\\/vivienda\\\/disminuyo-8-venta-vivienda-nueva\\\/\"]}]},{\"@type\":\"ImageObject\",\"inLanguage\":\"es\",\"@id\":\"https:\\\/\\\/centrourbano.com\\\/revista\\\/vivienda\\\/disminuyo-8-venta-vivienda-nueva\\\/#primaryimage\",\"url\":\"https:\\\/\\\/centrourbano.com\\\/revista\\\/wp-content\\\/uploads\\\/mexicanos_ahorran_anos_comprar_casa-e1550007331162.jpg\",\"contentUrl\":\"https:\\\/\\\/centrourbano.com\\\/revista\\\/wp-content\\\/uploads\\\/mexicanos_ahorran_anos_comprar_casa-e1550007331162.jpg\",\"width\":800,\"height\":533,\"caption\":\"Muchos mexicanos prefirieren esperar y ahorrar mientras viven con sus padres para lograr un soporte financiero m\u00e1s s\u00f3lido que les permita adquirir una vivienda\"},{\"@type\":\"BreadcrumbList\",\"@id\":\"https:\\\/\\\/centrourbano.com\\\/revista\\\/vivienda\\\/disminuyo-8-venta-vivienda-nueva\\\/#breadcrumb\",\"itemListElement\":[{\"@type\":\"ListItem\",\"position\":1,\"name\":\"Portada\",\"item\":\"https:\\\/\\\/centrourbano.com\\\/revista\\\/\"},{\"@type\":\"ListItem\",\"position\":2,\"name\":\"Disminuy\u00f3 8% venta de vivienda nueva\"}]},{\"@type\":\"WebSite\",\"@id\":\"https:\\\/\\\/centrourbano.com\\\/revista\\\/#website\",\"url\":\"https:\\\/\\\/centrourbano.com\\\/revista\\\/\",\"name\":\"Centro Urbano\",\"description\":\"Medio especializado en los sectores vivienda, inmobiliario, construcci\u00f3n, arquitectura y urbanismo.\",\"publisher\":{\"@id\":\"https:\\\/\\\/centrourbano.com\\\/revista\\\/#organization\"},\"potentialAction\":[{\"@type\":\"SearchAction\",\"target\":{\"@type\":\"EntryPoint\",\"urlTemplate\":\"https:\\\/\\\/centrourbano.com\\\/revista\\\/?s={search_term_string}\"},\"query-input\":{\"@type\":\"PropertyValueSpecification\",\"valueRequired\":true,\"valueName\":\"search_term_string\"}}],\"inLanguage\":\"es\"},{\"@type\":\"Organization\",\"@id\":\"https:\\\/\\\/centrourbano.com\\\/revista\\\/#organization\",\"name\":\"Centro Urbano\",\"url\":\"https:\\\/\\\/centrourbano.com\\\/revista\\\/\",\"logo\":{\"@type\":\"ImageObject\",\"inLanguage\":\"es\",\"@id\":\"https:\\\/\\\/centrourbano.com\\\/revista\\\/#\\\/schema\\\/logo\\\/image\\\/\",\"url\":\"https:\\\/\\\/centrourbano.com\\\/revista\\\/wp-content\\\/uploads\\\/web_CU_logo-1.png\",\"contentUrl\":\"https:\\\/\\\/centrourbano.com\\\/revista\\\/wp-content\\\/uploads\\\/web_CU_logo-1.png\",\"width\":350,\"height\":91,\"caption\":\"Centro Urbano\"},\"image\":{\"@id\":\"https:\\\/\\\/centrourbano.com\\\/revista\\\/#\\\/schema\\\/logo\\\/image\\\/\"},\"sameAs\":[\"https:\\\/\\\/www.facebook.com\\\/portalcentrourbano\",\"https:\\\/\\\/x.com\\\/CentroUrbano\",\"https:\\\/\\\/www.instagram.com\\\/centro_urbano\\\/\",\"https:\\\/\\\/www.linkedin.com\\\/company\\\/centro-urbano\\\/\",\"http:\\\/\\\/www.youtube.com\\\/user\\\/portalcentrourbano\"]},{\"@type\":\"Person\",\"@id\":\"https:\\\/\\\/centrourbano.com\\\/revista\\\/#\\\/schema\\\/person\\\/ff3c00651ce5b1630479d2cd0c2e3ac0\",\"name\":\"Edgar Rosas\",\"image\":{\"@type\":\"ImageObject\",\"inLanguage\":\"es\",\"@id\":\"https:\\\/\\\/secure.gravatar.com\\\/avatar\\\/94440c4283495211faa5300bf85e80061036b83fced868c3783aa1310b350d9c?s=96&d=mm&r=g\",\"url\":\"https:\\\/\\\/secure.gravatar.com\\\/avatar\\\/94440c4283495211faa5300bf85e80061036b83fced868c3783aa1310b350d9c?s=96&d=mm&r=g\",\"contentUrl\":\"https:\\\/\\\/secure.gravatar.com\\\/avatar\\\/94440c4283495211faa5300bf85e80061036b83fced868c3783aa1310b350d9c?s=96&d=mm&r=g\",\"caption\":\"Edgar Rosas\"},\"description\":\"Editor en Jefe de Centro Urbano. Egresado de la maestr\u00eda en Periodismo Pol\u00edtico de la Escuela de Periodismo Carlos Septi\u00e9n Garc\u00eda (EPCSG). Estudi\u00f3 la licenciatura en Comunicaci\u00f3n en la Universidad Mexicana. Amante de la cr\u00f3nica y el reportaje. Admirador de Vicente Le\u00f1ero y Miguel \u00c1ngel Granados Chapa.\",\"sameAs\":[\"https:\\\/\\\/x.com\\\/https:\\\/\\\/twitter.com\\\/ERosasCU?s=09\"],\"url\":\"https:\\\/\\\/centrourbano.com\\\/revista\\\/author\\\/edgar-rosas\\\/\"}]}<\/script>\n<!-- \/ Yoast SEO plugin. -->","yoast_head_json":{"title":"Disminuy\u00f3 8% venta de vivienda nueva en M\u00e9xico","description":"En los primeros siete meses de 2018, la venta de vivienda nueva a nivel nacional report\u00f3 una disminuci\u00f3n de 8% en comparaci\u00f3n con 2017.","robots":{"index":"index","follow":"follow","max-snippet":"max-snippet:-1","max-image-preview":"max-image-preview:large","max-video-preview":"max-video-preview:-1"},"canonical":"https:\/\/centrourbano.com\/revista\/vivienda\/disminuyo-8-venta-vivienda-nueva\/","og_locale":"es_ES","og_type":"article","og_title":"Disminuy\u00f3 8% venta de vivienda nueva en M\u00e9xico","og_description":"En los primeros siete meses de 2018, la venta de vivienda nueva a nivel nacional report\u00f3 una disminuci\u00f3n de 8% en comparaci\u00f3n con 2017.","og_url":"https:\/\/centrourbano.com\/revista\/vivienda\/disminuyo-8-venta-vivienda-nueva\/","og_site_name":"Centro Urbano","article_publisher":"https:\/\/www.facebook.com\/portalcentrourbano","article_published_time":"2018-10-11T14:53:15+00:00","article_modified_time":"2018-10-11T15:00:59+00:00","og_image":[{"width":800,"height":533,"url":"https:\/\/centrourbano.com\/revista\/wp-content\/uploads\/mexicanos_ahorran_anos_comprar_casa-e1550007331162.jpg","type":"image\/jpeg"}],"author":"Edgar Rosas","twitter_card":"summary_large_image","twitter_creator":"@https:\/\/twitter.com\/ERosasCU?s=09","twitter_site":"@CentroUrbano","twitter_misc":{"Escrito por":"Edgar Rosas","Tiempo de lectura":"1 minuto"},"schema":{"@context":"https:\/\/schema.org","@graph":[{"@type":"Article","@id":"https:\/\/centrourbano.com\/revista\/vivienda\/disminuyo-8-venta-vivienda-nueva\/#article","isPartOf":{"@id":"https:\/\/centrourbano.com\/revista\/vivienda\/disminuyo-8-venta-vivienda-nueva\/"},"author":{"name":"Edgar Rosas","@id":"https:\/\/centrourbano.com\/revista\/#\/schema\/person\/ff3c00651ce5b1630479d2cd0c2e3ac0"},"headline":"Disminuy\u00f3 8% venta de vivienda nueva","datePublished":"2018-10-11T14:53:15+00:00","dateModified":"2018-10-11T15:00:59+00:00","mainEntityOfPage":{"@id":"https:\/\/centrourbano.com\/revista\/vivienda\/disminuyo-8-venta-vivienda-nueva\/"},"wordCount":251,"commentCount":0,"publisher":{"@id":"https:\/\/centrourbano.com\/revista\/#organization"},"image":{"@id":"https:\/\/centrourbano.com\/revista\/vivienda\/disminuyo-8-venta-vivienda-nueva\/#primaryimage"},"thumbnailUrl":"https:\/\/centrourbano.com\/revista\/wp-content\/uploads\/mexicanos_ahorran_anos_comprar_casa-e1550007331162.jpg","keywords":["Realty World M\u00e9xico","Venta de vivienda","vivienda","Vivienda nueva"],"articleSection":["Vivienda"],"inLanguage":"es","potentialAction":[{"@type":"CommentAction","name":"Comment","target":["https:\/\/centrourbano.com\/revista\/vivienda\/disminuyo-8-venta-vivienda-nueva\/#respond"]}]},{"@type":"WebPage","@id":"https:\/\/centrourbano.com\/revista\/vivienda\/disminuyo-8-venta-vivienda-nueva\/","url":"https:\/\/centrourbano.com\/revista\/vivienda\/disminuyo-8-venta-vivienda-nueva\/","name":"Disminuy\u00f3 8% venta de vivienda nueva en M\u00e9xico","isPartOf":{"@id":"https:\/\/centrourbano.com\/revista\/#website"},"primaryImageOfPage":{"@id":"https:\/\/centrourbano.com\/revista\/vivienda\/disminuyo-8-venta-vivienda-nueva\/#primaryimage"},"image":{"@id":"https:\/\/centrourbano.com\/revista\/vivienda\/disminuyo-8-venta-vivienda-nueva\/#primaryimage"},"thumbnailUrl":"https:\/\/centrourbano.com\/revista\/wp-content\/uploads\/mexicanos_ahorran_anos_comprar_casa-e1550007331162.jpg","datePublished":"2018-10-11T14:53:15+00:00","dateModified":"2018-10-11T15:00:59+00:00","description":"En los primeros siete meses de 2018, la venta de vivienda nueva a nivel nacional report\u00f3 una disminuci\u00f3n de 8% en comparaci\u00f3n con 2017.","breadcrumb":{"@id":"https:\/\/centrourbano.com\/revista\/vivienda\/disminuyo-8-venta-vivienda-nueva\/#breadcrumb"},"inLanguage":"es","potentialAction":[{"@type":"ReadAction","target":["https:\/\/centrourbano.com\/revista\/vivienda\/disminuyo-8-venta-vivienda-nueva\/"]}]},{"@type":"ImageObject","inLanguage":"es","@id":"https:\/\/centrourbano.com\/revista\/vivienda\/disminuyo-8-venta-vivienda-nueva\/#primaryimage","url":"https:\/\/centrourbano.com\/revista\/wp-content\/uploads\/mexicanos_ahorran_anos_comprar_casa-e1550007331162.jpg","contentUrl":"https:\/\/centrourbano.com\/revista\/wp-content\/uploads\/mexicanos_ahorran_anos_comprar_casa-e1550007331162.jpg","width":800,"height":533,"caption":"Muchos mexicanos prefirieren esperar y ahorrar mientras viven con sus padres para lograr un soporte financiero m\u00e1s s\u00f3lido que les permita adquirir una vivienda"},{"@type":"BreadcrumbList","@id":"https:\/\/centrourbano.com\/revista\/vivienda\/disminuyo-8-venta-vivienda-nueva\/#breadcrumb","itemListElement":[{"@type":"ListItem","position":1,"name":"Portada","item":"https:\/\/centrourbano.com\/revista\/"},{"@type":"ListItem","position":2,"name":"Disminuy\u00f3 8% venta de vivienda nueva"}]},{"@type":"WebSite","@id":"https:\/\/centrourbano.com\/revista\/#website","url":"https:\/\/centrourbano.com\/revista\/","name":"Centro Urbano","description":"Medio especializado en los sectores vivienda, inmobiliario, construcci\u00f3n, arquitectura y urbanismo.","publisher":{"@id":"https:\/\/centrourbano.com\/revista\/#organization"},"potentialAction":[{"@type":"SearchAction","target":{"@type":"EntryPoint","urlTemplate":"https:\/\/centrourbano.com\/revista\/?s={search_term_string}"},"query-input":{"@type":"PropertyValueSpecification","valueRequired":true,"valueName":"search_term_string"}}],"inLanguage":"es"},{"@type":"Organization","@id":"https:\/\/centrourbano.com\/revista\/#organization","name":"Centro Urbano","url":"https:\/\/centrourbano.com\/revista\/","logo":{"@type":"ImageObject","inLanguage":"es","@id":"https:\/\/centrourbano.com\/revista\/#\/schema\/logo\/image\/","url":"https:\/\/centrourbano.com\/revista\/wp-content\/uploads\/web_CU_logo-1.png","contentUrl":"https:\/\/centrourbano.com\/revista\/wp-content\/uploads\/web_CU_logo-1.png","width":350,"height":91,"caption":"Centro Urbano"},"image":{"@id":"https:\/\/centrourbano.com\/revista\/#\/schema\/logo\/image\/"},"sameAs":["https:\/\/www.facebook.com\/portalcentrourbano","https:\/\/x.com\/CentroUrbano","https:\/\/www.instagram.com\/centro_urbano\/","https:\/\/www.linkedin.com\/company\/centro-urbano\/","http:\/\/www.youtube.com\/user\/portalcentrourbano"]},{"@type":"Person","@id":"https:\/\/centrourbano.com\/revista\/#\/schema\/person\/ff3c00651ce5b1630479d2cd0c2e3ac0","name":"Edgar Rosas","image":{"@type":"ImageObject","inLanguage":"es","@id":"https:\/\/secure.gravatar.com\/avatar\/94440c4283495211faa5300bf85e80061036b83fced868c3783aa1310b350d9c?s=96&d=mm&r=g","url":"https:\/\/secure.gravatar.com\/avatar\/94440c4283495211faa5300bf85e80061036b83fced868c3783aa1310b350d9c?s=96&d=mm&r=g","contentUrl":"https:\/\/secure.gravatar.com\/avatar\/94440c4283495211faa5300bf85e80061036b83fced868c3783aa1310b350d9c?s=96&d=mm&r=g","caption":"Edgar Rosas"},"description":"Editor en Jefe de Centro Urbano. Egresado de la maestr\u00eda en Periodismo Pol\u00edtico de la Escuela de Periodismo Carlos Septi\u00e9n Garc\u00eda (EPCSG). Estudi\u00f3 la licenciatura en Comunicaci\u00f3n en la Universidad Mexicana. Amante de la cr\u00f3nica y el reportaje. Admirador de Vicente Le\u00f1ero y Miguel \u00c1ngel Granados Chapa.","sameAs":["https:\/\/x.com\/https:\/\/twitter.com\/ERosasCU?s=09"],"url":"https:\/\/centrourbano.com\/revista\/author\/edgar-rosas\/"}]}},"_links":{"self":[{"href":"https:\/\/centrourbano.com\/revista\/wp-json\/wp\/v2\/posts\/79715","targetHints":{"allow":["GET"]}}],"collection":[{"href":"https:\/\/centrourbano.com\/revista\/wp-json\/wp\/v2\/posts"}],"about":[{"href":"https:\/\/centrourbano.com\/revista\/wp-json\/wp\/v2\/types\/post"}],"author":[{"embeddable":true,"href":"https:\/\/centrourbano.com\/revista\/wp-json\/wp\/v2\/users\/47"}],"replies":[{"embeddable":true,"href":"https:\/\/centrourbano.com\/revista\/wp-json\/wp\/v2\/comments?post=79715"}],"version-history":[{"count":4,"href":"https:\/\/centrourbano.com\/revista\/wp-json\/wp\/v2\/posts\/79715\/revisions"}],"predecessor-version":[{"id":79719,"href":"https:\/\/centrourbano.com\/revista\/wp-json\/wp\/v2\/posts\/79715\/revisions\/79719"}],"wp:featuredmedia":[{"embeddable":true,"href":"https:\/\/centrourbano.com\/revista\/wp-json\/wp\/v2\/media\/75325"}],"wp:attachment":[{"href":"https:\/\/centrourbano.com\/revista\/wp-json\/wp\/v2\/media?parent=79715"}],"wp:term":[{"taxonomy":"category","embeddable":true,"href":"https:\/\/centrourbano.com\/revista\/wp-json\/wp\/v2\/categories?post=79715"},{"taxonomy":"post_tag","embeddable":true,"href":"https:\/\/centrourbano.com\/revista\/wp-json\/wp\/v2\/tags?post=79715"}],"curies":[{"name":"wp","href":"https:\/\/api.w.org\/{rel}","templated":true}]}}