{"id":79589,"date":"2018-10-09T12:47:51","date_gmt":"2018-10-09T17:47:51","guid":{"rendered":"https:\/\/centrourbano.com\/?p=79589"},"modified":"2018-10-09T12:47:51","modified_gmt":"2018-10-09T17:47:51","slug":"adquiere-fibra-hd-12-inmuebles-por-casi-193-mdp","status":"publish","type":"post","link":"https:\/\/centrourbano.com\/revista\/inmobiliario\/adquiere-fibra-hd-12-inmuebles-por-casi-193-mdp\/","title":{"rendered":"Adquiere Fibra HD 12 inmuebles por casi 193 mdp"},"content":{"rendered":"<p><em>La liquidaci\u00f3n de dichas propiedades que se encuentran en la CDMX y el Estado de M\u00e9xico fue realizada\u00a0con recursos obtenidos en la colocaci\u00f3n de CBFs<\/em><!--more--><\/p>\n<p>Con una inversi\u00f3n de 192 millones\u00a0965,455 pesos, <a href=\"https:\/\/www.fibrahd.com.mx\/\" target=\"_blank\" rel=\"noopener noreferrer\"><strong>Fibra HD<\/strong><\/a>, complet\u00f3 la compra de <strong>12 inmuebles<\/strong>, de los cuales siete ser\u00e1n destinados para prestaci\u00f3n de servicios de an\u00e1lisis cl\u00ednicos y los cinco restantes ser\u00e1n arrendados para una cadena comercial.<\/p>\n<p>De acuerdo con informaci\u00f3n emitida a la <strong>Bolsa Mexicana de Valores (BMV)<\/strong>, el fideicomiso explic\u00f3 que la liquidaci\u00f3n de dichas propiedades que se encuentran en la <strong>Ciudad de M\u00e9xico y el Estado de M\u00e9xico<\/strong> fue realizada\u00a0con recursos obtenidos en la colocaci\u00f3n de CBFs realizada el pasado mes de mayo.<\/p>\n<p>Fibra HD agreg\u00f3 que esta compra se realiz\u00f3\u00a0en dos partes, la primera el pasado 1 de octubre de 2018 con la compra de tres laboratorios y cinco propiedades comerciales y en la segunda parte adquiri\u00f3 cuatro laboratorios.<\/p>\n<p>Cabe mencionar que el \u00e1rea bruta rentable de los siete inmuebles destinados para los laboratorios cl\u00ednicos\u00a0es de\u00a04,141 metros cuadrados (m\u00b2) y tuvo una inversi\u00f3n\u00a0de\u00a0138 millones 900,455 pesos mientras que los cinco inmuebles comerciales representan un ABR\u00a0 de 3,252\u00a0m\u00b2 y una inversi\u00f3n de 54,065,000 pesos.<\/p>\n","protected":false},"excerpt":{"rendered":"<p>La liquidaci\u00f3n de dichas propiedades que se encuentran en la CDMX y el Estado de M\u00e9xico fue realizada\u00a0con recursos obtenidos en la colocaci\u00f3n de CBFs<\/p>\n","protected":false},"author":69,"featured_media":63331,"comment_status":"open","ping_status":"closed","sticky":false,"template":"","format":"standard","meta":{"om_disable_all_campaigns":false,"inline_featured_image":false,"_monsterinsights_skip_tracking":false,"_monsterinsights_sitenote_active":false,"_monsterinsights_sitenote_note":"","_monsterinsights_sitenote_category":0,"footnotes":""},"categories":[15],"tags":[407,5319],"class_list":["post-79589","post","type-post","status-publish","format-standard","has-post-thumbnail","hentry","category-inmobiliario","tag-bmv","tag-fibra-hd"],"yoast_head":"<!-- This site is optimized with the Yoast SEO plugin v27.5 - https:\/\/yoast.com\/product\/yoast-seo-wordpress\/ -->\n<title>Adquiere Fibra HD 12 inmuebles por casi 193 mdp<\/title>\n<meta name=\"description\" content=\"La liquidaci\u00f3n de dichas propiedades que se encuentran en la CDMX y el Estado de M\u00e9xico fue realizada con recursos obtenidos en la colocaci\u00f3n de CBFs\" \/>\n<meta name=\"robots\" content=\"index, follow, max-snippet:-1, max-image-preview:large, max-video-preview:-1\" \/>\n<link rel=\"canonical\" href=\"https:\/\/centrourbano.com\/revista\/inmobiliario\/adquiere-fibra-hd-12-inmuebles-por-casi-193-mdp\/\" \/>\n<meta property=\"og:locale\" content=\"es_ES\" \/>\n<meta property=\"og:type\" content=\"article\" \/>\n<meta property=\"og:title\" content=\"Adquiere Fibra HD 12 inmuebles por casi 193 mdp\" \/>\n<meta property=\"og:description\" content=\"La liquidaci\u00f3n de dichas propiedades que se encuentran en la CDMX y el Estado de M\u00e9xico fue realizada con recursos obtenidos en la colocaci\u00f3n de CBFs\" \/>\n<meta property=\"og:url\" content=\"https:\/\/centrourbano.com\/revista\/inmobiliario\/adquiere-fibra-hd-12-inmuebles-por-casi-193-mdp\/\" \/>\n<meta property=\"og:site_name\" content=\"Centro Urbano\" \/>\n<meta property=\"article:publisher\" content=\"https:\/\/www.facebook.com\/portalcentrourbano\" \/>\n<meta property=\"article:published_time\" content=\"2018-10-09T17:47:51+00:00\" \/>\n<meta property=\"og:image\" content=\"https:\/\/centrourbano.com\/revista\/wp-content\/uploads\/duran-e1512057295306.jpg\" \/>\n\t<meta property=\"og:image:width\" content=\"800\" \/>\n\t<meta property=\"og:image:height\" content=\"516\" \/>\n\t<meta property=\"og:image:type\" content=\"image\/jpeg\" \/>\n<meta name=\"author\" content=\"Fernando Navarrete\" \/>\n<meta name=\"twitter:card\" content=\"summary_large_image\" \/>\n<meta name=\"twitter:creator\" content=\"@CentroUrbano\" \/>\n<meta name=\"twitter:site\" content=\"@CentroUrbano\" \/>\n<meta name=\"twitter:label1\" content=\"Escrito por\" \/>\n\t<meta name=\"twitter:data1\" content=\"Fernando Navarrete\" \/>\n\t<meta name=\"twitter:label2\" content=\"Tiempo de lectura\" \/>\n\t<meta name=\"twitter:data2\" content=\"1 minuto\" \/>\n<script type=\"application\/ld+json\" class=\"yoast-schema-graph\">{\"@context\":\"https:\\\/\\\/schema.org\",\"@graph\":[{\"@type\":\"Article\",\"@id\":\"https:\\\/\\\/centrourbano.com\\\/revista\\\/inmobiliario\\\/adquiere-fibra-hd-12-inmuebles-por-casi-193-mdp\\\/#article\",\"isPartOf\":{\"@id\":\"https:\\\/\\\/centrourbano.com\\\/revista\\\/inmobiliario\\\/adquiere-fibra-hd-12-inmuebles-por-casi-193-mdp\\\/\"},\"author\":{\"name\":\"Fernando Navarrete\",\"@id\":\"https:\\\/\\\/centrourbano.com\\\/revista\\\/#\\\/schema\\\/person\\\/2dd6b735ee955456b538202c353e2442\"},\"headline\":\"Adquiere Fibra HD 12 inmuebles por casi 193 mdp\",\"datePublished\":\"2018-10-09T17:47:51+00:00\",\"mainEntityOfPage\":{\"@id\":\"https:\\\/\\\/centrourbano.com\\\/revista\\\/inmobiliario\\\/adquiere-fibra-hd-12-inmuebles-por-casi-193-mdp\\\/\"},\"wordCount\":216,\"commentCount\":0,\"publisher\":{\"@id\":\"https:\\\/\\\/centrourbano.com\\\/revista\\\/#organization\"},\"image\":{\"@id\":\"https:\\\/\\\/centrourbano.com\\\/revista\\\/inmobiliario\\\/adquiere-fibra-hd-12-inmuebles-por-casi-193-mdp\\\/#primaryimage\"},\"thumbnailUrl\":\"https:\\\/\\\/centrourbano.com\\\/revista\\\/wp-content\\\/uploads\\\/duran-e1512057295306.jpg\",\"keywords\":[\"BMV\",\"Fibra HD\"],\"articleSection\":[\"Inmobiliario\"],\"inLanguage\":\"es\",\"potentialAction\":[{\"@type\":\"CommentAction\",\"name\":\"Comment\",\"target\":[\"https:\\\/\\\/centrourbano.com\\\/revista\\\/inmobiliario\\\/adquiere-fibra-hd-12-inmuebles-por-casi-193-mdp\\\/#respond\"]}]},{\"@type\":\"WebPage\",\"@id\":\"https:\\\/\\\/centrourbano.com\\\/revista\\\/inmobiliario\\\/adquiere-fibra-hd-12-inmuebles-por-casi-193-mdp\\\/\",\"url\":\"https:\\\/\\\/centrourbano.com\\\/revista\\\/inmobiliario\\\/adquiere-fibra-hd-12-inmuebles-por-casi-193-mdp\\\/\",\"name\":\"Adquiere Fibra HD 12 inmuebles por casi 193 mdp\",\"isPartOf\":{\"@id\":\"https:\\\/\\\/centrourbano.com\\\/revista\\\/#website\"},\"primaryImageOfPage\":{\"@id\":\"https:\\\/\\\/centrourbano.com\\\/revista\\\/inmobiliario\\\/adquiere-fibra-hd-12-inmuebles-por-casi-193-mdp\\\/#primaryimage\"},\"image\":{\"@id\":\"https:\\\/\\\/centrourbano.com\\\/revista\\\/inmobiliario\\\/adquiere-fibra-hd-12-inmuebles-por-casi-193-mdp\\\/#primaryimage\"},\"thumbnailUrl\":\"https:\\\/\\\/centrourbano.com\\\/revista\\\/wp-content\\\/uploads\\\/duran-e1512057295306.jpg\",\"datePublished\":\"2018-10-09T17:47:51+00:00\",\"description\":\"La liquidaci\u00f3n de dichas propiedades que se encuentran en la CDMX y el Estado de M\u00e9xico fue realizada con recursos obtenidos en la colocaci\u00f3n de CBFs\",\"breadcrumb\":{\"@id\":\"https:\\\/\\\/centrourbano.com\\\/revista\\\/inmobiliario\\\/adquiere-fibra-hd-12-inmuebles-por-casi-193-mdp\\\/#breadcrumb\"},\"inLanguage\":\"es\",\"potentialAction\":[{\"@type\":\"ReadAction\",\"target\":[\"https:\\\/\\\/centrourbano.com\\\/revista\\\/inmobiliario\\\/adquiere-fibra-hd-12-inmuebles-por-casi-193-mdp\\\/\"]}]},{\"@type\":\"ImageObject\",\"inLanguage\":\"es\",\"@id\":\"https:\\\/\\\/centrourbano.com\\\/revista\\\/inmobiliario\\\/adquiere-fibra-hd-12-inmuebles-por-casi-193-mdp\\\/#primaryimage\",\"url\":\"https:\\\/\\\/centrourbano.com\\\/revista\\\/wp-content\\\/uploads\\\/duran-e1512057295306.jpg\",\"contentUrl\":\"https:\\\/\\\/centrourbano.com\\\/revista\\\/wp-content\\\/uploads\\\/duran-e1512057295306.jpg\",\"width\":800,\"height\":516,\"caption\":\"Ambas propiedades suman al portafolio de la compa\u00f1\u00eda m\u00e1s de 39,000 metros cuadrados\"},{\"@type\":\"BreadcrumbList\",\"@id\":\"https:\\\/\\\/centrourbano.com\\\/revista\\\/inmobiliario\\\/adquiere-fibra-hd-12-inmuebles-por-casi-193-mdp\\\/#breadcrumb\",\"itemListElement\":[{\"@type\":\"ListItem\",\"position\":1,\"name\":\"Portada\",\"item\":\"https:\\\/\\\/centrourbano.com\\\/revista\\\/\"},{\"@type\":\"ListItem\",\"position\":2,\"name\":\"Adquiere Fibra HD 12 inmuebles por casi 193 mdp\"}]},{\"@type\":\"WebSite\",\"@id\":\"https:\\\/\\\/centrourbano.com\\\/revista\\\/#website\",\"url\":\"https:\\\/\\\/centrourbano.com\\\/revista\\\/\",\"name\":\"Centro Urbano\",\"description\":\"Medio especializado en los sectores vivienda, inmobiliario, construcci\u00f3n, arquitectura y urbanismo.\",\"publisher\":{\"@id\":\"https:\\\/\\\/centrourbano.com\\\/revista\\\/#organization\"},\"potentialAction\":[{\"@type\":\"SearchAction\",\"target\":{\"@type\":\"EntryPoint\",\"urlTemplate\":\"https:\\\/\\\/centrourbano.com\\\/revista\\\/?s={search_term_string}\"},\"query-input\":{\"@type\":\"PropertyValueSpecification\",\"valueRequired\":true,\"valueName\":\"search_term_string\"}}],\"inLanguage\":\"es\"},{\"@type\":\"Organization\",\"@id\":\"https:\\\/\\\/centrourbano.com\\\/revista\\\/#organization\",\"name\":\"Centro Urbano\",\"url\":\"https:\\\/\\\/centrourbano.com\\\/revista\\\/\",\"logo\":{\"@type\":\"ImageObject\",\"inLanguage\":\"es\",\"@id\":\"https:\\\/\\\/centrourbano.com\\\/revista\\\/#\\\/schema\\\/logo\\\/image\\\/\",\"url\":\"https:\\\/\\\/centrourbano.com\\\/revista\\\/wp-content\\\/uploads\\\/web_CU_logo-1.png\",\"contentUrl\":\"https:\\\/\\\/centrourbano.com\\\/revista\\\/wp-content\\\/uploads\\\/web_CU_logo-1.png\",\"width\":350,\"height\":91,\"caption\":\"Centro Urbano\"},\"image\":{\"@id\":\"https:\\\/\\\/centrourbano.com\\\/revista\\\/#\\\/schema\\\/logo\\\/image\\\/\"},\"sameAs\":[\"https:\\\/\\\/www.facebook.com\\\/portalcentrourbano\",\"https:\\\/\\\/x.com\\\/CentroUrbano\",\"https:\\\/\\\/www.instagram.com\\\/centro_urbano\\\/\",\"https:\\\/\\\/www.linkedin.com\\\/company\\\/centro-urbano\\\/\",\"http:\\\/\\\/www.youtube.com\\\/user\\\/portalcentrourbano\"]},{\"@type\":\"Person\",\"@id\":\"https:\\\/\\\/centrourbano.com\\\/revista\\\/#\\\/schema\\\/person\\\/2dd6b735ee955456b538202c353e2442\",\"name\":\"Fernando Navarrete\",\"image\":{\"@type\":\"ImageObject\",\"inLanguage\":\"es\",\"@id\":\"https:\\\/\\\/secure.gravatar.com\\\/avatar\\\/f4dd6927a99e72698473e350e20ec8a38bd48cb668e15b03d04e8e537da41ad0?s=96&d=mm&r=g\",\"url\":\"https:\\\/\\\/secure.gravatar.com\\\/avatar\\\/f4dd6927a99e72698473e350e20ec8a38bd48cb668e15b03d04e8e537da41ad0?s=96&d=mm&r=g\",\"contentUrl\":\"https:\\\/\\\/secure.gravatar.com\\\/avatar\\\/f4dd6927a99e72698473e350e20ec8a38bd48cb668e15b03d04e8e537da41ad0?s=96&d=mm&r=g\",\"caption\":\"Fernando Navarrete\"},\"description\":\"Reportero de negocios, inmobiliario, construcci\u00f3n e industria. Me interesa la econom\u00eda, pol\u00edtica, historia y antropolog\u00eda. Estudi\u00e9 en la Facultad de Ciencias Pol\u00edticas y Sociales de la UNAM. Tengo experiencia en el sector p\u00fablico, la industria del acero, ingenier\u00eda civil, IT y corporativos; soy un nost\u00e1lgico nacionalista contempor\u00e1neo que cree en la grandeza de su pa\u00eds. Asiduo lector de Juan Rulfo, Jos\u00e9 Revueltas y J. R. R Tolkien.\",\"url\":\"https:\\\/\\\/centrourbano.com\\\/revista\\\/author\\\/fernando-navarrete\\\/\"}]}<\/script>\n<!-- \/ Yoast SEO plugin. -->","yoast_head_json":{"title":"Adquiere Fibra HD 12 inmuebles por casi 193 mdp","description":"La liquidaci\u00f3n de dichas propiedades que se encuentran en la CDMX y el Estado de M\u00e9xico fue realizada con recursos obtenidos en la colocaci\u00f3n de CBFs","robots":{"index":"index","follow":"follow","max-snippet":"max-snippet:-1","max-image-preview":"max-image-preview:large","max-video-preview":"max-video-preview:-1"},"canonical":"https:\/\/centrourbano.com\/revista\/inmobiliario\/adquiere-fibra-hd-12-inmuebles-por-casi-193-mdp\/","og_locale":"es_ES","og_type":"article","og_title":"Adquiere Fibra HD 12 inmuebles por casi 193 mdp","og_description":"La liquidaci\u00f3n de dichas propiedades que se encuentran en la CDMX y el Estado de M\u00e9xico fue realizada con recursos obtenidos en la colocaci\u00f3n de CBFs","og_url":"https:\/\/centrourbano.com\/revista\/inmobiliario\/adquiere-fibra-hd-12-inmuebles-por-casi-193-mdp\/","og_site_name":"Centro Urbano","article_publisher":"https:\/\/www.facebook.com\/portalcentrourbano","article_published_time":"2018-10-09T17:47:51+00:00","og_image":[{"width":800,"height":516,"url":"https:\/\/centrourbano.com\/revista\/wp-content\/uploads\/duran-e1512057295306.jpg","type":"image\/jpeg"}],"author":"Fernando Navarrete","twitter_card":"summary_large_image","twitter_creator":"@CentroUrbano","twitter_site":"@CentroUrbano","twitter_misc":{"Escrito por":"Fernando Navarrete","Tiempo de lectura":"1 minuto"},"schema":{"@context":"https:\/\/schema.org","@graph":[{"@type":"Article","@id":"https:\/\/centrourbano.com\/revista\/inmobiliario\/adquiere-fibra-hd-12-inmuebles-por-casi-193-mdp\/#article","isPartOf":{"@id":"https:\/\/centrourbano.com\/revista\/inmobiliario\/adquiere-fibra-hd-12-inmuebles-por-casi-193-mdp\/"},"author":{"name":"Fernando Navarrete","@id":"https:\/\/centrourbano.com\/revista\/#\/schema\/person\/2dd6b735ee955456b538202c353e2442"},"headline":"Adquiere Fibra HD 12 inmuebles por casi 193 mdp","datePublished":"2018-10-09T17:47:51+00:00","mainEntityOfPage":{"@id":"https:\/\/centrourbano.com\/revista\/inmobiliario\/adquiere-fibra-hd-12-inmuebles-por-casi-193-mdp\/"},"wordCount":216,"commentCount":0,"publisher":{"@id":"https:\/\/centrourbano.com\/revista\/#organization"},"image":{"@id":"https:\/\/centrourbano.com\/revista\/inmobiliario\/adquiere-fibra-hd-12-inmuebles-por-casi-193-mdp\/#primaryimage"},"thumbnailUrl":"https:\/\/centrourbano.com\/revista\/wp-content\/uploads\/duran-e1512057295306.jpg","keywords":["BMV","Fibra HD"],"articleSection":["Inmobiliario"],"inLanguage":"es","potentialAction":[{"@type":"CommentAction","name":"Comment","target":["https:\/\/centrourbano.com\/revista\/inmobiliario\/adquiere-fibra-hd-12-inmuebles-por-casi-193-mdp\/#respond"]}]},{"@type":"WebPage","@id":"https:\/\/centrourbano.com\/revista\/inmobiliario\/adquiere-fibra-hd-12-inmuebles-por-casi-193-mdp\/","url":"https:\/\/centrourbano.com\/revista\/inmobiliario\/adquiere-fibra-hd-12-inmuebles-por-casi-193-mdp\/","name":"Adquiere Fibra HD 12 inmuebles por casi 193 mdp","isPartOf":{"@id":"https:\/\/centrourbano.com\/revista\/#website"},"primaryImageOfPage":{"@id":"https:\/\/centrourbano.com\/revista\/inmobiliario\/adquiere-fibra-hd-12-inmuebles-por-casi-193-mdp\/#primaryimage"},"image":{"@id":"https:\/\/centrourbano.com\/revista\/inmobiliario\/adquiere-fibra-hd-12-inmuebles-por-casi-193-mdp\/#primaryimage"},"thumbnailUrl":"https:\/\/centrourbano.com\/revista\/wp-content\/uploads\/duran-e1512057295306.jpg","datePublished":"2018-10-09T17:47:51+00:00","description":"La liquidaci\u00f3n de dichas propiedades que se encuentran en la CDMX y el Estado de M\u00e9xico fue realizada con recursos obtenidos en la colocaci\u00f3n de CBFs","breadcrumb":{"@id":"https:\/\/centrourbano.com\/revista\/inmobiliario\/adquiere-fibra-hd-12-inmuebles-por-casi-193-mdp\/#breadcrumb"},"inLanguage":"es","potentialAction":[{"@type":"ReadAction","target":["https:\/\/centrourbano.com\/revista\/inmobiliario\/adquiere-fibra-hd-12-inmuebles-por-casi-193-mdp\/"]}]},{"@type":"ImageObject","inLanguage":"es","@id":"https:\/\/centrourbano.com\/revista\/inmobiliario\/adquiere-fibra-hd-12-inmuebles-por-casi-193-mdp\/#primaryimage","url":"https:\/\/centrourbano.com\/revista\/wp-content\/uploads\/duran-e1512057295306.jpg","contentUrl":"https:\/\/centrourbano.com\/revista\/wp-content\/uploads\/duran-e1512057295306.jpg","width":800,"height":516,"caption":"Ambas propiedades suman al portafolio de la compa\u00f1\u00eda m\u00e1s de 39,000 metros cuadrados"},{"@type":"BreadcrumbList","@id":"https:\/\/centrourbano.com\/revista\/inmobiliario\/adquiere-fibra-hd-12-inmuebles-por-casi-193-mdp\/#breadcrumb","itemListElement":[{"@type":"ListItem","position":1,"name":"Portada","item":"https:\/\/centrourbano.com\/revista\/"},{"@type":"ListItem","position":2,"name":"Adquiere Fibra HD 12 inmuebles por casi 193 mdp"}]},{"@type":"WebSite","@id":"https:\/\/centrourbano.com\/revista\/#website","url":"https:\/\/centrourbano.com\/revista\/","name":"Centro Urbano","description":"Medio especializado en los sectores vivienda, inmobiliario, construcci\u00f3n, arquitectura y urbanismo.","publisher":{"@id":"https:\/\/centrourbano.com\/revista\/#organization"},"potentialAction":[{"@type":"SearchAction","target":{"@type":"EntryPoint","urlTemplate":"https:\/\/centrourbano.com\/revista\/?s={search_term_string}"},"query-input":{"@type":"PropertyValueSpecification","valueRequired":true,"valueName":"search_term_string"}}],"inLanguage":"es"},{"@type":"Organization","@id":"https:\/\/centrourbano.com\/revista\/#organization","name":"Centro Urbano","url":"https:\/\/centrourbano.com\/revista\/","logo":{"@type":"ImageObject","inLanguage":"es","@id":"https:\/\/centrourbano.com\/revista\/#\/schema\/logo\/image\/","url":"https:\/\/centrourbano.com\/revista\/wp-content\/uploads\/web_CU_logo-1.png","contentUrl":"https:\/\/centrourbano.com\/revista\/wp-content\/uploads\/web_CU_logo-1.png","width":350,"height":91,"caption":"Centro Urbano"},"image":{"@id":"https:\/\/centrourbano.com\/revista\/#\/schema\/logo\/image\/"},"sameAs":["https:\/\/www.facebook.com\/portalcentrourbano","https:\/\/x.com\/CentroUrbano","https:\/\/www.instagram.com\/centro_urbano\/","https:\/\/www.linkedin.com\/company\/centro-urbano\/","http:\/\/www.youtube.com\/user\/portalcentrourbano"]},{"@type":"Person","@id":"https:\/\/centrourbano.com\/revista\/#\/schema\/person\/2dd6b735ee955456b538202c353e2442","name":"Fernando Navarrete","image":{"@type":"ImageObject","inLanguage":"es","@id":"https:\/\/secure.gravatar.com\/avatar\/f4dd6927a99e72698473e350e20ec8a38bd48cb668e15b03d04e8e537da41ad0?s=96&d=mm&r=g","url":"https:\/\/secure.gravatar.com\/avatar\/f4dd6927a99e72698473e350e20ec8a38bd48cb668e15b03d04e8e537da41ad0?s=96&d=mm&r=g","contentUrl":"https:\/\/secure.gravatar.com\/avatar\/f4dd6927a99e72698473e350e20ec8a38bd48cb668e15b03d04e8e537da41ad0?s=96&d=mm&r=g","caption":"Fernando Navarrete"},"description":"Reportero de negocios, inmobiliario, construcci\u00f3n e industria. Me interesa la econom\u00eda, pol\u00edtica, historia y antropolog\u00eda. Estudi\u00e9 en la Facultad de Ciencias Pol\u00edticas y Sociales de la UNAM. Tengo experiencia en el sector p\u00fablico, la industria del acero, ingenier\u00eda civil, IT y corporativos; soy un nost\u00e1lgico nacionalista contempor\u00e1neo que cree en la grandeza de su pa\u00eds. Asiduo lector de Juan Rulfo, Jos\u00e9 Revueltas y J. R. R Tolkien.","url":"https:\/\/centrourbano.com\/revista\/author\/fernando-navarrete\/"}]}},"_links":{"self":[{"href":"https:\/\/centrourbano.com\/revista\/wp-json\/wp\/v2\/posts\/79589","targetHints":{"allow":["GET"]}}],"collection":[{"href":"https:\/\/centrourbano.com\/revista\/wp-json\/wp\/v2\/posts"}],"about":[{"href":"https:\/\/centrourbano.com\/revista\/wp-json\/wp\/v2\/types\/post"}],"author":[{"embeddable":true,"href":"https:\/\/centrourbano.com\/revista\/wp-json\/wp\/v2\/users\/69"}],"replies":[{"embeddable":true,"href":"https:\/\/centrourbano.com\/revista\/wp-json\/wp\/v2\/comments?post=79589"}],"version-history":[{"count":1,"href":"https:\/\/centrourbano.com\/revista\/wp-json\/wp\/v2\/posts\/79589\/revisions"}],"predecessor-version":[{"id":79590,"href":"https:\/\/centrourbano.com\/revista\/wp-json\/wp\/v2\/posts\/79589\/revisions\/79590"}],"wp:featuredmedia":[{"embeddable":true,"href":"https:\/\/centrourbano.com\/revista\/wp-json\/wp\/v2\/media\/63331"}],"wp:attachment":[{"href":"https:\/\/centrourbano.com\/revista\/wp-json\/wp\/v2\/media?parent=79589"}],"wp:term":[{"taxonomy":"category","embeddable":true,"href":"https:\/\/centrourbano.com\/revista\/wp-json\/wp\/v2\/categories?post=79589"},{"taxonomy":"post_tag","embeddable":true,"href":"https:\/\/centrourbano.com\/revista\/wp-json\/wp\/v2\/tags?post=79589"}],"curies":[{"name":"wp","href":"https:\/\/api.w.org\/{rel}","templated":true}]}}