{"id":79378,"date":"2018-10-04T15:46:34","date_gmt":"2018-10-04T20:46:34","guid":{"rendered":"https:\/\/centrourbano.com\/?p=79378"},"modified":"2018-10-04T16:02:17","modified_gmt":"2018-10-04T21:02:17","slug":"prohibir-infonavit-tercerizar-cobranza","status":"publish","type":"post","link":"https:\/\/centrourbano.com\/revista\/vivienda\/prohibir-infonavit-tercerizar-cobranza\/","title":{"rendered":"Proponen prohibir al Infonavit tercerizar cobranza"},"content":{"rendered":"<p><em>La medida parte del argumento que las empresas que compran cartera vencida o son subcontratadas por el Infonavit para dar seguimiento a pagos realizan acciones que atentan contra la dignidad de los trabajadores <\/em><!--more--><\/p>\n<p>El diputado priista <a href=\"https:\/\/twitter.com\/rubenmoreiravdz\" rel=\"noopener\" target=\"_blank\">Rub\u00e9n Moreira Valdez<\/a>, present\u00f3 una iniciativa para modificar el art\u00edculo 71 de la Ley del <a href=\"http:\/\/infonavit.org.mx\" rel=\"noopener\" target=\"_blank\">Infonavit<\/a>. El objetivo de los cambios es prohibir al Infonavit pueda tercerizar sus procesos de cobranza y vender la cartera vencida. <\/p>\n<p>De acuerdo con el planteamiento del legislador, la intenci\u00f3n de la medida busca proteger al trabajador, pues seg\u00fan el argumento presentado por el legislador, las empresas que se encargan de realizar la cobranza vulneran los derechos de los trabajadores. <\/p>\n<p>De manera explicita, la propuesta busca prohibir el organismo hipotecario ceda, enajene o transfiera a personas f\u00edsicas o morales los cr\u00e9ditos otorgados; adem\u00e1s de subcontratar a empresas para realizar requerimientos o acuerdos a su nombre.<\/p>\n<p>Lo expuesto en el documento presentado al pleno de San L\u00e1zaro y remitido a la Comisi\u00f3n de Vivienda busca de manera concreta que el Infonavit sea el <strong>responsable <\/strong>de llevar los procesos de cobranza de cartera vencida o cr\u00e9ditos con retraso. La intenci\u00f3n, explic\u00f3, es \u201cque en todos los procedimientos se respeten los derechos humanos de los titulares\u201d. <\/p>\n<p>El documento presentado por Moreira Valdez argumenta que la venta de cartera vencida \u201crepresenta un <strong>perjuicio <\/strong>para los trabajadores\u201d. Aunado a lo anterior, asegur\u00f3 que las empresas contratadas para la tercerizaci\u00f3n \u201cutilizan mecanismos extrajudiciales e, incluso, simulaci\u00f3n de actos jur\u00eddicos por medio de falsas notificaciones de embargo, que buscan hacer las veces de requerimientos de pago\u201d. <\/p>\n<p>\u201cEs fundamental que el Infonavit no <strong>desvirt\u00fae <\/strong>el objetivo con el que fue creado y privilegie que las y los trabajadores conserven su patrimonio familiar, toda vez que esta instituci\u00f3n no fue concebida como un negocio, sino como una prestaci\u00f3n que es un derecho de toda persona\u201d, se\u00f1al\u00f3 el legislador. <\/p>\n<p>El legislador subray\u00f3 que el esquema de cobranza puesto en marcha por el organismo deber\u00e1 ser ejecutado por el propio Instituto y vigilar el respeto a los trabajadores; adem\u00e1s de evitar ceder los cr\u00e9ditos aunque est\u00e9n vencidos. <\/p>\n","protected":false},"excerpt":{"rendered":"<p>La medida parte del argumento que las empresas que compran cartera vencida o son subcontratadas por el Infonavit para dar seguimiento a pagos realizan acciones que atentan contra la dignidad de los trabajadores<\/p>\n","protected":false},"author":47,"featured_media":79385,"comment_status":"open","ping_status":"closed","sticky":false,"template":"","format":"standard","meta":{"om_disable_all_campaigns":false,"inline_featured_image":false,"_monsterinsights_skip_tracking":false,"_monsterinsights_sitenote_active":false,"_monsterinsights_sitenote_note":"","_monsterinsights_sitenote_category":0,"footnotes":""},"categories":[12],"tags":[634,14626,100,6954,832],"class_list":["post-79378","post","type-post","status-publish","format-standard","has-post-thumbnail","hentry","category-vivienda","tag-cartera-vencida","tag-cobranza","tag-infonavit","tag-ruben-moreira-valdez","tag-venta"],"yoast_head":"<!-- This site is optimized with the Yoast SEO plugin v27.4 - https:\/\/yoast.com\/product\/yoast-seo-wordpress\/ -->\n<title>Proponen en San L\u00e1zaro prohibir al Infonavit tercerizar cobranza<\/title>\n<meta name=\"description\" content=\"La medida parte del argumento que las empresas que compran cartera vencida o son subcontratadas para dar seguimiento a pagos...\" \/>\n<meta name=\"robots\" content=\"index, follow, max-snippet:-1, max-image-preview:large, max-video-preview:-1\" \/>\n<link rel=\"canonical\" href=\"https:\/\/centrourbano.com\/revista\/vivienda\/prohibir-infonavit-tercerizar-cobranza\/\" \/>\n<meta property=\"og:locale\" content=\"es_ES\" \/>\n<meta property=\"og:type\" content=\"article\" \/>\n<meta property=\"og:title\" content=\"Proponen en San L\u00e1zaro prohibir al Infonavit tercerizar cobranza\" \/>\n<meta property=\"og:description\" content=\"La medida parte del argumento que las empresas que compran cartera vencida o son subcontratadas para dar seguimiento a pagos...\" \/>\n<meta property=\"og:url\" content=\"https:\/\/centrourbano.com\/revista\/vivienda\/prohibir-infonavit-tercerizar-cobranza\/\" \/>\n<meta property=\"og:site_name\" content=\"Centro Urbano\" \/>\n<meta property=\"article:publisher\" content=\"https:\/\/www.facebook.com\/portalcentrourbano\" \/>\n<meta property=\"article:published_time\" content=\"2018-10-04T20:46:34+00:00\" \/>\n<meta property=\"article:modified_time\" content=\"2018-10-04T21:02:17+00:00\" \/>\n<meta property=\"og:image\" content=\"https:\/\/centrourbano.com\/revista\/wp-content\/uploads\/Rub\u00e9n-Moreira_Diputados.jpeg\" \/>\n\t<meta property=\"og:image:width\" content=\"800\" \/>\n\t<meta property=\"og:image:height\" content=\"533\" \/>\n\t<meta property=\"og:image:type\" content=\"image\/jpeg\" \/>\n<meta name=\"author\" content=\"Edgar Rosas\" \/>\n<meta name=\"twitter:card\" content=\"summary_large_image\" \/>\n<meta name=\"twitter:creator\" content=\"@https:\/\/twitter.com\/ERosasCU?s=09\" \/>\n<meta name=\"twitter:site\" content=\"@CentroUrbano\" \/>\n<meta name=\"twitter:label1\" content=\"Escrito por\" \/>\n\t<meta name=\"twitter:data1\" content=\"Edgar Rosas\" \/>\n\t<meta name=\"twitter:label2\" content=\"Tiempo de lectura\" \/>\n\t<meta name=\"twitter:data2\" content=\"2 minutos\" \/>\n<script type=\"application\/ld+json\" class=\"yoast-schema-graph\">{\"@context\":\"https:\\\/\\\/schema.org\",\"@graph\":[{\"@type\":\"Article\",\"@id\":\"https:\\\/\\\/centrourbano.com\\\/revista\\\/vivienda\\\/prohibir-infonavit-tercerizar-cobranza\\\/#article\",\"isPartOf\":{\"@id\":\"https:\\\/\\\/centrourbano.com\\\/revista\\\/vivienda\\\/prohibir-infonavit-tercerizar-cobranza\\\/\"},\"author\":{\"name\":\"Edgar Rosas\",\"@id\":\"https:\\\/\\\/centrourbano.com\\\/revista\\\/#\\\/schema\\\/person\\\/ff3c00651ce5b1630479d2cd0c2e3ac0\"},\"headline\":\"Proponen prohibir al Infonavit tercerizar cobranza\",\"datePublished\":\"2018-10-04T20:46:34+00:00\",\"dateModified\":\"2018-10-04T21:02:17+00:00\",\"mainEntityOfPage\":{\"@id\":\"https:\\\/\\\/centrourbano.com\\\/revista\\\/vivienda\\\/prohibir-infonavit-tercerizar-cobranza\\\/\"},\"wordCount\":373,\"commentCount\":0,\"publisher\":{\"@id\":\"https:\\\/\\\/centrourbano.com\\\/revista\\\/#organization\"},\"image\":{\"@id\":\"https:\\\/\\\/centrourbano.com\\\/revista\\\/vivienda\\\/prohibir-infonavit-tercerizar-cobranza\\\/#primaryimage\"},\"thumbnailUrl\":\"https:\\\/\\\/centrourbano.com\\\/revista\\\/wp-content\\\/uploads\\\/Rub\u00e9n-Moreira_Diputados.jpeg\",\"keywords\":[\"Cartera vencida\",\"Cobranza\",\"Infonavit\",\"Rub\u00e9n Moreira Valdez\",\"venta\"],\"articleSection\":[\"Vivienda\"],\"inLanguage\":\"es\",\"potentialAction\":[{\"@type\":\"CommentAction\",\"name\":\"Comment\",\"target\":[\"https:\\\/\\\/centrourbano.com\\\/revista\\\/vivienda\\\/prohibir-infonavit-tercerizar-cobranza\\\/#respond\"]}]},{\"@type\":\"WebPage\",\"@id\":\"https:\\\/\\\/centrourbano.com\\\/revista\\\/vivienda\\\/prohibir-infonavit-tercerizar-cobranza\\\/\",\"url\":\"https:\\\/\\\/centrourbano.com\\\/revista\\\/vivienda\\\/prohibir-infonavit-tercerizar-cobranza\\\/\",\"name\":\"Proponen en San L\u00e1zaro prohibir al Infonavit tercerizar cobranza\",\"isPartOf\":{\"@id\":\"https:\\\/\\\/centrourbano.com\\\/revista\\\/#website\"},\"primaryImageOfPage\":{\"@id\":\"https:\\\/\\\/centrourbano.com\\\/revista\\\/vivienda\\\/prohibir-infonavit-tercerizar-cobranza\\\/#primaryimage\"},\"image\":{\"@id\":\"https:\\\/\\\/centrourbano.com\\\/revista\\\/vivienda\\\/prohibir-infonavit-tercerizar-cobranza\\\/#primaryimage\"},\"thumbnailUrl\":\"https:\\\/\\\/centrourbano.com\\\/revista\\\/wp-content\\\/uploads\\\/Rub\u00e9n-Moreira_Diputados.jpeg\",\"datePublished\":\"2018-10-04T20:46:34+00:00\",\"dateModified\":\"2018-10-04T21:02:17+00:00\",\"description\":\"La medida parte del argumento que las empresas que compran cartera vencida o son subcontratadas para dar seguimiento a pagos...\",\"breadcrumb\":{\"@id\":\"https:\\\/\\\/centrourbano.com\\\/revista\\\/vivienda\\\/prohibir-infonavit-tercerizar-cobranza\\\/#breadcrumb\"},\"inLanguage\":\"es\",\"potentialAction\":[{\"@type\":\"ReadAction\",\"target\":[\"https:\\\/\\\/centrourbano.com\\\/revista\\\/vivienda\\\/prohibir-infonavit-tercerizar-cobranza\\\/\"]}]},{\"@type\":\"ImageObject\",\"inLanguage\":\"es\",\"@id\":\"https:\\\/\\\/centrourbano.com\\\/revista\\\/vivienda\\\/prohibir-infonavit-tercerizar-cobranza\\\/#primaryimage\",\"url\":\"https:\\\/\\\/centrourbano.com\\\/revista\\\/wp-content\\\/uploads\\\/Rub\u00e9n-Moreira_Diputados.jpeg\",\"contentUrl\":\"https:\\\/\\\/centrourbano.com\\\/revista\\\/wp-content\\\/uploads\\\/Rub\u00e9n-Moreira_Diputados.jpeg\",\"width\":800,\"height\":533,\"caption\":\"La medida parte del argumento que las empresas que compran cartera vencida o son subcontratadas para dar seguimiento a pagos realizan acciones que atentan contra la dignidad de los trabajadores\"},{\"@type\":\"BreadcrumbList\",\"@id\":\"https:\\\/\\\/centrourbano.com\\\/revista\\\/vivienda\\\/prohibir-infonavit-tercerizar-cobranza\\\/#breadcrumb\",\"itemListElement\":[{\"@type\":\"ListItem\",\"position\":1,\"name\":\"Portada\",\"item\":\"https:\\\/\\\/centrourbano.com\\\/revista\\\/\"},{\"@type\":\"ListItem\",\"position\":2,\"name\":\"Proponen prohibir al Infonavit tercerizar cobranza\"}]},{\"@type\":\"WebSite\",\"@id\":\"https:\\\/\\\/centrourbano.com\\\/revista\\\/#website\",\"url\":\"https:\\\/\\\/centrourbano.com\\\/revista\\\/\",\"name\":\"Centro Urbano\",\"description\":\"Medio especializado en los sectores vivienda, inmobiliario, construcci\u00f3n, arquitectura y urbanismo.\",\"publisher\":{\"@id\":\"https:\\\/\\\/centrourbano.com\\\/revista\\\/#organization\"},\"potentialAction\":[{\"@type\":\"SearchAction\",\"target\":{\"@type\":\"EntryPoint\",\"urlTemplate\":\"https:\\\/\\\/centrourbano.com\\\/revista\\\/?s={search_term_string}\"},\"query-input\":{\"@type\":\"PropertyValueSpecification\",\"valueRequired\":true,\"valueName\":\"search_term_string\"}}],\"inLanguage\":\"es\"},{\"@type\":\"Organization\",\"@id\":\"https:\\\/\\\/centrourbano.com\\\/revista\\\/#organization\",\"name\":\"Centro Urbano\",\"url\":\"https:\\\/\\\/centrourbano.com\\\/revista\\\/\",\"logo\":{\"@type\":\"ImageObject\",\"inLanguage\":\"es\",\"@id\":\"https:\\\/\\\/centrourbano.com\\\/revista\\\/#\\\/schema\\\/logo\\\/image\\\/\",\"url\":\"https:\\\/\\\/centrourbano.com\\\/revista\\\/wp-content\\\/uploads\\\/web_CU_logo-1.png\",\"contentUrl\":\"https:\\\/\\\/centrourbano.com\\\/revista\\\/wp-content\\\/uploads\\\/web_CU_logo-1.png\",\"width\":350,\"height\":91,\"caption\":\"Centro Urbano\"},\"image\":{\"@id\":\"https:\\\/\\\/centrourbano.com\\\/revista\\\/#\\\/schema\\\/logo\\\/image\\\/\"},\"sameAs\":[\"https:\\\/\\\/www.facebook.com\\\/portalcentrourbano\",\"https:\\\/\\\/x.com\\\/CentroUrbano\",\"https:\\\/\\\/www.instagram.com\\\/centro_urbano\\\/\",\"https:\\\/\\\/www.linkedin.com\\\/company\\\/centro-urbano\\\/\",\"http:\\\/\\\/www.youtube.com\\\/user\\\/portalcentrourbano\"]},{\"@type\":\"Person\",\"@id\":\"https:\\\/\\\/centrourbano.com\\\/revista\\\/#\\\/schema\\\/person\\\/ff3c00651ce5b1630479d2cd0c2e3ac0\",\"name\":\"Edgar Rosas\",\"image\":{\"@type\":\"ImageObject\",\"inLanguage\":\"es\",\"@id\":\"https:\\\/\\\/secure.gravatar.com\\\/avatar\\\/94440c4283495211faa5300bf85e80061036b83fced868c3783aa1310b350d9c?s=96&d=mm&r=g\",\"url\":\"https:\\\/\\\/secure.gravatar.com\\\/avatar\\\/94440c4283495211faa5300bf85e80061036b83fced868c3783aa1310b350d9c?s=96&d=mm&r=g\",\"contentUrl\":\"https:\\\/\\\/secure.gravatar.com\\\/avatar\\\/94440c4283495211faa5300bf85e80061036b83fced868c3783aa1310b350d9c?s=96&d=mm&r=g\",\"caption\":\"Edgar Rosas\"},\"description\":\"Editor en Jefe de Centro Urbano. Egresado de la maestr\u00eda en Periodismo Pol\u00edtico de la Escuela de Periodismo Carlos Septi\u00e9n Garc\u00eda (EPCSG). Estudi\u00f3 la licenciatura en Comunicaci\u00f3n en la Universidad Mexicana. Amante de la cr\u00f3nica y el reportaje. Admirador de Vicente Le\u00f1ero y Miguel \u00c1ngel Granados Chapa.\",\"sameAs\":[\"https:\\\/\\\/x.com\\\/https:\\\/\\\/twitter.com\\\/ERosasCU?s=09\"],\"url\":\"https:\\\/\\\/centrourbano.com\\\/revista\\\/author\\\/edgar-rosas\\\/\"}]}<\/script>\n<!-- \/ Yoast SEO plugin. -->","yoast_head_json":{"title":"Proponen en San L\u00e1zaro prohibir al Infonavit tercerizar cobranza","description":"La medida parte del argumento que las empresas que compran cartera vencida o son subcontratadas para dar seguimiento a pagos...","robots":{"index":"index","follow":"follow","max-snippet":"max-snippet:-1","max-image-preview":"max-image-preview:large","max-video-preview":"max-video-preview:-1"},"canonical":"https:\/\/centrourbano.com\/revista\/vivienda\/prohibir-infonavit-tercerizar-cobranza\/","og_locale":"es_ES","og_type":"article","og_title":"Proponen en San L\u00e1zaro prohibir al Infonavit tercerizar cobranza","og_description":"La medida parte del argumento que las empresas que compran cartera vencida o son subcontratadas para dar seguimiento a pagos...","og_url":"https:\/\/centrourbano.com\/revista\/vivienda\/prohibir-infonavit-tercerizar-cobranza\/","og_site_name":"Centro Urbano","article_publisher":"https:\/\/www.facebook.com\/portalcentrourbano","article_published_time":"2018-10-04T20:46:34+00:00","article_modified_time":"2018-10-04T21:02:17+00:00","og_image":[{"width":800,"height":533,"url":"https:\/\/centrourbano.com\/revista\/wp-content\/uploads\/Rub\u00e9n-Moreira_Diputados.jpeg","type":"image\/jpeg"}],"author":"Edgar Rosas","twitter_card":"summary_large_image","twitter_creator":"@https:\/\/twitter.com\/ERosasCU?s=09","twitter_site":"@CentroUrbano","twitter_misc":{"Escrito por":"Edgar Rosas","Tiempo de lectura":"2 minutos"},"schema":{"@context":"https:\/\/schema.org","@graph":[{"@type":"Article","@id":"https:\/\/centrourbano.com\/revista\/vivienda\/prohibir-infonavit-tercerizar-cobranza\/#article","isPartOf":{"@id":"https:\/\/centrourbano.com\/revista\/vivienda\/prohibir-infonavit-tercerizar-cobranza\/"},"author":{"name":"Edgar Rosas","@id":"https:\/\/centrourbano.com\/revista\/#\/schema\/person\/ff3c00651ce5b1630479d2cd0c2e3ac0"},"headline":"Proponen prohibir al Infonavit tercerizar cobranza","datePublished":"2018-10-04T20:46:34+00:00","dateModified":"2018-10-04T21:02:17+00:00","mainEntityOfPage":{"@id":"https:\/\/centrourbano.com\/revista\/vivienda\/prohibir-infonavit-tercerizar-cobranza\/"},"wordCount":373,"commentCount":0,"publisher":{"@id":"https:\/\/centrourbano.com\/revista\/#organization"},"image":{"@id":"https:\/\/centrourbano.com\/revista\/vivienda\/prohibir-infonavit-tercerizar-cobranza\/#primaryimage"},"thumbnailUrl":"https:\/\/centrourbano.com\/revista\/wp-content\/uploads\/Rub\u00e9n-Moreira_Diputados.jpeg","keywords":["Cartera vencida","Cobranza","Infonavit","Rub\u00e9n Moreira Valdez","venta"],"articleSection":["Vivienda"],"inLanguage":"es","potentialAction":[{"@type":"CommentAction","name":"Comment","target":["https:\/\/centrourbano.com\/revista\/vivienda\/prohibir-infonavit-tercerizar-cobranza\/#respond"]}]},{"@type":"WebPage","@id":"https:\/\/centrourbano.com\/revista\/vivienda\/prohibir-infonavit-tercerizar-cobranza\/","url":"https:\/\/centrourbano.com\/revista\/vivienda\/prohibir-infonavit-tercerizar-cobranza\/","name":"Proponen en San L\u00e1zaro prohibir al Infonavit tercerizar cobranza","isPartOf":{"@id":"https:\/\/centrourbano.com\/revista\/#website"},"primaryImageOfPage":{"@id":"https:\/\/centrourbano.com\/revista\/vivienda\/prohibir-infonavit-tercerizar-cobranza\/#primaryimage"},"image":{"@id":"https:\/\/centrourbano.com\/revista\/vivienda\/prohibir-infonavit-tercerizar-cobranza\/#primaryimage"},"thumbnailUrl":"https:\/\/centrourbano.com\/revista\/wp-content\/uploads\/Rub\u00e9n-Moreira_Diputados.jpeg","datePublished":"2018-10-04T20:46:34+00:00","dateModified":"2018-10-04T21:02:17+00:00","description":"La medida parte del argumento que las empresas que compran cartera vencida o son subcontratadas para dar seguimiento a pagos...","breadcrumb":{"@id":"https:\/\/centrourbano.com\/revista\/vivienda\/prohibir-infonavit-tercerizar-cobranza\/#breadcrumb"},"inLanguage":"es","potentialAction":[{"@type":"ReadAction","target":["https:\/\/centrourbano.com\/revista\/vivienda\/prohibir-infonavit-tercerizar-cobranza\/"]}]},{"@type":"ImageObject","inLanguage":"es","@id":"https:\/\/centrourbano.com\/revista\/vivienda\/prohibir-infonavit-tercerizar-cobranza\/#primaryimage","url":"https:\/\/centrourbano.com\/revista\/wp-content\/uploads\/Rub\u00e9n-Moreira_Diputados.jpeg","contentUrl":"https:\/\/centrourbano.com\/revista\/wp-content\/uploads\/Rub\u00e9n-Moreira_Diputados.jpeg","width":800,"height":533,"caption":"La medida parte del argumento que las empresas que compran cartera vencida o son subcontratadas para dar seguimiento a pagos realizan acciones que atentan contra la dignidad de los trabajadores"},{"@type":"BreadcrumbList","@id":"https:\/\/centrourbano.com\/revista\/vivienda\/prohibir-infonavit-tercerizar-cobranza\/#breadcrumb","itemListElement":[{"@type":"ListItem","position":1,"name":"Portada","item":"https:\/\/centrourbano.com\/revista\/"},{"@type":"ListItem","position":2,"name":"Proponen prohibir al Infonavit tercerizar cobranza"}]},{"@type":"WebSite","@id":"https:\/\/centrourbano.com\/revista\/#website","url":"https:\/\/centrourbano.com\/revista\/","name":"Centro Urbano","description":"Medio especializado en los sectores vivienda, inmobiliario, construcci\u00f3n, arquitectura y urbanismo.","publisher":{"@id":"https:\/\/centrourbano.com\/revista\/#organization"},"potentialAction":[{"@type":"SearchAction","target":{"@type":"EntryPoint","urlTemplate":"https:\/\/centrourbano.com\/revista\/?s={search_term_string}"},"query-input":{"@type":"PropertyValueSpecification","valueRequired":true,"valueName":"search_term_string"}}],"inLanguage":"es"},{"@type":"Organization","@id":"https:\/\/centrourbano.com\/revista\/#organization","name":"Centro Urbano","url":"https:\/\/centrourbano.com\/revista\/","logo":{"@type":"ImageObject","inLanguage":"es","@id":"https:\/\/centrourbano.com\/revista\/#\/schema\/logo\/image\/","url":"https:\/\/centrourbano.com\/revista\/wp-content\/uploads\/web_CU_logo-1.png","contentUrl":"https:\/\/centrourbano.com\/revista\/wp-content\/uploads\/web_CU_logo-1.png","width":350,"height":91,"caption":"Centro Urbano"},"image":{"@id":"https:\/\/centrourbano.com\/revista\/#\/schema\/logo\/image\/"},"sameAs":["https:\/\/www.facebook.com\/portalcentrourbano","https:\/\/x.com\/CentroUrbano","https:\/\/www.instagram.com\/centro_urbano\/","https:\/\/www.linkedin.com\/company\/centro-urbano\/","http:\/\/www.youtube.com\/user\/portalcentrourbano"]},{"@type":"Person","@id":"https:\/\/centrourbano.com\/revista\/#\/schema\/person\/ff3c00651ce5b1630479d2cd0c2e3ac0","name":"Edgar Rosas","image":{"@type":"ImageObject","inLanguage":"es","@id":"https:\/\/secure.gravatar.com\/avatar\/94440c4283495211faa5300bf85e80061036b83fced868c3783aa1310b350d9c?s=96&d=mm&r=g","url":"https:\/\/secure.gravatar.com\/avatar\/94440c4283495211faa5300bf85e80061036b83fced868c3783aa1310b350d9c?s=96&d=mm&r=g","contentUrl":"https:\/\/secure.gravatar.com\/avatar\/94440c4283495211faa5300bf85e80061036b83fced868c3783aa1310b350d9c?s=96&d=mm&r=g","caption":"Edgar Rosas"},"description":"Editor en Jefe de Centro Urbano. Egresado de la maestr\u00eda en Periodismo Pol\u00edtico de la Escuela de Periodismo Carlos Septi\u00e9n Garc\u00eda (EPCSG). Estudi\u00f3 la licenciatura en Comunicaci\u00f3n en la Universidad Mexicana. Amante de la cr\u00f3nica y el reportaje. Admirador de Vicente Le\u00f1ero y Miguel \u00c1ngel Granados Chapa.","sameAs":["https:\/\/x.com\/https:\/\/twitter.com\/ERosasCU?s=09"],"url":"https:\/\/centrourbano.com\/revista\/author\/edgar-rosas\/"}]}},"_links":{"self":[{"href":"https:\/\/centrourbano.com\/revista\/wp-json\/wp\/v2\/posts\/79378","targetHints":{"allow":["GET"]}}],"collection":[{"href":"https:\/\/centrourbano.com\/revista\/wp-json\/wp\/v2\/posts"}],"about":[{"href":"https:\/\/centrourbano.com\/revista\/wp-json\/wp\/v2\/types\/post"}],"author":[{"embeddable":true,"href":"https:\/\/centrourbano.com\/revista\/wp-json\/wp\/v2\/users\/47"}],"replies":[{"embeddable":true,"href":"https:\/\/centrourbano.com\/revista\/wp-json\/wp\/v2\/comments?post=79378"}],"version-history":[{"count":5,"href":"https:\/\/centrourbano.com\/revista\/wp-json\/wp\/v2\/posts\/79378\/revisions"}],"predecessor-version":[{"id":79392,"href":"https:\/\/centrourbano.com\/revista\/wp-json\/wp\/v2\/posts\/79378\/revisions\/79392"}],"wp:featuredmedia":[{"embeddable":true,"href":"https:\/\/centrourbano.com\/revista\/wp-json\/wp\/v2\/media\/79385"}],"wp:attachment":[{"href":"https:\/\/centrourbano.com\/revista\/wp-json\/wp\/v2\/media?parent=79378"}],"wp:term":[{"taxonomy":"category","embeddable":true,"href":"https:\/\/centrourbano.com\/revista\/wp-json\/wp\/v2\/categories?post=79378"},{"taxonomy":"post_tag","embeddable":true,"href":"https:\/\/centrourbano.com\/revista\/wp-json\/wp\/v2\/tags?post=79378"}],"curies":[{"name":"wp","href":"https:\/\/api.w.org\/{rel}","templated":true}]}}