{"id":79245,"date":"2018-10-03T11:33:59","date_gmt":"2018-10-03T16:33:59","guid":{"rendered":"https:\/\/centrourbano.com\/?p=79245"},"modified":"2018-10-03T11:33:59","modified_gmt":"2018-10-03T16:33:59","slug":"alcaldias-cam-sam-trabajaran-infraestructura","status":"publish","type":"post","link":"https:\/\/centrourbano.com\/revista\/construccion\/alcaldias-cam-sam-trabajaran-infraestructura\/","title":{"rendered":"Alcald\u00edas y CAM-SAM trabajaran en infraestructura de la CDMX"},"content":{"rendered":"<p><em>Arquitectos hicieron un llamado a los 16 nuevos alcaldes para realizar una planificaci\u00f3n en favor de la poblaci\u00f3n<\/em><!--more--><\/p>\n<p>Con la reciente transformaci\u00f3n de delegaciones a alcald\u00edas de la Ciudad de M\u00e9xico, el <a href=\"https:\/\/www.colegiodearquitectoscdmx.org\/\" target=\"_blank\" rel=\"noopener noreferrer\"><strong>Colegio de Arquitectos de la Ciudad de M\u00e9xico y la Sociedad de Arquitectos <\/strong>\u00a0<\/a>(CAM-SAM) asever\u00f3 que tendr\u00e1n participaci\u00f3n activa en la infraestructura de la capital.<\/p>\n<p>Durante la mesa de di\u00e1logo \u2018Nueva Organizaci\u00f3n Pol\u00edtica Administrativa de la Ciudad de M\u00e9xico\u2019, como parte del <strong>quinto Congreso de CAM-SAM,<\/strong> arquitectos hicieron un llamado a los nuevos alcaldes para realizar una planificaci\u00f3n responsable, sustentable y con orden.<\/p>\n<p>\u201cEl nuevo ordenamiento territorial estar\u00e1 a cargo de las alcald\u00edas, ellas tendr\u00e1n que hacer un procedimiento m\u00e1s \u00e1gil, basados en una densidad de cambio en la vida de la poblaci\u00f3n con un modelo de vivienda diferente, construcciones p\u00fablicas seguras y una contralor\u00eda ciudadana\u201d, explic\u00f3 Graciela Espinoza, participante de la mesa.<\/p>\n<p>Asimismo, la arquitecta Laura Fabre se\u00f1al\u00f3 que con la entrada de alcald\u00edas debe haber un cambio coyuntural para la capital, por ello es que especialistas deben tener una importante intervenci\u00f3n en los nuevos proyectos, as\u00ed como trabajar de la mano con los ciudadanos y gobierno para tener una ciudad planificada con construcciones que cumplan las normativas.<\/p>\n<p>Del mismo modo, Valeria Prieto indic\u00f3 que para tener un proyecto es obligatorio hacer investigaciones y conocer las t\u00e9cnicas, de esta forma expertos podr\u00e1n tomar la decisi\u00f3n de qu\u00e9 hacer para formar un territorio eficiente, \u201cel Colegio debe tener un buen papel en la planeaci\u00f3n\u201d.<\/p>\n<p>Debido a que las alcald\u00edas tendr\u00e1n m\u00e1s facultades en la toma de decisiones, los exponentes coincidieron en que tendr\u00e1n que aprender a manejarlos, como es el tema del presupuesto y las regulaciones en las construcciones, ya que ahora podr\u00e1n decidir sus propias normativas.<\/p>\n<p>En la mesa de di\u00e1logo tambi\u00e9n participaron los arquitectos Guillermo Taboada, Juan Felipe Ord\u00f3\u00f1ez, quienes mencionaron que firmar convenios de trabajo con las alcald\u00edas permitir\u00eda trabajar en la mediaci\u00f3n entre el gobierno y los ciudadanos, ya que ellos se encargar\u00edan de hacer el contacto y traducir las necesidades de los barrios y colonias de la Ciudad de M\u00e9xico.<\/p>\n","protected":false},"excerpt":{"rendered":"<p>Arquitectos hicieron un llamado a los 16 nuevos alcaldes para realizar una planificaci\u00f3n en favor de la poblaci\u00f3n<\/p>\n","protected":false},"author":64,"featured_media":79247,"comment_status":"open","ping_status":"closed","sticky":false,"template":"","format":"standard","meta":{"om_disable_all_campaigns":false,"inline_featured_image":false,"_monsterinsights_skip_tracking":false,"_monsterinsights_sitenote_active":false,"_monsterinsights_sitenote_note":"","_monsterinsights_sitenote_category":0,"footnotes":""},"categories":[14],"tags":[14609,14495,804,606,311,901,159],"class_list":["post-79245","post","type-post","status-publish","format-standard","has-post-thumbnail","hentry","category-construccion","tag-5to-congreso","tag-alcaldias","tag-cam-sam","tag-cdmx","tag-infraestructura","tag-planeacion","tag-viviendas"],"yoast_head":"<!-- This site is optimized with the Yoast SEO plugin v27.4 - https:\/\/yoast.com\/product\/yoast-seo-wordpress\/ -->\n<title>Alcald\u00edas y CAM-SAM trabajaran en infraestructura de la CDMX<\/title>\n<meta name=\"description\" content=\"Arquitectos hicieron un llamado a los 16 nuevos alcaldes para realizar una planificaci\u00f3n en favor de la poblaci\u00f3n\" \/>\n<meta name=\"robots\" content=\"index, follow, max-snippet:-1, max-image-preview:large, max-video-preview:-1\" \/>\n<link rel=\"canonical\" href=\"https:\/\/centrourbano.com\/revista\/construccion\/alcaldias-cam-sam-trabajaran-infraestructura\/\" \/>\n<meta property=\"og:locale\" content=\"es_ES\" \/>\n<meta property=\"og:type\" content=\"article\" \/>\n<meta property=\"og:title\" content=\"Alcald\u00edas y CAM-SAM trabajaran en infraestructura de la CDMX\" \/>\n<meta property=\"og:description\" content=\"Arquitectos hicieron un llamado a los 16 nuevos alcaldes para realizar una planificaci\u00f3n en favor de la poblaci\u00f3n\" \/>\n<meta property=\"og:url\" content=\"https:\/\/centrourbano.com\/revista\/construccion\/alcaldias-cam-sam-trabajaran-infraestructura\/\" \/>\n<meta property=\"og:site_name\" content=\"Centro Urbano\" \/>\n<meta property=\"article:publisher\" content=\"https:\/\/www.facebook.com\/portalcentrourbano\" \/>\n<meta property=\"article:published_time\" content=\"2018-10-03T16:33:59+00:00\" \/>\n<meta property=\"og:image\" content=\"https:\/\/centrourbano.com\/revista\/wp-content\/uploads\/43030752_561423317611477_5645697831571292160_n.jpg\" \/>\n\t<meta property=\"og:image:width\" content=\"1548\" \/>\n\t<meta property=\"og:image:height\" content=\"1161\" \/>\n\t<meta property=\"og:image:type\" content=\"image\/jpeg\" \/>\n<meta name=\"author\" content=\"Karla Esperanza\" \/>\n<meta name=\"twitter:card\" content=\"summary_large_image\" \/>\n<meta name=\"twitter:creator\" content=\"@CentroUrbano\" \/>\n<meta name=\"twitter:site\" content=\"@CentroUrbano\" \/>\n<meta name=\"twitter:label1\" content=\"Escrito por\" \/>\n\t<meta name=\"twitter:data1\" content=\"Karla Esperanza\" \/>\n\t<meta name=\"twitter:label2\" content=\"Tiempo de lectura\" \/>\n\t<meta name=\"twitter:data2\" content=\"2 minutos\" \/>\n<script type=\"application\/ld+json\" class=\"yoast-schema-graph\">{\"@context\":\"https:\\\/\\\/schema.org\",\"@graph\":[{\"@type\":\"Article\",\"@id\":\"https:\\\/\\\/centrourbano.com\\\/revista\\\/construccion\\\/alcaldias-cam-sam-trabajaran-infraestructura\\\/#article\",\"isPartOf\":{\"@id\":\"https:\\\/\\\/centrourbano.com\\\/revista\\\/construccion\\\/alcaldias-cam-sam-trabajaran-infraestructura\\\/\"},\"author\":{\"name\":\"Karla Esperanza\",\"@id\":\"https:\\\/\\\/centrourbano.com\\\/revista\\\/#\\\/schema\\\/person\\\/1d952c872f21e733a753a18cc4b5298a\"},\"headline\":\"Alcald\u00edas y CAM-SAM trabajaran en infraestructura de la CDMX\",\"datePublished\":\"2018-10-03T16:33:59+00:00\",\"mainEntityOfPage\":{\"@id\":\"https:\\\/\\\/centrourbano.com\\\/revista\\\/construccion\\\/alcaldias-cam-sam-trabajaran-infraestructura\\\/\"},\"wordCount\":395,\"commentCount\":0,\"publisher\":{\"@id\":\"https:\\\/\\\/centrourbano.com\\\/revista\\\/#organization\"},\"image\":{\"@id\":\"https:\\\/\\\/centrourbano.com\\\/revista\\\/construccion\\\/alcaldias-cam-sam-trabajaran-infraestructura\\\/#primaryimage\"},\"thumbnailUrl\":\"https:\\\/\\\/centrourbano.com\\\/revista\\\/wp-content\\\/uploads\\\/43030752_561423317611477_5645697831571292160_n.jpg\",\"keywords\":[\"5to Congreso\",\"ALCALD\u00cdAS\",\"CAM-SAM\",\"CDMX\",\"infraestructura\",\"Planeaci\u00f3n\",\"Viviendas\"],\"articleSection\":[\"Construcci\u00f3n\"],\"inLanguage\":\"es\",\"potentialAction\":[{\"@type\":\"CommentAction\",\"name\":\"Comment\",\"target\":[\"https:\\\/\\\/centrourbano.com\\\/revista\\\/construccion\\\/alcaldias-cam-sam-trabajaran-infraestructura\\\/#respond\"]}]},{\"@type\":\"WebPage\",\"@id\":\"https:\\\/\\\/centrourbano.com\\\/revista\\\/construccion\\\/alcaldias-cam-sam-trabajaran-infraestructura\\\/\",\"url\":\"https:\\\/\\\/centrourbano.com\\\/revista\\\/construccion\\\/alcaldias-cam-sam-trabajaran-infraestructura\\\/\",\"name\":\"Alcald\u00edas y CAM-SAM trabajaran en infraestructura de la CDMX\",\"isPartOf\":{\"@id\":\"https:\\\/\\\/centrourbano.com\\\/revista\\\/#website\"},\"primaryImageOfPage\":{\"@id\":\"https:\\\/\\\/centrourbano.com\\\/revista\\\/construccion\\\/alcaldias-cam-sam-trabajaran-infraestructura\\\/#primaryimage\"},\"image\":{\"@id\":\"https:\\\/\\\/centrourbano.com\\\/revista\\\/construccion\\\/alcaldias-cam-sam-trabajaran-infraestructura\\\/#primaryimage\"},\"thumbnailUrl\":\"https:\\\/\\\/centrourbano.com\\\/revista\\\/wp-content\\\/uploads\\\/43030752_561423317611477_5645697831571292160_n.jpg\",\"datePublished\":\"2018-10-03T16:33:59+00:00\",\"description\":\"Arquitectos hicieron un llamado a los 16 nuevos alcaldes para realizar una planificaci\u00f3n en favor de la poblaci\u00f3n\",\"breadcrumb\":{\"@id\":\"https:\\\/\\\/centrourbano.com\\\/revista\\\/construccion\\\/alcaldias-cam-sam-trabajaran-infraestructura\\\/#breadcrumb\"},\"inLanguage\":\"es\",\"potentialAction\":[{\"@type\":\"ReadAction\",\"target\":[\"https:\\\/\\\/centrourbano.com\\\/revista\\\/construccion\\\/alcaldias-cam-sam-trabajaran-infraestructura\\\/\"]}]},{\"@type\":\"ImageObject\",\"inLanguage\":\"es\",\"@id\":\"https:\\\/\\\/centrourbano.com\\\/revista\\\/construccion\\\/alcaldias-cam-sam-trabajaran-infraestructura\\\/#primaryimage\",\"url\":\"https:\\\/\\\/centrourbano.com\\\/revista\\\/wp-content\\\/uploads\\\/43030752_561423317611477_5645697831571292160_n.jpg\",\"contentUrl\":\"https:\\\/\\\/centrourbano.com\\\/revista\\\/wp-content\\\/uploads\\\/43030752_561423317611477_5645697831571292160_n.jpg\",\"width\":1548,\"height\":1161,\"caption\":\"Arquitectos hicieron un llamado a los 16 nuevos alcaldes para realizar una planificaci\u00f3n en favor de la poblaci\u00f3n\"},{\"@type\":\"BreadcrumbList\",\"@id\":\"https:\\\/\\\/centrourbano.com\\\/revista\\\/construccion\\\/alcaldias-cam-sam-trabajaran-infraestructura\\\/#breadcrumb\",\"itemListElement\":[{\"@type\":\"ListItem\",\"position\":1,\"name\":\"Portada\",\"item\":\"https:\\\/\\\/centrourbano.com\\\/revista\\\/\"},{\"@type\":\"ListItem\",\"position\":2,\"name\":\"Alcald\u00edas y CAM-SAM trabajaran en infraestructura de la CDMX\"}]},{\"@type\":\"WebSite\",\"@id\":\"https:\\\/\\\/centrourbano.com\\\/revista\\\/#website\",\"url\":\"https:\\\/\\\/centrourbano.com\\\/revista\\\/\",\"name\":\"Centro Urbano\",\"description\":\"Medio especializado en los sectores vivienda, inmobiliario, construcci\u00f3n, arquitectura y urbanismo.\",\"publisher\":{\"@id\":\"https:\\\/\\\/centrourbano.com\\\/revista\\\/#organization\"},\"potentialAction\":[{\"@type\":\"SearchAction\",\"target\":{\"@type\":\"EntryPoint\",\"urlTemplate\":\"https:\\\/\\\/centrourbano.com\\\/revista\\\/?s={search_term_string}\"},\"query-input\":{\"@type\":\"PropertyValueSpecification\",\"valueRequired\":true,\"valueName\":\"search_term_string\"}}],\"inLanguage\":\"es\"},{\"@type\":\"Organization\",\"@id\":\"https:\\\/\\\/centrourbano.com\\\/revista\\\/#organization\",\"name\":\"Centro Urbano\",\"url\":\"https:\\\/\\\/centrourbano.com\\\/revista\\\/\",\"logo\":{\"@type\":\"ImageObject\",\"inLanguage\":\"es\",\"@id\":\"https:\\\/\\\/centrourbano.com\\\/revista\\\/#\\\/schema\\\/logo\\\/image\\\/\",\"url\":\"https:\\\/\\\/centrourbano.com\\\/revista\\\/wp-content\\\/uploads\\\/web_CU_logo-1.png\",\"contentUrl\":\"https:\\\/\\\/centrourbano.com\\\/revista\\\/wp-content\\\/uploads\\\/web_CU_logo-1.png\",\"width\":350,\"height\":91,\"caption\":\"Centro Urbano\"},\"image\":{\"@id\":\"https:\\\/\\\/centrourbano.com\\\/revista\\\/#\\\/schema\\\/logo\\\/image\\\/\"},\"sameAs\":[\"https:\\\/\\\/www.facebook.com\\\/portalcentrourbano\",\"https:\\\/\\\/x.com\\\/CentroUrbano\",\"https:\\\/\\\/www.instagram.com\\\/centro_urbano\\\/\",\"https:\\\/\\\/www.linkedin.com\\\/company\\\/centro-urbano\\\/\",\"http:\\\/\\\/www.youtube.com\\\/user\\\/portalcentrourbano\"]},{\"@type\":\"Person\",\"@id\":\"https:\\\/\\\/centrourbano.com\\\/revista\\\/#\\\/schema\\\/person\\\/1d952c872f21e733a753a18cc4b5298a\",\"name\":\"Karla Esperanza\",\"image\":{\"@type\":\"ImageObject\",\"inLanguage\":\"es\",\"@id\":\"https:\\\/\\\/secure.gravatar.com\\\/avatar\\\/bea847a7925ef868d37c5a55ab5e341c9e769fab11b85a359090daa4d6fb4a2e?s=96&d=mm&r=g\",\"url\":\"https:\\\/\\\/secure.gravatar.com\\\/avatar\\\/bea847a7925ef868d37c5a55ab5e341c9e769fab11b85a359090daa4d6fb4a2e?s=96&d=mm&r=g\",\"contentUrl\":\"https:\\\/\\\/secure.gravatar.com\\\/avatar\\\/bea847a7925ef868d37c5a55ab5e341c9e769fab11b85a359090daa4d6fb4a2e?s=96&d=mm&r=g\",\"caption\":\"Karla Esperanza\"},\"url\":\"https:\\\/\\\/centrourbano.com\\\/revista\\\/author\\\/karla-esperanza\\\/\"}]}<\/script>\n<!-- \/ Yoast SEO plugin. -->","yoast_head_json":{"title":"Alcald\u00edas y CAM-SAM trabajaran en infraestructura de la CDMX","description":"Arquitectos hicieron un llamado a los 16 nuevos alcaldes para realizar una planificaci\u00f3n en favor de la poblaci\u00f3n","robots":{"index":"index","follow":"follow","max-snippet":"max-snippet:-1","max-image-preview":"max-image-preview:large","max-video-preview":"max-video-preview:-1"},"canonical":"https:\/\/centrourbano.com\/revista\/construccion\/alcaldias-cam-sam-trabajaran-infraestructura\/","og_locale":"es_ES","og_type":"article","og_title":"Alcald\u00edas y CAM-SAM trabajaran en infraestructura de la CDMX","og_description":"Arquitectos hicieron un llamado a los 16 nuevos alcaldes para realizar una planificaci\u00f3n en favor de la poblaci\u00f3n","og_url":"https:\/\/centrourbano.com\/revista\/construccion\/alcaldias-cam-sam-trabajaran-infraestructura\/","og_site_name":"Centro Urbano","article_publisher":"https:\/\/www.facebook.com\/portalcentrourbano","article_published_time":"2018-10-03T16:33:59+00:00","og_image":[{"width":1548,"height":1161,"url":"https:\/\/centrourbano.com\/revista\/wp-content\/uploads\/43030752_561423317611477_5645697831571292160_n.jpg","type":"image\/jpeg"}],"author":"Karla Esperanza","twitter_card":"summary_large_image","twitter_creator":"@CentroUrbano","twitter_site":"@CentroUrbano","twitter_misc":{"Escrito por":"Karla Esperanza","Tiempo de lectura":"2 minutos"},"schema":{"@context":"https:\/\/schema.org","@graph":[{"@type":"Article","@id":"https:\/\/centrourbano.com\/revista\/construccion\/alcaldias-cam-sam-trabajaran-infraestructura\/#article","isPartOf":{"@id":"https:\/\/centrourbano.com\/revista\/construccion\/alcaldias-cam-sam-trabajaran-infraestructura\/"},"author":{"name":"Karla Esperanza","@id":"https:\/\/centrourbano.com\/revista\/#\/schema\/person\/1d952c872f21e733a753a18cc4b5298a"},"headline":"Alcald\u00edas y CAM-SAM trabajaran en infraestructura de la CDMX","datePublished":"2018-10-03T16:33:59+00:00","mainEntityOfPage":{"@id":"https:\/\/centrourbano.com\/revista\/construccion\/alcaldias-cam-sam-trabajaran-infraestructura\/"},"wordCount":395,"commentCount":0,"publisher":{"@id":"https:\/\/centrourbano.com\/revista\/#organization"},"image":{"@id":"https:\/\/centrourbano.com\/revista\/construccion\/alcaldias-cam-sam-trabajaran-infraestructura\/#primaryimage"},"thumbnailUrl":"https:\/\/centrourbano.com\/revista\/wp-content\/uploads\/43030752_561423317611477_5645697831571292160_n.jpg","keywords":["5to Congreso","ALCALD\u00cdAS","CAM-SAM","CDMX","infraestructura","Planeaci\u00f3n","Viviendas"],"articleSection":["Construcci\u00f3n"],"inLanguage":"es","potentialAction":[{"@type":"CommentAction","name":"Comment","target":["https:\/\/centrourbano.com\/revista\/construccion\/alcaldias-cam-sam-trabajaran-infraestructura\/#respond"]}]},{"@type":"WebPage","@id":"https:\/\/centrourbano.com\/revista\/construccion\/alcaldias-cam-sam-trabajaran-infraestructura\/","url":"https:\/\/centrourbano.com\/revista\/construccion\/alcaldias-cam-sam-trabajaran-infraestructura\/","name":"Alcald\u00edas y CAM-SAM trabajaran en infraestructura de la CDMX","isPartOf":{"@id":"https:\/\/centrourbano.com\/revista\/#website"},"primaryImageOfPage":{"@id":"https:\/\/centrourbano.com\/revista\/construccion\/alcaldias-cam-sam-trabajaran-infraestructura\/#primaryimage"},"image":{"@id":"https:\/\/centrourbano.com\/revista\/construccion\/alcaldias-cam-sam-trabajaran-infraestructura\/#primaryimage"},"thumbnailUrl":"https:\/\/centrourbano.com\/revista\/wp-content\/uploads\/43030752_561423317611477_5645697831571292160_n.jpg","datePublished":"2018-10-03T16:33:59+00:00","description":"Arquitectos hicieron un llamado a los 16 nuevos alcaldes para realizar una planificaci\u00f3n en favor de la poblaci\u00f3n","breadcrumb":{"@id":"https:\/\/centrourbano.com\/revista\/construccion\/alcaldias-cam-sam-trabajaran-infraestructura\/#breadcrumb"},"inLanguage":"es","potentialAction":[{"@type":"ReadAction","target":["https:\/\/centrourbano.com\/revista\/construccion\/alcaldias-cam-sam-trabajaran-infraestructura\/"]}]},{"@type":"ImageObject","inLanguage":"es","@id":"https:\/\/centrourbano.com\/revista\/construccion\/alcaldias-cam-sam-trabajaran-infraestructura\/#primaryimage","url":"https:\/\/centrourbano.com\/revista\/wp-content\/uploads\/43030752_561423317611477_5645697831571292160_n.jpg","contentUrl":"https:\/\/centrourbano.com\/revista\/wp-content\/uploads\/43030752_561423317611477_5645697831571292160_n.jpg","width":1548,"height":1161,"caption":"Arquitectos hicieron un llamado a los 16 nuevos alcaldes para realizar una planificaci\u00f3n en favor de la poblaci\u00f3n"},{"@type":"BreadcrumbList","@id":"https:\/\/centrourbano.com\/revista\/construccion\/alcaldias-cam-sam-trabajaran-infraestructura\/#breadcrumb","itemListElement":[{"@type":"ListItem","position":1,"name":"Portada","item":"https:\/\/centrourbano.com\/revista\/"},{"@type":"ListItem","position":2,"name":"Alcald\u00edas y CAM-SAM trabajaran en infraestructura de la CDMX"}]},{"@type":"WebSite","@id":"https:\/\/centrourbano.com\/revista\/#website","url":"https:\/\/centrourbano.com\/revista\/","name":"Centro Urbano","description":"Medio especializado en los sectores vivienda, inmobiliario, construcci\u00f3n, arquitectura y urbanismo.","publisher":{"@id":"https:\/\/centrourbano.com\/revista\/#organization"},"potentialAction":[{"@type":"SearchAction","target":{"@type":"EntryPoint","urlTemplate":"https:\/\/centrourbano.com\/revista\/?s={search_term_string}"},"query-input":{"@type":"PropertyValueSpecification","valueRequired":true,"valueName":"search_term_string"}}],"inLanguage":"es"},{"@type":"Organization","@id":"https:\/\/centrourbano.com\/revista\/#organization","name":"Centro Urbano","url":"https:\/\/centrourbano.com\/revista\/","logo":{"@type":"ImageObject","inLanguage":"es","@id":"https:\/\/centrourbano.com\/revista\/#\/schema\/logo\/image\/","url":"https:\/\/centrourbano.com\/revista\/wp-content\/uploads\/web_CU_logo-1.png","contentUrl":"https:\/\/centrourbano.com\/revista\/wp-content\/uploads\/web_CU_logo-1.png","width":350,"height":91,"caption":"Centro Urbano"},"image":{"@id":"https:\/\/centrourbano.com\/revista\/#\/schema\/logo\/image\/"},"sameAs":["https:\/\/www.facebook.com\/portalcentrourbano","https:\/\/x.com\/CentroUrbano","https:\/\/www.instagram.com\/centro_urbano\/","https:\/\/www.linkedin.com\/company\/centro-urbano\/","http:\/\/www.youtube.com\/user\/portalcentrourbano"]},{"@type":"Person","@id":"https:\/\/centrourbano.com\/revista\/#\/schema\/person\/1d952c872f21e733a753a18cc4b5298a","name":"Karla Esperanza","image":{"@type":"ImageObject","inLanguage":"es","@id":"https:\/\/secure.gravatar.com\/avatar\/bea847a7925ef868d37c5a55ab5e341c9e769fab11b85a359090daa4d6fb4a2e?s=96&d=mm&r=g","url":"https:\/\/secure.gravatar.com\/avatar\/bea847a7925ef868d37c5a55ab5e341c9e769fab11b85a359090daa4d6fb4a2e?s=96&d=mm&r=g","contentUrl":"https:\/\/secure.gravatar.com\/avatar\/bea847a7925ef868d37c5a55ab5e341c9e769fab11b85a359090daa4d6fb4a2e?s=96&d=mm&r=g","caption":"Karla Esperanza"},"url":"https:\/\/centrourbano.com\/revista\/author\/karla-esperanza\/"}]}},"_links":{"self":[{"href":"https:\/\/centrourbano.com\/revista\/wp-json\/wp\/v2\/posts\/79245","targetHints":{"allow":["GET"]}}],"collection":[{"href":"https:\/\/centrourbano.com\/revista\/wp-json\/wp\/v2\/posts"}],"about":[{"href":"https:\/\/centrourbano.com\/revista\/wp-json\/wp\/v2\/types\/post"}],"author":[{"embeddable":true,"href":"https:\/\/centrourbano.com\/revista\/wp-json\/wp\/v2\/users\/64"}],"replies":[{"embeddable":true,"href":"https:\/\/centrourbano.com\/revista\/wp-json\/wp\/v2\/comments?post=79245"}],"version-history":[{"count":2,"href":"https:\/\/centrourbano.com\/revista\/wp-json\/wp\/v2\/posts\/79245\/revisions"}],"predecessor-version":[{"id":79249,"href":"https:\/\/centrourbano.com\/revista\/wp-json\/wp\/v2\/posts\/79245\/revisions\/79249"}],"wp:featuredmedia":[{"embeddable":true,"href":"https:\/\/centrourbano.com\/revista\/wp-json\/wp\/v2\/media\/79247"}],"wp:attachment":[{"href":"https:\/\/centrourbano.com\/revista\/wp-json\/wp\/v2\/media?parent=79245"}],"wp:term":[{"taxonomy":"category","embeddable":true,"href":"https:\/\/centrourbano.com\/revista\/wp-json\/wp\/v2\/categories?post=79245"},{"taxonomy":"post_tag","embeddable":true,"href":"https:\/\/centrourbano.com\/revista\/wp-json\/wp\/v2\/tags?post=79245"}],"curies":[{"name":"wp","href":"https:\/\/api.w.org\/{rel}","templated":true}]}}