{"id":79228,"date":"2018-10-02T18:00:47","date_gmt":"2018-10-02T23:00:47","guid":{"rendered":"https:\/\/centrourbano.com\/?p=79228"},"modified":"2018-10-02T18:00:47","modified_gmt":"2018-10-02T23:00:47","slug":"rentar-no-debe-ser-un-dolor-de-cabeza","status":"publish","type":"post","link":"https:\/\/centrourbano.com\/revista\/opinion\/rentar-no-debe-ser-un-dolor-de-cabeza\/","title":{"rendered":"Rentar no debe ser un dolor de cabeza"},"content":{"rendered":"<p><strong>\u00a0Por\u00a0Jaume Molet P\u00e9rez<\/strong><!--more--><\/p>\n<ul>\n<li><strong>Lamudi M\u00e9xico pone a disposici\u00f3n una gu\u00eda que ayuda a tomar medidas en el camino para encontrar el lugar ideal y todos los requerimientos que surjan a su paso.<\/strong><\/li>\n<\/ul>\n<p>Rentar una propiedad puede ser un proceso que robe toda nuestra energ\u00eda y atenci\u00f3n. Hay muchas razones por las cuales una persona decide apegarse a este esquema en lugar de buscar comprar una propiedad. Es posible que no cuente con el capital para cubrir el enganche, que sus ingresos sean variables, que la persona migre constantemente de ciudad o pa\u00eds, o bien, tenga un mal historial crediticio, lo cual sugerir\u00eda un foco de alerta tambi\u00e9n para el arrendador.<\/p>\n<p>&nbsp;<\/p>\n<p><strong>Anticipar gastos y variables<\/strong><\/p>\n<p>Sea cual sea el caso, es importante que los arrendatarios prospectos tengan conocimiento del proceso que se requiere para arrendar un inmueble. Existen algunos escenarios que se deben de tomar en cuenta para esclarecer la meta: el sueldo, hacerlo s\u00f3lo o acompa\u00f1ado y los extras que surjan en el camino (explico a continuaci\u00f3n).<\/p>\n<p>Es recomendable separar m\u00e1ximo el 30% de tu salario por diversas razones: para no sangrar nuestras finanzas y para delimitar un fijo mensual. De esta manera puede una persona elegir pagar la renta de forma independiente o compartiendo con un roommate si no le alcanza; es importante saber que vivir acompa\u00f1ado de un amigo, conocido o desconocido implica evaluar muy bien las condiciones y ya en convivencia tener presente el periodo de adaptaci\u00f3n.<\/p>\n<p>Tambi\u00e9n se deben considerar pagos adicionales recurrentes como los servicios: agua, electricidad, gas y mantenimiento, este \u00faltimo en algunas ocasiones ya viene incluido en la mensualidad. Aunque para algunos rentar ya es algo com\u00fan, hay otros que por ser su primera vez omiten el paso de que cada a\u00f1o la renta sube, y valdr\u00eda la pena agregar dicho concepto a la planeaci\u00f3n de pagos.<\/p>\n<p>&nbsp;<\/p>\n<p><strong>Evita tropiezos<\/strong><\/p>\n<p>Existe una <strong><u><a href=\"https:\/\/www.lamudi.com.mx\/guia-para-rentar-propiedades\/\">gu\u00eda<\/a><\/u><\/strong> que ayuda a tomar medidas en el camino para encontrar el lugar ideal y todos los requerimientos que van a surgir a su paso. En <strong>Lamudi M\u00e9xico<\/strong> la compartimos para que los interesados no se pierdan ning\u00fan paso.<\/p>\n<p>Ya que se haya definido si va a ser una casa o departamento, en uso o nuevo, es pertinente hacer una visita de inspecci\u00f3n y contestar las siguientes preguntas: \u00bfcu\u00e1les son las colonias m\u00e1s cercanas a mi trabajo?, \u00bfmi presupuesto empata con el precio ofertado en dichas colonias?, \u00bfcu\u00e1les son las principales v\u00edas de accesos y c\u00f3mo est\u00e1 el tr\u00e1nsito a horas pico?, \u00bfexisten l\u00edneas del Metro, Metrob\u00fas, sitios de taxis, paradas de autobuses cercanas?, \u00bfcu\u00e1les son los \u00edndices de seguridad de los alrededores? Asimismo, en espec\u00edfico, preguntarse acerca del inmueble: \u00bfnecesita mejoras\/arreglos?, \u00bftoda la documentaci\u00f3n est\u00e1 al corriente?, adem\u00e1s del n\u00famero de cuartos y\/o ba\u00f1os m\u00e1s estacionamientos.<\/p>\n<p>En cuanto una persona haya elegido la propiedad, la preocupaci\u00f3n inmediata es firmar el contrato de arrendamiento, pero antes se deben de poner todas las cartas sobre la mesa, al estipular los criterios y obligaciones de ambas partes, el monto final negociado, la fecha de entrega del inmueble, los datos del fiador y el dep\u00f3sito de garant\u00eda que protege tanto al arrendatario, en el sentido de que asegura el uso de suelo, como al arrendador, de que ya est\u00e1 en firme la negociaci\u00f3n.<br \/>\n<!--more--><\/p>\n<p style=\"text-align: right;\"><strong>Jaume Molet P\u00e9rez<\/strong><\/p>\n<p style=\"text-align: right;\"><strong>Director General<\/strong> para <strong>Lamudi M\u00e9xico<\/strong><\/p>\n<p style=\"text-align: right;\"><u>Twitter:\u00a0<\/u><strong>@MoletJaum<\/strong><\/p>\n<p style=\"text-align: right;\"><u><a href=\"mailto:Jaume.molet@lamudi.com.mx\">Jaume.molet@lamudi.com.mx<\/a><\/u><u>\u00a0<\/u><\/p>\n<p style=\"text-align: right;\">Egresado de la Universidad Polit\u00e9cnica de Catalu\u00f1a, en donde obtuvo el t\u00edtulo de Ingeniero Industrial. Por m\u00e1s de 10 a\u00f1os, Jaume ha sido consultor de estrategia y operaciones en grandes firmas de nivel internacional como AT Kearney, desarrollando estrategias de negocio para las firmas en Alemania, Reino Unido, Arabia Saudita y M\u00e9xico, en el mercado Latinoamericano.<\/p>\n<p>&nbsp;<\/p>\n","protected":false},"excerpt":{"rendered":"<p>\u00a0Por\u00a0Jaume Molet P\u00e9rez<\/p>\n","protected":false},"author":14,"featured_media":37005,"comment_status":"open","ping_status":"closed","sticky":false,"template":"","format":"standard","meta":{"om_disable_all_campaigns":false,"inline_featured_image":false,"_monsterinsights_skip_tracking":false,"_monsterinsights_sitenote_active":false,"_monsterinsights_sitenote_note":"","_monsterinsights_sitenote_category":0,"footnotes":""},"categories":[242,5],"tags":[8681,829,1457],"class_list":["post-79228","post","type-post","status-publish","format-standard","has-post-thumbnail","hentry","category-blog-de-invitado","category-opinion","tag-jaume-molet-perez","tag-lamudi","tag-rentar"],"yoast_head":"<!-- This site is optimized with the Yoast SEO plugin v27.4 - https:\/\/yoast.com\/product\/yoast-seo-wordpress\/ -->\n<title>Rentar no debe ser un dolor de cabeza<\/title>\n<meta name=\"description\" content=\"Lamudi M\u00e9xico pone a disposici\u00f3n una gu\u00eda que ayuda a tomar medidas en el camino para encontrar el lugar ideal y todos los requerimientos que surjan a su paso\" \/>\n<meta name=\"robots\" content=\"index, follow, max-snippet:-1, max-image-preview:large, max-video-preview:-1\" \/>\n<link rel=\"canonical\" href=\"https:\/\/centrourbano.com\/revista\/opinion\/rentar-no-debe-ser-un-dolor-de-cabeza\/\" \/>\n<meta property=\"og:locale\" content=\"es_ES\" \/>\n<meta property=\"og:type\" content=\"article\" \/>\n<meta property=\"og:title\" content=\"Rentar no debe ser un dolor de cabeza\" \/>\n<meta property=\"og:description\" content=\"Lamudi M\u00e9xico pone a disposici\u00f3n una gu\u00eda que ayuda a tomar medidas en el camino para encontrar el lugar ideal y todos los requerimientos que surjan a su paso\" \/>\n<meta property=\"og:url\" content=\"https:\/\/centrourbano.com\/revista\/opinion\/rentar-no-debe-ser-un-dolor-de-cabeza\/\" \/>\n<meta property=\"og:site_name\" content=\"Centro Urbano\" \/>\n<meta property=\"article:publisher\" content=\"https:\/\/www.facebook.com\/portalcentrourbano\" \/>\n<meta property=\"article:published_time\" content=\"2018-10-02T23:00:47+00:00\" \/>\n<meta property=\"og:image\" content=\"https:\/\/centrourbano.com\/revista\/wp-content\/uploads\/4-JaumeMolet-300dpi-scaled.jpg\" \/>\n\t<meta property=\"og:image:width\" content=\"2560\" \/>\n\t<meta property=\"og:image:height\" content=\"1707\" \/>\n\t<meta property=\"og:image:type\" content=\"image\/jpeg\" \/>\n<meta name=\"author\" content=\"Redacci\u00f3n Centro Urbano\" \/>\n<meta name=\"twitter:card\" content=\"summary_large_image\" \/>\n<meta name=\"twitter:creator\" content=\"@CentroUrbano\" \/>\n<meta name=\"twitter:site\" content=\"@CentroUrbano\" \/>\n<meta name=\"twitter:label1\" content=\"Escrito por\" \/>\n\t<meta name=\"twitter:data1\" content=\"Redacci\u00f3n Centro Urbano\" \/>\n\t<meta name=\"twitter:label2\" content=\"Tiempo de lectura\" \/>\n\t<meta name=\"twitter:data2\" content=\"3 minutos\" \/>\n<script type=\"application\/ld+json\" class=\"yoast-schema-graph\">{\"@context\":\"https:\\\/\\\/schema.org\",\"@graph\":[{\"@type\":\"Article\",\"@id\":\"https:\\\/\\\/centrourbano.com\\\/revista\\\/opinion\\\/rentar-no-debe-ser-un-dolor-de-cabeza\\\/#article\",\"isPartOf\":{\"@id\":\"https:\\\/\\\/centrourbano.com\\\/revista\\\/opinion\\\/rentar-no-debe-ser-un-dolor-de-cabeza\\\/\"},\"author\":{\"name\":\"Redacci\u00f3n Centro Urbano\",\"@id\":\"https:\\\/\\\/centrourbano.com\\\/revista\\\/#\\\/schema\\\/person\\\/680e7c50f9d6e917e416c9efdc26f996\"},\"headline\":\"Rentar no debe ser un dolor de cabeza\",\"datePublished\":\"2018-10-02T23:00:47+00:00\",\"mainEntityOfPage\":{\"@id\":\"https:\\\/\\\/centrourbano.com\\\/revista\\\/opinion\\\/rentar-no-debe-ser-un-dolor-de-cabeza\\\/\"},\"wordCount\":672,\"commentCount\":0,\"publisher\":{\"@id\":\"https:\\\/\\\/centrourbano.com\\\/revista\\\/#organization\"},\"image\":{\"@id\":\"https:\\\/\\\/centrourbano.com\\\/revista\\\/opinion\\\/rentar-no-debe-ser-un-dolor-de-cabeza\\\/#primaryimage\"},\"thumbnailUrl\":\"https:\\\/\\\/centrourbano.com\\\/revista\\\/wp-content\\\/uploads\\\/4-JaumeMolet-300dpi-scaled.jpg\",\"keywords\":[\"Jaume Molet P\u00e9rez\",\"Lamudi\",\"Rentar\"],\"articleSection\":[\"En la opini\u00f3n de\",\"Opini\u00f3n\"],\"inLanguage\":\"es\",\"potentialAction\":[{\"@type\":\"CommentAction\",\"name\":\"Comment\",\"target\":[\"https:\\\/\\\/centrourbano.com\\\/revista\\\/opinion\\\/rentar-no-debe-ser-un-dolor-de-cabeza\\\/#respond\"]}]},{\"@type\":\"WebPage\",\"@id\":\"https:\\\/\\\/centrourbano.com\\\/revista\\\/opinion\\\/rentar-no-debe-ser-un-dolor-de-cabeza\\\/\",\"url\":\"https:\\\/\\\/centrourbano.com\\\/revista\\\/opinion\\\/rentar-no-debe-ser-un-dolor-de-cabeza\\\/\",\"name\":\"Rentar no debe ser un dolor de cabeza\",\"isPartOf\":{\"@id\":\"https:\\\/\\\/centrourbano.com\\\/revista\\\/#website\"},\"primaryImageOfPage\":{\"@id\":\"https:\\\/\\\/centrourbano.com\\\/revista\\\/opinion\\\/rentar-no-debe-ser-un-dolor-de-cabeza\\\/#primaryimage\"},\"image\":{\"@id\":\"https:\\\/\\\/centrourbano.com\\\/revista\\\/opinion\\\/rentar-no-debe-ser-un-dolor-de-cabeza\\\/#primaryimage\"},\"thumbnailUrl\":\"https:\\\/\\\/centrourbano.com\\\/revista\\\/wp-content\\\/uploads\\\/4-JaumeMolet-300dpi-scaled.jpg\",\"datePublished\":\"2018-10-02T23:00:47+00:00\",\"description\":\"Lamudi M\u00e9xico pone a disposici\u00f3n una gu\u00eda que ayuda a tomar medidas en el camino para encontrar el lugar ideal y todos los requerimientos que surjan a su paso\",\"breadcrumb\":{\"@id\":\"https:\\\/\\\/centrourbano.com\\\/revista\\\/opinion\\\/rentar-no-debe-ser-un-dolor-de-cabeza\\\/#breadcrumb\"},\"inLanguage\":\"es\",\"potentialAction\":[{\"@type\":\"ReadAction\",\"target\":[\"https:\\\/\\\/centrourbano.com\\\/revista\\\/opinion\\\/rentar-no-debe-ser-un-dolor-de-cabeza\\\/\"]}]},{\"@type\":\"ImageObject\",\"inLanguage\":\"es\",\"@id\":\"https:\\\/\\\/centrourbano.com\\\/revista\\\/opinion\\\/rentar-no-debe-ser-un-dolor-de-cabeza\\\/#primaryimage\",\"url\":\"https:\\\/\\\/centrourbano.com\\\/revista\\\/wp-content\\\/uploads\\\/4-JaumeMolet-300dpi-scaled.jpg\",\"contentUrl\":\"https:\\\/\\\/centrourbano.com\\\/revista\\\/wp-content\\\/uploads\\\/4-JaumeMolet-300dpi-scaled.jpg\",\"width\":2560,\"height\":1707},{\"@type\":\"BreadcrumbList\",\"@id\":\"https:\\\/\\\/centrourbano.com\\\/revista\\\/opinion\\\/rentar-no-debe-ser-un-dolor-de-cabeza\\\/#breadcrumb\",\"itemListElement\":[{\"@type\":\"ListItem\",\"position\":1,\"name\":\"Portada\",\"item\":\"https:\\\/\\\/centrourbano.com\\\/revista\\\/\"},{\"@type\":\"ListItem\",\"position\":2,\"name\":\"Rentar no debe ser un dolor de cabeza\"}]},{\"@type\":\"WebSite\",\"@id\":\"https:\\\/\\\/centrourbano.com\\\/revista\\\/#website\",\"url\":\"https:\\\/\\\/centrourbano.com\\\/revista\\\/\",\"name\":\"Centro Urbano\",\"description\":\"Medio especializado en los sectores vivienda, inmobiliario, construcci\u00f3n, arquitectura y urbanismo.\",\"publisher\":{\"@id\":\"https:\\\/\\\/centrourbano.com\\\/revista\\\/#organization\"},\"potentialAction\":[{\"@type\":\"SearchAction\",\"target\":{\"@type\":\"EntryPoint\",\"urlTemplate\":\"https:\\\/\\\/centrourbano.com\\\/revista\\\/?s={search_term_string}\"},\"query-input\":{\"@type\":\"PropertyValueSpecification\",\"valueRequired\":true,\"valueName\":\"search_term_string\"}}],\"inLanguage\":\"es\"},{\"@type\":\"Organization\",\"@id\":\"https:\\\/\\\/centrourbano.com\\\/revista\\\/#organization\",\"name\":\"Centro Urbano\",\"url\":\"https:\\\/\\\/centrourbano.com\\\/revista\\\/\",\"logo\":{\"@type\":\"ImageObject\",\"inLanguage\":\"es\",\"@id\":\"https:\\\/\\\/centrourbano.com\\\/revista\\\/#\\\/schema\\\/logo\\\/image\\\/\",\"url\":\"https:\\\/\\\/centrourbano.com\\\/revista\\\/wp-content\\\/uploads\\\/web_CU_logo-1.png\",\"contentUrl\":\"https:\\\/\\\/centrourbano.com\\\/revista\\\/wp-content\\\/uploads\\\/web_CU_logo-1.png\",\"width\":350,\"height\":91,\"caption\":\"Centro Urbano\"},\"image\":{\"@id\":\"https:\\\/\\\/centrourbano.com\\\/revista\\\/#\\\/schema\\\/logo\\\/image\\\/\"},\"sameAs\":[\"https:\\\/\\\/www.facebook.com\\\/portalcentrourbano\",\"https:\\\/\\\/x.com\\\/CentroUrbano\",\"https:\\\/\\\/www.instagram.com\\\/centro_urbano\\\/\",\"https:\\\/\\\/www.linkedin.com\\\/company\\\/centro-urbano\\\/\",\"http:\\\/\\\/www.youtube.com\\\/user\\\/portalcentrourbano\"]},{\"@type\":\"Person\",\"@id\":\"https:\\\/\\\/centrourbano.com\\\/revista\\\/#\\\/schema\\\/person\\\/680e7c50f9d6e917e416c9efdc26f996\",\"name\":\"Redacci\u00f3n Centro Urbano\",\"image\":{\"@type\":\"ImageObject\",\"inLanguage\":\"es\",\"@id\":\"https:\\\/\\\/secure.gravatar.com\\\/avatar\\\/15a789f894398c0f311f3a7a2ee28032bbc0483098539da66b6a045aa810bf35?s=96&d=mm&r=g\",\"url\":\"https:\\\/\\\/secure.gravatar.com\\\/avatar\\\/15a789f894398c0f311f3a7a2ee28032bbc0483098539da66b6a045aa810bf35?s=96&d=mm&r=g\",\"contentUrl\":\"https:\\\/\\\/secure.gravatar.com\\\/avatar\\\/15a789f894398c0f311f3a7a2ee28032bbc0483098539da66b6a045aa810bf35?s=96&d=mm&r=g\",\"caption\":\"Redacci\u00f3n Centro Urbano\"},\"url\":\"https:\\\/\\\/centrourbano.com\\\/revista\\\/author\\\/editorial\\\/\"}]}<\/script>\n<!-- \/ Yoast SEO plugin. -->","yoast_head_json":{"title":"Rentar no debe ser un dolor de cabeza","description":"Lamudi M\u00e9xico pone a disposici\u00f3n una gu\u00eda que ayuda a tomar medidas en el camino para encontrar el lugar ideal y todos los requerimientos que surjan a su paso","robots":{"index":"index","follow":"follow","max-snippet":"max-snippet:-1","max-image-preview":"max-image-preview:large","max-video-preview":"max-video-preview:-1"},"canonical":"https:\/\/centrourbano.com\/revista\/opinion\/rentar-no-debe-ser-un-dolor-de-cabeza\/","og_locale":"es_ES","og_type":"article","og_title":"Rentar no debe ser un dolor de cabeza","og_description":"Lamudi M\u00e9xico pone a disposici\u00f3n una gu\u00eda que ayuda a tomar medidas en el camino para encontrar el lugar ideal y todos los requerimientos que surjan a su paso","og_url":"https:\/\/centrourbano.com\/revista\/opinion\/rentar-no-debe-ser-un-dolor-de-cabeza\/","og_site_name":"Centro Urbano","article_publisher":"https:\/\/www.facebook.com\/portalcentrourbano","article_published_time":"2018-10-02T23:00:47+00:00","og_image":[{"width":2560,"height":1707,"url":"https:\/\/centrourbano.com\/revista\/wp-content\/uploads\/4-JaumeMolet-300dpi-scaled.jpg","type":"image\/jpeg"}],"author":"Redacci\u00f3n Centro Urbano","twitter_card":"summary_large_image","twitter_creator":"@CentroUrbano","twitter_site":"@CentroUrbano","twitter_misc":{"Escrito por":"Redacci\u00f3n Centro Urbano","Tiempo de lectura":"3 minutos"},"schema":{"@context":"https:\/\/schema.org","@graph":[{"@type":"Article","@id":"https:\/\/centrourbano.com\/revista\/opinion\/rentar-no-debe-ser-un-dolor-de-cabeza\/#article","isPartOf":{"@id":"https:\/\/centrourbano.com\/revista\/opinion\/rentar-no-debe-ser-un-dolor-de-cabeza\/"},"author":{"name":"Redacci\u00f3n Centro Urbano","@id":"https:\/\/centrourbano.com\/revista\/#\/schema\/person\/680e7c50f9d6e917e416c9efdc26f996"},"headline":"Rentar no debe ser un dolor de cabeza","datePublished":"2018-10-02T23:00:47+00:00","mainEntityOfPage":{"@id":"https:\/\/centrourbano.com\/revista\/opinion\/rentar-no-debe-ser-un-dolor-de-cabeza\/"},"wordCount":672,"commentCount":0,"publisher":{"@id":"https:\/\/centrourbano.com\/revista\/#organization"},"image":{"@id":"https:\/\/centrourbano.com\/revista\/opinion\/rentar-no-debe-ser-un-dolor-de-cabeza\/#primaryimage"},"thumbnailUrl":"https:\/\/centrourbano.com\/revista\/wp-content\/uploads\/4-JaumeMolet-300dpi-scaled.jpg","keywords":["Jaume Molet P\u00e9rez","Lamudi","Rentar"],"articleSection":["En la opini\u00f3n de","Opini\u00f3n"],"inLanguage":"es","potentialAction":[{"@type":"CommentAction","name":"Comment","target":["https:\/\/centrourbano.com\/revista\/opinion\/rentar-no-debe-ser-un-dolor-de-cabeza\/#respond"]}]},{"@type":"WebPage","@id":"https:\/\/centrourbano.com\/revista\/opinion\/rentar-no-debe-ser-un-dolor-de-cabeza\/","url":"https:\/\/centrourbano.com\/revista\/opinion\/rentar-no-debe-ser-un-dolor-de-cabeza\/","name":"Rentar no debe ser un dolor de cabeza","isPartOf":{"@id":"https:\/\/centrourbano.com\/revista\/#website"},"primaryImageOfPage":{"@id":"https:\/\/centrourbano.com\/revista\/opinion\/rentar-no-debe-ser-un-dolor-de-cabeza\/#primaryimage"},"image":{"@id":"https:\/\/centrourbano.com\/revista\/opinion\/rentar-no-debe-ser-un-dolor-de-cabeza\/#primaryimage"},"thumbnailUrl":"https:\/\/centrourbano.com\/revista\/wp-content\/uploads\/4-JaumeMolet-300dpi-scaled.jpg","datePublished":"2018-10-02T23:00:47+00:00","description":"Lamudi M\u00e9xico pone a disposici\u00f3n una gu\u00eda que ayuda a tomar medidas en el camino para encontrar el lugar ideal y todos los requerimientos que surjan a su paso","breadcrumb":{"@id":"https:\/\/centrourbano.com\/revista\/opinion\/rentar-no-debe-ser-un-dolor-de-cabeza\/#breadcrumb"},"inLanguage":"es","potentialAction":[{"@type":"ReadAction","target":["https:\/\/centrourbano.com\/revista\/opinion\/rentar-no-debe-ser-un-dolor-de-cabeza\/"]}]},{"@type":"ImageObject","inLanguage":"es","@id":"https:\/\/centrourbano.com\/revista\/opinion\/rentar-no-debe-ser-un-dolor-de-cabeza\/#primaryimage","url":"https:\/\/centrourbano.com\/revista\/wp-content\/uploads\/4-JaumeMolet-300dpi-scaled.jpg","contentUrl":"https:\/\/centrourbano.com\/revista\/wp-content\/uploads\/4-JaumeMolet-300dpi-scaled.jpg","width":2560,"height":1707},{"@type":"BreadcrumbList","@id":"https:\/\/centrourbano.com\/revista\/opinion\/rentar-no-debe-ser-un-dolor-de-cabeza\/#breadcrumb","itemListElement":[{"@type":"ListItem","position":1,"name":"Portada","item":"https:\/\/centrourbano.com\/revista\/"},{"@type":"ListItem","position":2,"name":"Rentar no debe ser un dolor de cabeza"}]},{"@type":"WebSite","@id":"https:\/\/centrourbano.com\/revista\/#website","url":"https:\/\/centrourbano.com\/revista\/","name":"Centro Urbano","description":"Medio especializado en los sectores vivienda, inmobiliario, construcci\u00f3n, arquitectura y urbanismo.","publisher":{"@id":"https:\/\/centrourbano.com\/revista\/#organization"},"potentialAction":[{"@type":"SearchAction","target":{"@type":"EntryPoint","urlTemplate":"https:\/\/centrourbano.com\/revista\/?s={search_term_string}"},"query-input":{"@type":"PropertyValueSpecification","valueRequired":true,"valueName":"search_term_string"}}],"inLanguage":"es"},{"@type":"Organization","@id":"https:\/\/centrourbano.com\/revista\/#organization","name":"Centro Urbano","url":"https:\/\/centrourbano.com\/revista\/","logo":{"@type":"ImageObject","inLanguage":"es","@id":"https:\/\/centrourbano.com\/revista\/#\/schema\/logo\/image\/","url":"https:\/\/centrourbano.com\/revista\/wp-content\/uploads\/web_CU_logo-1.png","contentUrl":"https:\/\/centrourbano.com\/revista\/wp-content\/uploads\/web_CU_logo-1.png","width":350,"height":91,"caption":"Centro Urbano"},"image":{"@id":"https:\/\/centrourbano.com\/revista\/#\/schema\/logo\/image\/"},"sameAs":["https:\/\/www.facebook.com\/portalcentrourbano","https:\/\/x.com\/CentroUrbano","https:\/\/www.instagram.com\/centro_urbano\/","https:\/\/www.linkedin.com\/company\/centro-urbano\/","http:\/\/www.youtube.com\/user\/portalcentrourbano"]},{"@type":"Person","@id":"https:\/\/centrourbano.com\/revista\/#\/schema\/person\/680e7c50f9d6e917e416c9efdc26f996","name":"Redacci\u00f3n Centro Urbano","image":{"@type":"ImageObject","inLanguage":"es","@id":"https:\/\/secure.gravatar.com\/avatar\/15a789f894398c0f311f3a7a2ee28032bbc0483098539da66b6a045aa810bf35?s=96&d=mm&r=g","url":"https:\/\/secure.gravatar.com\/avatar\/15a789f894398c0f311f3a7a2ee28032bbc0483098539da66b6a045aa810bf35?s=96&d=mm&r=g","contentUrl":"https:\/\/secure.gravatar.com\/avatar\/15a789f894398c0f311f3a7a2ee28032bbc0483098539da66b6a045aa810bf35?s=96&d=mm&r=g","caption":"Redacci\u00f3n Centro Urbano"},"url":"https:\/\/centrourbano.com\/revista\/author\/editorial\/"}]}},"_links":{"self":[{"href":"https:\/\/centrourbano.com\/revista\/wp-json\/wp\/v2\/posts\/79228","targetHints":{"allow":["GET"]}}],"collection":[{"href":"https:\/\/centrourbano.com\/revista\/wp-json\/wp\/v2\/posts"}],"about":[{"href":"https:\/\/centrourbano.com\/revista\/wp-json\/wp\/v2\/types\/post"}],"author":[{"embeddable":true,"href":"https:\/\/centrourbano.com\/revista\/wp-json\/wp\/v2\/users\/14"}],"replies":[{"embeddable":true,"href":"https:\/\/centrourbano.com\/revista\/wp-json\/wp\/v2\/comments?post=79228"}],"version-history":[{"count":1,"href":"https:\/\/centrourbano.com\/revista\/wp-json\/wp\/v2\/posts\/79228\/revisions"}],"predecessor-version":[{"id":79229,"href":"https:\/\/centrourbano.com\/revista\/wp-json\/wp\/v2\/posts\/79228\/revisions\/79229"}],"wp:featuredmedia":[{"embeddable":true,"href":"https:\/\/centrourbano.com\/revista\/wp-json\/wp\/v2\/media\/37005"}],"wp:attachment":[{"href":"https:\/\/centrourbano.com\/revista\/wp-json\/wp\/v2\/media?parent=79228"}],"wp:term":[{"taxonomy":"category","embeddable":true,"href":"https:\/\/centrourbano.com\/revista\/wp-json\/wp\/v2\/categories?post=79228"},{"taxonomy":"post_tag","embeddable":true,"href":"https:\/\/centrourbano.com\/revista\/wp-json\/wp\/v2\/tags?post=79228"}],"curies":[{"name":"wp","href":"https:\/\/api.w.org\/{rel}","templated":true}]}}