{"id":79120,"date":"2018-10-01T08:17:16","date_gmt":"2018-10-01T13:17:16","guid":{"rendered":"https:\/\/centrourbano.com\/?p=79120"},"modified":"2018-10-01T08:17:16","modified_gmt":"2018-10-01T13:17:16","slug":"arquitectos-dan-vida-e-identidad-a-las-ciudades","status":"publish","type":"post","link":"https:\/\/centrourbano.com\/revista\/arquitectura-2\/arquitectos-dan-vida-e-identidad-a-las-ciudades\/","title":{"rendered":"Arquitectos dan vida e identidad a las ciudades"},"content":{"rendered":"<p><em>Desde 2004, cada\u00a01\u00b0 de octubre\u00a0M\u00e9xico conmemora el\u00a0D\u00eda Nacional del Arquitecto<\/em><!--more--><\/p>\n<p>A lo largo de la historia, la arquitectura se ha constituido como una manera de proyectar y construir entornos a trav\u00e9s de diferentes t\u00e9cnicas,\u00a0en las que se modifica y se altera el\u00a0ambiente\u00a0f\u00edsico para satisfacer las necesidades sociales.<\/p>\n<p>Todos estos cambios no ser\u00edan posible sin la contribuci\u00f3n de los arquitectos, ya que son ellos los que llevan a cabo las construcciones m\u00e1s emblem\u00e1ticas y representativas de un lugar, con lo que redefinen\u00a0el paisaje urbano de un lugar y\u00a0crean nuevas estrategias para mejorar la\u00a0calidad de vida de las personas.<\/p>\n<p>En M\u00e9xico, desde 2004\u00a0se estableci\u00f3 el\u00a0<strong>1\u00b0 de octubre<\/strong>\u00a0como el\u00a0<strong>D\u00eda Nacional del Arquitecto<\/strong>, mientras que en diversos pa\u00edses, desde 1996, se celebra el D\u00eda Mundial de la Arquitectura en esta misma fecha.<\/p>\n<p>Los arquitectos\u00a0ayudan con sus obras a dar vida e identidad a las ciudades, enriquecen los espacios urbanos, mejoran la infraestructura de un lugar y coadyuvan a construir\u00a0un mejor pa\u00eds,\u00a0por lo que, con sus proyectos, dejan\u00a0un gran legado para la historia.<\/p>\n<p>Cabe recordar que el D\u00eda\u00a0Nacional\u00a0del Arquitecto fue aprobado durante el sexenio de Vicente Fox con el objetivo de poder fomentar la fecha como una oportunidad de revalorar la pr\u00e1ctica arquitect\u00f3nica en nuestro pa\u00eds.<\/p>\n<p><strong>Arquitectos mexicanos<\/strong><\/p>\n<p>En\u00a0M\u00e9xico,\u00a0la arquitectura ha alcanzado logros trascendentales en distintos momentos de su\u00a0historia, y muestra de ello es el gran legado que arquitectos mexicanos han dejado en el pa\u00eds y que hoy en d\u00eda son\u00a0le han dado a M\u00e9xico una identidad a nivel mundial.<\/p>\n<p>Un ejemplo claro es<strong> Pedro Ram\u00edrez V\u00e1zquez<\/strong>, que con sus obras m\u00e1s representativas marc\u00f3\u00a0la historia nacional: Estadio Azteca, Ciudad Universitaria de la UNAM, Museo Nacional de Antropolog\u00eda de la Ciudad de M\u00e9xico, Nueva Bas\u00edlica de Guadalupe, entro otras.<\/p>\n<p><strong>Luis Barrag\u00e1n<\/strong> fue uno de los profesionales m\u00e1s influyentes en la arquitectura de la modernidad mexicana, por lo que, sin duda, es otro de los reconocidos arquitectos mexicanos, quien obtuvo el Premio Pritzker en 1980.<\/p>\n<p><strong>Juan O\u2019Gorman<\/strong>, por su parte, trabaj\u00f3 en el proyecto del nuevo edificio del Banco de M\u00e9xico, particip\u00f3 en la urbanizaci\u00f3n del Pedregal de San \u00c1ngel, dise\u00f1\u00f3 y construy\u00f3 el Museo Casa Estudio Diego Rivera y Frida Kahlo (1931-1932).<\/p>\n<p><strong>Ricardo Legorreta <\/strong>es creador del Papalote Museo del Ni\u00f1o, el Museo de Arte Contempor\u00e1neo MARCO de Monterrey, la remodelaci\u00f3n del Zool\u00f3gico de Chapultepec, la Remodelaci\u00f3n de la antigua Escuela de San Ildefonso, el Hotel Camino Real en la Ciudad de M\u00e9xico, el Pabell\u00f3n de M\u00e9xico en la Expo 2000 Hannover, el Hotel Sheraton Bilbao, entre otras.<\/p>\n<p><strong>Teodoro Gonz\u00e1lez de Le\u00f3n<\/strong>, otro de los grandes arquitectos destacados en la historia de la arquitectura mexicana, cre\u00f3 el Museo Universitario Arte Contempor\u00e1neo de la UNAM, la Universidad Pedag\u00f3gica Nacional, Reforma 222, el Museo Tamayo Arte Contempor\u00e1neo y remodel\u00f3 el Auditorio Nacional.<\/p>\n<p><strong>Enrique Norten<\/strong>\u00a0fund\u00f3 la revista Arquitectura y desde 1986 dirige TEN Arquitectos.\u00a0Es creador de obras como el Museo Guggenheim de Guadalajara, Hotel Habita, la renovaci\u00f3n de la Colonia Condesa, la Biblioteca P\u00fablica para las Artes Esc\u00e9nicas de Brooklyn, la renovaci\u00f3n del Teatro de los Insurgentes, entre muchos otros.<\/p>\n<p><strong>Javier Sordo Madaleno<\/strong>, hijo de otro de los m\u00e1s reconocidos arquitectos del pa\u00eds,\u00a0<strong>Juan Sordo Madaleno<\/strong>, es creador de grandes obras como las Plazas comerciales Perisur, Santa Fe, Moliere Dos 22 y Antara.<\/p>\n<p>A estos profesionales, se est\u00e1n sumando nuevos talentos que, de igual manera, ayudan a acrecentar el legado mexicano, como es el caso de <strong>Fernando Romero<\/strong>, que dio vida el emblem\u00e1tico Museo Soumaya, un nuevo icono de la Ciudad de M\u00e9xico, al Acuario Inbursa, la Plaza Carso, y quien adem\u00e1s actualmente est\u00e1 participando en grandes obras como en Nuevo Aeropuerto Internacional de la Ciudad de M\u00e9xico y el Corredor Cultural Chapultepec.<\/p>\n","protected":false},"excerpt":{"rendered":"<p>Desde 2004, cada\u00a01\u00b0 de octubre\u00a0M\u00e9xico conmemora el\u00a0D\u00eda Nacional del Arquitecto<\/p>\n","protected":false},"author":9,"featured_media":34767,"comment_status":"open","ping_status":"closed","sticky":false,"template":"","format":"standard","meta":{"om_disable_all_campaigns":false,"inline_featured_image":false,"_monsterinsights_skip_tracking":false,"_monsterinsights_sitenote_active":false,"_monsterinsights_sitenote_note":"","_monsterinsights_sitenote_category":0,"footnotes":""},"categories":[81],"tags":[712,20,6598,886,2924,3624,2980,4564,1812,728,4673,1425],"class_list":["post-79120","post","type-post","status-publish","format-standard","has-post-thumbnail","hentry","category-arquitectura-2","tag-arquitecto","tag-arquitectura","tag-dia-nacional-del-arquitecto","tag-enrique-norten","tag-fernando-romero","tag-javier-sordo-madaleno","tag-juan-ogorman","tag-juan-sordo-madaleno","tag-luis-barragan","tag-pedro-ramirez-vazquez","tag-ricardo-legorreta","tag-teodoro-gonzalez-de-leon"],"yoast_head":"<!-- This site is optimized with the Yoast SEO plugin v27.4 - https:\/\/yoast.com\/product\/yoast-seo-wordpress\/ -->\n<title>Arquitectos dan vida e identidad a las ciudades<\/title>\n<meta name=\"description\" content=\"Desde 2004, cada 1\u00b0 de octubre M\u00e9xico conmemora el D\u00eda Nacional del Arquitecto\" \/>\n<meta name=\"robots\" content=\"index, follow, max-snippet:-1, max-image-preview:large, max-video-preview:-1\" \/>\n<link rel=\"canonical\" href=\"https:\/\/centrourbano.com\/revista\/arquitectura-2\/arquitectos-dan-vida-e-identidad-a-las-ciudades\/\" \/>\n<meta property=\"og:locale\" content=\"es_ES\" \/>\n<meta property=\"og:type\" content=\"article\" \/>\n<meta property=\"og:title\" content=\"Arquitectos dan vida e identidad a las ciudades\" \/>\n<meta property=\"og:description\" content=\"Desde 2004, cada 1\u00b0 de octubre M\u00e9xico conmemora el D\u00eda Nacional del Arquitecto\" \/>\n<meta property=\"og:url\" content=\"https:\/\/centrourbano.com\/revista\/arquitectura-2\/arquitectos-dan-vida-e-identidad-a-las-ciudades\/\" \/>\n<meta property=\"og:site_name\" content=\"Centro Urbano\" \/>\n<meta property=\"article:publisher\" content=\"https:\/\/www.facebook.com\/portalcentrourbano\" \/>\n<meta property=\"article:published_time\" content=\"2018-10-01T13:17:16+00:00\" \/>\n<meta property=\"og:image\" content=\"https:\/\/centrourbano.com\/revista\/wp-content\/uploads\/01_museo_soumaya.jpg\" \/>\n\t<meta property=\"og:image:width\" content=\"1200\" \/>\n\t<meta property=\"og:image:height\" content=\"800\" \/>\n\t<meta property=\"og:image:type\" content=\"image\/jpeg\" \/>\n<meta name=\"author\" content=\"Dinorah Nava\" \/>\n<meta name=\"twitter:card\" content=\"summary_large_image\" \/>\n<meta name=\"twitter:creator\" content=\"@https:\/\/twitter.com\/Dinorah_Nava28\" \/>\n<meta name=\"twitter:site\" content=\"@CentroUrbano\" \/>\n<meta name=\"twitter:label1\" content=\"Escrito por\" \/>\n\t<meta name=\"twitter:data1\" content=\"Dinorah Nava\" \/>\n\t<meta name=\"twitter:label2\" content=\"Tiempo de lectura\" \/>\n\t<meta name=\"twitter:data2\" content=\"3 minutos\" \/>\n<script type=\"application\/ld+json\" class=\"yoast-schema-graph\">{\"@context\":\"https:\\\/\\\/schema.org\",\"@graph\":[{\"@type\":\"Article\",\"@id\":\"https:\\\/\\\/centrourbano.com\\\/revista\\\/arquitectura-2\\\/arquitectos-dan-vida-e-identidad-a-las-ciudades\\\/#article\",\"isPartOf\":{\"@id\":\"https:\\\/\\\/centrourbano.com\\\/revista\\\/arquitectura-2\\\/arquitectos-dan-vida-e-identidad-a-las-ciudades\\\/\"},\"author\":{\"name\":\"Dinorah Nava\",\"@id\":\"https:\\\/\\\/centrourbano.com\\\/revista\\\/#\\\/schema\\\/person\\\/b45db815d96831257ba428a3d5a5fbdc\"},\"headline\":\"Arquitectos dan vida e identidad a las ciudades\",\"datePublished\":\"2018-10-01T13:17:16+00:00\",\"mainEntityOfPage\":{\"@id\":\"https:\\\/\\\/centrourbano.com\\\/revista\\\/arquitectura-2\\\/arquitectos-dan-vida-e-identidad-a-las-ciudades\\\/\"},\"wordCount\":685,\"commentCount\":0,\"publisher\":{\"@id\":\"https:\\\/\\\/centrourbano.com\\\/revista\\\/#organization\"},\"image\":{\"@id\":\"https:\\\/\\\/centrourbano.com\\\/revista\\\/arquitectura-2\\\/arquitectos-dan-vida-e-identidad-a-las-ciudades\\\/#primaryimage\"},\"thumbnailUrl\":\"https:\\\/\\\/centrourbano.com\\\/revista\\\/wp-content\\\/uploads\\\/01_museo_soumaya.jpg\",\"keywords\":[\"arquitecto\",\"arquitectura\",\"D\u00eda Nacional del Arquitecto\",\"Enrique Norten\",\"Fernando Romero\",\"Javier Sordo Madaleno\",\"Juan O\u00b4Gorman\",\"Juan Sordo Madaleno\",\"Luis Barrag\u00e1n\",\"Pedro Ram\u00edrez V\u00e1zquez\",\"Ricardo Legorreta\",\"Teodoro Gonz\u00e1lez de Le\u00f3n\"],\"articleSection\":[\"Arquitectura\"],\"inLanguage\":\"es\",\"potentialAction\":[{\"@type\":\"CommentAction\",\"name\":\"Comment\",\"target\":[\"https:\\\/\\\/centrourbano.com\\\/revista\\\/arquitectura-2\\\/arquitectos-dan-vida-e-identidad-a-las-ciudades\\\/#respond\"]}]},{\"@type\":\"WebPage\",\"@id\":\"https:\\\/\\\/centrourbano.com\\\/revista\\\/arquitectura-2\\\/arquitectos-dan-vida-e-identidad-a-las-ciudades\\\/\",\"url\":\"https:\\\/\\\/centrourbano.com\\\/revista\\\/arquitectura-2\\\/arquitectos-dan-vida-e-identidad-a-las-ciudades\\\/\",\"name\":\"Arquitectos dan vida e identidad a las ciudades\",\"isPartOf\":{\"@id\":\"https:\\\/\\\/centrourbano.com\\\/revista\\\/#website\"},\"primaryImageOfPage\":{\"@id\":\"https:\\\/\\\/centrourbano.com\\\/revista\\\/arquitectura-2\\\/arquitectos-dan-vida-e-identidad-a-las-ciudades\\\/#primaryimage\"},\"image\":{\"@id\":\"https:\\\/\\\/centrourbano.com\\\/revista\\\/arquitectura-2\\\/arquitectos-dan-vida-e-identidad-a-las-ciudades\\\/#primaryimage\"},\"thumbnailUrl\":\"https:\\\/\\\/centrourbano.com\\\/revista\\\/wp-content\\\/uploads\\\/01_museo_soumaya.jpg\",\"datePublished\":\"2018-10-01T13:17:16+00:00\",\"description\":\"Desde 2004, cada 1\u00b0 de octubre M\u00e9xico conmemora el D\u00eda Nacional del Arquitecto\",\"breadcrumb\":{\"@id\":\"https:\\\/\\\/centrourbano.com\\\/revista\\\/arquitectura-2\\\/arquitectos-dan-vida-e-identidad-a-las-ciudades\\\/#breadcrumb\"},\"inLanguage\":\"es\",\"potentialAction\":[{\"@type\":\"ReadAction\",\"target\":[\"https:\\\/\\\/centrourbano.com\\\/revista\\\/arquitectura-2\\\/arquitectos-dan-vida-e-identidad-a-las-ciudades\\\/\"]}]},{\"@type\":\"ImageObject\",\"inLanguage\":\"es\",\"@id\":\"https:\\\/\\\/centrourbano.com\\\/revista\\\/arquitectura-2\\\/arquitectos-dan-vida-e-identidad-a-las-ciudades\\\/#primaryimage\",\"url\":\"https:\\\/\\\/centrourbano.com\\\/revista\\\/wp-content\\\/uploads\\\/01_museo_soumaya.jpg\",\"contentUrl\":\"https:\\\/\\\/centrourbano.com\\\/revista\\\/wp-content\\\/uploads\\\/01_museo_soumaya.jpg\",\"width\":1200,\"height\":800},{\"@type\":\"BreadcrumbList\",\"@id\":\"https:\\\/\\\/centrourbano.com\\\/revista\\\/arquitectura-2\\\/arquitectos-dan-vida-e-identidad-a-las-ciudades\\\/#breadcrumb\",\"itemListElement\":[{\"@type\":\"ListItem\",\"position\":1,\"name\":\"Portada\",\"item\":\"https:\\\/\\\/centrourbano.com\\\/revista\\\/\"},{\"@type\":\"ListItem\",\"position\":2,\"name\":\"Arquitectos dan vida e identidad a las ciudades\"}]},{\"@type\":\"WebSite\",\"@id\":\"https:\\\/\\\/centrourbano.com\\\/revista\\\/#website\",\"url\":\"https:\\\/\\\/centrourbano.com\\\/revista\\\/\",\"name\":\"Centro Urbano\",\"description\":\"Medio especializado en los sectores vivienda, inmobiliario, construcci\u00f3n, arquitectura y urbanismo.\",\"publisher\":{\"@id\":\"https:\\\/\\\/centrourbano.com\\\/revista\\\/#organization\"},\"potentialAction\":[{\"@type\":\"SearchAction\",\"target\":{\"@type\":\"EntryPoint\",\"urlTemplate\":\"https:\\\/\\\/centrourbano.com\\\/revista\\\/?s={search_term_string}\"},\"query-input\":{\"@type\":\"PropertyValueSpecification\",\"valueRequired\":true,\"valueName\":\"search_term_string\"}}],\"inLanguage\":\"es\"},{\"@type\":\"Organization\",\"@id\":\"https:\\\/\\\/centrourbano.com\\\/revista\\\/#organization\",\"name\":\"Centro Urbano\",\"url\":\"https:\\\/\\\/centrourbano.com\\\/revista\\\/\",\"logo\":{\"@type\":\"ImageObject\",\"inLanguage\":\"es\",\"@id\":\"https:\\\/\\\/centrourbano.com\\\/revista\\\/#\\\/schema\\\/logo\\\/image\\\/\",\"url\":\"https:\\\/\\\/centrourbano.com\\\/revista\\\/wp-content\\\/uploads\\\/web_CU_logo-1.png\",\"contentUrl\":\"https:\\\/\\\/centrourbano.com\\\/revista\\\/wp-content\\\/uploads\\\/web_CU_logo-1.png\",\"width\":350,\"height\":91,\"caption\":\"Centro Urbano\"},\"image\":{\"@id\":\"https:\\\/\\\/centrourbano.com\\\/revista\\\/#\\\/schema\\\/logo\\\/image\\\/\"},\"sameAs\":[\"https:\\\/\\\/www.facebook.com\\\/portalcentrourbano\",\"https:\\\/\\\/x.com\\\/CentroUrbano\",\"https:\\\/\\\/www.instagram.com\\\/centro_urbano\\\/\",\"https:\\\/\\\/www.linkedin.com\\\/company\\\/centro-urbano\\\/\",\"http:\\\/\\\/www.youtube.com\\\/user\\\/portalcentrourbano\"]},{\"@type\":\"Person\",\"@id\":\"https:\\\/\\\/centrourbano.com\\\/revista\\\/#\\\/schema\\\/person\\\/b45db815d96831257ba428a3d5a5fbdc\",\"name\":\"Dinorah Nava\",\"image\":{\"@type\":\"ImageObject\",\"inLanguage\":\"es\",\"@id\":\"https:\\\/\\\/secure.gravatar.com\\\/avatar\\\/f6ca6430c51d147f363940f84e1225aa4b8183885c11802cc3b042305a4ecc1a?s=96&d=mm&r=g\",\"url\":\"https:\\\/\\\/secure.gravatar.com\\\/avatar\\\/f6ca6430c51d147f363940f84e1225aa4b8183885c11802cc3b042305a4ecc1a?s=96&d=mm&r=g\",\"contentUrl\":\"https:\\\/\\\/secure.gravatar.com\\\/avatar\\\/f6ca6430c51d147f363940f84e1225aa4b8183885c11802cc3b042305a4ecc1a?s=96&d=mm&r=g\",\"caption\":\"Dinorah Nava\"},\"description\":\"Editora de Contenidos y Estrategias Digitales en Centro Urbano y Coeditora en Peri\u00f3dico Mi Casa. Egresada de la licenciatura en Comunicaci\u00f3n y Periodismo de la Facultad de Estudios Superiores Arag\u00f3n (UNAM). Amante de la edici\u00f3n y correcci\u00f3n de estilo, las redes sociales y el mundo digital. Especialista en temas son arquitectura, inmobiliario y urbanismo.\",\"sameAs\":[\"linkedin.com\\\/in\\\/dinorah-nava\",\"https:\\\/\\\/x.com\\\/https:\\\/\\\/twitter.com\\\/Dinorah_Nava28\"],\"url\":\"https:\\\/\\\/centrourbano.com\\\/revista\\\/author\\\/dinorah-nava\\\/\"}]}<\/script>\n<!-- \/ Yoast SEO plugin. -->","yoast_head_json":{"title":"Arquitectos dan vida e identidad a las ciudades","description":"Desde 2004, cada 1\u00b0 de octubre M\u00e9xico conmemora el D\u00eda Nacional del Arquitecto","robots":{"index":"index","follow":"follow","max-snippet":"max-snippet:-1","max-image-preview":"max-image-preview:large","max-video-preview":"max-video-preview:-1"},"canonical":"https:\/\/centrourbano.com\/revista\/arquitectura-2\/arquitectos-dan-vida-e-identidad-a-las-ciudades\/","og_locale":"es_ES","og_type":"article","og_title":"Arquitectos dan vida e identidad a las ciudades","og_description":"Desde 2004, cada 1\u00b0 de octubre M\u00e9xico conmemora el D\u00eda Nacional del Arquitecto","og_url":"https:\/\/centrourbano.com\/revista\/arquitectura-2\/arquitectos-dan-vida-e-identidad-a-las-ciudades\/","og_site_name":"Centro Urbano","article_publisher":"https:\/\/www.facebook.com\/portalcentrourbano","article_published_time":"2018-10-01T13:17:16+00:00","og_image":[{"width":1200,"height":800,"url":"https:\/\/centrourbano.com\/revista\/wp-content\/uploads\/01_museo_soumaya.jpg","type":"image\/jpeg"}],"author":"Dinorah Nava","twitter_card":"summary_large_image","twitter_creator":"@https:\/\/twitter.com\/Dinorah_Nava28","twitter_site":"@CentroUrbano","twitter_misc":{"Escrito por":"Dinorah Nava","Tiempo de lectura":"3 minutos"},"schema":{"@context":"https:\/\/schema.org","@graph":[{"@type":"Article","@id":"https:\/\/centrourbano.com\/revista\/arquitectura-2\/arquitectos-dan-vida-e-identidad-a-las-ciudades\/#article","isPartOf":{"@id":"https:\/\/centrourbano.com\/revista\/arquitectura-2\/arquitectos-dan-vida-e-identidad-a-las-ciudades\/"},"author":{"name":"Dinorah Nava","@id":"https:\/\/centrourbano.com\/revista\/#\/schema\/person\/b45db815d96831257ba428a3d5a5fbdc"},"headline":"Arquitectos dan vida e identidad a las ciudades","datePublished":"2018-10-01T13:17:16+00:00","mainEntityOfPage":{"@id":"https:\/\/centrourbano.com\/revista\/arquitectura-2\/arquitectos-dan-vida-e-identidad-a-las-ciudades\/"},"wordCount":685,"commentCount":0,"publisher":{"@id":"https:\/\/centrourbano.com\/revista\/#organization"},"image":{"@id":"https:\/\/centrourbano.com\/revista\/arquitectura-2\/arquitectos-dan-vida-e-identidad-a-las-ciudades\/#primaryimage"},"thumbnailUrl":"https:\/\/centrourbano.com\/revista\/wp-content\/uploads\/01_museo_soumaya.jpg","keywords":["arquitecto","arquitectura","D\u00eda Nacional del Arquitecto","Enrique Norten","Fernando Romero","Javier Sordo Madaleno","Juan O\u00b4Gorman","Juan Sordo Madaleno","Luis Barrag\u00e1n","Pedro Ram\u00edrez V\u00e1zquez","Ricardo Legorreta","Teodoro Gonz\u00e1lez de Le\u00f3n"],"articleSection":["Arquitectura"],"inLanguage":"es","potentialAction":[{"@type":"CommentAction","name":"Comment","target":["https:\/\/centrourbano.com\/revista\/arquitectura-2\/arquitectos-dan-vida-e-identidad-a-las-ciudades\/#respond"]}]},{"@type":"WebPage","@id":"https:\/\/centrourbano.com\/revista\/arquitectura-2\/arquitectos-dan-vida-e-identidad-a-las-ciudades\/","url":"https:\/\/centrourbano.com\/revista\/arquitectura-2\/arquitectos-dan-vida-e-identidad-a-las-ciudades\/","name":"Arquitectos dan vida e identidad a las ciudades","isPartOf":{"@id":"https:\/\/centrourbano.com\/revista\/#website"},"primaryImageOfPage":{"@id":"https:\/\/centrourbano.com\/revista\/arquitectura-2\/arquitectos-dan-vida-e-identidad-a-las-ciudades\/#primaryimage"},"image":{"@id":"https:\/\/centrourbano.com\/revista\/arquitectura-2\/arquitectos-dan-vida-e-identidad-a-las-ciudades\/#primaryimage"},"thumbnailUrl":"https:\/\/centrourbano.com\/revista\/wp-content\/uploads\/01_museo_soumaya.jpg","datePublished":"2018-10-01T13:17:16+00:00","description":"Desde 2004, cada 1\u00b0 de octubre M\u00e9xico conmemora el D\u00eda Nacional del Arquitecto","breadcrumb":{"@id":"https:\/\/centrourbano.com\/revista\/arquitectura-2\/arquitectos-dan-vida-e-identidad-a-las-ciudades\/#breadcrumb"},"inLanguage":"es","potentialAction":[{"@type":"ReadAction","target":["https:\/\/centrourbano.com\/revista\/arquitectura-2\/arquitectos-dan-vida-e-identidad-a-las-ciudades\/"]}]},{"@type":"ImageObject","inLanguage":"es","@id":"https:\/\/centrourbano.com\/revista\/arquitectura-2\/arquitectos-dan-vida-e-identidad-a-las-ciudades\/#primaryimage","url":"https:\/\/centrourbano.com\/revista\/wp-content\/uploads\/01_museo_soumaya.jpg","contentUrl":"https:\/\/centrourbano.com\/revista\/wp-content\/uploads\/01_museo_soumaya.jpg","width":1200,"height":800},{"@type":"BreadcrumbList","@id":"https:\/\/centrourbano.com\/revista\/arquitectura-2\/arquitectos-dan-vida-e-identidad-a-las-ciudades\/#breadcrumb","itemListElement":[{"@type":"ListItem","position":1,"name":"Portada","item":"https:\/\/centrourbano.com\/revista\/"},{"@type":"ListItem","position":2,"name":"Arquitectos dan vida e identidad a las ciudades"}]},{"@type":"WebSite","@id":"https:\/\/centrourbano.com\/revista\/#website","url":"https:\/\/centrourbano.com\/revista\/","name":"Centro Urbano","description":"Medio especializado en los sectores vivienda, inmobiliario, construcci\u00f3n, arquitectura y urbanismo.","publisher":{"@id":"https:\/\/centrourbano.com\/revista\/#organization"},"potentialAction":[{"@type":"SearchAction","target":{"@type":"EntryPoint","urlTemplate":"https:\/\/centrourbano.com\/revista\/?s={search_term_string}"},"query-input":{"@type":"PropertyValueSpecification","valueRequired":true,"valueName":"search_term_string"}}],"inLanguage":"es"},{"@type":"Organization","@id":"https:\/\/centrourbano.com\/revista\/#organization","name":"Centro Urbano","url":"https:\/\/centrourbano.com\/revista\/","logo":{"@type":"ImageObject","inLanguage":"es","@id":"https:\/\/centrourbano.com\/revista\/#\/schema\/logo\/image\/","url":"https:\/\/centrourbano.com\/revista\/wp-content\/uploads\/web_CU_logo-1.png","contentUrl":"https:\/\/centrourbano.com\/revista\/wp-content\/uploads\/web_CU_logo-1.png","width":350,"height":91,"caption":"Centro Urbano"},"image":{"@id":"https:\/\/centrourbano.com\/revista\/#\/schema\/logo\/image\/"},"sameAs":["https:\/\/www.facebook.com\/portalcentrourbano","https:\/\/x.com\/CentroUrbano","https:\/\/www.instagram.com\/centro_urbano\/","https:\/\/www.linkedin.com\/company\/centro-urbano\/","http:\/\/www.youtube.com\/user\/portalcentrourbano"]},{"@type":"Person","@id":"https:\/\/centrourbano.com\/revista\/#\/schema\/person\/b45db815d96831257ba428a3d5a5fbdc","name":"Dinorah Nava","image":{"@type":"ImageObject","inLanguage":"es","@id":"https:\/\/secure.gravatar.com\/avatar\/f6ca6430c51d147f363940f84e1225aa4b8183885c11802cc3b042305a4ecc1a?s=96&d=mm&r=g","url":"https:\/\/secure.gravatar.com\/avatar\/f6ca6430c51d147f363940f84e1225aa4b8183885c11802cc3b042305a4ecc1a?s=96&d=mm&r=g","contentUrl":"https:\/\/secure.gravatar.com\/avatar\/f6ca6430c51d147f363940f84e1225aa4b8183885c11802cc3b042305a4ecc1a?s=96&d=mm&r=g","caption":"Dinorah Nava"},"description":"Editora de Contenidos y Estrategias Digitales en Centro Urbano y Coeditora en Peri\u00f3dico Mi Casa. Egresada de la licenciatura en Comunicaci\u00f3n y Periodismo de la Facultad de Estudios Superiores Arag\u00f3n (UNAM). Amante de la edici\u00f3n y correcci\u00f3n de estilo, las redes sociales y el mundo digital. Especialista en temas son arquitectura, inmobiliario y urbanismo.","sameAs":["linkedin.com\/in\/dinorah-nava","https:\/\/x.com\/https:\/\/twitter.com\/Dinorah_Nava28"],"url":"https:\/\/centrourbano.com\/revista\/author\/dinorah-nava\/"}]}},"_links":{"self":[{"href":"https:\/\/centrourbano.com\/revista\/wp-json\/wp\/v2\/posts\/79120","targetHints":{"allow":["GET"]}}],"collection":[{"href":"https:\/\/centrourbano.com\/revista\/wp-json\/wp\/v2\/posts"}],"about":[{"href":"https:\/\/centrourbano.com\/revista\/wp-json\/wp\/v2\/types\/post"}],"author":[{"embeddable":true,"href":"https:\/\/centrourbano.com\/revista\/wp-json\/wp\/v2\/users\/9"}],"replies":[{"embeddable":true,"href":"https:\/\/centrourbano.com\/revista\/wp-json\/wp\/v2\/comments?post=79120"}],"version-history":[{"count":1,"href":"https:\/\/centrourbano.com\/revista\/wp-json\/wp\/v2\/posts\/79120\/revisions"}],"predecessor-version":[{"id":79123,"href":"https:\/\/centrourbano.com\/revista\/wp-json\/wp\/v2\/posts\/79120\/revisions\/79123"}],"wp:featuredmedia":[{"embeddable":true,"href":"https:\/\/centrourbano.com\/revista\/wp-json\/wp\/v2\/media\/34767"}],"wp:attachment":[{"href":"https:\/\/centrourbano.com\/revista\/wp-json\/wp\/v2\/media?parent=79120"}],"wp:term":[{"taxonomy":"category","embeddable":true,"href":"https:\/\/centrourbano.com\/revista\/wp-json\/wp\/v2\/categories?post=79120"},{"taxonomy":"post_tag","embeddable":true,"href":"https:\/\/centrourbano.com\/revista\/wp-json\/wp\/v2\/tags?post=79120"}],"curies":[{"name":"wp","href":"https:\/\/api.w.org\/{rel}","templated":true}]}}