{"id":78855,"date":"2018-09-26T09:38:45","date_gmt":"2018-09-26T14:38:45","guid":{"rendered":"https:\/\/centrourbano.com\/?p=78855"},"modified":"2018-09-26T09:38:45","modified_gmt":"2018-09-26T14:38:45","slug":"78855","status":"publish","type":"post","link":"https:\/\/centrourbano.com\/revista\/urbanismo\/78855\/","title":{"rendered":"Conuee apoy\u00f3 en la instalaci\u00f3n de 421,000 luminarias en 40 municipios"},"content":{"rendered":"<p style=\"text-align: left;\"><em>Se busca impulsar la eficiencia energ\u00e9tica a trav\u00e9s de la sustituci\u00f3n de los sistemas ineficientes de alumbrado p\u00fablico municipal<\/em><!--more--><\/p>\n<p>En el marco de la tercera sesi\u00f3n de este a\u00f1o del grupo de trabajo del <strong>Proyecto Nacional de Eficiencia Energ\u00e9tica en Alumbrado P\u00fablico Municipal,\u00a0<\/strong>operado por la <a href=\"https:\/\/www.gob.mx\/conuee\" target=\"_blank\" rel=\"noopener noreferrer\"><strong>Comisi\u00f3n Nacional del Uso Eficiente de la Energ\u00eda (Conuee)<\/strong><\/a>, se dio a conocer que durante la actual administraci\u00f3n se ha trabajado en la ejecuci\u00f3n de 40 proyectos, con una inversi\u00f3n de 2,067 millones de pesos, los cuales se destinaron a la adquisici\u00f3n y la instalaci\u00f3n de 421,000 sistemas de alumbrado p\u00fablico.<\/p>\n<p>Al respecto, el ingeniero H\u00e9ctor F. Ledezma Aguirre, director general adjunto de la Conuee, revel\u00f3 que el avance m\u00e1s destacable del Proyecto Nacional ha sido el ahorro de m\u00e1s de 567 millones de pesos anuales en la factura el\u00e9ctrica de los municipios.<\/p>\n<p>Tambi\u00e9n, mencion\u00f3 la conclusi\u00f3n de los trabajos en El Higo, Veracruz, el cuarto municipio de esa entidad en ser beneficiado por la <strong>Secretar\u00eda de Energ\u00eda (Sener)<\/strong> a trav\u00e9s del <strong>Fondo para la Transici\u00f3n Energ\u00e9tica y el Aprovechamiento Sustentable de la Energ\u00eda (Fotease)<\/strong>.<\/p>\n<p>Por otro lado, Gloria I. Z\u00e1rate Guti\u00e9rrez, directora de Estados y Municipios de la Conuee, resalt\u00f3 la participaci\u00f3n de esta comisi\u00f3n en el Primer Congreso Internacional de Alumbrado P\u00fablico y Ciudades Inteligentes, que se llev\u00f3 a cabo en Colombia; adem\u00e1s de la conclusi\u00f3n de la instalaci\u00f3n de alumbrado p\u00fablico, en Guadalajara, Jalisco.<\/p>\n<p>Finalmente, se hizo la invitaci\u00f3n para que los miembros del grupo asistan al <strong>Foro de Alumbrado P\u00fablico<\/strong>, organizado por la Conuee, y programado para el pr\u00f3ximo mes de octubre, contar\u00e1n con la colaboraci\u00f3n de <strong>The Illuminating Engineering Society (IES Secci\u00f3n M\u00e9xico)<\/strong> y la asistencia de invitados de los sectores p\u00fablico, privado, financiero, industrial y acad\u00e9mico, entre otros.<\/p>\n","protected":false},"excerpt":{"rendered":"<p>Se busca impulsar la eficiencia energ\u00e9tica a trav\u00e9s de la sustituci\u00f3n de los sistemas ineficientes de alumbrado p\u00fablico municipal<\/p>\n","protected":false},"author":66,"featured_media":78857,"comment_status":"open","ping_status":"closed","sticky":false,"template":"","format":"standard","meta":{"om_disable_all_campaigns":false,"inline_featured_image":false,"_monsterinsights_skip_tracking":false,"_monsterinsights_sitenote_active":false,"_monsterinsights_sitenote_note":"","_monsterinsights_sitenote_category":0,"footnotes":""},"categories":[82],"tags":[8097,4820,818,14556,1435],"class_list":["post-78855","post","type-post","status-publish","format-standard","has-post-thumbnail","hentry","category-urbanismo","tag-alumbrado-publico","tag-conuee","tag-energia","tag-fotease","tag-sener"],"yoast_head":"<!-- This site is optimized with the Yoast SEO plugin v27.5 - https:\/\/yoast.com\/product\/yoast-seo-wordpress\/ -->\n<title>Conuee instal\u00f3 421,000 luminarias en 40 municipios del pa\u00eds<\/title>\n<meta name=\"description\" content=\"El Proyecto Nacional tiene como objetivo impulsar la eficiencia energ\u00e9tica a trav\u00e9s de la sustituci\u00f3n de los sistemas ineficientes de alumbrado p\u00fablico\" \/>\n<meta name=\"robots\" content=\"index, follow, max-snippet:-1, max-image-preview:large, max-video-preview:-1\" \/>\n<link rel=\"canonical\" href=\"https:\/\/centrourbano.com\/revista\/urbanismo\/78855\/\" \/>\n<meta property=\"og:locale\" content=\"es_ES\" \/>\n<meta property=\"og:type\" content=\"article\" \/>\n<meta property=\"og:title\" content=\"Conuee instal\u00f3 421,000 luminarias en 40 municipios del pa\u00eds\" \/>\n<meta property=\"og:description\" content=\"El Proyecto Nacional tiene como objetivo impulsar la eficiencia energ\u00e9tica a trav\u00e9s de la sustituci\u00f3n de los sistemas ineficientes de alumbrado p\u00fablico\" \/>\n<meta property=\"og:url\" content=\"https:\/\/centrourbano.com\/revista\/urbanismo\/78855\/\" \/>\n<meta property=\"og:site_name\" content=\"Centro Urbano\" \/>\n<meta property=\"article:publisher\" content=\"https:\/\/www.facebook.com\/portalcentrourbano\" \/>\n<meta property=\"article:published_time\" content=\"2018-09-26T14:38:45+00:00\" \/>\n<meta property=\"og:image\" content=\"https:\/\/centrourbano.com\/revista\/wp-content\/uploads\/CozumelEficiencia.jpg\" \/>\n\t<meta property=\"og:image:width\" content=\"650\" \/>\n\t<meta property=\"og:image:height\" content=\"399\" \/>\n\t<meta property=\"og:image:type\" content=\"image\/jpeg\" \/>\n<meta name=\"author\" content=\"Valeria G\u00f3mez\" \/>\n<meta name=\"twitter:card\" content=\"summary_large_image\" \/>\n<meta name=\"twitter:creator\" content=\"@CentroUrbano\" \/>\n<meta name=\"twitter:site\" content=\"@CentroUrbano\" \/>\n<meta name=\"twitter:label1\" content=\"Escrito por\" \/>\n\t<meta name=\"twitter:data1\" content=\"Valeria G\u00f3mez\" \/>\n\t<meta name=\"twitter:label2\" content=\"Tiempo de lectura\" \/>\n\t<meta name=\"twitter:data2\" content=\"2 minutos\" \/>\n<script type=\"application\/ld+json\" class=\"yoast-schema-graph\">{\"@context\":\"https:\\\/\\\/schema.org\",\"@graph\":[{\"@type\":\"Article\",\"@id\":\"https:\\\/\\\/centrourbano.com\\\/revista\\\/urbanismo\\\/78855\\\/#article\",\"isPartOf\":{\"@id\":\"https:\\\/\\\/centrourbano.com\\\/revista\\\/urbanismo\\\/78855\\\/\"},\"author\":{\"name\":\"Valeria G\u00f3mez\",\"@id\":\"https:\\\/\\\/centrourbano.com\\\/revista\\\/#\\\/schema\\\/person\\\/9cf11ab4e6c4a7be90b5ceaeaf5b1697\"},\"headline\":\"Conuee apoy\u00f3 en la instalaci\u00f3n de 421,000 luminarias en 40 municipios\",\"datePublished\":\"2018-09-26T14:38:45+00:00\",\"mainEntityOfPage\":{\"@id\":\"https:\\\/\\\/centrourbano.com\\\/revista\\\/urbanismo\\\/78855\\\/\"},\"wordCount\":342,\"commentCount\":0,\"publisher\":{\"@id\":\"https:\\\/\\\/centrourbano.com\\\/revista\\\/#organization\"},\"image\":{\"@id\":\"https:\\\/\\\/centrourbano.com\\\/revista\\\/urbanismo\\\/78855\\\/#primaryimage\"},\"thumbnailUrl\":\"https:\\\/\\\/centrourbano.com\\\/revista\\\/wp-content\\\/uploads\\\/CozumelEficiencia.jpg\",\"keywords\":[\"alumbrado p\u00fablico\",\"Conuee\",\"energ\u00eda\",\"Fotease\",\"Sener\"],\"articleSection\":[\"Urbanismo\"],\"inLanguage\":\"es\",\"potentialAction\":[{\"@type\":\"CommentAction\",\"name\":\"Comment\",\"target\":[\"https:\\\/\\\/centrourbano.com\\\/revista\\\/urbanismo\\\/78855\\\/#respond\"]}]},{\"@type\":\"WebPage\",\"@id\":\"https:\\\/\\\/centrourbano.com\\\/revista\\\/urbanismo\\\/78855\\\/\",\"url\":\"https:\\\/\\\/centrourbano.com\\\/revista\\\/urbanismo\\\/78855\\\/\",\"name\":\"Conuee instal\u00f3 421,000 luminarias en 40 municipios del pa\u00eds\",\"isPartOf\":{\"@id\":\"https:\\\/\\\/centrourbano.com\\\/revista\\\/#website\"},\"primaryImageOfPage\":{\"@id\":\"https:\\\/\\\/centrourbano.com\\\/revista\\\/urbanismo\\\/78855\\\/#primaryimage\"},\"image\":{\"@id\":\"https:\\\/\\\/centrourbano.com\\\/revista\\\/urbanismo\\\/78855\\\/#primaryimage\"},\"thumbnailUrl\":\"https:\\\/\\\/centrourbano.com\\\/revista\\\/wp-content\\\/uploads\\\/CozumelEficiencia.jpg\",\"datePublished\":\"2018-09-26T14:38:45+00:00\",\"description\":\"El Proyecto Nacional tiene como objetivo impulsar la eficiencia energ\u00e9tica a trav\u00e9s de la sustituci\u00f3n de los sistemas ineficientes de alumbrado p\u00fablico\",\"breadcrumb\":{\"@id\":\"https:\\\/\\\/centrourbano.com\\\/revista\\\/urbanismo\\\/78855\\\/#breadcrumb\"},\"inLanguage\":\"es\",\"potentialAction\":[{\"@type\":\"ReadAction\",\"target\":[\"https:\\\/\\\/centrourbano.com\\\/revista\\\/urbanismo\\\/78855\\\/\"]}]},{\"@type\":\"ImageObject\",\"inLanguage\":\"es\",\"@id\":\"https:\\\/\\\/centrourbano.com\\\/revista\\\/urbanismo\\\/78855\\\/#primaryimage\",\"url\":\"https:\\\/\\\/centrourbano.com\\\/revista\\\/wp-content\\\/uploads\\\/CozumelEficiencia.jpg\",\"contentUrl\":\"https:\\\/\\\/centrourbano.com\\\/revista\\\/wp-content\\\/uploads\\\/CozumelEficiencia.jpg\",\"width\":650,\"height\":399,\"caption\":\"El Proyecto Nacional tiene como objetivo impulsar la eficiencia energ\u00e9tica a trav\u00e9s de la sustituci\u00f3n de los sistemas ineficientes de alumbrado p\u00fablico\"},{\"@type\":\"BreadcrumbList\",\"@id\":\"https:\\\/\\\/centrourbano.com\\\/revista\\\/urbanismo\\\/78855\\\/#breadcrumb\",\"itemListElement\":[{\"@type\":\"ListItem\",\"position\":1,\"name\":\"Portada\",\"item\":\"https:\\\/\\\/centrourbano.com\\\/revista\\\/\"},{\"@type\":\"ListItem\",\"position\":2,\"name\":\"Conuee apoy\u00f3 en la instalaci\u00f3n de 421,000 luminarias en 40 municipios\"}]},{\"@type\":\"WebSite\",\"@id\":\"https:\\\/\\\/centrourbano.com\\\/revista\\\/#website\",\"url\":\"https:\\\/\\\/centrourbano.com\\\/revista\\\/\",\"name\":\"Centro Urbano\",\"description\":\"Medio especializado en los sectores vivienda, inmobiliario, construcci\u00f3n, arquitectura y urbanismo.\",\"publisher\":{\"@id\":\"https:\\\/\\\/centrourbano.com\\\/revista\\\/#organization\"},\"potentialAction\":[{\"@type\":\"SearchAction\",\"target\":{\"@type\":\"EntryPoint\",\"urlTemplate\":\"https:\\\/\\\/centrourbano.com\\\/revista\\\/?s={search_term_string}\"},\"query-input\":{\"@type\":\"PropertyValueSpecification\",\"valueRequired\":true,\"valueName\":\"search_term_string\"}}],\"inLanguage\":\"es\"},{\"@type\":\"Organization\",\"@id\":\"https:\\\/\\\/centrourbano.com\\\/revista\\\/#organization\",\"name\":\"Centro Urbano\",\"url\":\"https:\\\/\\\/centrourbano.com\\\/revista\\\/\",\"logo\":{\"@type\":\"ImageObject\",\"inLanguage\":\"es\",\"@id\":\"https:\\\/\\\/centrourbano.com\\\/revista\\\/#\\\/schema\\\/logo\\\/image\\\/\",\"url\":\"https:\\\/\\\/centrourbano.com\\\/revista\\\/wp-content\\\/uploads\\\/web_CU_logo-1.png\",\"contentUrl\":\"https:\\\/\\\/centrourbano.com\\\/revista\\\/wp-content\\\/uploads\\\/web_CU_logo-1.png\",\"width\":350,\"height\":91,\"caption\":\"Centro Urbano\"},\"image\":{\"@id\":\"https:\\\/\\\/centrourbano.com\\\/revista\\\/#\\\/schema\\\/logo\\\/image\\\/\"},\"sameAs\":[\"https:\\\/\\\/www.facebook.com\\\/portalcentrourbano\",\"https:\\\/\\\/x.com\\\/CentroUrbano\",\"https:\\\/\\\/www.instagram.com\\\/centro_urbano\\\/\",\"https:\\\/\\\/www.linkedin.com\\\/company\\\/centro-urbano\\\/\",\"http:\\\/\\\/www.youtube.com\\\/user\\\/portalcentrourbano\"]},{\"@type\":\"Person\",\"@id\":\"https:\\\/\\\/centrourbano.com\\\/revista\\\/#\\\/schema\\\/person\\\/9cf11ab4e6c4a7be90b5ceaeaf5b1697\",\"name\":\"Valeria G\u00f3mez\",\"image\":{\"@type\":\"ImageObject\",\"inLanguage\":\"es\",\"@id\":\"https:\\\/\\\/secure.gravatar.com\\\/avatar\\\/6ac5ee2437ce720c0a29924adbc5914a56612f0ad0b8555914b4f2b27832582f?s=96&d=mm&r=g\",\"url\":\"https:\\\/\\\/secure.gravatar.com\\\/avatar\\\/6ac5ee2437ce720c0a29924adbc5914a56612f0ad0b8555914b4f2b27832582f?s=96&d=mm&r=g\",\"contentUrl\":\"https:\\\/\\\/secure.gravatar.com\\\/avatar\\\/6ac5ee2437ce720c0a29924adbc5914a56612f0ad0b8555914b4f2b27832582f?s=96&d=mm&r=g\",\"caption\":\"Valeria G\u00f3mez\"},\"url\":\"https:\\\/\\\/centrourbano.com\\\/revista\\\/author\\\/valeria-gomez\\\/\"}]}<\/script>\n<!-- \/ Yoast SEO plugin. -->","yoast_head_json":{"title":"Conuee instal\u00f3 421,000 luminarias en 40 municipios del pa\u00eds","description":"El Proyecto Nacional tiene como objetivo impulsar la eficiencia energ\u00e9tica a trav\u00e9s de la sustituci\u00f3n de los sistemas ineficientes de alumbrado p\u00fablico","robots":{"index":"index","follow":"follow","max-snippet":"max-snippet:-1","max-image-preview":"max-image-preview:large","max-video-preview":"max-video-preview:-1"},"canonical":"https:\/\/centrourbano.com\/revista\/urbanismo\/78855\/","og_locale":"es_ES","og_type":"article","og_title":"Conuee instal\u00f3 421,000 luminarias en 40 municipios del pa\u00eds","og_description":"El Proyecto Nacional tiene como objetivo impulsar la eficiencia energ\u00e9tica a trav\u00e9s de la sustituci\u00f3n de los sistemas ineficientes de alumbrado p\u00fablico","og_url":"https:\/\/centrourbano.com\/revista\/urbanismo\/78855\/","og_site_name":"Centro Urbano","article_publisher":"https:\/\/www.facebook.com\/portalcentrourbano","article_published_time":"2018-09-26T14:38:45+00:00","og_image":[{"width":650,"height":399,"url":"https:\/\/centrourbano.com\/revista\/wp-content\/uploads\/CozumelEficiencia.jpg","type":"image\/jpeg"}],"author":"Valeria G\u00f3mez","twitter_card":"summary_large_image","twitter_creator":"@CentroUrbano","twitter_site":"@CentroUrbano","twitter_misc":{"Escrito por":"Valeria G\u00f3mez","Tiempo de lectura":"2 minutos"},"schema":{"@context":"https:\/\/schema.org","@graph":[{"@type":"Article","@id":"https:\/\/centrourbano.com\/revista\/urbanismo\/78855\/#article","isPartOf":{"@id":"https:\/\/centrourbano.com\/revista\/urbanismo\/78855\/"},"author":{"name":"Valeria G\u00f3mez","@id":"https:\/\/centrourbano.com\/revista\/#\/schema\/person\/9cf11ab4e6c4a7be90b5ceaeaf5b1697"},"headline":"Conuee apoy\u00f3 en la instalaci\u00f3n de 421,000 luminarias en 40 municipios","datePublished":"2018-09-26T14:38:45+00:00","mainEntityOfPage":{"@id":"https:\/\/centrourbano.com\/revista\/urbanismo\/78855\/"},"wordCount":342,"commentCount":0,"publisher":{"@id":"https:\/\/centrourbano.com\/revista\/#organization"},"image":{"@id":"https:\/\/centrourbano.com\/revista\/urbanismo\/78855\/#primaryimage"},"thumbnailUrl":"https:\/\/centrourbano.com\/revista\/wp-content\/uploads\/CozumelEficiencia.jpg","keywords":["alumbrado p\u00fablico","Conuee","energ\u00eda","Fotease","Sener"],"articleSection":["Urbanismo"],"inLanguage":"es","potentialAction":[{"@type":"CommentAction","name":"Comment","target":["https:\/\/centrourbano.com\/revista\/urbanismo\/78855\/#respond"]}]},{"@type":"WebPage","@id":"https:\/\/centrourbano.com\/revista\/urbanismo\/78855\/","url":"https:\/\/centrourbano.com\/revista\/urbanismo\/78855\/","name":"Conuee instal\u00f3 421,000 luminarias en 40 municipios del pa\u00eds","isPartOf":{"@id":"https:\/\/centrourbano.com\/revista\/#website"},"primaryImageOfPage":{"@id":"https:\/\/centrourbano.com\/revista\/urbanismo\/78855\/#primaryimage"},"image":{"@id":"https:\/\/centrourbano.com\/revista\/urbanismo\/78855\/#primaryimage"},"thumbnailUrl":"https:\/\/centrourbano.com\/revista\/wp-content\/uploads\/CozumelEficiencia.jpg","datePublished":"2018-09-26T14:38:45+00:00","description":"El Proyecto Nacional tiene como objetivo impulsar la eficiencia energ\u00e9tica a trav\u00e9s de la sustituci\u00f3n de los sistemas ineficientes de alumbrado p\u00fablico","breadcrumb":{"@id":"https:\/\/centrourbano.com\/revista\/urbanismo\/78855\/#breadcrumb"},"inLanguage":"es","potentialAction":[{"@type":"ReadAction","target":["https:\/\/centrourbano.com\/revista\/urbanismo\/78855\/"]}]},{"@type":"ImageObject","inLanguage":"es","@id":"https:\/\/centrourbano.com\/revista\/urbanismo\/78855\/#primaryimage","url":"https:\/\/centrourbano.com\/revista\/wp-content\/uploads\/CozumelEficiencia.jpg","contentUrl":"https:\/\/centrourbano.com\/revista\/wp-content\/uploads\/CozumelEficiencia.jpg","width":650,"height":399,"caption":"El Proyecto Nacional tiene como objetivo impulsar la eficiencia energ\u00e9tica a trav\u00e9s de la sustituci\u00f3n de los sistemas ineficientes de alumbrado p\u00fablico"},{"@type":"BreadcrumbList","@id":"https:\/\/centrourbano.com\/revista\/urbanismo\/78855\/#breadcrumb","itemListElement":[{"@type":"ListItem","position":1,"name":"Portada","item":"https:\/\/centrourbano.com\/revista\/"},{"@type":"ListItem","position":2,"name":"Conuee apoy\u00f3 en la instalaci\u00f3n de 421,000 luminarias en 40 municipios"}]},{"@type":"WebSite","@id":"https:\/\/centrourbano.com\/revista\/#website","url":"https:\/\/centrourbano.com\/revista\/","name":"Centro Urbano","description":"Medio especializado en los sectores vivienda, inmobiliario, construcci\u00f3n, arquitectura y urbanismo.","publisher":{"@id":"https:\/\/centrourbano.com\/revista\/#organization"},"potentialAction":[{"@type":"SearchAction","target":{"@type":"EntryPoint","urlTemplate":"https:\/\/centrourbano.com\/revista\/?s={search_term_string}"},"query-input":{"@type":"PropertyValueSpecification","valueRequired":true,"valueName":"search_term_string"}}],"inLanguage":"es"},{"@type":"Organization","@id":"https:\/\/centrourbano.com\/revista\/#organization","name":"Centro Urbano","url":"https:\/\/centrourbano.com\/revista\/","logo":{"@type":"ImageObject","inLanguage":"es","@id":"https:\/\/centrourbano.com\/revista\/#\/schema\/logo\/image\/","url":"https:\/\/centrourbano.com\/revista\/wp-content\/uploads\/web_CU_logo-1.png","contentUrl":"https:\/\/centrourbano.com\/revista\/wp-content\/uploads\/web_CU_logo-1.png","width":350,"height":91,"caption":"Centro Urbano"},"image":{"@id":"https:\/\/centrourbano.com\/revista\/#\/schema\/logo\/image\/"},"sameAs":["https:\/\/www.facebook.com\/portalcentrourbano","https:\/\/x.com\/CentroUrbano","https:\/\/www.instagram.com\/centro_urbano\/","https:\/\/www.linkedin.com\/company\/centro-urbano\/","http:\/\/www.youtube.com\/user\/portalcentrourbano"]},{"@type":"Person","@id":"https:\/\/centrourbano.com\/revista\/#\/schema\/person\/9cf11ab4e6c4a7be90b5ceaeaf5b1697","name":"Valeria G\u00f3mez","image":{"@type":"ImageObject","inLanguage":"es","@id":"https:\/\/secure.gravatar.com\/avatar\/6ac5ee2437ce720c0a29924adbc5914a56612f0ad0b8555914b4f2b27832582f?s=96&d=mm&r=g","url":"https:\/\/secure.gravatar.com\/avatar\/6ac5ee2437ce720c0a29924adbc5914a56612f0ad0b8555914b4f2b27832582f?s=96&d=mm&r=g","contentUrl":"https:\/\/secure.gravatar.com\/avatar\/6ac5ee2437ce720c0a29924adbc5914a56612f0ad0b8555914b4f2b27832582f?s=96&d=mm&r=g","caption":"Valeria G\u00f3mez"},"url":"https:\/\/centrourbano.com\/revista\/author\/valeria-gomez\/"}]}},"_links":{"self":[{"href":"https:\/\/centrourbano.com\/revista\/wp-json\/wp\/v2\/posts\/78855","targetHints":{"allow":["GET"]}}],"collection":[{"href":"https:\/\/centrourbano.com\/revista\/wp-json\/wp\/v2\/posts"}],"about":[{"href":"https:\/\/centrourbano.com\/revista\/wp-json\/wp\/v2\/types\/post"}],"author":[{"embeddable":true,"href":"https:\/\/centrourbano.com\/revista\/wp-json\/wp\/v2\/users\/66"}],"replies":[{"embeddable":true,"href":"https:\/\/centrourbano.com\/revista\/wp-json\/wp\/v2\/comments?post=78855"}],"version-history":[{"count":3,"href":"https:\/\/centrourbano.com\/revista\/wp-json\/wp\/v2\/posts\/78855\/revisions"}],"predecessor-version":[{"id":78876,"href":"https:\/\/centrourbano.com\/revista\/wp-json\/wp\/v2\/posts\/78855\/revisions\/78876"}],"wp:featuredmedia":[{"embeddable":true,"href":"https:\/\/centrourbano.com\/revista\/wp-json\/wp\/v2\/media\/78857"}],"wp:attachment":[{"href":"https:\/\/centrourbano.com\/revista\/wp-json\/wp\/v2\/media?parent=78855"}],"wp:term":[{"taxonomy":"category","embeddable":true,"href":"https:\/\/centrourbano.com\/revista\/wp-json\/wp\/v2\/categories?post=78855"},{"taxonomy":"post_tag","embeddable":true,"href":"https:\/\/centrourbano.com\/revista\/wp-json\/wp\/v2\/tags?post=78855"}],"curies":[{"name":"wp","href":"https:\/\/api.w.org\/{rel}","templated":true}]}}