{"id":7881,"date":"2014-06-20T11:11:53","date_gmt":"2014-06-20T16:11:53","guid":{"rendered":"http:\/\/centrourbano.com\/?p=7881"},"modified":"2014-06-20T11:16:16","modified_gmt":"2014-06-20T16:16:16","slug":"sedatu-entrega-apoyos-para-vivienda-en-durango","status":"publish","type":"post","link":"https:\/\/centrourbano.com\/revista\/vivienda\/sedatu-entrega-apoyos-para-vivienda-en-durango\/","title":{"rendered":"Sedatu entrega apoyos para vivienda en Durango"},"content":{"rendered":"<p>&nbsp;<\/p>\n<p><em>Adem\u00e1s fueron inaugurados un Boulevard y Deportivo, como la Feria Estatal de Vivienda<\/em><!--more--><\/p>\n<p>Dentro de las Jornadas Estatales de Vivienda, el titular de la Sedatu Jorge Carlos Ram\u00edrez Mar\u00edn realiz\u00f3 una gira por Durango donde se entregaron apoyos para vivienda y escrituras; se inaugur\u00f3 el Boulevard de La Juventud, as\u00ed como el Centro Deportivo El Cuartelazo, para elementos de seguridad estatales y se puso en marcha la Feria Estatal de Vivienda.<\/p>\n<p>Acompa\u00f1ado del gobernador del estado, Jorge Herrera Caldera, el secretario subray\u00f3 que Durango tiene una cifra record en el uso de recursos para convertir viviendas precarias un casas dignas y record\u00f3 que este a\u00f1o el Gobierno Federal destina 12 mil 600 millones de pesos en subsidios, los cuales se traducen en apoyos por 64 mil pesos para cada vivienda.<\/p>\n<p>Durante el acto el Fideicomiso Fondo Nacional de Habitaciones Populares entreg\u00f3 apoyos para la ampliaci\u00f3n de vivienda, y varias familias recibieron las llaves de sus casas adquiridas con cr\u00e9dito del Infonavit y de la Sociedad Hipotecaria Federal, adem\u00e1s de que la Comisi\u00f3n para la Regularizaci\u00f3n de la Tenencia de la Tierra y el Fovissste entregaron escrituras.<\/p>\n<p>Posteriormente, Ram\u00edrez Mar\u00edn inaugur\u00f3 el centro deportivo \u2018El Cuartelazo\u2019 para los elementos de la polic\u00eda estatal y sus familias, el cual cuenta con alberca techada, gimnasio, canchas de basquetbol y front\u00f3n, juegos infantiles y sal\u00f3n para eventos.<\/p>\n<p>Se detall\u00f3 que para la construcci\u00f3n de este deportivo se invirtieron 23 millones de pesos por parte de la Sedatu, como parte del programa de Rescate de Espacios P\u00fablicos y la misma cantidad por parte del gobierno del estado, con el objetivo de dar a las familias de los polic\u00edas un lugar digno para la convivencia.<\/p>\n<p>Asimismo, se inaugur\u00f3 el Boulevard de la Juventud. En ese punto, se explic\u00f3 que esta vialidad fue afectada por las lluvias de septiembre del a\u00f1o pasado, por lo que la Secretar\u00eda, con recursos del Fondo de Desastres Naturales, rehabilit\u00f3 sus m\u00e1s de 69 mil metros cuadrados, con una inversi\u00f3n de 25 millones de pesos.<\/p>\n<p>Finalmente, se hizo un recorrido por la Feria Estatal de la Vivienda donde los organismos nacionales de vivienda tienen stands abiertos al p\u00fablico para ofrecer diferentes opciones para adquirir o mejorar su casa a las familias de esta entidad.<\/p>\n<p>Estuvieron presentes los titulares de la Conavi Paloma Silva; de Sociedad Hipotecaria Federal Jes\u00fas Alberto Cano V\u00e9lez; el director general del programa de Rescate de Espacios P\u00fablicos Silvio Lagos; y el presidente de la Canadevi, Fernando Abusaid; as\u00ed como representantes de Infonavit, Fovissste y Corett.<\/p>\n","protected":false},"excerpt":{"rendered":"<p>&nbsp; Adem\u00e1s fueron inaugurados un Boulevard y Deportivo, como la Feria Estatal de Vivienda<\/p>\n","protected":false},"author":18,"featured_media":0,"comment_status":"open","ping_status":"closed","sticky":false,"template":"","format":"standard","meta":{"om_disable_all_campaigns":false,"inline_featured_image":false,"_monsterinsights_skip_tracking":false,"_monsterinsights_sitenote_active":false,"_monsterinsights_sitenote_note":"","_monsterinsights_sitenote_category":0,"footnotes":""},"categories":[12],"tags":[312,1799,105,60],"class_list":["post-7881","post","type-post","status-publish","format-standard","hentry","category-vivienda","tag-durango","tag-feria-estatal-de-vivienda","tag-sedatu","tag-vivienda-2"],"yoast_head":"<!-- This site is optimized with the Yoast SEO plugin v27.4 - https:\/\/yoast.com\/product\/yoast-seo-wordpress\/ -->\n<title>Sedatu entrega apoyos para vivienda en Durango -<\/title>\n<meta name=\"description\" content=\"&nbsp; Adem\u00e1s fueron inaugurados un Boulevard y Deportivo, como la Feria Estatal de Vivienda Dentro de las Jornadas Estatales de Vivienda, el titular de\" \/>\n<meta name=\"robots\" content=\"index, follow, max-snippet:-1, max-image-preview:large, max-video-preview:-1\" \/>\n<link rel=\"canonical\" href=\"https:\/\/centrourbano.com\/revista\/vivienda\/sedatu-entrega-apoyos-para-vivienda-en-durango\/\" \/>\n<meta property=\"og:locale\" content=\"es_ES\" \/>\n<meta property=\"og:type\" content=\"article\" \/>\n<meta property=\"og:title\" content=\"Sedatu entrega apoyos para vivienda en Durango -\" \/>\n<meta property=\"og:description\" content=\"&nbsp; Adem\u00e1s fueron inaugurados un Boulevard y Deportivo, como la Feria Estatal de Vivienda Dentro de las Jornadas Estatales de Vivienda, el titular de\" \/>\n<meta property=\"og:url\" content=\"https:\/\/centrourbano.com\/revista\/vivienda\/sedatu-entrega-apoyos-para-vivienda-en-durango\/\" \/>\n<meta property=\"og:site_name\" content=\"Centro Urbano\" \/>\n<meta property=\"article:publisher\" content=\"https:\/\/www.facebook.com\/portalcentrourbano\" \/>\n<meta property=\"article:published_time\" content=\"2014-06-20T16:11:53+00:00\" \/>\n<meta property=\"article:modified_time\" content=\"2014-06-20T16:16:16+00:00\" \/>\n<meta property=\"og:image\" content=\"https:\/\/centrourbano.com\/revista\/wp-content\/uploads\/CU-logo.png\" \/>\n\t<meta property=\"og:image:width\" content=\"350\" \/>\n\t<meta property=\"og:image:height\" content=\"91\" \/>\n\t<meta property=\"og:image:type\" content=\"image\/png\" \/>\n<meta name=\"author\" content=\"Carlos Garc\u00eda\" \/>\n<meta name=\"twitter:card\" content=\"summary_large_image\" \/>\n<meta name=\"twitter:creator\" content=\"@CentroUrbano\" \/>\n<meta name=\"twitter:site\" content=\"@CentroUrbano\" \/>\n<meta name=\"twitter:label1\" content=\"Escrito por\" \/>\n\t<meta name=\"twitter:data1\" content=\"Carlos Garc\u00eda\" \/>\n\t<meta name=\"twitter:label2\" content=\"Tiempo de lectura\" \/>\n\t<meta name=\"twitter:data2\" content=\"2 minutos\" \/>\n<script type=\"application\/ld+json\" class=\"yoast-schema-graph\">{\"@context\":\"https:\\\/\\\/schema.org\",\"@graph\":[{\"@type\":\"Article\",\"@id\":\"https:\\\/\\\/centrourbano.com\\\/revista\\\/vivienda\\\/sedatu-entrega-apoyos-para-vivienda-en-durango\\\/#article\",\"isPartOf\":{\"@id\":\"https:\\\/\\\/centrourbano.com\\\/revista\\\/vivienda\\\/sedatu-entrega-apoyos-para-vivienda-en-durango\\\/\"},\"author\":{\"name\":\"Carlos Garc\u00eda\",\"@id\":\"https:\\\/\\\/centrourbano.com\\\/revista\\\/#\\\/schema\\\/person\\\/15622a07e4c485a93b48c9ff1145007c\"},\"headline\":\"Sedatu entrega apoyos para vivienda en Durango\",\"datePublished\":\"2014-06-20T16:11:53+00:00\",\"dateModified\":\"2014-06-20T16:16:16+00:00\",\"mainEntityOfPage\":{\"@id\":\"https:\\\/\\\/centrourbano.com\\\/revista\\\/vivienda\\\/sedatu-entrega-apoyos-para-vivienda-en-durango\\\/\"},\"wordCount\":445,\"commentCount\":0,\"publisher\":{\"@id\":\"https:\\\/\\\/centrourbano.com\\\/revista\\\/#organization\"},\"keywords\":[\"Durango\",\"Feria Estatal de Vivienda\",\"Sedatu\",\"vivienda\"],\"articleSection\":[\"Vivienda\"],\"inLanguage\":\"es\",\"potentialAction\":[{\"@type\":\"CommentAction\",\"name\":\"Comment\",\"target\":[\"https:\\\/\\\/centrourbano.com\\\/revista\\\/vivienda\\\/sedatu-entrega-apoyos-para-vivienda-en-durango\\\/#respond\"]}]},{\"@type\":\"WebPage\",\"@id\":\"https:\\\/\\\/centrourbano.com\\\/revista\\\/vivienda\\\/sedatu-entrega-apoyos-para-vivienda-en-durango\\\/\",\"url\":\"https:\\\/\\\/centrourbano.com\\\/revista\\\/vivienda\\\/sedatu-entrega-apoyos-para-vivienda-en-durango\\\/\",\"name\":\"Sedatu entrega apoyos para vivienda en Durango -\",\"isPartOf\":{\"@id\":\"https:\\\/\\\/centrourbano.com\\\/revista\\\/#website\"},\"datePublished\":\"2014-06-20T16:11:53+00:00\",\"dateModified\":\"2014-06-20T16:16:16+00:00\",\"description\":\"&nbsp; Adem\u00e1s fueron inaugurados un Boulevard y Deportivo, como la Feria Estatal de Vivienda Dentro de las Jornadas Estatales de Vivienda, el titular de\",\"breadcrumb\":{\"@id\":\"https:\\\/\\\/centrourbano.com\\\/revista\\\/vivienda\\\/sedatu-entrega-apoyos-para-vivienda-en-durango\\\/#breadcrumb\"},\"inLanguage\":\"es\",\"potentialAction\":[{\"@type\":\"ReadAction\",\"target\":[\"https:\\\/\\\/centrourbano.com\\\/revista\\\/vivienda\\\/sedatu-entrega-apoyos-para-vivienda-en-durango\\\/\"]}]},{\"@type\":\"BreadcrumbList\",\"@id\":\"https:\\\/\\\/centrourbano.com\\\/revista\\\/vivienda\\\/sedatu-entrega-apoyos-para-vivienda-en-durango\\\/#breadcrumb\",\"itemListElement\":[{\"@type\":\"ListItem\",\"position\":1,\"name\":\"Portada\",\"item\":\"https:\\\/\\\/centrourbano.com\\\/revista\\\/\"},{\"@type\":\"ListItem\",\"position\":2,\"name\":\"Sedatu entrega apoyos para vivienda en Durango\"}]},{\"@type\":\"WebSite\",\"@id\":\"https:\\\/\\\/centrourbano.com\\\/revista\\\/#website\",\"url\":\"https:\\\/\\\/centrourbano.com\\\/revista\\\/\",\"name\":\"Centro Urbano\",\"description\":\"Medio especializado en los sectores vivienda, inmobiliario, construcci\u00f3n, arquitectura y urbanismo.\",\"publisher\":{\"@id\":\"https:\\\/\\\/centrourbano.com\\\/revista\\\/#organization\"},\"potentialAction\":[{\"@type\":\"SearchAction\",\"target\":{\"@type\":\"EntryPoint\",\"urlTemplate\":\"https:\\\/\\\/centrourbano.com\\\/revista\\\/?s={search_term_string}\"},\"query-input\":{\"@type\":\"PropertyValueSpecification\",\"valueRequired\":true,\"valueName\":\"search_term_string\"}}],\"inLanguage\":\"es\"},{\"@type\":\"Organization\",\"@id\":\"https:\\\/\\\/centrourbano.com\\\/revista\\\/#organization\",\"name\":\"Centro Urbano\",\"url\":\"https:\\\/\\\/centrourbano.com\\\/revista\\\/\",\"logo\":{\"@type\":\"ImageObject\",\"inLanguage\":\"es\",\"@id\":\"https:\\\/\\\/centrourbano.com\\\/revista\\\/#\\\/schema\\\/logo\\\/image\\\/\",\"url\":\"https:\\\/\\\/centrourbano.com\\\/revista\\\/wp-content\\\/uploads\\\/web_CU_logo-1.png\",\"contentUrl\":\"https:\\\/\\\/centrourbano.com\\\/revista\\\/wp-content\\\/uploads\\\/web_CU_logo-1.png\",\"width\":350,\"height\":91,\"caption\":\"Centro Urbano\"},\"image\":{\"@id\":\"https:\\\/\\\/centrourbano.com\\\/revista\\\/#\\\/schema\\\/logo\\\/image\\\/\"},\"sameAs\":[\"https:\\\/\\\/www.facebook.com\\\/portalcentrourbano\",\"https:\\\/\\\/x.com\\\/CentroUrbano\",\"https:\\\/\\\/www.instagram.com\\\/centro_urbano\\\/\",\"https:\\\/\\\/www.linkedin.com\\\/company\\\/centro-urbano\\\/\",\"http:\\\/\\\/www.youtube.com\\\/user\\\/portalcentrourbano\"]},{\"@type\":\"Person\",\"@id\":\"https:\\\/\\\/centrourbano.com\\\/revista\\\/#\\\/schema\\\/person\\\/15622a07e4c485a93b48c9ff1145007c\",\"name\":\"Carlos Garc\u00eda\",\"image\":{\"@type\":\"ImageObject\",\"inLanguage\":\"es\",\"@id\":\"https:\\\/\\\/secure.gravatar.com\\\/avatar\\\/ad33530f6be00b0762054ba3ddee6e4b9824204d9c8315794c64a7f5841e5add?s=96&d=mm&r=g\",\"url\":\"https:\\\/\\\/secure.gravatar.com\\\/avatar\\\/ad33530f6be00b0762054ba3ddee6e4b9824204d9c8315794c64a7f5841e5add?s=96&d=mm&r=g\",\"contentUrl\":\"https:\\\/\\\/secure.gravatar.com\\\/avatar\\\/ad33530f6be00b0762054ba3ddee6e4b9824204d9c8315794c64a7f5841e5add?s=96&d=mm&r=g\",\"caption\":\"Carlos Garc\u00eda\"},\"description\":\"Egresado de la carrera de Ciencias de la Comunicaci\u00f3n con diplomado de Periodismo Deportivo. Se ha desempe\u00f1ado como reportero y redactor de deportes, como en otras \u00e1reas. Actualmente trabaja en Centro Urbano. Amante del cine, los Beatles, futbol, lucha libre y los viajes.\",\"url\":\"https:\\\/\\\/centrourbano.com\\\/revista\\\/author\\\/carlos-garcia\\\/\"}]}<\/script>\n<!-- \/ Yoast SEO plugin. -->","yoast_head_json":{"title":"Sedatu entrega apoyos para vivienda en Durango -","description":"&nbsp; Adem\u00e1s fueron inaugurados un Boulevard y Deportivo, como la Feria Estatal de Vivienda Dentro de las Jornadas Estatales de Vivienda, el titular de","robots":{"index":"index","follow":"follow","max-snippet":"max-snippet:-1","max-image-preview":"max-image-preview:large","max-video-preview":"max-video-preview:-1"},"canonical":"https:\/\/centrourbano.com\/revista\/vivienda\/sedatu-entrega-apoyos-para-vivienda-en-durango\/","og_locale":"es_ES","og_type":"article","og_title":"Sedatu entrega apoyos para vivienda en Durango -","og_description":"&nbsp; Adem\u00e1s fueron inaugurados un Boulevard y Deportivo, como la Feria Estatal de Vivienda Dentro de las Jornadas Estatales de Vivienda, el titular de","og_url":"https:\/\/centrourbano.com\/revista\/vivienda\/sedatu-entrega-apoyos-para-vivienda-en-durango\/","og_site_name":"Centro Urbano","article_publisher":"https:\/\/www.facebook.com\/portalcentrourbano","article_published_time":"2014-06-20T16:11:53+00:00","article_modified_time":"2014-06-20T16:16:16+00:00","og_image":[{"width":350,"height":91,"url":"https:\/\/centrourbano.com\/revista\/wp-content\/uploads\/CU-logo.png","type":"image\/png"}],"author":"Carlos Garc\u00eda","twitter_card":"summary_large_image","twitter_creator":"@CentroUrbano","twitter_site":"@CentroUrbano","twitter_misc":{"Escrito por":"Carlos Garc\u00eda","Tiempo de lectura":"2 minutos"},"schema":{"@context":"https:\/\/schema.org","@graph":[{"@type":"Article","@id":"https:\/\/centrourbano.com\/revista\/vivienda\/sedatu-entrega-apoyos-para-vivienda-en-durango\/#article","isPartOf":{"@id":"https:\/\/centrourbano.com\/revista\/vivienda\/sedatu-entrega-apoyos-para-vivienda-en-durango\/"},"author":{"name":"Carlos Garc\u00eda","@id":"https:\/\/centrourbano.com\/revista\/#\/schema\/person\/15622a07e4c485a93b48c9ff1145007c"},"headline":"Sedatu entrega apoyos para vivienda en Durango","datePublished":"2014-06-20T16:11:53+00:00","dateModified":"2014-06-20T16:16:16+00:00","mainEntityOfPage":{"@id":"https:\/\/centrourbano.com\/revista\/vivienda\/sedatu-entrega-apoyos-para-vivienda-en-durango\/"},"wordCount":445,"commentCount":0,"publisher":{"@id":"https:\/\/centrourbano.com\/revista\/#organization"},"keywords":["Durango","Feria Estatal de Vivienda","Sedatu","vivienda"],"articleSection":["Vivienda"],"inLanguage":"es","potentialAction":[{"@type":"CommentAction","name":"Comment","target":["https:\/\/centrourbano.com\/revista\/vivienda\/sedatu-entrega-apoyos-para-vivienda-en-durango\/#respond"]}]},{"@type":"WebPage","@id":"https:\/\/centrourbano.com\/revista\/vivienda\/sedatu-entrega-apoyos-para-vivienda-en-durango\/","url":"https:\/\/centrourbano.com\/revista\/vivienda\/sedatu-entrega-apoyos-para-vivienda-en-durango\/","name":"Sedatu entrega apoyos para vivienda en Durango -","isPartOf":{"@id":"https:\/\/centrourbano.com\/revista\/#website"},"datePublished":"2014-06-20T16:11:53+00:00","dateModified":"2014-06-20T16:16:16+00:00","description":"&nbsp; Adem\u00e1s fueron inaugurados un Boulevard y Deportivo, como la Feria Estatal de Vivienda Dentro de las Jornadas Estatales de Vivienda, el titular de","breadcrumb":{"@id":"https:\/\/centrourbano.com\/revista\/vivienda\/sedatu-entrega-apoyos-para-vivienda-en-durango\/#breadcrumb"},"inLanguage":"es","potentialAction":[{"@type":"ReadAction","target":["https:\/\/centrourbano.com\/revista\/vivienda\/sedatu-entrega-apoyos-para-vivienda-en-durango\/"]}]},{"@type":"BreadcrumbList","@id":"https:\/\/centrourbano.com\/revista\/vivienda\/sedatu-entrega-apoyos-para-vivienda-en-durango\/#breadcrumb","itemListElement":[{"@type":"ListItem","position":1,"name":"Portada","item":"https:\/\/centrourbano.com\/revista\/"},{"@type":"ListItem","position":2,"name":"Sedatu entrega apoyos para vivienda en Durango"}]},{"@type":"WebSite","@id":"https:\/\/centrourbano.com\/revista\/#website","url":"https:\/\/centrourbano.com\/revista\/","name":"Centro Urbano","description":"Medio especializado en los sectores vivienda, inmobiliario, construcci\u00f3n, arquitectura y urbanismo.","publisher":{"@id":"https:\/\/centrourbano.com\/revista\/#organization"},"potentialAction":[{"@type":"SearchAction","target":{"@type":"EntryPoint","urlTemplate":"https:\/\/centrourbano.com\/revista\/?s={search_term_string}"},"query-input":{"@type":"PropertyValueSpecification","valueRequired":true,"valueName":"search_term_string"}}],"inLanguage":"es"},{"@type":"Organization","@id":"https:\/\/centrourbano.com\/revista\/#organization","name":"Centro Urbano","url":"https:\/\/centrourbano.com\/revista\/","logo":{"@type":"ImageObject","inLanguage":"es","@id":"https:\/\/centrourbano.com\/revista\/#\/schema\/logo\/image\/","url":"https:\/\/centrourbano.com\/revista\/wp-content\/uploads\/web_CU_logo-1.png","contentUrl":"https:\/\/centrourbano.com\/revista\/wp-content\/uploads\/web_CU_logo-1.png","width":350,"height":91,"caption":"Centro Urbano"},"image":{"@id":"https:\/\/centrourbano.com\/revista\/#\/schema\/logo\/image\/"},"sameAs":["https:\/\/www.facebook.com\/portalcentrourbano","https:\/\/x.com\/CentroUrbano","https:\/\/www.instagram.com\/centro_urbano\/","https:\/\/www.linkedin.com\/company\/centro-urbano\/","http:\/\/www.youtube.com\/user\/portalcentrourbano"]},{"@type":"Person","@id":"https:\/\/centrourbano.com\/revista\/#\/schema\/person\/15622a07e4c485a93b48c9ff1145007c","name":"Carlos Garc\u00eda","image":{"@type":"ImageObject","inLanguage":"es","@id":"https:\/\/secure.gravatar.com\/avatar\/ad33530f6be00b0762054ba3ddee6e4b9824204d9c8315794c64a7f5841e5add?s=96&d=mm&r=g","url":"https:\/\/secure.gravatar.com\/avatar\/ad33530f6be00b0762054ba3ddee6e4b9824204d9c8315794c64a7f5841e5add?s=96&d=mm&r=g","contentUrl":"https:\/\/secure.gravatar.com\/avatar\/ad33530f6be00b0762054ba3ddee6e4b9824204d9c8315794c64a7f5841e5add?s=96&d=mm&r=g","caption":"Carlos Garc\u00eda"},"description":"Egresado de la carrera de Ciencias de la Comunicaci\u00f3n con diplomado de Periodismo Deportivo. Se ha desempe\u00f1ado como reportero y redactor de deportes, como en otras \u00e1reas. Actualmente trabaja en Centro Urbano. Amante del cine, los Beatles, futbol, lucha libre y los viajes.","url":"https:\/\/centrourbano.com\/revista\/author\/carlos-garcia\/"}]}},"_links":{"self":[{"href":"https:\/\/centrourbano.com\/revista\/wp-json\/wp\/v2\/posts\/7881","targetHints":{"allow":["GET"]}}],"collection":[{"href":"https:\/\/centrourbano.com\/revista\/wp-json\/wp\/v2\/posts"}],"about":[{"href":"https:\/\/centrourbano.com\/revista\/wp-json\/wp\/v2\/types\/post"}],"author":[{"embeddable":true,"href":"https:\/\/centrourbano.com\/revista\/wp-json\/wp\/v2\/users\/18"}],"replies":[{"embeddable":true,"href":"https:\/\/centrourbano.com\/revista\/wp-json\/wp\/v2\/comments?post=7881"}],"version-history":[{"count":0,"href":"https:\/\/centrourbano.com\/revista\/wp-json\/wp\/v2\/posts\/7881\/revisions"}],"wp:attachment":[{"href":"https:\/\/centrourbano.com\/revista\/wp-json\/wp\/v2\/media?parent=7881"}],"wp:term":[{"taxonomy":"category","embeddable":true,"href":"https:\/\/centrourbano.com\/revista\/wp-json\/wp\/v2\/categories?post=7881"},{"taxonomy":"post_tag","embeddable":true,"href":"https:\/\/centrourbano.com\/revista\/wp-json\/wp\/v2\/tags?post=7881"}],"curies":[{"name":"wp","href":"https:\/\/api.w.org\/{rel}","templated":true}]}}