{"id":78699,"date":"2018-09-21T12:10:37","date_gmt":"2018-09-21T17:10:37","guid":{"rendered":"https:\/\/centrourbano.com\/?p=78699"},"modified":"2018-09-21T12:10:37","modified_gmt":"2018-09-21T17:10:37","slug":"constitucion-capitalina-respalda-derecho-vivienda","status":"publish","type":"post","link":"https:\/\/centrourbano.com\/revista\/vivienda\/constitucion-capitalina-respalda-derecho-vivienda\/","title":{"rendered":"Constituci\u00f3n capitalina respalda derecho a vivienda: GCDMX"},"content":{"rendered":"<p><em>Mediante el Instituto de Vivienda se construyen desarrollos habitacionales para la poblaci\u00f3n de bajos recursos econ\u00f3micos<\/em><!--more--><\/p>\n<p>El jefe de gobierno de la Ciudad de M\u00e9xico, <strong>Jos\u00e9 Ram\u00f3n Amieva G\u00e1lvez<\/strong>, asegur\u00f3 que la Constituci\u00f3n de la Ciudad de M\u00e9xico garantiza a los capitalinos el derecho a una vivienda digna, por lo que es importante hacer desarrollos de vivienda social accesible y con rasgo de igualdad.<\/p>\n<p>En el Antiguo Palacio de Ayuntamiento, se\u00f1al\u00f3 que el <a href=\"https:\/\/www.invi.cdmx.gob.mx\/\" target=\"_blank\" rel=\"noopener noreferrer\"><strong>Instituto de Vivienda<\/strong><\/a> (Invi), a trav\u00e9s del programa <strong>&#8216;Vivienda en Conjunto&#8217;<\/strong>, otorga financiamientos para proyectos de vivienda con cero intereses, lo que representa una oportunidad para la poblaci\u00f3n de bajos recursos econ\u00f3micos.<\/p>\n<p>Con ello, el mandatario hizo entrega de 160 departamentos y tres locales comerciales, concentrados en un inmueble ubicado el Jalisco 262, en la colonia Tacubaya de la delegaci\u00f3n Miguel Hidalgo, \u201cel desarrollo habitacional se encuentra en un predio de 2,336 metros cuadrados y beneficia a m\u00e1s de 600 personas\u201d, destac\u00f3.<\/p>\n<p>Asimismo, se\u00f1al\u00f3 que con una inversi\u00f3n de 74 millones 172,493 pesos se logr\u00f3 que el inmueble pudiera contar con tecnolog\u00edas sustentables como calentadores solares, sistemas de captaci\u00f3n de agua, cisterna pluvial, equipo hidroneum\u00e1tico, l\u00e1mparas con sensores de movimiento y dispositivos ahorradores.<\/p>\n<p>En su oportunidad, la titular del Invi, Itzel Arizabalo Priego hizo un llamado a los beneficiaros para cuidar y respetar las nuevas viviendas, ya que de esta manera se incentiva la producci\u00f3n social de vivienda mediante el uso \u00f3ptimo del suelo habitacional.<\/p>\n","protected":false},"excerpt":{"rendered":"<p>Mediante el Instituto de Vivienda se construyen desarrollos habitacionales para la poblaci\u00f3n de bajos recursos econ\u00f3micos<\/p>\n","protected":false},"author":64,"featured_media":78701,"comment_status":"open","ping_status":"closed","sticky":false,"template":"","format":"standard","meta":{"om_disable_all_campaigns":false,"inline_featured_image":false,"_monsterinsights_skip_tracking":false,"_monsterinsights_sitenote_active":false,"_monsterinsights_sitenote_note":"","_monsterinsights_sitenote_category":0,"footnotes":""},"categories":[12],"tags":[95,8667,67,1450,60],"class_list":["post-78699","post","type-post","status-publish","format-standard","has-post-thumbnail","hentry","category-vivienda","tag-departamentos","tag-gcdmx","tag-inversion","tag-invi","tag-vivienda-2"],"yoast_head":"<!-- This site is optimized with the Yoast SEO plugin v27.4 - https:\/\/yoast.com\/product\/yoast-seo-wordpress\/ -->\n<title>Constituci\u00f3n capitalina respalda derecho a vivienda: Amieva G\u00e1lvez<\/title>\n<meta name=\"description\" content=\"Mediante el Instituto de Vivienda se construyen desarrollos habitacionales para la poblaci\u00f3n de bajos recursos econ\u00f3micos\" \/>\n<meta name=\"robots\" content=\"index, follow, max-snippet:-1, max-image-preview:large, max-video-preview:-1\" \/>\n<link rel=\"canonical\" href=\"https:\/\/centrourbano.com\/revista\/vivienda\/constitucion-capitalina-respalda-derecho-vivienda\/\" \/>\n<meta property=\"og:locale\" content=\"es_ES\" \/>\n<meta property=\"og:type\" content=\"article\" \/>\n<meta property=\"og:title\" content=\"Constituci\u00f3n capitalina respalda derecho a vivienda: Amieva G\u00e1lvez\" \/>\n<meta property=\"og:description\" content=\"Mediante el Instituto de Vivienda se construyen desarrollos habitacionales para la poblaci\u00f3n de bajos recursos econ\u00f3micos\" \/>\n<meta property=\"og:url\" content=\"https:\/\/centrourbano.com\/revista\/vivienda\/constitucion-capitalina-respalda-derecho-vivienda\/\" \/>\n<meta property=\"og:site_name\" content=\"Centro Urbano\" \/>\n<meta property=\"article:publisher\" content=\"https:\/\/www.facebook.com\/portalcentrourbano\" \/>\n<meta property=\"article:published_time\" content=\"2018-09-21T17:10:37+00:00\" \/>\n<meta property=\"og:image\" content=\"https:\/\/centrourbano.com\/revista\/wp-content\/uploads\/thumb_40817_699x0_0_0_crop.jpg\" \/>\n\t<meta property=\"og:image:width\" content=\"699\" \/>\n\t<meta property=\"og:image:height\" content=\"466\" \/>\n\t<meta property=\"og:image:type\" content=\"image\/jpeg\" \/>\n<meta name=\"author\" content=\"Karla Esperanza\" \/>\n<meta name=\"twitter:card\" content=\"summary_large_image\" \/>\n<meta name=\"twitter:creator\" content=\"@CentroUrbano\" \/>\n<meta name=\"twitter:site\" content=\"@CentroUrbano\" \/>\n<meta name=\"twitter:label1\" content=\"Escrito por\" \/>\n\t<meta name=\"twitter:data1\" content=\"Karla Esperanza\" \/>\n\t<meta name=\"twitter:label2\" content=\"Tiempo de lectura\" \/>\n\t<meta name=\"twitter:data2\" content=\"1 minuto\" \/>\n<script type=\"application\/ld+json\" class=\"yoast-schema-graph\">{\"@context\":\"https:\\\/\\\/schema.org\",\"@graph\":[{\"@type\":\"Article\",\"@id\":\"https:\\\/\\\/centrourbano.com\\\/revista\\\/vivienda\\\/constitucion-capitalina-respalda-derecho-vivienda\\\/#article\",\"isPartOf\":{\"@id\":\"https:\\\/\\\/centrourbano.com\\\/revista\\\/vivienda\\\/constitucion-capitalina-respalda-derecho-vivienda\\\/\"},\"author\":{\"name\":\"Karla Esperanza\",\"@id\":\"https:\\\/\\\/centrourbano.com\\\/revista\\\/#\\\/schema\\\/person\\\/1d952c872f21e733a753a18cc4b5298a\"},\"headline\":\"Constituci\u00f3n capitalina respalda derecho a vivienda: GCDMX\",\"datePublished\":\"2018-09-21T17:10:37+00:00\",\"mainEntityOfPage\":{\"@id\":\"https:\\\/\\\/centrourbano.com\\\/revista\\\/vivienda\\\/constitucion-capitalina-respalda-derecho-vivienda\\\/\"},\"wordCount\":260,\"commentCount\":0,\"publisher\":{\"@id\":\"https:\\\/\\\/centrourbano.com\\\/revista\\\/#organization\"},\"image\":{\"@id\":\"https:\\\/\\\/centrourbano.com\\\/revista\\\/vivienda\\\/constitucion-capitalina-respalda-derecho-vivienda\\\/#primaryimage\"},\"thumbnailUrl\":\"https:\\\/\\\/centrourbano.com\\\/revista\\\/wp-content\\\/uploads\\\/thumb_40817_699x0_0_0_crop.jpg\",\"keywords\":[\"departamentos\",\"GCDMX\",\"inversi\u00f3n\",\"Invi\",\"vivienda\"],\"articleSection\":[\"Vivienda\"],\"inLanguage\":\"es\",\"potentialAction\":[{\"@type\":\"CommentAction\",\"name\":\"Comment\",\"target\":[\"https:\\\/\\\/centrourbano.com\\\/revista\\\/vivienda\\\/constitucion-capitalina-respalda-derecho-vivienda\\\/#respond\"]}]},{\"@type\":\"WebPage\",\"@id\":\"https:\\\/\\\/centrourbano.com\\\/revista\\\/vivienda\\\/constitucion-capitalina-respalda-derecho-vivienda\\\/\",\"url\":\"https:\\\/\\\/centrourbano.com\\\/revista\\\/vivienda\\\/constitucion-capitalina-respalda-derecho-vivienda\\\/\",\"name\":\"Constituci\u00f3n capitalina respalda derecho a vivienda: Amieva G\u00e1lvez\",\"isPartOf\":{\"@id\":\"https:\\\/\\\/centrourbano.com\\\/revista\\\/#website\"},\"primaryImageOfPage\":{\"@id\":\"https:\\\/\\\/centrourbano.com\\\/revista\\\/vivienda\\\/constitucion-capitalina-respalda-derecho-vivienda\\\/#primaryimage\"},\"image\":{\"@id\":\"https:\\\/\\\/centrourbano.com\\\/revista\\\/vivienda\\\/constitucion-capitalina-respalda-derecho-vivienda\\\/#primaryimage\"},\"thumbnailUrl\":\"https:\\\/\\\/centrourbano.com\\\/revista\\\/wp-content\\\/uploads\\\/thumb_40817_699x0_0_0_crop.jpg\",\"datePublished\":\"2018-09-21T17:10:37+00:00\",\"description\":\"Mediante el Instituto de Vivienda se construyen desarrollos habitacionales para la poblaci\u00f3n de bajos recursos econ\u00f3micos\",\"breadcrumb\":{\"@id\":\"https:\\\/\\\/centrourbano.com\\\/revista\\\/vivienda\\\/constitucion-capitalina-respalda-derecho-vivienda\\\/#breadcrumb\"},\"inLanguage\":\"es\",\"potentialAction\":[{\"@type\":\"ReadAction\",\"target\":[\"https:\\\/\\\/centrourbano.com\\\/revista\\\/vivienda\\\/constitucion-capitalina-respalda-derecho-vivienda\\\/\"]}]},{\"@type\":\"ImageObject\",\"inLanguage\":\"es\",\"@id\":\"https:\\\/\\\/centrourbano.com\\\/revista\\\/vivienda\\\/constitucion-capitalina-respalda-derecho-vivienda\\\/#primaryimage\",\"url\":\"https:\\\/\\\/centrourbano.com\\\/revista\\\/wp-content\\\/uploads\\\/thumb_40817_699x0_0_0_crop.jpg\",\"contentUrl\":\"https:\\\/\\\/centrourbano.com\\\/revista\\\/wp-content\\\/uploads\\\/thumb_40817_699x0_0_0_crop.jpg\",\"width\":699,\"height\":466,\"caption\":\"Mediante el Instituto de Vivienda se construyen desarrollos habitacionales para la poblaci\u00f3n de bajos recursos econ\u00f3micos\"},{\"@type\":\"BreadcrumbList\",\"@id\":\"https:\\\/\\\/centrourbano.com\\\/revista\\\/vivienda\\\/constitucion-capitalina-respalda-derecho-vivienda\\\/#breadcrumb\",\"itemListElement\":[{\"@type\":\"ListItem\",\"position\":1,\"name\":\"Portada\",\"item\":\"https:\\\/\\\/centrourbano.com\\\/revista\\\/\"},{\"@type\":\"ListItem\",\"position\":2,\"name\":\"Constituci\u00f3n capitalina respalda derecho a vivienda: GCDMX\"}]},{\"@type\":\"WebSite\",\"@id\":\"https:\\\/\\\/centrourbano.com\\\/revista\\\/#website\",\"url\":\"https:\\\/\\\/centrourbano.com\\\/revista\\\/\",\"name\":\"Centro Urbano\",\"description\":\"Medio especializado en los sectores vivienda, inmobiliario, construcci\u00f3n, arquitectura y urbanismo.\",\"publisher\":{\"@id\":\"https:\\\/\\\/centrourbano.com\\\/revista\\\/#organization\"},\"potentialAction\":[{\"@type\":\"SearchAction\",\"target\":{\"@type\":\"EntryPoint\",\"urlTemplate\":\"https:\\\/\\\/centrourbano.com\\\/revista\\\/?s={search_term_string}\"},\"query-input\":{\"@type\":\"PropertyValueSpecification\",\"valueRequired\":true,\"valueName\":\"search_term_string\"}}],\"inLanguage\":\"es\"},{\"@type\":\"Organization\",\"@id\":\"https:\\\/\\\/centrourbano.com\\\/revista\\\/#organization\",\"name\":\"Centro Urbano\",\"url\":\"https:\\\/\\\/centrourbano.com\\\/revista\\\/\",\"logo\":{\"@type\":\"ImageObject\",\"inLanguage\":\"es\",\"@id\":\"https:\\\/\\\/centrourbano.com\\\/revista\\\/#\\\/schema\\\/logo\\\/image\\\/\",\"url\":\"https:\\\/\\\/centrourbano.com\\\/revista\\\/wp-content\\\/uploads\\\/web_CU_logo-1.png\",\"contentUrl\":\"https:\\\/\\\/centrourbano.com\\\/revista\\\/wp-content\\\/uploads\\\/web_CU_logo-1.png\",\"width\":350,\"height\":91,\"caption\":\"Centro Urbano\"},\"image\":{\"@id\":\"https:\\\/\\\/centrourbano.com\\\/revista\\\/#\\\/schema\\\/logo\\\/image\\\/\"},\"sameAs\":[\"https:\\\/\\\/www.facebook.com\\\/portalcentrourbano\",\"https:\\\/\\\/x.com\\\/CentroUrbano\",\"https:\\\/\\\/www.instagram.com\\\/centro_urbano\\\/\",\"https:\\\/\\\/www.linkedin.com\\\/company\\\/centro-urbano\\\/\",\"http:\\\/\\\/www.youtube.com\\\/user\\\/portalcentrourbano\"]},{\"@type\":\"Person\",\"@id\":\"https:\\\/\\\/centrourbano.com\\\/revista\\\/#\\\/schema\\\/person\\\/1d952c872f21e733a753a18cc4b5298a\",\"name\":\"Karla Esperanza\",\"image\":{\"@type\":\"ImageObject\",\"inLanguage\":\"es\",\"@id\":\"https:\\\/\\\/secure.gravatar.com\\\/avatar\\\/bea847a7925ef868d37c5a55ab5e341c9e769fab11b85a359090daa4d6fb4a2e?s=96&d=mm&r=g\",\"url\":\"https:\\\/\\\/secure.gravatar.com\\\/avatar\\\/bea847a7925ef868d37c5a55ab5e341c9e769fab11b85a359090daa4d6fb4a2e?s=96&d=mm&r=g\",\"contentUrl\":\"https:\\\/\\\/secure.gravatar.com\\\/avatar\\\/bea847a7925ef868d37c5a55ab5e341c9e769fab11b85a359090daa4d6fb4a2e?s=96&d=mm&r=g\",\"caption\":\"Karla Esperanza\"},\"url\":\"https:\\\/\\\/centrourbano.com\\\/revista\\\/author\\\/karla-esperanza\\\/\"}]}<\/script>\n<!-- \/ Yoast SEO plugin. -->","yoast_head_json":{"title":"Constituci\u00f3n capitalina respalda derecho a vivienda: Amieva G\u00e1lvez","description":"Mediante el Instituto de Vivienda se construyen desarrollos habitacionales para la poblaci\u00f3n de bajos recursos econ\u00f3micos","robots":{"index":"index","follow":"follow","max-snippet":"max-snippet:-1","max-image-preview":"max-image-preview:large","max-video-preview":"max-video-preview:-1"},"canonical":"https:\/\/centrourbano.com\/revista\/vivienda\/constitucion-capitalina-respalda-derecho-vivienda\/","og_locale":"es_ES","og_type":"article","og_title":"Constituci\u00f3n capitalina respalda derecho a vivienda: Amieva G\u00e1lvez","og_description":"Mediante el Instituto de Vivienda se construyen desarrollos habitacionales para la poblaci\u00f3n de bajos recursos econ\u00f3micos","og_url":"https:\/\/centrourbano.com\/revista\/vivienda\/constitucion-capitalina-respalda-derecho-vivienda\/","og_site_name":"Centro Urbano","article_publisher":"https:\/\/www.facebook.com\/portalcentrourbano","article_published_time":"2018-09-21T17:10:37+00:00","og_image":[{"width":699,"height":466,"url":"https:\/\/centrourbano.com\/revista\/wp-content\/uploads\/thumb_40817_699x0_0_0_crop.jpg","type":"image\/jpeg"}],"author":"Karla Esperanza","twitter_card":"summary_large_image","twitter_creator":"@CentroUrbano","twitter_site":"@CentroUrbano","twitter_misc":{"Escrito por":"Karla Esperanza","Tiempo de lectura":"1 minuto"},"schema":{"@context":"https:\/\/schema.org","@graph":[{"@type":"Article","@id":"https:\/\/centrourbano.com\/revista\/vivienda\/constitucion-capitalina-respalda-derecho-vivienda\/#article","isPartOf":{"@id":"https:\/\/centrourbano.com\/revista\/vivienda\/constitucion-capitalina-respalda-derecho-vivienda\/"},"author":{"name":"Karla Esperanza","@id":"https:\/\/centrourbano.com\/revista\/#\/schema\/person\/1d952c872f21e733a753a18cc4b5298a"},"headline":"Constituci\u00f3n capitalina respalda derecho a vivienda: GCDMX","datePublished":"2018-09-21T17:10:37+00:00","mainEntityOfPage":{"@id":"https:\/\/centrourbano.com\/revista\/vivienda\/constitucion-capitalina-respalda-derecho-vivienda\/"},"wordCount":260,"commentCount":0,"publisher":{"@id":"https:\/\/centrourbano.com\/revista\/#organization"},"image":{"@id":"https:\/\/centrourbano.com\/revista\/vivienda\/constitucion-capitalina-respalda-derecho-vivienda\/#primaryimage"},"thumbnailUrl":"https:\/\/centrourbano.com\/revista\/wp-content\/uploads\/thumb_40817_699x0_0_0_crop.jpg","keywords":["departamentos","GCDMX","inversi\u00f3n","Invi","vivienda"],"articleSection":["Vivienda"],"inLanguage":"es","potentialAction":[{"@type":"CommentAction","name":"Comment","target":["https:\/\/centrourbano.com\/revista\/vivienda\/constitucion-capitalina-respalda-derecho-vivienda\/#respond"]}]},{"@type":"WebPage","@id":"https:\/\/centrourbano.com\/revista\/vivienda\/constitucion-capitalina-respalda-derecho-vivienda\/","url":"https:\/\/centrourbano.com\/revista\/vivienda\/constitucion-capitalina-respalda-derecho-vivienda\/","name":"Constituci\u00f3n capitalina respalda derecho a vivienda: Amieva G\u00e1lvez","isPartOf":{"@id":"https:\/\/centrourbano.com\/revista\/#website"},"primaryImageOfPage":{"@id":"https:\/\/centrourbano.com\/revista\/vivienda\/constitucion-capitalina-respalda-derecho-vivienda\/#primaryimage"},"image":{"@id":"https:\/\/centrourbano.com\/revista\/vivienda\/constitucion-capitalina-respalda-derecho-vivienda\/#primaryimage"},"thumbnailUrl":"https:\/\/centrourbano.com\/revista\/wp-content\/uploads\/thumb_40817_699x0_0_0_crop.jpg","datePublished":"2018-09-21T17:10:37+00:00","description":"Mediante el Instituto de Vivienda se construyen desarrollos habitacionales para la poblaci\u00f3n de bajos recursos econ\u00f3micos","breadcrumb":{"@id":"https:\/\/centrourbano.com\/revista\/vivienda\/constitucion-capitalina-respalda-derecho-vivienda\/#breadcrumb"},"inLanguage":"es","potentialAction":[{"@type":"ReadAction","target":["https:\/\/centrourbano.com\/revista\/vivienda\/constitucion-capitalina-respalda-derecho-vivienda\/"]}]},{"@type":"ImageObject","inLanguage":"es","@id":"https:\/\/centrourbano.com\/revista\/vivienda\/constitucion-capitalina-respalda-derecho-vivienda\/#primaryimage","url":"https:\/\/centrourbano.com\/revista\/wp-content\/uploads\/thumb_40817_699x0_0_0_crop.jpg","contentUrl":"https:\/\/centrourbano.com\/revista\/wp-content\/uploads\/thumb_40817_699x0_0_0_crop.jpg","width":699,"height":466,"caption":"Mediante el Instituto de Vivienda se construyen desarrollos habitacionales para la poblaci\u00f3n de bajos recursos econ\u00f3micos"},{"@type":"BreadcrumbList","@id":"https:\/\/centrourbano.com\/revista\/vivienda\/constitucion-capitalina-respalda-derecho-vivienda\/#breadcrumb","itemListElement":[{"@type":"ListItem","position":1,"name":"Portada","item":"https:\/\/centrourbano.com\/revista\/"},{"@type":"ListItem","position":2,"name":"Constituci\u00f3n capitalina respalda derecho a vivienda: GCDMX"}]},{"@type":"WebSite","@id":"https:\/\/centrourbano.com\/revista\/#website","url":"https:\/\/centrourbano.com\/revista\/","name":"Centro Urbano","description":"Medio especializado en los sectores vivienda, inmobiliario, construcci\u00f3n, arquitectura y urbanismo.","publisher":{"@id":"https:\/\/centrourbano.com\/revista\/#organization"},"potentialAction":[{"@type":"SearchAction","target":{"@type":"EntryPoint","urlTemplate":"https:\/\/centrourbano.com\/revista\/?s={search_term_string}"},"query-input":{"@type":"PropertyValueSpecification","valueRequired":true,"valueName":"search_term_string"}}],"inLanguage":"es"},{"@type":"Organization","@id":"https:\/\/centrourbano.com\/revista\/#organization","name":"Centro Urbano","url":"https:\/\/centrourbano.com\/revista\/","logo":{"@type":"ImageObject","inLanguage":"es","@id":"https:\/\/centrourbano.com\/revista\/#\/schema\/logo\/image\/","url":"https:\/\/centrourbano.com\/revista\/wp-content\/uploads\/web_CU_logo-1.png","contentUrl":"https:\/\/centrourbano.com\/revista\/wp-content\/uploads\/web_CU_logo-1.png","width":350,"height":91,"caption":"Centro Urbano"},"image":{"@id":"https:\/\/centrourbano.com\/revista\/#\/schema\/logo\/image\/"},"sameAs":["https:\/\/www.facebook.com\/portalcentrourbano","https:\/\/x.com\/CentroUrbano","https:\/\/www.instagram.com\/centro_urbano\/","https:\/\/www.linkedin.com\/company\/centro-urbano\/","http:\/\/www.youtube.com\/user\/portalcentrourbano"]},{"@type":"Person","@id":"https:\/\/centrourbano.com\/revista\/#\/schema\/person\/1d952c872f21e733a753a18cc4b5298a","name":"Karla Esperanza","image":{"@type":"ImageObject","inLanguage":"es","@id":"https:\/\/secure.gravatar.com\/avatar\/bea847a7925ef868d37c5a55ab5e341c9e769fab11b85a359090daa4d6fb4a2e?s=96&d=mm&r=g","url":"https:\/\/secure.gravatar.com\/avatar\/bea847a7925ef868d37c5a55ab5e341c9e769fab11b85a359090daa4d6fb4a2e?s=96&d=mm&r=g","contentUrl":"https:\/\/secure.gravatar.com\/avatar\/bea847a7925ef868d37c5a55ab5e341c9e769fab11b85a359090daa4d6fb4a2e?s=96&d=mm&r=g","caption":"Karla Esperanza"},"url":"https:\/\/centrourbano.com\/revista\/author\/karla-esperanza\/"}]}},"_links":{"self":[{"href":"https:\/\/centrourbano.com\/revista\/wp-json\/wp\/v2\/posts\/78699","targetHints":{"allow":["GET"]}}],"collection":[{"href":"https:\/\/centrourbano.com\/revista\/wp-json\/wp\/v2\/posts"}],"about":[{"href":"https:\/\/centrourbano.com\/revista\/wp-json\/wp\/v2\/types\/post"}],"author":[{"embeddable":true,"href":"https:\/\/centrourbano.com\/revista\/wp-json\/wp\/v2\/users\/64"}],"replies":[{"embeddable":true,"href":"https:\/\/centrourbano.com\/revista\/wp-json\/wp\/v2\/comments?post=78699"}],"version-history":[{"count":1,"href":"https:\/\/centrourbano.com\/revista\/wp-json\/wp\/v2\/posts\/78699\/revisions"}],"predecessor-version":[{"id":78702,"href":"https:\/\/centrourbano.com\/revista\/wp-json\/wp\/v2\/posts\/78699\/revisions\/78702"}],"wp:featuredmedia":[{"embeddable":true,"href":"https:\/\/centrourbano.com\/revista\/wp-json\/wp\/v2\/media\/78701"}],"wp:attachment":[{"href":"https:\/\/centrourbano.com\/revista\/wp-json\/wp\/v2\/media?parent=78699"}],"wp:term":[{"taxonomy":"category","embeddable":true,"href":"https:\/\/centrourbano.com\/revista\/wp-json\/wp\/v2\/categories?post=78699"},{"taxonomy":"post_tag","embeddable":true,"href":"https:\/\/centrourbano.com\/revista\/wp-json\/wp\/v2\/tags?post=78699"}],"curies":[{"name":"wp","href":"https:\/\/api.w.org\/{rel}","templated":true}]}}