{"id":7860,"date":"2014-06-20T09:00:37","date_gmt":"2014-06-20T14:00:37","guid":{"rendered":"http:\/\/centrourbano.com\/?p=7860"},"modified":"2014-06-19T16:42:31","modified_gmt":"2014-06-19T21:42:31","slug":"conavi-presenta-el-sniiv","status":"publish","type":"post","link":"https:\/\/centrourbano.com\/revista\/vivienda\/conavi-presenta-el-sniiv\/","title":{"rendered":"Conavi presenta el SNIIV"},"content":{"rendered":"<p>&nbsp;<\/p>\n<p><em>El Sistema Nacional de Informaci\u00f3n e Indicadores vivienda mostrar\u00e1 datos relevantes del sector<\/em><!--more--><\/p>\n<p>La directora general de la Comisi\u00f3n Nacional de Vivienda (Conavi), Paloma Silva de Anzorena, dio a conocer el nuevo Sistema Nacional de Informaci\u00f3n e Indicadores de Vivienda (SNIIV), con el objetivo de mostrar la transparencia que existe dentro de los Organismos de Vivienda (Onavis), para que se vea como se han manejado los subsidios en cada una de las entidades del pa\u00eds.<\/p>\n<p>\u201cPresento el producto que se llama SNIIV. Es un sistema que pone la Comisi\u00f3n Nacional de Vivienda al servicio de la industria y no s\u00f3lo de desarrolladores, ya que tambi\u00e9n podr\u00e1n usarla los notarios, registros y fondos, para contar con la informaci\u00f3n veraz y oportuna relativa a la vivienda\u201d, explic\u00f3.<\/p>\n<p>Silva de Anzorena, indic\u00f3 durante su participaci\u00f3n en el panel Sistema Nacional de Indicadores de Vivienda, en el XVII Encuentro Nacional de Vivienda, organizado por la Canadevi Nacional, la importancia del mismo, ya que nunca se hab\u00eda logrado crear una coordinaci\u00f3n entre las instituciones; adem\u00e1s, mencion\u00f3 que se manejar\u00e1 por secciones.<\/p>\n<p>\u201cRecuerdo que desde 2006 hab\u00eda mesas transversales de la industria, tratando de tener indicadores consensuados y que fuera parte de la informaci\u00f3n peri\u00f3dica que se reportaba. Han existido muchos intentos y este no es un solo esfuerzo de la Conavi, es un esfuerzo de todos los Organismos Nacionales de Vivienda. Estamos logrando una plena coordinaci\u00f3n de la Sedatu con los organismos\u201d, dijo.<\/p>\n<p>Consider\u00f3 que contendr\u00e1 datos importantes, pero \u201cno quisimos hacerlo tan cargado y creemos que es la informaci\u00f3n m\u00e1s importante que tiene que explotarse\u201d.<\/p>\n<p>\u201cEste es un sector importante y adem\u00e1s crea empleo, simplemente en abril fue el 4.7 por ciento, fue el que m\u00e1s creo en el pa\u00eds, por lo que nos tenemos que sentir muy orgullosos\u201d, a\u00f1adi\u00f3.<\/p>\n<p>Paloma Silva adelant\u00f3 que se tendr\u00e1n boletines estad\u00edsticos por entidad, donde se podr\u00e1n ver los subsidios otorgados por la Conavi, el Infonavit, Fovissste, entre otros, por modalidad y qu\u00e9 segmentos de la poblaci\u00f3n son atendidos. Tambi\u00e9n las acciones que no tienen que ver con los subsidios.<\/p>\n<p>Otro objetivo que cit\u00f3 es mostrar la oferta de vivienda, donde se ver\u00e1 lo que hacen los desarrolladores y en que per\u00edmetros est\u00e1n localizados. Ellos tendr\u00e1n un acceso exclusivo a cierta informaci\u00f3n para que la puedan utilizar y revisar peri\u00f3dicamente.<\/p>\n<p>Tambi\u00e9n habr\u00e1 una visi\u00f3n m\u00e1s r\u00e1pida con documentos de an\u00e1lisis del sector con datos agregados de la oferta y demanda, como el entorno macroecon\u00f3mico. Se har\u00e1n mensual y trimestralmente.<\/p>\n<p>Este sistema es una herramienta que ayudar\u00e1 a la toma de decisiones, para que se vean las metas logradas y cu\u00e1les no, por lo que es una forma de ver la situaci\u00f3n del sector y para hacerlo m\u00e1s sencillo, los datos son exportables. El programa ya est\u00e1 en funcionamiento y se puede ingresar desde el portal de la Conavi.<\/p>\n","protected":false},"excerpt":{"rendered":"<p>&nbsp; El Sistema Nacional de Informaci\u00f3n e Indicadores vivienda mostrar\u00e1 datos relevantes del sector<\/p>\n","protected":false},"author":18,"featured_media":0,"comment_status":"open","ping_status":"closed","sticky":false,"template":"","format":"standard","meta":{"om_disable_all_campaigns":false,"inline_featured_image":false,"_monsterinsights_skip_tracking":false,"_monsterinsights_sitenote_active":false,"_monsterinsights_sitenote_note":"","_monsterinsights_sitenote_category":0,"footnotes":""},"categories":[12],"tags":[376,377,1794,60],"class_list":["post-7860","post","type-post","status-publish","format-standard","hentry","category-vivienda","tag-conavi","tag-paloma-silva","tag-sistema-nacional-de-informacion-e-indicadores-de-vivienda","tag-vivienda-2"],"yoast_head":"<!-- This site is optimized with the Yoast SEO plugin v27.4 - https:\/\/yoast.com\/product\/yoast-seo-wordpress\/ -->\n<title>Conavi presenta el SNIIV -<\/title>\n<meta name=\"description\" content=\"&nbsp; El Sistema Nacional de Informaci\u00f3n e Indicadores vivienda mostrar\u00e1 datos relevantes del sector La directora general de la Comisi\u00f3n Nacional de\" \/>\n<meta name=\"robots\" content=\"index, follow, max-snippet:-1, max-image-preview:large, max-video-preview:-1\" \/>\n<link rel=\"canonical\" href=\"https:\/\/centrourbano.com\/revista\/vivienda\/conavi-presenta-el-sniiv\/\" \/>\n<meta property=\"og:locale\" content=\"es_ES\" \/>\n<meta property=\"og:type\" content=\"article\" \/>\n<meta property=\"og:title\" content=\"Conavi presenta el SNIIV -\" \/>\n<meta property=\"og:description\" content=\"&nbsp; El Sistema Nacional de Informaci\u00f3n e Indicadores vivienda mostrar\u00e1 datos relevantes del sector La directora general de la Comisi\u00f3n Nacional de\" \/>\n<meta property=\"og:url\" content=\"https:\/\/centrourbano.com\/revista\/vivienda\/conavi-presenta-el-sniiv\/\" \/>\n<meta property=\"og:site_name\" content=\"Centro Urbano\" \/>\n<meta property=\"article:publisher\" content=\"https:\/\/www.facebook.com\/portalcentrourbano\" \/>\n<meta property=\"article:published_time\" content=\"2014-06-20T14:00:37+00:00\" \/>\n<meta property=\"og:image\" content=\"https:\/\/centrourbano.com\/revista\/wp-content\/uploads\/CU-logo.png\" \/>\n\t<meta property=\"og:image:width\" content=\"350\" \/>\n\t<meta property=\"og:image:height\" content=\"91\" \/>\n\t<meta property=\"og:image:type\" content=\"image\/png\" \/>\n<meta name=\"author\" content=\"Carlos Garc\u00eda\" \/>\n<meta name=\"twitter:card\" content=\"summary_large_image\" \/>\n<meta name=\"twitter:creator\" content=\"@CentroUrbano\" \/>\n<meta name=\"twitter:site\" content=\"@CentroUrbano\" \/>\n<meta name=\"twitter:label1\" content=\"Escrito por\" \/>\n\t<meta name=\"twitter:data1\" content=\"Carlos Garc\u00eda\" \/>\n\t<meta name=\"twitter:label2\" content=\"Tiempo de lectura\" \/>\n\t<meta name=\"twitter:data2\" content=\"3 minutos\" \/>\n<script type=\"application\/ld+json\" class=\"yoast-schema-graph\">{\"@context\":\"https:\\\/\\\/schema.org\",\"@graph\":[{\"@type\":\"Article\",\"@id\":\"https:\\\/\\\/centrourbano.com\\\/revista\\\/vivienda\\\/conavi-presenta-el-sniiv\\\/#article\",\"isPartOf\":{\"@id\":\"https:\\\/\\\/centrourbano.com\\\/revista\\\/vivienda\\\/conavi-presenta-el-sniiv\\\/\"},\"author\":{\"name\":\"Carlos Garc\u00eda\",\"@id\":\"https:\\\/\\\/centrourbano.com\\\/revista\\\/#\\\/schema\\\/person\\\/15622a07e4c485a93b48c9ff1145007c\"},\"headline\":\"Conavi presenta el SNIIV\",\"datePublished\":\"2014-06-20T14:00:37+00:00\",\"mainEntityOfPage\":{\"@id\":\"https:\\\/\\\/centrourbano.com\\\/revista\\\/vivienda\\\/conavi-presenta-el-sniiv\\\/\"},\"wordCount\":516,\"commentCount\":0,\"publisher\":{\"@id\":\"https:\\\/\\\/centrourbano.com\\\/revista\\\/#organization\"},\"keywords\":[\"Conavi\",\"Paloma Silva\",\"Sistema Nacional de Informaci\u00f3n e Indicadores de Vivienda\",\"vivienda\"],\"articleSection\":[\"Vivienda\"],\"inLanguage\":\"es\",\"potentialAction\":[{\"@type\":\"CommentAction\",\"name\":\"Comment\",\"target\":[\"https:\\\/\\\/centrourbano.com\\\/revista\\\/vivienda\\\/conavi-presenta-el-sniiv\\\/#respond\"]}]},{\"@type\":\"WebPage\",\"@id\":\"https:\\\/\\\/centrourbano.com\\\/revista\\\/vivienda\\\/conavi-presenta-el-sniiv\\\/\",\"url\":\"https:\\\/\\\/centrourbano.com\\\/revista\\\/vivienda\\\/conavi-presenta-el-sniiv\\\/\",\"name\":\"Conavi presenta el SNIIV -\",\"isPartOf\":{\"@id\":\"https:\\\/\\\/centrourbano.com\\\/revista\\\/#website\"},\"datePublished\":\"2014-06-20T14:00:37+00:00\",\"description\":\"&nbsp; El Sistema Nacional de Informaci\u00f3n e Indicadores vivienda mostrar\u00e1 datos relevantes del sector La directora general de la Comisi\u00f3n Nacional de\",\"breadcrumb\":{\"@id\":\"https:\\\/\\\/centrourbano.com\\\/revista\\\/vivienda\\\/conavi-presenta-el-sniiv\\\/#breadcrumb\"},\"inLanguage\":\"es\",\"potentialAction\":[{\"@type\":\"ReadAction\",\"target\":[\"https:\\\/\\\/centrourbano.com\\\/revista\\\/vivienda\\\/conavi-presenta-el-sniiv\\\/\"]}]},{\"@type\":\"BreadcrumbList\",\"@id\":\"https:\\\/\\\/centrourbano.com\\\/revista\\\/vivienda\\\/conavi-presenta-el-sniiv\\\/#breadcrumb\",\"itemListElement\":[{\"@type\":\"ListItem\",\"position\":1,\"name\":\"Portada\",\"item\":\"https:\\\/\\\/centrourbano.com\\\/revista\\\/\"},{\"@type\":\"ListItem\",\"position\":2,\"name\":\"Conavi presenta el SNIIV\"}]},{\"@type\":\"WebSite\",\"@id\":\"https:\\\/\\\/centrourbano.com\\\/revista\\\/#website\",\"url\":\"https:\\\/\\\/centrourbano.com\\\/revista\\\/\",\"name\":\"Centro Urbano\",\"description\":\"Medio especializado en los sectores vivienda, inmobiliario, construcci\u00f3n, arquitectura y urbanismo.\",\"publisher\":{\"@id\":\"https:\\\/\\\/centrourbano.com\\\/revista\\\/#organization\"},\"potentialAction\":[{\"@type\":\"SearchAction\",\"target\":{\"@type\":\"EntryPoint\",\"urlTemplate\":\"https:\\\/\\\/centrourbano.com\\\/revista\\\/?s={search_term_string}\"},\"query-input\":{\"@type\":\"PropertyValueSpecification\",\"valueRequired\":true,\"valueName\":\"search_term_string\"}}],\"inLanguage\":\"es\"},{\"@type\":\"Organization\",\"@id\":\"https:\\\/\\\/centrourbano.com\\\/revista\\\/#organization\",\"name\":\"Centro Urbano\",\"url\":\"https:\\\/\\\/centrourbano.com\\\/revista\\\/\",\"logo\":{\"@type\":\"ImageObject\",\"inLanguage\":\"es\",\"@id\":\"https:\\\/\\\/centrourbano.com\\\/revista\\\/#\\\/schema\\\/logo\\\/image\\\/\",\"url\":\"https:\\\/\\\/centrourbano.com\\\/revista\\\/wp-content\\\/uploads\\\/web_CU_logo-1.png\",\"contentUrl\":\"https:\\\/\\\/centrourbano.com\\\/revista\\\/wp-content\\\/uploads\\\/web_CU_logo-1.png\",\"width\":350,\"height\":91,\"caption\":\"Centro Urbano\"},\"image\":{\"@id\":\"https:\\\/\\\/centrourbano.com\\\/revista\\\/#\\\/schema\\\/logo\\\/image\\\/\"},\"sameAs\":[\"https:\\\/\\\/www.facebook.com\\\/portalcentrourbano\",\"https:\\\/\\\/x.com\\\/CentroUrbano\",\"https:\\\/\\\/www.instagram.com\\\/centro_urbano\\\/\",\"https:\\\/\\\/www.linkedin.com\\\/company\\\/centro-urbano\\\/\",\"http:\\\/\\\/www.youtube.com\\\/user\\\/portalcentrourbano\"]},{\"@type\":\"Person\",\"@id\":\"https:\\\/\\\/centrourbano.com\\\/revista\\\/#\\\/schema\\\/person\\\/15622a07e4c485a93b48c9ff1145007c\",\"name\":\"Carlos Garc\u00eda\",\"image\":{\"@type\":\"ImageObject\",\"inLanguage\":\"es\",\"@id\":\"https:\\\/\\\/secure.gravatar.com\\\/avatar\\\/ad33530f6be00b0762054ba3ddee6e4b9824204d9c8315794c64a7f5841e5add?s=96&d=mm&r=g\",\"url\":\"https:\\\/\\\/secure.gravatar.com\\\/avatar\\\/ad33530f6be00b0762054ba3ddee6e4b9824204d9c8315794c64a7f5841e5add?s=96&d=mm&r=g\",\"contentUrl\":\"https:\\\/\\\/secure.gravatar.com\\\/avatar\\\/ad33530f6be00b0762054ba3ddee6e4b9824204d9c8315794c64a7f5841e5add?s=96&d=mm&r=g\",\"caption\":\"Carlos Garc\u00eda\"},\"description\":\"Egresado de la carrera de Ciencias de la Comunicaci\u00f3n con diplomado de Periodismo Deportivo. Se ha desempe\u00f1ado como reportero y redactor de deportes, como en otras \u00e1reas. Actualmente trabaja en Centro Urbano. Amante del cine, los Beatles, futbol, lucha libre y los viajes.\",\"url\":\"https:\\\/\\\/centrourbano.com\\\/revista\\\/author\\\/carlos-garcia\\\/\"}]}<\/script>\n<!-- \/ Yoast SEO plugin. -->","yoast_head_json":{"title":"Conavi presenta el SNIIV -","description":"&nbsp; El Sistema Nacional de Informaci\u00f3n e Indicadores vivienda mostrar\u00e1 datos relevantes del sector La directora general de la Comisi\u00f3n Nacional de","robots":{"index":"index","follow":"follow","max-snippet":"max-snippet:-1","max-image-preview":"max-image-preview:large","max-video-preview":"max-video-preview:-1"},"canonical":"https:\/\/centrourbano.com\/revista\/vivienda\/conavi-presenta-el-sniiv\/","og_locale":"es_ES","og_type":"article","og_title":"Conavi presenta el SNIIV -","og_description":"&nbsp; El Sistema Nacional de Informaci\u00f3n e Indicadores vivienda mostrar\u00e1 datos relevantes del sector La directora general de la Comisi\u00f3n Nacional de","og_url":"https:\/\/centrourbano.com\/revista\/vivienda\/conavi-presenta-el-sniiv\/","og_site_name":"Centro Urbano","article_publisher":"https:\/\/www.facebook.com\/portalcentrourbano","article_published_time":"2014-06-20T14:00:37+00:00","og_image":[{"width":350,"height":91,"url":"https:\/\/centrourbano.com\/revista\/wp-content\/uploads\/CU-logo.png","type":"image\/png"}],"author":"Carlos Garc\u00eda","twitter_card":"summary_large_image","twitter_creator":"@CentroUrbano","twitter_site":"@CentroUrbano","twitter_misc":{"Escrito por":"Carlos Garc\u00eda","Tiempo de lectura":"3 minutos"},"schema":{"@context":"https:\/\/schema.org","@graph":[{"@type":"Article","@id":"https:\/\/centrourbano.com\/revista\/vivienda\/conavi-presenta-el-sniiv\/#article","isPartOf":{"@id":"https:\/\/centrourbano.com\/revista\/vivienda\/conavi-presenta-el-sniiv\/"},"author":{"name":"Carlos Garc\u00eda","@id":"https:\/\/centrourbano.com\/revista\/#\/schema\/person\/15622a07e4c485a93b48c9ff1145007c"},"headline":"Conavi presenta el SNIIV","datePublished":"2014-06-20T14:00:37+00:00","mainEntityOfPage":{"@id":"https:\/\/centrourbano.com\/revista\/vivienda\/conavi-presenta-el-sniiv\/"},"wordCount":516,"commentCount":0,"publisher":{"@id":"https:\/\/centrourbano.com\/revista\/#organization"},"keywords":["Conavi","Paloma Silva","Sistema Nacional de Informaci\u00f3n e Indicadores de Vivienda","vivienda"],"articleSection":["Vivienda"],"inLanguage":"es","potentialAction":[{"@type":"CommentAction","name":"Comment","target":["https:\/\/centrourbano.com\/revista\/vivienda\/conavi-presenta-el-sniiv\/#respond"]}]},{"@type":"WebPage","@id":"https:\/\/centrourbano.com\/revista\/vivienda\/conavi-presenta-el-sniiv\/","url":"https:\/\/centrourbano.com\/revista\/vivienda\/conavi-presenta-el-sniiv\/","name":"Conavi presenta el SNIIV -","isPartOf":{"@id":"https:\/\/centrourbano.com\/revista\/#website"},"datePublished":"2014-06-20T14:00:37+00:00","description":"&nbsp; El Sistema Nacional de Informaci\u00f3n e Indicadores vivienda mostrar\u00e1 datos relevantes del sector La directora general de la Comisi\u00f3n Nacional de","breadcrumb":{"@id":"https:\/\/centrourbano.com\/revista\/vivienda\/conavi-presenta-el-sniiv\/#breadcrumb"},"inLanguage":"es","potentialAction":[{"@type":"ReadAction","target":["https:\/\/centrourbano.com\/revista\/vivienda\/conavi-presenta-el-sniiv\/"]}]},{"@type":"BreadcrumbList","@id":"https:\/\/centrourbano.com\/revista\/vivienda\/conavi-presenta-el-sniiv\/#breadcrumb","itemListElement":[{"@type":"ListItem","position":1,"name":"Portada","item":"https:\/\/centrourbano.com\/revista\/"},{"@type":"ListItem","position":2,"name":"Conavi presenta el SNIIV"}]},{"@type":"WebSite","@id":"https:\/\/centrourbano.com\/revista\/#website","url":"https:\/\/centrourbano.com\/revista\/","name":"Centro Urbano","description":"Medio especializado en los sectores vivienda, inmobiliario, construcci\u00f3n, arquitectura y urbanismo.","publisher":{"@id":"https:\/\/centrourbano.com\/revista\/#organization"},"potentialAction":[{"@type":"SearchAction","target":{"@type":"EntryPoint","urlTemplate":"https:\/\/centrourbano.com\/revista\/?s={search_term_string}"},"query-input":{"@type":"PropertyValueSpecification","valueRequired":true,"valueName":"search_term_string"}}],"inLanguage":"es"},{"@type":"Organization","@id":"https:\/\/centrourbano.com\/revista\/#organization","name":"Centro Urbano","url":"https:\/\/centrourbano.com\/revista\/","logo":{"@type":"ImageObject","inLanguage":"es","@id":"https:\/\/centrourbano.com\/revista\/#\/schema\/logo\/image\/","url":"https:\/\/centrourbano.com\/revista\/wp-content\/uploads\/web_CU_logo-1.png","contentUrl":"https:\/\/centrourbano.com\/revista\/wp-content\/uploads\/web_CU_logo-1.png","width":350,"height":91,"caption":"Centro Urbano"},"image":{"@id":"https:\/\/centrourbano.com\/revista\/#\/schema\/logo\/image\/"},"sameAs":["https:\/\/www.facebook.com\/portalcentrourbano","https:\/\/x.com\/CentroUrbano","https:\/\/www.instagram.com\/centro_urbano\/","https:\/\/www.linkedin.com\/company\/centro-urbano\/","http:\/\/www.youtube.com\/user\/portalcentrourbano"]},{"@type":"Person","@id":"https:\/\/centrourbano.com\/revista\/#\/schema\/person\/15622a07e4c485a93b48c9ff1145007c","name":"Carlos Garc\u00eda","image":{"@type":"ImageObject","inLanguage":"es","@id":"https:\/\/secure.gravatar.com\/avatar\/ad33530f6be00b0762054ba3ddee6e4b9824204d9c8315794c64a7f5841e5add?s=96&d=mm&r=g","url":"https:\/\/secure.gravatar.com\/avatar\/ad33530f6be00b0762054ba3ddee6e4b9824204d9c8315794c64a7f5841e5add?s=96&d=mm&r=g","contentUrl":"https:\/\/secure.gravatar.com\/avatar\/ad33530f6be00b0762054ba3ddee6e4b9824204d9c8315794c64a7f5841e5add?s=96&d=mm&r=g","caption":"Carlos Garc\u00eda"},"description":"Egresado de la carrera de Ciencias de la Comunicaci\u00f3n con diplomado de Periodismo Deportivo. Se ha desempe\u00f1ado como reportero y redactor de deportes, como en otras \u00e1reas. Actualmente trabaja en Centro Urbano. Amante del cine, los Beatles, futbol, lucha libre y los viajes.","url":"https:\/\/centrourbano.com\/revista\/author\/carlos-garcia\/"}]}},"_links":{"self":[{"href":"https:\/\/centrourbano.com\/revista\/wp-json\/wp\/v2\/posts\/7860","targetHints":{"allow":["GET"]}}],"collection":[{"href":"https:\/\/centrourbano.com\/revista\/wp-json\/wp\/v2\/posts"}],"about":[{"href":"https:\/\/centrourbano.com\/revista\/wp-json\/wp\/v2\/types\/post"}],"author":[{"embeddable":true,"href":"https:\/\/centrourbano.com\/revista\/wp-json\/wp\/v2\/users\/18"}],"replies":[{"embeddable":true,"href":"https:\/\/centrourbano.com\/revista\/wp-json\/wp\/v2\/comments?post=7860"}],"version-history":[{"count":0,"href":"https:\/\/centrourbano.com\/revista\/wp-json\/wp\/v2\/posts\/7860\/revisions"}],"wp:attachment":[{"href":"https:\/\/centrourbano.com\/revista\/wp-json\/wp\/v2\/media?parent=7860"}],"wp:term":[{"taxonomy":"category","embeddable":true,"href":"https:\/\/centrourbano.com\/revista\/wp-json\/wp\/v2\/categories?post=7860"},{"taxonomy":"post_tag","embeddable":true,"href":"https:\/\/centrourbano.com\/revista\/wp-json\/wp\/v2\/tags?post=7860"}],"curies":[{"name":"wp","href":"https:\/\/api.w.org\/{rel}","templated":true}]}}