{"id":78501,"date":"2018-09-19T10:25:26","date_gmt":"2018-09-19T15:25:26","guid":{"rendered":"https:\/\/centrourbano.com\/?p=78501"},"modified":"2018-09-19T10:25:42","modified_gmt":"2018-09-19T15:25:42","slug":"%e2%96%b6%ef%b8%8f-reconstruccion-la-cdmx-ano-del-sismo","status":"publish","type":"post","link":"https:\/\/centrourbano.com\/revista\/reportajes\/%e2%96%b6%ef%b8%8f-reconstruccion-la-cdmx-ano-del-sismo\/","title":{"rendered":"\u25b6\ufe0f Reconstrucci\u00f3n de la CDMX, a un a\u00f1o del sismo"},"content":{"rendered":"<p>Despu\u00e9s de los da\u00f1os que ocasion\u00f3 el sismo del 19 de septiembre de 2017, el <a href=\"https:\/\/www.cdmx.gob.mx\/\" target=\"_blank\" rel=\"noopener noreferrer\">Gobierno de la Ciudad de M\u00e9xico<\/a>, con apoyo de otras entidades p\u00fabicas y diversas instituciones de la sociedad civil, implementaron un plan de reconstrucci\u00f3n de la infraestructura urbana para una ciudad m\u00e1s resiliente.<\/p>\n","protected":false},"excerpt":{"rendered":"<p>Despu\u00e9s de los da\u00f1os que ocasion\u00f3 el sismo del 19 de septiembre de 2017, el Gobierno de la Ciudad de M\u00e9xico, con apoyo de otras entidades p\u00fabicas y diversas instituciones de la sociedad civil, implementaron un plan de reconstrucci\u00f3n de la infraestructura urbana para una ciudad m\u00e1s resiliente.<\/p>\n","protected":false},"author":66,"featured_media":78502,"comment_status":"open","ping_status":"closed","sticky":false,"template":"","format":"video","meta":{"om_disable_all_campaigns":false,"inline_featured_image":false,"_monsterinsights_skip_tracking":false,"_monsterinsights_sitenote_active":false,"_monsterinsights_sitenote_note":"","_monsterinsights_sitenote_category":0,"footnotes":""},"categories":[16],"tags":[13043,11584,13418],"class_list":["post-78501","post","type-post","status-publish","format-video","has-post-thumbnail","hentry","category-reportajes","tag-centrourbanoradio","tag-plan-de-reconstruccion-cdmx","tag-sismo19s","post_format-post-format-video"],"yoast_head":"<!-- This site is optimized with the Yoast SEO plugin v27.4 - https:\/\/yoast.com\/product\/yoast-seo-wordpress\/ -->\n<title>\u25b6\ufe0f Reconstrucci\u00f3n de la CDMX, a un a\u00f1o del sismo -<\/title>\n<meta name=\"description\" content=\"Despu\u00e9s de los da\u00f1os que ocasion\u00f3 el sismo del 19 de septiembre de 2017, el Gobierno de la Ciudad de M\u00e9xico, con apoyo de otras entidades p\u00fabicas y\" \/>\n<meta name=\"robots\" content=\"index, follow, max-snippet:-1, max-image-preview:large, max-video-preview:-1\" \/>\n<link rel=\"canonical\" href=\"https:\/\/centrourbano.com\/revista\/reportajes\/\u25b6\ufe0f-reconstruccion-la-cdmx-ano-del-sismo\/\" \/>\n<meta property=\"og:locale\" content=\"es_ES\" \/>\n<meta property=\"og:type\" content=\"article\" \/>\n<meta property=\"og:title\" content=\"\u25b6\ufe0f Reconstrucci\u00f3n de la CDMX, a un a\u00f1o del sismo -\" \/>\n<meta property=\"og:description\" content=\"Despu\u00e9s de los da\u00f1os que ocasion\u00f3 el sismo del 19 de septiembre de 2017, el Gobierno de la Ciudad de M\u00e9xico, con apoyo de otras entidades p\u00fabicas y\" \/>\n<meta property=\"og:url\" content=\"https:\/\/centrourbano.com\/revista\/reportajes\/\u25b6\ufe0f-reconstruccion-la-cdmx-ano-del-sismo\/\" \/>\n<meta property=\"og:site_name\" content=\"Centro Urbano\" \/>\n<meta property=\"article:publisher\" content=\"https:\/\/www.facebook.com\/portalcentrourbano\" \/>\n<meta property=\"article:published_time\" content=\"2018-09-19T15:25:26+00:00\" \/>\n<meta property=\"article:modified_time\" content=\"2018-09-19T15:25:42+00:00\" \/>\n<meta property=\"og:image\" content=\"https:\/\/centrourbano.com\/revista\/wp-content\/uploads\/Captura-de-pantalla-2018-09-19-a-las-10.23.29.png\" \/>\n\t<meta property=\"og:image:width\" content=\"730\" \/>\n\t<meta property=\"og:image:height\" content=\"407\" \/>\n\t<meta property=\"og:image:type\" content=\"image\/png\" \/>\n<meta name=\"author\" content=\"Valeria G\u00f3mez\" \/>\n<meta name=\"twitter:card\" content=\"summary_large_image\" \/>\n<meta name=\"twitter:creator\" content=\"@CentroUrbano\" \/>\n<meta name=\"twitter:site\" content=\"@CentroUrbano\" \/>\n<meta name=\"twitter:label1\" content=\"Escrito por\" \/>\n\t<meta name=\"twitter:data1\" content=\"Valeria G\u00f3mez\" \/>\n<script type=\"application\/ld+json\" class=\"yoast-schema-graph\">{\"@context\":\"https:\\\/\\\/schema.org\",\"@graph\":[{\"@type\":\"Article\",\"@id\":\"https:\\\/\\\/centrourbano.com\\\/revista\\\/reportajes\\\/%e2%96%b6%ef%b8%8f-reconstruccion-la-cdmx-ano-del-sismo\\\/#article\",\"isPartOf\":{\"@id\":\"https:\\\/\\\/centrourbano.com\\\/revista\\\/reportajes\\\/%e2%96%b6%ef%b8%8f-reconstruccion-la-cdmx-ano-del-sismo\\\/\"},\"author\":{\"name\":\"Valeria G\u00f3mez\",\"@id\":\"https:\\\/\\\/centrourbano.com\\\/revista\\\/#\\\/schema\\\/person\\\/d4f8063028e489b077e3de34b2aad9ae\"},\"headline\":\"\u25b6\ufe0f Reconstrucci\u00f3n de la CDMX, a un a\u00f1o del sismo\",\"datePublished\":\"2018-09-19T15:25:26+00:00\",\"dateModified\":\"2018-09-19T15:25:42+00:00\",\"mainEntityOfPage\":{\"@id\":\"https:\\\/\\\/centrourbano.com\\\/revista\\\/reportajes\\\/%e2%96%b6%ef%b8%8f-reconstruccion-la-cdmx-ano-del-sismo\\\/\"},\"wordCount\":63,\"commentCount\":0,\"publisher\":{\"@id\":\"https:\\\/\\\/centrourbano.com\\\/revista\\\/#organization\"},\"image\":{\"@id\":\"https:\\\/\\\/centrourbano.com\\\/revista\\\/reportajes\\\/%e2%96%b6%ef%b8%8f-reconstruccion-la-cdmx-ano-del-sismo\\\/#primaryimage\"},\"thumbnailUrl\":\"https:\\\/\\\/centrourbano.com\\\/revista\\\/wp-content\\\/uploads\\\/Captura-de-pantalla-2018-09-19-a-las-10.23.29.png\",\"keywords\":[\"#CentroUrbanoRADIO\",\"Plan de Reconstrucci\u00f3n CDMX\",\"Sismo19S\"],\"articleSection\":[\"Reportajes\"],\"inLanguage\":\"es\",\"potentialAction\":[{\"@type\":\"CommentAction\",\"name\":\"Comment\",\"target\":[\"https:\\\/\\\/centrourbano.com\\\/revista\\\/reportajes\\\/%e2%96%b6%ef%b8%8f-reconstruccion-la-cdmx-ano-del-sismo\\\/#respond\"]}]},{\"@type\":\"WebPage\",\"@id\":\"https:\\\/\\\/centrourbano.com\\\/revista\\\/reportajes\\\/%e2%96%b6%ef%b8%8f-reconstruccion-la-cdmx-ano-del-sismo\\\/\",\"url\":\"https:\\\/\\\/centrourbano.com\\\/revista\\\/reportajes\\\/%e2%96%b6%ef%b8%8f-reconstruccion-la-cdmx-ano-del-sismo\\\/\",\"name\":\"\u25b6\ufe0f Reconstrucci\u00f3n de la CDMX, a un a\u00f1o del sismo -\",\"isPartOf\":{\"@id\":\"https:\\\/\\\/centrourbano.com\\\/revista\\\/#website\"},\"primaryImageOfPage\":{\"@id\":\"https:\\\/\\\/centrourbano.com\\\/revista\\\/reportajes\\\/%e2%96%b6%ef%b8%8f-reconstruccion-la-cdmx-ano-del-sismo\\\/#primaryimage\"},\"image\":{\"@id\":\"https:\\\/\\\/centrourbano.com\\\/revista\\\/reportajes\\\/%e2%96%b6%ef%b8%8f-reconstruccion-la-cdmx-ano-del-sismo\\\/#primaryimage\"},\"thumbnailUrl\":\"https:\\\/\\\/centrourbano.com\\\/revista\\\/wp-content\\\/uploads\\\/Captura-de-pantalla-2018-09-19-a-las-10.23.29.png\",\"datePublished\":\"2018-09-19T15:25:26+00:00\",\"dateModified\":\"2018-09-19T15:25:42+00:00\",\"description\":\"Despu\u00e9s de los da\u00f1os que ocasion\u00f3 el sismo del 19 de septiembre de 2017, el Gobierno de la Ciudad de M\u00e9xico, con apoyo de otras entidades p\u00fabicas y\",\"breadcrumb\":{\"@id\":\"https:\\\/\\\/centrourbano.com\\\/revista\\\/reportajes\\\/%e2%96%b6%ef%b8%8f-reconstruccion-la-cdmx-ano-del-sismo\\\/#breadcrumb\"},\"inLanguage\":\"es\",\"potentialAction\":[{\"@type\":\"ReadAction\",\"target\":[\"https:\\\/\\\/centrourbano.com\\\/revista\\\/reportajes\\\/%e2%96%b6%ef%b8%8f-reconstruccion-la-cdmx-ano-del-sismo\\\/\"]}]},{\"@type\":\"ImageObject\",\"inLanguage\":\"es\",\"@id\":\"https:\\\/\\\/centrourbano.com\\\/revista\\\/reportajes\\\/%e2%96%b6%ef%b8%8f-reconstruccion-la-cdmx-ano-del-sismo\\\/#primaryimage\",\"url\":\"https:\\\/\\\/centrourbano.com\\\/revista\\\/wp-content\\\/uploads\\\/Captura-de-pantalla-2018-09-19-a-las-10.23.29.png\",\"contentUrl\":\"https:\\\/\\\/centrourbano.com\\\/revista\\\/wp-content\\\/uploads\\\/Captura-de-pantalla-2018-09-19-a-las-10.23.29.png\",\"width\":730,\"height\":407,\"caption\":\"\u25b6\ufe0f Reconstrucci\u00f3n de la CDMX, a un a\u00f1o del sismo\"},{\"@type\":\"BreadcrumbList\",\"@id\":\"https:\\\/\\\/centrourbano.com\\\/revista\\\/reportajes\\\/%e2%96%b6%ef%b8%8f-reconstruccion-la-cdmx-ano-del-sismo\\\/#breadcrumb\",\"itemListElement\":[{\"@type\":\"ListItem\",\"position\":1,\"name\":\"Portada\",\"item\":\"https:\\\/\\\/centrourbano.com\\\/revista\\\/\"},{\"@type\":\"ListItem\",\"position\":2,\"name\":\"\u25b6\ufe0f Reconstrucci\u00f3n de la CDMX, a un a\u00f1o del sismo\"}]},{\"@type\":\"WebSite\",\"@id\":\"https:\\\/\\\/centrourbano.com\\\/revista\\\/#website\",\"url\":\"https:\\\/\\\/centrourbano.com\\\/revista\\\/\",\"name\":\"Centro Urbano\",\"description\":\"Medio especializado en los sectores vivienda, inmobiliario, construcci\u00f3n, arquitectura y urbanismo.\",\"publisher\":{\"@id\":\"https:\\\/\\\/centrourbano.com\\\/revista\\\/#organization\"},\"potentialAction\":[{\"@type\":\"SearchAction\",\"target\":{\"@type\":\"EntryPoint\",\"urlTemplate\":\"https:\\\/\\\/centrourbano.com\\\/revista\\\/?s={search_term_string}\"},\"query-input\":{\"@type\":\"PropertyValueSpecification\",\"valueRequired\":true,\"valueName\":\"search_term_string\"}}],\"inLanguage\":\"es\"},{\"@type\":\"Organization\",\"@id\":\"https:\\\/\\\/centrourbano.com\\\/revista\\\/#organization\",\"name\":\"Centro Urbano\",\"url\":\"https:\\\/\\\/centrourbano.com\\\/revista\\\/\",\"logo\":{\"@type\":\"ImageObject\",\"inLanguage\":\"es\",\"@id\":\"https:\\\/\\\/centrourbano.com\\\/revista\\\/#\\\/schema\\\/logo\\\/image\\\/\",\"url\":\"https:\\\/\\\/centrourbano.com\\\/revista\\\/wp-content\\\/uploads\\\/web_CU_logo-1.png\",\"contentUrl\":\"https:\\\/\\\/centrourbano.com\\\/revista\\\/wp-content\\\/uploads\\\/web_CU_logo-1.png\",\"width\":350,\"height\":91,\"caption\":\"Centro Urbano\"},\"image\":{\"@id\":\"https:\\\/\\\/centrourbano.com\\\/revista\\\/#\\\/schema\\\/logo\\\/image\\\/\"},\"sameAs\":[\"https:\\\/\\\/www.facebook.com\\\/portalcentrourbano\",\"https:\\\/\\\/x.com\\\/CentroUrbano\",\"https:\\\/\\\/www.instagram.com\\\/centro_urbano\\\/\",\"https:\\\/\\\/www.linkedin.com\\\/company\\\/centro-urbano\\\/\",\"http:\\\/\\\/www.youtube.com\\\/user\\\/portalcentrourbano\"]},{\"@type\":\"Person\",\"@id\":\"https:\\\/\\\/centrourbano.com\\\/revista\\\/#\\\/schema\\\/person\\\/d4f8063028e489b077e3de34b2aad9ae\",\"name\":\"Valeria G\u00f3mez\",\"image\":{\"@type\":\"ImageObject\",\"inLanguage\":\"es\",\"@id\":\"https:\\\/\\\/secure.gravatar.com\\\/avatar\\\/6ac5ee2437ce720c0a29924adbc5914a56612f0ad0b8555914b4f2b27832582f?s=96&d=mm&r=g\",\"url\":\"https:\\\/\\\/secure.gravatar.com\\\/avatar\\\/6ac5ee2437ce720c0a29924adbc5914a56612f0ad0b8555914b4f2b27832582f?s=96&d=mm&r=g\",\"contentUrl\":\"https:\\\/\\\/secure.gravatar.com\\\/avatar\\\/6ac5ee2437ce720c0a29924adbc5914a56612f0ad0b8555914b4f2b27832582f?s=96&d=mm&r=g\",\"caption\":\"Valeria G\u00f3mez\"},\"url\":\"https:\\\/\\\/centrourbano.com\\\/revista\\\/author\\\/valeria-gomez\\\/\"}]}<\/script>\n<!-- \/ Yoast SEO plugin. -->","yoast_head_json":{"title":"\u25b6\ufe0f Reconstrucci\u00f3n de la CDMX, a un a\u00f1o del sismo -","description":"Despu\u00e9s de los da\u00f1os que ocasion\u00f3 el sismo del 19 de septiembre de 2017, el Gobierno de la Ciudad de M\u00e9xico, con apoyo de otras entidades p\u00fabicas y","robots":{"index":"index","follow":"follow","max-snippet":"max-snippet:-1","max-image-preview":"max-image-preview:large","max-video-preview":"max-video-preview:-1"},"canonical":"https:\/\/centrourbano.com\/revista\/reportajes\/\u25b6\ufe0f-reconstruccion-la-cdmx-ano-del-sismo\/","og_locale":"es_ES","og_type":"article","og_title":"\u25b6\ufe0f Reconstrucci\u00f3n de la CDMX, a un a\u00f1o del sismo -","og_description":"Despu\u00e9s de los da\u00f1os que ocasion\u00f3 el sismo del 19 de septiembre de 2017, el Gobierno de la Ciudad de M\u00e9xico, con apoyo de otras entidades p\u00fabicas y","og_url":"https:\/\/centrourbano.com\/revista\/reportajes\/\u25b6\ufe0f-reconstruccion-la-cdmx-ano-del-sismo\/","og_site_name":"Centro Urbano","article_publisher":"https:\/\/www.facebook.com\/portalcentrourbano","article_published_time":"2018-09-19T15:25:26+00:00","article_modified_time":"2018-09-19T15:25:42+00:00","og_image":[{"width":730,"height":407,"url":"https:\/\/centrourbano.com\/revista\/wp-content\/uploads\/Captura-de-pantalla-2018-09-19-a-las-10.23.29.png","type":"image\/png"}],"author":"Valeria G\u00f3mez","twitter_card":"summary_large_image","twitter_creator":"@CentroUrbano","twitter_site":"@CentroUrbano","twitter_misc":{"Escrito por":"Valeria G\u00f3mez"},"schema":{"@context":"https:\/\/schema.org","@graph":[{"@type":"Article","@id":"https:\/\/centrourbano.com\/revista\/reportajes\/%e2%96%b6%ef%b8%8f-reconstruccion-la-cdmx-ano-del-sismo\/#article","isPartOf":{"@id":"https:\/\/centrourbano.com\/revista\/reportajes\/%e2%96%b6%ef%b8%8f-reconstruccion-la-cdmx-ano-del-sismo\/"},"author":{"name":"Valeria G\u00f3mez","@id":"https:\/\/centrourbano.com\/revista\/#\/schema\/person\/d4f8063028e489b077e3de34b2aad9ae"},"headline":"\u25b6\ufe0f Reconstrucci\u00f3n de la CDMX, a un a\u00f1o del sismo","datePublished":"2018-09-19T15:25:26+00:00","dateModified":"2018-09-19T15:25:42+00:00","mainEntityOfPage":{"@id":"https:\/\/centrourbano.com\/revista\/reportajes\/%e2%96%b6%ef%b8%8f-reconstruccion-la-cdmx-ano-del-sismo\/"},"wordCount":63,"commentCount":0,"publisher":{"@id":"https:\/\/centrourbano.com\/revista\/#organization"},"image":{"@id":"https:\/\/centrourbano.com\/revista\/reportajes\/%e2%96%b6%ef%b8%8f-reconstruccion-la-cdmx-ano-del-sismo\/#primaryimage"},"thumbnailUrl":"https:\/\/centrourbano.com\/revista\/wp-content\/uploads\/Captura-de-pantalla-2018-09-19-a-las-10.23.29.png","keywords":["#CentroUrbanoRADIO","Plan de Reconstrucci\u00f3n CDMX","Sismo19S"],"articleSection":["Reportajes"],"inLanguage":"es","potentialAction":[{"@type":"CommentAction","name":"Comment","target":["https:\/\/centrourbano.com\/revista\/reportajes\/%e2%96%b6%ef%b8%8f-reconstruccion-la-cdmx-ano-del-sismo\/#respond"]}]},{"@type":"WebPage","@id":"https:\/\/centrourbano.com\/revista\/reportajes\/%e2%96%b6%ef%b8%8f-reconstruccion-la-cdmx-ano-del-sismo\/","url":"https:\/\/centrourbano.com\/revista\/reportajes\/%e2%96%b6%ef%b8%8f-reconstruccion-la-cdmx-ano-del-sismo\/","name":"\u25b6\ufe0f Reconstrucci\u00f3n de la CDMX, a un a\u00f1o del sismo -","isPartOf":{"@id":"https:\/\/centrourbano.com\/revista\/#website"},"primaryImageOfPage":{"@id":"https:\/\/centrourbano.com\/revista\/reportajes\/%e2%96%b6%ef%b8%8f-reconstruccion-la-cdmx-ano-del-sismo\/#primaryimage"},"image":{"@id":"https:\/\/centrourbano.com\/revista\/reportajes\/%e2%96%b6%ef%b8%8f-reconstruccion-la-cdmx-ano-del-sismo\/#primaryimage"},"thumbnailUrl":"https:\/\/centrourbano.com\/revista\/wp-content\/uploads\/Captura-de-pantalla-2018-09-19-a-las-10.23.29.png","datePublished":"2018-09-19T15:25:26+00:00","dateModified":"2018-09-19T15:25:42+00:00","description":"Despu\u00e9s de los da\u00f1os que ocasion\u00f3 el sismo del 19 de septiembre de 2017, el Gobierno de la Ciudad de M\u00e9xico, con apoyo de otras entidades p\u00fabicas y","breadcrumb":{"@id":"https:\/\/centrourbano.com\/revista\/reportajes\/%e2%96%b6%ef%b8%8f-reconstruccion-la-cdmx-ano-del-sismo\/#breadcrumb"},"inLanguage":"es","potentialAction":[{"@type":"ReadAction","target":["https:\/\/centrourbano.com\/revista\/reportajes\/%e2%96%b6%ef%b8%8f-reconstruccion-la-cdmx-ano-del-sismo\/"]}]},{"@type":"ImageObject","inLanguage":"es","@id":"https:\/\/centrourbano.com\/revista\/reportajes\/%e2%96%b6%ef%b8%8f-reconstruccion-la-cdmx-ano-del-sismo\/#primaryimage","url":"https:\/\/centrourbano.com\/revista\/wp-content\/uploads\/Captura-de-pantalla-2018-09-19-a-las-10.23.29.png","contentUrl":"https:\/\/centrourbano.com\/revista\/wp-content\/uploads\/Captura-de-pantalla-2018-09-19-a-las-10.23.29.png","width":730,"height":407,"caption":"\u25b6\ufe0f Reconstrucci\u00f3n de la CDMX, a un a\u00f1o del sismo"},{"@type":"BreadcrumbList","@id":"https:\/\/centrourbano.com\/revista\/reportajes\/%e2%96%b6%ef%b8%8f-reconstruccion-la-cdmx-ano-del-sismo\/#breadcrumb","itemListElement":[{"@type":"ListItem","position":1,"name":"Portada","item":"https:\/\/centrourbano.com\/revista\/"},{"@type":"ListItem","position":2,"name":"\u25b6\ufe0f Reconstrucci\u00f3n de la CDMX, a un a\u00f1o del sismo"}]},{"@type":"WebSite","@id":"https:\/\/centrourbano.com\/revista\/#website","url":"https:\/\/centrourbano.com\/revista\/","name":"Centro Urbano","description":"Medio especializado en los sectores vivienda, inmobiliario, construcci\u00f3n, arquitectura y urbanismo.","publisher":{"@id":"https:\/\/centrourbano.com\/revista\/#organization"},"potentialAction":[{"@type":"SearchAction","target":{"@type":"EntryPoint","urlTemplate":"https:\/\/centrourbano.com\/revista\/?s={search_term_string}"},"query-input":{"@type":"PropertyValueSpecification","valueRequired":true,"valueName":"search_term_string"}}],"inLanguage":"es"},{"@type":"Organization","@id":"https:\/\/centrourbano.com\/revista\/#organization","name":"Centro Urbano","url":"https:\/\/centrourbano.com\/revista\/","logo":{"@type":"ImageObject","inLanguage":"es","@id":"https:\/\/centrourbano.com\/revista\/#\/schema\/logo\/image\/","url":"https:\/\/centrourbano.com\/revista\/wp-content\/uploads\/web_CU_logo-1.png","contentUrl":"https:\/\/centrourbano.com\/revista\/wp-content\/uploads\/web_CU_logo-1.png","width":350,"height":91,"caption":"Centro Urbano"},"image":{"@id":"https:\/\/centrourbano.com\/revista\/#\/schema\/logo\/image\/"},"sameAs":["https:\/\/www.facebook.com\/portalcentrourbano","https:\/\/x.com\/CentroUrbano","https:\/\/www.instagram.com\/centro_urbano\/","https:\/\/www.linkedin.com\/company\/centro-urbano\/","http:\/\/www.youtube.com\/user\/portalcentrourbano"]},{"@type":"Person","@id":"https:\/\/centrourbano.com\/revista\/#\/schema\/person\/d4f8063028e489b077e3de34b2aad9ae","name":"Valeria G\u00f3mez","image":{"@type":"ImageObject","inLanguage":"es","@id":"https:\/\/secure.gravatar.com\/avatar\/6ac5ee2437ce720c0a29924adbc5914a56612f0ad0b8555914b4f2b27832582f?s=96&d=mm&r=g","url":"https:\/\/secure.gravatar.com\/avatar\/6ac5ee2437ce720c0a29924adbc5914a56612f0ad0b8555914b4f2b27832582f?s=96&d=mm&r=g","contentUrl":"https:\/\/secure.gravatar.com\/avatar\/6ac5ee2437ce720c0a29924adbc5914a56612f0ad0b8555914b4f2b27832582f?s=96&d=mm&r=g","caption":"Valeria G\u00f3mez"},"url":"https:\/\/centrourbano.com\/revista\/author\/valeria-gomez\/"}]}},"_links":{"self":[{"href":"https:\/\/centrourbano.com\/revista\/wp-json\/wp\/v2\/posts\/78501","targetHints":{"allow":["GET"]}}],"collection":[{"href":"https:\/\/centrourbano.com\/revista\/wp-json\/wp\/v2\/posts"}],"about":[{"href":"https:\/\/centrourbano.com\/revista\/wp-json\/wp\/v2\/types\/post"}],"author":[{"embeddable":true,"href":"https:\/\/centrourbano.com\/revista\/wp-json\/wp\/v2\/users\/66"}],"replies":[{"embeddable":true,"href":"https:\/\/centrourbano.com\/revista\/wp-json\/wp\/v2\/comments?post=78501"}],"version-history":[{"count":1,"href":"https:\/\/centrourbano.com\/revista\/wp-json\/wp\/v2\/posts\/78501\/revisions"}],"predecessor-version":[{"id":78504,"href":"https:\/\/centrourbano.com\/revista\/wp-json\/wp\/v2\/posts\/78501\/revisions\/78504"}],"wp:featuredmedia":[{"embeddable":true,"href":"https:\/\/centrourbano.com\/revista\/wp-json\/wp\/v2\/media\/78502"}],"wp:attachment":[{"href":"https:\/\/centrourbano.com\/revista\/wp-json\/wp\/v2\/media?parent=78501"}],"wp:term":[{"taxonomy":"category","embeddable":true,"href":"https:\/\/centrourbano.com\/revista\/wp-json\/wp\/v2\/categories?post=78501"},{"taxonomy":"post_tag","embeddable":true,"href":"https:\/\/centrourbano.com\/revista\/wp-json\/wp\/v2\/tags?post=78501"}],"curies":[{"name":"wp","href":"https:\/\/api.w.org\/{rel}","templated":true}]}}