{"id":78440,"date":"2018-09-18T12:15:22","date_gmt":"2018-09-18T17:15:22","guid":{"rendered":"https:\/\/centrourbano.com\/?p=78440"},"modified":"2018-09-18T13:07:00","modified_gmt":"2018-09-18T18:07:00","slug":"aumenta-8-demanda-de-vivienda-en-venta-en-cdmx","status":"publish","type":"post","link":"https:\/\/centrourbano.com\/revista\/vivienda\/aumenta-8-demanda-de-vivienda-en-venta-en-cdmx\/","title":{"rendered":"Aumenta 8% demanda de vivienda en venta en CDMX"},"content":{"rendered":"<p><em>El monitoreo de compra y renta de inmuebles en Vivanuncios revela\u00a0un cambio considerable en las tendencias de b\u00fasqueda de los usuarios<\/em><!--more--><\/p>\n<p>La b\u00fasqueda de <strong>propiedades en venta<\/strong> en la Ciudad de M\u00e9xico tuvo un aumento de<strong> 8%<\/strong> a un a\u00f1o del sismo del 19 de septiembre que da\u00f1\u00f3 miles de inmuebles en la capital, seg\u00fan refiere un an\u00e1lisis\u00a0elaborado por\u00a0<a href=\"http:\/\/icm-tracking.meltwater.com\/link.php?DynEngagement=true&amp;H=I%2BqMhXDuIS2RujNbavWSOKShOr7Ezi73JeGvxlkJ09Qb0kDpZZQFeFdAGvm1%2Bc%2BKQ8Iz8%2Bsjh5qmItsPND%2FG1XVJRCs%2BjNL8RjETJCu7YRMAg48yc19nujHndWaOGdqF&amp;G=0&amp;R=http%3A%2F%2Fwww.vivanuncios.com.mx%2F&amp;I=20180918150345.000000097668%40mail6-46-ussnn1&amp;X=MHwxMDQ2NzU4OjViYTExM2NhY2FjN2ExNWYwZDFiYmExYTs%3D&amp;S=L6lQkT9blxiq1I-xb3TMz5o0SszYJMeYTzpMZv_6W6Y\" target=\"_blank\" rel=\"noopener noreferrer\" data-saferedirecturl=\"https:\/\/www.google.com\/url?q=http:\/\/icm-tracking.meltwater.com\/link.php?DynEngagement%3Dtrue%26H%3DI%252BqMhXDuIS2RujNbavWSOKShOr7Ezi73JeGvxlkJ09Qb0kDpZZQFeFdAGvm1%252Bc%252BKQ8Iz8%252Bsjh5qmItsPND%252FG1XVJRCs%252BjNL8RjETJCu7YRMAg48yc19nujHndWaOGdqF%26G%3D0%26R%3Dhttp%253A%252F%252Fwww.vivanuncios.com.mx%252F%26I%3D20180918150345.000000097668%2540mail6-46-ussnn1%26X%3DMHwxMDQ2NzU4OjViYTExM2NhY2FjN2ExNWYwZDFiYmExYTs%253D%26S%3DL6lQkT9blxiq1I-xb3TMz5o0SszYJMeYTzpMZv_6W6Y&amp;source=gmail&amp;ust=1537376589150000&amp;usg=AFQjCNHdMPwIzdK23ZUuXZuAFS3RyNc1lw\">Vivanuncios<\/a>, el portal inmobiliario de eBay.<\/p>\n<p>En contraste, la b\u00fasqueda de <strong>vivienda en renta<\/strong> tuvo una<strong> ca\u00edda<\/strong> de similar porcentaje, es decir<strong> 7%,<\/strong> en comparaci\u00f3n con el mismo periodo del a\u00f1o pasado, situaci\u00f3n que revela\u00a0un cambio considerable en las tendencias de b\u00fasqueda de los usuarios.<\/p>\n<p>\u201cEstas variaciones podr\u00edan deberse a dos causas: la primera podr\u00eda ser que las personas que ten\u00edan planes de comprar una vivienda el a\u00f1o pasado se mostraron cautelosas ante la <strong>incertidumbre<\/strong> de las variaciones en los <strong>precios de vivienda<\/strong> y quisieron esperar un poco m\u00e1s de tiempo, eso aunado al pr\u00f3ximo cambio de gobierno.<\/p>\n<p>La segunda raz\u00f3n es que las personas que vieron <strong>afectados<\/strong> sus <strong>inmuebles<\/strong> por el sismo decidieron buscar de manera r\u00e1pida otro alojamiento como es el caso de la renta de vivienda, aunque decidieron quedarse en la misma zona o en <strong>zonas aleda\u00f1as<\/strong> debido a la cercan\u00eda con los centros de trabajo y las v\u00edas de comunicaci\u00f3n\u201d, explic\u00f3\u00a0Mariano Balcarce, director de desarrollo de negocios de Vivanuncios.<\/p>\n<p>En ese contexto, el sitio inmobiliario recomienda a quienes\u00a0est\u00e9n por realizar alguna compra o renta de una propiedad en la capital, verificar con ayuda de un profesional los aspectos legales de la propiedad, que est\u00e9 en buen estado la construcci\u00f3n, adem\u00e1s de contar con medidas de seguridad adecuadas y estar en regla con los <strong>permisos<\/strong>, <strong>licencias<\/strong> y adeudos.<\/p>\n","protected":false},"excerpt":{"rendered":"<p>El monitoreo de compra y renta de inmuebles en Vivanuncios revela\u00a0un cambio considerable en las tendencias de b\u00fasqueda de los usuarios<\/p>\n","protected":false},"author":69,"featured_media":78444,"comment_status":"open","ping_status":"closed","sticky":false,"template":"","format":"standard","meta":{"om_disable_all_campaigns":false,"inline_featured_image":false,"_monsterinsights_skip_tracking":false,"_monsterinsights_sitenote_active":false,"_monsterinsights_sitenote_note":"","_monsterinsights_sitenote_category":0,"footnotes":""},"categories":[12],"tags":[],"class_list":["post-78440","post","type-post","status-publish","format-standard","has-post-thumbnail","hentry","category-vivienda"],"yoast_head":"<!-- This site is optimized with the Yoast SEO plugin v27.4 - https:\/\/yoast.com\/product\/yoast-seo-wordpress\/ -->\n<title>Aumenta 8% demanda de vivienda en venta en CDMX<\/title>\n<meta name=\"description\" content=\"El monitoreo de compra y renta de inmuebles en Vivanuncios revela un cambio considerable en las tendencias de b\u00fasqueda de los usuarios\" \/>\n<meta name=\"robots\" content=\"index, follow, max-snippet:-1, max-image-preview:large, max-video-preview:-1\" \/>\n<link rel=\"canonical\" href=\"https:\/\/centrourbano.com\/revista\/vivienda\/aumenta-8-demanda-de-vivienda-en-venta-en-cdmx\/\" \/>\n<meta property=\"og:locale\" content=\"es_ES\" \/>\n<meta property=\"og:type\" content=\"article\" \/>\n<meta property=\"og:title\" content=\"Aumenta 8% demanda de vivienda en venta en CDMX\" \/>\n<meta property=\"og:description\" content=\"El monitoreo de compra y renta de inmuebles en Vivanuncios revela un cambio considerable en las tendencias de b\u00fasqueda de los usuarios\" \/>\n<meta property=\"og:url\" content=\"https:\/\/centrourbano.com\/revista\/vivienda\/aumenta-8-demanda-de-vivienda-en-venta-en-cdmx\/\" \/>\n<meta property=\"og:site_name\" content=\"Centro Urbano\" \/>\n<meta property=\"article:publisher\" content=\"https:\/\/www.facebook.com\/portalcentrourbano\" \/>\n<meta property=\"article:published_time\" content=\"2018-09-18T17:15:22+00:00\" \/>\n<meta property=\"article:modified_time\" content=\"2018-09-18T18:07:00+00:00\" \/>\n<meta property=\"og:image\" content=\"https:\/\/centrourbano.com\/revista\/wp-content\/uploads\/edificios.jpg\" \/>\n\t<meta property=\"og:image:width\" content=\"1024\" \/>\n\t<meta property=\"og:image:height\" content=\"683\" \/>\n\t<meta property=\"og:image:type\" content=\"image\/jpeg\" \/>\n<meta name=\"author\" content=\"Fernando Navarrete\" \/>\n<meta name=\"twitter:card\" content=\"summary_large_image\" \/>\n<meta name=\"twitter:creator\" content=\"@CentroUrbano\" \/>\n<meta name=\"twitter:site\" content=\"@CentroUrbano\" \/>\n<meta name=\"twitter:label1\" content=\"Escrito por\" \/>\n\t<meta name=\"twitter:data1\" content=\"Fernando Navarrete\" \/>\n\t<meta name=\"twitter:label2\" content=\"Tiempo de lectura\" \/>\n\t<meta name=\"twitter:data2\" content=\"2 minutos\" \/>\n<script type=\"application\/ld+json\" class=\"yoast-schema-graph\">{\"@context\":\"https:\\\/\\\/schema.org\",\"@graph\":[{\"@type\":\"Article\",\"@id\":\"https:\\\/\\\/centrourbano.com\\\/revista\\\/vivienda\\\/aumenta-8-demanda-de-vivienda-en-venta-en-cdmx\\\/#article\",\"isPartOf\":{\"@id\":\"https:\\\/\\\/centrourbano.com\\\/revista\\\/vivienda\\\/aumenta-8-demanda-de-vivienda-en-venta-en-cdmx\\\/\"},\"author\":{\"name\":\"Fernando Navarrete\",\"@id\":\"https:\\\/\\\/centrourbano.com\\\/revista\\\/#\\\/schema\\\/person\\\/515c32d01ece40d20a7ed3fdf34051af\"},\"headline\":\"Aumenta 8% demanda de vivienda en venta en CDMX\",\"datePublished\":\"2018-09-18T17:15:22+00:00\",\"dateModified\":\"2018-09-18T18:07:00+00:00\",\"mainEntityOfPage\":{\"@id\":\"https:\\\/\\\/centrourbano.com\\\/revista\\\/vivienda\\\/aumenta-8-demanda-de-vivienda-en-venta-en-cdmx\\\/\"},\"wordCount\":317,\"commentCount\":0,\"publisher\":{\"@id\":\"https:\\\/\\\/centrourbano.com\\\/revista\\\/#organization\"},\"image\":{\"@id\":\"https:\\\/\\\/centrourbano.com\\\/revista\\\/vivienda\\\/aumenta-8-demanda-de-vivienda-en-venta-en-cdmx\\\/#primaryimage\"},\"thumbnailUrl\":\"https:\\\/\\\/centrourbano.com\\\/revista\\\/wp-content\\\/uploads\\\/edificios.jpg\",\"articleSection\":[\"Vivienda\"],\"inLanguage\":\"es\",\"potentialAction\":[{\"@type\":\"CommentAction\",\"name\":\"Comment\",\"target\":[\"https:\\\/\\\/centrourbano.com\\\/revista\\\/vivienda\\\/aumenta-8-demanda-de-vivienda-en-venta-en-cdmx\\\/#respond\"]}]},{\"@type\":\"WebPage\",\"@id\":\"https:\\\/\\\/centrourbano.com\\\/revista\\\/vivienda\\\/aumenta-8-demanda-de-vivienda-en-venta-en-cdmx\\\/\",\"url\":\"https:\\\/\\\/centrourbano.com\\\/revista\\\/vivienda\\\/aumenta-8-demanda-de-vivienda-en-venta-en-cdmx\\\/\",\"name\":\"Aumenta 8% demanda de vivienda en venta en CDMX\",\"isPartOf\":{\"@id\":\"https:\\\/\\\/centrourbano.com\\\/revista\\\/#website\"},\"primaryImageOfPage\":{\"@id\":\"https:\\\/\\\/centrourbano.com\\\/revista\\\/vivienda\\\/aumenta-8-demanda-de-vivienda-en-venta-en-cdmx\\\/#primaryimage\"},\"image\":{\"@id\":\"https:\\\/\\\/centrourbano.com\\\/revista\\\/vivienda\\\/aumenta-8-demanda-de-vivienda-en-venta-en-cdmx\\\/#primaryimage\"},\"thumbnailUrl\":\"https:\\\/\\\/centrourbano.com\\\/revista\\\/wp-content\\\/uploads\\\/edificios.jpg\",\"datePublished\":\"2018-09-18T17:15:22+00:00\",\"dateModified\":\"2018-09-18T18:07:00+00:00\",\"description\":\"El monitoreo de compra y renta de inmuebles en Vivanuncios revela un cambio considerable en las tendencias de b\u00fasqueda de los usuarios\",\"breadcrumb\":{\"@id\":\"https:\\\/\\\/centrourbano.com\\\/revista\\\/vivienda\\\/aumenta-8-demanda-de-vivienda-en-venta-en-cdmx\\\/#breadcrumb\"},\"inLanguage\":\"es\",\"potentialAction\":[{\"@type\":\"ReadAction\",\"target\":[\"https:\\\/\\\/centrourbano.com\\\/revista\\\/vivienda\\\/aumenta-8-demanda-de-vivienda-en-venta-en-cdmx\\\/\"]}]},{\"@type\":\"ImageObject\",\"inLanguage\":\"es\",\"@id\":\"https:\\\/\\\/centrourbano.com\\\/revista\\\/vivienda\\\/aumenta-8-demanda-de-vivienda-en-venta-en-cdmx\\\/#primaryimage\",\"url\":\"https:\\\/\\\/centrourbano.com\\\/revista\\\/wp-content\\\/uploads\\\/edificios.jpg\",\"contentUrl\":\"https:\\\/\\\/centrourbano.com\\\/revista\\\/wp-content\\\/uploads\\\/edificios.jpg\",\"width\":1024,\"height\":683,\"caption\":\"El monitoreo de compra y renta de inmuebles en Vivanuncios revela un cambio considerable en las tendencias de b\u00fasqueda de los usuarios\"},{\"@type\":\"BreadcrumbList\",\"@id\":\"https:\\\/\\\/centrourbano.com\\\/revista\\\/vivienda\\\/aumenta-8-demanda-de-vivienda-en-venta-en-cdmx\\\/#breadcrumb\",\"itemListElement\":[{\"@type\":\"ListItem\",\"position\":1,\"name\":\"Portada\",\"item\":\"https:\\\/\\\/centrourbano.com\\\/revista\\\/\"},{\"@type\":\"ListItem\",\"position\":2,\"name\":\"Aumenta 8% demanda de vivienda en venta en CDMX\"}]},{\"@type\":\"WebSite\",\"@id\":\"https:\\\/\\\/centrourbano.com\\\/revista\\\/#website\",\"url\":\"https:\\\/\\\/centrourbano.com\\\/revista\\\/\",\"name\":\"Centro Urbano\",\"description\":\"Medio especializado en los sectores vivienda, inmobiliario, construcci\u00f3n, arquitectura y urbanismo.\",\"publisher\":{\"@id\":\"https:\\\/\\\/centrourbano.com\\\/revista\\\/#organization\"},\"potentialAction\":[{\"@type\":\"SearchAction\",\"target\":{\"@type\":\"EntryPoint\",\"urlTemplate\":\"https:\\\/\\\/centrourbano.com\\\/revista\\\/?s={search_term_string}\"},\"query-input\":{\"@type\":\"PropertyValueSpecification\",\"valueRequired\":true,\"valueName\":\"search_term_string\"}}],\"inLanguage\":\"es\"},{\"@type\":\"Organization\",\"@id\":\"https:\\\/\\\/centrourbano.com\\\/revista\\\/#organization\",\"name\":\"Centro Urbano\",\"url\":\"https:\\\/\\\/centrourbano.com\\\/revista\\\/\",\"logo\":{\"@type\":\"ImageObject\",\"inLanguage\":\"es\",\"@id\":\"https:\\\/\\\/centrourbano.com\\\/revista\\\/#\\\/schema\\\/logo\\\/image\\\/\",\"url\":\"https:\\\/\\\/centrourbano.com\\\/revista\\\/wp-content\\\/uploads\\\/web_CU_logo-1.png\",\"contentUrl\":\"https:\\\/\\\/centrourbano.com\\\/revista\\\/wp-content\\\/uploads\\\/web_CU_logo-1.png\",\"width\":350,\"height\":91,\"caption\":\"Centro Urbano\"},\"image\":{\"@id\":\"https:\\\/\\\/centrourbano.com\\\/revista\\\/#\\\/schema\\\/logo\\\/image\\\/\"},\"sameAs\":[\"https:\\\/\\\/www.facebook.com\\\/portalcentrourbano\",\"https:\\\/\\\/x.com\\\/CentroUrbano\",\"https:\\\/\\\/www.instagram.com\\\/centro_urbano\\\/\",\"https:\\\/\\\/www.linkedin.com\\\/company\\\/centro-urbano\\\/\",\"http:\\\/\\\/www.youtube.com\\\/user\\\/portalcentrourbano\"]},{\"@type\":\"Person\",\"@id\":\"https:\\\/\\\/centrourbano.com\\\/revista\\\/#\\\/schema\\\/person\\\/515c32d01ece40d20a7ed3fdf34051af\",\"name\":\"Fernando Navarrete\",\"image\":{\"@type\":\"ImageObject\",\"inLanguage\":\"es\",\"@id\":\"https:\\\/\\\/secure.gravatar.com\\\/avatar\\\/f4dd6927a99e72698473e350e20ec8a38bd48cb668e15b03d04e8e537da41ad0?s=96&d=mm&r=g\",\"url\":\"https:\\\/\\\/secure.gravatar.com\\\/avatar\\\/f4dd6927a99e72698473e350e20ec8a38bd48cb668e15b03d04e8e537da41ad0?s=96&d=mm&r=g\",\"contentUrl\":\"https:\\\/\\\/secure.gravatar.com\\\/avatar\\\/f4dd6927a99e72698473e350e20ec8a38bd48cb668e15b03d04e8e537da41ad0?s=96&d=mm&r=g\",\"caption\":\"Fernando Navarrete\"},\"description\":\"Reportero de negocios, inmobiliario, construcci\u00f3n e industria. Me interesa la econom\u00eda, pol\u00edtica, historia y antropolog\u00eda. Estudi\u00e9 en la Facultad de Ciencias Pol\u00edticas y Sociales de la UNAM. Tengo experiencia en el sector p\u00fablico, la industria del acero, ingenier\u00eda civil, IT y corporativos; soy un nost\u00e1lgico nacionalista contempor\u00e1neo que cree en la grandeza de su pa\u00eds. Asiduo lector de Juan Rulfo, Jos\u00e9 Revueltas y J. R. R Tolkien.\",\"url\":\"https:\\\/\\\/centrourbano.com\\\/revista\\\/author\\\/fernando-navarrete\\\/\"}]}<\/script>\n<!-- \/ Yoast SEO plugin. -->","yoast_head_json":{"title":"Aumenta 8% demanda de vivienda en venta en CDMX","description":"El monitoreo de compra y renta de inmuebles en Vivanuncios revela un cambio considerable en las tendencias de b\u00fasqueda de los usuarios","robots":{"index":"index","follow":"follow","max-snippet":"max-snippet:-1","max-image-preview":"max-image-preview:large","max-video-preview":"max-video-preview:-1"},"canonical":"https:\/\/centrourbano.com\/revista\/vivienda\/aumenta-8-demanda-de-vivienda-en-venta-en-cdmx\/","og_locale":"es_ES","og_type":"article","og_title":"Aumenta 8% demanda de vivienda en venta en CDMX","og_description":"El monitoreo de compra y renta de inmuebles en Vivanuncios revela un cambio considerable en las tendencias de b\u00fasqueda de los usuarios","og_url":"https:\/\/centrourbano.com\/revista\/vivienda\/aumenta-8-demanda-de-vivienda-en-venta-en-cdmx\/","og_site_name":"Centro Urbano","article_publisher":"https:\/\/www.facebook.com\/portalcentrourbano","article_published_time":"2018-09-18T17:15:22+00:00","article_modified_time":"2018-09-18T18:07:00+00:00","og_image":[{"width":1024,"height":683,"url":"https:\/\/centrourbano.com\/revista\/wp-content\/uploads\/edificios.jpg","type":"image\/jpeg"}],"author":"Fernando Navarrete","twitter_card":"summary_large_image","twitter_creator":"@CentroUrbano","twitter_site":"@CentroUrbano","twitter_misc":{"Escrito por":"Fernando Navarrete","Tiempo de lectura":"2 minutos"},"schema":{"@context":"https:\/\/schema.org","@graph":[{"@type":"Article","@id":"https:\/\/centrourbano.com\/revista\/vivienda\/aumenta-8-demanda-de-vivienda-en-venta-en-cdmx\/#article","isPartOf":{"@id":"https:\/\/centrourbano.com\/revista\/vivienda\/aumenta-8-demanda-de-vivienda-en-venta-en-cdmx\/"},"author":{"name":"Fernando Navarrete","@id":"https:\/\/centrourbano.com\/revista\/#\/schema\/person\/515c32d01ece40d20a7ed3fdf34051af"},"headline":"Aumenta 8% demanda de vivienda en venta en CDMX","datePublished":"2018-09-18T17:15:22+00:00","dateModified":"2018-09-18T18:07:00+00:00","mainEntityOfPage":{"@id":"https:\/\/centrourbano.com\/revista\/vivienda\/aumenta-8-demanda-de-vivienda-en-venta-en-cdmx\/"},"wordCount":317,"commentCount":0,"publisher":{"@id":"https:\/\/centrourbano.com\/revista\/#organization"},"image":{"@id":"https:\/\/centrourbano.com\/revista\/vivienda\/aumenta-8-demanda-de-vivienda-en-venta-en-cdmx\/#primaryimage"},"thumbnailUrl":"https:\/\/centrourbano.com\/revista\/wp-content\/uploads\/edificios.jpg","articleSection":["Vivienda"],"inLanguage":"es","potentialAction":[{"@type":"CommentAction","name":"Comment","target":["https:\/\/centrourbano.com\/revista\/vivienda\/aumenta-8-demanda-de-vivienda-en-venta-en-cdmx\/#respond"]}]},{"@type":"WebPage","@id":"https:\/\/centrourbano.com\/revista\/vivienda\/aumenta-8-demanda-de-vivienda-en-venta-en-cdmx\/","url":"https:\/\/centrourbano.com\/revista\/vivienda\/aumenta-8-demanda-de-vivienda-en-venta-en-cdmx\/","name":"Aumenta 8% demanda de vivienda en venta en CDMX","isPartOf":{"@id":"https:\/\/centrourbano.com\/revista\/#website"},"primaryImageOfPage":{"@id":"https:\/\/centrourbano.com\/revista\/vivienda\/aumenta-8-demanda-de-vivienda-en-venta-en-cdmx\/#primaryimage"},"image":{"@id":"https:\/\/centrourbano.com\/revista\/vivienda\/aumenta-8-demanda-de-vivienda-en-venta-en-cdmx\/#primaryimage"},"thumbnailUrl":"https:\/\/centrourbano.com\/revista\/wp-content\/uploads\/edificios.jpg","datePublished":"2018-09-18T17:15:22+00:00","dateModified":"2018-09-18T18:07:00+00:00","description":"El monitoreo de compra y renta de inmuebles en Vivanuncios revela un cambio considerable en las tendencias de b\u00fasqueda de los usuarios","breadcrumb":{"@id":"https:\/\/centrourbano.com\/revista\/vivienda\/aumenta-8-demanda-de-vivienda-en-venta-en-cdmx\/#breadcrumb"},"inLanguage":"es","potentialAction":[{"@type":"ReadAction","target":["https:\/\/centrourbano.com\/revista\/vivienda\/aumenta-8-demanda-de-vivienda-en-venta-en-cdmx\/"]}]},{"@type":"ImageObject","inLanguage":"es","@id":"https:\/\/centrourbano.com\/revista\/vivienda\/aumenta-8-demanda-de-vivienda-en-venta-en-cdmx\/#primaryimage","url":"https:\/\/centrourbano.com\/revista\/wp-content\/uploads\/edificios.jpg","contentUrl":"https:\/\/centrourbano.com\/revista\/wp-content\/uploads\/edificios.jpg","width":1024,"height":683,"caption":"El monitoreo de compra y renta de inmuebles en Vivanuncios revela un cambio considerable en las tendencias de b\u00fasqueda de los usuarios"},{"@type":"BreadcrumbList","@id":"https:\/\/centrourbano.com\/revista\/vivienda\/aumenta-8-demanda-de-vivienda-en-venta-en-cdmx\/#breadcrumb","itemListElement":[{"@type":"ListItem","position":1,"name":"Portada","item":"https:\/\/centrourbano.com\/revista\/"},{"@type":"ListItem","position":2,"name":"Aumenta 8% demanda de vivienda en venta en CDMX"}]},{"@type":"WebSite","@id":"https:\/\/centrourbano.com\/revista\/#website","url":"https:\/\/centrourbano.com\/revista\/","name":"Centro Urbano","description":"Medio especializado en los sectores vivienda, inmobiliario, construcci\u00f3n, arquitectura y urbanismo.","publisher":{"@id":"https:\/\/centrourbano.com\/revista\/#organization"},"potentialAction":[{"@type":"SearchAction","target":{"@type":"EntryPoint","urlTemplate":"https:\/\/centrourbano.com\/revista\/?s={search_term_string}"},"query-input":{"@type":"PropertyValueSpecification","valueRequired":true,"valueName":"search_term_string"}}],"inLanguage":"es"},{"@type":"Organization","@id":"https:\/\/centrourbano.com\/revista\/#organization","name":"Centro Urbano","url":"https:\/\/centrourbano.com\/revista\/","logo":{"@type":"ImageObject","inLanguage":"es","@id":"https:\/\/centrourbano.com\/revista\/#\/schema\/logo\/image\/","url":"https:\/\/centrourbano.com\/revista\/wp-content\/uploads\/web_CU_logo-1.png","contentUrl":"https:\/\/centrourbano.com\/revista\/wp-content\/uploads\/web_CU_logo-1.png","width":350,"height":91,"caption":"Centro Urbano"},"image":{"@id":"https:\/\/centrourbano.com\/revista\/#\/schema\/logo\/image\/"},"sameAs":["https:\/\/www.facebook.com\/portalcentrourbano","https:\/\/x.com\/CentroUrbano","https:\/\/www.instagram.com\/centro_urbano\/","https:\/\/www.linkedin.com\/company\/centro-urbano\/","http:\/\/www.youtube.com\/user\/portalcentrourbano"]},{"@type":"Person","@id":"https:\/\/centrourbano.com\/revista\/#\/schema\/person\/515c32d01ece40d20a7ed3fdf34051af","name":"Fernando Navarrete","image":{"@type":"ImageObject","inLanguage":"es","@id":"https:\/\/secure.gravatar.com\/avatar\/f4dd6927a99e72698473e350e20ec8a38bd48cb668e15b03d04e8e537da41ad0?s=96&d=mm&r=g","url":"https:\/\/secure.gravatar.com\/avatar\/f4dd6927a99e72698473e350e20ec8a38bd48cb668e15b03d04e8e537da41ad0?s=96&d=mm&r=g","contentUrl":"https:\/\/secure.gravatar.com\/avatar\/f4dd6927a99e72698473e350e20ec8a38bd48cb668e15b03d04e8e537da41ad0?s=96&d=mm&r=g","caption":"Fernando Navarrete"},"description":"Reportero de negocios, inmobiliario, construcci\u00f3n e industria. Me interesa la econom\u00eda, pol\u00edtica, historia y antropolog\u00eda. Estudi\u00e9 en la Facultad de Ciencias Pol\u00edticas y Sociales de la UNAM. Tengo experiencia en el sector p\u00fablico, la industria del acero, ingenier\u00eda civil, IT y corporativos; soy un nost\u00e1lgico nacionalista contempor\u00e1neo que cree en la grandeza de su pa\u00eds. Asiduo lector de Juan Rulfo, Jos\u00e9 Revueltas y J. R. R Tolkien.","url":"https:\/\/centrourbano.com\/revista\/author\/fernando-navarrete\/"}]}},"_links":{"self":[{"href":"https:\/\/centrourbano.com\/revista\/wp-json\/wp\/v2\/posts\/78440","targetHints":{"allow":["GET"]}}],"collection":[{"href":"https:\/\/centrourbano.com\/revista\/wp-json\/wp\/v2\/posts"}],"about":[{"href":"https:\/\/centrourbano.com\/revista\/wp-json\/wp\/v2\/types\/post"}],"author":[{"embeddable":true,"href":"https:\/\/centrourbano.com\/revista\/wp-json\/wp\/v2\/users\/69"}],"replies":[{"embeddable":true,"href":"https:\/\/centrourbano.com\/revista\/wp-json\/wp\/v2\/comments?post=78440"}],"version-history":[{"count":2,"href":"https:\/\/centrourbano.com\/revista\/wp-json\/wp\/v2\/posts\/78440\/revisions"}],"predecessor-version":[{"id":78447,"href":"https:\/\/centrourbano.com\/revista\/wp-json\/wp\/v2\/posts\/78440\/revisions\/78447"}],"wp:featuredmedia":[{"embeddable":true,"href":"https:\/\/centrourbano.com\/revista\/wp-json\/wp\/v2\/media\/78444"}],"wp:attachment":[{"href":"https:\/\/centrourbano.com\/revista\/wp-json\/wp\/v2\/media?parent=78440"}],"wp:term":[{"taxonomy":"category","embeddable":true,"href":"https:\/\/centrourbano.com\/revista\/wp-json\/wp\/v2\/categories?post=78440"},{"taxonomy":"post_tag","embeddable":true,"href":"https:\/\/centrourbano.com\/revista\/wp-json\/wp\/v2\/tags?post=78440"}],"curies":[{"name":"wp","href":"https:\/\/api.w.org\/{rel}","templated":true}]}}