{"id":78415,"date":"2018-09-17T18:59:29","date_gmt":"2018-09-17T23:59:29","guid":{"rendered":"https:\/\/centrourbano.com\/?p=78415"},"modified":"2018-09-17T19:02:20","modified_gmt":"2018-09-18T00:02:20","slug":"realizo-valor-seminario-actualizacion-valuacion","status":"publish","type":"post","link":"https:\/\/centrourbano.com\/revista\/vivienda\/realizo-valor-seminario-actualizacion-valuacion\/","title":{"rendered":"Realiz\u00f3 Valor seminario de actualizaci\u00f3n"},"content":{"rendered":"<p><em>La empresa convoc\u00f3 a personalidades del rubro que compartieron su experiencia <\/em><!--more--><\/p>\n<p>En el marco de su aniversario n\u00famero 15, Valuaci\u00f3n Organizada (Valor), empresa dirigida por Mario Marqu\u00e9s, llev\u00f3 a cabo el seminario \u201cM\u00e9xico a la Vanguardia de la Valuaci\u00f3n Contempor\u00e1nea\u201d. El evento se realiz\u00f3 el pasado 14 y 15 de septiembre en la ciudad de C\u00f3rdoba, Veracruz y cont\u00f3 con la participaci\u00f3n de destacados especialistas de la valuaci\u00f3n en el pa\u00eds. <\/p>\n<p>Con un programa que contempl\u00f3 seis ponencias, entre ellas la de Jorge A Mc Loughlin Larrain, director general de Rasa, los profesionales de la valuaci\u00f3n integrantes de Valor pudieron actualizar sus conocimientos en el \u00e1rea. <\/p>\n<p>Dentro de la jornada de actividades, se destaca la participaci\u00f3n de Fernando Rico Moreno con la ponencia \u201cDictamen t\u00e9cnico Comercial de Proyectos de Inversi\u00f3n Inmobiliaria\u201d, as\u00ed como la charla encabezada por Ra\u00fal Bracamontes Zenizo sobre \u201cAplicaci\u00f3n de \u00edndices en la Valuaci\u00f3n de Maquinaria y Equipo\u201d. <\/p>\n<p>Aunado a lo anterior, Jaime Ord\u00f3\u00f1ez Dami\u00e1n dirigi\u00f3 la ponencia sobre \u201cConsideraciones sobre Servidumbres y \u00c1reas Naturales Protegidas en aval\u00faos inmobiliarios\u201d, actividad que se sum\u00f3 a la charla de Sergio Samaniego Huerta sobre lo que denomin\u00f3 \u201cEl aval\u00fao de Negocio en Marcha\u201d.<\/p>\n<p>Como parte del ciclo de conferencias, Alfredo Giorgana de la Concha, director de valuaci\u00f3n de Johns Lang Lasalle en M\u00e9xico, habl\u00f3 a los participantes sobre la valuaci\u00f3n de inmuebles aporados para Fibras. De manera particular comparti\u00f3 el resultado de las investigaciones que ha realizado en el \u00e1rea. <\/p>\n<p>De igual forma, Ricardo Alfonso Cant\u00fa abord\u00f3 las \u201cValuaci\u00f3n de la Transferencia de la Potencialidad\u201d. En esta charla, el especialista hizo referencia sobre la valuaci\u00f3n de intangibles en el caso de derechos de propiedad. <\/p>\n<p>Las actividades culminaron con los festejos del 15 de septiembre, marco en el que Valor hizo entrega de t\u00edtulos de especializaci\u00f3n en el rubro de Valuaci\u00f3n con Orientaci\u00f3n en Inmuebles Agropecuarios. <\/p>\n","protected":false},"excerpt":{"rendered":"<p>La empresa convoc\u00f3 a personalidades del rubro que compartieron su experiencia<\/p>\n","protected":false},"author":47,"featured_media":78416,"comment_status":"open","ping_status":"closed","sticky":false,"template":"","format":"standard","meta":{"om_disable_all_campaigns":false,"inline_featured_image":false,"_monsterinsights_skip_tracking":false,"_monsterinsights_sitenote_active":false,"_monsterinsights_sitenote_note":"","_monsterinsights_sitenote_category":0,"footnotes":""},"categories":[12],"tags":[6982,4806,1947],"class_list":["post-78415","post","type-post","status-publish","format-standard","has-post-thumbnail","hentry","category-vivienda","tag-mario-marques-tapia","tag-valor","tag-valuacion-organizada"],"yoast_head":"<!-- This site is optimized with the Yoast SEO plugin v27.4 - https:\/\/yoast.com\/product\/yoast-seo-wordpress\/ -->\n<title>Realiz\u00f3 Valor seminario de actualizaci\u00f3n en valuaci\u00f3n<\/title>\n<meta name=\"description\" content=\"En el marco de su aniversario n\u00famero 15, Valuaci\u00f3n Organizada (Valor), empresa dirigida por Mario Marqu\u00e9s, llev\u00f3 a cabo el seminario...\" \/>\n<meta name=\"robots\" content=\"index, follow, max-snippet:-1, max-image-preview:large, max-video-preview:-1\" \/>\n<link rel=\"canonical\" href=\"https:\/\/centrourbano.com\/revista\/vivienda\/realizo-valor-seminario-actualizacion-valuacion\/\" \/>\n<meta property=\"og:locale\" content=\"es_ES\" \/>\n<meta property=\"og:type\" content=\"article\" \/>\n<meta property=\"og:title\" content=\"Realiz\u00f3 Valor seminario de actualizaci\u00f3n en valuaci\u00f3n\" \/>\n<meta property=\"og:description\" content=\"En el marco de su aniversario n\u00famero 15, Valuaci\u00f3n Organizada (Valor), empresa dirigida por Mario Marqu\u00e9s, llev\u00f3 a cabo el seminario...\" \/>\n<meta property=\"og:url\" content=\"https:\/\/centrourbano.com\/revista\/vivienda\/realizo-valor-seminario-actualizacion-valuacion\/\" \/>\n<meta property=\"og:site_name\" content=\"Centro Urbano\" \/>\n<meta property=\"article:publisher\" content=\"https:\/\/www.facebook.com\/portalcentrourbano\" \/>\n<meta property=\"article:published_time\" content=\"2018-09-17T23:59:29+00:00\" \/>\n<meta property=\"article:modified_time\" content=\"2018-09-18T00:02:20+00:00\" \/>\n<meta property=\"og:image\" content=\"https:\/\/centrourbano.com\/revista\/wp-content\/uploads\/Valor_Mario-Marqu\u00e9s_SEminario.jpeg\" \/>\n\t<meta property=\"og:image:width\" content=\"800\" \/>\n\t<meta property=\"og:image:height\" content=\"533\" \/>\n\t<meta property=\"og:image:type\" content=\"image\/jpeg\" \/>\n<meta name=\"author\" content=\"Edgar Rosas\" \/>\n<meta name=\"twitter:card\" content=\"summary_large_image\" \/>\n<meta name=\"twitter:creator\" content=\"@https:\/\/twitter.com\/ERosasCU?s=09\" \/>\n<meta name=\"twitter:site\" content=\"@CentroUrbano\" \/>\n<meta name=\"twitter:label1\" content=\"Escrito por\" \/>\n\t<meta name=\"twitter:data1\" content=\"Edgar Rosas\" \/>\n\t<meta name=\"twitter:label2\" content=\"Tiempo de lectura\" \/>\n\t<meta name=\"twitter:data2\" content=\"2 minutos\" \/>\n<script type=\"application\/ld+json\" class=\"yoast-schema-graph\">{\"@context\":\"https:\\\/\\\/schema.org\",\"@graph\":[{\"@type\":\"Article\",\"@id\":\"https:\\\/\\\/centrourbano.com\\\/revista\\\/vivienda\\\/realizo-valor-seminario-actualizacion-valuacion\\\/#article\",\"isPartOf\":{\"@id\":\"https:\\\/\\\/centrourbano.com\\\/revista\\\/vivienda\\\/realizo-valor-seminario-actualizacion-valuacion\\\/\"},\"author\":{\"name\":\"Edgar Rosas\",\"@id\":\"https:\\\/\\\/centrourbano.com\\\/revista\\\/#\\\/schema\\\/person\\\/ff3c00651ce5b1630479d2cd0c2e3ac0\"},\"headline\":\"Realiz\u00f3 Valor seminario de actualizaci\u00f3n\",\"datePublished\":\"2018-09-17T23:59:29+00:00\",\"dateModified\":\"2018-09-18T00:02:20+00:00\",\"mainEntityOfPage\":{\"@id\":\"https:\\\/\\\/centrourbano.com\\\/revista\\\/vivienda\\\/realizo-valor-seminario-actualizacion-valuacion\\\/\"},\"wordCount\":337,\"commentCount\":0,\"publisher\":{\"@id\":\"https:\\\/\\\/centrourbano.com\\\/revista\\\/#organization\"},\"image\":{\"@id\":\"https:\\\/\\\/centrourbano.com\\\/revista\\\/vivienda\\\/realizo-valor-seminario-actualizacion-valuacion\\\/#primaryimage\"},\"thumbnailUrl\":\"https:\\\/\\\/centrourbano.com\\\/revista\\\/wp-content\\\/uploads\\\/Valor_Mario-Marqu\u00e9s_SEminario.jpeg\",\"keywords\":[\"Mario Marqu\u00e9s Tapia\",\"Valor\",\"Valuaci\u00f3n Organizada\"],\"articleSection\":[\"Vivienda\"],\"inLanguage\":\"es\",\"potentialAction\":[{\"@type\":\"CommentAction\",\"name\":\"Comment\",\"target\":[\"https:\\\/\\\/centrourbano.com\\\/revista\\\/vivienda\\\/realizo-valor-seminario-actualizacion-valuacion\\\/#respond\"]}]},{\"@type\":\"WebPage\",\"@id\":\"https:\\\/\\\/centrourbano.com\\\/revista\\\/vivienda\\\/realizo-valor-seminario-actualizacion-valuacion\\\/\",\"url\":\"https:\\\/\\\/centrourbano.com\\\/revista\\\/vivienda\\\/realizo-valor-seminario-actualizacion-valuacion\\\/\",\"name\":\"Realiz\u00f3 Valor seminario de actualizaci\u00f3n en valuaci\u00f3n\",\"isPartOf\":{\"@id\":\"https:\\\/\\\/centrourbano.com\\\/revista\\\/#website\"},\"primaryImageOfPage\":{\"@id\":\"https:\\\/\\\/centrourbano.com\\\/revista\\\/vivienda\\\/realizo-valor-seminario-actualizacion-valuacion\\\/#primaryimage\"},\"image\":{\"@id\":\"https:\\\/\\\/centrourbano.com\\\/revista\\\/vivienda\\\/realizo-valor-seminario-actualizacion-valuacion\\\/#primaryimage\"},\"thumbnailUrl\":\"https:\\\/\\\/centrourbano.com\\\/revista\\\/wp-content\\\/uploads\\\/Valor_Mario-Marqu\u00e9s_SEminario.jpeg\",\"datePublished\":\"2018-09-17T23:59:29+00:00\",\"dateModified\":\"2018-09-18T00:02:20+00:00\",\"description\":\"En el marco de su aniversario n\u00famero 15, Valuaci\u00f3n Organizada (Valor), empresa dirigida por Mario Marqu\u00e9s, llev\u00f3 a cabo el seminario...\",\"breadcrumb\":{\"@id\":\"https:\\\/\\\/centrourbano.com\\\/revista\\\/vivienda\\\/realizo-valor-seminario-actualizacion-valuacion\\\/#breadcrumb\"},\"inLanguage\":\"es\",\"potentialAction\":[{\"@type\":\"ReadAction\",\"target\":[\"https:\\\/\\\/centrourbano.com\\\/revista\\\/vivienda\\\/realizo-valor-seminario-actualizacion-valuacion\\\/\"]}]},{\"@type\":\"ImageObject\",\"inLanguage\":\"es\",\"@id\":\"https:\\\/\\\/centrourbano.com\\\/revista\\\/vivienda\\\/realizo-valor-seminario-actualizacion-valuacion\\\/#primaryimage\",\"url\":\"https:\\\/\\\/centrourbano.com\\\/revista\\\/wp-content\\\/uploads\\\/Valor_Mario-Marqu\u00e9s_SEminario.jpeg\",\"contentUrl\":\"https:\\\/\\\/centrourbano.com\\\/revista\\\/wp-content\\\/uploads\\\/Valor_Mario-Marqu\u00e9s_SEminario.jpeg\",\"width\":800,\"height\":533,\"caption\":\"La empresa convoc\u00f3 a personalidades del rubro que compartieron su experiencia\"},{\"@type\":\"BreadcrumbList\",\"@id\":\"https:\\\/\\\/centrourbano.com\\\/revista\\\/vivienda\\\/realizo-valor-seminario-actualizacion-valuacion\\\/#breadcrumb\",\"itemListElement\":[{\"@type\":\"ListItem\",\"position\":1,\"name\":\"Portada\",\"item\":\"https:\\\/\\\/centrourbano.com\\\/revista\\\/\"},{\"@type\":\"ListItem\",\"position\":2,\"name\":\"Realiz\u00f3 Valor seminario de actualizaci\u00f3n\"}]},{\"@type\":\"WebSite\",\"@id\":\"https:\\\/\\\/centrourbano.com\\\/revista\\\/#website\",\"url\":\"https:\\\/\\\/centrourbano.com\\\/revista\\\/\",\"name\":\"Centro Urbano\",\"description\":\"Medio especializado en los sectores vivienda, inmobiliario, construcci\u00f3n, arquitectura y urbanismo.\",\"publisher\":{\"@id\":\"https:\\\/\\\/centrourbano.com\\\/revista\\\/#organization\"},\"potentialAction\":[{\"@type\":\"SearchAction\",\"target\":{\"@type\":\"EntryPoint\",\"urlTemplate\":\"https:\\\/\\\/centrourbano.com\\\/revista\\\/?s={search_term_string}\"},\"query-input\":{\"@type\":\"PropertyValueSpecification\",\"valueRequired\":true,\"valueName\":\"search_term_string\"}}],\"inLanguage\":\"es\"},{\"@type\":\"Organization\",\"@id\":\"https:\\\/\\\/centrourbano.com\\\/revista\\\/#organization\",\"name\":\"Centro Urbano\",\"url\":\"https:\\\/\\\/centrourbano.com\\\/revista\\\/\",\"logo\":{\"@type\":\"ImageObject\",\"inLanguage\":\"es\",\"@id\":\"https:\\\/\\\/centrourbano.com\\\/revista\\\/#\\\/schema\\\/logo\\\/image\\\/\",\"url\":\"https:\\\/\\\/centrourbano.com\\\/revista\\\/wp-content\\\/uploads\\\/web_CU_logo-1.png\",\"contentUrl\":\"https:\\\/\\\/centrourbano.com\\\/revista\\\/wp-content\\\/uploads\\\/web_CU_logo-1.png\",\"width\":350,\"height\":91,\"caption\":\"Centro Urbano\"},\"image\":{\"@id\":\"https:\\\/\\\/centrourbano.com\\\/revista\\\/#\\\/schema\\\/logo\\\/image\\\/\"},\"sameAs\":[\"https:\\\/\\\/www.facebook.com\\\/portalcentrourbano\",\"https:\\\/\\\/x.com\\\/CentroUrbano\",\"https:\\\/\\\/www.instagram.com\\\/centro_urbano\\\/\",\"https:\\\/\\\/www.linkedin.com\\\/company\\\/centro-urbano\\\/\",\"http:\\\/\\\/www.youtube.com\\\/user\\\/portalcentrourbano\"]},{\"@type\":\"Person\",\"@id\":\"https:\\\/\\\/centrourbano.com\\\/revista\\\/#\\\/schema\\\/person\\\/ff3c00651ce5b1630479d2cd0c2e3ac0\",\"name\":\"Edgar Rosas\",\"image\":{\"@type\":\"ImageObject\",\"inLanguage\":\"es\",\"@id\":\"https:\\\/\\\/secure.gravatar.com\\\/avatar\\\/94440c4283495211faa5300bf85e80061036b83fced868c3783aa1310b350d9c?s=96&d=mm&r=g\",\"url\":\"https:\\\/\\\/secure.gravatar.com\\\/avatar\\\/94440c4283495211faa5300bf85e80061036b83fced868c3783aa1310b350d9c?s=96&d=mm&r=g\",\"contentUrl\":\"https:\\\/\\\/secure.gravatar.com\\\/avatar\\\/94440c4283495211faa5300bf85e80061036b83fced868c3783aa1310b350d9c?s=96&d=mm&r=g\",\"caption\":\"Edgar Rosas\"},\"description\":\"Editor en Jefe de Centro Urbano. Egresado de la maestr\u00eda en Periodismo Pol\u00edtico de la Escuela de Periodismo Carlos Septi\u00e9n Garc\u00eda (EPCSG). Estudi\u00f3 la licenciatura en Comunicaci\u00f3n en la Universidad Mexicana. Amante de la cr\u00f3nica y el reportaje. Admirador de Vicente Le\u00f1ero y Miguel \u00c1ngel Granados Chapa.\",\"sameAs\":[\"https:\\\/\\\/x.com\\\/https:\\\/\\\/twitter.com\\\/ERosasCU?s=09\"],\"url\":\"https:\\\/\\\/centrourbano.com\\\/revista\\\/author\\\/edgar-rosas\\\/\"}]}<\/script>\n<!-- \/ Yoast SEO plugin. -->","yoast_head_json":{"title":"Realiz\u00f3 Valor seminario de actualizaci\u00f3n en valuaci\u00f3n","description":"En el marco de su aniversario n\u00famero 15, Valuaci\u00f3n Organizada (Valor), empresa dirigida por Mario Marqu\u00e9s, llev\u00f3 a cabo el seminario...","robots":{"index":"index","follow":"follow","max-snippet":"max-snippet:-1","max-image-preview":"max-image-preview:large","max-video-preview":"max-video-preview:-1"},"canonical":"https:\/\/centrourbano.com\/revista\/vivienda\/realizo-valor-seminario-actualizacion-valuacion\/","og_locale":"es_ES","og_type":"article","og_title":"Realiz\u00f3 Valor seminario de actualizaci\u00f3n en valuaci\u00f3n","og_description":"En el marco de su aniversario n\u00famero 15, Valuaci\u00f3n Organizada (Valor), empresa dirigida por Mario Marqu\u00e9s, llev\u00f3 a cabo el seminario...","og_url":"https:\/\/centrourbano.com\/revista\/vivienda\/realizo-valor-seminario-actualizacion-valuacion\/","og_site_name":"Centro Urbano","article_publisher":"https:\/\/www.facebook.com\/portalcentrourbano","article_published_time":"2018-09-17T23:59:29+00:00","article_modified_time":"2018-09-18T00:02:20+00:00","og_image":[{"width":800,"height":533,"url":"https:\/\/centrourbano.com\/revista\/wp-content\/uploads\/Valor_Mario-Marqu\u00e9s_SEminario.jpeg","type":"image\/jpeg"}],"author":"Edgar Rosas","twitter_card":"summary_large_image","twitter_creator":"@https:\/\/twitter.com\/ERosasCU?s=09","twitter_site":"@CentroUrbano","twitter_misc":{"Escrito por":"Edgar Rosas","Tiempo de lectura":"2 minutos"},"schema":{"@context":"https:\/\/schema.org","@graph":[{"@type":"Article","@id":"https:\/\/centrourbano.com\/revista\/vivienda\/realizo-valor-seminario-actualizacion-valuacion\/#article","isPartOf":{"@id":"https:\/\/centrourbano.com\/revista\/vivienda\/realizo-valor-seminario-actualizacion-valuacion\/"},"author":{"name":"Edgar Rosas","@id":"https:\/\/centrourbano.com\/revista\/#\/schema\/person\/ff3c00651ce5b1630479d2cd0c2e3ac0"},"headline":"Realiz\u00f3 Valor seminario de actualizaci\u00f3n","datePublished":"2018-09-17T23:59:29+00:00","dateModified":"2018-09-18T00:02:20+00:00","mainEntityOfPage":{"@id":"https:\/\/centrourbano.com\/revista\/vivienda\/realizo-valor-seminario-actualizacion-valuacion\/"},"wordCount":337,"commentCount":0,"publisher":{"@id":"https:\/\/centrourbano.com\/revista\/#organization"},"image":{"@id":"https:\/\/centrourbano.com\/revista\/vivienda\/realizo-valor-seminario-actualizacion-valuacion\/#primaryimage"},"thumbnailUrl":"https:\/\/centrourbano.com\/revista\/wp-content\/uploads\/Valor_Mario-Marqu\u00e9s_SEminario.jpeg","keywords":["Mario Marqu\u00e9s Tapia","Valor","Valuaci\u00f3n Organizada"],"articleSection":["Vivienda"],"inLanguage":"es","potentialAction":[{"@type":"CommentAction","name":"Comment","target":["https:\/\/centrourbano.com\/revista\/vivienda\/realizo-valor-seminario-actualizacion-valuacion\/#respond"]}]},{"@type":"WebPage","@id":"https:\/\/centrourbano.com\/revista\/vivienda\/realizo-valor-seminario-actualizacion-valuacion\/","url":"https:\/\/centrourbano.com\/revista\/vivienda\/realizo-valor-seminario-actualizacion-valuacion\/","name":"Realiz\u00f3 Valor seminario de actualizaci\u00f3n en valuaci\u00f3n","isPartOf":{"@id":"https:\/\/centrourbano.com\/revista\/#website"},"primaryImageOfPage":{"@id":"https:\/\/centrourbano.com\/revista\/vivienda\/realizo-valor-seminario-actualizacion-valuacion\/#primaryimage"},"image":{"@id":"https:\/\/centrourbano.com\/revista\/vivienda\/realizo-valor-seminario-actualizacion-valuacion\/#primaryimage"},"thumbnailUrl":"https:\/\/centrourbano.com\/revista\/wp-content\/uploads\/Valor_Mario-Marqu\u00e9s_SEminario.jpeg","datePublished":"2018-09-17T23:59:29+00:00","dateModified":"2018-09-18T00:02:20+00:00","description":"En el marco de su aniversario n\u00famero 15, Valuaci\u00f3n Organizada (Valor), empresa dirigida por Mario Marqu\u00e9s, llev\u00f3 a cabo el seminario...","breadcrumb":{"@id":"https:\/\/centrourbano.com\/revista\/vivienda\/realizo-valor-seminario-actualizacion-valuacion\/#breadcrumb"},"inLanguage":"es","potentialAction":[{"@type":"ReadAction","target":["https:\/\/centrourbano.com\/revista\/vivienda\/realizo-valor-seminario-actualizacion-valuacion\/"]}]},{"@type":"ImageObject","inLanguage":"es","@id":"https:\/\/centrourbano.com\/revista\/vivienda\/realizo-valor-seminario-actualizacion-valuacion\/#primaryimage","url":"https:\/\/centrourbano.com\/revista\/wp-content\/uploads\/Valor_Mario-Marqu\u00e9s_SEminario.jpeg","contentUrl":"https:\/\/centrourbano.com\/revista\/wp-content\/uploads\/Valor_Mario-Marqu\u00e9s_SEminario.jpeg","width":800,"height":533,"caption":"La empresa convoc\u00f3 a personalidades del rubro que compartieron su experiencia"},{"@type":"BreadcrumbList","@id":"https:\/\/centrourbano.com\/revista\/vivienda\/realizo-valor-seminario-actualizacion-valuacion\/#breadcrumb","itemListElement":[{"@type":"ListItem","position":1,"name":"Portada","item":"https:\/\/centrourbano.com\/revista\/"},{"@type":"ListItem","position":2,"name":"Realiz\u00f3 Valor seminario de actualizaci\u00f3n"}]},{"@type":"WebSite","@id":"https:\/\/centrourbano.com\/revista\/#website","url":"https:\/\/centrourbano.com\/revista\/","name":"Centro Urbano","description":"Medio especializado en los sectores vivienda, inmobiliario, construcci\u00f3n, arquitectura y urbanismo.","publisher":{"@id":"https:\/\/centrourbano.com\/revista\/#organization"},"potentialAction":[{"@type":"SearchAction","target":{"@type":"EntryPoint","urlTemplate":"https:\/\/centrourbano.com\/revista\/?s={search_term_string}"},"query-input":{"@type":"PropertyValueSpecification","valueRequired":true,"valueName":"search_term_string"}}],"inLanguage":"es"},{"@type":"Organization","@id":"https:\/\/centrourbano.com\/revista\/#organization","name":"Centro Urbano","url":"https:\/\/centrourbano.com\/revista\/","logo":{"@type":"ImageObject","inLanguage":"es","@id":"https:\/\/centrourbano.com\/revista\/#\/schema\/logo\/image\/","url":"https:\/\/centrourbano.com\/revista\/wp-content\/uploads\/web_CU_logo-1.png","contentUrl":"https:\/\/centrourbano.com\/revista\/wp-content\/uploads\/web_CU_logo-1.png","width":350,"height":91,"caption":"Centro Urbano"},"image":{"@id":"https:\/\/centrourbano.com\/revista\/#\/schema\/logo\/image\/"},"sameAs":["https:\/\/www.facebook.com\/portalcentrourbano","https:\/\/x.com\/CentroUrbano","https:\/\/www.instagram.com\/centro_urbano\/","https:\/\/www.linkedin.com\/company\/centro-urbano\/","http:\/\/www.youtube.com\/user\/portalcentrourbano"]},{"@type":"Person","@id":"https:\/\/centrourbano.com\/revista\/#\/schema\/person\/ff3c00651ce5b1630479d2cd0c2e3ac0","name":"Edgar Rosas","image":{"@type":"ImageObject","inLanguage":"es","@id":"https:\/\/secure.gravatar.com\/avatar\/94440c4283495211faa5300bf85e80061036b83fced868c3783aa1310b350d9c?s=96&d=mm&r=g","url":"https:\/\/secure.gravatar.com\/avatar\/94440c4283495211faa5300bf85e80061036b83fced868c3783aa1310b350d9c?s=96&d=mm&r=g","contentUrl":"https:\/\/secure.gravatar.com\/avatar\/94440c4283495211faa5300bf85e80061036b83fced868c3783aa1310b350d9c?s=96&d=mm&r=g","caption":"Edgar Rosas"},"description":"Editor en Jefe de Centro Urbano. Egresado de la maestr\u00eda en Periodismo Pol\u00edtico de la Escuela de Periodismo Carlos Septi\u00e9n Garc\u00eda (EPCSG). Estudi\u00f3 la licenciatura en Comunicaci\u00f3n en la Universidad Mexicana. Amante de la cr\u00f3nica y el reportaje. Admirador de Vicente Le\u00f1ero y Miguel \u00c1ngel Granados Chapa.","sameAs":["https:\/\/x.com\/https:\/\/twitter.com\/ERosasCU?s=09"],"url":"https:\/\/centrourbano.com\/revista\/author\/edgar-rosas\/"}]}},"_links":{"self":[{"href":"https:\/\/centrourbano.com\/revista\/wp-json\/wp\/v2\/posts\/78415","targetHints":{"allow":["GET"]}}],"collection":[{"href":"https:\/\/centrourbano.com\/revista\/wp-json\/wp\/v2\/posts"}],"about":[{"href":"https:\/\/centrourbano.com\/revista\/wp-json\/wp\/v2\/types\/post"}],"author":[{"embeddable":true,"href":"https:\/\/centrourbano.com\/revista\/wp-json\/wp\/v2\/users\/47"}],"replies":[{"embeddable":true,"href":"https:\/\/centrourbano.com\/revista\/wp-json\/wp\/v2\/comments?post=78415"}],"version-history":[{"count":3,"href":"https:\/\/centrourbano.com\/revista\/wp-json\/wp\/v2\/posts\/78415\/revisions"}],"predecessor-version":[{"id":78419,"href":"https:\/\/centrourbano.com\/revista\/wp-json\/wp\/v2\/posts\/78415\/revisions\/78419"}],"wp:featuredmedia":[{"embeddable":true,"href":"https:\/\/centrourbano.com\/revista\/wp-json\/wp\/v2\/media\/78416"}],"wp:attachment":[{"href":"https:\/\/centrourbano.com\/revista\/wp-json\/wp\/v2\/media?parent=78415"}],"wp:term":[{"taxonomy":"category","embeddable":true,"href":"https:\/\/centrourbano.com\/revista\/wp-json\/wp\/v2\/categories?post=78415"},{"taxonomy":"post_tag","embeddable":true,"href":"https:\/\/centrourbano.com\/revista\/wp-json\/wp\/v2\/tags?post=78415"}],"curies":[{"name":"wp","href":"https:\/\/api.w.org\/{rel}","templated":true}]}}