{"id":78273,"date":"2018-09-14T14:01:07","date_gmt":"2018-09-14T19:01:07","guid":{"rendered":"https:\/\/centrourbano.com\/?p=78273"},"modified":"2018-09-14T14:01:07","modified_gmt":"2018-09-14T19:01:07","slug":"empresas-cambiar-corporativo","status":"publish","type":"post","link":"https:\/\/centrourbano.com\/revista\/inmobiliario\/empresas-cambiar-corporativo\/","title":{"rendered":"\u00bfPor qu\u00e9 las empresas buscan cambiar de corporativo?"},"content":{"rendered":"<p><em>En los \u00faltimos a\u00f1os el mercado inmobiliario tiene una fuerte oferta de espacios de calidad a precios bajos\u00a0<\/em><!--more--><\/p>\n<p>Cambiar de residencia corporativa puede tener un impacto econ\u00f3mico, positivo o negativo, considerable para las empresas, por lo que es importante tomar en cuenta las ventajas y desventajas de una reubicaci\u00f3n.<\/p>\n<p>Plablo Yrizar, vicepresidente ejecutivo de <strong><a href=\"http:\/\/www.cbre.com.mx\/\" target=\"_blank\" rel=\"noopener noreferrer\">CBRE M\u00e9xico<\/a>,<\/strong> se\u00f1al\u00f3 que las razones por las que una empresa decide cambiar de residencia se derivan de diversas situaciones relacionadas a temas internos de la empresa, los servicios de un edificio y la oferta de m\u00e1s inmuebles en el mercado.<\/p>\n<p>De acuerdo con el analista, del <strong>primer punto<\/strong> mencionado, las empresas consideran que las nuevas formas de trabajo, que suelen ser con \u00e1reas m\u00e1s comunes bajo un dise\u00f1o innovador, que generan mayor productividad por la constante comunicaci\u00f3n y que generalmente cumplen con certificaciones LEED, lo que orilla a directivos en pensar en una remodelaci\u00f3n, la cual resultar\u00eda costosa en comparaci\u00f3n a una mudanza, por ello es que se determina cambiar de espacio.<\/p>\n<p>En lo que corresponde a las<strong> eficiencias de las edificaciones<\/strong>, el usuario suele poner atenci\u00f3n en acciones como el mantenimiento y la administraci\u00f3n debido a que pasa gran parte de su tiempo en las instalaciones, entonces, al observar deficiencias en \u00e9stas, dejan de ser relevantes otras atracciones como el dise\u00f1o, la tecnolog\u00eda o su ubicaci\u00f3n.<\/p>\n<p>Tambi\u00e9n, puede influir que la infraestructura sea anticuada, el estacionamiento no sea suficiente o el dise\u00f1o ineficiente, que usualmente son est\u00e1ndares m\u00ednimos de alguna empresa y que recurrentemente los hace cambiar de residencia.<\/p>\n<p>El <strong>\u00faltimo punto<\/strong> se refiere al mercado de oficinas, el cual presenta una oferta de innovaciones y competencias en costos que se vuelven atractivas para usuarios, ya que presentan alta calidad a menores precios.<\/p>\n<p>Con ello, el arrendamiento inmobiliario toma superioridad frente a la posesi\u00f3n debido a cambios econ\u00f3micos mundiales y nuevas reglas contables internacionales, que impulsa a que diversas empresas opten por vender sus inmuebles y reubicarse en edificaciones en renta que cumplan con sus necesidades.<\/p>\n<p>Plablo Yrizar apunt\u00f3 que las empresas recurren a <a href=\"https:\/\/centrourbano.com\/2018\/09\/04\/mudar-oficinas-con-ayuda-de-un-experto-reduce-hasta-15-costos\/\" target=\"_blank\" rel=\"noopener noreferrer\">especialistas<\/a> para que los ayuden a determinar puntos estrat\u00e9gicos para decidir, \u201clas empresas nos buscan para ayudarles a implementar los an\u00e1lisis de \u2018Stay vs Go\u2019, si deben quedarse en el edificio actual o es m\u00e1s conveniente reubicarse\u201d.<\/p>\n","protected":false},"excerpt":{"rendered":"<p>En los \u00faltimos a\u00f1os el mercado inmobiliario tiene una fuerte oferta de espacios de calidad a precios bajos\u00a0<\/p>\n","protected":false},"author":64,"featured_media":78274,"comment_status":"open","ping_status":"closed","sticky":false,"template":"","format":"standard","meta":{"om_disable_all_campaigns":false,"inline_featured_image":false,"_monsterinsights_skip_tracking":false,"_monsterinsights_sitenote_active":false,"_monsterinsights_sitenote_note":"","_monsterinsights_sitenote_category":0,"footnotes":""},"categories":[15],"tags":[7273,4662,6476,3129,665,58,14484,168],"class_list":["post-78273","post","type-post","status-publish","format-standard","has-post-thumbnail","hentry","category-inmobiliario","tag-cambio","tag-corporativos","tag-edificaciones","tag-empresas","tag-mantenimiento","tag-oficinas","tag-razones","tag-reubicacion"],"yoast_head":"<!-- This site is optimized with the Yoast SEO plugin v27.5 - https:\/\/yoast.com\/product\/yoast-seo-wordpress\/ -->\n<title>\u00bfPor qu\u00e9 las empresas buscan cambiar de corporativo?<\/title>\n<meta name=\"description\" content=\"En los \u00faltimos a\u00f1os el mercado inmobiliario tiene una fuerte oferta de espacios de calidad a precios bajos\" \/>\n<meta name=\"robots\" content=\"index, follow, max-snippet:-1, max-image-preview:large, max-video-preview:-1\" \/>\n<link rel=\"canonical\" href=\"https:\/\/centrourbano.com\/revista\/inmobiliario\/empresas-cambiar-corporativo\/\" \/>\n<meta property=\"og:locale\" content=\"es_ES\" \/>\n<meta property=\"og:type\" content=\"article\" \/>\n<meta property=\"og:title\" content=\"\u00bfPor qu\u00e9 las empresas buscan cambiar de corporativo?\" \/>\n<meta property=\"og:description\" content=\"En los \u00faltimos a\u00f1os el mercado inmobiliario tiene una fuerte oferta de espacios de calidad a precios bajos\" \/>\n<meta property=\"og:url\" content=\"https:\/\/centrourbano.com\/revista\/inmobiliario\/empresas-cambiar-corporativo\/\" \/>\n<meta property=\"og:site_name\" content=\"Centro Urbano\" \/>\n<meta property=\"article:publisher\" content=\"https:\/\/www.facebook.com\/portalcentrourbano\" \/>\n<meta property=\"article:published_time\" content=\"2018-09-14T19:01:07+00:00\" \/>\n<meta property=\"og:image\" content=\"https:\/\/centrourbano.com\/revista\/wp-content\/uploads\/AdobeStock_47186757.jpeg\" \/>\n\t<meta property=\"og:image:width\" content=\"1588\" \/>\n\t<meta property=\"og:image:height\" content=\"1059\" \/>\n\t<meta property=\"og:image:type\" content=\"image\/jpeg\" \/>\n<meta name=\"author\" content=\"Karla Esperanza\" \/>\n<meta name=\"twitter:card\" content=\"summary_large_image\" \/>\n<meta name=\"twitter:creator\" content=\"@CentroUrbano\" \/>\n<meta name=\"twitter:site\" content=\"@CentroUrbano\" \/>\n<meta name=\"twitter:label1\" content=\"Escrito por\" \/>\n\t<meta name=\"twitter:data1\" content=\"Karla Esperanza\" \/>\n\t<meta name=\"twitter:label2\" content=\"Tiempo de lectura\" \/>\n\t<meta name=\"twitter:data2\" content=\"2 minutos\" \/>\n<script type=\"application\/ld+json\" class=\"yoast-schema-graph\">{\"@context\":\"https:\\\/\\\/schema.org\",\"@graph\":[{\"@type\":\"Article\",\"@id\":\"https:\\\/\\\/centrourbano.com\\\/revista\\\/inmobiliario\\\/empresas-cambiar-corporativo\\\/#article\",\"isPartOf\":{\"@id\":\"https:\\\/\\\/centrourbano.com\\\/revista\\\/inmobiliario\\\/empresas-cambiar-corporativo\\\/\"},\"author\":{\"name\":\"Karla Esperanza\",\"@id\":\"https:\\\/\\\/centrourbano.com\\\/revista\\\/#\\\/schema\\\/person\\\/0d8c668ccdefdff71965ae41ec518b7e\"},\"headline\":\"\u00bfPor qu\u00e9 las empresas buscan cambiar de corporativo?\",\"datePublished\":\"2018-09-14T19:01:07+00:00\",\"mainEntityOfPage\":{\"@id\":\"https:\\\/\\\/centrourbano.com\\\/revista\\\/inmobiliario\\\/empresas-cambiar-corporativo\\\/\"},\"wordCount\":411,\"commentCount\":0,\"publisher\":{\"@id\":\"https:\\\/\\\/centrourbano.com\\\/revista\\\/#organization\"},\"image\":{\"@id\":\"https:\\\/\\\/centrourbano.com\\\/revista\\\/inmobiliario\\\/empresas-cambiar-corporativo\\\/#primaryimage\"},\"thumbnailUrl\":\"https:\\\/\\\/centrourbano.com\\\/revista\\\/wp-content\\\/uploads\\\/AdobeStock_47186757.jpeg\",\"keywords\":[\"cambio\",\"corporativos\",\"edificaciones\",\"Empresas\",\"Mantenimiento\",\"oficinas\",\"razones\",\"Reubicaci\u00f3n\"],\"articleSection\":[\"Inmobiliario\"],\"inLanguage\":\"es\",\"potentialAction\":[{\"@type\":\"CommentAction\",\"name\":\"Comment\",\"target\":[\"https:\\\/\\\/centrourbano.com\\\/revista\\\/inmobiliario\\\/empresas-cambiar-corporativo\\\/#respond\"]}]},{\"@type\":\"WebPage\",\"@id\":\"https:\\\/\\\/centrourbano.com\\\/revista\\\/inmobiliario\\\/empresas-cambiar-corporativo\\\/\",\"url\":\"https:\\\/\\\/centrourbano.com\\\/revista\\\/inmobiliario\\\/empresas-cambiar-corporativo\\\/\",\"name\":\"\u00bfPor qu\u00e9 las empresas buscan cambiar de corporativo?\",\"isPartOf\":{\"@id\":\"https:\\\/\\\/centrourbano.com\\\/revista\\\/#website\"},\"primaryImageOfPage\":{\"@id\":\"https:\\\/\\\/centrourbano.com\\\/revista\\\/inmobiliario\\\/empresas-cambiar-corporativo\\\/#primaryimage\"},\"image\":{\"@id\":\"https:\\\/\\\/centrourbano.com\\\/revista\\\/inmobiliario\\\/empresas-cambiar-corporativo\\\/#primaryimage\"},\"thumbnailUrl\":\"https:\\\/\\\/centrourbano.com\\\/revista\\\/wp-content\\\/uploads\\\/AdobeStock_47186757.jpeg\",\"datePublished\":\"2018-09-14T19:01:07+00:00\",\"description\":\"En los \u00faltimos a\u00f1os el mercado inmobiliario tiene una fuerte oferta de espacios de calidad a precios bajos\",\"breadcrumb\":{\"@id\":\"https:\\\/\\\/centrourbano.com\\\/revista\\\/inmobiliario\\\/empresas-cambiar-corporativo\\\/#breadcrumb\"},\"inLanguage\":\"es\",\"potentialAction\":[{\"@type\":\"ReadAction\",\"target\":[\"https:\\\/\\\/centrourbano.com\\\/revista\\\/inmobiliario\\\/empresas-cambiar-corporativo\\\/\"]}]},{\"@type\":\"ImageObject\",\"inLanguage\":\"es\",\"@id\":\"https:\\\/\\\/centrourbano.com\\\/revista\\\/inmobiliario\\\/empresas-cambiar-corporativo\\\/#primaryimage\",\"url\":\"https:\\\/\\\/centrourbano.com\\\/revista\\\/wp-content\\\/uploads\\\/AdobeStock_47186757.jpeg\",\"contentUrl\":\"https:\\\/\\\/centrourbano.com\\\/revista\\\/wp-content\\\/uploads\\\/AdobeStock_47186757.jpeg\",\"width\":1588,\"height\":1059,\"caption\":\"En los \u00faltimos a\u00f1os el mercado inmobiliario tiene una fuerte oferta de espacios de calidad a precios bajos\"},{\"@type\":\"BreadcrumbList\",\"@id\":\"https:\\\/\\\/centrourbano.com\\\/revista\\\/inmobiliario\\\/empresas-cambiar-corporativo\\\/#breadcrumb\",\"itemListElement\":[{\"@type\":\"ListItem\",\"position\":1,\"name\":\"Portada\",\"item\":\"https:\\\/\\\/centrourbano.com\\\/revista\\\/\"},{\"@type\":\"ListItem\",\"position\":2,\"name\":\"\u00bfPor qu\u00e9 las empresas buscan cambiar de corporativo?\"}]},{\"@type\":\"WebSite\",\"@id\":\"https:\\\/\\\/centrourbano.com\\\/revista\\\/#website\",\"url\":\"https:\\\/\\\/centrourbano.com\\\/revista\\\/\",\"name\":\"Centro Urbano\",\"description\":\"Medio especializado en los sectores vivienda, inmobiliario, construcci\u00f3n, arquitectura y urbanismo.\",\"publisher\":{\"@id\":\"https:\\\/\\\/centrourbano.com\\\/revista\\\/#organization\"},\"potentialAction\":[{\"@type\":\"SearchAction\",\"target\":{\"@type\":\"EntryPoint\",\"urlTemplate\":\"https:\\\/\\\/centrourbano.com\\\/revista\\\/?s={search_term_string}\"},\"query-input\":{\"@type\":\"PropertyValueSpecification\",\"valueRequired\":true,\"valueName\":\"search_term_string\"}}],\"inLanguage\":\"es\"},{\"@type\":\"Organization\",\"@id\":\"https:\\\/\\\/centrourbano.com\\\/revista\\\/#organization\",\"name\":\"Centro Urbano\",\"url\":\"https:\\\/\\\/centrourbano.com\\\/revista\\\/\",\"logo\":{\"@type\":\"ImageObject\",\"inLanguage\":\"es\",\"@id\":\"https:\\\/\\\/centrourbano.com\\\/revista\\\/#\\\/schema\\\/logo\\\/image\\\/\",\"url\":\"https:\\\/\\\/centrourbano.com\\\/revista\\\/wp-content\\\/uploads\\\/web_CU_logo-1.png\",\"contentUrl\":\"https:\\\/\\\/centrourbano.com\\\/revista\\\/wp-content\\\/uploads\\\/web_CU_logo-1.png\",\"width\":350,\"height\":91,\"caption\":\"Centro Urbano\"},\"image\":{\"@id\":\"https:\\\/\\\/centrourbano.com\\\/revista\\\/#\\\/schema\\\/logo\\\/image\\\/\"},\"sameAs\":[\"https:\\\/\\\/www.facebook.com\\\/portalcentrourbano\",\"https:\\\/\\\/x.com\\\/CentroUrbano\",\"https:\\\/\\\/www.instagram.com\\\/centro_urbano\\\/\",\"https:\\\/\\\/www.linkedin.com\\\/company\\\/centro-urbano\\\/\",\"http:\\\/\\\/www.youtube.com\\\/user\\\/portalcentrourbano\"]},{\"@type\":\"Person\",\"@id\":\"https:\\\/\\\/centrourbano.com\\\/revista\\\/#\\\/schema\\\/person\\\/0d8c668ccdefdff71965ae41ec518b7e\",\"name\":\"Karla Esperanza\",\"image\":{\"@type\":\"ImageObject\",\"inLanguage\":\"es\",\"@id\":\"https:\\\/\\\/secure.gravatar.com\\\/avatar\\\/bea847a7925ef868d37c5a55ab5e341c9e769fab11b85a359090daa4d6fb4a2e?s=96&d=mm&r=g\",\"url\":\"https:\\\/\\\/secure.gravatar.com\\\/avatar\\\/bea847a7925ef868d37c5a55ab5e341c9e769fab11b85a359090daa4d6fb4a2e?s=96&d=mm&r=g\",\"contentUrl\":\"https:\\\/\\\/secure.gravatar.com\\\/avatar\\\/bea847a7925ef868d37c5a55ab5e341c9e769fab11b85a359090daa4d6fb4a2e?s=96&d=mm&r=g\",\"caption\":\"Karla Esperanza\"},\"url\":\"https:\\\/\\\/centrourbano.com\\\/revista\\\/author\\\/karla-esperanza\\\/\"}]}<\/script>\n<!-- \/ Yoast SEO plugin. -->","yoast_head_json":{"title":"\u00bfPor qu\u00e9 las empresas buscan cambiar de corporativo?","description":"En los \u00faltimos a\u00f1os el mercado inmobiliario tiene una fuerte oferta de espacios de calidad a precios bajos","robots":{"index":"index","follow":"follow","max-snippet":"max-snippet:-1","max-image-preview":"max-image-preview:large","max-video-preview":"max-video-preview:-1"},"canonical":"https:\/\/centrourbano.com\/revista\/inmobiliario\/empresas-cambiar-corporativo\/","og_locale":"es_ES","og_type":"article","og_title":"\u00bfPor qu\u00e9 las empresas buscan cambiar de corporativo?","og_description":"En los \u00faltimos a\u00f1os el mercado inmobiliario tiene una fuerte oferta de espacios de calidad a precios bajos","og_url":"https:\/\/centrourbano.com\/revista\/inmobiliario\/empresas-cambiar-corporativo\/","og_site_name":"Centro Urbano","article_publisher":"https:\/\/www.facebook.com\/portalcentrourbano","article_published_time":"2018-09-14T19:01:07+00:00","og_image":[{"width":1588,"height":1059,"url":"https:\/\/centrourbano.com\/revista\/wp-content\/uploads\/AdobeStock_47186757.jpeg","type":"image\/jpeg"}],"author":"Karla Esperanza","twitter_card":"summary_large_image","twitter_creator":"@CentroUrbano","twitter_site":"@CentroUrbano","twitter_misc":{"Escrito por":"Karla Esperanza","Tiempo de lectura":"2 minutos"},"schema":{"@context":"https:\/\/schema.org","@graph":[{"@type":"Article","@id":"https:\/\/centrourbano.com\/revista\/inmobiliario\/empresas-cambiar-corporativo\/#article","isPartOf":{"@id":"https:\/\/centrourbano.com\/revista\/inmobiliario\/empresas-cambiar-corporativo\/"},"author":{"name":"Karla Esperanza","@id":"https:\/\/centrourbano.com\/revista\/#\/schema\/person\/0d8c668ccdefdff71965ae41ec518b7e"},"headline":"\u00bfPor qu\u00e9 las empresas buscan cambiar de corporativo?","datePublished":"2018-09-14T19:01:07+00:00","mainEntityOfPage":{"@id":"https:\/\/centrourbano.com\/revista\/inmobiliario\/empresas-cambiar-corporativo\/"},"wordCount":411,"commentCount":0,"publisher":{"@id":"https:\/\/centrourbano.com\/revista\/#organization"},"image":{"@id":"https:\/\/centrourbano.com\/revista\/inmobiliario\/empresas-cambiar-corporativo\/#primaryimage"},"thumbnailUrl":"https:\/\/centrourbano.com\/revista\/wp-content\/uploads\/AdobeStock_47186757.jpeg","keywords":["cambio","corporativos","edificaciones","Empresas","Mantenimiento","oficinas","razones","Reubicaci\u00f3n"],"articleSection":["Inmobiliario"],"inLanguage":"es","potentialAction":[{"@type":"CommentAction","name":"Comment","target":["https:\/\/centrourbano.com\/revista\/inmobiliario\/empresas-cambiar-corporativo\/#respond"]}]},{"@type":"WebPage","@id":"https:\/\/centrourbano.com\/revista\/inmobiliario\/empresas-cambiar-corporativo\/","url":"https:\/\/centrourbano.com\/revista\/inmobiliario\/empresas-cambiar-corporativo\/","name":"\u00bfPor qu\u00e9 las empresas buscan cambiar de corporativo?","isPartOf":{"@id":"https:\/\/centrourbano.com\/revista\/#website"},"primaryImageOfPage":{"@id":"https:\/\/centrourbano.com\/revista\/inmobiliario\/empresas-cambiar-corporativo\/#primaryimage"},"image":{"@id":"https:\/\/centrourbano.com\/revista\/inmobiliario\/empresas-cambiar-corporativo\/#primaryimage"},"thumbnailUrl":"https:\/\/centrourbano.com\/revista\/wp-content\/uploads\/AdobeStock_47186757.jpeg","datePublished":"2018-09-14T19:01:07+00:00","description":"En los \u00faltimos a\u00f1os el mercado inmobiliario tiene una fuerte oferta de espacios de calidad a precios bajos","breadcrumb":{"@id":"https:\/\/centrourbano.com\/revista\/inmobiliario\/empresas-cambiar-corporativo\/#breadcrumb"},"inLanguage":"es","potentialAction":[{"@type":"ReadAction","target":["https:\/\/centrourbano.com\/revista\/inmobiliario\/empresas-cambiar-corporativo\/"]}]},{"@type":"ImageObject","inLanguage":"es","@id":"https:\/\/centrourbano.com\/revista\/inmobiliario\/empresas-cambiar-corporativo\/#primaryimage","url":"https:\/\/centrourbano.com\/revista\/wp-content\/uploads\/AdobeStock_47186757.jpeg","contentUrl":"https:\/\/centrourbano.com\/revista\/wp-content\/uploads\/AdobeStock_47186757.jpeg","width":1588,"height":1059,"caption":"En los \u00faltimos a\u00f1os el mercado inmobiliario tiene una fuerte oferta de espacios de calidad a precios bajos"},{"@type":"BreadcrumbList","@id":"https:\/\/centrourbano.com\/revista\/inmobiliario\/empresas-cambiar-corporativo\/#breadcrumb","itemListElement":[{"@type":"ListItem","position":1,"name":"Portada","item":"https:\/\/centrourbano.com\/revista\/"},{"@type":"ListItem","position":2,"name":"\u00bfPor qu\u00e9 las empresas buscan cambiar de corporativo?"}]},{"@type":"WebSite","@id":"https:\/\/centrourbano.com\/revista\/#website","url":"https:\/\/centrourbano.com\/revista\/","name":"Centro Urbano","description":"Medio especializado en los sectores vivienda, inmobiliario, construcci\u00f3n, arquitectura y urbanismo.","publisher":{"@id":"https:\/\/centrourbano.com\/revista\/#organization"},"potentialAction":[{"@type":"SearchAction","target":{"@type":"EntryPoint","urlTemplate":"https:\/\/centrourbano.com\/revista\/?s={search_term_string}"},"query-input":{"@type":"PropertyValueSpecification","valueRequired":true,"valueName":"search_term_string"}}],"inLanguage":"es"},{"@type":"Organization","@id":"https:\/\/centrourbano.com\/revista\/#organization","name":"Centro Urbano","url":"https:\/\/centrourbano.com\/revista\/","logo":{"@type":"ImageObject","inLanguage":"es","@id":"https:\/\/centrourbano.com\/revista\/#\/schema\/logo\/image\/","url":"https:\/\/centrourbano.com\/revista\/wp-content\/uploads\/web_CU_logo-1.png","contentUrl":"https:\/\/centrourbano.com\/revista\/wp-content\/uploads\/web_CU_logo-1.png","width":350,"height":91,"caption":"Centro Urbano"},"image":{"@id":"https:\/\/centrourbano.com\/revista\/#\/schema\/logo\/image\/"},"sameAs":["https:\/\/www.facebook.com\/portalcentrourbano","https:\/\/x.com\/CentroUrbano","https:\/\/www.instagram.com\/centro_urbano\/","https:\/\/www.linkedin.com\/company\/centro-urbano\/","http:\/\/www.youtube.com\/user\/portalcentrourbano"]},{"@type":"Person","@id":"https:\/\/centrourbano.com\/revista\/#\/schema\/person\/0d8c668ccdefdff71965ae41ec518b7e","name":"Karla Esperanza","image":{"@type":"ImageObject","inLanguage":"es","@id":"https:\/\/secure.gravatar.com\/avatar\/bea847a7925ef868d37c5a55ab5e341c9e769fab11b85a359090daa4d6fb4a2e?s=96&d=mm&r=g","url":"https:\/\/secure.gravatar.com\/avatar\/bea847a7925ef868d37c5a55ab5e341c9e769fab11b85a359090daa4d6fb4a2e?s=96&d=mm&r=g","contentUrl":"https:\/\/secure.gravatar.com\/avatar\/bea847a7925ef868d37c5a55ab5e341c9e769fab11b85a359090daa4d6fb4a2e?s=96&d=mm&r=g","caption":"Karla Esperanza"},"url":"https:\/\/centrourbano.com\/revista\/author\/karla-esperanza\/"}]}},"_links":{"self":[{"href":"https:\/\/centrourbano.com\/revista\/wp-json\/wp\/v2\/posts\/78273","targetHints":{"allow":["GET"]}}],"collection":[{"href":"https:\/\/centrourbano.com\/revista\/wp-json\/wp\/v2\/posts"}],"about":[{"href":"https:\/\/centrourbano.com\/revista\/wp-json\/wp\/v2\/types\/post"}],"author":[{"embeddable":true,"href":"https:\/\/centrourbano.com\/revista\/wp-json\/wp\/v2\/users\/64"}],"replies":[{"embeddable":true,"href":"https:\/\/centrourbano.com\/revista\/wp-json\/wp\/v2\/comments?post=78273"}],"version-history":[{"count":2,"href":"https:\/\/centrourbano.com\/revista\/wp-json\/wp\/v2\/posts\/78273\/revisions"}],"predecessor-version":[{"id":78279,"href":"https:\/\/centrourbano.com\/revista\/wp-json\/wp\/v2\/posts\/78273\/revisions\/78279"}],"wp:featuredmedia":[{"embeddable":true,"href":"https:\/\/centrourbano.com\/revista\/wp-json\/wp\/v2\/media\/78274"}],"wp:attachment":[{"href":"https:\/\/centrourbano.com\/revista\/wp-json\/wp\/v2\/media?parent=78273"}],"wp:term":[{"taxonomy":"category","embeddable":true,"href":"https:\/\/centrourbano.com\/revista\/wp-json\/wp\/v2\/categories?post=78273"},{"taxonomy":"post_tag","embeddable":true,"href":"https:\/\/centrourbano.com\/revista\/wp-json\/wp\/v2\/tags?post=78273"}],"curies":[{"name":"wp","href":"https:\/\/api.w.org\/{rel}","templated":true}]}}