{"id":78161,"date":"2018-09-12T18:06:58","date_gmt":"2018-09-12T23:06:58","guid":{"rendered":"https:\/\/centrourbano.com\/?p=78161"},"modified":"2018-09-12T18:21:32","modified_gmt":"2018-09-12T23:21:32","slug":"alcanza-shf-mayor-colocacion","status":"publish","type":"post","link":"https:\/\/centrourbano.com\/revista\/vivienda\/alcanza-shf-mayor-colocacion\/","title":{"rendered":"Alcanza SHF la mayor colocaci\u00f3n del sexenio"},"content":{"rendered":"<p><em>El banco, se\u00f1al\u00f3 Homero Garza, culminar\u00e1 el sexenio con un portafolio sano<\/em><!--more--><\/p>\n<p>Al cierre de julio, Sociedad Hipotecaria Federal (<a href=\"http:\/\/www.shf.gob.mx\/\" target=\"_blank\" rel=\"noopener noreferrer\">SHF<\/a>) alcanz\u00f3 una colocaci\u00f3n de cr\u00e9dito del orden de los 68,000 millones de pesos. Esta cifra se ubica como la mayor observada en materia de cr\u00e9dito directo o inducido desde que inici\u00f3 el sexenio.<\/p>\n<p>As\u00ed lo dio a conocer <a href=\"https:\/\/twitter.com\/HomeroGT\" target=\"_blank\" rel=\"noopener noreferrer\">Homero Garza Ter\u00e1n<\/a>, director general adjunto de Promoci\u00f3n de Negocios de SHF, quien se\u00f1al\u00f3 que, a pesar de la transici\u00f3n, el banco mantiene el ritmo en su operaci\u00f3n. Dijo que al igual que la industria, el banco camin\u00f3 con buen paso y mantuvo el apoyo al sector.<\/p>\n<p>En entrevista en el marco del Foro \u201c<strong>Urbanizaci\u00f3n para la Vivienda, Oportunidad para Ciudades Incluyentes y Sustentables<\/strong>\u201d, que organiz\u00f3 el banco de segundo piso, Homero Garza detall\u00f3 que el banco se perfila para tener un cierre s\u00f3lido. Enfatiz\u00f3 que la actual administraci\u00f3n heredera una instituci\u00f3n ordenada y s\u00f3lida.<\/p>\n<p>\u201cLo que hemos hecho en SHF es seguir haciendo el trabajo que hemos hecho durante estos 5 a\u00f1os y medio. Y me parece que es importante porque da buena se\u00f1al que el pa\u00eds sigue en movimiento y sigue habiendo necesidades de financiamiento.<\/p>\n<p>\u201cEn el periodo enero-junio de este a\u00f1o colocamos 68,000 mdp. Esa es la cifra m\u00e1s alta que hemos colocado en cualquier a\u00f1o, entre cr\u00e9dito director e inducido. En el cr\u00e9dito a la construcci\u00f3n vamos muy bien, vamos trabajando con la banca comercial a trav\u00e9s de las granatitas y tambi\u00e9n con el financiamiento que damos de manera directa tambi\u00e9n tenemos colocaci\u00f3n hist\u00f3rica\u201d, dijo.<\/p>\n<p>El directivo se\u00f1al\u00f3 que la perspectiva es <strong>cerrar<\/strong> 2018 con una colocaci\u00f3n que va de los 90,000 a 100,000 millones de pesos. Subray\u00f3 que no s\u00f3lo se culminar\u00e1 la administraci\u00f3n con buen ritmo, sino con un portafolio <strong>sano<\/strong>.<\/p>\n<p>\u201cVamos a cerrar con una colocaci\u00f3n muy similar al a\u00f1o pasado. Eso s\u00ed, hay que destacarlo, con un perfil de riesgo muy moderado. Es decir, si analizamos las originaciones de cr\u00e9dito posteriores a 2013, el \u00edndice de morosidad es de 0.3% entonces vamos a heredar un banco capitalizado, ordenado y que cumple con su funci\u00f3n\u201d, apunt\u00f3.<\/p>\n<p>&nbsp;<\/p>\n<blockquote class=\"twitter-tweet\" data-lang=\"es\">\n<p dir=\"ltr\" lang=\"es\">Habla <a href=\"https:\/\/twitter.com\/HomeroGT?ref_src=twsrc%5Etfw\">@HomeroGT<\/a> en Foro de urbanizaci\u00f3n que organiza <a href=\"https:\/\/twitter.com\/SHFoficial?ref_src=twsrc%5Etfw\">@SHFoficial<\/a> <a href=\"https:\/\/twitter.com\/hashtag\/CoberturaCU?src=hash&amp;ref_src=twsrc%5Etfw\">#CoberturaCU<\/a> <a href=\"https:\/\/t.co\/TISYWW1uat\">https:\/\/t.co\/TISYWW1uat<\/a><\/p>\n<p>\u2014 Centro Urbano (@CentroUrbano) <a href=\"https:\/\/twitter.com\/CentroUrbano\/status\/1039882496647868422?ref_src=twsrc%5Etfw\">12 de septiembre de 2018<\/a><\/p><\/blockquote>\n<p><script async src=\"https:\/\/platform.twitter.com\/widgets.js\" charset=\"utf-8\"><\/script><\/p>\n","protected":false},"excerpt":{"rendered":"<p>El banco, se\u00f1al\u00f3 Homero Garza, culminar\u00e1 el sexenio con un portafolio sano<\/p>\n","protected":false},"author":47,"featured_media":78162,"comment_status":"open","ping_status":"closed","sticky":false,"template":"","format":"standard","meta":{"om_disable_all_campaigns":false,"inline_featured_image":false,"_monsterinsights_skip_tracking":false,"_monsterinsights_sitenote_active":false,"_monsterinsights_sitenote_note":"","_monsterinsights_sitenote_category":0,"footnotes":""},"categories":[12],"tags":[10121,235,539,60],"class_list":["post-78161","post","type-post","status-publish","format-standard","has-post-thumbnail","hentry","category-vivienda","tag-homero-garza","tag-shf","tag-sociedad-hipotecaria-federal","tag-vivienda-2"],"yoast_head":"<!-- This site is optimized with the Yoast SEO plugin v27.4 - https:\/\/yoast.com\/product\/yoast-seo-wordpress\/ -->\n<title>Alcanza SHF la mayor colocaci\u00f3n del sexenio. (M\u00e9xico)<\/title>\n<meta name=\"description\" content=\"El banco (SHF), se\u00f1al\u00f3 Homero Garza, culminar\u00e1 el sexenio con un portafolio sano. Dijo que a pesar a pesar de la transici\u00f3n, el banco mantiene...\" \/>\n<meta name=\"robots\" content=\"index, follow, max-snippet:-1, max-image-preview:large, max-video-preview:-1\" \/>\n<link rel=\"canonical\" href=\"https:\/\/centrourbano.com\/revista\/vivienda\/alcanza-shf-mayor-colocacion\/\" \/>\n<meta property=\"og:locale\" content=\"es_ES\" \/>\n<meta property=\"og:type\" content=\"article\" \/>\n<meta property=\"og:title\" content=\"Alcanza SHF la mayor colocaci\u00f3n del sexenio. (M\u00e9xico)\" \/>\n<meta property=\"og:description\" content=\"El banco (SHF), se\u00f1al\u00f3 Homero Garza, culminar\u00e1 el sexenio con un portafolio sano. Dijo que a pesar a pesar de la transici\u00f3n, el banco mantiene...\" \/>\n<meta property=\"og:url\" content=\"https:\/\/centrourbano.com\/revista\/vivienda\/alcanza-shf-mayor-colocacion\/\" \/>\n<meta property=\"og:site_name\" content=\"Centro Urbano\" \/>\n<meta property=\"article:publisher\" content=\"https:\/\/www.facebook.com\/portalcentrourbano\" \/>\n<meta property=\"article:published_time\" content=\"2018-09-12T23:06:58+00:00\" \/>\n<meta property=\"article:modified_time\" content=\"2018-09-12T23:21:32+00:00\" \/>\n<meta property=\"og:image\" content=\"https:\/\/centrourbano.com\/revista\/wp-content\/uploads\/Homero-Garza_foro-Urbanizaci\u00f3n.jpeg\" \/>\n\t<meta property=\"og:image:width\" content=\"800\" \/>\n\t<meta property=\"og:image:height\" content=\"600\" \/>\n\t<meta property=\"og:image:type\" content=\"image\/jpeg\" \/>\n<meta name=\"author\" content=\"Edgar Rosas\" \/>\n<meta name=\"twitter:card\" content=\"summary_large_image\" \/>\n<meta name=\"twitter:creator\" content=\"@https:\/\/twitter.com\/ERosasCU?s=09\" \/>\n<meta name=\"twitter:site\" content=\"@CentroUrbano\" \/>\n<meta name=\"twitter:label1\" content=\"Escrito por\" \/>\n\t<meta name=\"twitter:data1\" content=\"Edgar Rosas\" \/>\n\t<meta name=\"twitter:label2\" content=\"Tiempo de lectura\" \/>\n\t<meta name=\"twitter:data2\" content=\"2 minutos\" \/>\n<script type=\"application\/ld+json\" class=\"yoast-schema-graph\">{\"@context\":\"https:\\\/\\\/schema.org\",\"@graph\":[{\"@type\":\"Article\",\"@id\":\"https:\\\/\\\/centrourbano.com\\\/revista\\\/vivienda\\\/alcanza-shf-mayor-colocacion\\\/#article\",\"isPartOf\":{\"@id\":\"https:\\\/\\\/centrourbano.com\\\/revista\\\/vivienda\\\/alcanza-shf-mayor-colocacion\\\/\"},\"author\":{\"name\":\"Edgar Rosas\",\"@id\":\"https:\\\/\\\/centrourbano.com\\\/revista\\\/#\\\/schema\\\/person\\\/ff3c00651ce5b1630479d2cd0c2e3ac0\"},\"headline\":\"Alcanza SHF la mayor colocaci\u00f3n del sexenio\",\"datePublished\":\"2018-09-12T23:06:58+00:00\",\"dateModified\":\"2018-09-12T23:21:32+00:00\",\"mainEntityOfPage\":{\"@id\":\"https:\\\/\\\/centrourbano.com\\\/revista\\\/vivienda\\\/alcanza-shf-mayor-colocacion\\\/\"},\"wordCount\":410,\"commentCount\":0,\"publisher\":{\"@id\":\"https:\\\/\\\/centrourbano.com\\\/revista\\\/#organization\"},\"image\":{\"@id\":\"https:\\\/\\\/centrourbano.com\\\/revista\\\/vivienda\\\/alcanza-shf-mayor-colocacion\\\/#primaryimage\"},\"thumbnailUrl\":\"https:\\\/\\\/centrourbano.com\\\/revista\\\/wp-content\\\/uploads\\\/Homero-Garza_foro-Urbanizaci\u00f3n.jpeg\",\"keywords\":[\"Homero Garza\",\"SHF\",\"Sociedad Hipotecaria Federal\",\"vivienda\"],\"articleSection\":[\"Vivienda\"],\"inLanguage\":\"es\",\"potentialAction\":[{\"@type\":\"CommentAction\",\"name\":\"Comment\",\"target\":[\"https:\\\/\\\/centrourbano.com\\\/revista\\\/vivienda\\\/alcanza-shf-mayor-colocacion\\\/#respond\"]}]},{\"@type\":\"WebPage\",\"@id\":\"https:\\\/\\\/centrourbano.com\\\/revista\\\/vivienda\\\/alcanza-shf-mayor-colocacion\\\/\",\"url\":\"https:\\\/\\\/centrourbano.com\\\/revista\\\/vivienda\\\/alcanza-shf-mayor-colocacion\\\/\",\"name\":\"Alcanza SHF la mayor colocaci\u00f3n del sexenio. (M\u00e9xico)\",\"isPartOf\":{\"@id\":\"https:\\\/\\\/centrourbano.com\\\/revista\\\/#website\"},\"primaryImageOfPage\":{\"@id\":\"https:\\\/\\\/centrourbano.com\\\/revista\\\/vivienda\\\/alcanza-shf-mayor-colocacion\\\/#primaryimage\"},\"image\":{\"@id\":\"https:\\\/\\\/centrourbano.com\\\/revista\\\/vivienda\\\/alcanza-shf-mayor-colocacion\\\/#primaryimage\"},\"thumbnailUrl\":\"https:\\\/\\\/centrourbano.com\\\/revista\\\/wp-content\\\/uploads\\\/Homero-Garza_foro-Urbanizaci\u00f3n.jpeg\",\"datePublished\":\"2018-09-12T23:06:58+00:00\",\"dateModified\":\"2018-09-12T23:21:32+00:00\",\"description\":\"El banco (SHF), se\u00f1al\u00f3 Homero Garza, culminar\u00e1 el sexenio con un portafolio sano. Dijo que a pesar a pesar de la transici\u00f3n, el banco mantiene...\",\"breadcrumb\":{\"@id\":\"https:\\\/\\\/centrourbano.com\\\/revista\\\/vivienda\\\/alcanza-shf-mayor-colocacion\\\/#breadcrumb\"},\"inLanguage\":\"es\",\"potentialAction\":[{\"@type\":\"ReadAction\",\"target\":[\"https:\\\/\\\/centrourbano.com\\\/revista\\\/vivienda\\\/alcanza-shf-mayor-colocacion\\\/\"]}]},{\"@type\":\"ImageObject\",\"inLanguage\":\"es\",\"@id\":\"https:\\\/\\\/centrourbano.com\\\/revista\\\/vivienda\\\/alcanza-shf-mayor-colocacion\\\/#primaryimage\",\"url\":\"https:\\\/\\\/centrourbano.com\\\/revista\\\/wp-content\\\/uploads\\\/Homero-Garza_foro-Urbanizaci\u00f3n.jpeg\",\"contentUrl\":\"https:\\\/\\\/centrourbano.com\\\/revista\\\/wp-content\\\/uploads\\\/Homero-Garza_foro-Urbanizaci\u00f3n.jpeg\",\"width\":800,\"height\":600,\"caption\":\"El banco, se\u00f1al\u00f3 Homero Garza, culminar\u00e1 el sexenio con un portafolio sano\"},{\"@type\":\"BreadcrumbList\",\"@id\":\"https:\\\/\\\/centrourbano.com\\\/revista\\\/vivienda\\\/alcanza-shf-mayor-colocacion\\\/#breadcrumb\",\"itemListElement\":[{\"@type\":\"ListItem\",\"position\":1,\"name\":\"Portada\",\"item\":\"https:\\\/\\\/centrourbano.com\\\/revista\\\/\"},{\"@type\":\"ListItem\",\"position\":2,\"name\":\"Alcanza SHF la mayor colocaci\u00f3n del sexenio\"}]},{\"@type\":\"WebSite\",\"@id\":\"https:\\\/\\\/centrourbano.com\\\/revista\\\/#website\",\"url\":\"https:\\\/\\\/centrourbano.com\\\/revista\\\/\",\"name\":\"Centro Urbano\",\"description\":\"Medio especializado en los sectores vivienda, inmobiliario, construcci\u00f3n, arquitectura y urbanismo.\",\"publisher\":{\"@id\":\"https:\\\/\\\/centrourbano.com\\\/revista\\\/#organization\"},\"potentialAction\":[{\"@type\":\"SearchAction\",\"target\":{\"@type\":\"EntryPoint\",\"urlTemplate\":\"https:\\\/\\\/centrourbano.com\\\/revista\\\/?s={search_term_string}\"},\"query-input\":{\"@type\":\"PropertyValueSpecification\",\"valueRequired\":true,\"valueName\":\"search_term_string\"}}],\"inLanguage\":\"es\"},{\"@type\":\"Organization\",\"@id\":\"https:\\\/\\\/centrourbano.com\\\/revista\\\/#organization\",\"name\":\"Centro Urbano\",\"url\":\"https:\\\/\\\/centrourbano.com\\\/revista\\\/\",\"logo\":{\"@type\":\"ImageObject\",\"inLanguage\":\"es\",\"@id\":\"https:\\\/\\\/centrourbano.com\\\/revista\\\/#\\\/schema\\\/logo\\\/image\\\/\",\"url\":\"https:\\\/\\\/centrourbano.com\\\/revista\\\/wp-content\\\/uploads\\\/web_CU_logo-1.png\",\"contentUrl\":\"https:\\\/\\\/centrourbano.com\\\/revista\\\/wp-content\\\/uploads\\\/web_CU_logo-1.png\",\"width\":350,\"height\":91,\"caption\":\"Centro Urbano\"},\"image\":{\"@id\":\"https:\\\/\\\/centrourbano.com\\\/revista\\\/#\\\/schema\\\/logo\\\/image\\\/\"},\"sameAs\":[\"https:\\\/\\\/www.facebook.com\\\/portalcentrourbano\",\"https:\\\/\\\/x.com\\\/CentroUrbano\",\"https:\\\/\\\/www.instagram.com\\\/centro_urbano\\\/\",\"https:\\\/\\\/www.linkedin.com\\\/company\\\/centro-urbano\\\/\",\"http:\\\/\\\/www.youtube.com\\\/user\\\/portalcentrourbano\"]},{\"@type\":\"Person\",\"@id\":\"https:\\\/\\\/centrourbano.com\\\/revista\\\/#\\\/schema\\\/person\\\/ff3c00651ce5b1630479d2cd0c2e3ac0\",\"name\":\"Edgar Rosas\",\"image\":{\"@type\":\"ImageObject\",\"inLanguage\":\"es\",\"@id\":\"https:\\\/\\\/secure.gravatar.com\\\/avatar\\\/94440c4283495211faa5300bf85e80061036b83fced868c3783aa1310b350d9c?s=96&d=mm&r=g\",\"url\":\"https:\\\/\\\/secure.gravatar.com\\\/avatar\\\/94440c4283495211faa5300bf85e80061036b83fced868c3783aa1310b350d9c?s=96&d=mm&r=g\",\"contentUrl\":\"https:\\\/\\\/secure.gravatar.com\\\/avatar\\\/94440c4283495211faa5300bf85e80061036b83fced868c3783aa1310b350d9c?s=96&d=mm&r=g\",\"caption\":\"Edgar Rosas\"},\"description\":\"Editor en Jefe de Centro Urbano. Egresado de la maestr\u00eda en Periodismo Pol\u00edtico de la Escuela de Periodismo Carlos Septi\u00e9n Garc\u00eda (EPCSG). Estudi\u00f3 la licenciatura en Comunicaci\u00f3n en la Universidad Mexicana. Amante de la cr\u00f3nica y el reportaje. Admirador de Vicente Le\u00f1ero y Miguel \u00c1ngel Granados Chapa.\",\"sameAs\":[\"https:\\\/\\\/x.com\\\/https:\\\/\\\/twitter.com\\\/ERosasCU?s=09\"],\"url\":\"https:\\\/\\\/centrourbano.com\\\/revista\\\/author\\\/edgar-rosas\\\/\"}]}<\/script>\n<!-- \/ Yoast SEO plugin. -->","yoast_head_json":{"title":"Alcanza SHF la mayor colocaci\u00f3n del sexenio. (M\u00e9xico)","description":"El banco (SHF), se\u00f1al\u00f3 Homero Garza, culminar\u00e1 el sexenio con un portafolio sano. Dijo que a pesar a pesar de la transici\u00f3n, el banco mantiene...","robots":{"index":"index","follow":"follow","max-snippet":"max-snippet:-1","max-image-preview":"max-image-preview:large","max-video-preview":"max-video-preview:-1"},"canonical":"https:\/\/centrourbano.com\/revista\/vivienda\/alcanza-shf-mayor-colocacion\/","og_locale":"es_ES","og_type":"article","og_title":"Alcanza SHF la mayor colocaci\u00f3n del sexenio. (M\u00e9xico)","og_description":"El banco (SHF), se\u00f1al\u00f3 Homero Garza, culminar\u00e1 el sexenio con un portafolio sano. Dijo que a pesar a pesar de la transici\u00f3n, el banco mantiene...","og_url":"https:\/\/centrourbano.com\/revista\/vivienda\/alcanza-shf-mayor-colocacion\/","og_site_name":"Centro Urbano","article_publisher":"https:\/\/www.facebook.com\/portalcentrourbano","article_published_time":"2018-09-12T23:06:58+00:00","article_modified_time":"2018-09-12T23:21:32+00:00","og_image":[{"width":800,"height":600,"url":"https:\/\/centrourbano.com\/revista\/wp-content\/uploads\/Homero-Garza_foro-Urbanizaci\u00f3n.jpeg","type":"image\/jpeg"}],"author":"Edgar Rosas","twitter_card":"summary_large_image","twitter_creator":"@https:\/\/twitter.com\/ERosasCU?s=09","twitter_site":"@CentroUrbano","twitter_misc":{"Escrito por":"Edgar Rosas","Tiempo de lectura":"2 minutos"},"schema":{"@context":"https:\/\/schema.org","@graph":[{"@type":"Article","@id":"https:\/\/centrourbano.com\/revista\/vivienda\/alcanza-shf-mayor-colocacion\/#article","isPartOf":{"@id":"https:\/\/centrourbano.com\/revista\/vivienda\/alcanza-shf-mayor-colocacion\/"},"author":{"name":"Edgar Rosas","@id":"https:\/\/centrourbano.com\/revista\/#\/schema\/person\/ff3c00651ce5b1630479d2cd0c2e3ac0"},"headline":"Alcanza SHF la mayor colocaci\u00f3n del sexenio","datePublished":"2018-09-12T23:06:58+00:00","dateModified":"2018-09-12T23:21:32+00:00","mainEntityOfPage":{"@id":"https:\/\/centrourbano.com\/revista\/vivienda\/alcanza-shf-mayor-colocacion\/"},"wordCount":410,"commentCount":0,"publisher":{"@id":"https:\/\/centrourbano.com\/revista\/#organization"},"image":{"@id":"https:\/\/centrourbano.com\/revista\/vivienda\/alcanza-shf-mayor-colocacion\/#primaryimage"},"thumbnailUrl":"https:\/\/centrourbano.com\/revista\/wp-content\/uploads\/Homero-Garza_foro-Urbanizaci\u00f3n.jpeg","keywords":["Homero Garza","SHF","Sociedad Hipotecaria Federal","vivienda"],"articleSection":["Vivienda"],"inLanguage":"es","potentialAction":[{"@type":"CommentAction","name":"Comment","target":["https:\/\/centrourbano.com\/revista\/vivienda\/alcanza-shf-mayor-colocacion\/#respond"]}]},{"@type":"WebPage","@id":"https:\/\/centrourbano.com\/revista\/vivienda\/alcanza-shf-mayor-colocacion\/","url":"https:\/\/centrourbano.com\/revista\/vivienda\/alcanza-shf-mayor-colocacion\/","name":"Alcanza SHF la mayor colocaci\u00f3n del sexenio. (M\u00e9xico)","isPartOf":{"@id":"https:\/\/centrourbano.com\/revista\/#website"},"primaryImageOfPage":{"@id":"https:\/\/centrourbano.com\/revista\/vivienda\/alcanza-shf-mayor-colocacion\/#primaryimage"},"image":{"@id":"https:\/\/centrourbano.com\/revista\/vivienda\/alcanza-shf-mayor-colocacion\/#primaryimage"},"thumbnailUrl":"https:\/\/centrourbano.com\/revista\/wp-content\/uploads\/Homero-Garza_foro-Urbanizaci\u00f3n.jpeg","datePublished":"2018-09-12T23:06:58+00:00","dateModified":"2018-09-12T23:21:32+00:00","description":"El banco (SHF), se\u00f1al\u00f3 Homero Garza, culminar\u00e1 el sexenio con un portafolio sano. Dijo que a pesar a pesar de la transici\u00f3n, el banco mantiene...","breadcrumb":{"@id":"https:\/\/centrourbano.com\/revista\/vivienda\/alcanza-shf-mayor-colocacion\/#breadcrumb"},"inLanguage":"es","potentialAction":[{"@type":"ReadAction","target":["https:\/\/centrourbano.com\/revista\/vivienda\/alcanza-shf-mayor-colocacion\/"]}]},{"@type":"ImageObject","inLanguage":"es","@id":"https:\/\/centrourbano.com\/revista\/vivienda\/alcanza-shf-mayor-colocacion\/#primaryimage","url":"https:\/\/centrourbano.com\/revista\/wp-content\/uploads\/Homero-Garza_foro-Urbanizaci\u00f3n.jpeg","contentUrl":"https:\/\/centrourbano.com\/revista\/wp-content\/uploads\/Homero-Garza_foro-Urbanizaci\u00f3n.jpeg","width":800,"height":600,"caption":"El banco, se\u00f1al\u00f3 Homero Garza, culminar\u00e1 el sexenio con un portafolio sano"},{"@type":"BreadcrumbList","@id":"https:\/\/centrourbano.com\/revista\/vivienda\/alcanza-shf-mayor-colocacion\/#breadcrumb","itemListElement":[{"@type":"ListItem","position":1,"name":"Portada","item":"https:\/\/centrourbano.com\/revista\/"},{"@type":"ListItem","position":2,"name":"Alcanza SHF la mayor colocaci\u00f3n del sexenio"}]},{"@type":"WebSite","@id":"https:\/\/centrourbano.com\/revista\/#website","url":"https:\/\/centrourbano.com\/revista\/","name":"Centro Urbano","description":"Medio especializado en los sectores vivienda, inmobiliario, construcci\u00f3n, arquitectura y urbanismo.","publisher":{"@id":"https:\/\/centrourbano.com\/revista\/#organization"},"potentialAction":[{"@type":"SearchAction","target":{"@type":"EntryPoint","urlTemplate":"https:\/\/centrourbano.com\/revista\/?s={search_term_string}"},"query-input":{"@type":"PropertyValueSpecification","valueRequired":true,"valueName":"search_term_string"}}],"inLanguage":"es"},{"@type":"Organization","@id":"https:\/\/centrourbano.com\/revista\/#organization","name":"Centro Urbano","url":"https:\/\/centrourbano.com\/revista\/","logo":{"@type":"ImageObject","inLanguage":"es","@id":"https:\/\/centrourbano.com\/revista\/#\/schema\/logo\/image\/","url":"https:\/\/centrourbano.com\/revista\/wp-content\/uploads\/web_CU_logo-1.png","contentUrl":"https:\/\/centrourbano.com\/revista\/wp-content\/uploads\/web_CU_logo-1.png","width":350,"height":91,"caption":"Centro Urbano"},"image":{"@id":"https:\/\/centrourbano.com\/revista\/#\/schema\/logo\/image\/"},"sameAs":["https:\/\/www.facebook.com\/portalcentrourbano","https:\/\/x.com\/CentroUrbano","https:\/\/www.instagram.com\/centro_urbano\/","https:\/\/www.linkedin.com\/company\/centro-urbano\/","http:\/\/www.youtube.com\/user\/portalcentrourbano"]},{"@type":"Person","@id":"https:\/\/centrourbano.com\/revista\/#\/schema\/person\/ff3c00651ce5b1630479d2cd0c2e3ac0","name":"Edgar Rosas","image":{"@type":"ImageObject","inLanguage":"es","@id":"https:\/\/secure.gravatar.com\/avatar\/94440c4283495211faa5300bf85e80061036b83fced868c3783aa1310b350d9c?s=96&d=mm&r=g","url":"https:\/\/secure.gravatar.com\/avatar\/94440c4283495211faa5300bf85e80061036b83fced868c3783aa1310b350d9c?s=96&d=mm&r=g","contentUrl":"https:\/\/secure.gravatar.com\/avatar\/94440c4283495211faa5300bf85e80061036b83fced868c3783aa1310b350d9c?s=96&d=mm&r=g","caption":"Edgar Rosas"},"description":"Editor en Jefe de Centro Urbano. Egresado de la maestr\u00eda en Periodismo Pol\u00edtico de la Escuela de Periodismo Carlos Septi\u00e9n Garc\u00eda (EPCSG). Estudi\u00f3 la licenciatura en Comunicaci\u00f3n en la Universidad Mexicana. Amante de la cr\u00f3nica y el reportaje. Admirador de Vicente Le\u00f1ero y Miguel \u00c1ngel Granados Chapa.","sameAs":["https:\/\/x.com\/https:\/\/twitter.com\/ERosasCU?s=09"],"url":"https:\/\/centrourbano.com\/revista\/author\/edgar-rosas\/"}]}},"_links":{"self":[{"href":"https:\/\/centrourbano.com\/revista\/wp-json\/wp\/v2\/posts\/78161","targetHints":{"allow":["GET"]}}],"collection":[{"href":"https:\/\/centrourbano.com\/revista\/wp-json\/wp\/v2\/posts"}],"about":[{"href":"https:\/\/centrourbano.com\/revista\/wp-json\/wp\/v2\/types\/post"}],"author":[{"embeddable":true,"href":"https:\/\/centrourbano.com\/revista\/wp-json\/wp\/v2\/users\/47"}],"replies":[{"embeddable":true,"href":"https:\/\/centrourbano.com\/revista\/wp-json\/wp\/v2\/comments?post=78161"}],"version-history":[{"count":4,"href":"https:\/\/centrourbano.com\/revista\/wp-json\/wp\/v2\/posts\/78161\/revisions"}],"predecessor-version":[{"id":78166,"href":"https:\/\/centrourbano.com\/revista\/wp-json\/wp\/v2\/posts\/78161\/revisions\/78166"}],"wp:featuredmedia":[{"embeddable":true,"href":"https:\/\/centrourbano.com\/revista\/wp-json\/wp\/v2\/media\/78162"}],"wp:attachment":[{"href":"https:\/\/centrourbano.com\/revista\/wp-json\/wp\/v2\/media?parent=78161"}],"wp:term":[{"taxonomy":"category","embeddable":true,"href":"https:\/\/centrourbano.com\/revista\/wp-json\/wp\/v2\/categories?post=78161"},{"taxonomy":"post_tag","embeddable":true,"href":"https:\/\/centrourbano.com\/revista\/wp-json\/wp\/v2\/tags?post=78161"}],"curies":[{"name":"wp","href":"https:\/\/api.w.org\/{rel}","templated":true}]}}