{"id":77646,"date":"2018-09-04T16:42:36","date_gmt":"2018-09-04T21:42:36","guid":{"rendered":"https:\/\/centrourbano.com\/?p=77646"},"modified":"2018-10-04T13:29:27","modified_gmt":"2018-10-04T18:29:27","slug":"bid-respalda-vinte-la-emision-bono-verde","status":"publish","type":"post","link":"https:\/\/centrourbano.com\/revista\/vivienda\/bid-respalda-vinte-la-emision-bono-verde\/","title":{"rendered":"Otorga BID garant\u00eda de cr\u00e9dito a bono verde de Vinte"},"content":{"rendered":"<p><em>El organismo otorg\u00f3 una garant\u00eda parcial al bono sustentable que emiti\u00f3 la empresa <\/em><!--more--><\/p>\n<p>El Banco Interamericano de Desarrollo (<a href=\"https:\/\/www.iadb.org\/es\" rel=\"noopener\" target=\"_blank\">BID<\/a>), a trav\u00e9s del BID Invest, acompa\u00f1ar\u00e1 a la desarrolladora de vivienda <a href=\"http:\/\/vinte.com\" rel=\"noopener\" target=\"_blank\">Vinte <\/a>en su objetivo de impulsar casas sustentables. Y es que este organismo financiero otorg\u00f3 a la empresa que dirige Sergio Leal una garant\u00eda parcial de cr\u00e9dito del orden de los 250 millones de pesos para respaldar el bono verde con clave \u2018Vinte 18X\u2019 que lanz\u00f3 la compa\u00f1\u00eda. <\/p>\n<p>De acuerdo con un comunicado del BID, con esta acci\u00f3n, el organismo robustece su impulso al desarrollo de vivienda de niveles social, medio y residencial en M\u00e9xico. Adem\u00e1s, dijo, estrechan la relaci\u00f3n con Vinte, empresa con la que el banco ha colobrado desde hace un par de a\u00f1os. <\/p>\n<p>El bono emitido por la firma se posiciona como el primero en su tipo lanzado por una empresa del sector vivienda en am\u00e9rica latina. El mecanismo esta contemplado con un vencimiento de 7 a\u00f1os y una tasa fija de 9.83 por ciento. <\/p>\n<p>Con esta emisi\u00f3n del bono verde, Vinte coloc\u00f3 800 millones de pesos en certificados. Los recursos, precis\u00f3 la firma, permitir\u00e1n financiar proyectos de vivienda sustentable en M\u00e9xico. <\/p>\n<p>Cabe se\u00f1alar que Vinte se ha caracterizado por el impulso de las llamadas viviendas verdes en el pa\u00eds. Al respecto, es preciso recordar el lanzamiento de la Casa H\u00edbrida Cero Gas, con el que la empresa puso en el mercado una opci\u00f3n dirigida a familias peque\u00f1as de bajos ingresos y que les permite sustituir el uso de gas por electricidad. <\/p>\n<p>Con informaci\u00f3n de Notimex.<\/p>\n","protected":false},"excerpt":{"rendered":"<p>El organismo otorg\u00f3 una garant\u00eda parcial al bono sustentable que emiti\u00f3 la empresa<\/p>\n","protected":false},"author":47,"featured_media":75639,"comment_status":"open","ping_status":"closed","sticky":false,"template":"","format":"standard","meta":{"om_disable_all_campaigns":false,"inline_featured_image":false,"_monsterinsights_skip_tracking":false,"_monsterinsights_sitenote_active":false,"_monsterinsights_sitenote_note":"","_monsterinsights_sitenote_category":0,"footnotes":""},"categories":[12],"tags":[1648,1003,8744,6789,373,14399,60],"class_list":["post-77646","post","type-post","status-publish","format-standard","has-post-thumbnail","hentry","category-vivienda","tag-banco-interamericano-de-desarrollo","tag-bid","tag-bono-verde","tag-sergio-leal-aguirre","tag-vinte","tag-vinte18x","tag-vivienda-2"],"yoast_head":"<!-- This site is optimized with the Yoast SEO plugin v27.4 - https:\/\/yoast.com\/product\/yoast-seo-wordpress\/ -->\n<title>BID acompa\u00f1a a Vinte en la emisi\u00f3n de bono verde<\/title>\n<meta name=\"description\" content=\"El organismo otorg\u00f3 una garant\u00eda parcial al bono sustentable que emiti\u00f3 la empresa que dirige Sergio Leal y con el que buscan impulsar vivienda verde\" \/>\n<meta name=\"robots\" content=\"index, follow, max-snippet:-1, max-image-preview:large, max-video-preview:-1\" \/>\n<link rel=\"canonical\" href=\"https:\/\/centrourbano.com\/revista\/vivienda\/bid-respalda-vinte-la-emision-bono-verde\/\" \/>\n<meta property=\"og:locale\" content=\"es_ES\" \/>\n<meta property=\"og:type\" content=\"article\" \/>\n<meta property=\"og:title\" content=\"BID acompa\u00f1a a Vinte en la emisi\u00f3n de bono verde\" \/>\n<meta property=\"og:description\" content=\"El organismo otorg\u00f3 una garant\u00eda parcial al bono sustentable que emiti\u00f3 la empresa que dirige Sergio Leal y con el que buscan impulsar vivienda verde\" \/>\n<meta property=\"og:url\" content=\"https:\/\/centrourbano.com\/revista\/vivienda\/bid-respalda-vinte-la-emision-bono-verde\/\" \/>\n<meta property=\"og:site_name\" content=\"Centro Urbano\" \/>\n<meta property=\"article:publisher\" content=\"https:\/\/www.facebook.com\/portalcentrourbano\" \/>\n<meta property=\"article:published_time\" content=\"2018-09-04T21:42:36+00:00\" \/>\n<meta property=\"article:modified_time\" content=\"2018-10-04T18:29:27+00:00\" \/>\n<meta property=\"og:image\" content=\"https:\/\/centrourbano.com\/revista\/wp-content\/uploads\/Sergio-Leal_Vinte_1_Presentaci\u00f3n-Casa-H\u00edbrida.jpeg\" \/>\n\t<meta property=\"og:image:width\" content=\"800\" \/>\n\t<meta property=\"og:image:height\" content=\"575\" \/>\n\t<meta property=\"og:image:type\" content=\"image\/jpeg\" \/>\n<meta name=\"author\" content=\"Edgar Rosas\" \/>\n<meta name=\"twitter:card\" content=\"summary_large_image\" \/>\n<meta name=\"twitter:creator\" content=\"@https:\/\/twitter.com\/ERosasCU?s=09\" \/>\n<meta name=\"twitter:site\" content=\"@CentroUrbano\" \/>\n<meta name=\"twitter:label1\" content=\"Escrito por\" \/>\n\t<meta name=\"twitter:data1\" content=\"Edgar Rosas\" \/>\n\t<meta name=\"twitter:label2\" content=\"Tiempo de lectura\" \/>\n\t<meta name=\"twitter:data2\" content=\"1 minuto\" \/>\n<script type=\"application\/ld+json\" class=\"yoast-schema-graph\">{\"@context\":\"https:\\\/\\\/schema.org\",\"@graph\":[{\"@type\":\"Article\",\"@id\":\"https:\\\/\\\/centrourbano.com\\\/revista\\\/vivienda\\\/bid-respalda-vinte-la-emision-bono-verde\\\/#article\",\"isPartOf\":{\"@id\":\"https:\\\/\\\/centrourbano.com\\\/revista\\\/vivienda\\\/bid-respalda-vinte-la-emision-bono-verde\\\/\"},\"author\":{\"name\":\"Edgar Rosas\",\"@id\":\"https:\\\/\\\/centrourbano.com\\\/revista\\\/#\\\/schema\\\/person\\\/ff3c00651ce5b1630479d2cd0c2e3ac0\"},\"headline\":\"Otorga BID garant\u00eda de cr\u00e9dito a bono verde de Vinte\",\"datePublished\":\"2018-09-04T21:42:36+00:00\",\"dateModified\":\"2018-10-04T18:29:27+00:00\",\"mainEntityOfPage\":{\"@id\":\"https:\\\/\\\/centrourbano.com\\\/revista\\\/vivienda\\\/bid-respalda-vinte-la-emision-bono-verde\\\/\"},\"wordCount\":289,\"commentCount\":0,\"publisher\":{\"@id\":\"https:\\\/\\\/centrourbano.com\\\/revista\\\/#organization\"},\"image\":{\"@id\":\"https:\\\/\\\/centrourbano.com\\\/revista\\\/vivienda\\\/bid-respalda-vinte-la-emision-bono-verde\\\/#primaryimage\"},\"thumbnailUrl\":\"https:\\\/\\\/centrourbano.com\\\/revista\\\/wp-content\\\/uploads\\\/Sergio-Leal_Vinte_1_Presentaci\u00f3n-Casa-H\u00edbrida.jpeg\",\"keywords\":[\"Banco Interamericano de Desarrollo\",\"BID\",\"Bono Verde\",\"Sergio Leal Aguirre\",\"Vinte\",\"Vinte18X\",\"vivienda\"],\"articleSection\":[\"Vivienda\"],\"inLanguage\":\"es\",\"potentialAction\":[{\"@type\":\"CommentAction\",\"name\":\"Comment\",\"target\":[\"https:\\\/\\\/centrourbano.com\\\/revista\\\/vivienda\\\/bid-respalda-vinte-la-emision-bono-verde\\\/#respond\"]}]},{\"@type\":\"WebPage\",\"@id\":\"https:\\\/\\\/centrourbano.com\\\/revista\\\/vivienda\\\/bid-respalda-vinte-la-emision-bono-verde\\\/\",\"url\":\"https:\\\/\\\/centrourbano.com\\\/revista\\\/vivienda\\\/bid-respalda-vinte-la-emision-bono-verde\\\/\",\"name\":\"BID acompa\u00f1a a Vinte en la emisi\u00f3n de bono verde\",\"isPartOf\":{\"@id\":\"https:\\\/\\\/centrourbano.com\\\/revista\\\/#website\"},\"primaryImageOfPage\":{\"@id\":\"https:\\\/\\\/centrourbano.com\\\/revista\\\/vivienda\\\/bid-respalda-vinte-la-emision-bono-verde\\\/#primaryimage\"},\"image\":{\"@id\":\"https:\\\/\\\/centrourbano.com\\\/revista\\\/vivienda\\\/bid-respalda-vinte-la-emision-bono-verde\\\/#primaryimage\"},\"thumbnailUrl\":\"https:\\\/\\\/centrourbano.com\\\/revista\\\/wp-content\\\/uploads\\\/Sergio-Leal_Vinte_1_Presentaci\u00f3n-Casa-H\u00edbrida.jpeg\",\"datePublished\":\"2018-09-04T21:42:36+00:00\",\"dateModified\":\"2018-10-04T18:29:27+00:00\",\"description\":\"El organismo otorg\u00f3 una garant\u00eda parcial al bono sustentable que emiti\u00f3 la empresa que dirige Sergio Leal y con el que buscan impulsar vivienda verde\",\"breadcrumb\":{\"@id\":\"https:\\\/\\\/centrourbano.com\\\/revista\\\/vivienda\\\/bid-respalda-vinte-la-emision-bono-verde\\\/#breadcrumb\"},\"inLanguage\":\"es\",\"potentialAction\":[{\"@type\":\"ReadAction\",\"target\":[\"https:\\\/\\\/centrourbano.com\\\/revista\\\/vivienda\\\/bid-respalda-vinte-la-emision-bono-verde\\\/\"]}]},{\"@type\":\"ImageObject\",\"inLanguage\":\"es\",\"@id\":\"https:\\\/\\\/centrourbano.com\\\/revista\\\/vivienda\\\/bid-respalda-vinte-la-emision-bono-verde\\\/#primaryimage\",\"url\":\"https:\\\/\\\/centrourbano.com\\\/revista\\\/wp-content\\\/uploads\\\/Sergio-Leal_Vinte_1_Presentaci\u00f3n-Casa-H\u00edbrida.jpeg\",\"contentUrl\":\"https:\\\/\\\/centrourbano.com\\\/revista\\\/wp-content\\\/uploads\\\/Sergio-Leal_Vinte_1_Presentaci\u00f3n-Casa-H\u00edbrida.jpeg\",\"width\":800,\"height\":575,\"caption\":\"La empresa mantiene la confianza y para el 2S2018 redoblar\u00e1 esfuerzos para incrementar sus ventas a trav\u00e9s de plataformas digitales\"},{\"@type\":\"BreadcrumbList\",\"@id\":\"https:\\\/\\\/centrourbano.com\\\/revista\\\/vivienda\\\/bid-respalda-vinte-la-emision-bono-verde\\\/#breadcrumb\",\"itemListElement\":[{\"@type\":\"ListItem\",\"position\":1,\"name\":\"Portada\",\"item\":\"https:\\\/\\\/centrourbano.com\\\/revista\\\/\"},{\"@type\":\"ListItem\",\"position\":2,\"name\":\"Otorga BID garant\u00eda de cr\u00e9dito a bono verde de Vinte\"}]},{\"@type\":\"WebSite\",\"@id\":\"https:\\\/\\\/centrourbano.com\\\/revista\\\/#website\",\"url\":\"https:\\\/\\\/centrourbano.com\\\/revista\\\/\",\"name\":\"Centro Urbano\",\"description\":\"Medio especializado en los sectores vivienda, inmobiliario, construcci\u00f3n, arquitectura y urbanismo.\",\"publisher\":{\"@id\":\"https:\\\/\\\/centrourbano.com\\\/revista\\\/#organization\"},\"potentialAction\":[{\"@type\":\"SearchAction\",\"target\":{\"@type\":\"EntryPoint\",\"urlTemplate\":\"https:\\\/\\\/centrourbano.com\\\/revista\\\/?s={search_term_string}\"},\"query-input\":{\"@type\":\"PropertyValueSpecification\",\"valueRequired\":true,\"valueName\":\"search_term_string\"}}],\"inLanguage\":\"es\"},{\"@type\":\"Organization\",\"@id\":\"https:\\\/\\\/centrourbano.com\\\/revista\\\/#organization\",\"name\":\"Centro Urbano\",\"url\":\"https:\\\/\\\/centrourbano.com\\\/revista\\\/\",\"logo\":{\"@type\":\"ImageObject\",\"inLanguage\":\"es\",\"@id\":\"https:\\\/\\\/centrourbano.com\\\/revista\\\/#\\\/schema\\\/logo\\\/image\\\/\",\"url\":\"https:\\\/\\\/centrourbano.com\\\/revista\\\/wp-content\\\/uploads\\\/web_CU_logo-1.png\",\"contentUrl\":\"https:\\\/\\\/centrourbano.com\\\/revista\\\/wp-content\\\/uploads\\\/web_CU_logo-1.png\",\"width\":350,\"height\":91,\"caption\":\"Centro Urbano\"},\"image\":{\"@id\":\"https:\\\/\\\/centrourbano.com\\\/revista\\\/#\\\/schema\\\/logo\\\/image\\\/\"},\"sameAs\":[\"https:\\\/\\\/www.facebook.com\\\/portalcentrourbano\",\"https:\\\/\\\/x.com\\\/CentroUrbano\",\"https:\\\/\\\/www.instagram.com\\\/centro_urbano\\\/\",\"https:\\\/\\\/www.linkedin.com\\\/company\\\/centro-urbano\\\/\",\"http:\\\/\\\/www.youtube.com\\\/user\\\/portalcentrourbano\"]},{\"@type\":\"Person\",\"@id\":\"https:\\\/\\\/centrourbano.com\\\/revista\\\/#\\\/schema\\\/person\\\/ff3c00651ce5b1630479d2cd0c2e3ac0\",\"name\":\"Edgar Rosas\",\"image\":{\"@type\":\"ImageObject\",\"inLanguage\":\"es\",\"@id\":\"https:\\\/\\\/secure.gravatar.com\\\/avatar\\\/94440c4283495211faa5300bf85e80061036b83fced868c3783aa1310b350d9c?s=96&d=mm&r=g\",\"url\":\"https:\\\/\\\/secure.gravatar.com\\\/avatar\\\/94440c4283495211faa5300bf85e80061036b83fced868c3783aa1310b350d9c?s=96&d=mm&r=g\",\"contentUrl\":\"https:\\\/\\\/secure.gravatar.com\\\/avatar\\\/94440c4283495211faa5300bf85e80061036b83fced868c3783aa1310b350d9c?s=96&d=mm&r=g\",\"caption\":\"Edgar Rosas\"},\"description\":\"Editor en Jefe de Centro Urbano. Egresado de la maestr\u00eda en Periodismo Pol\u00edtico de la Escuela de Periodismo Carlos Septi\u00e9n Garc\u00eda (EPCSG). Estudi\u00f3 la licenciatura en Comunicaci\u00f3n en la Universidad Mexicana. Amante de la cr\u00f3nica y el reportaje. Admirador de Vicente Le\u00f1ero y Miguel \u00c1ngel Granados Chapa.\",\"sameAs\":[\"https:\\\/\\\/x.com\\\/https:\\\/\\\/twitter.com\\\/ERosasCU?s=09\"],\"url\":\"https:\\\/\\\/centrourbano.com\\\/revista\\\/author\\\/edgar-rosas\\\/\"}]}<\/script>\n<!-- \/ Yoast SEO plugin. -->","yoast_head_json":{"title":"BID acompa\u00f1a a Vinte en la emisi\u00f3n de bono verde","description":"El organismo otorg\u00f3 una garant\u00eda parcial al bono sustentable que emiti\u00f3 la empresa que dirige Sergio Leal y con el que buscan impulsar vivienda verde","robots":{"index":"index","follow":"follow","max-snippet":"max-snippet:-1","max-image-preview":"max-image-preview:large","max-video-preview":"max-video-preview:-1"},"canonical":"https:\/\/centrourbano.com\/revista\/vivienda\/bid-respalda-vinte-la-emision-bono-verde\/","og_locale":"es_ES","og_type":"article","og_title":"BID acompa\u00f1a a Vinte en la emisi\u00f3n de bono verde","og_description":"El organismo otorg\u00f3 una garant\u00eda parcial al bono sustentable que emiti\u00f3 la empresa que dirige Sergio Leal y con el que buscan impulsar vivienda verde","og_url":"https:\/\/centrourbano.com\/revista\/vivienda\/bid-respalda-vinte-la-emision-bono-verde\/","og_site_name":"Centro Urbano","article_publisher":"https:\/\/www.facebook.com\/portalcentrourbano","article_published_time":"2018-09-04T21:42:36+00:00","article_modified_time":"2018-10-04T18:29:27+00:00","og_image":[{"width":800,"height":575,"url":"https:\/\/centrourbano.com\/revista\/wp-content\/uploads\/Sergio-Leal_Vinte_1_Presentaci\u00f3n-Casa-H\u00edbrida.jpeg","type":"image\/jpeg"}],"author":"Edgar Rosas","twitter_card":"summary_large_image","twitter_creator":"@https:\/\/twitter.com\/ERosasCU?s=09","twitter_site":"@CentroUrbano","twitter_misc":{"Escrito por":"Edgar Rosas","Tiempo de lectura":"1 minuto"},"schema":{"@context":"https:\/\/schema.org","@graph":[{"@type":"Article","@id":"https:\/\/centrourbano.com\/revista\/vivienda\/bid-respalda-vinte-la-emision-bono-verde\/#article","isPartOf":{"@id":"https:\/\/centrourbano.com\/revista\/vivienda\/bid-respalda-vinte-la-emision-bono-verde\/"},"author":{"name":"Edgar Rosas","@id":"https:\/\/centrourbano.com\/revista\/#\/schema\/person\/ff3c00651ce5b1630479d2cd0c2e3ac0"},"headline":"Otorga BID garant\u00eda de cr\u00e9dito a bono verde de Vinte","datePublished":"2018-09-04T21:42:36+00:00","dateModified":"2018-10-04T18:29:27+00:00","mainEntityOfPage":{"@id":"https:\/\/centrourbano.com\/revista\/vivienda\/bid-respalda-vinte-la-emision-bono-verde\/"},"wordCount":289,"commentCount":0,"publisher":{"@id":"https:\/\/centrourbano.com\/revista\/#organization"},"image":{"@id":"https:\/\/centrourbano.com\/revista\/vivienda\/bid-respalda-vinte-la-emision-bono-verde\/#primaryimage"},"thumbnailUrl":"https:\/\/centrourbano.com\/revista\/wp-content\/uploads\/Sergio-Leal_Vinte_1_Presentaci\u00f3n-Casa-H\u00edbrida.jpeg","keywords":["Banco Interamericano de Desarrollo","BID","Bono Verde","Sergio Leal Aguirre","Vinte","Vinte18X","vivienda"],"articleSection":["Vivienda"],"inLanguage":"es","potentialAction":[{"@type":"CommentAction","name":"Comment","target":["https:\/\/centrourbano.com\/revista\/vivienda\/bid-respalda-vinte-la-emision-bono-verde\/#respond"]}]},{"@type":"WebPage","@id":"https:\/\/centrourbano.com\/revista\/vivienda\/bid-respalda-vinte-la-emision-bono-verde\/","url":"https:\/\/centrourbano.com\/revista\/vivienda\/bid-respalda-vinte-la-emision-bono-verde\/","name":"BID acompa\u00f1a a Vinte en la emisi\u00f3n de bono verde","isPartOf":{"@id":"https:\/\/centrourbano.com\/revista\/#website"},"primaryImageOfPage":{"@id":"https:\/\/centrourbano.com\/revista\/vivienda\/bid-respalda-vinte-la-emision-bono-verde\/#primaryimage"},"image":{"@id":"https:\/\/centrourbano.com\/revista\/vivienda\/bid-respalda-vinte-la-emision-bono-verde\/#primaryimage"},"thumbnailUrl":"https:\/\/centrourbano.com\/revista\/wp-content\/uploads\/Sergio-Leal_Vinte_1_Presentaci\u00f3n-Casa-H\u00edbrida.jpeg","datePublished":"2018-09-04T21:42:36+00:00","dateModified":"2018-10-04T18:29:27+00:00","description":"El organismo otorg\u00f3 una garant\u00eda parcial al bono sustentable que emiti\u00f3 la empresa que dirige Sergio Leal y con el que buscan impulsar vivienda verde","breadcrumb":{"@id":"https:\/\/centrourbano.com\/revista\/vivienda\/bid-respalda-vinte-la-emision-bono-verde\/#breadcrumb"},"inLanguage":"es","potentialAction":[{"@type":"ReadAction","target":["https:\/\/centrourbano.com\/revista\/vivienda\/bid-respalda-vinte-la-emision-bono-verde\/"]}]},{"@type":"ImageObject","inLanguage":"es","@id":"https:\/\/centrourbano.com\/revista\/vivienda\/bid-respalda-vinte-la-emision-bono-verde\/#primaryimage","url":"https:\/\/centrourbano.com\/revista\/wp-content\/uploads\/Sergio-Leal_Vinte_1_Presentaci\u00f3n-Casa-H\u00edbrida.jpeg","contentUrl":"https:\/\/centrourbano.com\/revista\/wp-content\/uploads\/Sergio-Leal_Vinte_1_Presentaci\u00f3n-Casa-H\u00edbrida.jpeg","width":800,"height":575,"caption":"La empresa mantiene la confianza y para el 2S2018 redoblar\u00e1 esfuerzos para incrementar sus ventas a trav\u00e9s de plataformas digitales"},{"@type":"BreadcrumbList","@id":"https:\/\/centrourbano.com\/revista\/vivienda\/bid-respalda-vinte-la-emision-bono-verde\/#breadcrumb","itemListElement":[{"@type":"ListItem","position":1,"name":"Portada","item":"https:\/\/centrourbano.com\/revista\/"},{"@type":"ListItem","position":2,"name":"Otorga BID garant\u00eda de cr\u00e9dito a bono verde de Vinte"}]},{"@type":"WebSite","@id":"https:\/\/centrourbano.com\/revista\/#website","url":"https:\/\/centrourbano.com\/revista\/","name":"Centro Urbano","description":"Medio especializado en los sectores vivienda, inmobiliario, construcci\u00f3n, arquitectura y urbanismo.","publisher":{"@id":"https:\/\/centrourbano.com\/revista\/#organization"},"potentialAction":[{"@type":"SearchAction","target":{"@type":"EntryPoint","urlTemplate":"https:\/\/centrourbano.com\/revista\/?s={search_term_string}"},"query-input":{"@type":"PropertyValueSpecification","valueRequired":true,"valueName":"search_term_string"}}],"inLanguage":"es"},{"@type":"Organization","@id":"https:\/\/centrourbano.com\/revista\/#organization","name":"Centro Urbano","url":"https:\/\/centrourbano.com\/revista\/","logo":{"@type":"ImageObject","inLanguage":"es","@id":"https:\/\/centrourbano.com\/revista\/#\/schema\/logo\/image\/","url":"https:\/\/centrourbano.com\/revista\/wp-content\/uploads\/web_CU_logo-1.png","contentUrl":"https:\/\/centrourbano.com\/revista\/wp-content\/uploads\/web_CU_logo-1.png","width":350,"height":91,"caption":"Centro Urbano"},"image":{"@id":"https:\/\/centrourbano.com\/revista\/#\/schema\/logo\/image\/"},"sameAs":["https:\/\/www.facebook.com\/portalcentrourbano","https:\/\/x.com\/CentroUrbano","https:\/\/www.instagram.com\/centro_urbano\/","https:\/\/www.linkedin.com\/company\/centro-urbano\/","http:\/\/www.youtube.com\/user\/portalcentrourbano"]},{"@type":"Person","@id":"https:\/\/centrourbano.com\/revista\/#\/schema\/person\/ff3c00651ce5b1630479d2cd0c2e3ac0","name":"Edgar Rosas","image":{"@type":"ImageObject","inLanguage":"es","@id":"https:\/\/secure.gravatar.com\/avatar\/94440c4283495211faa5300bf85e80061036b83fced868c3783aa1310b350d9c?s=96&d=mm&r=g","url":"https:\/\/secure.gravatar.com\/avatar\/94440c4283495211faa5300bf85e80061036b83fced868c3783aa1310b350d9c?s=96&d=mm&r=g","contentUrl":"https:\/\/secure.gravatar.com\/avatar\/94440c4283495211faa5300bf85e80061036b83fced868c3783aa1310b350d9c?s=96&d=mm&r=g","caption":"Edgar Rosas"},"description":"Editor en Jefe de Centro Urbano. Egresado de la maestr\u00eda en Periodismo Pol\u00edtico de la Escuela de Periodismo Carlos Septi\u00e9n Garc\u00eda (EPCSG). Estudi\u00f3 la licenciatura en Comunicaci\u00f3n en la Universidad Mexicana. Amante de la cr\u00f3nica y el reportaje. Admirador de Vicente Le\u00f1ero y Miguel \u00c1ngel Granados Chapa.","sameAs":["https:\/\/x.com\/https:\/\/twitter.com\/ERosasCU?s=09"],"url":"https:\/\/centrourbano.com\/revista\/author\/edgar-rosas\/"}]}},"_links":{"self":[{"href":"https:\/\/centrourbano.com\/revista\/wp-json\/wp\/v2\/posts\/77646","targetHints":{"allow":["GET"]}}],"collection":[{"href":"https:\/\/centrourbano.com\/revista\/wp-json\/wp\/v2\/posts"}],"about":[{"href":"https:\/\/centrourbano.com\/revista\/wp-json\/wp\/v2\/types\/post"}],"author":[{"embeddable":true,"href":"https:\/\/centrourbano.com\/revista\/wp-json\/wp\/v2\/users\/47"}],"replies":[{"embeddable":true,"href":"https:\/\/centrourbano.com\/revista\/wp-json\/wp\/v2\/comments?post=77646"}],"version-history":[{"count":5,"href":"https:\/\/centrourbano.com\/revista\/wp-json\/wp\/v2\/posts\/77646\/revisions"}],"predecessor-version":[{"id":79352,"href":"https:\/\/centrourbano.com\/revista\/wp-json\/wp\/v2\/posts\/77646\/revisions\/79352"}],"wp:featuredmedia":[{"embeddable":true,"href":"https:\/\/centrourbano.com\/revista\/wp-json\/wp\/v2\/media\/75639"}],"wp:attachment":[{"href":"https:\/\/centrourbano.com\/revista\/wp-json\/wp\/v2\/media?parent=77646"}],"wp:term":[{"taxonomy":"category","embeddable":true,"href":"https:\/\/centrourbano.com\/revista\/wp-json\/wp\/v2\/categories?post=77646"},{"taxonomy":"post_tag","embeddable":true,"href":"https:\/\/centrourbano.com\/revista\/wp-json\/wp\/v2\/tags?post=77646"}],"curies":[{"name":"wp","href":"https:\/\/api.w.org\/{rel}","templated":true}]}}