{"id":76823,"date":"2018-08-22T15:13:55","date_gmt":"2018-08-22T20:13:55","guid":{"rendered":"https:\/\/centrourbano.com\/?p=76823"},"modified":"2018-08-22T16:10:52","modified_gmt":"2018-08-22T21:10:52","slug":"chapultepec-uno-un-rostro-vanguardista-al-skyline-de-la-ciudad","status":"publish","type":"post","link":"https:\/\/centrourbano.com\/revista\/inmobiliario\/chapultepec-uno-un-rostro-vanguardista-al-skyline-de-la-ciudad\/","title":{"rendered":"Chapultepec Uno: un rostro vanguardista al skyline de la ciudad"},"content":{"rendered":"<p><em>La segunda torre m\u00e1s alta de la Ciudad de M\u00e9xico se prepara para su apertura en enero de 2019\u00a0<\/em><!--more--><\/p>\n<p>Con una inversi\u00f3n de 270 millones de d\u00f3lares y una altura de 241 metros, lo que la convierte en la segunda torre m\u00e1s alta de la Ciudad de M\u00e9xico, <a href=\"http:\/\/chapultepecuno.mx\/\" target=\"_blank\" rel=\"noopener noreferrer\"><strong>Chapultepec Uno<\/strong><\/a> ser\u00e1 el edificio m\u00e1s emblem\u00e1tico para la esquina de Reforma y Chapultepec por su estilo vanguardista y de alta tecnolog\u00eda, que podr\u00eda estar listo para enero de 2019.<\/p>\n<p>En un recorrido realizado con los desarrolladores de este proyecto &#8211;<a href=\"http:\/\/www.cbcmexico.mx\/index.php\" target=\"_blank\" rel=\"noopener noreferrer\"><strong>Coldwell Banker Commercial<\/strong><\/a> y el grupo <strong>T69<\/strong>, conformado por las firmas <strong>Arquitectoma<\/strong> y <strong>Marca<\/strong>-, se destac\u00f3 la importancia de este tipo de inversiones que cambiar\u00e1n la imagen de la capital a nivel internacional.<\/p>\n<p>\u00abChapultepec Uno es una torre emblem\u00e1tica que podr\u00eda estar en cualquiera de las principales capitales del mundo por su tecnolog\u00eda, su altura y su calidad. Nos sentimos como mexicanos muy orgullosos de que se est\u00e9n haciendo este nivel de inversiones en nuestro pa\u00eds\u00bb, se\u00f1al\u00f3\u00a0<strong>Luis M\u00e9ndez<\/strong>, presidente de Coldwell Banker Commercial M\u00e9xico.<\/p>\n<p>La construcci\u00f3n de Chapultepec Uno se ha convertido en un gran reto para los tres inversionistas por su complejidad aquitect\u00f3nica, as\u00ed como el nivel de fondeo de inversi\u00f3n y el profesionalismo requerido, \u00abque podr\u00eda marcar un antes y un despu\u00e9s\u00bb de este gran proyecto.\u00a0<a href=\"https:\/\/centrourbano.com\/revista\/wp-content\/uploads\/Foto-1-4.jpg\" target=\"_blank\" rel=\"noopener noreferrer\"><img loading=\"lazy\" decoding=\"async\" class=\"size-medium wp-image-76846 alignright\" src=\"https:\/\/centrourbano.com\/revista\/wp-content\/uploads\/Foto-1-4-300x225.jpg\" alt=\"\" width=\"300\" height=\"225\" srcset=\"https:\/\/centrourbano.com\/revista\/wp-content\/uploads\/Foto-1-4-300x225.jpg 300w, https:\/\/centrourbano.com\/revista\/wp-content\/uploads\/Foto-1-4-100x75.jpg 100w, https:\/\/centrourbano.com\/revista\/wp-content\/uploads\/Foto-1-4.jpg 480w\" sizes=\"auto, (max-width: 300px) 100vw, 300px\" \/><\/a><\/p>\n<p>Se trata de una obra\u00a0de 100,000 metros cuadrados de construcci\u00f3n en 58 pisos que conforman alrededor de 26,268 metros cuadrados (m\u00b2) de \u00e1rea rentable; para el segmento de oficinas se cuentan con 21 niveles con una planta promedio desde 1,200 a 1,400\u00a0m\u00b2 con una eficiencia de \u00e1rea \u00fatil de m\u00e1s de 90%.<\/p>\n<p>Para este espacio no se tiene considerado a grandes corporativos; se tiene pensado que \u00ablos usuarios\u00a0sean firmas de abogados, de consultor\u00eda, y estamos tambi\u00e9n en platicas con firmas petroleras que pueden hacer uso de hasta tres pisos\u00bb.\u00a0Se estima que para el primer semestre de 2019 al menos 85% de las oficinas est\u00e9n ocupadas.<\/p>\n<p>El Hotel Ritz-Carlton Mexico City se encuentra ubicado en los niveles 36 al 47 y los siguientes ocho niveles fueron destinados para residenciales independientes con un costo promedio de 12,000 a 14,000 d\u00f3lares por m\u00b2; aunque no se ha concretado, se encuentran en negociaci\u00f3n con el hotel Ritz para determinar si operar\u00edan estos espacios.<\/p>\n<p>Adem\u00e1s la torre contar\u00e1 con un Sky Penthouse, 888 cajones para estacionamiento robotizado y un helipuerto, adem\u00e1s de las mejores vistas de la ciudad.<\/p>\n<p>\u00abA pesar de los usos mixtos y el reto que implicaba la versatilidad de servicios del componente residencial del hotel y de oficinas, se lograron unas plantas no s\u00f3lo que operen y funcionen muy bien, sino muy vers\u00e1tiles en su flexibilidad de uso y eficiencia\u00bb, destac\u00f3 <strong>Diego Mariscal<\/strong>,\u00a0socio director de Grupo Marca.<\/p>\n<p>El arquitecto agreg\u00f3 que \u00ablos claros que\u00a0se tienen de \u00e1rea \u00fatil son muy amplios y esto permite que cada metro cuadrado que se paga, se pueda aprovechar al m\u00e1ximo\u00bb. Adem\u00e1s\u00a0la altura libre de losa a losa es de 4,30 metros y esto genera un ambiente muy generoso que permitir\u00e1 tener espacios sumamente agradables.<\/p>\n<p>Sobre el financiamiento de Chapultepec Uno: 50% proviene de los inversionistas propietarios de cuatro familias y otra parte fue fondeada por un sindicato de bancos liderado por<a href=\"https:\/\/www.bancomer.com\/\" target=\"_blank\" rel=\"noopener noreferrer\"><strong> BBVA Bancomer<\/strong><\/a>, <a href=\"https:\/\/www.santander.com.mx\/mx\/home\/\" target=\"_blank\" rel=\"noopener noreferrer\"><strong>Santander<\/strong><\/a> y <a href=\"https:\/\/www.bancsabadell.com\/cs\/Satellite\/SabAtl\/\" target=\"_blank\" rel=\"noopener noreferrer\"><strong>Sabadell<\/strong><\/a>.<\/p>\n<a href=\"https:\/\/centrourbano.com\/revista\/wp-content\/uploads\/Vista.jpg\" target=\"_blank\" rel=\"noopener noreferrer\"><img loading=\"lazy\" decoding=\"async\" class=\" wp-image-76851 aligncenter\" src=\"https:\/\/centrourbano.com\/revista\/wp-content\/uploads\/Vista-300x78.jpg\" alt=\"\" width=\"767\" height=\"200\" srcset=\"https:\/\/centrourbano.com\/revista\/wp-content\/uploads\/Vista-300x78.jpg 300w, https:\/\/centrourbano.com\/revista\/wp-content\/uploads\/Vista-768x199.jpg 768w, https:\/\/centrourbano.com\/revista\/wp-content\/uploads\/Vista-1024x266.jpg 1024w\" sizes=\"auto, (max-width: 767px) 100vw, 767px\" \/><\/a>\n<p><strong>Construcci\u00f3n m\u00e1s vigilada<\/strong><\/p>\n<p>Paseo de la Reforma es quiz\u00e1 el corredor m\u00e1s importante de la Ciudad de M\u00e9xico y de la Rep\u00fablica Mexicana, principalmente para corporativos y construcciones a las que se les ha permitido liberar el tope de altura en edificios de acuerdo a las necesidades de esta zona. Sin embargo, los desarrolladores admiten que s\u00ed habr\u00e1 m\u00e1s vigilancia por parte de las autoridades para seguir construyendo.<\/p>\n<p>\u00abTodav\u00eda no se precisan cu\u00e1les son las nuevas pol\u00edticas. s\u00f3lo se deja ver que va a ser mucho m\u00e1s restringido el desarrollo, mucho m\u00e1s vigilado, que responde a algunos desarrollos dentro de los cuales este (Chapultepec Uno) no est\u00e1, principalmente en zonas donde no hay muchos edificios y que presentan ciertas inconformidades\u00bb, apunt\u00f3\u00a0<strong>Francisco Martin del Campo<\/strong>, socio director Grupo Arquitectoma.<\/p>\n<p>Enfatiz\u00f3 que esta torre se encuentra en \u00abuno de los corredores donde se liberaron las alturas desde administraciones anteriores y est\u00e1 dise\u00f1ada para estos grandes edificios, que es donde debe estar\u00bb.<\/p>\n<p>Agreg\u00f3 que actualmente\u00a0ya se tiene un avance de alrededor de 40% de comercializaci\u00f3n de oficinas para renta en Chapultepec Uno, cuyo componente ser\u00e1 patrimonial, mientras que en el componente residencial, que est\u00e1 a la venta se tiene comprometido alrededor de 60%, es decir ya vendidos.<\/p>\n<p>&nbsp;<\/p>\n","protected":false},"excerpt":{"rendered":"<p>La segunda torre m\u00e1s alta de la Ciudad de M\u00e9xico se prepara para su apertura en enero de 2019\u00a0<\/p>\n","protected":false},"author":69,"featured_media":76841,"comment_status":"open","ping_status":"closed","sticky":false,"template":"","format":"standard","meta":{"om_disable_all_campaigns":false,"inline_featured_image":false,"_monsterinsights_skip_tracking":false,"_monsterinsights_sitenote_active":false,"_monsterinsights_sitenote_note":"","_monsterinsights_sitenote_category":0,"footnotes":""},"categories":[15],"tags":[14269,6348,14270,14271,14118,7741],"class_list":["post-76823","post","type-post","status-publish","format-standard","has-post-thumbnail","hentry","category-inmobiliario","tag-arquitectoma","tag-chapultepec-uno","tag-coldwell-mexico","tag-grupo-marca","tag-skyline","tag-torre"],"yoast_head":"<!-- This site is optimized with the Yoast SEO plugin v27.4 - https:\/\/yoast.com\/product\/yoast-seo-wordpress\/ -->\n<title>Chapultepec Uno: un rostro vanguardista al skyline de la ciudad<\/title>\n<meta name=\"description\" content=\"La segunda torre m\u00e1s alta de la Ciudad de M\u00e9xico se prepara para su apertura en enero de 2019\" \/>\n<meta name=\"robots\" content=\"index, follow, max-snippet:-1, max-image-preview:large, max-video-preview:-1\" \/>\n<link rel=\"canonical\" href=\"https:\/\/centrourbano.com\/revista\/inmobiliario\/chapultepec-uno-un-rostro-vanguardista-al-skyline-de-la-ciudad\/\" \/>\n<meta property=\"og:locale\" content=\"es_ES\" \/>\n<meta property=\"og:type\" content=\"article\" \/>\n<meta property=\"og:title\" content=\"Chapultepec Uno: un rostro vanguardista al skyline de la ciudad\" \/>\n<meta property=\"og:description\" content=\"La segunda torre m\u00e1s alta de la Ciudad de M\u00e9xico se prepara para su apertura en enero de 2019\" \/>\n<meta property=\"og:url\" content=\"https:\/\/centrourbano.com\/revista\/inmobiliario\/chapultepec-uno-un-rostro-vanguardista-al-skyline-de-la-ciudad\/\" \/>\n<meta property=\"og:site_name\" content=\"Centro Urbano\" \/>\n<meta property=\"article:publisher\" content=\"https:\/\/www.facebook.com\/portalcentrourbano\" \/>\n<meta property=\"article:published_time\" content=\"2018-08-22T20:13:55+00:00\" \/>\n<meta property=\"article:modified_time\" content=\"2018-08-22T21:10:52+00:00\" \/>\n<meta property=\"og:image\" content=\"https:\/\/centrourbano.com\/revista\/wp-content\/uploads\/Chapultepec-Uno.jpg\" \/>\n\t<meta property=\"og:image:width\" content=\"700\" \/>\n\t<meta property=\"og:image:height\" content=\"373\" \/>\n\t<meta property=\"og:image:type\" content=\"image\/jpeg\" \/>\n<meta name=\"author\" content=\"Fernando Navarrete\" \/>\n<meta name=\"twitter:card\" content=\"summary_large_image\" \/>\n<meta name=\"twitter:creator\" content=\"@CentroUrbano\" \/>\n<meta name=\"twitter:site\" content=\"@CentroUrbano\" \/>\n<meta name=\"twitter:label1\" content=\"Escrito por\" \/>\n\t<meta name=\"twitter:data1\" content=\"Fernando Navarrete\" \/>\n\t<meta name=\"twitter:label2\" content=\"Tiempo de lectura\" \/>\n\t<meta name=\"twitter:data2\" content=\"4 minutos\" \/>\n<script type=\"application\/ld+json\" class=\"yoast-schema-graph\">{\"@context\":\"https:\\\/\\\/schema.org\",\"@graph\":[{\"@type\":\"Article\",\"@id\":\"https:\\\/\\\/centrourbano.com\\\/revista\\\/inmobiliario\\\/chapultepec-uno-un-rostro-vanguardista-al-skyline-de-la-ciudad\\\/#article\",\"isPartOf\":{\"@id\":\"https:\\\/\\\/centrourbano.com\\\/revista\\\/inmobiliario\\\/chapultepec-uno-un-rostro-vanguardista-al-skyline-de-la-ciudad\\\/\"},\"author\":{\"name\":\"Fernando Navarrete\",\"@id\":\"https:\\\/\\\/centrourbano.com\\\/revista\\\/#\\\/schema\\\/person\\\/515c32d01ece40d20a7ed3fdf34051af\"},\"headline\":\"Chapultepec Uno: un rostro vanguardista al skyline de la ciudad\",\"datePublished\":\"2018-08-22T20:13:55+00:00\",\"dateModified\":\"2018-08-22T21:10:52+00:00\",\"mainEntityOfPage\":{\"@id\":\"https:\\\/\\\/centrourbano.com\\\/revista\\\/inmobiliario\\\/chapultepec-uno-un-rostro-vanguardista-al-skyline-de-la-ciudad\\\/\"},\"wordCount\":792,\"commentCount\":0,\"publisher\":{\"@id\":\"https:\\\/\\\/centrourbano.com\\\/revista\\\/#organization\"},\"image\":{\"@id\":\"https:\\\/\\\/centrourbano.com\\\/revista\\\/inmobiliario\\\/chapultepec-uno-un-rostro-vanguardista-al-skyline-de-la-ciudad\\\/#primaryimage\"},\"thumbnailUrl\":\"https:\\\/\\\/centrourbano.com\\\/revista\\\/wp-content\\\/uploads\\\/Chapultepec-Uno.jpg\",\"keywords\":[\"Arquitectoma\",\"Chapultepec Uno\",\"Coldwell M\u00e9xico\",\"Grupo Marca\",\"skyline\",\"torre\"],\"articleSection\":[\"Inmobiliario\"],\"inLanguage\":\"es\",\"potentialAction\":[{\"@type\":\"CommentAction\",\"name\":\"Comment\",\"target\":[\"https:\\\/\\\/centrourbano.com\\\/revista\\\/inmobiliario\\\/chapultepec-uno-un-rostro-vanguardista-al-skyline-de-la-ciudad\\\/#respond\"]}]},{\"@type\":\"WebPage\",\"@id\":\"https:\\\/\\\/centrourbano.com\\\/revista\\\/inmobiliario\\\/chapultepec-uno-un-rostro-vanguardista-al-skyline-de-la-ciudad\\\/\",\"url\":\"https:\\\/\\\/centrourbano.com\\\/revista\\\/inmobiliario\\\/chapultepec-uno-un-rostro-vanguardista-al-skyline-de-la-ciudad\\\/\",\"name\":\"Chapultepec Uno: un rostro vanguardista al skyline de la ciudad\",\"isPartOf\":{\"@id\":\"https:\\\/\\\/centrourbano.com\\\/revista\\\/#website\"},\"primaryImageOfPage\":{\"@id\":\"https:\\\/\\\/centrourbano.com\\\/revista\\\/inmobiliario\\\/chapultepec-uno-un-rostro-vanguardista-al-skyline-de-la-ciudad\\\/#primaryimage\"},\"image\":{\"@id\":\"https:\\\/\\\/centrourbano.com\\\/revista\\\/inmobiliario\\\/chapultepec-uno-un-rostro-vanguardista-al-skyline-de-la-ciudad\\\/#primaryimage\"},\"thumbnailUrl\":\"https:\\\/\\\/centrourbano.com\\\/revista\\\/wp-content\\\/uploads\\\/Chapultepec-Uno.jpg\",\"datePublished\":\"2018-08-22T20:13:55+00:00\",\"dateModified\":\"2018-08-22T21:10:52+00:00\",\"description\":\"La segunda torre m\u00e1s alta de la Ciudad de M\u00e9xico se prepara para su apertura en enero de 2019\",\"breadcrumb\":{\"@id\":\"https:\\\/\\\/centrourbano.com\\\/revista\\\/inmobiliario\\\/chapultepec-uno-un-rostro-vanguardista-al-skyline-de-la-ciudad\\\/#breadcrumb\"},\"inLanguage\":\"es\",\"potentialAction\":[{\"@type\":\"ReadAction\",\"target\":[\"https:\\\/\\\/centrourbano.com\\\/revista\\\/inmobiliario\\\/chapultepec-uno-un-rostro-vanguardista-al-skyline-de-la-ciudad\\\/\"]}]},{\"@type\":\"ImageObject\",\"inLanguage\":\"es\",\"@id\":\"https:\\\/\\\/centrourbano.com\\\/revista\\\/inmobiliario\\\/chapultepec-uno-un-rostro-vanguardista-al-skyline-de-la-ciudad\\\/#primaryimage\",\"url\":\"https:\\\/\\\/centrourbano.com\\\/revista\\\/wp-content\\\/uploads\\\/Chapultepec-Uno.jpg\",\"contentUrl\":\"https:\\\/\\\/centrourbano.com\\\/revista\\\/wp-content\\\/uploads\\\/Chapultepec-Uno.jpg\",\"width\":700,\"height\":373,\"caption\":\"La segunda torre m\u00e1s alta de la Ciudad de M\u00e9xico se prepara para su apertura en enero de 2019\"},{\"@type\":\"BreadcrumbList\",\"@id\":\"https:\\\/\\\/centrourbano.com\\\/revista\\\/inmobiliario\\\/chapultepec-uno-un-rostro-vanguardista-al-skyline-de-la-ciudad\\\/#breadcrumb\",\"itemListElement\":[{\"@type\":\"ListItem\",\"position\":1,\"name\":\"Portada\",\"item\":\"https:\\\/\\\/centrourbano.com\\\/revista\\\/\"},{\"@type\":\"ListItem\",\"position\":2,\"name\":\"Chapultepec Uno: un rostro vanguardista al skyline de la ciudad\"}]},{\"@type\":\"WebSite\",\"@id\":\"https:\\\/\\\/centrourbano.com\\\/revista\\\/#website\",\"url\":\"https:\\\/\\\/centrourbano.com\\\/revista\\\/\",\"name\":\"Centro Urbano\",\"description\":\"Medio especializado en los sectores vivienda, inmobiliario, construcci\u00f3n, arquitectura y urbanismo.\",\"publisher\":{\"@id\":\"https:\\\/\\\/centrourbano.com\\\/revista\\\/#organization\"},\"potentialAction\":[{\"@type\":\"SearchAction\",\"target\":{\"@type\":\"EntryPoint\",\"urlTemplate\":\"https:\\\/\\\/centrourbano.com\\\/revista\\\/?s={search_term_string}\"},\"query-input\":{\"@type\":\"PropertyValueSpecification\",\"valueRequired\":true,\"valueName\":\"search_term_string\"}}],\"inLanguage\":\"es\"},{\"@type\":\"Organization\",\"@id\":\"https:\\\/\\\/centrourbano.com\\\/revista\\\/#organization\",\"name\":\"Centro Urbano\",\"url\":\"https:\\\/\\\/centrourbano.com\\\/revista\\\/\",\"logo\":{\"@type\":\"ImageObject\",\"inLanguage\":\"es\",\"@id\":\"https:\\\/\\\/centrourbano.com\\\/revista\\\/#\\\/schema\\\/logo\\\/image\\\/\",\"url\":\"https:\\\/\\\/centrourbano.com\\\/revista\\\/wp-content\\\/uploads\\\/web_CU_logo-1.png\",\"contentUrl\":\"https:\\\/\\\/centrourbano.com\\\/revista\\\/wp-content\\\/uploads\\\/web_CU_logo-1.png\",\"width\":350,\"height\":91,\"caption\":\"Centro Urbano\"},\"image\":{\"@id\":\"https:\\\/\\\/centrourbano.com\\\/revista\\\/#\\\/schema\\\/logo\\\/image\\\/\"},\"sameAs\":[\"https:\\\/\\\/www.facebook.com\\\/portalcentrourbano\",\"https:\\\/\\\/x.com\\\/CentroUrbano\",\"https:\\\/\\\/www.instagram.com\\\/centro_urbano\\\/\",\"https:\\\/\\\/www.linkedin.com\\\/company\\\/centro-urbano\\\/\",\"http:\\\/\\\/www.youtube.com\\\/user\\\/portalcentrourbano\"]},{\"@type\":\"Person\",\"@id\":\"https:\\\/\\\/centrourbano.com\\\/revista\\\/#\\\/schema\\\/person\\\/515c32d01ece40d20a7ed3fdf34051af\",\"name\":\"Fernando Navarrete\",\"image\":{\"@type\":\"ImageObject\",\"inLanguage\":\"es\",\"@id\":\"https:\\\/\\\/secure.gravatar.com\\\/avatar\\\/f4dd6927a99e72698473e350e20ec8a38bd48cb668e15b03d04e8e537da41ad0?s=96&d=mm&r=g\",\"url\":\"https:\\\/\\\/secure.gravatar.com\\\/avatar\\\/f4dd6927a99e72698473e350e20ec8a38bd48cb668e15b03d04e8e537da41ad0?s=96&d=mm&r=g\",\"contentUrl\":\"https:\\\/\\\/secure.gravatar.com\\\/avatar\\\/f4dd6927a99e72698473e350e20ec8a38bd48cb668e15b03d04e8e537da41ad0?s=96&d=mm&r=g\",\"caption\":\"Fernando Navarrete\"},\"description\":\"Reportero de negocios, inmobiliario, construcci\u00f3n e industria. Me interesa la econom\u00eda, pol\u00edtica, historia y antropolog\u00eda. Estudi\u00e9 en la Facultad de Ciencias Pol\u00edticas y Sociales de la UNAM. Tengo experiencia en el sector p\u00fablico, la industria del acero, ingenier\u00eda civil, IT y corporativos; soy un nost\u00e1lgico nacionalista contempor\u00e1neo que cree en la grandeza de su pa\u00eds. Asiduo lector de Juan Rulfo, Jos\u00e9 Revueltas y J. R. R Tolkien.\",\"url\":\"https:\\\/\\\/centrourbano.com\\\/revista\\\/author\\\/fernando-navarrete\\\/\"}]}<\/script>\n<!-- \/ Yoast SEO plugin. -->","yoast_head_json":{"title":"Chapultepec Uno: un rostro vanguardista al skyline de la ciudad","description":"La segunda torre m\u00e1s alta de la Ciudad de M\u00e9xico se prepara para su apertura en enero de 2019","robots":{"index":"index","follow":"follow","max-snippet":"max-snippet:-1","max-image-preview":"max-image-preview:large","max-video-preview":"max-video-preview:-1"},"canonical":"https:\/\/centrourbano.com\/revista\/inmobiliario\/chapultepec-uno-un-rostro-vanguardista-al-skyline-de-la-ciudad\/","og_locale":"es_ES","og_type":"article","og_title":"Chapultepec Uno: un rostro vanguardista al skyline de la ciudad","og_description":"La segunda torre m\u00e1s alta de la Ciudad de M\u00e9xico se prepara para su apertura en enero de 2019","og_url":"https:\/\/centrourbano.com\/revista\/inmobiliario\/chapultepec-uno-un-rostro-vanguardista-al-skyline-de-la-ciudad\/","og_site_name":"Centro Urbano","article_publisher":"https:\/\/www.facebook.com\/portalcentrourbano","article_published_time":"2018-08-22T20:13:55+00:00","article_modified_time":"2018-08-22T21:10:52+00:00","og_image":[{"width":700,"height":373,"url":"https:\/\/centrourbano.com\/revista\/wp-content\/uploads\/Chapultepec-Uno.jpg","type":"image\/jpeg"}],"author":"Fernando Navarrete","twitter_card":"summary_large_image","twitter_creator":"@CentroUrbano","twitter_site":"@CentroUrbano","twitter_misc":{"Escrito por":"Fernando Navarrete","Tiempo de lectura":"4 minutos"},"schema":{"@context":"https:\/\/schema.org","@graph":[{"@type":"Article","@id":"https:\/\/centrourbano.com\/revista\/inmobiliario\/chapultepec-uno-un-rostro-vanguardista-al-skyline-de-la-ciudad\/#article","isPartOf":{"@id":"https:\/\/centrourbano.com\/revista\/inmobiliario\/chapultepec-uno-un-rostro-vanguardista-al-skyline-de-la-ciudad\/"},"author":{"name":"Fernando Navarrete","@id":"https:\/\/centrourbano.com\/revista\/#\/schema\/person\/515c32d01ece40d20a7ed3fdf34051af"},"headline":"Chapultepec Uno: un rostro vanguardista al skyline de la ciudad","datePublished":"2018-08-22T20:13:55+00:00","dateModified":"2018-08-22T21:10:52+00:00","mainEntityOfPage":{"@id":"https:\/\/centrourbano.com\/revista\/inmobiliario\/chapultepec-uno-un-rostro-vanguardista-al-skyline-de-la-ciudad\/"},"wordCount":792,"commentCount":0,"publisher":{"@id":"https:\/\/centrourbano.com\/revista\/#organization"},"image":{"@id":"https:\/\/centrourbano.com\/revista\/inmobiliario\/chapultepec-uno-un-rostro-vanguardista-al-skyline-de-la-ciudad\/#primaryimage"},"thumbnailUrl":"https:\/\/centrourbano.com\/revista\/wp-content\/uploads\/Chapultepec-Uno.jpg","keywords":["Arquitectoma","Chapultepec Uno","Coldwell M\u00e9xico","Grupo Marca","skyline","torre"],"articleSection":["Inmobiliario"],"inLanguage":"es","potentialAction":[{"@type":"CommentAction","name":"Comment","target":["https:\/\/centrourbano.com\/revista\/inmobiliario\/chapultepec-uno-un-rostro-vanguardista-al-skyline-de-la-ciudad\/#respond"]}]},{"@type":"WebPage","@id":"https:\/\/centrourbano.com\/revista\/inmobiliario\/chapultepec-uno-un-rostro-vanguardista-al-skyline-de-la-ciudad\/","url":"https:\/\/centrourbano.com\/revista\/inmobiliario\/chapultepec-uno-un-rostro-vanguardista-al-skyline-de-la-ciudad\/","name":"Chapultepec Uno: un rostro vanguardista al skyline de la ciudad","isPartOf":{"@id":"https:\/\/centrourbano.com\/revista\/#website"},"primaryImageOfPage":{"@id":"https:\/\/centrourbano.com\/revista\/inmobiliario\/chapultepec-uno-un-rostro-vanguardista-al-skyline-de-la-ciudad\/#primaryimage"},"image":{"@id":"https:\/\/centrourbano.com\/revista\/inmobiliario\/chapultepec-uno-un-rostro-vanguardista-al-skyline-de-la-ciudad\/#primaryimage"},"thumbnailUrl":"https:\/\/centrourbano.com\/revista\/wp-content\/uploads\/Chapultepec-Uno.jpg","datePublished":"2018-08-22T20:13:55+00:00","dateModified":"2018-08-22T21:10:52+00:00","description":"La segunda torre m\u00e1s alta de la Ciudad de M\u00e9xico se prepara para su apertura en enero de 2019","breadcrumb":{"@id":"https:\/\/centrourbano.com\/revista\/inmobiliario\/chapultepec-uno-un-rostro-vanguardista-al-skyline-de-la-ciudad\/#breadcrumb"},"inLanguage":"es","potentialAction":[{"@type":"ReadAction","target":["https:\/\/centrourbano.com\/revista\/inmobiliario\/chapultepec-uno-un-rostro-vanguardista-al-skyline-de-la-ciudad\/"]}]},{"@type":"ImageObject","inLanguage":"es","@id":"https:\/\/centrourbano.com\/revista\/inmobiliario\/chapultepec-uno-un-rostro-vanguardista-al-skyline-de-la-ciudad\/#primaryimage","url":"https:\/\/centrourbano.com\/revista\/wp-content\/uploads\/Chapultepec-Uno.jpg","contentUrl":"https:\/\/centrourbano.com\/revista\/wp-content\/uploads\/Chapultepec-Uno.jpg","width":700,"height":373,"caption":"La segunda torre m\u00e1s alta de la Ciudad de M\u00e9xico se prepara para su apertura en enero de 2019"},{"@type":"BreadcrumbList","@id":"https:\/\/centrourbano.com\/revista\/inmobiliario\/chapultepec-uno-un-rostro-vanguardista-al-skyline-de-la-ciudad\/#breadcrumb","itemListElement":[{"@type":"ListItem","position":1,"name":"Portada","item":"https:\/\/centrourbano.com\/revista\/"},{"@type":"ListItem","position":2,"name":"Chapultepec Uno: un rostro vanguardista al skyline de la ciudad"}]},{"@type":"WebSite","@id":"https:\/\/centrourbano.com\/revista\/#website","url":"https:\/\/centrourbano.com\/revista\/","name":"Centro Urbano","description":"Medio especializado en los sectores vivienda, inmobiliario, construcci\u00f3n, arquitectura y urbanismo.","publisher":{"@id":"https:\/\/centrourbano.com\/revista\/#organization"},"potentialAction":[{"@type":"SearchAction","target":{"@type":"EntryPoint","urlTemplate":"https:\/\/centrourbano.com\/revista\/?s={search_term_string}"},"query-input":{"@type":"PropertyValueSpecification","valueRequired":true,"valueName":"search_term_string"}}],"inLanguage":"es"},{"@type":"Organization","@id":"https:\/\/centrourbano.com\/revista\/#organization","name":"Centro Urbano","url":"https:\/\/centrourbano.com\/revista\/","logo":{"@type":"ImageObject","inLanguage":"es","@id":"https:\/\/centrourbano.com\/revista\/#\/schema\/logo\/image\/","url":"https:\/\/centrourbano.com\/revista\/wp-content\/uploads\/web_CU_logo-1.png","contentUrl":"https:\/\/centrourbano.com\/revista\/wp-content\/uploads\/web_CU_logo-1.png","width":350,"height":91,"caption":"Centro Urbano"},"image":{"@id":"https:\/\/centrourbano.com\/revista\/#\/schema\/logo\/image\/"},"sameAs":["https:\/\/www.facebook.com\/portalcentrourbano","https:\/\/x.com\/CentroUrbano","https:\/\/www.instagram.com\/centro_urbano\/","https:\/\/www.linkedin.com\/company\/centro-urbano\/","http:\/\/www.youtube.com\/user\/portalcentrourbano"]},{"@type":"Person","@id":"https:\/\/centrourbano.com\/revista\/#\/schema\/person\/515c32d01ece40d20a7ed3fdf34051af","name":"Fernando Navarrete","image":{"@type":"ImageObject","inLanguage":"es","@id":"https:\/\/secure.gravatar.com\/avatar\/f4dd6927a99e72698473e350e20ec8a38bd48cb668e15b03d04e8e537da41ad0?s=96&d=mm&r=g","url":"https:\/\/secure.gravatar.com\/avatar\/f4dd6927a99e72698473e350e20ec8a38bd48cb668e15b03d04e8e537da41ad0?s=96&d=mm&r=g","contentUrl":"https:\/\/secure.gravatar.com\/avatar\/f4dd6927a99e72698473e350e20ec8a38bd48cb668e15b03d04e8e537da41ad0?s=96&d=mm&r=g","caption":"Fernando Navarrete"},"description":"Reportero de negocios, inmobiliario, construcci\u00f3n e industria. Me interesa la econom\u00eda, pol\u00edtica, historia y antropolog\u00eda. Estudi\u00e9 en la Facultad de Ciencias Pol\u00edticas y Sociales de la UNAM. Tengo experiencia en el sector p\u00fablico, la industria del acero, ingenier\u00eda civil, IT y corporativos; soy un nost\u00e1lgico nacionalista contempor\u00e1neo que cree en la grandeza de su pa\u00eds. Asiduo lector de Juan Rulfo, Jos\u00e9 Revueltas y J. R. R Tolkien.","url":"https:\/\/centrourbano.com\/revista\/author\/fernando-navarrete\/"}]}},"_links":{"self":[{"href":"https:\/\/centrourbano.com\/revista\/wp-json\/wp\/v2\/posts\/76823","targetHints":{"allow":["GET"]}}],"collection":[{"href":"https:\/\/centrourbano.com\/revista\/wp-json\/wp\/v2\/posts"}],"about":[{"href":"https:\/\/centrourbano.com\/revista\/wp-json\/wp\/v2\/types\/post"}],"author":[{"embeddable":true,"href":"https:\/\/centrourbano.com\/revista\/wp-json\/wp\/v2\/users\/69"}],"replies":[{"embeddable":true,"href":"https:\/\/centrourbano.com\/revista\/wp-json\/wp\/v2\/comments?post=76823"}],"version-history":[{"count":11,"href":"https:\/\/centrourbano.com\/revista\/wp-json\/wp\/v2\/posts\/76823\/revisions"}],"predecessor-version":[{"id":76856,"href":"https:\/\/centrourbano.com\/revista\/wp-json\/wp\/v2\/posts\/76823\/revisions\/76856"}],"wp:featuredmedia":[{"embeddable":true,"href":"https:\/\/centrourbano.com\/revista\/wp-json\/wp\/v2\/media\/76841"}],"wp:attachment":[{"href":"https:\/\/centrourbano.com\/revista\/wp-json\/wp\/v2\/media?parent=76823"}],"wp:term":[{"taxonomy":"category","embeddable":true,"href":"https:\/\/centrourbano.com\/revista\/wp-json\/wp\/v2\/categories?post=76823"},{"taxonomy":"post_tag","embeddable":true,"href":"https:\/\/centrourbano.com\/revista\/wp-json\/wp\/v2\/tags?post=76823"}],"curies":[{"name":"wp","href":"https:\/\/api.w.org\/{rel}","templated":true}]}}