{"id":7681,"date":"2014-06-12T13:28:02","date_gmt":"2014-06-12T18:28:02","guid":{"rendered":"http:\/\/centrourbano.com\/?p=7681"},"modified":"2014-06-12T18:33:14","modified_gmt":"2014-06-12T23:33:14","slug":"historica-colocacion-de-fibra-uno","status":"publish","type":"post","link":"https:\/\/centrourbano.com\/revista\/inmobiliario\/historica-colocacion-de-fibra-uno\/","title":{"rendered":"Hist\u00f3rica colocaci\u00f3n de Fibra Uno"},"content":{"rendered":"<div style=\"color: #222222;\"><\/div>\n<div style=\"color: #222222;\"><\/div>\n<div style=\"color: #222222;\"><em>Es la cuarta emisi\u00f3n que realiza FUNO\u00a0<\/em><\/div>\n<p><!--more--><\/p>\n<div style=\"color: #222222;\"><\/div>\n<div style=\"color: #222222;\"><\/div>\n<div style=\"color: #222222;\">Registrando una demanda que super\u00f3 en cerca de cuatro veces una oferta que ya de por s\u00ed marcaba cifras hist\u00f3ricas, Fibra Uno coloc\u00f3 certificados burs\u00e1tiles fiduciarios por 32,816.4 millones de pesos.<\/div>\n<div style=\"color: #222222;\"><\/div>\n<div style=\"color: #222222;\"><\/div>\n<div style=\"color: #222222;\">En la que fue la cuarta emisi\u00f3n realizada por el fideicomiso, participaron 5,126 inversionistas provenientes tanto de M\u00e9xico, como del extranjero.<\/div>\n<div style=\"color: #222222;\"><\/div>\n<div style=\"color: #222222;\">Los recursos captados ser\u00e1n destinados a la adquisici\u00f3n de nuevos portafolios de inmuebles, aunque existe la posibilidad de que\u00a025% de ellos sean usados en prepagar deuda y otro 25%\u00a0 en desarrollar proyectos inmobiliarios propios.<\/div>\n<div style=\"color: #222222;\"><\/div>\n<div style=\"color: #222222;\"><\/div>\n<div style=\"color: #222222;\">Directivos de Fibra Uno declararon que en tanto se determina el destino final de las inversiones, los recursos se mantendr\u00e1n en instrumentos gubernamentales de corto plazo, como pueden ser Cetes.<\/div>\n","protected":false},"excerpt":{"rendered":"<p>Es la cuarta emisi\u00f3n que realiza FUNO\u00a0<\/p>\n","protected":false},"author":14,"featured_media":0,"comment_status":"open","ping_status":"closed","sticky":false,"template":"","format":"standard","meta":{"om_disable_all_campaigns":false,"inline_featured_image":false,"_monsterinsights_skip_tracking":false,"_monsterinsights_sitenote_active":false,"_monsterinsights_sitenote_note":"","_monsterinsights_sitenote_category":0,"footnotes":""},"categories":[15],"tags":[45,1763],"class_list":["post-7681","post","type-post","status-publish","format-standard","hentry","category-inmobiliario","tag-fibra-uno","tag-funo"],"yoast_head":"<!-- This site is optimized with the Yoast SEO plugin v27.4 - https:\/\/yoast.com\/product\/yoast-seo-wordpress\/ -->\n<title>Hist\u00f3rica colocaci\u00f3n de Fibra Uno -<\/title>\n<meta name=\"description\" content=\"Es la cuarta emisi\u00f3n que realiza FUNO\u00a0 Registrando una demanda que super\u00f3 en cerca de cuatro veces una oferta que ya de por s\u00ed marcaba cifras hist\u00f3ricas,\" \/>\n<meta name=\"robots\" content=\"index, follow, max-snippet:-1, max-image-preview:large, max-video-preview:-1\" \/>\n<link rel=\"canonical\" href=\"https:\/\/centrourbano.com\/revista\/inmobiliario\/historica-colocacion-de-fibra-uno\/\" \/>\n<meta property=\"og:locale\" content=\"es_ES\" \/>\n<meta property=\"og:type\" content=\"article\" \/>\n<meta property=\"og:title\" content=\"Hist\u00f3rica colocaci\u00f3n de Fibra Uno -\" \/>\n<meta property=\"og:description\" content=\"Es la cuarta emisi\u00f3n que realiza FUNO\u00a0 Registrando una demanda que super\u00f3 en cerca de cuatro veces una oferta que ya de por s\u00ed marcaba cifras hist\u00f3ricas,\" \/>\n<meta property=\"og:url\" content=\"https:\/\/centrourbano.com\/revista\/inmobiliario\/historica-colocacion-de-fibra-uno\/\" \/>\n<meta property=\"og:site_name\" content=\"Centro Urbano\" \/>\n<meta property=\"article:publisher\" content=\"https:\/\/www.facebook.com\/portalcentrourbano\" \/>\n<meta property=\"article:published_time\" content=\"2014-06-12T18:28:02+00:00\" \/>\n<meta property=\"article:modified_time\" content=\"2014-06-12T23:33:14+00:00\" \/>\n<meta property=\"og:image\" content=\"https:\/\/centrourbano.com\/revista\/wp-content\/uploads\/CU-logo.png\" \/>\n\t<meta property=\"og:image:width\" content=\"350\" \/>\n\t<meta property=\"og:image:height\" content=\"91\" \/>\n\t<meta property=\"og:image:type\" content=\"image\/png\" \/>\n<meta name=\"author\" content=\"Redacci\u00f3n Centro Urbano\" \/>\n<meta name=\"twitter:card\" content=\"summary_large_image\" \/>\n<meta name=\"twitter:creator\" content=\"@CentroUrbano\" \/>\n<meta name=\"twitter:site\" content=\"@CentroUrbano\" \/>\n<meta name=\"twitter:label1\" content=\"Escrito por\" \/>\n\t<meta name=\"twitter:data1\" content=\"Redacci\u00f3n Centro Urbano\" \/>\n\t<meta name=\"twitter:label2\" content=\"Tiempo de lectura\" \/>\n\t<meta name=\"twitter:data2\" content=\"1 minuto\" \/>\n<script type=\"application\/ld+json\" class=\"yoast-schema-graph\">{\"@context\":\"https:\\\/\\\/schema.org\",\"@graph\":[{\"@type\":\"Article\",\"@id\":\"https:\\\/\\\/centrourbano.com\\\/revista\\\/inmobiliario\\\/historica-colocacion-de-fibra-uno\\\/#article\",\"isPartOf\":{\"@id\":\"https:\\\/\\\/centrourbano.com\\\/revista\\\/inmobiliario\\\/historica-colocacion-de-fibra-uno\\\/\"},\"author\":{\"name\":\"Redacci\u00f3n Centro Urbano\",\"@id\":\"https:\\\/\\\/centrourbano.com\\\/revista\\\/#\\\/schema\\\/person\\\/680e7c50f9d6e917e416c9efdc26f996\"},\"headline\":\"Hist\u00f3rica colocaci\u00f3n de Fibra Uno\",\"datePublished\":\"2014-06-12T18:28:02+00:00\",\"dateModified\":\"2014-06-12T23:33:14+00:00\",\"mainEntityOfPage\":{\"@id\":\"https:\\\/\\\/centrourbano.com\\\/revista\\\/inmobiliario\\\/historica-colocacion-de-fibra-uno\\\/\"},\"wordCount\":135,\"commentCount\":0,\"publisher\":{\"@id\":\"https:\\\/\\\/centrourbano.com\\\/revista\\\/#organization\"},\"keywords\":[\"Fibra Uno\",\"FUNO\"],\"articleSection\":[\"Inmobiliario\"],\"inLanguage\":\"es\",\"potentialAction\":[{\"@type\":\"CommentAction\",\"name\":\"Comment\",\"target\":[\"https:\\\/\\\/centrourbano.com\\\/revista\\\/inmobiliario\\\/historica-colocacion-de-fibra-uno\\\/#respond\"]}]},{\"@type\":\"WebPage\",\"@id\":\"https:\\\/\\\/centrourbano.com\\\/revista\\\/inmobiliario\\\/historica-colocacion-de-fibra-uno\\\/\",\"url\":\"https:\\\/\\\/centrourbano.com\\\/revista\\\/inmobiliario\\\/historica-colocacion-de-fibra-uno\\\/\",\"name\":\"Hist\u00f3rica colocaci\u00f3n de Fibra Uno -\",\"isPartOf\":{\"@id\":\"https:\\\/\\\/centrourbano.com\\\/revista\\\/#website\"},\"datePublished\":\"2014-06-12T18:28:02+00:00\",\"dateModified\":\"2014-06-12T23:33:14+00:00\",\"description\":\"Es la cuarta emisi\u00f3n que realiza FUNO\u00a0 Registrando una demanda que super\u00f3 en cerca de cuatro veces una oferta que ya de por s\u00ed marcaba cifras hist\u00f3ricas,\",\"breadcrumb\":{\"@id\":\"https:\\\/\\\/centrourbano.com\\\/revista\\\/inmobiliario\\\/historica-colocacion-de-fibra-uno\\\/#breadcrumb\"},\"inLanguage\":\"es\",\"potentialAction\":[{\"@type\":\"ReadAction\",\"target\":[\"https:\\\/\\\/centrourbano.com\\\/revista\\\/inmobiliario\\\/historica-colocacion-de-fibra-uno\\\/\"]}]},{\"@type\":\"BreadcrumbList\",\"@id\":\"https:\\\/\\\/centrourbano.com\\\/revista\\\/inmobiliario\\\/historica-colocacion-de-fibra-uno\\\/#breadcrumb\",\"itemListElement\":[{\"@type\":\"ListItem\",\"position\":1,\"name\":\"Portada\",\"item\":\"https:\\\/\\\/centrourbano.com\\\/revista\\\/\"},{\"@type\":\"ListItem\",\"position\":2,\"name\":\"Hist\u00f3rica colocaci\u00f3n de Fibra Uno\"}]},{\"@type\":\"WebSite\",\"@id\":\"https:\\\/\\\/centrourbano.com\\\/revista\\\/#website\",\"url\":\"https:\\\/\\\/centrourbano.com\\\/revista\\\/\",\"name\":\"Centro Urbano\",\"description\":\"Medio especializado en los sectores vivienda, inmobiliario, construcci\u00f3n, arquitectura y urbanismo.\",\"publisher\":{\"@id\":\"https:\\\/\\\/centrourbano.com\\\/revista\\\/#organization\"},\"potentialAction\":[{\"@type\":\"SearchAction\",\"target\":{\"@type\":\"EntryPoint\",\"urlTemplate\":\"https:\\\/\\\/centrourbano.com\\\/revista\\\/?s={search_term_string}\"},\"query-input\":{\"@type\":\"PropertyValueSpecification\",\"valueRequired\":true,\"valueName\":\"search_term_string\"}}],\"inLanguage\":\"es\"},{\"@type\":\"Organization\",\"@id\":\"https:\\\/\\\/centrourbano.com\\\/revista\\\/#organization\",\"name\":\"Centro Urbano\",\"url\":\"https:\\\/\\\/centrourbano.com\\\/revista\\\/\",\"logo\":{\"@type\":\"ImageObject\",\"inLanguage\":\"es\",\"@id\":\"https:\\\/\\\/centrourbano.com\\\/revista\\\/#\\\/schema\\\/logo\\\/image\\\/\",\"url\":\"https:\\\/\\\/centrourbano.com\\\/revista\\\/wp-content\\\/uploads\\\/web_CU_logo-1.png\",\"contentUrl\":\"https:\\\/\\\/centrourbano.com\\\/revista\\\/wp-content\\\/uploads\\\/web_CU_logo-1.png\",\"width\":350,\"height\":91,\"caption\":\"Centro Urbano\"},\"image\":{\"@id\":\"https:\\\/\\\/centrourbano.com\\\/revista\\\/#\\\/schema\\\/logo\\\/image\\\/\"},\"sameAs\":[\"https:\\\/\\\/www.facebook.com\\\/portalcentrourbano\",\"https:\\\/\\\/x.com\\\/CentroUrbano\",\"https:\\\/\\\/www.instagram.com\\\/centro_urbano\\\/\",\"https:\\\/\\\/www.linkedin.com\\\/company\\\/centro-urbano\\\/\",\"http:\\\/\\\/www.youtube.com\\\/user\\\/portalcentrourbano\"]},{\"@type\":\"Person\",\"@id\":\"https:\\\/\\\/centrourbano.com\\\/revista\\\/#\\\/schema\\\/person\\\/680e7c50f9d6e917e416c9efdc26f996\",\"name\":\"Redacci\u00f3n Centro Urbano\",\"image\":{\"@type\":\"ImageObject\",\"inLanguage\":\"es\",\"@id\":\"https:\\\/\\\/secure.gravatar.com\\\/avatar\\\/15a789f894398c0f311f3a7a2ee28032bbc0483098539da66b6a045aa810bf35?s=96&d=mm&r=g\",\"url\":\"https:\\\/\\\/secure.gravatar.com\\\/avatar\\\/15a789f894398c0f311f3a7a2ee28032bbc0483098539da66b6a045aa810bf35?s=96&d=mm&r=g\",\"contentUrl\":\"https:\\\/\\\/secure.gravatar.com\\\/avatar\\\/15a789f894398c0f311f3a7a2ee28032bbc0483098539da66b6a045aa810bf35?s=96&d=mm&r=g\",\"caption\":\"Redacci\u00f3n Centro Urbano\"},\"url\":\"https:\\\/\\\/centrourbano.com\\\/revista\\\/author\\\/editorial\\\/\"}]}<\/script>\n<!-- \/ Yoast SEO plugin. -->","yoast_head_json":{"title":"Hist\u00f3rica colocaci\u00f3n de Fibra Uno -","description":"Es la cuarta emisi\u00f3n que realiza FUNO\u00a0 Registrando una demanda que super\u00f3 en cerca de cuatro veces una oferta que ya de por s\u00ed marcaba cifras hist\u00f3ricas,","robots":{"index":"index","follow":"follow","max-snippet":"max-snippet:-1","max-image-preview":"max-image-preview:large","max-video-preview":"max-video-preview:-1"},"canonical":"https:\/\/centrourbano.com\/revista\/inmobiliario\/historica-colocacion-de-fibra-uno\/","og_locale":"es_ES","og_type":"article","og_title":"Hist\u00f3rica colocaci\u00f3n de Fibra Uno -","og_description":"Es la cuarta emisi\u00f3n que realiza FUNO\u00a0 Registrando una demanda que super\u00f3 en cerca de cuatro veces una oferta que ya de por s\u00ed marcaba cifras hist\u00f3ricas,","og_url":"https:\/\/centrourbano.com\/revista\/inmobiliario\/historica-colocacion-de-fibra-uno\/","og_site_name":"Centro Urbano","article_publisher":"https:\/\/www.facebook.com\/portalcentrourbano","article_published_time":"2014-06-12T18:28:02+00:00","article_modified_time":"2014-06-12T23:33:14+00:00","og_image":[{"width":350,"height":91,"url":"https:\/\/centrourbano.com\/revista\/wp-content\/uploads\/CU-logo.png","type":"image\/png"}],"author":"Redacci\u00f3n Centro Urbano","twitter_card":"summary_large_image","twitter_creator":"@CentroUrbano","twitter_site":"@CentroUrbano","twitter_misc":{"Escrito por":"Redacci\u00f3n Centro Urbano","Tiempo de lectura":"1 minuto"},"schema":{"@context":"https:\/\/schema.org","@graph":[{"@type":"Article","@id":"https:\/\/centrourbano.com\/revista\/inmobiliario\/historica-colocacion-de-fibra-uno\/#article","isPartOf":{"@id":"https:\/\/centrourbano.com\/revista\/inmobiliario\/historica-colocacion-de-fibra-uno\/"},"author":{"name":"Redacci\u00f3n Centro Urbano","@id":"https:\/\/centrourbano.com\/revista\/#\/schema\/person\/680e7c50f9d6e917e416c9efdc26f996"},"headline":"Hist\u00f3rica colocaci\u00f3n de Fibra Uno","datePublished":"2014-06-12T18:28:02+00:00","dateModified":"2014-06-12T23:33:14+00:00","mainEntityOfPage":{"@id":"https:\/\/centrourbano.com\/revista\/inmobiliario\/historica-colocacion-de-fibra-uno\/"},"wordCount":135,"commentCount":0,"publisher":{"@id":"https:\/\/centrourbano.com\/revista\/#organization"},"keywords":["Fibra Uno","FUNO"],"articleSection":["Inmobiliario"],"inLanguage":"es","potentialAction":[{"@type":"CommentAction","name":"Comment","target":["https:\/\/centrourbano.com\/revista\/inmobiliario\/historica-colocacion-de-fibra-uno\/#respond"]}]},{"@type":"WebPage","@id":"https:\/\/centrourbano.com\/revista\/inmobiliario\/historica-colocacion-de-fibra-uno\/","url":"https:\/\/centrourbano.com\/revista\/inmobiliario\/historica-colocacion-de-fibra-uno\/","name":"Hist\u00f3rica colocaci\u00f3n de Fibra Uno -","isPartOf":{"@id":"https:\/\/centrourbano.com\/revista\/#website"},"datePublished":"2014-06-12T18:28:02+00:00","dateModified":"2014-06-12T23:33:14+00:00","description":"Es la cuarta emisi\u00f3n que realiza FUNO\u00a0 Registrando una demanda que super\u00f3 en cerca de cuatro veces una oferta que ya de por s\u00ed marcaba cifras hist\u00f3ricas,","breadcrumb":{"@id":"https:\/\/centrourbano.com\/revista\/inmobiliario\/historica-colocacion-de-fibra-uno\/#breadcrumb"},"inLanguage":"es","potentialAction":[{"@type":"ReadAction","target":["https:\/\/centrourbano.com\/revista\/inmobiliario\/historica-colocacion-de-fibra-uno\/"]}]},{"@type":"BreadcrumbList","@id":"https:\/\/centrourbano.com\/revista\/inmobiliario\/historica-colocacion-de-fibra-uno\/#breadcrumb","itemListElement":[{"@type":"ListItem","position":1,"name":"Portada","item":"https:\/\/centrourbano.com\/revista\/"},{"@type":"ListItem","position":2,"name":"Hist\u00f3rica colocaci\u00f3n de Fibra Uno"}]},{"@type":"WebSite","@id":"https:\/\/centrourbano.com\/revista\/#website","url":"https:\/\/centrourbano.com\/revista\/","name":"Centro Urbano","description":"Medio especializado en los sectores vivienda, inmobiliario, construcci\u00f3n, arquitectura y urbanismo.","publisher":{"@id":"https:\/\/centrourbano.com\/revista\/#organization"},"potentialAction":[{"@type":"SearchAction","target":{"@type":"EntryPoint","urlTemplate":"https:\/\/centrourbano.com\/revista\/?s={search_term_string}"},"query-input":{"@type":"PropertyValueSpecification","valueRequired":true,"valueName":"search_term_string"}}],"inLanguage":"es"},{"@type":"Organization","@id":"https:\/\/centrourbano.com\/revista\/#organization","name":"Centro Urbano","url":"https:\/\/centrourbano.com\/revista\/","logo":{"@type":"ImageObject","inLanguage":"es","@id":"https:\/\/centrourbano.com\/revista\/#\/schema\/logo\/image\/","url":"https:\/\/centrourbano.com\/revista\/wp-content\/uploads\/web_CU_logo-1.png","contentUrl":"https:\/\/centrourbano.com\/revista\/wp-content\/uploads\/web_CU_logo-1.png","width":350,"height":91,"caption":"Centro Urbano"},"image":{"@id":"https:\/\/centrourbano.com\/revista\/#\/schema\/logo\/image\/"},"sameAs":["https:\/\/www.facebook.com\/portalcentrourbano","https:\/\/x.com\/CentroUrbano","https:\/\/www.instagram.com\/centro_urbano\/","https:\/\/www.linkedin.com\/company\/centro-urbano\/","http:\/\/www.youtube.com\/user\/portalcentrourbano"]},{"@type":"Person","@id":"https:\/\/centrourbano.com\/revista\/#\/schema\/person\/680e7c50f9d6e917e416c9efdc26f996","name":"Redacci\u00f3n Centro Urbano","image":{"@type":"ImageObject","inLanguage":"es","@id":"https:\/\/secure.gravatar.com\/avatar\/15a789f894398c0f311f3a7a2ee28032bbc0483098539da66b6a045aa810bf35?s=96&d=mm&r=g","url":"https:\/\/secure.gravatar.com\/avatar\/15a789f894398c0f311f3a7a2ee28032bbc0483098539da66b6a045aa810bf35?s=96&d=mm&r=g","contentUrl":"https:\/\/secure.gravatar.com\/avatar\/15a789f894398c0f311f3a7a2ee28032bbc0483098539da66b6a045aa810bf35?s=96&d=mm&r=g","caption":"Redacci\u00f3n Centro Urbano"},"url":"https:\/\/centrourbano.com\/revista\/author\/editorial\/"}]}},"_links":{"self":[{"href":"https:\/\/centrourbano.com\/revista\/wp-json\/wp\/v2\/posts\/7681","targetHints":{"allow":["GET"]}}],"collection":[{"href":"https:\/\/centrourbano.com\/revista\/wp-json\/wp\/v2\/posts"}],"about":[{"href":"https:\/\/centrourbano.com\/revista\/wp-json\/wp\/v2\/types\/post"}],"author":[{"embeddable":true,"href":"https:\/\/centrourbano.com\/revista\/wp-json\/wp\/v2\/users\/14"}],"replies":[{"embeddable":true,"href":"https:\/\/centrourbano.com\/revista\/wp-json\/wp\/v2\/comments?post=7681"}],"version-history":[{"count":0,"href":"https:\/\/centrourbano.com\/revista\/wp-json\/wp\/v2\/posts\/7681\/revisions"}],"wp:attachment":[{"href":"https:\/\/centrourbano.com\/revista\/wp-json\/wp\/v2\/media?parent=7681"}],"wp:term":[{"taxonomy":"category","embeddable":true,"href":"https:\/\/centrourbano.com\/revista\/wp-json\/wp\/v2\/categories?post=7681"},{"taxonomy":"post_tag","embeddable":true,"href":"https:\/\/centrourbano.com\/revista\/wp-json\/wp\/v2\/tags?post=7681"}],"curies":[{"name":"wp","href":"https:\/\/api.w.org\/{rel}","templated":true}]}}