{"id":76744,"date":"2018-08-21T09:00:40","date_gmt":"2018-08-21T14:00:40","guid":{"rendered":"https:\/\/centrourbano.com\/?p=76744"},"modified":"2018-08-21T10:05:37","modified_gmt":"2018-08-21T15:05:37","slug":"entregaremos-fovissste-liquidez-godina","status":"publish","type":"post","link":"https:\/\/centrourbano.com\/revista\/vivienda\/entregaremos-fovissste-liquidez-godina\/","title":{"rendered":"Entregaremos un Fovissste con liquidez: Godina"},"content":{"rendered":"<p><em>La pr\u00f3xima administraci\u00f3n federal, dijo el Vocal Ejecutivo, contar\u00e1 con un organismo en condiciones para no detener el ritmo<\/em><!--more--><\/p>\n<p>La actual administraci\u00f3n entregar\u00e1 un Fondo de la Vivienda del Issste (<a href=\"http:\/\/fovissste.gob.mx\" rel=\"noopener\" target=\"_blank\">Fovissste<\/a>) con fortaleza patrimonial, preparado para no detener la marcha y entregar cr\u00e9ditos desde el 1 de diciembre, se\u00f1al\u00f3 <a href=\"https:\/\/twitter.com\/LuisGodinaH\" rel=\"noopener\" target=\"_blank\">Luis Antonio Godina Herrera<\/a>, vocal ejecutivo del organismo. <\/p>\n<p>Al participar en la <strong>Reuni\u00f3n Estrat\u00e9gica Fovissste 2018<\/strong>, Godina Herrera enfatiz\u00f3 que el gobierno entrante recibir\u00e1 un organismo con <strong>liquidez financiera<\/strong> suficiente para mantener la entrega de financiamiento, con altas calificaciones crediticias. Este panorama, dijo, ha sido posible al proceso de transformaci\u00f3n al que se someti\u00f3 el fondo en la actual administraci\u00f3n, lo que ha permitido hacer m\u00e1s eficiente su operaci\u00f3n. <\/p>\n<p>De manera particular, el Vocal Ejecutivo explic\u00f3 que el Fondo puso en marcha una gesti\u00f3n financiera tal que permitiera garantizar su sostenibilidad, adem\u00e1s de adaptar su oferta a los requerimientos de los trabajadores. <\/p>\n<p>\u201cEste organismo descentralizado del ISSSTE garantiz\u00f3 en este periodo el valor del ahorro de los trabajadores al servicio del Estado en su subcuenta de vivienda, al otorgar rendimientos superiores a la inflaci\u00f3n\u201d, dijo. <\/p>\n","protected":false},"excerpt":{"rendered":"<p>La pr\u00f3xima administraci\u00f3n federal, dijo el Vocal Ejecutivo, contar\u00e1 con un organismo en condiciones para no detener el ritmo<\/p>\n","protected":false},"author":47,"featured_media":76745,"comment_status":"open","ping_status":"closed","sticky":false,"template":"","format":"standard","meta":{"om_disable_all_campaigns":false,"inline_featured_image":false,"_monsterinsights_skip_tracking":false,"_monsterinsights_sitenote_active":false,"_monsterinsights_sitenote_note":"","_monsterinsights_sitenote_category":0,"footnotes":""},"categories":[12],"tags":[155,6765,60],"class_list":["post-76744","post","type-post","status-publish","format-standard","has-post-thumbnail","hentry","category-vivienda","tag-fovissste","tag-luis-antonio-godina-herrera","tag-vivienda-2"],"yoast_head":"<!-- This site is optimized with the Yoast SEO plugin v27.4 - https:\/\/yoast.com\/product\/yoast-seo-wordpress\/ -->\n<title>Entregaremos un un Fovissste con liquidez, asegur\u00f3 Godina<\/title>\n<meta name=\"description\" content=\"La pr\u00f3xima administraci\u00f3n federal, dijo el Vocal Ejecutivo, contar\u00e1 con un organismo en condiciones para no detener el ritmo\" \/>\n<meta name=\"robots\" content=\"index, follow, max-snippet:-1, max-image-preview:large, max-video-preview:-1\" \/>\n<link rel=\"canonical\" href=\"https:\/\/centrourbano.com\/revista\/vivienda\/entregaremos-fovissste-liquidez-godina\/\" \/>\n<meta property=\"og:locale\" content=\"es_ES\" \/>\n<meta property=\"og:type\" content=\"article\" \/>\n<meta property=\"og:title\" content=\"Entregaremos un un Fovissste con liquidez, asegur\u00f3 Godina\" \/>\n<meta property=\"og:description\" content=\"La pr\u00f3xima administraci\u00f3n federal, dijo el Vocal Ejecutivo, contar\u00e1 con un organismo en condiciones para no detener el ritmo\" \/>\n<meta property=\"og:url\" content=\"https:\/\/centrourbano.com\/revista\/vivienda\/entregaremos-fovissste-liquidez-godina\/\" \/>\n<meta property=\"og:site_name\" content=\"Centro Urbano\" \/>\n<meta property=\"article:publisher\" content=\"https:\/\/www.facebook.com\/portalcentrourbano\" \/>\n<meta property=\"article:published_time\" content=\"2018-08-21T14:00:40+00:00\" \/>\n<meta property=\"article:modified_time\" content=\"2018-08-21T15:05:37+00:00\" \/>\n<meta property=\"og:image\" content=\"https:\/\/centrourbano.com\/revista\/wp-content\/uploads\/Fovissste_Reuni\u00f3n-1.jpeg\" \/>\n\t<meta property=\"og:image:width\" content=\"800\" \/>\n\t<meta property=\"og:image:height\" content=\"533\" \/>\n\t<meta property=\"og:image:type\" content=\"image\/jpeg\" \/>\n<meta name=\"author\" content=\"Edgar Rosas\" \/>\n<meta name=\"twitter:card\" content=\"summary_large_image\" \/>\n<meta name=\"twitter:creator\" content=\"@https:\/\/twitter.com\/ERosasCU?s=09\" \/>\n<meta name=\"twitter:site\" content=\"@CentroUrbano\" \/>\n<meta name=\"twitter:label1\" content=\"Escrito por\" \/>\n\t<meta name=\"twitter:data1\" content=\"Edgar Rosas\" \/>\n\t<meta name=\"twitter:label2\" content=\"Tiempo de lectura\" \/>\n\t<meta name=\"twitter:data2\" content=\"1 minuto\" \/>\n<script type=\"application\/ld+json\" class=\"yoast-schema-graph\">{\"@context\":\"https:\\\/\\\/schema.org\",\"@graph\":[{\"@type\":\"Article\",\"@id\":\"https:\\\/\\\/centrourbano.com\\\/revista\\\/vivienda\\\/entregaremos-fovissste-liquidez-godina\\\/#article\",\"isPartOf\":{\"@id\":\"https:\\\/\\\/centrourbano.com\\\/revista\\\/vivienda\\\/entregaremos-fovissste-liquidez-godina\\\/\"},\"author\":{\"name\":\"Edgar Rosas\",\"@id\":\"https:\\\/\\\/centrourbano.com\\\/revista\\\/#\\\/schema\\\/person\\\/ff3c00651ce5b1630479d2cd0c2e3ac0\"},\"headline\":\"Entregaremos un Fovissste con liquidez: Godina\",\"datePublished\":\"2018-08-21T14:00:40+00:00\",\"dateModified\":\"2018-08-21T15:05:37+00:00\",\"mainEntityOfPage\":{\"@id\":\"https:\\\/\\\/centrourbano.com\\\/revista\\\/vivienda\\\/entregaremos-fovissste-liquidez-godina\\\/\"},\"wordCount\":202,\"commentCount\":0,\"publisher\":{\"@id\":\"https:\\\/\\\/centrourbano.com\\\/revista\\\/#organization\"},\"image\":{\"@id\":\"https:\\\/\\\/centrourbano.com\\\/revista\\\/vivienda\\\/entregaremos-fovissste-liquidez-godina\\\/#primaryimage\"},\"thumbnailUrl\":\"https:\\\/\\\/centrourbano.com\\\/revista\\\/wp-content\\\/uploads\\\/Fovissste_Reuni\u00f3n-1.jpeg\",\"keywords\":[\"Fovissste\",\"Luis Antonio Godina Herrera\",\"vivienda\"],\"articleSection\":[\"Vivienda\"],\"inLanguage\":\"es\",\"potentialAction\":[{\"@type\":\"CommentAction\",\"name\":\"Comment\",\"target\":[\"https:\\\/\\\/centrourbano.com\\\/revista\\\/vivienda\\\/entregaremos-fovissste-liquidez-godina\\\/#respond\"]}]},{\"@type\":\"WebPage\",\"@id\":\"https:\\\/\\\/centrourbano.com\\\/revista\\\/vivienda\\\/entregaremos-fovissste-liquidez-godina\\\/\",\"url\":\"https:\\\/\\\/centrourbano.com\\\/revista\\\/vivienda\\\/entregaremos-fovissste-liquidez-godina\\\/\",\"name\":\"Entregaremos un un Fovissste con liquidez, asegur\u00f3 Godina\",\"isPartOf\":{\"@id\":\"https:\\\/\\\/centrourbano.com\\\/revista\\\/#website\"},\"primaryImageOfPage\":{\"@id\":\"https:\\\/\\\/centrourbano.com\\\/revista\\\/vivienda\\\/entregaremos-fovissste-liquidez-godina\\\/#primaryimage\"},\"image\":{\"@id\":\"https:\\\/\\\/centrourbano.com\\\/revista\\\/vivienda\\\/entregaremos-fovissste-liquidez-godina\\\/#primaryimage\"},\"thumbnailUrl\":\"https:\\\/\\\/centrourbano.com\\\/revista\\\/wp-content\\\/uploads\\\/Fovissste_Reuni\u00f3n-1.jpeg\",\"datePublished\":\"2018-08-21T14:00:40+00:00\",\"dateModified\":\"2018-08-21T15:05:37+00:00\",\"description\":\"La pr\u00f3xima administraci\u00f3n federal, dijo el Vocal Ejecutivo, contar\u00e1 con un organismo en condiciones para no detener el ritmo\",\"breadcrumb\":{\"@id\":\"https:\\\/\\\/centrourbano.com\\\/revista\\\/vivienda\\\/entregaremos-fovissste-liquidez-godina\\\/#breadcrumb\"},\"inLanguage\":\"es\",\"potentialAction\":[{\"@type\":\"ReadAction\",\"target\":[\"https:\\\/\\\/centrourbano.com\\\/revista\\\/vivienda\\\/entregaremos-fovissste-liquidez-godina\\\/\"]}]},{\"@type\":\"ImageObject\",\"inLanguage\":\"es\",\"@id\":\"https:\\\/\\\/centrourbano.com\\\/revista\\\/vivienda\\\/entregaremos-fovissste-liquidez-godina\\\/#primaryimage\",\"url\":\"https:\\\/\\\/centrourbano.com\\\/revista\\\/wp-content\\\/uploads\\\/Fovissste_Reuni\u00f3n-1.jpeg\",\"contentUrl\":\"https:\\\/\\\/centrourbano.com\\\/revista\\\/wp-content\\\/uploads\\\/Fovissste_Reuni\u00f3n-1.jpeg\",\"width\":800,\"height\":533,\"caption\":\"La pr\u00f3xima administraci\u00f3n federal, dijo el Vocal Ejecutivo, contar\u00e1 con un organismo en condiciones para no detener el ritmo\"},{\"@type\":\"BreadcrumbList\",\"@id\":\"https:\\\/\\\/centrourbano.com\\\/revista\\\/vivienda\\\/entregaremos-fovissste-liquidez-godina\\\/#breadcrumb\",\"itemListElement\":[{\"@type\":\"ListItem\",\"position\":1,\"name\":\"Portada\",\"item\":\"https:\\\/\\\/centrourbano.com\\\/revista\\\/\"},{\"@type\":\"ListItem\",\"position\":2,\"name\":\"Entregaremos un Fovissste con liquidez: Godina\"}]},{\"@type\":\"WebSite\",\"@id\":\"https:\\\/\\\/centrourbano.com\\\/revista\\\/#website\",\"url\":\"https:\\\/\\\/centrourbano.com\\\/revista\\\/\",\"name\":\"Centro Urbano\",\"description\":\"Medio especializado en los sectores vivienda, inmobiliario, construcci\u00f3n, arquitectura y urbanismo.\",\"publisher\":{\"@id\":\"https:\\\/\\\/centrourbano.com\\\/revista\\\/#organization\"},\"potentialAction\":[{\"@type\":\"SearchAction\",\"target\":{\"@type\":\"EntryPoint\",\"urlTemplate\":\"https:\\\/\\\/centrourbano.com\\\/revista\\\/?s={search_term_string}\"},\"query-input\":{\"@type\":\"PropertyValueSpecification\",\"valueRequired\":true,\"valueName\":\"search_term_string\"}}],\"inLanguage\":\"es\"},{\"@type\":\"Organization\",\"@id\":\"https:\\\/\\\/centrourbano.com\\\/revista\\\/#organization\",\"name\":\"Centro Urbano\",\"url\":\"https:\\\/\\\/centrourbano.com\\\/revista\\\/\",\"logo\":{\"@type\":\"ImageObject\",\"inLanguage\":\"es\",\"@id\":\"https:\\\/\\\/centrourbano.com\\\/revista\\\/#\\\/schema\\\/logo\\\/image\\\/\",\"url\":\"https:\\\/\\\/centrourbano.com\\\/revista\\\/wp-content\\\/uploads\\\/web_CU_logo-1.png\",\"contentUrl\":\"https:\\\/\\\/centrourbano.com\\\/revista\\\/wp-content\\\/uploads\\\/web_CU_logo-1.png\",\"width\":350,\"height\":91,\"caption\":\"Centro Urbano\"},\"image\":{\"@id\":\"https:\\\/\\\/centrourbano.com\\\/revista\\\/#\\\/schema\\\/logo\\\/image\\\/\"},\"sameAs\":[\"https:\\\/\\\/www.facebook.com\\\/portalcentrourbano\",\"https:\\\/\\\/x.com\\\/CentroUrbano\",\"https:\\\/\\\/www.instagram.com\\\/centro_urbano\\\/\",\"https:\\\/\\\/www.linkedin.com\\\/company\\\/centro-urbano\\\/\",\"http:\\\/\\\/www.youtube.com\\\/user\\\/portalcentrourbano\"]},{\"@type\":\"Person\",\"@id\":\"https:\\\/\\\/centrourbano.com\\\/revista\\\/#\\\/schema\\\/person\\\/ff3c00651ce5b1630479d2cd0c2e3ac0\",\"name\":\"Edgar Rosas\",\"image\":{\"@type\":\"ImageObject\",\"inLanguage\":\"es\",\"@id\":\"https:\\\/\\\/secure.gravatar.com\\\/avatar\\\/94440c4283495211faa5300bf85e80061036b83fced868c3783aa1310b350d9c?s=96&d=mm&r=g\",\"url\":\"https:\\\/\\\/secure.gravatar.com\\\/avatar\\\/94440c4283495211faa5300bf85e80061036b83fced868c3783aa1310b350d9c?s=96&d=mm&r=g\",\"contentUrl\":\"https:\\\/\\\/secure.gravatar.com\\\/avatar\\\/94440c4283495211faa5300bf85e80061036b83fced868c3783aa1310b350d9c?s=96&d=mm&r=g\",\"caption\":\"Edgar Rosas\"},\"description\":\"Editor en Jefe de Centro Urbano. Egresado de la maestr\u00eda en Periodismo Pol\u00edtico de la Escuela de Periodismo Carlos Septi\u00e9n Garc\u00eda (EPCSG). Estudi\u00f3 la licenciatura en Comunicaci\u00f3n en la Universidad Mexicana. Amante de la cr\u00f3nica y el reportaje. Admirador de Vicente Le\u00f1ero y Miguel \u00c1ngel Granados Chapa.\",\"sameAs\":[\"https:\\\/\\\/x.com\\\/https:\\\/\\\/twitter.com\\\/ERosasCU?s=09\"],\"url\":\"https:\\\/\\\/centrourbano.com\\\/revista\\\/author\\\/edgar-rosas\\\/\"}]}<\/script>\n<!-- \/ Yoast SEO plugin. -->","yoast_head_json":{"title":"Entregaremos un un Fovissste con liquidez, asegur\u00f3 Godina","description":"La pr\u00f3xima administraci\u00f3n federal, dijo el Vocal Ejecutivo, contar\u00e1 con un organismo en condiciones para no detener el ritmo","robots":{"index":"index","follow":"follow","max-snippet":"max-snippet:-1","max-image-preview":"max-image-preview:large","max-video-preview":"max-video-preview:-1"},"canonical":"https:\/\/centrourbano.com\/revista\/vivienda\/entregaremos-fovissste-liquidez-godina\/","og_locale":"es_ES","og_type":"article","og_title":"Entregaremos un un Fovissste con liquidez, asegur\u00f3 Godina","og_description":"La pr\u00f3xima administraci\u00f3n federal, dijo el Vocal Ejecutivo, contar\u00e1 con un organismo en condiciones para no detener el ritmo","og_url":"https:\/\/centrourbano.com\/revista\/vivienda\/entregaremos-fovissste-liquidez-godina\/","og_site_name":"Centro Urbano","article_publisher":"https:\/\/www.facebook.com\/portalcentrourbano","article_published_time":"2018-08-21T14:00:40+00:00","article_modified_time":"2018-08-21T15:05:37+00:00","og_image":[{"width":800,"height":533,"url":"https:\/\/centrourbano.com\/revista\/wp-content\/uploads\/Fovissste_Reuni\u00f3n-1.jpeg","type":"image\/jpeg"}],"author":"Edgar Rosas","twitter_card":"summary_large_image","twitter_creator":"@https:\/\/twitter.com\/ERosasCU?s=09","twitter_site":"@CentroUrbano","twitter_misc":{"Escrito por":"Edgar Rosas","Tiempo de lectura":"1 minuto"},"schema":{"@context":"https:\/\/schema.org","@graph":[{"@type":"Article","@id":"https:\/\/centrourbano.com\/revista\/vivienda\/entregaremos-fovissste-liquidez-godina\/#article","isPartOf":{"@id":"https:\/\/centrourbano.com\/revista\/vivienda\/entregaremos-fovissste-liquidez-godina\/"},"author":{"name":"Edgar Rosas","@id":"https:\/\/centrourbano.com\/revista\/#\/schema\/person\/ff3c00651ce5b1630479d2cd0c2e3ac0"},"headline":"Entregaremos un Fovissste con liquidez: Godina","datePublished":"2018-08-21T14:00:40+00:00","dateModified":"2018-08-21T15:05:37+00:00","mainEntityOfPage":{"@id":"https:\/\/centrourbano.com\/revista\/vivienda\/entregaremos-fovissste-liquidez-godina\/"},"wordCount":202,"commentCount":0,"publisher":{"@id":"https:\/\/centrourbano.com\/revista\/#organization"},"image":{"@id":"https:\/\/centrourbano.com\/revista\/vivienda\/entregaremos-fovissste-liquidez-godina\/#primaryimage"},"thumbnailUrl":"https:\/\/centrourbano.com\/revista\/wp-content\/uploads\/Fovissste_Reuni\u00f3n-1.jpeg","keywords":["Fovissste","Luis Antonio Godina Herrera","vivienda"],"articleSection":["Vivienda"],"inLanguage":"es","potentialAction":[{"@type":"CommentAction","name":"Comment","target":["https:\/\/centrourbano.com\/revista\/vivienda\/entregaremos-fovissste-liquidez-godina\/#respond"]}]},{"@type":"WebPage","@id":"https:\/\/centrourbano.com\/revista\/vivienda\/entregaremos-fovissste-liquidez-godina\/","url":"https:\/\/centrourbano.com\/revista\/vivienda\/entregaremos-fovissste-liquidez-godina\/","name":"Entregaremos un un Fovissste con liquidez, asegur\u00f3 Godina","isPartOf":{"@id":"https:\/\/centrourbano.com\/revista\/#website"},"primaryImageOfPage":{"@id":"https:\/\/centrourbano.com\/revista\/vivienda\/entregaremos-fovissste-liquidez-godina\/#primaryimage"},"image":{"@id":"https:\/\/centrourbano.com\/revista\/vivienda\/entregaremos-fovissste-liquidez-godina\/#primaryimage"},"thumbnailUrl":"https:\/\/centrourbano.com\/revista\/wp-content\/uploads\/Fovissste_Reuni\u00f3n-1.jpeg","datePublished":"2018-08-21T14:00:40+00:00","dateModified":"2018-08-21T15:05:37+00:00","description":"La pr\u00f3xima administraci\u00f3n federal, dijo el Vocal Ejecutivo, contar\u00e1 con un organismo en condiciones para no detener el ritmo","breadcrumb":{"@id":"https:\/\/centrourbano.com\/revista\/vivienda\/entregaremos-fovissste-liquidez-godina\/#breadcrumb"},"inLanguage":"es","potentialAction":[{"@type":"ReadAction","target":["https:\/\/centrourbano.com\/revista\/vivienda\/entregaremos-fovissste-liquidez-godina\/"]}]},{"@type":"ImageObject","inLanguage":"es","@id":"https:\/\/centrourbano.com\/revista\/vivienda\/entregaremos-fovissste-liquidez-godina\/#primaryimage","url":"https:\/\/centrourbano.com\/revista\/wp-content\/uploads\/Fovissste_Reuni\u00f3n-1.jpeg","contentUrl":"https:\/\/centrourbano.com\/revista\/wp-content\/uploads\/Fovissste_Reuni\u00f3n-1.jpeg","width":800,"height":533,"caption":"La pr\u00f3xima administraci\u00f3n federal, dijo el Vocal Ejecutivo, contar\u00e1 con un organismo en condiciones para no detener el ritmo"},{"@type":"BreadcrumbList","@id":"https:\/\/centrourbano.com\/revista\/vivienda\/entregaremos-fovissste-liquidez-godina\/#breadcrumb","itemListElement":[{"@type":"ListItem","position":1,"name":"Portada","item":"https:\/\/centrourbano.com\/revista\/"},{"@type":"ListItem","position":2,"name":"Entregaremos un Fovissste con liquidez: Godina"}]},{"@type":"WebSite","@id":"https:\/\/centrourbano.com\/revista\/#website","url":"https:\/\/centrourbano.com\/revista\/","name":"Centro Urbano","description":"Medio especializado en los sectores vivienda, inmobiliario, construcci\u00f3n, arquitectura y urbanismo.","publisher":{"@id":"https:\/\/centrourbano.com\/revista\/#organization"},"potentialAction":[{"@type":"SearchAction","target":{"@type":"EntryPoint","urlTemplate":"https:\/\/centrourbano.com\/revista\/?s={search_term_string}"},"query-input":{"@type":"PropertyValueSpecification","valueRequired":true,"valueName":"search_term_string"}}],"inLanguage":"es"},{"@type":"Organization","@id":"https:\/\/centrourbano.com\/revista\/#organization","name":"Centro Urbano","url":"https:\/\/centrourbano.com\/revista\/","logo":{"@type":"ImageObject","inLanguage":"es","@id":"https:\/\/centrourbano.com\/revista\/#\/schema\/logo\/image\/","url":"https:\/\/centrourbano.com\/revista\/wp-content\/uploads\/web_CU_logo-1.png","contentUrl":"https:\/\/centrourbano.com\/revista\/wp-content\/uploads\/web_CU_logo-1.png","width":350,"height":91,"caption":"Centro Urbano"},"image":{"@id":"https:\/\/centrourbano.com\/revista\/#\/schema\/logo\/image\/"},"sameAs":["https:\/\/www.facebook.com\/portalcentrourbano","https:\/\/x.com\/CentroUrbano","https:\/\/www.instagram.com\/centro_urbano\/","https:\/\/www.linkedin.com\/company\/centro-urbano\/","http:\/\/www.youtube.com\/user\/portalcentrourbano"]},{"@type":"Person","@id":"https:\/\/centrourbano.com\/revista\/#\/schema\/person\/ff3c00651ce5b1630479d2cd0c2e3ac0","name":"Edgar Rosas","image":{"@type":"ImageObject","inLanguage":"es","@id":"https:\/\/secure.gravatar.com\/avatar\/94440c4283495211faa5300bf85e80061036b83fced868c3783aa1310b350d9c?s=96&d=mm&r=g","url":"https:\/\/secure.gravatar.com\/avatar\/94440c4283495211faa5300bf85e80061036b83fced868c3783aa1310b350d9c?s=96&d=mm&r=g","contentUrl":"https:\/\/secure.gravatar.com\/avatar\/94440c4283495211faa5300bf85e80061036b83fced868c3783aa1310b350d9c?s=96&d=mm&r=g","caption":"Edgar Rosas"},"description":"Editor en Jefe de Centro Urbano. Egresado de la maestr\u00eda en Periodismo Pol\u00edtico de la Escuela de Periodismo Carlos Septi\u00e9n Garc\u00eda (EPCSG). Estudi\u00f3 la licenciatura en Comunicaci\u00f3n en la Universidad Mexicana. Amante de la cr\u00f3nica y el reportaje. Admirador de Vicente Le\u00f1ero y Miguel \u00c1ngel Granados Chapa.","sameAs":["https:\/\/x.com\/https:\/\/twitter.com\/ERosasCU?s=09"],"url":"https:\/\/centrourbano.com\/revista\/author\/edgar-rosas\/"}]}},"_links":{"self":[{"href":"https:\/\/centrourbano.com\/revista\/wp-json\/wp\/v2\/posts\/76744","targetHints":{"allow":["GET"]}}],"collection":[{"href":"https:\/\/centrourbano.com\/revista\/wp-json\/wp\/v2\/posts"}],"about":[{"href":"https:\/\/centrourbano.com\/revista\/wp-json\/wp\/v2\/types\/post"}],"author":[{"embeddable":true,"href":"https:\/\/centrourbano.com\/revista\/wp-json\/wp\/v2\/users\/47"}],"replies":[{"embeddable":true,"href":"https:\/\/centrourbano.com\/revista\/wp-json\/wp\/v2\/comments?post=76744"}],"version-history":[{"count":3,"href":"https:\/\/centrourbano.com\/revista\/wp-json\/wp\/v2\/posts\/76744\/revisions"}],"predecessor-version":[{"id":76750,"href":"https:\/\/centrourbano.com\/revista\/wp-json\/wp\/v2\/posts\/76744\/revisions\/76750"}],"wp:featuredmedia":[{"embeddable":true,"href":"https:\/\/centrourbano.com\/revista\/wp-json\/wp\/v2\/media\/76745"}],"wp:attachment":[{"href":"https:\/\/centrourbano.com\/revista\/wp-json\/wp\/v2\/media?parent=76744"}],"wp:term":[{"taxonomy":"category","embeddable":true,"href":"https:\/\/centrourbano.com\/revista\/wp-json\/wp\/v2\/categories?post=76744"},{"taxonomy":"post_tag","embeddable":true,"href":"https:\/\/centrourbano.com\/revista\/wp-json\/wp\/v2\/tags?post=76744"}],"curies":[{"name":"wp","href":"https:\/\/api.w.org\/{rel}","templated":true}]}}