{"id":76724,"date":"2018-08-20T17:34:34","date_gmt":"2018-08-20T22:34:34","guid":{"rendered":"https:\/\/centrourbano.com\/?p=76724"},"modified":"2018-08-20T17:44:39","modified_gmt":"2018-08-20T22:44:39","slug":"la-peatonalidad-laberinto","status":"publish","type":"post","link":"https:\/\/centrourbano.com\/revista\/opinion\/la-peatonalidad-laberinto\/","title":{"rendered":"La peatonalidad en su laberinto"},"content":{"rendered":"<p>No hay duda, en respuesta a la m\u00e1s contundente l\u00f3gica, todas las tendencias en materia de urbanismo hablan de hacer ciudades para la gente, lo que entre otras muchas cosas implica reducir el n\u00famero de autom\u00f3viles y crear condiciones que permitan y promuevan que la gente camine, use transporte p\u00fablico o apueste por alg\u00fan modelo alterno de movilidad, que generalmente resulta ser la bicicleta.<!--more-->Y la realidad es que siendo estos supuestos inobjetables, tambi\u00e9n es cierto que existen flancos por d\u00f3nde s\u00ed que pueden ser objetados.<\/p>\n<p>De entrada habr\u00eda que hablar de la escala urbana&#8230; porque al igual que en tantas cosas de la vida, por m\u00e1s que se diga lo contrario, cuando se habla de ciudad, claro qu\u00e9 importa el tama\u00f1o.<br \/>\nY por supuesto, otra cosa a la que nadie y nada pueden estar ajenos, es la canija realidad.<\/p>\n<p>Escala y realidad&#8230;<\/p>\n<p>Porque sobra decir que el tama\u00f1o importa en la planeaci\u00f3n urbana y que es evidente que los modelos de baja densidad que hemos usado en Mexico han dado como resultado ciudades extensas y dispersas.<\/p>\n<p>Y bueno&#8230; La realidad urbana se hace presente de modo tal que ni caso tiene tratar de alcanzarla&#8230; y en el caso mexicano nos habla de falta de planeaci\u00f3n, de pobre inversi\u00f3n en infraestructura, de corrupci\u00f3n, ilegalidad y falta de gobierno.<\/p>\n<p>Caminar as\u00ed no es cosa f\u00e1cil&#8230; porque las distancias y la falta de transporte p\u00fablico de calidad lo hacen poco viable, dejando como \u00fanica opci\u00f3n la construcci\u00f3n de una caminabilidad a nivel de barrio, que al transitar a una mayor escala choca de frente con la distancia y la falta de infraestructura.<\/p>\n<a href=\"https:\/\/centrourbano.com\/revista\/wp-content\/uploads\/DSCN9660.jpg\"><img loading=\"lazy\" decoding=\"async\" class=\"size-full wp-image-76725 aligncenter\" src=\"https:\/\/centrourbano.com\/revista\/wp-content\/uploads\/DSCN9660.jpg\" alt=\"La peatonalidad en su laberinto\" width=\"700\" height=\"525\" srcset=\"https:\/\/centrourbano.com\/revista\/wp-content\/uploads\/DSCN9660.jpg 700w, https:\/\/centrourbano.com\/revista\/wp-content\/uploads\/DSCN9660-300x225.jpg 300w, https:\/\/centrourbano.com\/revista\/wp-content\/uploads\/DSCN9660-100x75.jpg 100w\" sizes=\"auto, (max-width: 700px) 100vw, 700px\" \/><\/a>\n<p>Cosa dif\u00edcil para algunos especialistas en movilidad y grupos ciudadanos, que pretenden hacer suya la agenda del peat\u00f3n, porque aunque a ellos no acabe de quedarles claros, esto de la peatonalidad debe ser solo una m\u00e1s entre las muchas consecuencias de todo modelo de planeaci\u00f3n y gesti\u00f3n urbana.<\/p>\n<p>La peatonalidad no puede ser un fin en s\u00ed mismo&#8230; tendr\u00eda que ser parte del listado de objetivos de un proyecto de ciudad y sus \u00e9xitos debieran ser consecuencia de los buenos resultados del mismo.<\/p>\n<p>Un buen proyecto de ciudad muy bien implementado se debe ver reflejado en la calidad de vida de sus habitantes.<\/p>\n<p>Y esa calidad de vida inevitablemente otorga prioridad a la persona y facilita sus opciones de movilidad&#8230; incluyendo en ello al simple y humano acto de andar a pata.<\/p>\n<p>Por eso resultan absurdos los fundamentalismos ciclistas o peatonales&#8230; porque aunque sean opciones de movilidad que acaban siendo reflejo de calidad de vida, son, a fin de cuentas, resultado de la forma entender y atender los retos urbanos.<\/p>\n<p>Porque tampoco se trata de que la caminabilidad o el uso masivo de la bicicleta sean el gran objetivo de un proyecto de ciudad&#8230;<\/p>\n<p>No&#8230; se trata, eso s\u00ed, de que la planeaci\u00f3n atienda los retos de crecimiento, consolidaci\u00f3n y regeneraci\u00f3n de nuestras ciudades, poniendo siempre a las personas como protagonistas de la historia, y haciendo uso de cuanto instrumento sea posible para ello, incluyendo, por supuesto, a aquellos relacionados con la movilidad .<\/p>\n","protected":false},"excerpt":{"rendered":"<p>No hay duda, en respuesta a la m\u00e1s contundente l\u00f3gica, todas las tendencias en materia de urbanismo hablan de hacer ciudades para la gente, lo que entre otras muchas cosas implica reducir el n\u00famero de autom\u00f3viles y crear condiciones que permitan y promuevan que la gente camine, use transporte p\u00fablico o apueste por alg\u00fan modelo [&hellip;]<\/p>\n","protected":false},"author":13,"featured_media":0,"comment_status":"open","ping_status":"closed","sticky":false,"template":"","format":"standard","meta":{"om_disable_all_campaigns":false,"inline_featured_image":false,"_monsterinsights_skip_tracking":false,"_monsterinsights_sitenote_active":false,"_monsterinsights_sitenote_note":"","_monsterinsights_sitenote_category":0,"footnotes":""},"categories":[241,5],"tags":[10380,487,5834,713,420],"class_list":["post-76724","post","type-post","status-publish","format-standard","hentry","category-blog-desde-la-casa","category-opinion","tag-gestion-urbana","tag-movilidad","tag-peaton","tag-peatones","tag-planeacion-urbana"],"yoast_head":"<!-- This site is optimized with the Yoast SEO plugin v27.4 - https:\/\/yoast.com\/product\/yoast-seo-wordpress\/ -->\n<title>La peatonalidad en su laberinto<\/title>\n<meta name=\"description\" content=\"No hay duda, en respuesta a la m\u00e1s contundente l\u00f3gica, todas las tendencias en materia de urbanismo hablan de hacer ciudades para la gente, lo que entre\" \/>\n<meta name=\"robots\" content=\"index, follow, max-snippet:-1, max-image-preview:large, max-video-preview:-1\" \/>\n<link rel=\"canonical\" href=\"https:\/\/centrourbano.com\/revista\/opinion\/la-peatonalidad-laberinto\/\" \/>\n<meta property=\"og:locale\" content=\"es_ES\" \/>\n<meta property=\"og:type\" content=\"article\" \/>\n<meta property=\"og:title\" content=\"La peatonalidad en su laberinto\" \/>\n<meta property=\"og:description\" content=\"No hay duda, en respuesta a la m\u00e1s contundente l\u00f3gica, todas las tendencias en materia de urbanismo hablan de hacer ciudades para la gente, lo que entre\" \/>\n<meta property=\"og:url\" content=\"https:\/\/centrourbano.com\/revista\/opinion\/la-peatonalidad-laberinto\/\" \/>\n<meta property=\"og:site_name\" content=\"Centro Urbano\" \/>\n<meta property=\"article:publisher\" content=\"https:\/\/www.facebook.com\/portalcentrourbano\" \/>\n<meta property=\"article:author\" content=\"https:\/\/www.facebook.com\/urbano.horacio\/\" \/>\n<meta property=\"article:published_time\" content=\"2018-08-20T22:34:34+00:00\" \/>\n<meta property=\"article:modified_time\" content=\"2018-08-20T22:44:39+00:00\" \/>\n<meta property=\"og:image\" content=\"https:\/\/centrourbano.com\/revista\/wp-content\/uploads\/DSCN9660.jpg\" \/>\n<meta name=\"author\" content=\"Horacio Urbano\" \/>\n<meta name=\"twitter:card\" content=\"summary_large_image\" \/>\n<meta name=\"twitter:creator\" content=\"@https:\/\/twitter.com\/horacio_urbano\" \/>\n<meta name=\"twitter:site\" content=\"@CentroUrbano\" \/>\n<meta name=\"twitter:label1\" content=\"Escrito por\" \/>\n\t<meta name=\"twitter:data1\" content=\"Horacio Urbano\" \/>\n\t<meta name=\"twitter:label2\" content=\"Tiempo de lectura\" \/>\n\t<meta name=\"twitter:data2\" content=\"3 minutos\" \/>\n<script type=\"application\/ld+json\" class=\"yoast-schema-graph\">{\"@context\":\"https:\\\/\\\/schema.org\",\"@graph\":[{\"@type\":\"Article\",\"@id\":\"https:\\\/\\\/centrourbano.com\\\/revista\\\/opinion\\\/la-peatonalidad-laberinto\\\/#article\",\"isPartOf\":{\"@id\":\"https:\\\/\\\/centrourbano.com\\\/revista\\\/opinion\\\/la-peatonalidad-laberinto\\\/\"},\"author\":{\"name\":\"Horacio Urbano\",\"@id\":\"https:\\\/\\\/centrourbano.com\\\/revista\\\/#\\\/schema\\\/person\\\/69755154fe97eeebe4fe9394cb318d28\"},\"headline\":\"La peatonalidad en su laberinto\",\"datePublished\":\"2018-08-20T22:34:34+00:00\",\"dateModified\":\"2018-08-20T22:44:39+00:00\",\"mainEntityOfPage\":{\"@id\":\"https:\\\/\\\/centrourbano.com\\\/revista\\\/opinion\\\/la-peatonalidad-laberinto\\\/\"},\"wordCount\":547,\"commentCount\":0,\"publisher\":{\"@id\":\"https:\\\/\\\/centrourbano.com\\\/revista\\\/#organization\"},\"image\":{\"@id\":\"https:\\\/\\\/centrourbano.com\\\/revista\\\/opinion\\\/la-peatonalidad-laberinto\\\/#primaryimage\"},\"thumbnailUrl\":\"https:\\\/\\\/centrourbano.com\\\/revista\\\/wp-content\\\/uploads\\\/DSCN9660.jpg\",\"keywords\":[\"gesti\u00f3n urbana\",\"movilidad\",\"Peat\u00f3n\",\"Peatones\",\"planeaci\u00f3n urbana\"],\"articleSection\":[\"Desde la Casa\",\"Opini\u00f3n\"],\"inLanguage\":\"es\",\"potentialAction\":[{\"@type\":\"CommentAction\",\"name\":\"Comment\",\"target\":[\"https:\\\/\\\/centrourbano.com\\\/revista\\\/opinion\\\/la-peatonalidad-laberinto\\\/#respond\"]}]},{\"@type\":\"WebPage\",\"@id\":\"https:\\\/\\\/centrourbano.com\\\/revista\\\/opinion\\\/la-peatonalidad-laberinto\\\/\",\"url\":\"https:\\\/\\\/centrourbano.com\\\/revista\\\/opinion\\\/la-peatonalidad-laberinto\\\/\",\"name\":\"La peatonalidad en su laberinto\",\"isPartOf\":{\"@id\":\"https:\\\/\\\/centrourbano.com\\\/revista\\\/#website\"},\"primaryImageOfPage\":{\"@id\":\"https:\\\/\\\/centrourbano.com\\\/revista\\\/opinion\\\/la-peatonalidad-laberinto\\\/#primaryimage\"},\"image\":{\"@id\":\"https:\\\/\\\/centrourbano.com\\\/revista\\\/opinion\\\/la-peatonalidad-laberinto\\\/#primaryimage\"},\"thumbnailUrl\":\"https:\\\/\\\/centrourbano.com\\\/revista\\\/wp-content\\\/uploads\\\/DSCN9660.jpg\",\"datePublished\":\"2018-08-20T22:34:34+00:00\",\"dateModified\":\"2018-08-20T22:44:39+00:00\",\"description\":\"No hay duda, en respuesta a la m\u00e1s contundente l\u00f3gica, todas las tendencias en materia de urbanismo hablan de hacer ciudades para la gente, lo que entre\",\"breadcrumb\":{\"@id\":\"https:\\\/\\\/centrourbano.com\\\/revista\\\/opinion\\\/la-peatonalidad-laberinto\\\/#breadcrumb\"},\"inLanguage\":\"es\",\"potentialAction\":[{\"@type\":\"ReadAction\",\"target\":[\"https:\\\/\\\/centrourbano.com\\\/revista\\\/opinion\\\/la-peatonalidad-laberinto\\\/\"]}]},{\"@type\":\"ImageObject\",\"inLanguage\":\"es\",\"@id\":\"https:\\\/\\\/centrourbano.com\\\/revista\\\/opinion\\\/la-peatonalidad-laberinto\\\/#primaryimage\",\"url\":\"https:\\\/\\\/centrourbano.com\\\/revista\\\/wp-content\\\/uploads\\\/DSCN9660.jpg\",\"contentUrl\":\"https:\\\/\\\/centrourbano.com\\\/revista\\\/wp-content\\\/uploads\\\/DSCN9660.jpg\"},{\"@type\":\"BreadcrumbList\",\"@id\":\"https:\\\/\\\/centrourbano.com\\\/revista\\\/opinion\\\/la-peatonalidad-laberinto\\\/#breadcrumb\",\"itemListElement\":[{\"@type\":\"ListItem\",\"position\":1,\"name\":\"Portada\",\"item\":\"https:\\\/\\\/centrourbano.com\\\/revista\\\/\"},{\"@type\":\"ListItem\",\"position\":2,\"name\":\"La peatonalidad en su laberinto\"}]},{\"@type\":\"WebSite\",\"@id\":\"https:\\\/\\\/centrourbano.com\\\/revista\\\/#website\",\"url\":\"https:\\\/\\\/centrourbano.com\\\/revista\\\/\",\"name\":\"Centro Urbano\",\"description\":\"Medio especializado en los sectores vivienda, inmobiliario, construcci\u00f3n, arquitectura y urbanismo.\",\"publisher\":{\"@id\":\"https:\\\/\\\/centrourbano.com\\\/revista\\\/#organization\"},\"potentialAction\":[{\"@type\":\"SearchAction\",\"target\":{\"@type\":\"EntryPoint\",\"urlTemplate\":\"https:\\\/\\\/centrourbano.com\\\/revista\\\/?s={search_term_string}\"},\"query-input\":{\"@type\":\"PropertyValueSpecification\",\"valueRequired\":true,\"valueName\":\"search_term_string\"}}],\"inLanguage\":\"es\"},{\"@type\":\"Organization\",\"@id\":\"https:\\\/\\\/centrourbano.com\\\/revista\\\/#organization\",\"name\":\"Centro Urbano\",\"url\":\"https:\\\/\\\/centrourbano.com\\\/revista\\\/\",\"logo\":{\"@type\":\"ImageObject\",\"inLanguage\":\"es\",\"@id\":\"https:\\\/\\\/centrourbano.com\\\/revista\\\/#\\\/schema\\\/logo\\\/image\\\/\",\"url\":\"https:\\\/\\\/centrourbano.com\\\/revista\\\/wp-content\\\/uploads\\\/web_CU_logo-1.png\",\"contentUrl\":\"https:\\\/\\\/centrourbano.com\\\/revista\\\/wp-content\\\/uploads\\\/web_CU_logo-1.png\",\"width\":350,\"height\":91,\"caption\":\"Centro Urbano\"},\"image\":{\"@id\":\"https:\\\/\\\/centrourbano.com\\\/revista\\\/#\\\/schema\\\/logo\\\/image\\\/\"},\"sameAs\":[\"https:\\\/\\\/www.facebook.com\\\/portalcentrourbano\",\"https:\\\/\\\/x.com\\\/CentroUrbano\",\"https:\\\/\\\/www.instagram.com\\\/centro_urbano\\\/\",\"https:\\\/\\\/www.linkedin.com\\\/company\\\/centro-urbano\\\/\",\"http:\\\/\\\/www.youtube.com\\\/user\\\/portalcentrourbano\"]},{\"@type\":\"Person\",\"@id\":\"https:\\\/\\\/centrourbano.com\\\/revista\\\/#\\\/schema\\\/person\\\/69755154fe97eeebe4fe9394cb318d28\",\"name\":\"Horacio Urbano\",\"image\":{\"@type\":\"ImageObject\",\"inLanguage\":\"es\",\"@id\":\"https:\\\/\\\/secure.gravatar.com\\\/avatar\\\/bf4232bac122249113b7bcc4636a8d0432b9fa8bcce4243f1ed6c1ecb8fe915f?s=96&d=mm&r=g\",\"url\":\"https:\\\/\\\/secure.gravatar.com\\\/avatar\\\/bf4232bac122249113b7bcc4636a8d0432b9fa8bcce4243f1ed6c1ecb8fe915f?s=96&d=mm&r=g\",\"contentUrl\":\"https:\\\/\\\/secure.gravatar.com\\\/avatar\\\/bf4232bac122249113b7bcc4636a8d0432b9fa8bcce4243f1ed6c1ecb8fe915f?s=96&d=mm&r=g\",\"caption\":\"Horacio Urbano\"},\"description\":\"Horacio Urbano es arquitecto. Su experiencia profesional se ha desarrollado en los diferentes \u00e1mbitos que definen la industria de la vivienda. En 1999 inici\u00f3 un proyecto editorial dirigido a los sectores inmobiliario y construcci\u00f3n que a lo largo de los a\u00f1os se ha convertido en una poderosa plataforma multimedios y en una verdadera referencia para esta industria. Fundador, junto con la tambi\u00e9n arquitecta Roxana Fabris, de Grupo Centro Urbano, firma que impulsa y desarrolla una serie de esfuerzos de comunicaci\u00f3n relacionados con estos sectores. Como parte de su trabajo en M\u00e9xico y el extranjero, ha escrito o participado en una serie de libros especializados, es colaborador de diferentes medios impresos y electr\u00f3nicos, es activo conferencista y bajo diferentes modelos colabora tambi\u00e9n con diversas empresas e instituciones p\u00fablicas y privadas del sector.\",\"sameAs\":[\"http:\\\/\\\/horaciourbano.com\\\/home\\\/\",\"https:\\\/\\\/www.facebook.com\\\/urbano.horacio\\\/\",\"https:\\\/\\\/x.com\\\/https:\\\/\\\/twitter.com\\\/horacio_urbano\"],\"url\":\"https:\\\/\\\/centrourbano.com\\\/revista\\\/author\\\/horacio-urbano\\\/\"}]}<\/script>\n<!-- \/ Yoast SEO plugin. -->","yoast_head_json":{"title":"La peatonalidad en su laberinto","description":"No hay duda, en respuesta a la m\u00e1s contundente l\u00f3gica, todas las tendencias en materia de urbanismo hablan de hacer ciudades para la gente, lo que entre","robots":{"index":"index","follow":"follow","max-snippet":"max-snippet:-1","max-image-preview":"max-image-preview:large","max-video-preview":"max-video-preview:-1"},"canonical":"https:\/\/centrourbano.com\/revista\/opinion\/la-peatonalidad-laberinto\/","og_locale":"es_ES","og_type":"article","og_title":"La peatonalidad en su laberinto","og_description":"No hay duda, en respuesta a la m\u00e1s contundente l\u00f3gica, todas las tendencias en materia de urbanismo hablan de hacer ciudades para la gente, lo que entre","og_url":"https:\/\/centrourbano.com\/revista\/opinion\/la-peatonalidad-laberinto\/","og_site_name":"Centro Urbano","article_publisher":"https:\/\/www.facebook.com\/portalcentrourbano","article_author":"https:\/\/www.facebook.com\/urbano.horacio\/","article_published_time":"2018-08-20T22:34:34+00:00","article_modified_time":"2018-08-20T22:44:39+00:00","og_image":[{"url":"https:\/\/centrourbano.com\/revista\/wp-content\/uploads\/DSCN9660.jpg","type":"","width":"","height":""}],"author":"Horacio Urbano","twitter_card":"summary_large_image","twitter_creator":"@https:\/\/twitter.com\/horacio_urbano","twitter_site":"@CentroUrbano","twitter_misc":{"Escrito por":"Horacio Urbano","Tiempo de lectura":"3 minutos"},"schema":{"@context":"https:\/\/schema.org","@graph":[{"@type":"Article","@id":"https:\/\/centrourbano.com\/revista\/opinion\/la-peatonalidad-laberinto\/#article","isPartOf":{"@id":"https:\/\/centrourbano.com\/revista\/opinion\/la-peatonalidad-laberinto\/"},"author":{"name":"Horacio Urbano","@id":"https:\/\/centrourbano.com\/revista\/#\/schema\/person\/69755154fe97eeebe4fe9394cb318d28"},"headline":"La peatonalidad en su laberinto","datePublished":"2018-08-20T22:34:34+00:00","dateModified":"2018-08-20T22:44:39+00:00","mainEntityOfPage":{"@id":"https:\/\/centrourbano.com\/revista\/opinion\/la-peatonalidad-laberinto\/"},"wordCount":547,"commentCount":0,"publisher":{"@id":"https:\/\/centrourbano.com\/revista\/#organization"},"image":{"@id":"https:\/\/centrourbano.com\/revista\/opinion\/la-peatonalidad-laberinto\/#primaryimage"},"thumbnailUrl":"https:\/\/centrourbano.com\/revista\/wp-content\/uploads\/DSCN9660.jpg","keywords":["gesti\u00f3n urbana","movilidad","Peat\u00f3n","Peatones","planeaci\u00f3n urbana"],"articleSection":["Desde la Casa","Opini\u00f3n"],"inLanguage":"es","potentialAction":[{"@type":"CommentAction","name":"Comment","target":["https:\/\/centrourbano.com\/revista\/opinion\/la-peatonalidad-laberinto\/#respond"]}]},{"@type":"WebPage","@id":"https:\/\/centrourbano.com\/revista\/opinion\/la-peatonalidad-laberinto\/","url":"https:\/\/centrourbano.com\/revista\/opinion\/la-peatonalidad-laberinto\/","name":"La peatonalidad en su laberinto","isPartOf":{"@id":"https:\/\/centrourbano.com\/revista\/#website"},"primaryImageOfPage":{"@id":"https:\/\/centrourbano.com\/revista\/opinion\/la-peatonalidad-laberinto\/#primaryimage"},"image":{"@id":"https:\/\/centrourbano.com\/revista\/opinion\/la-peatonalidad-laberinto\/#primaryimage"},"thumbnailUrl":"https:\/\/centrourbano.com\/revista\/wp-content\/uploads\/DSCN9660.jpg","datePublished":"2018-08-20T22:34:34+00:00","dateModified":"2018-08-20T22:44:39+00:00","description":"No hay duda, en respuesta a la m\u00e1s contundente l\u00f3gica, todas las tendencias en materia de urbanismo hablan de hacer ciudades para la gente, lo que entre","breadcrumb":{"@id":"https:\/\/centrourbano.com\/revista\/opinion\/la-peatonalidad-laberinto\/#breadcrumb"},"inLanguage":"es","potentialAction":[{"@type":"ReadAction","target":["https:\/\/centrourbano.com\/revista\/opinion\/la-peatonalidad-laberinto\/"]}]},{"@type":"ImageObject","inLanguage":"es","@id":"https:\/\/centrourbano.com\/revista\/opinion\/la-peatonalidad-laberinto\/#primaryimage","url":"https:\/\/centrourbano.com\/revista\/wp-content\/uploads\/DSCN9660.jpg","contentUrl":"https:\/\/centrourbano.com\/revista\/wp-content\/uploads\/DSCN9660.jpg"},{"@type":"BreadcrumbList","@id":"https:\/\/centrourbano.com\/revista\/opinion\/la-peatonalidad-laberinto\/#breadcrumb","itemListElement":[{"@type":"ListItem","position":1,"name":"Portada","item":"https:\/\/centrourbano.com\/revista\/"},{"@type":"ListItem","position":2,"name":"La peatonalidad en su laberinto"}]},{"@type":"WebSite","@id":"https:\/\/centrourbano.com\/revista\/#website","url":"https:\/\/centrourbano.com\/revista\/","name":"Centro Urbano","description":"Medio especializado en los sectores vivienda, inmobiliario, construcci\u00f3n, arquitectura y urbanismo.","publisher":{"@id":"https:\/\/centrourbano.com\/revista\/#organization"},"potentialAction":[{"@type":"SearchAction","target":{"@type":"EntryPoint","urlTemplate":"https:\/\/centrourbano.com\/revista\/?s={search_term_string}"},"query-input":{"@type":"PropertyValueSpecification","valueRequired":true,"valueName":"search_term_string"}}],"inLanguage":"es"},{"@type":"Organization","@id":"https:\/\/centrourbano.com\/revista\/#organization","name":"Centro Urbano","url":"https:\/\/centrourbano.com\/revista\/","logo":{"@type":"ImageObject","inLanguage":"es","@id":"https:\/\/centrourbano.com\/revista\/#\/schema\/logo\/image\/","url":"https:\/\/centrourbano.com\/revista\/wp-content\/uploads\/web_CU_logo-1.png","contentUrl":"https:\/\/centrourbano.com\/revista\/wp-content\/uploads\/web_CU_logo-1.png","width":350,"height":91,"caption":"Centro Urbano"},"image":{"@id":"https:\/\/centrourbano.com\/revista\/#\/schema\/logo\/image\/"},"sameAs":["https:\/\/www.facebook.com\/portalcentrourbano","https:\/\/x.com\/CentroUrbano","https:\/\/www.instagram.com\/centro_urbano\/","https:\/\/www.linkedin.com\/company\/centro-urbano\/","http:\/\/www.youtube.com\/user\/portalcentrourbano"]},{"@type":"Person","@id":"https:\/\/centrourbano.com\/revista\/#\/schema\/person\/69755154fe97eeebe4fe9394cb318d28","name":"Horacio Urbano","image":{"@type":"ImageObject","inLanguage":"es","@id":"https:\/\/secure.gravatar.com\/avatar\/bf4232bac122249113b7bcc4636a8d0432b9fa8bcce4243f1ed6c1ecb8fe915f?s=96&d=mm&r=g","url":"https:\/\/secure.gravatar.com\/avatar\/bf4232bac122249113b7bcc4636a8d0432b9fa8bcce4243f1ed6c1ecb8fe915f?s=96&d=mm&r=g","contentUrl":"https:\/\/secure.gravatar.com\/avatar\/bf4232bac122249113b7bcc4636a8d0432b9fa8bcce4243f1ed6c1ecb8fe915f?s=96&d=mm&r=g","caption":"Horacio Urbano"},"description":"Horacio Urbano es arquitecto. Su experiencia profesional se ha desarrollado en los diferentes \u00e1mbitos que definen la industria de la vivienda. En 1999 inici\u00f3 un proyecto editorial dirigido a los sectores inmobiliario y construcci\u00f3n que a lo largo de los a\u00f1os se ha convertido en una poderosa plataforma multimedios y en una verdadera referencia para esta industria. Fundador, junto con la tambi\u00e9n arquitecta Roxana Fabris, de Grupo Centro Urbano, firma que impulsa y desarrolla una serie de esfuerzos de comunicaci\u00f3n relacionados con estos sectores. Como parte de su trabajo en M\u00e9xico y el extranjero, ha escrito o participado en una serie de libros especializados, es colaborador de diferentes medios impresos y electr\u00f3nicos, es activo conferencista y bajo diferentes modelos colabora tambi\u00e9n con diversas empresas e instituciones p\u00fablicas y privadas del sector.","sameAs":["http:\/\/horaciourbano.com\/home\/","https:\/\/www.facebook.com\/urbano.horacio\/","https:\/\/x.com\/https:\/\/twitter.com\/horacio_urbano"],"url":"https:\/\/centrourbano.com\/revista\/author\/horacio-urbano\/"}]}},"_links":{"self":[{"href":"https:\/\/centrourbano.com\/revista\/wp-json\/wp\/v2\/posts\/76724","targetHints":{"allow":["GET"]}}],"collection":[{"href":"https:\/\/centrourbano.com\/revista\/wp-json\/wp\/v2\/posts"}],"about":[{"href":"https:\/\/centrourbano.com\/revista\/wp-json\/wp\/v2\/types\/post"}],"author":[{"embeddable":true,"href":"https:\/\/centrourbano.com\/revista\/wp-json\/wp\/v2\/users\/13"}],"replies":[{"embeddable":true,"href":"https:\/\/centrourbano.com\/revista\/wp-json\/wp\/v2\/comments?post=76724"}],"version-history":[{"count":2,"href":"https:\/\/centrourbano.com\/revista\/wp-json\/wp\/v2\/posts\/76724\/revisions"}],"predecessor-version":[{"id":76727,"href":"https:\/\/centrourbano.com\/revista\/wp-json\/wp\/v2\/posts\/76724\/revisions\/76727"}],"wp:attachment":[{"href":"https:\/\/centrourbano.com\/revista\/wp-json\/wp\/v2\/media?parent=76724"}],"wp:term":[{"taxonomy":"category","embeddable":true,"href":"https:\/\/centrourbano.com\/revista\/wp-json\/wp\/v2\/categories?post=76724"},{"taxonomy":"post_tag","embeddable":true,"href":"https:\/\/centrourbano.com\/revista\/wp-json\/wp\/v2\/tags?post=76724"}],"curies":[{"name":"wp","href":"https:\/\/api.w.org\/{rel}","templated":true}]}}