{"id":76577,"date":"2018-08-16T18:51:40","date_gmt":"2018-08-16T23:51:40","guid":{"rendered":"https:\/\/centrourbano.com\/?p=76577"},"modified":"2018-08-16T19:00:35","modified_gmt":"2018-08-17T00:00:35","slug":"ecobici-renueva-su-plataforma-de-atencion-digital","status":"publish","type":"post","link":"https:\/\/centrourbano.com\/revista\/actualidad\/ecobici-renueva-su-plataforma-de-atencion-digital\/","title":{"rendered":"Sistema Ecobici renueva su plataforma de atenci\u00f3n digital"},"content":{"rendered":"<p><em>Las personas interesadas en afiliarse a Ecobici ahora podr\u00e1n efectuar su registro\u00a0a trav\u00e9s de la p\u00e1gina\u00a0<a href=\"https:\/\/www.ecobici.cdmx.gob.mx\/\" target=\"_blank\" rel=\"noopener noreferrer\">ecobici.cdmx.gob.mx<\/a><\/em><!--more--><\/p>\n<p>El Sistema de Transporte Individual <a href=\"https:\/\/twitter.com\/ecobici\" target=\"_blank\" rel=\"noopener noreferrer\">Ecobici<\/a>\u00a0optimiz\u00f3 su plataforma de atenci\u00f3n digital para facilitar los tr\u00e1mites de su servicio, con el prop\u00f3sito que los ciudadanos puedan realizar el pago de su membres\u00eda anual, as\u00ed como elegir si desean recibirla en su domicilio o acudir por ella a uno de sus centros de atenci\u00f3n.<\/p>\n<p>Toda las personas que est\u00e9n interesadas en afiliarse deben efectuar su registro a trav\u00e9s de la p\u00e1gina <a href=\"https:\/\/www.ecobici.cdmx.gob.mx\/\" target=\"_blank\" rel=\"noopener noreferrer\">ecobici.cdmx.gob.mx<\/a>, donde las y los nuevos usuarios podr\u00e1n actualizar los datos bancarios de forma segura.<\/p>\n<p>El servicio de la Secretar\u00eda del Medio Ambiente (<a href=\"http:\/\/www.sedema.cdmx.gob.mx\/\" target=\"_blank\" rel=\"noopener noreferrer\">Sedema<\/a>) afirm\u00f3 que el sistema de cobros ha mejorado, pues en caso de tener un exceso de uso o una renovaci\u00f3n pendiente, este enviar\u00e1 autom\u00e1ticamente una notificaci\u00f3n al usuario con un n\u00famero de referencia. Con la cual ser\u00e1 posible hacer el pago r\u00e1pido y sin complicaciones al 5005-2424.<\/p>\n<a href=\"https:\/\/centrourbano.com\/revista\/wp-content\/uploads\/ECOBICI-e1534464023639.jpg\"><img loading=\"lazy\" decoding=\"async\" class=\"alignleft size-full wp-image-76582\" src=\"https:\/\/centrourbano.com\/revista\/wp-content\/uploads\/ECOBICI-e1534464023639.jpg\" alt=\"\" width=\"400\" height=\"267\" \/><\/a>\n<p><a href=\"https:\/\/twitter.com\/ecobici\" target=\"_blank\" rel=\"noopener noreferrer\">Ecobici<\/a> extiende sus canales de comunicaci\u00f3n, ahora la atenci\u00f3n es tiempo real por medio de WhatsApp con el n\u00famero telef\u00f3nico 55 1954 7666, en el mismo horario de servicio de las \u00c1reas de Atenci\u00f3n.<\/p>\n<p>Cabe resalta que durante esta admiraci\u00f3n, el n\u00famero de usufructuarios pas\u00f3 de\u00a058,000 a 286,000, de los cuales 40% son mujeres, cuando al inicio de este programa s\u00f3lo eran 20 por ciento.<\/p>\n<p>En abril de este a\u00f1o, se inaugur\u00f3 un nuevo Centro de Atenci\u00f3n en la calle de Oaxaca, n\u00famero\u00a0 7, colonia Roma. Este nuevo m\u00f3dulo se suma a los ya establecidos en Reforma 222, Reforma-R\u00edo Guadalquivir y el situado frente a la estaci\u00f3n del Metrob\u00fas Poliforum de la L\u00ednea 1.<\/p>\n","protected":false},"excerpt":{"rendered":"<p>Las personas interesadas en afiliarse a Ecobici ahora podr\u00e1n efectuar su registro\u00a0a trav\u00e9s de la p\u00e1gina\u00a0ecobici.cdmx.gob.mx<\/p>\n","protected":false},"author":55,"featured_media":76591,"comment_status":"open","ping_status":"closed","sticky":false,"template":"","format":"standard","meta":{"om_disable_all_campaigns":false,"inline_featured_image":false,"_monsterinsights_skip_tracking":false,"_monsterinsights_sitenote_active":false,"_monsterinsights_sitenote_note":"","_monsterinsights_sitenote_category":0,"footnotes":""},"categories":[80],"tags":[248,14228,10891],"class_list":["post-76577","post","type-post","status-publish","format-standard","has-post-thumbnail","hentry","category-actualidad","tag-ecobici","tag-plataforma-atencion-digital","tag-sedema-cdmx"],"yoast_head":"<!-- This site is optimized with the Yoast SEO plugin v27.4 - https:\/\/yoast.com\/product\/yoast-seo-wordpress\/ -->\n<title>Sistema Ecobici renueva su plataforma de atenci\u00f3n digital<\/title>\n<meta name=\"description\" content=\"Las personas interesadas en afiliarse a Ecobici ahora podr\u00e1n efectuar su registro a trav\u00e9s de la p\u00e1gina ecobici.cdmx.gob.mx\" \/>\n<meta name=\"robots\" content=\"index, follow, max-snippet:-1, max-image-preview:large, max-video-preview:-1\" \/>\n<link rel=\"canonical\" href=\"https:\/\/centrourbano.com\/revista\/actualidad\/ecobici-renueva-su-plataforma-de-atencion-digital\/\" \/>\n<meta property=\"og:locale\" content=\"es_ES\" \/>\n<meta property=\"og:type\" content=\"article\" \/>\n<meta property=\"og:title\" content=\"Sistema Ecobici renueva su plataforma de atenci\u00f3n digital\" \/>\n<meta property=\"og:description\" content=\"Las personas interesadas en afiliarse a Ecobici ahora podr\u00e1n efectuar su registro a trav\u00e9s de la p\u00e1gina ecobici.cdmx.gob.mx\" \/>\n<meta property=\"og:url\" content=\"https:\/\/centrourbano.com\/revista\/actualidad\/ecobici-renueva-su-plataforma-de-atencion-digital\/\" \/>\n<meta property=\"og:site_name\" content=\"Centro Urbano\" \/>\n<meta property=\"article:publisher\" content=\"https:\/\/www.facebook.com\/portalcentrourbano\" \/>\n<meta property=\"article:published_time\" content=\"2018-08-16T23:51:40+00:00\" \/>\n<meta property=\"article:modified_time\" content=\"2018-08-17T00:00:35+00:00\" \/>\n<meta property=\"og:image\" content=\"https:\/\/centrourbano.com\/revista\/wp-content\/uploads\/thumb_38844_780x0_0_0_crop-1.jpg\" \/>\n\t<meta property=\"og:image:width\" content=\"780\" \/>\n\t<meta property=\"og:image:height\" content=\"519\" \/>\n\t<meta property=\"og:image:type\" content=\"image\/jpeg\" \/>\n<meta name=\"author\" content=\"Pilar Urbina\" \/>\n<meta name=\"twitter:card\" content=\"summary_large_image\" \/>\n<meta name=\"twitter:creator\" content=\"@CentroUrbano\" \/>\n<meta name=\"twitter:site\" content=\"@CentroUrbano\" \/>\n<meta name=\"twitter:label1\" content=\"Escrito por\" \/>\n\t<meta name=\"twitter:data1\" content=\"Pilar Urbina\" \/>\n\t<meta name=\"twitter:label2\" content=\"Tiempo de lectura\" \/>\n\t<meta name=\"twitter:data2\" content=\"2 minutos\" \/>\n<script type=\"application\/ld+json\" class=\"yoast-schema-graph\">{\"@context\":\"https:\\\/\\\/schema.org\",\"@graph\":[{\"@type\":\"Article\",\"@id\":\"https:\\\/\\\/centrourbano.com\\\/revista\\\/actualidad\\\/ecobici-renueva-su-plataforma-de-atencion-digital\\\/#article\",\"isPartOf\":{\"@id\":\"https:\\\/\\\/centrourbano.com\\\/revista\\\/actualidad\\\/ecobici-renueva-su-plataforma-de-atencion-digital\\\/\"},\"author\":{\"name\":\"Pilar Urbina\",\"@id\":\"https:\\\/\\\/centrourbano.com\\\/revista\\\/#\\\/schema\\\/person\\\/c74fb1aee294d1ca1c8d3df64a0e386a\"},\"headline\":\"Sistema Ecobici renueva su plataforma de atenci\u00f3n digital\",\"datePublished\":\"2018-08-16T23:51:40+00:00\",\"dateModified\":\"2018-08-17T00:00:35+00:00\",\"mainEntityOfPage\":{\"@id\":\"https:\\\/\\\/centrourbano.com\\\/revista\\\/actualidad\\\/ecobici-renueva-su-plataforma-de-atencion-digital\\\/\"},\"wordCount\":313,\"commentCount\":0,\"publisher\":{\"@id\":\"https:\\\/\\\/centrourbano.com\\\/revista\\\/#organization\"},\"image\":{\"@id\":\"https:\\\/\\\/centrourbano.com\\\/revista\\\/actualidad\\\/ecobici-renueva-su-plataforma-de-atencion-digital\\\/#primaryimage\"},\"thumbnailUrl\":\"https:\\\/\\\/centrourbano.com\\\/revista\\\/wp-content\\\/uploads\\\/thumb_38844_780x0_0_0_crop-1.jpg\",\"keywords\":[\"ecoBici\",\"Plataforma Atenci\u00f3n Digital\",\"Sedema CDMX\"],\"articleSection\":[\"Actualidad\"],\"inLanguage\":\"es\",\"potentialAction\":[{\"@type\":\"CommentAction\",\"name\":\"Comment\",\"target\":[\"https:\\\/\\\/centrourbano.com\\\/revista\\\/actualidad\\\/ecobici-renueva-su-plataforma-de-atencion-digital\\\/#respond\"]}]},{\"@type\":\"WebPage\",\"@id\":\"https:\\\/\\\/centrourbano.com\\\/revista\\\/actualidad\\\/ecobici-renueva-su-plataforma-de-atencion-digital\\\/\",\"url\":\"https:\\\/\\\/centrourbano.com\\\/revista\\\/actualidad\\\/ecobici-renueva-su-plataforma-de-atencion-digital\\\/\",\"name\":\"Sistema Ecobici renueva su plataforma de atenci\u00f3n digital\",\"isPartOf\":{\"@id\":\"https:\\\/\\\/centrourbano.com\\\/revista\\\/#website\"},\"primaryImageOfPage\":{\"@id\":\"https:\\\/\\\/centrourbano.com\\\/revista\\\/actualidad\\\/ecobici-renueva-su-plataforma-de-atencion-digital\\\/#primaryimage\"},\"image\":{\"@id\":\"https:\\\/\\\/centrourbano.com\\\/revista\\\/actualidad\\\/ecobici-renueva-su-plataforma-de-atencion-digital\\\/#primaryimage\"},\"thumbnailUrl\":\"https:\\\/\\\/centrourbano.com\\\/revista\\\/wp-content\\\/uploads\\\/thumb_38844_780x0_0_0_crop-1.jpg\",\"datePublished\":\"2018-08-16T23:51:40+00:00\",\"dateModified\":\"2018-08-17T00:00:35+00:00\",\"description\":\"Las personas interesadas en afiliarse a Ecobici ahora podr\u00e1n efectuar su registro a trav\u00e9s de la p\u00e1gina ecobici.cdmx.gob.mx\",\"breadcrumb\":{\"@id\":\"https:\\\/\\\/centrourbano.com\\\/revista\\\/actualidad\\\/ecobici-renueva-su-plataforma-de-atencion-digital\\\/#breadcrumb\"},\"inLanguage\":\"es\",\"potentialAction\":[{\"@type\":\"ReadAction\",\"target\":[\"https:\\\/\\\/centrourbano.com\\\/revista\\\/actualidad\\\/ecobici-renueva-su-plataforma-de-atencion-digital\\\/\"]}]},{\"@type\":\"ImageObject\",\"inLanguage\":\"es\",\"@id\":\"https:\\\/\\\/centrourbano.com\\\/revista\\\/actualidad\\\/ecobici-renueva-su-plataforma-de-atencion-digital\\\/#primaryimage\",\"url\":\"https:\\\/\\\/centrourbano.com\\\/revista\\\/wp-content\\\/uploads\\\/thumb_38844_780x0_0_0_crop-1.jpg\",\"contentUrl\":\"https:\\\/\\\/centrourbano.com\\\/revista\\\/wp-content\\\/uploads\\\/thumb_38844_780x0_0_0_crop-1.jpg\",\"width\":780,\"height\":519,\"caption\":\"Las personas interesadas en afiliarse a Ecobici ahora podr\u00e1n efectuar su registro a trav\u00e9s de la p\u00e1gina ecobici.cdmx.gob.mx\"},{\"@type\":\"BreadcrumbList\",\"@id\":\"https:\\\/\\\/centrourbano.com\\\/revista\\\/actualidad\\\/ecobici-renueva-su-plataforma-de-atencion-digital\\\/#breadcrumb\",\"itemListElement\":[{\"@type\":\"ListItem\",\"position\":1,\"name\":\"Portada\",\"item\":\"https:\\\/\\\/centrourbano.com\\\/revista\\\/\"},{\"@type\":\"ListItem\",\"position\":2,\"name\":\"Sistema Ecobici renueva su plataforma de atenci\u00f3n digital\"}]},{\"@type\":\"WebSite\",\"@id\":\"https:\\\/\\\/centrourbano.com\\\/revista\\\/#website\",\"url\":\"https:\\\/\\\/centrourbano.com\\\/revista\\\/\",\"name\":\"Centro Urbano\",\"description\":\"Medio especializado en los sectores vivienda, inmobiliario, construcci\u00f3n, arquitectura y urbanismo.\",\"publisher\":{\"@id\":\"https:\\\/\\\/centrourbano.com\\\/revista\\\/#organization\"},\"potentialAction\":[{\"@type\":\"SearchAction\",\"target\":{\"@type\":\"EntryPoint\",\"urlTemplate\":\"https:\\\/\\\/centrourbano.com\\\/revista\\\/?s={search_term_string}\"},\"query-input\":{\"@type\":\"PropertyValueSpecification\",\"valueRequired\":true,\"valueName\":\"search_term_string\"}}],\"inLanguage\":\"es\"},{\"@type\":\"Organization\",\"@id\":\"https:\\\/\\\/centrourbano.com\\\/revista\\\/#organization\",\"name\":\"Centro Urbano\",\"url\":\"https:\\\/\\\/centrourbano.com\\\/revista\\\/\",\"logo\":{\"@type\":\"ImageObject\",\"inLanguage\":\"es\",\"@id\":\"https:\\\/\\\/centrourbano.com\\\/revista\\\/#\\\/schema\\\/logo\\\/image\\\/\",\"url\":\"https:\\\/\\\/centrourbano.com\\\/revista\\\/wp-content\\\/uploads\\\/web_CU_logo-1.png\",\"contentUrl\":\"https:\\\/\\\/centrourbano.com\\\/revista\\\/wp-content\\\/uploads\\\/web_CU_logo-1.png\",\"width\":350,\"height\":91,\"caption\":\"Centro Urbano\"},\"image\":{\"@id\":\"https:\\\/\\\/centrourbano.com\\\/revista\\\/#\\\/schema\\\/logo\\\/image\\\/\"},\"sameAs\":[\"https:\\\/\\\/www.facebook.com\\\/portalcentrourbano\",\"https:\\\/\\\/x.com\\\/CentroUrbano\",\"https:\\\/\\\/www.instagram.com\\\/centro_urbano\\\/\",\"https:\\\/\\\/www.linkedin.com\\\/company\\\/centro-urbano\\\/\",\"http:\\\/\\\/www.youtube.com\\\/user\\\/portalcentrourbano\"]},{\"@type\":\"Person\",\"@id\":\"https:\\\/\\\/centrourbano.com\\\/revista\\\/#\\\/schema\\\/person\\\/c74fb1aee294d1ca1c8d3df64a0e386a\",\"name\":\"Pilar Urbina\",\"image\":{\"@type\":\"ImageObject\",\"inLanguage\":\"es\",\"@id\":\"https:\\\/\\\/secure.gravatar.com\\\/avatar\\\/356446b781c64d33955f76658d43a95602a6f48ea723c4132fb8c10357375c5d?s=96&d=mm&r=g\",\"url\":\"https:\\\/\\\/secure.gravatar.com\\\/avatar\\\/356446b781c64d33955f76658d43a95602a6f48ea723c4132fb8c10357375c5d?s=96&d=mm&r=g\",\"contentUrl\":\"https:\\\/\\\/secure.gravatar.com\\\/avatar\\\/356446b781c64d33955f76658d43a95602a6f48ea723c4132fb8c10357375c5d?s=96&d=mm&r=g\",\"caption\":\"Pilar Urbina\"},\"url\":\"https:\\\/\\\/centrourbano.com\\\/revista\\\/author\\\/pilar-urbina\\\/\"}]}<\/script>\n<!-- \/ Yoast SEO plugin. -->","yoast_head_json":{"title":"Sistema Ecobici renueva su plataforma de atenci\u00f3n digital","description":"Las personas interesadas en afiliarse a Ecobici ahora podr\u00e1n efectuar su registro a trav\u00e9s de la p\u00e1gina ecobici.cdmx.gob.mx","robots":{"index":"index","follow":"follow","max-snippet":"max-snippet:-1","max-image-preview":"max-image-preview:large","max-video-preview":"max-video-preview:-1"},"canonical":"https:\/\/centrourbano.com\/revista\/actualidad\/ecobici-renueva-su-plataforma-de-atencion-digital\/","og_locale":"es_ES","og_type":"article","og_title":"Sistema Ecobici renueva su plataforma de atenci\u00f3n digital","og_description":"Las personas interesadas en afiliarse a Ecobici ahora podr\u00e1n efectuar su registro a trav\u00e9s de la p\u00e1gina ecobici.cdmx.gob.mx","og_url":"https:\/\/centrourbano.com\/revista\/actualidad\/ecobici-renueva-su-plataforma-de-atencion-digital\/","og_site_name":"Centro Urbano","article_publisher":"https:\/\/www.facebook.com\/portalcentrourbano","article_published_time":"2018-08-16T23:51:40+00:00","article_modified_time":"2018-08-17T00:00:35+00:00","og_image":[{"width":780,"height":519,"url":"https:\/\/centrourbano.com\/revista\/wp-content\/uploads\/thumb_38844_780x0_0_0_crop-1.jpg","type":"image\/jpeg"}],"author":"Pilar Urbina","twitter_card":"summary_large_image","twitter_creator":"@CentroUrbano","twitter_site":"@CentroUrbano","twitter_misc":{"Escrito por":"Pilar Urbina","Tiempo de lectura":"2 minutos"},"schema":{"@context":"https:\/\/schema.org","@graph":[{"@type":"Article","@id":"https:\/\/centrourbano.com\/revista\/actualidad\/ecobici-renueva-su-plataforma-de-atencion-digital\/#article","isPartOf":{"@id":"https:\/\/centrourbano.com\/revista\/actualidad\/ecobici-renueva-su-plataforma-de-atencion-digital\/"},"author":{"name":"Pilar Urbina","@id":"https:\/\/centrourbano.com\/revista\/#\/schema\/person\/c74fb1aee294d1ca1c8d3df64a0e386a"},"headline":"Sistema Ecobici renueva su plataforma de atenci\u00f3n digital","datePublished":"2018-08-16T23:51:40+00:00","dateModified":"2018-08-17T00:00:35+00:00","mainEntityOfPage":{"@id":"https:\/\/centrourbano.com\/revista\/actualidad\/ecobici-renueva-su-plataforma-de-atencion-digital\/"},"wordCount":313,"commentCount":0,"publisher":{"@id":"https:\/\/centrourbano.com\/revista\/#organization"},"image":{"@id":"https:\/\/centrourbano.com\/revista\/actualidad\/ecobici-renueva-su-plataforma-de-atencion-digital\/#primaryimage"},"thumbnailUrl":"https:\/\/centrourbano.com\/revista\/wp-content\/uploads\/thumb_38844_780x0_0_0_crop-1.jpg","keywords":["ecoBici","Plataforma Atenci\u00f3n Digital","Sedema CDMX"],"articleSection":["Actualidad"],"inLanguage":"es","potentialAction":[{"@type":"CommentAction","name":"Comment","target":["https:\/\/centrourbano.com\/revista\/actualidad\/ecobici-renueva-su-plataforma-de-atencion-digital\/#respond"]}]},{"@type":"WebPage","@id":"https:\/\/centrourbano.com\/revista\/actualidad\/ecobici-renueva-su-plataforma-de-atencion-digital\/","url":"https:\/\/centrourbano.com\/revista\/actualidad\/ecobici-renueva-su-plataforma-de-atencion-digital\/","name":"Sistema Ecobici renueva su plataforma de atenci\u00f3n digital","isPartOf":{"@id":"https:\/\/centrourbano.com\/revista\/#website"},"primaryImageOfPage":{"@id":"https:\/\/centrourbano.com\/revista\/actualidad\/ecobici-renueva-su-plataforma-de-atencion-digital\/#primaryimage"},"image":{"@id":"https:\/\/centrourbano.com\/revista\/actualidad\/ecobici-renueva-su-plataforma-de-atencion-digital\/#primaryimage"},"thumbnailUrl":"https:\/\/centrourbano.com\/revista\/wp-content\/uploads\/thumb_38844_780x0_0_0_crop-1.jpg","datePublished":"2018-08-16T23:51:40+00:00","dateModified":"2018-08-17T00:00:35+00:00","description":"Las personas interesadas en afiliarse a Ecobici ahora podr\u00e1n efectuar su registro a trav\u00e9s de la p\u00e1gina ecobici.cdmx.gob.mx","breadcrumb":{"@id":"https:\/\/centrourbano.com\/revista\/actualidad\/ecobici-renueva-su-plataforma-de-atencion-digital\/#breadcrumb"},"inLanguage":"es","potentialAction":[{"@type":"ReadAction","target":["https:\/\/centrourbano.com\/revista\/actualidad\/ecobici-renueva-su-plataforma-de-atencion-digital\/"]}]},{"@type":"ImageObject","inLanguage":"es","@id":"https:\/\/centrourbano.com\/revista\/actualidad\/ecobici-renueva-su-plataforma-de-atencion-digital\/#primaryimage","url":"https:\/\/centrourbano.com\/revista\/wp-content\/uploads\/thumb_38844_780x0_0_0_crop-1.jpg","contentUrl":"https:\/\/centrourbano.com\/revista\/wp-content\/uploads\/thumb_38844_780x0_0_0_crop-1.jpg","width":780,"height":519,"caption":"Las personas interesadas en afiliarse a Ecobici ahora podr\u00e1n efectuar su registro a trav\u00e9s de la p\u00e1gina ecobici.cdmx.gob.mx"},{"@type":"BreadcrumbList","@id":"https:\/\/centrourbano.com\/revista\/actualidad\/ecobici-renueva-su-plataforma-de-atencion-digital\/#breadcrumb","itemListElement":[{"@type":"ListItem","position":1,"name":"Portada","item":"https:\/\/centrourbano.com\/revista\/"},{"@type":"ListItem","position":2,"name":"Sistema Ecobici renueva su plataforma de atenci\u00f3n digital"}]},{"@type":"WebSite","@id":"https:\/\/centrourbano.com\/revista\/#website","url":"https:\/\/centrourbano.com\/revista\/","name":"Centro Urbano","description":"Medio especializado en los sectores vivienda, inmobiliario, construcci\u00f3n, arquitectura y urbanismo.","publisher":{"@id":"https:\/\/centrourbano.com\/revista\/#organization"},"potentialAction":[{"@type":"SearchAction","target":{"@type":"EntryPoint","urlTemplate":"https:\/\/centrourbano.com\/revista\/?s={search_term_string}"},"query-input":{"@type":"PropertyValueSpecification","valueRequired":true,"valueName":"search_term_string"}}],"inLanguage":"es"},{"@type":"Organization","@id":"https:\/\/centrourbano.com\/revista\/#organization","name":"Centro Urbano","url":"https:\/\/centrourbano.com\/revista\/","logo":{"@type":"ImageObject","inLanguage":"es","@id":"https:\/\/centrourbano.com\/revista\/#\/schema\/logo\/image\/","url":"https:\/\/centrourbano.com\/revista\/wp-content\/uploads\/web_CU_logo-1.png","contentUrl":"https:\/\/centrourbano.com\/revista\/wp-content\/uploads\/web_CU_logo-1.png","width":350,"height":91,"caption":"Centro Urbano"},"image":{"@id":"https:\/\/centrourbano.com\/revista\/#\/schema\/logo\/image\/"},"sameAs":["https:\/\/www.facebook.com\/portalcentrourbano","https:\/\/x.com\/CentroUrbano","https:\/\/www.instagram.com\/centro_urbano\/","https:\/\/www.linkedin.com\/company\/centro-urbano\/","http:\/\/www.youtube.com\/user\/portalcentrourbano"]},{"@type":"Person","@id":"https:\/\/centrourbano.com\/revista\/#\/schema\/person\/c74fb1aee294d1ca1c8d3df64a0e386a","name":"Pilar Urbina","image":{"@type":"ImageObject","inLanguage":"es","@id":"https:\/\/secure.gravatar.com\/avatar\/356446b781c64d33955f76658d43a95602a6f48ea723c4132fb8c10357375c5d?s=96&d=mm&r=g","url":"https:\/\/secure.gravatar.com\/avatar\/356446b781c64d33955f76658d43a95602a6f48ea723c4132fb8c10357375c5d?s=96&d=mm&r=g","contentUrl":"https:\/\/secure.gravatar.com\/avatar\/356446b781c64d33955f76658d43a95602a6f48ea723c4132fb8c10357375c5d?s=96&d=mm&r=g","caption":"Pilar Urbina"},"url":"https:\/\/centrourbano.com\/revista\/author\/pilar-urbina\/"}]}},"_links":{"self":[{"href":"https:\/\/centrourbano.com\/revista\/wp-json\/wp\/v2\/posts\/76577","targetHints":{"allow":["GET"]}}],"collection":[{"href":"https:\/\/centrourbano.com\/revista\/wp-json\/wp\/v2\/posts"}],"about":[{"href":"https:\/\/centrourbano.com\/revista\/wp-json\/wp\/v2\/types\/post"}],"author":[{"embeddable":true,"href":"https:\/\/centrourbano.com\/revista\/wp-json\/wp\/v2\/users\/55"}],"replies":[{"embeddable":true,"href":"https:\/\/centrourbano.com\/revista\/wp-json\/wp\/v2\/comments?post=76577"}],"version-history":[{"count":5,"href":"https:\/\/centrourbano.com\/revista\/wp-json\/wp\/v2\/posts\/76577\/revisions"}],"predecessor-version":[{"id":76592,"href":"https:\/\/centrourbano.com\/revista\/wp-json\/wp\/v2\/posts\/76577\/revisions\/76592"}],"wp:featuredmedia":[{"embeddable":true,"href":"https:\/\/centrourbano.com\/revista\/wp-json\/wp\/v2\/media\/76591"}],"wp:attachment":[{"href":"https:\/\/centrourbano.com\/revista\/wp-json\/wp\/v2\/media?parent=76577"}],"wp:term":[{"taxonomy":"category","embeddable":true,"href":"https:\/\/centrourbano.com\/revista\/wp-json\/wp\/v2\/categories?post=76577"},{"taxonomy":"post_tag","embeddable":true,"href":"https:\/\/centrourbano.com\/revista\/wp-json\/wp\/v2\/tags?post=76577"}],"curies":[{"name":"wp","href":"https:\/\/api.w.org\/{rel}","templated":true}]}}