{"id":76454,"date":"2018-08-15T17:18:02","date_gmt":"2018-08-15T22:18:02","guid":{"rendered":"https:\/\/centrourbano.com\/?p=76454"},"modified":"2018-08-15T17:18:02","modified_gmt":"2018-08-15T22:18:02","slug":"yucatan-modernizo-obras-infraestructura","status":"publish","type":"post","link":"https:\/\/centrourbano.com\/revista\/construccion\/yucatan-modernizo-obras-infraestructura\/","title":{"rendered":"Yucat\u00e1n moderniz\u00f3 principales obras de infraestructura"},"content":{"rendered":"<p><em>La SCT destac\u00f3 la inversi\u00f3n que se hizo en la regi\u00f3n en la administraci\u00f3n actual<\/em><!--more--><\/p>\n<p>Durante el actual sexenio en <strong>Yucat\u00e1n<\/strong> se han realizado diversas obras de infraestructura carretera, portuaria, ferroviaria y telecomunicaciones para las que se necesit\u00f3 una inversi\u00f3n de 16,000 millones de pesos, de acuerdo con la <a href=\"https:\/\/www.gob.mx\/sct\/\" target=\"_blank\" rel=\"noopener noreferrer\"><strong>Secretar\u00eda de Comunicaciones y Transportes<\/strong><\/a> (SCT).<\/p>\n<p>A trav\u00e9s de un comunicado, la SCT inform\u00f3 que entre las principales obras realizadas se encuentra la modernizaci\u00f3n de la carretera M\u00e9rida-Chetumal, en la que se trabaj\u00f3 de 2014 a 2017 en la ampliaci\u00f3n a cuatro carriles a lo largo de 70 kil\u00f3metros.<\/p>\n<p>Tambi\u00e9n se construyeron dos distribuidores viales en los entronques Oxkutzcab-Taebo y Tzucacab-Peto, en tanto, durante este a\u00f1o se realiza la modernizaci\u00f3n de 10 kil\u00f3metros adicionales de la principal v\u00eda que conecta M\u00e9rida con Quintana Roo.<\/p>\n<p>Para impulsar el turismo de la regi\u00f3n se ampli\u00f3 la carretera M\u00e9rida-PuertoJu\u00e1rez en el tramo Chich\u00e9n Itz\u00e1-Valladolid, la cual permite mejorar la conectividad entre Yucat\u00e1n con las Riviera Maya y las zonas arqueol\u00f3gicas de Tulum, Cob\u00e1 y Chich\u00e9n Itza.<\/p>\n<p>En cuanto a las carreteras alimentadoras, indic\u00f3 que se modernizaron seis principales vialidades y se realiz\u00f3 la construcci\u00f3n del Distribuidor Vial Hunucm\u00e1-Tex\u00e1n en el entonque con la carretera M\u00e9rida-Tetiz, al poniente del estado.<\/p>\n<p>Asimismo, se construy\u00f3 el <strong>Distribuidor Vial de Acceso al Puerto de Progreso<\/strong>, se moderniz\u00f3 el anillo perif\u00e9rico de M\u00e9rida y el Distribuidor Vial Campeche-M\u00e9rida, entre otras.<\/p>\n<p>En obras de infraestructura vial, a trav\u00e9s del <strong>Programa de Mantenimiento y Rehabilitaci\u00f3n de las V\u00edas F\u00e9rreas Chiapas-Mayab<\/strong> se invirtieron m\u00e1s de 4,000 millones de pesos en trabajos de rehabilitaci\u00f3n y conservaci\u00f3n en tramos de Yucat\u00e1n, Campeche y Tabasco.<\/p>\n<p>La SCT destac\u00f3 la inversi\u00f3n de 653 millones de pesos en la construcci\u00f3n del Viaducto Alterno y la ampliaci\u00f3n y construcci\u00f3n del <strong>Puerto de Altura de Progreso,<\/strong> ya que consolidar\u00e1n al puerto con el movimiento de carga general de hidrocarburos y de pasajeros.<\/p>\n<p>La regi\u00f3n tambi\u00e9n recibi\u00f3 inversi\u00f3n para crear m\u00e1s de 2,500 sitios p\u00fablicos conectados a internet de banda ancha, a esto a\u00f1adi\u00f3 el <strong>Punto M\u00e9xico Conectado Yucat\u00e1n<\/strong>, que cuenta con m\u00e1s de 16,800 socios y en donde se han impartido alrededor de 600 cursos y actividades.<\/p>\n","protected":false},"excerpt":{"rendered":"<p>La SCT destac\u00f3 la inversi\u00f3n que se hizo en la regi\u00f3n en la administraci\u00f3n actual<\/p>\n","protected":false},"author":64,"featured_media":73195,"comment_status":"open","ping_status":"closed","sticky":false,"template":"","format":"standard","meta":{"om_disable_all_campaigns":false,"inline_featured_image":false,"_monsterinsights_skip_tracking":false,"_monsterinsights_sitenote_active":false,"_monsterinsights_sitenote_note":"","_monsterinsights_sitenote_category":0,"footnotes":""},"categories":[14],"tags":[310,313,311,4260,799,158,29,680],"class_list":["post-76454","post","type-post","status-publish","format-standard","has-post-thumbnail","hentry","category-construccion","tag-carreteras","tag-ferroviaria","tag-infraestructura","tag-modernizacion","tag-puertos","tag-rehabilitacion","tag-sct","tag-telecomunicaciones"],"yoast_head":"<!-- This site is optimized with the Yoast SEO plugin v27.4 - https:\/\/yoast.com\/product\/yoast-seo-wordpress\/ -->\n<title>Yucat\u00e1n moderniz\u00f3 principales obras de infraestructura<\/title>\n<meta name=\"description\" content=\"La SCT destac\u00f3 la inversi\u00f3n que se hizo en la regi\u00f3n durante la administraci\u00f3n actual\" \/>\n<meta name=\"robots\" content=\"index, follow, max-snippet:-1, max-image-preview:large, max-video-preview:-1\" \/>\n<link rel=\"canonical\" href=\"https:\/\/centrourbano.com\/revista\/construccion\/yucatan-modernizo-obras-infraestructura\/\" \/>\n<meta property=\"og:locale\" content=\"es_ES\" \/>\n<meta property=\"og:type\" content=\"article\" \/>\n<meta property=\"og:title\" content=\"Yucat\u00e1n moderniz\u00f3 principales obras de infraestructura\" \/>\n<meta property=\"og:description\" content=\"La SCT destac\u00f3 la inversi\u00f3n que se hizo en la regi\u00f3n durante la administraci\u00f3n actual\" \/>\n<meta property=\"og:url\" content=\"https:\/\/centrourbano.com\/revista\/construccion\/yucatan-modernizo-obras-infraestructura\/\" \/>\n<meta property=\"og:site_name\" content=\"Centro Urbano\" \/>\n<meta property=\"article:publisher\" content=\"https:\/\/www.facebook.com\/portalcentrourbano\" \/>\n<meta property=\"article:published_time\" content=\"2018-08-15T22:18:02+00:00\" \/>\n<meta property=\"og:image\" content=\"https:\/\/centrourbano.com\/revista\/wp-content\/uploads\/carretera2.jpg\" \/>\n\t<meta property=\"og:image:width\" content=\"660\" \/>\n\t<meta property=\"og:image:height\" content=\"370\" \/>\n\t<meta property=\"og:image:type\" content=\"image\/jpeg\" \/>\n<meta name=\"author\" content=\"Karla Esperanza\" \/>\n<meta name=\"twitter:card\" content=\"summary_large_image\" \/>\n<meta name=\"twitter:creator\" content=\"@CentroUrbano\" \/>\n<meta name=\"twitter:site\" content=\"@CentroUrbano\" \/>\n<meta name=\"twitter:label1\" content=\"Escrito por\" \/>\n\t<meta name=\"twitter:data1\" content=\"Karla Esperanza\" \/>\n\t<meta name=\"twitter:label2\" content=\"Tiempo de lectura\" \/>\n\t<meta name=\"twitter:data2\" content=\"2 minutos\" \/>\n<script type=\"application\/ld+json\" class=\"yoast-schema-graph\">{\"@context\":\"https:\\\/\\\/schema.org\",\"@graph\":[{\"@type\":\"Article\",\"@id\":\"https:\\\/\\\/centrourbano.com\\\/revista\\\/construccion\\\/yucatan-modernizo-obras-infraestructura\\\/#article\",\"isPartOf\":{\"@id\":\"https:\\\/\\\/centrourbano.com\\\/revista\\\/construccion\\\/yucatan-modernizo-obras-infraestructura\\\/\"},\"author\":{\"name\":\"Karla Esperanza\",\"@id\":\"https:\\\/\\\/centrourbano.com\\\/revista\\\/#\\\/schema\\\/person\\\/1d952c872f21e733a753a18cc4b5298a\"},\"headline\":\"Yucat\u00e1n moderniz\u00f3 principales obras de infraestructura\",\"datePublished\":\"2018-08-15T22:18:02+00:00\",\"mainEntityOfPage\":{\"@id\":\"https:\\\/\\\/centrourbano.com\\\/revista\\\/construccion\\\/yucatan-modernizo-obras-infraestructura\\\/\"},\"wordCount\":409,\"commentCount\":0,\"publisher\":{\"@id\":\"https:\\\/\\\/centrourbano.com\\\/revista\\\/#organization\"},\"image\":{\"@id\":\"https:\\\/\\\/centrourbano.com\\\/revista\\\/construccion\\\/yucatan-modernizo-obras-infraestructura\\\/#primaryimage\"},\"thumbnailUrl\":\"https:\\\/\\\/centrourbano.com\\\/revista\\\/wp-content\\\/uploads\\\/carretera2.jpg\",\"keywords\":[\"carreteras\",\"ferroviaria\",\"infraestructura\",\"modernizaci\u00f3n\",\"puertos\",\"Rehabilitaci\u00f3n\",\"SCT\",\"telecomunicaciones\"],\"articleSection\":[\"Construcci\u00f3n\"],\"inLanguage\":\"es\",\"potentialAction\":[{\"@type\":\"CommentAction\",\"name\":\"Comment\",\"target\":[\"https:\\\/\\\/centrourbano.com\\\/revista\\\/construccion\\\/yucatan-modernizo-obras-infraestructura\\\/#respond\"]}]},{\"@type\":\"WebPage\",\"@id\":\"https:\\\/\\\/centrourbano.com\\\/revista\\\/construccion\\\/yucatan-modernizo-obras-infraestructura\\\/\",\"url\":\"https:\\\/\\\/centrourbano.com\\\/revista\\\/construccion\\\/yucatan-modernizo-obras-infraestructura\\\/\",\"name\":\"Yucat\u00e1n moderniz\u00f3 principales obras de infraestructura\",\"isPartOf\":{\"@id\":\"https:\\\/\\\/centrourbano.com\\\/revista\\\/#website\"},\"primaryImageOfPage\":{\"@id\":\"https:\\\/\\\/centrourbano.com\\\/revista\\\/construccion\\\/yucatan-modernizo-obras-infraestructura\\\/#primaryimage\"},\"image\":{\"@id\":\"https:\\\/\\\/centrourbano.com\\\/revista\\\/construccion\\\/yucatan-modernizo-obras-infraestructura\\\/#primaryimage\"},\"thumbnailUrl\":\"https:\\\/\\\/centrourbano.com\\\/revista\\\/wp-content\\\/uploads\\\/carretera2.jpg\",\"datePublished\":\"2018-08-15T22:18:02+00:00\",\"description\":\"La SCT destac\u00f3 la inversi\u00f3n que se hizo en la regi\u00f3n durante la administraci\u00f3n actual\",\"breadcrumb\":{\"@id\":\"https:\\\/\\\/centrourbano.com\\\/revista\\\/construccion\\\/yucatan-modernizo-obras-infraestructura\\\/#breadcrumb\"},\"inLanguage\":\"es\",\"potentialAction\":[{\"@type\":\"ReadAction\",\"target\":[\"https:\\\/\\\/centrourbano.com\\\/revista\\\/construccion\\\/yucatan-modernizo-obras-infraestructura\\\/\"]}]},{\"@type\":\"ImageObject\",\"inLanguage\":\"es\",\"@id\":\"https:\\\/\\\/centrourbano.com\\\/revista\\\/construccion\\\/yucatan-modernizo-obras-infraestructura\\\/#primaryimage\",\"url\":\"https:\\\/\\\/centrourbano.com\\\/revista\\\/wp-content\\\/uploads\\\/carretera2.jpg\",\"contentUrl\":\"https:\\\/\\\/centrourbano.com\\\/revista\\\/wp-content\\\/uploads\\\/carretera2.jpg\",\"width\":660,\"height\":370,\"caption\":\"El estado recibi\u00f3 251.8 millones de pesos para dos obras que estar\u00e1n listas en agosto pr\u00f3ximo\"},{\"@type\":\"BreadcrumbList\",\"@id\":\"https:\\\/\\\/centrourbano.com\\\/revista\\\/construccion\\\/yucatan-modernizo-obras-infraestructura\\\/#breadcrumb\",\"itemListElement\":[{\"@type\":\"ListItem\",\"position\":1,\"name\":\"Portada\",\"item\":\"https:\\\/\\\/centrourbano.com\\\/revista\\\/\"},{\"@type\":\"ListItem\",\"position\":2,\"name\":\"Yucat\u00e1n moderniz\u00f3 principales obras de infraestructura\"}]},{\"@type\":\"WebSite\",\"@id\":\"https:\\\/\\\/centrourbano.com\\\/revista\\\/#website\",\"url\":\"https:\\\/\\\/centrourbano.com\\\/revista\\\/\",\"name\":\"Centro Urbano\",\"description\":\"Medio especializado en los sectores vivienda, inmobiliario, construcci\u00f3n, arquitectura y urbanismo.\",\"publisher\":{\"@id\":\"https:\\\/\\\/centrourbano.com\\\/revista\\\/#organization\"},\"potentialAction\":[{\"@type\":\"SearchAction\",\"target\":{\"@type\":\"EntryPoint\",\"urlTemplate\":\"https:\\\/\\\/centrourbano.com\\\/revista\\\/?s={search_term_string}\"},\"query-input\":{\"@type\":\"PropertyValueSpecification\",\"valueRequired\":true,\"valueName\":\"search_term_string\"}}],\"inLanguage\":\"es\"},{\"@type\":\"Organization\",\"@id\":\"https:\\\/\\\/centrourbano.com\\\/revista\\\/#organization\",\"name\":\"Centro Urbano\",\"url\":\"https:\\\/\\\/centrourbano.com\\\/revista\\\/\",\"logo\":{\"@type\":\"ImageObject\",\"inLanguage\":\"es\",\"@id\":\"https:\\\/\\\/centrourbano.com\\\/revista\\\/#\\\/schema\\\/logo\\\/image\\\/\",\"url\":\"https:\\\/\\\/centrourbano.com\\\/revista\\\/wp-content\\\/uploads\\\/web_CU_logo-1.png\",\"contentUrl\":\"https:\\\/\\\/centrourbano.com\\\/revista\\\/wp-content\\\/uploads\\\/web_CU_logo-1.png\",\"width\":350,\"height\":91,\"caption\":\"Centro Urbano\"},\"image\":{\"@id\":\"https:\\\/\\\/centrourbano.com\\\/revista\\\/#\\\/schema\\\/logo\\\/image\\\/\"},\"sameAs\":[\"https:\\\/\\\/www.facebook.com\\\/portalcentrourbano\",\"https:\\\/\\\/x.com\\\/CentroUrbano\",\"https:\\\/\\\/www.instagram.com\\\/centro_urbano\\\/\",\"https:\\\/\\\/www.linkedin.com\\\/company\\\/centro-urbano\\\/\",\"http:\\\/\\\/www.youtube.com\\\/user\\\/portalcentrourbano\"]},{\"@type\":\"Person\",\"@id\":\"https:\\\/\\\/centrourbano.com\\\/revista\\\/#\\\/schema\\\/person\\\/1d952c872f21e733a753a18cc4b5298a\",\"name\":\"Karla Esperanza\",\"image\":{\"@type\":\"ImageObject\",\"inLanguage\":\"es\",\"@id\":\"https:\\\/\\\/secure.gravatar.com\\\/avatar\\\/bea847a7925ef868d37c5a55ab5e341c9e769fab11b85a359090daa4d6fb4a2e?s=96&d=mm&r=g\",\"url\":\"https:\\\/\\\/secure.gravatar.com\\\/avatar\\\/bea847a7925ef868d37c5a55ab5e341c9e769fab11b85a359090daa4d6fb4a2e?s=96&d=mm&r=g\",\"contentUrl\":\"https:\\\/\\\/secure.gravatar.com\\\/avatar\\\/bea847a7925ef868d37c5a55ab5e341c9e769fab11b85a359090daa4d6fb4a2e?s=96&d=mm&r=g\",\"caption\":\"Karla Esperanza\"},\"url\":\"https:\\\/\\\/centrourbano.com\\\/revista\\\/author\\\/karla-esperanza\\\/\"}]}<\/script>\n<!-- \/ Yoast SEO plugin. -->","yoast_head_json":{"title":"Yucat\u00e1n moderniz\u00f3 principales obras de infraestructura","description":"La SCT destac\u00f3 la inversi\u00f3n que se hizo en la regi\u00f3n durante la administraci\u00f3n actual","robots":{"index":"index","follow":"follow","max-snippet":"max-snippet:-1","max-image-preview":"max-image-preview:large","max-video-preview":"max-video-preview:-1"},"canonical":"https:\/\/centrourbano.com\/revista\/construccion\/yucatan-modernizo-obras-infraestructura\/","og_locale":"es_ES","og_type":"article","og_title":"Yucat\u00e1n moderniz\u00f3 principales obras de infraestructura","og_description":"La SCT destac\u00f3 la inversi\u00f3n que se hizo en la regi\u00f3n durante la administraci\u00f3n actual","og_url":"https:\/\/centrourbano.com\/revista\/construccion\/yucatan-modernizo-obras-infraestructura\/","og_site_name":"Centro Urbano","article_publisher":"https:\/\/www.facebook.com\/portalcentrourbano","article_published_time":"2018-08-15T22:18:02+00:00","og_image":[{"width":660,"height":370,"url":"https:\/\/centrourbano.com\/revista\/wp-content\/uploads\/carretera2.jpg","type":"image\/jpeg"}],"author":"Karla Esperanza","twitter_card":"summary_large_image","twitter_creator":"@CentroUrbano","twitter_site":"@CentroUrbano","twitter_misc":{"Escrito por":"Karla Esperanza","Tiempo de lectura":"2 minutos"},"schema":{"@context":"https:\/\/schema.org","@graph":[{"@type":"Article","@id":"https:\/\/centrourbano.com\/revista\/construccion\/yucatan-modernizo-obras-infraestructura\/#article","isPartOf":{"@id":"https:\/\/centrourbano.com\/revista\/construccion\/yucatan-modernizo-obras-infraestructura\/"},"author":{"name":"Karla Esperanza","@id":"https:\/\/centrourbano.com\/revista\/#\/schema\/person\/1d952c872f21e733a753a18cc4b5298a"},"headline":"Yucat\u00e1n moderniz\u00f3 principales obras de infraestructura","datePublished":"2018-08-15T22:18:02+00:00","mainEntityOfPage":{"@id":"https:\/\/centrourbano.com\/revista\/construccion\/yucatan-modernizo-obras-infraestructura\/"},"wordCount":409,"commentCount":0,"publisher":{"@id":"https:\/\/centrourbano.com\/revista\/#organization"},"image":{"@id":"https:\/\/centrourbano.com\/revista\/construccion\/yucatan-modernizo-obras-infraestructura\/#primaryimage"},"thumbnailUrl":"https:\/\/centrourbano.com\/revista\/wp-content\/uploads\/carretera2.jpg","keywords":["carreteras","ferroviaria","infraestructura","modernizaci\u00f3n","puertos","Rehabilitaci\u00f3n","SCT","telecomunicaciones"],"articleSection":["Construcci\u00f3n"],"inLanguage":"es","potentialAction":[{"@type":"CommentAction","name":"Comment","target":["https:\/\/centrourbano.com\/revista\/construccion\/yucatan-modernizo-obras-infraestructura\/#respond"]}]},{"@type":"WebPage","@id":"https:\/\/centrourbano.com\/revista\/construccion\/yucatan-modernizo-obras-infraestructura\/","url":"https:\/\/centrourbano.com\/revista\/construccion\/yucatan-modernizo-obras-infraestructura\/","name":"Yucat\u00e1n moderniz\u00f3 principales obras de infraestructura","isPartOf":{"@id":"https:\/\/centrourbano.com\/revista\/#website"},"primaryImageOfPage":{"@id":"https:\/\/centrourbano.com\/revista\/construccion\/yucatan-modernizo-obras-infraestructura\/#primaryimage"},"image":{"@id":"https:\/\/centrourbano.com\/revista\/construccion\/yucatan-modernizo-obras-infraestructura\/#primaryimage"},"thumbnailUrl":"https:\/\/centrourbano.com\/revista\/wp-content\/uploads\/carretera2.jpg","datePublished":"2018-08-15T22:18:02+00:00","description":"La SCT destac\u00f3 la inversi\u00f3n que se hizo en la regi\u00f3n durante la administraci\u00f3n actual","breadcrumb":{"@id":"https:\/\/centrourbano.com\/revista\/construccion\/yucatan-modernizo-obras-infraestructura\/#breadcrumb"},"inLanguage":"es","potentialAction":[{"@type":"ReadAction","target":["https:\/\/centrourbano.com\/revista\/construccion\/yucatan-modernizo-obras-infraestructura\/"]}]},{"@type":"ImageObject","inLanguage":"es","@id":"https:\/\/centrourbano.com\/revista\/construccion\/yucatan-modernizo-obras-infraestructura\/#primaryimage","url":"https:\/\/centrourbano.com\/revista\/wp-content\/uploads\/carretera2.jpg","contentUrl":"https:\/\/centrourbano.com\/revista\/wp-content\/uploads\/carretera2.jpg","width":660,"height":370,"caption":"El estado recibi\u00f3 251.8 millones de pesos para dos obras que estar\u00e1n listas en agosto pr\u00f3ximo"},{"@type":"BreadcrumbList","@id":"https:\/\/centrourbano.com\/revista\/construccion\/yucatan-modernizo-obras-infraestructura\/#breadcrumb","itemListElement":[{"@type":"ListItem","position":1,"name":"Portada","item":"https:\/\/centrourbano.com\/revista\/"},{"@type":"ListItem","position":2,"name":"Yucat\u00e1n moderniz\u00f3 principales obras de infraestructura"}]},{"@type":"WebSite","@id":"https:\/\/centrourbano.com\/revista\/#website","url":"https:\/\/centrourbano.com\/revista\/","name":"Centro Urbano","description":"Medio especializado en los sectores vivienda, inmobiliario, construcci\u00f3n, arquitectura y urbanismo.","publisher":{"@id":"https:\/\/centrourbano.com\/revista\/#organization"},"potentialAction":[{"@type":"SearchAction","target":{"@type":"EntryPoint","urlTemplate":"https:\/\/centrourbano.com\/revista\/?s={search_term_string}"},"query-input":{"@type":"PropertyValueSpecification","valueRequired":true,"valueName":"search_term_string"}}],"inLanguage":"es"},{"@type":"Organization","@id":"https:\/\/centrourbano.com\/revista\/#organization","name":"Centro Urbano","url":"https:\/\/centrourbano.com\/revista\/","logo":{"@type":"ImageObject","inLanguage":"es","@id":"https:\/\/centrourbano.com\/revista\/#\/schema\/logo\/image\/","url":"https:\/\/centrourbano.com\/revista\/wp-content\/uploads\/web_CU_logo-1.png","contentUrl":"https:\/\/centrourbano.com\/revista\/wp-content\/uploads\/web_CU_logo-1.png","width":350,"height":91,"caption":"Centro Urbano"},"image":{"@id":"https:\/\/centrourbano.com\/revista\/#\/schema\/logo\/image\/"},"sameAs":["https:\/\/www.facebook.com\/portalcentrourbano","https:\/\/x.com\/CentroUrbano","https:\/\/www.instagram.com\/centro_urbano\/","https:\/\/www.linkedin.com\/company\/centro-urbano\/","http:\/\/www.youtube.com\/user\/portalcentrourbano"]},{"@type":"Person","@id":"https:\/\/centrourbano.com\/revista\/#\/schema\/person\/1d952c872f21e733a753a18cc4b5298a","name":"Karla Esperanza","image":{"@type":"ImageObject","inLanguage":"es","@id":"https:\/\/secure.gravatar.com\/avatar\/bea847a7925ef868d37c5a55ab5e341c9e769fab11b85a359090daa4d6fb4a2e?s=96&d=mm&r=g","url":"https:\/\/secure.gravatar.com\/avatar\/bea847a7925ef868d37c5a55ab5e341c9e769fab11b85a359090daa4d6fb4a2e?s=96&d=mm&r=g","contentUrl":"https:\/\/secure.gravatar.com\/avatar\/bea847a7925ef868d37c5a55ab5e341c9e769fab11b85a359090daa4d6fb4a2e?s=96&d=mm&r=g","caption":"Karla Esperanza"},"url":"https:\/\/centrourbano.com\/revista\/author\/karla-esperanza\/"}]}},"_links":{"self":[{"href":"https:\/\/centrourbano.com\/revista\/wp-json\/wp\/v2\/posts\/76454","targetHints":{"allow":["GET"]}}],"collection":[{"href":"https:\/\/centrourbano.com\/revista\/wp-json\/wp\/v2\/posts"}],"about":[{"href":"https:\/\/centrourbano.com\/revista\/wp-json\/wp\/v2\/types\/post"}],"author":[{"embeddable":true,"href":"https:\/\/centrourbano.com\/revista\/wp-json\/wp\/v2\/users\/64"}],"replies":[{"embeddable":true,"href":"https:\/\/centrourbano.com\/revista\/wp-json\/wp\/v2\/comments?post=76454"}],"version-history":[{"count":2,"href":"https:\/\/centrourbano.com\/revista\/wp-json\/wp\/v2\/posts\/76454\/revisions"}],"predecessor-version":[{"id":76457,"href":"https:\/\/centrourbano.com\/revista\/wp-json\/wp\/v2\/posts\/76454\/revisions\/76457"}],"wp:featuredmedia":[{"embeddable":true,"href":"https:\/\/centrourbano.com\/revista\/wp-json\/wp\/v2\/media\/73195"}],"wp:attachment":[{"href":"https:\/\/centrourbano.com\/revista\/wp-json\/wp\/v2\/media?parent=76454"}],"wp:term":[{"taxonomy":"category","embeddable":true,"href":"https:\/\/centrourbano.com\/revista\/wp-json\/wp\/v2\/categories?post=76454"},{"taxonomy":"post_tag","embeddable":true,"href":"https:\/\/centrourbano.com\/revista\/wp-json\/wp\/v2\/tags?post=76454"}],"curies":[{"name":"wp","href":"https:\/\/api.w.org\/{rel}","templated":true}]}}