{"id":76438,"date":"2018-08-15T16:14:07","date_gmt":"2018-08-15T21:14:07","guid":{"rendered":"https:\/\/centrourbano.com\/?p=76438"},"modified":"2018-08-15T17:35:44","modified_gmt":"2018-08-15T22:35:44","slug":"estas-las-principales-obras-planea-amlo","status":"publish","type":"post","link":"https:\/\/centrourbano.com\/revista\/construccion\/estas-las-principales-obras-planea-amlo\/","title":{"rendered":"Estas son las principales obras de infraestructura que planea AMLO"},"content":{"rendered":"<p><em>Durante su campa\u00f1a, el presidente electo anunci\u00f3 la construcci\u00f3n de refineras, as\u00ed como un sistema ferroviario y la modernizaci\u00f3n de dos puertos<\/em><!--more--><\/p>\n<p>El <strong>Plan de Infraestructura<\/strong>, para la administraci\u00f3n que comprende de 2018 a 2024, consta de la construcci\u00f3n del Corredor Trans\u00edsmico, el Tren Maya, dos nuevas refiner\u00edas y el tren M\u00e9xico-Quer\u00e9taro, de acuerdo con los planes presentados por el presidente electo\u00a0<strong>Andr\u00e9s Manuel L\u00f3pez Obrador<\/strong>.<\/p>\n<p>Seg\u00fan el documento &#8216;Pejenomics II&#8217;, el <strong>Tren Maya<\/strong> consistir\u00eda en la construcci\u00f3n de un sistema ferroviario de 852 kil\u00f3metros, en los que se recorrer\u00e1 desde Canc\u00fan, Quintana Roo, hasta Palenque, Chiapas, pasando por sitios tur\u00edsticos como Tulum y Bacalar.<\/p>\n<p>Dicho proyecto est\u00e1 enfocado para el sector tur\u00edstico, ya que podr\u00eda sustentar el desarrollo de nuevos atractivos en la regi\u00f3n; este tren podr\u00e1 alcanzar velocidades de 160 kil\u00f3metros por hora, lo que representa un recorrido total de aproximadamente nueve horas.<\/p>\n<p>En tanto, el<strong> corredor Trans\u00edsmico<\/strong> se encargar\u00eda de vincular el Oc\u00e9ano Pac\u00edfico con el Golfo de M\u00e9xico, con esta obra se modernizar\u00edan los puertos de Coatzacoalcos y Salina Cruz, adem\u00e1s, crear\u00edan una zona industrial, recintos fiscalizados, un puerto seco y gasoductos, esto con el fin de fomentar el desarrollo de la infraestructura y el comercio exterior.<\/p>\n<p>Con la construcci\u00f3n de las <strong>dos nuevas refiner\u00edas<\/strong> se podr\u00eda impulsar la autosuficiencia energ\u00e9tica, ya que se producir\u00edan cerca de 300 mil barriles diarios. Tambi\u00e9n, se habl\u00f3 de la instalaci\u00f3n de biorefiner\u00edas para producir biodiesel y la recuperaci\u00f3n del proyecto de la Refiner\u00eda Bicentenarios en Tula, Hidalgo.<\/p>\n<p>Adem\u00e1s, de acuerdo con<a href=\"https:\/\/centrourbano.com\/2018\/07\/26\/rehabilitaran-refinerias-se-construira-una\/\" target=\"_blank\" rel=\"noopener noreferrer\"><strong> Roc\u00edo Nahle Garc\u00eda<\/strong><\/a>, quien ser\u00eda la titular de la <a href=\"https:\/\/www.gob.mx\/sener\" target=\"_blank\" rel=\"noopener noreferrer\"><strong>Secretar\u00eda de Energ\u00eda<\/strong> <\/a>(Sener) en la pr\u00f3xima administraci\u00f3n, se tiene un programa de rehabilitaci\u00f3n para seis refiner\u00edas, que tendr\u00e1 un presupuesto de 38,000 millones de pesos obtenidos de los recursos que ejerce Petr\u00f3leos Mexicanos (Pemex).<\/p>\n<p>Finalmente, para la red nacional de ferrocarril se retomar\u00e1 la construcci\u00f3n del <strong>Tren M\u00e9xico-Quer\u00e9taro<\/strong>, la cual cuenta con una v\u00eda de 210 kil\u00f3metros y tendr\u00e1 la capacidad de transportar a 23,000 pasajeros al d\u00eda, esta obra fue cancelada en 2015.<\/p>\n<p><a href=\"https:\/\/centrourbano.com\/2018\/07\/24\/jimenez-espriu-experto-materia-ingeniera\/\" target=\"_blank\" rel=\"noopener noreferrer\"><strong>Javier Jim\u00e9nez Espri\u00fa<\/strong><\/a>, propuesto para la <strong><a href=\"https:\/\/www.gob.mx\/sct\" target=\"_blank\" rel=\"noopener noreferrer\">Secretar\u00eda de Comunicaciones y Transportes<\/a><\/strong> (SCT), declar\u00f3 que tambi\u00e9n se piensa en la construcci\u00f3n de un tren que conecte a Guadalajara con Tijuana y otro que recorrer\u00eda desde Quer\u00e9taro hasta Laredo.<\/p>\n<p>Asimismo, indic\u00f3 que esta red est\u00e1 pensada principalmente para detonar el crecimiento econ\u00f3mico regional, ya que, de acuerdo con declaraciones de L\u00f3pez Obrador, el principal objetivo de la futura administraci\u00f3n es impulsar la econom\u00eda nacional.<\/p>\n","protected":false},"excerpt":{"rendered":"<p>Durante su campa\u00f1a, el presidente electo anunci\u00f3 la construcci\u00f3n de refineras, as\u00ed como un sistema ferroviario y la modernizaci\u00f3n de dos puertos<\/p>\n","protected":false},"author":64,"featured_media":75230,"comment_status":"open","ping_status":"closed","sticky":false,"template":"","format":"standard","meta":{"om_disable_all_campaigns":false,"inline_featured_image":false,"_monsterinsights_skip_tracking":false,"_monsterinsights_sitenote_active":false,"_monsterinsights_sitenote_note":"","_monsterinsights_sitenote_category":0,"footnotes":""},"categories":[14,16],"tags":[10246,22,311,799,14015,29,1435,630],"class_list":["post-76438","post","type-post","status-publish","format-standard","has-post-thumbnail","hentry","category-construccion","category-reportajes","tag-amlo","tag-construccion-2","tag-infraestructura","tag-puertos","tag-refinerias","tag-sct","tag-sener","tag-tren"],"yoast_head":"<!-- This site is optimized with the Yoast SEO plugin v27.4 - https:\/\/yoast.com\/product\/yoast-seo-wordpress\/ -->\n<title>Estas son las principales obras de infraestructura que planea AMLO<\/title>\n<meta name=\"description\" content=\"Durante su campa\u00f1a, el presidente electo anunci\u00f3 la construcci\u00f3n de refineras, as\u00ed como un sistema ferroviario y la modernizaci\u00f3n de dos puertos\" \/>\n<meta name=\"robots\" content=\"index, follow, max-snippet:-1, max-image-preview:large, max-video-preview:-1\" \/>\n<link rel=\"canonical\" href=\"https:\/\/centrourbano.com\/revista\/construccion\/estas-las-principales-obras-planea-amlo\/\" \/>\n<meta property=\"og:locale\" content=\"es_ES\" \/>\n<meta property=\"og:type\" content=\"article\" \/>\n<meta property=\"og:title\" content=\"Estas son las principales obras de infraestructura que planea AMLO\" \/>\n<meta property=\"og:description\" content=\"Durante su campa\u00f1a, el presidente electo anunci\u00f3 la construcci\u00f3n de refineras, as\u00ed como un sistema ferroviario y la modernizaci\u00f3n de dos puertos\" \/>\n<meta property=\"og:url\" content=\"https:\/\/centrourbano.com\/revista\/construccion\/estas-las-principales-obras-planea-amlo\/\" \/>\n<meta property=\"og:site_name\" content=\"Centro Urbano\" \/>\n<meta property=\"article:publisher\" content=\"https:\/\/www.facebook.com\/portalcentrourbano\" \/>\n<meta property=\"article:published_time\" content=\"2018-08-15T21:14:07+00:00\" \/>\n<meta property=\"article:modified_time\" content=\"2018-08-15T22:35:44+00:00\" \/>\n<meta property=\"og:image\" content=\"https:\/\/centrourbano.com\/revista\/wp-content\/uploads\/AMLO_Ebrard_ROMO.jpeg\" \/>\n\t<meta property=\"og:image:width\" content=\"800\" \/>\n\t<meta property=\"og:image:height\" content=\"533\" \/>\n\t<meta property=\"og:image:type\" content=\"image\/jpeg\" \/>\n<meta name=\"author\" content=\"Karla Esperanza\" \/>\n<meta name=\"twitter:card\" content=\"summary_large_image\" \/>\n<meta name=\"twitter:creator\" content=\"@CentroUrbano\" \/>\n<meta name=\"twitter:site\" content=\"@CentroUrbano\" \/>\n<meta name=\"twitter:label1\" content=\"Escrito por\" \/>\n\t<meta name=\"twitter:data1\" content=\"Karla Esperanza\" \/>\n\t<meta name=\"twitter:label2\" content=\"Tiempo de lectura\" \/>\n\t<meta name=\"twitter:data2\" content=\"2 minutos\" \/>\n<script type=\"application\/ld+json\" class=\"yoast-schema-graph\">{\"@context\":\"https:\\\/\\\/schema.org\",\"@graph\":[{\"@type\":\"Article\",\"@id\":\"https:\\\/\\\/centrourbano.com\\\/revista\\\/construccion\\\/estas-las-principales-obras-planea-amlo\\\/#article\",\"isPartOf\":{\"@id\":\"https:\\\/\\\/centrourbano.com\\\/revista\\\/construccion\\\/estas-las-principales-obras-planea-amlo\\\/\"},\"author\":{\"name\":\"Karla Esperanza\",\"@id\":\"https:\\\/\\\/centrourbano.com\\\/revista\\\/#\\\/schema\\\/person\\\/1d952c872f21e733a753a18cc4b5298a\"},\"headline\":\"Estas son las principales obras de infraestructura que planea AMLO\",\"datePublished\":\"2018-08-15T21:14:07+00:00\",\"dateModified\":\"2018-08-15T22:35:44+00:00\",\"mainEntityOfPage\":{\"@id\":\"https:\\\/\\\/centrourbano.com\\\/revista\\\/construccion\\\/estas-las-principales-obras-planea-amlo\\\/\"},\"wordCount\":475,\"commentCount\":0,\"publisher\":{\"@id\":\"https:\\\/\\\/centrourbano.com\\\/revista\\\/#organization\"},\"image\":{\"@id\":\"https:\\\/\\\/centrourbano.com\\\/revista\\\/construccion\\\/estas-las-principales-obras-planea-amlo\\\/#primaryimage\"},\"thumbnailUrl\":\"https:\\\/\\\/centrourbano.com\\\/revista\\\/wp-content\\\/uploads\\\/AMLO_Ebrard_ROMO.jpeg\",\"keywords\":[\"AMLO\",\"construcci\u00f3n\",\"infraestructura\",\"puertos\",\"Refiner\u00edas\",\"SCT\",\"Sener\",\"tren\"],\"articleSection\":[\"Construcci\u00f3n\",\"Reportajes\"],\"inLanguage\":\"es\",\"potentialAction\":[{\"@type\":\"CommentAction\",\"name\":\"Comment\",\"target\":[\"https:\\\/\\\/centrourbano.com\\\/revista\\\/construccion\\\/estas-las-principales-obras-planea-amlo\\\/#respond\"]}]},{\"@type\":\"WebPage\",\"@id\":\"https:\\\/\\\/centrourbano.com\\\/revista\\\/construccion\\\/estas-las-principales-obras-planea-amlo\\\/\",\"url\":\"https:\\\/\\\/centrourbano.com\\\/revista\\\/construccion\\\/estas-las-principales-obras-planea-amlo\\\/\",\"name\":\"Estas son las principales obras de infraestructura que planea AMLO\",\"isPartOf\":{\"@id\":\"https:\\\/\\\/centrourbano.com\\\/revista\\\/#website\"},\"primaryImageOfPage\":{\"@id\":\"https:\\\/\\\/centrourbano.com\\\/revista\\\/construccion\\\/estas-las-principales-obras-planea-amlo\\\/#primaryimage\"},\"image\":{\"@id\":\"https:\\\/\\\/centrourbano.com\\\/revista\\\/construccion\\\/estas-las-principales-obras-planea-amlo\\\/#primaryimage\"},\"thumbnailUrl\":\"https:\\\/\\\/centrourbano.com\\\/revista\\\/wp-content\\\/uploads\\\/AMLO_Ebrard_ROMO.jpeg\",\"datePublished\":\"2018-08-15T21:14:07+00:00\",\"dateModified\":\"2018-08-15T22:35:44+00:00\",\"description\":\"Durante su campa\u00f1a, el presidente electo anunci\u00f3 la construcci\u00f3n de refineras, as\u00ed como un sistema ferroviario y la modernizaci\u00f3n de dos puertos\",\"breadcrumb\":{\"@id\":\"https:\\\/\\\/centrourbano.com\\\/revista\\\/construccion\\\/estas-las-principales-obras-planea-amlo\\\/#breadcrumb\"},\"inLanguage\":\"es\",\"potentialAction\":[{\"@type\":\"ReadAction\",\"target\":[\"https:\\\/\\\/centrourbano.com\\\/revista\\\/construccion\\\/estas-las-principales-obras-planea-amlo\\\/\"]}]},{\"@type\":\"ImageObject\",\"inLanguage\":\"es\",\"@id\":\"https:\\\/\\\/centrourbano.com\\\/revista\\\/construccion\\\/estas-las-principales-obras-planea-amlo\\\/#primaryimage\",\"url\":\"https:\\\/\\\/centrourbano.com\\\/revista\\\/wp-content\\\/uploads\\\/AMLO_Ebrard_ROMO.jpeg\",\"contentUrl\":\"https:\\\/\\\/centrourbano.com\\\/revista\\\/wp-content\\\/uploads\\\/AMLO_Ebrard_ROMO.jpeg\",\"width\":800,\"height\":533,\"caption\":\"Entre las medidas se encuentra incrementar la producci\u00f3n petrolera diaria\"},{\"@type\":\"BreadcrumbList\",\"@id\":\"https:\\\/\\\/centrourbano.com\\\/revista\\\/construccion\\\/estas-las-principales-obras-planea-amlo\\\/#breadcrumb\",\"itemListElement\":[{\"@type\":\"ListItem\",\"position\":1,\"name\":\"Portada\",\"item\":\"https:\\\/\\\/centrourbano.com\\\/revista\\\/\"},{\"@type\":\"ListItem\",\"position\":2,\"name\":\"Estas son las principales obras de infraestructura que planea AMLO\"}]},{\"@type\":\"WebSite\",\"@id\":\"https:\\\/\\\/centrourbano.com\\\/revista\\\/#website\",\"url\":\"https:\\\/\\\/centrourbano.com\\\/revista\\\/\",\"name\":\"Centro Urbano\",\"description\":\"Medio especializado en los sectores vivienda, inmobiliario, construcci\u00f3n, arquitectura y urbanismo.\",\"publisher\":{\"@id\":\"https:\\\/\\\/centrourbano.com\\\/revista\\\/#organization\"},\"potentialAction\":[{\"@type\":\"SearchAction\",\"target\":{\"@type\":\"EntryPoint\",\"urlTemplate\":\"https:\\\/\\\/centrourbano.com\\\/revista\\\/?s={search_term_string}\"},\"query-input\":{\"@type\":\"PropertyValueSpecification\",\"valueRequired\":true,\"valueName\":\"search_term_string\"}}],\"inLanguage\":\"es\"},{\"@type\":\"Organization\",\"@id\":\"https:\\\/\\\/centrourbano.com\\\/revista\\\/#organization\",\"name\":\"Centro Urbano\",\"url\":\"https:\\\/\\\/centrourbano.com\\\/revista\\\/\",\"logo\":{\"@type\":\"ImageObject\",\"inLanguage\":\"es\",\"@id\":\"https:\\\/\\\/centrourbano.com\\\/revista\\\/#\\\/schema\\\/logo\\\/image\\\/\",\"url\":\"https:\\\/\\\/centrourbano.com\\\/revista\\\/wp-content\\\/uploads\\\/web_CU_logo-1.png\",\"contentUrl\":\"https:\\\/\\\/centrourbano.com\\\/revista\\\/wp-content\\\/uploads\\\/web_CU_logo-1.png\",\"width\":350,\"height\":91,\"caption\":\"Centro Urbano\"},\"image\":{\"@id\":\"https:\\\/\\\/centrourbano.com\\\/revista\\\/#\\\/schema\\\/logo\\\/image\\\/\"},\"sameAs\":[\"https:\\\/\\\/www.facebook.com\\\/portalcentrourbano\",\"https:\\\/\\\/x.com\\\/CentroUrbano\",\"https:\\\/\\\/www.instagram.com\\\/centro_urbano\\\/\",\"https:\\\/\\\/www.linkedin.com\\\/company\\\/centro-urbano\\\/\",\"http:\\\/\\\/www.youtube.com\\\/user\\\/portalcentrourbano\"]},{\"@type\":\"Person\",\"@id\":\"https:\\\/\\\/centrourbano.com\\\/revista\\\/#\\\/schema\\\/person\\\/1d952c872f21e733a753a18cc4b5298a\",\"name\":\"Karla Esperanza\",\"image\":{\"@type\":\"ImageObject\",\"inLanguage\":\"es\",\"@id\":\"https:\\\/\\\/secure.gravatar.com\\\/avatar\\\/bea847a7925ef868d37c5a55ab5e341c9e769fab11b85a359090daa4d6fb4a2e?s=96&d=mm&r=g\",\"url\":\"https:\\\/\\\/secure.gravatar.com\\\/avatar\\\/bea847a7925ef868d37c5a55ab5e341c9e769fab11b85a359090daa4d6fb4a2e?s=96&d=mm&r=g\",\"contentUrl\":\"https:\\\/\\\/secure.gravatar.com\\\/avatar\\\/bea847a7925ef868d37c5a55ab5e341c9e769fab11b85a359090daa4d6fb4a2e?s=96&d=mm&r=g\",\"caption\":\"Karla Esperanza\"},\"url\":\"https:\\\/\\\/centrourbano.com\\\/revista\\\/author\\\/karla-esperanza\\\/\"}]}<\/script>\n<!-- \/ Yoast SEO plugin. -->","yoast_head_json":{"title":"Estas son las principales obras de infraestructura que planea AMLO","description":"Durante su campa\u00f1a, el presidente electo anunci\u00f3 la construcci\u00f3n de refineras, as\u00ed como un sistema ferroviario y la modernizaci\u00f3n de dos puertos","robots":{"index":"index","follow":"follow","max-snippet":"max-snippet:-1","max-image-preview":"max-image-preview:large","max-video-preview":"max-video-preview:-1"},"canonical":"https:\/\/centrourbano.com\/revista\/construccion\/estas-las-principales-obras-planea-amlo\/","og_locale":"es_ES","og_type":"article","og_title":"Estas son las principales obras de infraestructura que planea AMLO","og_description":"Durante su campa\u00f1a, el presidente electo anunci\u00f3 la construcci\u00f3n de refineras, as\u00ed como un sistema ferroviario y la modernizaci\u00f3n de dos puertos","og_url":"https:\/\/centrourbano.com\/revista\/construccion\/estas-las-principales-obras-planea-amlo\/","og_site_name":"Centro Urbano","article_publisher":"https:\/\/www.facebook.com\/portalcentrourbano","article_published_time":"2018-08-15T21:14:07+00:00","article_modified_time":"2018-08-15T22:35:44+00:00","og_image":[{"width":800,"height":533,"url":"https:\/\/centrourbano.com\/revista\/wp-content\/uploads\/AMLO_Ebrard_ROMO.jpeg","type":"image\/jpeg"}],"author":"Karla Esperanza","twitter_card":"summary_large_image","twitter_creator":"@CentroUrbano","twitter_site":"@CentroUrbano","twitter_misc":{"Escrito por":"Karla Esperanza","Tiempo de lectura":"2 minutos"},"schema":{"@context":"https:\/\/schema.org","@graph":[{"@type":"Article","@id":"https:\/\/centrourbano.com\/revista\/construccion\/estas-las-principales-obras-planea-amlo\/#article","isPartOf":{"@id":"https:\/\/centrourbano.com\/revista\/construccion\/estas-las-principales-obras-planea-amlo\/"},"author":{"name":"Karla Esperanza","@id":"https:\/\/centrourbano.com\/revista\/#\/schema\/person\/1d952c872f21e733a753a18cc4b5298a"},"headline":"Estas son las principales obras de infraestructura que planea AMLO","datePublished":"2018-08-15T21:14:07+00:00","dateModified":"2018-08-15T22:35:44+00:00","mainEntityOfPage":{"@id":"https:\/\/centrourbano.com\/revista\/construccion\/estas-las-principales-obras-planea-amlo\/"},"wordCount":475,"commentCount":0,"publisher":{"@id":"https:\/\/centrourbano.com\/revista\/#organization"},"image":{"@id":"https:\/\/centrourbano.com\/revista\/construccion\/estas-las-principales-obras-planea-amlo\/#primaryimage"},"thumbnailUrl":"https:\/\/centrourbano.com\/revista\/wp-content\/uploads\/AMLO_Ebrard_ROMO.jpeg","keywords":["AMLO","construcci\u00f3n","infraestructura","puertos","Refiner\u00edas","SCT","Sener","tren"],"articleSection":["Construcci\u00f3n","Reportajes"],"inLanguage":"es","potentialAction":[{"@type":"CommentAction","name":"Comment","target":["https:\/\/centrourbano.com\/revista\/construccion\/estas-las-principales-obras-planea-amlo\/#respond"]}]},{"@type":"WebPage","@id":"https:\/\/centrourbano.com\/revista\/construccion\/estas-las-principales-obras-planea-amlo\/","url":"https:\/\/centrourbano.com\/revista\/construccion\/estas-las-principales-obras-planea-amlo\/","name":"Estas son las principales obras de infraestructura que planea AMLO","isPartOf":{"@id":"https:\/\/centrourbano.com\/revista\/#website"},"primaryImageOfPage":{"@id":"https:\/\/centrourbano.com\/revista\/construccion\/estas-las-principales-obras-planea-amlo\/#primaryimage"},"image":{"@id":"https:\/\/centrourbano.com\/revista\/construccion\/estas-las-principales-obras-planea-amlo\/#primaryimage"},"thumbnailUrl":"https:\/\/centrourbano.com\/revista\/wp-content\/uploads\/AMLO_Ebrard_ROMO.jpeg","datePublished":"2018-08-15T21:14:07+00:00","dateModified":"2018-08-15T22:35:44+00:00","description":"Durante su campa\u00f1a, el presidente electo anunci\u00f3 la construcci\u00f3n de refineras, as\u00ed como un sistema ferroviario y la modernizaci\u00f3n de dos puertos","breadcrumb":{"@id":"https:\/\/centrourbano.com\/revista\/construccion\/estas-las-principales-obras-planea-amlo\/#breadcrumb"},"inLanguage":"es","potentialAction":[{"@type":"ReadAction","target":["https:\/\/centrourbano.com\/revista\/construccion\/estas-las-principales-obras-planea-amlo\/"]}]},{"@type":"ImageObject","inLanguage":"es","@id":"https:\/\/centrourbano.com\/revista\/construccion\/estas-las-principales-obras-planea-amlo\/#primaryimage","url":"https:\/\/centrourbano.com\/revista\/wp-content\/uploads\/AMLO_Ebrard_ROMO.jpeg","contentUrl":"https:\/\/centrourbano.com\/revista\/wp-content\/uploads\/AMLO_Ebrard_ROMO.jpeg","width":800,"height":533,"caption":"Entre las medidas se encuentra incrementar la producci\u00f3n petrolera diaria"},{"@type":"BreadcrumbList","@id":"https:\/\/centrourbano.com\/revista\/construccion\/estas-las-principales-obras-planea-amlo\/#breadcrumb","itemListElement":[{"@type":"ListItem","position":1,"name":"Portada","item":"https:\/\/centrourbano.com\/revista\/"},{"@type":"ListItem","position":2,"name":"Estas son las principales obras de infraestructura que planea AMLO"}]},{"@type":"WebSite","@id":"https:\/\/centrourbano.com\/revista\/#website","url":"https:\/\/centrourbano.com\/revista\/","name":"Centro Urbano","description":"Medio especializado en los sectores vivienda, inmobiliario, construcci\u00f3n, arquitectura y urbanismo.","publisher":{"@id":"https:\/\/centrourbano.com\/revista\/#organization"},"potentialAction":[{"@type":"SearchAction","target":{"@type":"EntryPoint","urlTemplate":"https:\/\/centrourbano.com\/revista\/?s={search_term_string}"},"query-input":{"@type":"PropertyValueSpecification","valueRequired":true,"valueName":"search_term_string"}}],"inLanguage":"es"},{"@type":"Organization","@id":"https:\/\/centrourbano.com\/revista\/#organization","name":"Centro Urbano","url":"https:\/\/centrourbano.com\/revista\/","logo":{"@type":"ImageObject","inLanguage":"es","@id":"https:\/\/centrourbano.com\/revista\/#\/schema\/logo\/image\/","url":"https:\/\/centrourbano.com\/revista\/wp-content\/uploads\/web_CU_logo-1.png","contentUrl":"https:\/\/centrourbano.com\/revista\/wp-content\/uploads\/web_CU_logo-1.png","width":350,"height":91,"caption":"Centro Urbano"},"image":{"@id":"https:\/\/centrourbano.com\/revista\/#\/schema\/logo\/image\/"},"sameAs":["https:\/\/www.facebook.com\/portalcentrourbano","https:\/\/x.com\/CentroUrbano","https:\/\/www.instagram.com\/centro_urbano\/","https:\/\/www.linkedin.com\/company\/centro-urbano\/","http:\/\/www.youtube.com\/user\/portalcentrourbano"]},{"@type":"Person","@id":"https:\/\/centrourbano.com\/revista\/#\/schema\/person\/1d952c872f21e733a753a18cc4b5298a","name":"Karla Esperanza","image":{"@type":"ImageObject","inLanguage":"es","@id":"https:\/\/secure.gravatar.com\/avatar\/bea847a7925ef868d37c5a55ab5e341c9e769fab11b85a359090daa4d6fb4a2e?s=96&d=mm&r=g","url":"https:\/\/secure.gravatar.com\/avatar\/bea847a7925ef868d37c5a55ab5e341c9e769fab11b85a359090daa4d6fb4a2e?s=96&d=mm&r=g","contentUrl":"https:\/\/secure.gravatar.com\/avatar\/bea847a7925ef868d37c5a55ab5e341c9e769fab11b85a359090daa4d6fb4a2e?s=96&d=mm&r=g","caption":"Karla Esperanza"},"url":"https:\/\/centrourbano.com\/revista\/author\/karla-esperanza\/"}]}},"_links":{"self":[{"href":"https:\/\/centrourbano.com\/revista\/wp-json\/wp\/v2\/posts\/76438","targetHints":{"allow":["GET"]}}],"collection":[{"href":"https:\/\/centrourbano.com\/revista\/wp-json\/wp\/v2\/posts"}],"about":[{"href":"https:\/\/centrourbano.com\/revista\/wp-json\/wp\/v2\/types\/post"}],"author":[{"embeddable":true,"href":"https:\/\/centrourbano.com\/revista\/wp-json\/wp\/v2\/users\/64"}],"replies":[{"embeddable":true,"href":"https:\/\/centrourbano.com\/revista\/wp-json\/wp\/v2\/comments?post=76438"}],"version-history":[{"count":5,"href":"https:\/\/centrourbano.com\/revista\/wp-json\/wp\/v2\/posts\/76438\/revisions"}],"predecessor-version":[{"id":76462,"href":"https:\/\/centrourbano.com\/revista\/wp-json\/wp\/v2\/posts\/76438\/revisions\/76462"}],"wp:featuredmedia":[{"embeddable":true,"href":"https:\/\/centrourbano.com\/revista\/wp-json\/wp\/v2\/media\/75230"}],"wp:attachment":[{"href":"https:\/\/centrourbano.com\/revista\/wp-json\/wp\/v2\/media?parent=76438"}],"wp:term":[{"taxonomy":"category","embeddable":true,"href":"https:\/\/centrourbano.com\/revista\/wp-json\/wp\/v2\/categories?post=76438"},{"taxonomy":"post_tag","embeddable":true,"href":"https:\/\/centrourbano.com\/revista\/wp-json\/wp\/v2\/tags?post=76438"}],"curies":[{"name":"wp","href":"https:\/\/api.w.org\/{rel}","templated":true}]}}