{"id":76413,"date":"2018-08-15T14:44:37","date_gmt":"2018-08-15T19:44:37","guid":{"rendered":"https:\/\/centrourbano.com\/?p=76413"},"modified":"2018-08-15T17:26:52","modified_gmt":"2018-08-15T22:26:52","slug":"la-empresa-yucateca-que-apuesta-por-el-sureste","status":"publish","type":"post","link":"https:\/\/centrourbano.com\/revista\/entrevistas\/la-empresa-yucateca-que-apuesta-por-el-sureste\/","title":{"rendered":"La empresa yucateca que apuesta por el sureste"},"content":{"rendered":"<p><em>Con una emisi\u00f3n a la BMV de 6,000 mdp, Inmobilia tiene planes para 28 proyectos en esta regi\u00f3n de M\u00e9xico\u00a0<\/em><!--more--><\/p>\n<p>Inmobilia Desarrollos se convirti\u00f3 en la primera empresa yucateca en emitir un fondo inmobiliario a la Bolsa Mexicana de Valores por un monto global de 6,000 millones de pesos, con el que se desarrollar\u00e1n proyectos de co-participaci\u00f3n en todo el pa\u00eds y ha\u00a0colocado al sureste como uno de los puntos estrat\u00e9gicos para la inversi\u00f3n.<\/p>\n<p>En entrevista para <strong>Centro Urbano<\/strong>,\u00a0Roberto Kelleher Vales, director general de<strong> <a href=\"https:\/\/www.inmobiliamx.com\/\" target=\"_blank\" rel=\"noopener noreferrer\">Inmobilia Desarrollos<\/a>,\u00a0<\/strong>explic\u00f3 que esta colocaci\u00f3n es una gran oportunidad para mantener su ritmo de crecimiento en la regi\u00f3n del sur y la pen\u00ednsula de Yucat\u00e1n, frente a mercados consolidados principalmente del centro y norte del pa\u00eds.<\/p>\n<p>\u00abTodos los fondos institucionales y en espec\u00edfico los <strong>CKDs<\/strong> de la Bolsa se han concentrado mucho en estas tres ciudades: Ciudad de M\u00e9xico, Monterrey y Guadalajara, tal vez tambi\u00e9n la parte del Baj\u00edo y la parte industrial del norte para naves industriales. La caracter\u00edstica del sureste es que tiene muchas zonas potenciales que durante muchos a\u00f1os hemos aprovechado\u00bb, detall\u00f3.<\/p>\n<p>Ante este panorama, uno de los principales temas de inter\u00e9s\u00a0donde la firma ve oportunidades es\u00a0el plan de <strong>descentralizaci\u00f3n<\/strong> del gobierno de Andr\u00e9s Manuel L\u00f3pez Obrador y la consolidaci\u00f3n de la <strong>Reforma Energ\u00e9tica<\/strong>, principalmente para ciudades como Villahermosa y Ciudad del Carmen que durante\u00a0casi 30 a\u00f1os produc\u00edan 80% de la extracci\u00f3n de crudo en M\u00e9xico y hoy\u00a0est\u00e1n a la baja.<\/p>\n<p>Inmobilia ha realizado inversiones principalmente en la zona tur\u00edstica de la Riviera Maya, en ciudades como Canc\u00fan, Playa del Carmen, Tul\u00fam y M\u00e9rida, donde\u00a0desarrolla \u00abcomunidades planeadas\u00bb apropiadas para los segmentos de\u00a0hoteler\u00eda, centros comerciales, residenciales y oficinas. Sin embargo, tambi\u00e9n ven oportunidad en ciudades medias con los planes del pr\u00f3ximo gobierno.<\/p>\n<p>\u00abEs importante que exista la infraestructura en cada una de estas ciudades que est\u00e1n proponiendo para ser sedes de algunas dependencias porque, al final del d\u00eda, lo que se est\u00e1 moviendo es a personas que necesitan d\u00f3nde vivir, d\u00f3nde ir al colegio o tener un buen hospital; s\u00ed es importante que se pueda contar con un buen plan de inversi\u00f3n en infraestructura para todas estas zonas\u00bb, apunt\u00f3 el directivo.<\/p>\n<p><strong>La apuesta por el sur<\/strong><\/p>\n<p>La colocaci\u00f3n realizada por Inmobilia en la Bolsa convierte al sur-sureste en \u00abel \u00fanico fondo institucional desde Puebla hasta Quintana Roo con un mercado inmobiliario muy interesante\u00bb, que permite a la empresa mantener su esquema de co-desarrollo con otros socios a nivel nacional.<\/p>\n<p>De acuerdo con\u00a0Kelleher Vales se trata de una inversi\u00f3n en dos series de 3,000 millones de pesos cada una que dan un monto global de 6,000 mdp, con un panorama de inversi\u00f3n a cuatro a\u00f1os para 28 proyectos concentrados en el sur de M\u00e9xico.<\/p>\n<p>\u00abPodemos invertir en negocios de comunidades planeadas que son tierra con infraestructura, en negocios comerciales, centros residenciales, hoteler\u00eda, hospitales y plataformas log\u00edsticas para la industria. La particularidad de esta emisi\u00f3n es que teniendo estos 6,000 mdp podamos lograr un apalancamiento en muchos de los proyectos que alcancen inversiones de 18,000 o 20,000 millones de pesos\u00bb, agreg\u00f3 el empresario.<\/p>\n<p>Inmobilia tiene programas de\u00a0co-desarrollo en Monterrey con<a href=\"http:\/\/www.ucalli.com\/\" target=\"_blank\" rel=\"noopener noreferrer\"><strong> U-Calli<\/strong><\/a>, as\u00ed como en la Ciudad de M\u00e9xico con socios como <a href=\"http:\/\/www.gsf-hotels.com\/\" target=\"_blank\" rel=\"noopener noreferrer\"><strong>Grupo Hotelero Santa Fe<\/strong><\/a>, <a href=\"http:\/\/www.thorurbana.com\/es\/\" target=\"_blank\" rel=\"noopener noreferrer\"><strong>Thor Ubana<\/strong><\/a> y en Miami con <a href=\"http:\/\/www.relatedgroup.com\/\" target=\"_blank\" rel=\"noopener noreferrer\"><strong>Related Group<\/strong><\/a>; esta nueva emisi\u00f3n\u00a0les permitir\u00eda crecer su portafolio.<\/p>\n<p>Actualmente la empresa tiene desarrollados proyectos de usos mixtos en la ciudad de M\u00e9rida, como la Via Montejo, que cuenta con un centro comercial con 60,000 m2 de \u00e1rea rentable, un parque corporativo para 7 torres, de las cuales dos est\u00e1n en construcci\u00f3n, que son 90,000 m2 rentables.<\/p>\n<p>Este complejo tambi\u00e9n cuenta con una sede diplom\u00e1tica de un gobierno extranjero y 1,100 departamentos. El proyecto fue acelerado a partir de enero de 2018 y ya se inaugur\u00f3 el centro comercial, la parte corporativa y se entregaron los primeros 500 departamentos; el lanzamiento del espacio consular est\u00e1 previsto para octubre de 2018.<\/p>\n<p>En la parte tur\u00edstica de la zona de Canc\u00fan han lanzado la segunda torre del SLS Harbour Beach, as\u00ed como el Hotel SLS Puerto Canc\u00fan; y en Tulum se desarrolla un proyecto nuevo residencial, as\u00ed como en la Riviera Maya frente a la zona de Xcaret, todo esto en este a\u00f1o.<\/p>\n","protected":false},"excerpt":{"rendered":"<p>Con una emisi\u00f3n a la BMV de 6,000 mdp, Inmobilia tiene planes para 28 proyectos en esta regi\u00f3n de M\u00e9xico\u00a0<\/p>\n","protected":false},"author":69,"featured_media":76431,"comment_status":"open","ping_status":"closed","sticky":false,"template":"","format":"standard","meta":{"om_disable_all_campaigns":false,"inline_featured_image":false,"_monsterinsights_skip_tracking":false,"_monsterinsights_sitenote_active":false,"_monsterinsights_sitenote_note":"","_monsterinsights_sitenote_category":0,"footnotes":""},"categories":[13,15],"tags":[14207,13908,14206,59,548,4388],"class_list":["post-76413","post","type-post","status-publish","format-standard","has-post-thumbnail","hentry","category-entrevistas","category-inmobiliario","tag-ckds","tag-descentralizacion","tag-inmobilia-desarrollos","tag-merida","tag-reforma-energetica","tag-via-montejo"],"yoast_head":"<!-- This site is optimized with the Yoast SEO plugin v27.4 - https:\/\/yoast.com\/product\/yoast-seo-wordpress\/ -->\n<title>La empresa yucateca que apuesta por el sureste<\/title>\n<meta name=\"description\" content=\"Con una emisi\u00f3n a la BMV de 6,000 mdp, Inmobilia tiene planes para 28 proyectos en esta regi\u00f3n de M\u00e9xico\" \/>\n<meta name=\"robots\" content=\"index, follow, max-snippet:-1, max-image-preview:large, max-video-preview:-1\" \/>\n<link rel=\"canonical\" href=\"https:\/\/centrourbano.com\/revista\/entrevistas\/la-empresa-yucateca-que-apuesta-por-el-sureste\/\" \/>\n<meta property=\"og:locale\" content=\"es_ES\" \/>\n<meta property=\"og:type\" content=\"article\" \/>\n<meta property=\"og:title\" content=\"La empresa yucateca que apuesta por el sureste\" \/>\n<meta property=\"og:description\" content=\"Con una emisi\u00f3n a la BMV de 6,000 mdp, Inmobilia tiene planes para 28 proyectos en esta regi\u00f3n de M\u00e9xico\" \/>\n<meta property=\"og:url\" content=\"https:\/\/centrourbano.com\/revista\/entrevistas\/la-empresa-yucateca-que-apuesta-por-el-sureste\/\" \/>\n<meta property=\"og:site_name\" content=\"Centro Urbano\" \/>\n<meta property=\"article:publisher\" content=\"https:\/\/www.facebook.com\/portalcentrourbano\" \/>\n<meta property=\"article:published_time\" content=\"2018-08-15T19:44:37+00:00\" \/>\n<meta property=\"article:modified_time\" content=\"2018-08-15T22:26:52+00:00\" \/>\n<meta property=\"og:image\" content=\"https:\/\/centrourbano.com\/revista\/wp-content\/uploads\/Montejo_opt.png\" \/>\n\t<meta property=\"og:image:width\" content=\"700\" \/>\n\t<meta property=\"og:image:height\" content=\"489\" \/>\n\t<meta property=\"og:image:type\" content=\"image\/png\" \/>\n<meta name=\"author\" content=\"Fernando Navarrete\" \/>\n<meta name=\"twitter:card\" content=\"summary_large_image\" \/>\n<meta name=\"twitter:creator\" content=\"@CentroUrbano\" \/>\n<meta name=\"twitter:site\" content=\"@CentroUrbano\" \/>\n<meta name=\"twitter:label1\" content=\"Escrito por\" \/>\n\t<meta name=\"twitter:data1\" content=\"Fernando Navarrete\" \/>\n\t<meta name=\"twitter:label2\" content=\"Tiempo de lectura\" \/>\n\t<meta name=\"twitter:data2\" content=\"4 minutos\" \/>\n<script type=\"application\/ld+json\" class=\"yoast-schema-graph\">{\"@context\":\"https:\\\/\\\/schema.org\",\"@graph\":[{\"@type\":\"Article\",\"@id\":\"https:\\\/\\\/centrourbano.com\\\/revista\\\/entrevistas\\\/la-empresa-yucateca-que-apuesta-por-el-sureste\\\/#article\",\"isPartOf\":{\"@id\":\"https:\\\/\\\/centrourbano.com\\\/revista\\\/entrevistas\\\/la-empresa-yucateca-que-apuesta-por-el-sureste\\\/\"},\"author\":{\"name\":\"Fernando Navarrete\",\"@id\":\"https:\\\/\\\/centrourbano.com\\\/revista\\\/#\\\/schema\\\/person\\\/515c32d01ece40d20a7ed3fdf34051af\"},\"headline\":\"La empresa yucateca que apuesta por el sureste\",\"datePublished\":\"2018-08-15T19:44:37+00:00\",\"dateModified\":\"2018-08-15T22:26:52+00:00\",\"mainEntityOfPage\":{\"@id\":\"https:\\\/\\\/centrourbano.com\\\/revista\\\/entrevistas\\\/la-empresa-yucateca-que-apuesta-por-el-sureste\\\/\"},\"wordCount\":760,\"commentCount\":0,\"publisher\":{\"@id\":\"https:\\\/\\\/centrourbano.com\\\/revista\\\/#organization\"},\"image\":{\"@id\":\"https:\\\/\\\/centrourbano.com\\\/revista\\\/entrevistas\\\/la-empresa-yucateca-que-apuesta-por-el-sureste\\\/#primaryimage\"},\"thumbnailUrl\":\"https:\\\/\\\/centrourbano.com\\\/revista\\\/wp-content\\\/uploads\\\/Montejo_opt.png\",\"keywords\":[\"CKDs\",\"Descentralizaci\u00f3n\",\"Inmobilia Desarrollos\",\"M\u00e9rida\",\"Reforma Energ\u00e9tica\",\"V\u00eda Montejo\"],\"articleSection\":[\"Entrevistas\",\"Inmobiliario\"],\"inLanguage\":\"es\",\"potentialAction\":[{\"@type\":\"CommentAction\",\"name\":\"Comment\",\"target\":[\"https:\\\/\\\/centrourbano.com\\\/revista\\\/entrevistas\\\/la-empresa-yucateca-que-apuesta-por-el-sureste\\\/#respond\"]}]},{\"@type\":\"WebPage\",\"@id\":\"https:\\\/\\\/centrourbano.com\\\/revista\\\/entrevistas\\\/la-empresa-yucateca-que-apuesta-por-el-sureste\\\/\",\"url\":\"https:\\\/\\\/centrourbano.com\\\/revista\\\/entrevistas\\\/la-empresa-yucateca-que-apuesta-por-el-sureste\\\/\",\"name\":\"La empresa yucateca que apuesta por el sureste\",\"isPartOf\":{\"@id\":\"https:\\\/\\\/centrourbano.com\\\/revista\\\/#website\"},\"primaryImageOfPage\":{\"@id\":\"https:\\\/\\\/centrourbano.com\\\/revista\\\/entrevistas\\\/la-empresa-yucateca-que-apuesta-por-el-sureste\\\/#primaryimage\"},\"image\":{\"@id\":\"https:\\\/\\\/centrourbano.com\\\/revista\\\/entrevistas\\\/la-empresa-yucateca-que-apuesta-por-el-sureste\\\/#primaryimage\"},\"thumbnailUrl\":\"https:\\\/\\\/centrourbano.com\\\/revista\\\/wp-content\\\/uploads\\\/Montejo_opt.png\",\"datePublished\":\"2018-08-15T19:44:37+00:00\",\"dateModified\":\"2018-08-15T22:26:52+00:00\",\"description\":\"Con una emisi\u00f3n a la BMV de 6,000 mdp, Inmobilia tiene planes para 28 proyectos en esta regi\u00f3n de M\u00e9xico\",\"breadcrumb\":{\"@id\":\"https:\\\/\\\/centrourbano.com\\\/revista\\\/entrevistas\\\/la-empresa-yucateca-que-apuesta-por-el-sureste\\\/#breadcrumb\"},\"inLanguage\":\"es\",\"potentialAction\":[{\"@type\":\"ReadAction\",\"target\":[\"https:\\\/\\\/centrourbano.com\\\/revista\\\/entrevistas\\\/la-empresa-yucateca-que-apuesta-por-el-sureste\\\/\"]}]},{\"@type\":\"ImageObject\",\"inLanguage\":\"es\",\"@id\":\"https:\\\/\\\/centrourbano.com\\\/revista\\\/entrevistas\\\/la-empresa-yucateca-que-apuesta-por-el-sureste\\\/#primaryimage\",\"url\":\"https:\\\/\\\/centrourbano.com\\\/revista\\\/wp-content\\\/uploads\\\/Montejo_opt.png\",\"contentUrl\":\"https:\\\/\\\/centrourbano.com\\\/revista\\\/wp-content\\\/uploads\\\/Montejo_opt.png\",\"width\":700,\"height\":489,\"caption\":\"Con una emisi\u00f3n a la BMV de 6,000 mdp, Inmobilia tiene planes para 28 proyectos en esta regi\u00f3n de M\u00e9xico\"},{\"@type\":\"BreadcrumbList\",\"@id\":\"https:\\\/\\\/centrourbano.com\\\/revista\\\/entrevistas\\\/la-empresa-yucateca-que-apuesta-por-el-sureste\\\/#breadcrumb\",\"itemListElement\":[{\"@type\":\"ListItem\",\"position\":1,\"name\":\"Portada\",\"item\":\"https:\\\/\\\/centrourbano.com\\\/revista\\\/\"},{\"@type\":\"ListItem\",\"position\":2,\"name\":\"La empresa yucateca que apuesta por el sureste\"}]},{\"@type\":\"WebSite\",\"@id\":\"https:\\\/\\\/centrourbano.com\\\/revista\\\/#website\",\"url\":\"https:\\\/\\\/centrourbano.com\\\/revista\\\/\",\"name\":\"Centro Urbano\",\"description\":\"Medio especializado en los sectores vivienda, inmobiliario, construcci\u00f3n, arquitectura y urbanismo.\",\"publisher\":{\"@id\":\"https:\\\/\\\/centrourbano.com\\\/revista\\\/#organization\"},\"potentialAction\":[{\"@type\":\"SearchAction\",\"target\":{\"@type\":\"EntryPoint\",\"urlTemplate\":\"https:\\\/\\\/centrourbano.com\\\/revista\\\/?s={search_term_string}\"},\"query-input\":{\"@type\":\"PropertyValueSpecification\",\"valueRequired\":true,\"valueName\":\"search_term_string\"}}],\"inLanguage\":\"es\"},{\"@type\":\"Organization\",\"@id\":\"https:\\\/\\\/centrourbano.com\\\/revista\\\/#organization\",\"name\":\"Centro Urbano\",\"url\":\"https:\\\/\\\/centrourbano.com\\\/revista\\\/\",\"logo\":{\"@type\":\"ImageObject\",\"inLanguage\":\"es\",\"@id\":\"https:\\\/\\\/centrourbano.com\\\/revista\\\/#\\\/schema\\\/logo\\\/image\\\/\",\"url\":\"https:\\\/\\\/centrourbano.com\\\/revista\\\/wp-content\\\/uploads\\\/web_CU_logo-1.png\",\"contentUrl\":\"https:\\\/\\\/centrourbano.com\\\/revista\\\/wp-content\\\/uploads\\\/web_CU_logo-1.png\",\"width\":350,\"height\":91,\"caption\":\"Centro Urbano\"},\"image\":{\"@id\":\"https:\\\/\\\/centrourbano.com\\\/revista\\\/#\\\/schema\\\/logo\\\/image\\\/\"},\"sameAs\":[\"https:\\\/\\\/www.facebook.com\\\/portalcentrourbano\",\"https:\\\/\\\/x.com\\\/CentroUrbano\",\"https:\\\/\\\/www.instagram.com\\\/centro_urbano\\\/\",\"https:\\\/\\\/www.linkedin.com\\\/company\\\/centro-urbano\\\/\",\"http:\\\/\\\/www.youtube.com\\\/user\\\/portalcentrourbano\"]},{\"@type\":\"Person\",\"@id\":\"https:\\\/\\\/centrourbano.com\\\/revista\\\/#\\\/schema\\\/person\\\/515c32d01ece40d20a7ed3fdf34051af\",\"name\":\"Fernando Navarrete\",\"image\":{\"@type\":\"ImageObject\",\"inLanguage\":\"es\",\"@id\":\"https:\\\/\\\/secure.gravatar.com\\\/avatar\\\/f4dd6927a99e72698473e350e20ec8a38bd48cb668e15b03d04e8e537da41ad0?s=96&d=mm&r=g\",\"url\":\"https:\\\/\\\/secure.gravatar.com\\\/avatar\\\/f4dd6927a99e72698473e350e20ec8a38bd48cb668e15b03d04e8e537da41ad0?s=96&d=mm&r=g\",\"contentUrl\":\"https:\\\/\\\/secure.gravatar.com\\\/avatar\\\/f4dd6927a99e72698473e350e20ec8a38bd48cb668e15b03d04e8e537da41ad0?s=96&d=mm&r=g\",\"caption\":\"Fernando Navarrete\"},\"description\":\"Reportero de negocios, inmobiliario, construcci\u00f3n e industria. Me interesa la econom\u00eda, pol\u00edtica, historia y antropolog\u00eda. Estudi\u00e9 en la Facultad de Ciencias Pol\u00edticas y Sociales de la UNAM. Tengo experiencia en el sector p\u00fablico, la industria del acero, ingenier\u00eda civil, IT y corporativos; soy un nost\u00e1lgico nacionalista contempor\u00e1neo que cree en la grandeza de su pa\u00eds. Asiduo lector de Juan Rulfo, Jos\u00e9 Revueltas y J. R. R Tolkien.\",\"url\":\"https:\\\/\\\/centrourbano.com\\\/revista\\\/author\\\/fernando-navarrete\\\/\"}]}<\/script>\n<!-- \/ Yoast SEO plugin. -->","yoast_head_json":{"title":"La empresa yucateca que apuesta por el sureste","description":"Con una emisi\u00f3n a la BMV de 6,000 mdp, Inmobilia tiene planes para 28 proyectos en esta regi\u00f3n de M\u00e9xico","robots":{"index":"index","follow":"follow","max-snippet":"max-snippet:-1","max-image-preview":"max-image-preview:large","max-video-preview":"max-video-preview:-1"},"canonical":"https:\/\/centrourbano.com\/revista\/entrevistas\/la-empresa-yucateca-que-apuesta-por-el-sureste\/","og_locale":"es_ES","og_type":"article","og_title":"La empresa yucateca que apuesta por el sureste","og_description":"Con una emisi\u00f3n a la BMV de 6,000 mdp, Inmobilia tiene planes para 28 proyectos en esta regi\u00f3n de M\u00e9xico","og_url":"https:\/\/centrourbano.com\/revista\/entrevistas\/la-empresa-yucateca-que-apuesta-por-el-sureste\/","og_site_name":"Centro Urbano","article_publisher":"https:\/\/www.facebook.com\/portalcentrourbano","article_published_time":"2018-08-15T19:44:37+00:00","article_modified_time":"2018-08-15T22:26:52+00:00","og_image":[{"width":700,"height":489,"url":"https:\/\/centrourbano.com\/revista\/wp-content\/uploads\/Montejo_opt.png","type":"image\/png"}],"author":"Fernando Navarrete","twitter_card":"summary_large_image","twitter_creator":"@CentroUrbano","twitter_site":"@CentroUrbano","twitter_misc":{"Escrito por":"Fernando Navarrete","Tiempo de lectura":"4 minutos"},"schema":{"@context":"https:\/\/schema.org","@graph":[{"@type":"Article","@id":"https:\/\/centrourbano.com\/revista\/entrevistas\/la-empresa-yucateca-que-apuesta-por-el-sureste\/#article","isPartOf":{"@id":"https:\/\/centrourbano.com\/revista\/entrevistas\/la-empresa-yucateca-que-apuesta-por-el-sureste\/"},"author":{"name":"Fernando Navarrete","@id":"https:\/\/centrourbano.com\/revista\/#\/schema\/person\/515c32d01ece40d20a7ed3fdf34051af"},"headline":"La empresa yucateca que apuesta por el sureste","datePublished":"2018-08-15T19:44:37+00:00","dateModified":"2018-08-15T22:26:52+00:00","mainEntityOfPage":{"@id":"https:\/\/centrourbano.com\/revista\/entrevistas\/la-empresa-yucateca-que-apuesta-por-el-sureste\/"},"wordCount":760,"commentCount":0,"publisher":{"@id":"https:\/\/centrourbano.com\/revista\/#organization"},"image":{"@id":"https:\/\/centrourbano.com\/revista\/entrevistas\/la-empresa-yucateca-que-apuesta-por-el-sureste\/#primaryimage"},"thumbnailUrl":"https:\/\/centrourbano.com\/revista\/wp-content\/uploads\/Montejo_opt.png","keywords":["CKDs","Descentralizaci\u00f3n","Inmobilia Desarrollos","M\u00e9rida","Reforma Energ\u00e9tica","V\u00eda Montejo"],"articleSection":["Entrevistas","Inmobiliario"],"inLanguage":"es","potentialAction":[{"@type":"CommentAction","name":"Comment","target":["https:\/\/centrourbano.com\/revista\/entrevistas\/la-empresa-yucateca-que-apuesta-por-el-sureste\/#respond"]}]},{"@type":"WebPage","@id":"https:\/\/centrourbano.com\/revista\/entrevistas\/la-empresa-yucateca-que-apuesta-por-el-sureste\/","url":"https:\/\/centrourbano.com\/revista\/entrevistas\/la-empresa-yucateca-que-apuesta-por-el-sureste\/","name":"La empresa yucateca que apuesta por el sureste","isPartOf":{"@id":"https:\/\/centrourbano.com\/revista\/#website"},"primaryImageOfPage":{"@id":"https:\/\/centrourbano.com\/revista\/entrevistas\/la-empresa-yucateca-que-apuesta-por-el-sureste\/#primaryimage"},"image":{"@id":"https:\/\/centrourbano.com\/revista\/entrevistas\/la-empresa-yucateca-que-apuesta-por-el-sureste\/#primaryimage"},"thumbnailUrl":"https:\/\/centrourbano.com\/revista\/wp-content\/uploads\/Montejo_opt.png","datePublished":"2018-08-15T19:44:37+00:00","dateModified":"2018-08-15T22:26:52+00:00","description":"Con una emisi\u00f3n a la BMV de 6,000 mdp, Inmobilia tiene planes para 28 proyectos en esta regi\u00f3n de M\u00e9xico","breadcrumb":{"@id":"https:\/\/centrourbano.com\/revista\/entrevistas\/la-empresa-yucateca-que-apuesta-por-el-sureste\/#breadcrumb"},"inLanguage":"es","potentialAction":[{"@type":"ReadAction","target":["https:\/\/centrourbano.com\/revista\/entrevistas\/la-empresa-yucateca-que-apuesta-por-el-sureste\/"]}]},{"@type":"ImageObject","inLanguage":"es","@id":"https:\/\/centrourbano.com\/revista\/entrevistas\/la-empresa-yucateca-que-apuesta-por-el-sureste\/#primaryimage","url":"https:\/\/centrourbano.com\/revista\/wp-content\/uploads\/Montejo_opt.png","contentUrl":"https:\/\/centrourbano.com\/revista\/wp-content\/uploads\/Montejo_opt.png","width":700,"height":489,"caption":"Con una emisi\u00f3n a la BMV de 6,000 mdp, Inmobilia tiene planes para 28 proyectos en esta regi\u00f3n de M\u00e9xico"},{"@type":"BreadcrumbList","@id":"https:\/\/centrourbano.com\/revista\/entrevistas\/la-empresa-yucateca-que-apuesta-por-el-sureste\/#breadcrumb","itemListElement":[{"@type":"ListItem","position":1,"name":"Portada","item":"https:\/\/centrourbano.com\/revista\/"},{"@type":"ListItem","position":2,"name":"La empresa yucateca que apuesta por el sureste"}]},{"@type":"WebSite","@id":"https:\/\/centrourbano.com\/revista\/#website","url":"https:\/\/centrourbano.com\/revista\/","name":"Centro Urbano","description":"Medio especializado en los sectores vivienda, inmobiliario, construcci\u00f3n, arquitectura y urbanismo.","publisher":{"@id":"https:\/\/centrourbano.com\/revista\/#organization"},"potentialAction":[{"@type":"SearchAction","target":{"@type":"EntryPoint","urlTemplate":"https:\/\/centrourbano.com\/revista\/?s={search_term_string}"},"query-input":{"@type":"PropertyValueSpecification","valueRequired":true,"valueName":"search_term_string"}}],"inLanguage":"es"},{"@type":"Organization","@id":"https:\/\/centrourbano.com\/revista\/#organization","name":"Centro Urbano","url":"https:\/\/centrourbano.com\/revista\/","logo":{"@type":"ImageObject","inLanguage":"es","@id":"https:\/\/centrourbano.com\/revista\/#\/schema\/logo\/image\/","url":"https:\/\/centrourbano.com\/revista\/wp-content\/uploads\/web_CU_logo-1.png","contentUrl":"https:\/\/centrourbano.com\/revista\/wp-content\/uploads\/web_CU_logo-1.png","width":350,"height":91,"caption":"Centro Urbano"},"image":{"@id":"https:\/\/centrourbano.com\/revista\/#\/schema\/logo\/image\/"},"sameAs":["https:\/\/www.facebook.com\/portalcentrourbano","https:\/\/x.com\/CentroUrbano","https:\/\/www.instagram.com\/centro_urbano\/","https:\/\/www.linkedin.com\/company\/centro-urbano\/","http:\/\/www.youtube.com\/user\/portalcentrourbano"]},{"@type":"Person","@id":"https:\/\/centrourbano.com\/revista\/#\/schema\/person\/515c32d01ece40d20a7ed3fdf34051af","name":"Fernando Navarrete","image":{"@type":"ImageObject","inLanguage":"es","@id":"https:\/\/secure.gravatar.com\/avatar\/f4dd6927a99e72698473e350e20ec8a38bd48cb668e15b03d04e8e537da41ad0?s=96&d=mm&r=g","url":"https:\/\/secure.gravatar.com\/avatar\/f4dd6927a99e72698473e350e20ec8a38bd48cb668e15b03d04e8e537da41ad0?s=96&d=mm&r=g","contentUrl":"https:\/\/secure.gravatar.com\/avatar\/f4dd6927a99e72698473e350e20ec8a38bd48cb668e15b03d04e8e537da41ad0?s=96&d=mm&r=g","caption":"Fernando Navarrete"},"description":"Reportero de negocios, inmobiliario, construcci\u00f3n e industria. Me interesa la econom\u00eda, pol\u00edtica, historia y antropolog\u00eda. Estudi\u00e9 en la Facultad de Ciencias Pol\u00edticas y Sociales de la UNAM. Tengo experiencia en el sector p\u00fablico, la industria del acero, ingenier\u00eda civil, IT y corporativos; soy un nost\u00e1lgico nacionalista contempor\u00e1neo que cree en la grandeza de su pa\u00eds. Asiduo lector de Juan Rulfo, Jos\u00e9 Revueltas y J. R. R Tolkien.","url":"https:\/\/centrourbano.com\/revista\/author\/fernando-navarrete\/"}]}},"_links":{"self":[{"href":"https:\/\/centrourbano.com\/revista\/wp-json\/wp\/v2\/posts\/76413","targetHints":{"allow":["GET"]}}],"collection":[{"href":"https:\/\/centrourbano.com\/revista\/wp-json\/wp\/v2\/posts"}],"about":[{"href":"https:\/\/centrourbano.com\/revista\/wp-json\/wp\/v2\/types\/post"}],"author":[{"embeddable":true,"href":"https:\/\/centrourbano.com\/revista\/wp-json\/wp\/v2\/users\/69"}],"replies":[{"embeddable":true,"href":"https:\/\/centrourbano.com\/revista\/wp-json\/wp\/v2\/comments?post=76413"}],"version-history":[{"count":3,"href":"https:\/\/centrourbano.com\/revista\/wp-json\/wp\/v2\/posts\/76413\/revisions"}],"predecessor-version":[{"id":76432,"href":"https:\/\/centrourbano.com\/revista\/wp-json\/wp\/v2\/posts\/76413\/revisions\/76432"}],"wp:featuredmedia":[{"embeddable":true,"href":"https:\/\/centrourbano.com\/revista\/wp-json\/wp\/v2\/media\/76431"}],"wp:attachment":[{"href":"https:\/\/centrourbano.com\/revista\/wp-json\/wp\/v2\/media?parent=76413"}],"wp:term":[{"taxonomy":"category","embeddable":true,"href":"https:\/\/centrourbano.com\/revista\/wp-json\/wp\/v2\/categories?post=76413"},{"taxonomy":"post_tag","embeddable":true,"href":"https:\/\/centrourbano.com\/revista\/wp-json\/wp\/v2\/tags?post=76413"}],"curies":[{"name":"wp","href":"https:\/\/api.w.org\/{rel}","templated":true}]}}