{"id":76348,"date":"2018-08-14T15:15:15","date_gmt":"2018-08-14T20:15:15","guid":{"rendered":"https:\/\/centrourbano.com\/?p=76348"},"modified":"2018-08-14T16:10:59","modified_gmt":"2018-08-14T21:10:59","slug":"cinco-iniciativas-quieren-reinventar-la-movilidad-en-la-ciudad","status":"publish","type":"post","link":"https:\/\/centrourbano.com\/revista\/urbanismo\/cinco-iniciativas-quieren-reinventar-la-movilidad-en-la-ciudad\/","title":{"rendered":"Cinco iniciativas quieren reinventar la movilidad en la ciudad"},"content":{"rendered":"<p><em>\u00abPropulcity\u00bb ayudar\u00e1 a identificar proyectos mexicanos junto a una ONG para plantear un nuevo paradigma tecnol\u00f3gico <\/em><br \/>\n<!--more--><\/p>\n<p>La organizaci\u00f3n civil WRI M\u00e9xico y cinco <em>startups<\/em> mexicanas presentaron una plataforma tecnol\u00f3gica denominada \u00ab<strong><a href=\"https:\/\/propulcity.selecteev.io\/apply\" target=\"_blank\" rel=\"noopener noreferrer\">Propulcity<\/a><\/strong>\u00bb que busca agrupar soluciones innovadoras a las problem\u00e1ticas de la Ciudad de M\u00e9xico en materia de movilidad.<\/p>\n<p>Fernando P\u00e1ez, director de operaciones de WRI M\u00e9xico dijo que en la actualidad la capital tiene un incremento en la oferta y demanda\u00a0de servicios tecnol\u00f3gicos, listos para brindar soluciones a la movilidad,\u00a0por lo que en alianza con organizaciones como el Banco Interamericano de Desarrollo (BID) se cre\u00f3 la plataforma que servir\u00e1 para identificar dichas propuestas.<\/p>\n<p>\u00abHemos desarrollado un ciclo de aceleraci\u00f3n para empresas <em>startups<\/em> que presentaron propuestas para atender tres problem\u00e1ticas principales: la reducci\u00f3n del n\u00famero de veh\u00edculos en calle, mejorar la calidad y eficiencia del servicio en el transporte p\u00fablico, as\u00ed como la percepci\u00f3n de seguridad en el sistema de movilidad\u00bb, apunt\u00f3.<\/p>\n<p>Agreg\u00f3 que ante la oleada opciones tecnol\u00f3gicas que se ofrecen en el mercado, esto implica un cambio y una apertura institucional que requiere que el ecosistema de movilidad se revise, as\u00ed como los roles de cada uno de los actores del sector p\u00fablico y privado.<\/p>\n<p>\u00abEl desarrollo tecnol\u00f3gico va a una velocidad incre\u00edble y eso dej\u00f3 rezagada la normativa y la institucionalidad no solo en M\u00e9xico sino en todas las ciudades. Todos conocemos el caso de Uber que por la disposici\u00f3n institucional no estaba prevista para que el ritmo de la tecnolog\u00eda presentara este tipo de soluciones. Esto implica dar una mirada a la Ley de Movilidad la movilidad como un derecho y brindar oferta a los usuarios para que seleccionen cu\u00e1l es la mejor opci\u00f3n de movilidad\u00bb, aclar\u00f3.<\/p>\n<p>En la Ciudad de M\u00e9xico diariamente se realizan 15.57 millones de viajes en transporte p\u00fablico y 11.15 millones de viajes a pie, frente a 6.6 millones de viajes que se realizan en veh\u00edculos privados, donde s\u00f3lo se mueve 1.5 personas por coche, de acuerdo con la \u00faltima Encuesta Origen Destino 2017 del INEGI.<\/p>\n<p><strong>Las iniciativas\u00a0<\/strong><\/p>\n<a href=\"https:\/\/centrourbano.com\/revista\/wp-content\/uploads\/WRI.jpg\" target=\"_blank\" rel=\"noopener noreferrer\"><img loading=\"lazy\" decoding=\"async\" class=\" wp-image-76350 aligncenter\" src=\"https:\/\/centrourbano.com\/revista\/wp-content\/uploads\/WRI-300x225.jpg\" alt=\"\" width=\"325\" height=\"244\" srcset=\"https:\/\/centrourbano.com\/revista\/wp-content\/uploads\/WRI-300x225.jpg 300w, https:\/\/centrourbano.com\/revista\/wp-content\/uploads\/WRI-768x576.jpg 768w, https:\/\/centrourbano.com\/revista\/wp-content\/uploads\/WRI.jpg 1024w, https:\/\/centrourbano.com\/revista\/wp-content\/uploads\/WRI-100x75.jpg 100w\" sizes=\"auto, (max-width: 325px) 100vw, 325px\" \/><\/a>\n<p>El proceso de selecci\u00f3n de los proyectos se realiz\u00f3 a trav\u00e9s de una convocatoria y un proceso de aceleraci\u00f3n que realiz\u00f3 la incubadora NUMA con 60 iniciativas inicialmente; de esta lista se eligieron s\u00f3lo a cinco proyectos que se sometieron a juicio de expertos de WRI, gobierno y consultoras, as\u00ed como de la Banca Multilateral.<\/p>\n<p>Se trata de <strong><a href=\"https:\/\/www.bussi.com.mx\/\" target=\"_blank\" rel=\"noopener noreferrer\">Bussi<\/a><\/strong>, una red de camionetas compartidas con aproximadamente 30 rutas en toda el \u00e1rea metropolitana que realiza cerca de 800 viajes por d\u00eda, promoviendo el reto \u00abdesautox\u00edcate, que pretende reducir la cantidad de autos que transitan en la zona de Polanco gracias a una red de movilidad en distintos puntos de la ciudad hacia Polanco, Anzures y Granada\u00bb, explic\u00f3 Roberto Morales, director financiero de la firma.<\/p>\n<p>A esta plataforma tambi\u00e9n se unen los \u00ab<strong><a href=\"https:\/\/www.supercivicos.com\/\" target=\"_blank\" rel=\"noopener noreferrer\">Superc\u00edvicos<\/a><\/strong>\u00bb quienes buscan \u00abmejorar la percepci\u00f3n que tienen los ciudadanos sobre el transporte p\u00fablico a trav\u00e9s de informaci\u00f3n relevante que podr\u00e1 ser compartida en la plataforma de esta organizaci\u00f3n que le permite a los ciudadanos volverse &#8216;reporteros superc\u00edvicos&#8217; sobre los problemas del transporte e infraestructura en todo M\u00e9xico\u00bb, en palabras de Diego Mendiburu, director general de F\u00e1ctico.<\/p>\n<p>Tambi\u00e9n fue seleccionada <strong><a href=\"https:\/\/www.vetelia.com\/\" target=\"_blank\" rel=\"noopener noreferrer\">Vetelia<\/a><\/strong>, <em>startup<\/em> mexicana que desarolla veh\u00edculos el\u00e9ctricos como bicicletas que como indic\u00f3 Cuauht\u00e9moc Resendes, gerente de servicios de movilidad, \u00abpara la Ciudad de M\u00e9xico lo que se pretende hacer (en esta etapa piloto) es abarcar 10 estaciones en la zona de Roma-Condesa y Polanco, con 10 bicicletas cada una que se podr\u00e1 pedir por medio de una app\u00bb.<\/p>\n<p>Otro de las aspectos destacables para mejorar la movilidad se encuentra en el desarrollo de aplicativos que incorporen tecnolog\u00eda, oportunidad que encuentra\u00a0<strong><a href=\"https:\/\/2017.klustera.com\/\" target=\"_blank\" rel=\"noopener noreferrer\">Klustera<\/a>, <\/strong>empresa fundada en 2014, que busca digitalizar el comportamiento humano mediante tecnolog\u00eda como inteligencia artificial y ciencia de datos.<\/p>\n<p>Finalmente, <a href=\"https:\/\/www.bridgefy.me\/\" target=\"_blank\" rel=\"noopener noreferrer\"><strong>Bridgefy<\/strong> <\/a>es la iniciativa que propone crear redes de malla para mantener la comunicaci\u00f3n incluso sin Internet por medio de una aplicaci\u00f3n cuando exista alguna contingencia o desastre como el sismo del 19S. \u00abCreamos para Propulcity el Bridgefy Box, que es una caja que se instala en las estaciones de transporte p\u00fablico, la cual provee de comunicaci\u00f3n y soporte a los usuarios; se generan redes espont\u00e1neas que no dependen de costos ni saturaci\u00f3n\u00bb, detall\u00f3 Diego Garc\u00eda, co-fundador de la empresa.<\/p>\n<p>Por el momento los proyectos son pilotos en algunas zonas de la capital pero se espera que puedan crecer con el apoyo de la iniciativa privada y acciones del gobierno hacia una pol\u00edtica p\u00fablica en materia m\u00e1s eficiente.<\/p>\n","protected":false},"excerpt":{"rendered":"<p>\u00abPropulcity\u00bb ayudar\u00e1 a identificar proyectos mexicanos junto a una ONG para plantear un nuevo paradigma tecnol\u00f3gico<\/p>\n","protected":false},"author":69,"featured_media":76364,"comment_status":"open","ping_status":"closed","sticky":false,"template":"","format":"standard","meta":{"om_disable_all_campaigns":false,"inline_featured_image":false,"_monsterinsights_skip_tracking":false,"_monsterinsights_sitenote_active":false,"_monsterinsights_sitenote_note":"","_monsterinsights_sitenote_category":0,"footnotes":""},"categories":[82],"tags":[],"class_list":["post-76348","post","type-post","status-publish","format-standard","has-post-thumbnail","hentry","category-urbanismo"],"yoast_head":"<!-- This site is optimized with the Yoast SEO plugin v27.4 - https:\/\/yoast.com\/product\/yoast-seo-wordpress\/ -->\n<title>Cinco iniciativas quieren reinventar la movilidad en la ciudad<\/title>\n<meta name=\"description\" content=\"&quot;Propulcity&quot; ayudar\u00e1 a identificar proyectos mexicanos junto a una ONG para plantear un nuevo paradigma tecnol\u00f3gico\" \/>\n<meta name=\"robots\" content=\"index, follow, max-snippet:-1, max-image-preview:large, max-video-preview:-1\" \/>\n<link rel=\"canonical\" href=\"https:\/\/centrourbano.com\/revista\/urbanismo\/cinco-iniciativas-quieren-reinventar-la-movilidad-en-la-ciudad\/\" \/>\n<meta property=\"og:locale\" content=\"es_ES\" \/>\n<meta property=\"og:type\" content=\"article\" \/>\n<meta property=\"og:title\" content=\"Cinco iniciativas quieren reinventar la movilidad en la ciudad\" \/>\n<meta property=\"og:description\" content=\"&quot;Propulcity&quot; ayudar\u00e1 a identificar proyectos mexicanos junto a una ONG para plantear un nuevo paradigma tecnol\u00f3gico\" \/>\n<meta property=\"og:url\" content=\"https:\/\/centrourbano.com\/revista\/urbanismo\/cinco-iniciativas-quieren-reinventar-la-movilidad-en-la-ciudad\/\" \/>\n<meta property=\"og:site_name\" content=\"Centro Urbano\" \/>\n<meta property=\"article:publisher\" content=\"https:\/\/www.facebook.com\/portalcentrourbano\" \/>\n<meta property=\"article:published_time\" content=\"2018-08-14T20:15:15+00:00\" \/>\n<meta property=\"article:modified_time\" content=\"2018-08-14T21:10:59+00:00\" \/>\n<meta property=\"og:image\" content=\"https:\/\/centrourbano.com\/revista\/wp-content\/uploads\/Traf.jpg\" \/>\n\t<meta property=\"og:image:width\" content=\"620\" \/>\n\t<meta property=\"og:image:height\" content=\"388\" \/>\n\t<meta property=\"og:image:type\" content=\"image\/jpeg\" \/>\n<meta name=\"author\" content=\"Fernando Navarrete\" \/>\n<meta name=\"twitter:card\" content=\"summary_large_image\" \/>\n<meta name=\"twitter:creator\" content=\"@CentroUrbano\" \/>\n<meta name=\"twitter:site\" content=\"@CentroUrbano\" \/>\n<meta name=\"twitter:label1\" content=\"Escrito por\" \/>\n\t<meta name=\"twitter:data1\" content=\"Fernando Navarrete\" \/>\n\t<meta name=\"twitter:label2\" content=\"Tiempo de lectura\" \/>\n\t<meta name=\"twitter:data2\" content=\"4 minutos\" \/>\n<script type=\"application\/ld+json\" class=\"yoast-schema-graph\">{\"@context\":\"https:\\\/\\\/schema.org\",\"@graph\":[{\"@type\":\"Article\",\"@id\":\"https:\\\/\\\/centrourbano.com\\\/revista\\\/urbanismo\\\/cinco-iniciativas-quieren-reinventar-la-movilidad-en-la-ciudad\\\/#article\",\"isPartOf\":{\"@id\":\"https:\\\/\\\/centrourbano.com\\\/revista\\\/urbanismo\\\/cinco-iniciativas-quieren-reinventar-la-movilidad-en-la-ciudad\\\/\"},\"author\":{\"name\":\"Fernando Navarrete\",\"@id\":\"https:\\\/\\\/centrourbano.com\\\/revista\\\/#\\\/schema\\\/person\\\/515c32d01ece40d20a7ed3fdf34051af\"},\"headline\":\"Cinco iniciativas quieren reinventar la movilidad en la ciudad\",\"datePublished\":\"2018-08-14T20:15:15+00:00\",\"dateModified\":\"2018-08-14T21:10:59+00:00\",\"mainEntityOfPage\":{\"@id\":\"https:\\\/\\\/centrourbano.com\\\/revista\\\/urbanismo\\\/cinco-iniciativas-quieren-reinventar-la-movilidad-en-la-ciudad\\\/\"},\"wordCount\":807,\"commentCount\":0,\"publisher\":{\"@id\":\"https:\\\/\\\/centrourbano.com\\\/revista\\\/#organization\"},\"image\":{\"@id\":\"https:\\\/\\\/centrourbano.com\\\/revista\\\/urbanismo\\\/cinco-iniciativas-quieren-reinventar-la-movilidad-en-la-ciudad\\\/#primaryimage\"},\"thumbnailUrl\":\"https:\\\/\\\/centrourbano.com\\\/revista\\\/wp-content\\\/uploads\\\/Traf.jpg\",\"articleSection\":[\"Urbanismo\"],\"inLanguage\":\"es\",\"potentialAction\":[{\"@type\":\"CommentAction\",\"name\":\"Comment\",\"target\":[\"https:\\\/\\\/centrourbano.com\\\/revista\\\/urbanismo\\\/cinco-iniciativas-quieren-reinventar-la-movilidad-en-la-ciudad\\\/#respond\"]}]},{\"@type\":\"WebPage\",\"@id\":\"https:\\\/\\\/centrourbano.com\\\/revista\\\/urbanismo\\\/cinco-iniciativas-quieren-reinventar-la-movilidad-en-la-ciudad\\\/\",\"url\":\"https:\\\/\\\/centrourbano.com\\\/revista\\\/urbanismo\\\/cinco-iniciativas-quieren-reinventar-la-movilidad-en-la-ciudad\\\/\",\"name\":\"Cinco iniciativas quieren reinventar la movilidad en la ciudad\",\"isPartOf\":{\"@id\":\"https:\\\/\\\/centrourbano.com\\\/revista\\\/#website\"},\"primaryImageOfPage\":{\"@id\":\"https:\\\/\\\/centrourbano.com\\\/revista\\\/urbanismo\\\/cinco-iniciativas-quieren-reinventar-la-movilidad-en-la-ciudad\\\/#primaryimage\"},\"image\":{\"@id\":\"https:\\\/\\\/centrourbano.com\\\/revista\\\/urbanismo\\\/cinco-iniciativas-quieren-reinventar-la-movilidad-en-la-ciudad\\\/#primaryimage\"},\"thumbnailUrl\":\"https:\\\/\\\/centrourbano.com\\\/revista\\\/wp-content\\\/uploads\\\/Traf.jpg\",\"datePublished\":\"2018-08-14T20:15:15+00:00\",\"dateModified\":\"2018-08-14T21:10:59+00:00\",\"description\":\"\\\"Propulcity\\\" ayudar\u00e1 a identificar proyectos mexicanos junto a una ONG para plantear un nuevo paradigma tecnol\u00f3gico\",\"breadcrumb\":{\"@id\":\"https:\\\/\\\/centrourbano.com\\\/revista\\\/urbanismo\\\/cinco-iniciativas-quieren-reinventar-la-movilidad-en-la-ciudad\\\/#breadcrumb\"},\"inLanguage\":\"es\",\"potentialAction\":[{\"@type\":\"ReadAction\",\"target\":[\"https:\\\/\\\/centrourbano.com\\\/revista\\\/urbanismo\\\/cinco-iniciativas-quieren-reinventar-la-movilidad-en-la-ciudad\\\/\"]}]},{\"@type\":\"ImageObject\",\"inLanguage\":\"es\",\"@id\":\"https:\\\/\\\/centrourbano.com\\\/revista\\\/urbanismo\\\/cinco-iniciativas-quieren-reinventar-la-movilidad-en-la-ciudad\\\/#primaryimage\",\"url\":\"https:\\\/\\\/centrourbano.com\\\/revista\\\/wp-content\\\/uploads\\\/Traf.jpg\",\"contentUrl\":\"https:\\\/\\\/centrourbano.com\\\/revista\\\/wp-content\\\/uploads\\\/Traf.jpg\",\"width\":620,\"height\":388,\"caption\":\"Cinco iniciativas quieren reinventar la movilidad en la ciudad\"},{\"@type\":\"BreadcrumbList\",\"@id\":\"https:\\\/\\\/centrourbano.com\\\/revista\\\/urbanismo\\\/cinco-iniciativas-quieren-reinventar-la-movilidad-en-la-ciudad\\\/#breadcrumb\",\"itemListElement\":[{\"@type\":\"ListItem\",\"position\":1,\"name\":\"Portada\",\"item\":\"https:\\\/\\\/centrourbano.com\\\/revista\\\/\"},{\"@type\":\"ListItem\",\"position\":2,\"name\":\"Cinco iniciativas quieren reinventar la movilidad en la ciudad\"}]},{\"@type\":\"WebSite\",\"@id\":\"https:\\\/\\\/centrourbano.com\\\/revista\\\/#website\",\"url\":\"https:\\\/\\\/centrourbano.com\\\/revista\\\/\",\"name\":\"Centro Urbano\",\"description\":\"Medio especializado en los sectores vivienda, inmobiliario, construcci\u00f3n, arquitectura y urbanismo.\",\"publisher\":{\"@id\":\"https:\\\/\\\/centrourbano.com\\\/revista\\\/#organization\"},\"potentialAction\":[{\"@type\":\"SearchAction\",\"target\":{\"@type\":\"EntryPoint\",\"urlTemplate\":\"https:\\\/\\\/centrourbano.com\\\/revista\\\/?s={search_term_string}\"},\"query-input\":{\"@type\":\"PropertyValueSpecification\",\"valueRequired\":true,\"valueName\":\"search_term_string\"}}],\"inLanguage\":\"es\"},{\"@type\":\"Organization\",\"@id\":\"https:\\\/\\\/centrourbano.com\\\/revista\\\/#organization\",\"name\":\"Centro Urbano\",\"url\":\"https:\\\/\\\/centrourbano.com\\\/revista\\\/\",\"logo\":{\"@type\":\"ImageObject\",\"inLanguage\":\"es\",\"@id\":\"https:\\\/\\\/centrourbano.com\\\/revista\\\/#\\\/schema\\\/logo\\\/image\\\/\",\"url\":\"https:\\\/\\\/centrourbano.com\\\/revista\\\/wp-content\\\/uploads\\\/web_CU_logo-1.png\",\"contentUrl\":\"https:\\\/\\\/centrourbano.com\\\/revista\\\/wp-content\\\/uploads\\\/web_CU_logo-1.png\",\"width\":350,\"height\":91,\"caption\":\"Centro Urbano\"},\"image\":{\"@id\":\"https:\\\/\\\/centrourbano.com\\\/revista\\\/#\\\/schema\\\/logo\\\/image\\\/\"},\"sameAs\":[\"https:\\\/\\\/www.facebook.com\\\/portalcentrourbano\",\"https:\\\/\\\/x.com\\\/CentroUrbano\",\"https:\\\/\\\/www.instagram.com\\\/centro_urbano\\\/\",\"https:\\\/\\\/www.linkedin.com\\\/company\\\/centro-urbano\\\/\",\"http:\\\/\\\/www.youtube.com\\\/user\\\/portalcentrourbano\"]},{\"@type\":\"Person\",\"@id\":\"https:\\\/\\\/centrourbano.com\\\/revista\\\/#\\\/schema\\\/person\\\/515c32d01ece40d20a7ed3fdf34051af\",\"name\":\"Fernando Navarrete\",\"image\":{\"@type\":\"ImageObject\",\"inLanguage\":\"es\",\"@id\":\"https:\\\/\\\/secure.gravatar.com\\\/avatar\\\/f4dd6927a99e72698473e350e20ec8a38bd48cb668e15b03d04e8e537da41ad0?s=96&d=mm&r=g\",\"url\":\"https:\\\/\\\/secure.gravatar.com\\\/avatar\\\/f4dd6927a99e72698473e350e20ec8a38bd48cb668e15b03d04e8e537da41ad0?s=96&d=mm&r=g\",\"contentUrl\":\"https:\\\/\\\/secure.gravatar.com\\\/avatar\\\/f4dd6927a99e72698473e350e20ec8a38bd48cb668e15b03d04e8e537da41ad0?s=96&d=mm&r=g\",\"caption\":\"Fernando Navarrete\"},\"description\":\"Reportero de negocios, inmobiliario, construcci\u00f3n e industria. Me interesa la econom\u00eda, pol\u00edtica, historia y antropolog\u00eda. Estudi\u00e9 en la Facultad de Ciencias Pol\u00edticas y Sociales de la UNAM. Tengo experiencia en el sector p\u00fablico, la industria del acero, ingenier\u00eda civil, IT y corporativos; soy un nost\u00e1lgico nacionalista contempor\u00e1neo que cree en la grandeza de su pa\u00eds. Asiduo lector de Juan Rulfo, Jos\u00e9 Revueltas y J. R. R Tolkien.\",\"url\":\"https:\\\/\\\/centrourbano.com\\\/revista\\\/author\\\/fernando-navarrete\\\/\"}]}<\/script>\n<!-- \/ Yoast SEO plugin. -->","yoast_head_json":{"title":"Cinco iniciativas quieren reinventar la movilidad en la ciudad","description":"\"Propulcity\" ayudar\u00e1 a identificar proyectos mexicanos junto a una ONG para plantear un nuevo paradigma tecnol\u00f3gico","robots":{"index":"index","follow":"follow","max-snippet":"max-snippet:-1","max-image-preview":"max-image-preview:large","max-video-preview":"max-video-preview:-1"},"canonical":"https:\/\/centrourbano.com\/revista\/urbanismo\/cinco-iniciativas-quieren-reinventar-la-movilidad-en-la-ciudad\/","og_locale":"es_ES","og_type":"article","og_title":"Cinco iniciativas quieren reinventar la movilidad en la ciudad","og_description":"\"Propulcity\" ayudar\u00e1 a identificar proyectos mexicanos junto a una ONG para plantear un nuevo paradigma tecnol\u00f3gico","og_url":"https:\/\/centrourbano.com\/revista\/urbanismo\/cinco-iniciativas-quieren-reinventar-la-movilidad-en-la-ciudad\/","og_site_name":"Centro Urbano","article_publisher":"https:\/\/www.facebook.com\/portalcentrourbano","article_published_time":"2018-08-14T20:15:15+00:00","article_modified_time":"2018-08-14T21:10:59+00:00","og_image":[{"width":620,"height":388,"url":"https:\/\/centrourbano.com\/revista\/wp-content\/uploads\/Traf.jpg","type":"image\/jpeg"}],"author":"Fernando Navarrete","twitter_card":"summary_large_image","twitter_creator":"@CentroUrbano","twitter_site":"@CentroUrbano","twitter_misc":{"Escrito por":"Fernando Navarrete","Tiempo de lectura":"4 minutos"},"schema":{"@context":"https:\/\/schema.org","@graph":[{"@type":"Article","@id":"https:\/\/centrourbano.com\/revista\/urbanismo\/cinco-iniciativas-quieren-reinventar-la-movilidad-en-la-ciudad\/#article","isPartOf":{"@id":"https:\/\/centrourbano.com\/revista\/urbanismo\/cinco-iniciativas-quieren-reinventar-la-movilidad-en-la-ciudad\/"},"author":{"name":"Fernando Navarrete","@id":"https:\/\/centrourbano.com\/revista\/#\/schema\/person\/515c32d01ece40d20a7ed3fdf34051af"},"headline":"Cinco iniciativas quieren reinventar la movilidad en la ciudad","datePublished":"2018-08-14T20:15:15+00:00","dateModified":"2018-08-14T21:10:59+00:00","mainEntityOfPage":{"@id":"https:\/\/centrourbano.com\/revista\/urbanismo\/cinco-iniciativas-quieren-reinventar-la-movilidad-en-la-ciudad\/"},"wordCount":807,"commentCount":0,"publisher":{"@id":"https:\/\/centrourbano.com\/revista\/#organization"},"image":{"@id":"https:\/\/centrourbano.com\/revista\/urbanismo\/cinco-iniciativas-quieren-reinventar-la-movilidad-en-la-ciudad\/#primaryimage"},"thumbnailUrl":"https:\/\/centrourbano.com\/revista\/wp-content\/uploads\/Traf.jpg","articleSection":["Urbanismo"],"inLanguage":"es","potentialAction":[{"@type":"CommentAction","name":"Comment","target":["https:\/\/centrourbano.com\/revista\/urbanismo\/cinco-iniciativas-quieren-reinventar-la-movilidad-en-la-ciudad\/#respond"]}]},{"@type":"WebPage","@id":"https:\/\/centrourbano.com\/revista\/urbanismo\/cinco-iniciativas-quieren-reinventar-la-movilidad-en-la-ciudad\/","url":"https:\/\/centrourbano.com\/revista\/urbanismo\/cinco-iniciativas-quieren-reinventar-la-movilidad-en-la-ciudad\/","name":"Cinco iniciativas quieren reinventar la movilidad en la ciudad","isPartOf":{"@id":"https:\/\/centrourbano.com\/revista\/#website"},"primaryImageOfPage":{"@id":"https:\/\/centrourbano.com\/revista\/urbanismo\/cinco-iniciativas-quieren-reinventar-la-movilidad-en-la-ciudad\/#primaryimage"},"image":{"@id":"https:\/\/centrourbano.com\/revista\/urbanismo\/cinco-iniciativas-quieren-reinventar-la-movilidad-en-la-ciudad\/#primaryimage"},"thumbnailUrl":"https:\/\/centrourbano.com\/revista\/wp-content\/uploads\/Traf.jpg","datePublished":"2018-08-14T20:15:15+00:00","dateModified":"2018-08-14T21:10:59+00:00","description":"\"Propulcity\" ayudar\u00e1 a identificar proyectos mexicanos junto a una ONG para plantear un nuevo paradigma tecnol\u00f3gico","breadcrumb":{"@id":"https:\/\/centrourbano.com\/revista\/urbanismo\/cinco-iniciativas-quieren-reinventar-la-movilidad-en-la-ciudad\/#breadcrumb"},"inLanguage":"es","potentialAction":[{"@type":"ReadAction","target":["https:\/\/centrourbano.com\/revista\/urbanismo\/cinco-iniciativas-quieren-reinventar-la-movilidad-en-la-ciudad\/"]}]},{"@type":"ImageObject","inLanguage":"es","@id":"https:\/\/centrourbano.com\/revista\/urbanismo\/cinco-iniciativas-quieren-reinventar-la-movilidad-en-la-ciudad\/#primaryimage","url":"https:\/\/centrourbano.com\/revista\/wp-content\/uploads\/Traf.jpg","contentUrl":"https:\/\/centrourbano.com\/revista\/wp-content\/uploads\/Traf.jpg","width":620,"height":388,"caption":"Cinco iniciativas quieren reinventar la movilidad en la ciudad"},{"@type":"BreadcrumbList","@id":"https:\/\/centrourbano.com\/revista\/urbanismo\/cinco-iniciativas-quieren-reinventar-la-movilidad-en-la-ciudad\/#breadcrumb","itemListElement":[{"@type":"ListItem","position":1,"name":"Portada","item":"https:\/\/centrourbano.com\/revista\/"},{"@type":"ListItem","position":2,"name":"Cinco iniciativas quieren reinventar la movilidad en la ciudad"}]},{"@type":"WebSite","@id":"https:\/\/centrourbano.com\/revista\/#website","url":"https:\/\/centrourbano.com\/revista\/","name":"Centro Urbano","description":"Medio especializado en los sectores vivienda, inmobiliario, construcci\u00f3n, arquitectura y urbanismo.","publisher":{"@id":"https:\/\/centrourbano.com\/revista\/#organization"},"potentialAction":[{"@type":"SearchAction","target":{"@type":"EntryPoint","urlTemplate":"https:\/\/centrourbano.com\/revista\/?s={search_term_string}"},"query-input":{"@type":"PropertyValueSpecification","valueRequired":true,"valueName":"search_term_string"}}],"inLanguage":"es"},{"@type":"Organization","@id":"https:\/\/centrourbano.com\/revista\/#organization","name":"Centro Urbano","url":"https:\/\/centrourbano.com\/revista\/","logo":{"@type":"ImageObject","inLanguage":"es","@id":"https:\/\/centrourbano.com\/revista\/#\/schema\/logo\/image\/","url":"https:\/\/centrourbano.com\/revista\/wp-content\/uploads\/web_CU_logo-1.png","contentUrl":"https:\/\/centrourbano.com\/revista\/wp-content\/uploads\/web_CU_logo-1.png","width":350,"height":91,"caption":"Centro Urbano"},"image":{"@id":"https:\/\/centrourbano.com\/revista\/#\/schema\/logo\/image\/"},"sameAs":["https:\/\/www.facebook.com\/portalcentrourbano","https:\/\/x.com\/CentroUrbano","https:\/\/www.instagram.com\/centro_urbano\/","https:\/\/www.linkedin.com\/company\/centro-urbano\/","http:\/\/www.youtube.com\/user\/portalcentrourbano"]},{"@type":"Person","@id":"https:\/\/centrourbano.com\/revista\/#\/schema\/person\/515c32d01ece40d20a7ed3fdf34051af","name":"Fernando Navarrete","image":{"@type":"ImageObject","inLanguage":"es","@id":"https:\/\/secure.gravatar.com\/avatar\/f4dd6927a99e72698473e350e20ec8a38bd48cb668e15b03d04e8e537da41ad0?s=96&d=mm&r=g","url":"https:\/\/secure.gravatar.com\/avatar\/f4dd6927a99e72698473e350e20ec8a38bd48cb668e15b03d04e8e537da41ad0?s=96&d=mm&r=g","contentUrl":"https:\/\/secure.gravatar.com\/avatar\/f4dd6927a99e72698473e350e20ec8a38bd48cb668e15b03d04e8e537da41ad0?s=96&d=mm&r=g","caption":"Fernando Navarrete"},"description":"Reportero de negocios, inmobiliario, construcci\u00f3n e industria. Me interesa la econom\u00eda, pol\u00edtica, historia y antropolog\u00eda. Estudi\u00e9 en la Facultad de Ciencias Pol\u00edticas y Sociales de la UNAM. Tengo experiencia en el sector p\u00fablico, la industria del acero, ingenier\u00eda civil, IT y corporativos; soy un nost\u00e1lgico nacionalista contempor\u00e1neo que cree en la grandeza de su pa\u00eds. Asiduo lector de Juan Rulfo, Jos\u00e9 Revueltas y J. R. R Tolkien.","url":"https:\/\/centrourbano.com\/revista\/author\/fernando-navarrete\/"}]}},"_links":{"self":[{"href":"https:\/\/centrourbano.com\/revista\/wp-json\/wp\/v2\/posts\/76348","targetHints":{"allow":["GET"]}}],"collection":[{"href":"https:\/\/centrourbano.com\/revista\/wp-json\/wp\/v2\/posts"}],"about":[{"href":"https:\/\/centrourbano.com\/revista\/wp-json\/wp\/v2\/types\/post"}],"author":[{"embeddable":true,"href":"https:\/\/centrourbano.com\/revista\/wp-json\/wp\/v2\/users\/69"}],"replies":[{"embeddable":true,"href":"https:\/\/centrourbano.com\/revista\/wp-json\/wp\/v2\/comments?post=76348"}],"version-history":[{"count":3,"href":"https:\/\/centrourbano.com\/revista\/wp-json\/wp\/v2\/posts\/76348\/revisions"}],"predecessor-version":[{"id":76354,"href":"https:\/\/centrourbano.com\/revista\/wp-json\/wp\/v2\/posts\/76348\/revisions\/76354"}],"wp:featuredmedia":[{"embeddable":true,"href":"https:\/\/centrourbano.com\/revista\/wp-json\/wp\/v2\/media\/76364"}],"wp:attachment":[{"href":"https:\/\/centrourbano.com\/revista\/wp-json\/wp\/v2\/media?parent=76348"}],"wp:term":[{"taxonomy":"category","embeddable":true,"href":"https:\/\/centrourbano.com\/revista\/wp-json\/wp\/v2\/categories?post=76348"},{"taxonomy":"post_tag","embeddable":true,"href":"https:\/\/centrourbano.com\/revista\/wp-json\/wp\/v2\/tags?post=76348"}],"curies":[{"name":"wp","href":"https:\/\/api.w.org\/{rel}","templated":true}]}}