{"id":76324,"date":"2018-08-14T10:39:29","date_gmt":"2018-08-14T15:39:29","guid":{"rendered":"https:\/\/centrourbano.com\/?p=76324"},"modified":"2018-08-14T10:39:29","modified_gmt":"2018-08-14T15:39:29","slug":"cierran-museo-hidalguense-remodelacion-arquitectonica","status":"publish","type":"post","link":"https:\/\/centrourbano.com\/revista\/arquitectura-2\/cierran-museo-hidalguense-remodelacion-arquitectonica\/","title":{"rendered":"Cierran Museo Hidalguense por remodelaci\u00f3n arquitect\u00f3nica"},"content":{"rendered":"<p><em>Debido a la renovaci\u00f3n que sufrir\u00e1, el Museo Jorge R. Acosta permanecer\u00e1 cerrado al p\u00fablico de manera temporal hasta enero de 2019<\/em><!--more--><\/p>\n<p>La <strong>Zona Arqueol\u00f3gica de Tula<\/strong>, en <strong>Hidalgo<\/strong>, fue integrada a los sitios que este a\u00f1o ser\u00e1n atendidos por\u00a0la <strong>Coordinaci\u00f3n Nacional de Obras y Proyectos<\/strong> a trav\u00e9s del programa \u201cDignificaci\u00f3n de m\u00f3dulos de servicios para atenci\u00f3n de visitantes y usuarios en Zonas Arqueol\u00f3gicas y Acciones de mejoramiento b\u00e1sico de las instalaciones en Monumentos Hist\u00f3ricos y edificios de primer orden, para su conservaci\u00f3n y preservaci\u00f3n\u201d.<\/p>\n<p>Este proyecto\u00a0consiste en\u00a0intervenir la infraestructura norte, misma que est\u00e1 conformada por las \u00e1reas de resguardo, administraci\u00f3n, servicios sanitarios, auditorio , as\u00ed como el Museo Jorge R. Acosta.<\/p>\n<p>Para ello, se realizar\u00e1n trabajos para atender la parte arquitect\u00f3nica: instalaciones hidrosanitarias, el\u00e9ctrica, de seguridad, impermeabilizaci\u00f3n, pisos, acabados, cambio de mobiliario en ba\u00f1os, reubicaci\u00f3n de taquilla, sala interpretativa, etc.<\/p>\n<p>Dado que dichas tareas requieren\u00a0deben ser ejecutados con cuidado, el\u00a0Museo Jorge R. Acosta permanecer\u00e1 cerrado al p\u00fablico de manera temporal hasta enero de 2019, aunque la zona arqueol\u00f3gica\u00a0s\u00ed estar\u00e1 abierta en sus horarios habituales.<\/p>\n<p>Cabe destacar que estas acciones refrendan el compromiso del Instituto Nacional de Antropolog\u00eda e Historia (INAH) de investigar, conservar y difundir el patrimonio cultural de los mexicanos, para el fortalecimiento de la identidad y memoria de la sociedad.<\/p>\n<p>&nbsp;<\/p>\n","protected":false},"excerpt":{"rendered":"<p>Debido a la renovaci\u00f3n que sufrir\u00e1, el Museo Jorge R. Acosta permanecer\u00e1 cerrado al p\u00fablico de manera temporal hasta enero de 2019<\/p>\n","protected":false},"author":9,"featured_media":76326,"comment_status":"open","ping_status":"closed","sticky":false,"template":"","format":"standard","meta":{"om_disable_all_campaigns":false,"inline_featured_image":false,"_monsterinsights_skip_tracking":false,"_monsterinsights_sitenote_active":false,"_monsterinsights_sitenote_note":"","_monsterinsights_sitenote_category":0,"footnotes":""},"categories":[81],"tags":[20,14191,304,14190,3327,14189],"class_list":["post-76324","post","type-post","status-publish","format-standard","has-post-thumbnail","hentry","category-arquitectura-2","tag-arquitectura","tag-coordinacion-nacional-de-obras-y-proyectos","tag-hidalgo","tag-remodelacion-arquitectonica","tag-tula","tag-zona-arqueologica-de-tula"],"yoast_head":"<!-- This site is optimized with the Yoast SEO plugin v27.5 - https:\/\/yoast.com\/product\/yoast-seo-wordpress\/ -->\n<title>Cierran Museo Hidalguense por remodelaci\u00f3n arquitect\u00f3nica<\/title>\n<meta name=\"description\" content=\"Debido a la renovaci\u00f3n que sufrir\u00e1, el Museo Jorge R. Acosta permanecer\u00e1 cerrado al p\u00fablico de manera temporal hasta enero de 2019\" \/>\n<meta name=\"robots\" content=\"index, follow, max-snippet:-1, max-image-preview:large, max-video-preview:-1\" \/>\n<link rel=\"canonical\" href=\"https:\/\/centrourbano.com\/revista\/arquitectura-2\/cierran-museo-hidalguense-remodelacion-arquitectonica\/\" \/>\n<meta property=\"og:locale\" content=\"es_ES\" \/>\n<meta property=\"og:type\" content=\"article\" \/>\n<meta property=\"og:title\" content=\"Cierran Museo Hidalguense por remodelaci\u00f3n arquitect\u00f3nica\" \/>\n<meta property=\"og:description\" content=\"Debido a la renovaci\u00f3n que sufrir\u00e1, el Museo Jorge R. Acosta permanecer\u00e1 cerrado al p\u00fablico de manera temporal hasta enero de 2019\" \/>\n<meta property=\"og:url\" content=\"https:\/\/centrourbano.com\/revista\/arquitectura-2\/cierran-museo-hidalguense-remodelacion-arquitectonica\/\" \/>\n<meta property=\"og:site_name\" content=\"Centro Urbano\" \/>\n<meta property=\"article:publisher\" content=\"https:\/\/www.facebook.com\/portalcentrourbano\" \/>\n<meta property=\"article:published_time\" content=\"2018-08-14T15:39:29+00:00\" \/>\n<meta property=\"og:image\" content=\"https:\/\/centrourbano.com\/revista\/wp-content\/uploads\/foto_home-20.jpg\" \/>\n\t<meta property=\"og:image:width\" content=\"1200\" \/>\n\t<meta property=\"og:image:height\" content=\"713\" \/>\n\t<meta property=\"og:image:type\" content=\"image\/jpeg\" \/>\n<meta name=\"author\" content=\"Dinorah Nava\" \/>\n<meta name=\"twitter:card\" content=\"summary_large_image\" \/>\n<meta name=\"twitter:creator\" content=\"@https:\/\/twitter.com\/Dinorah_Nava28\" \/>\n<meta name=\"twitter:site\" content=\"@CentroUrbano\" \/>\n<meta name=\"twitter:label1\" content=\"Escrito por\" \/>\n\t<meta name=\"twitter:data1\" content=\"Dinorah Nava\" \/>\n\t<meta name=\"twitter:label2\" content=\"Tiempo de lectura\" \/>\n\t<meta name=\"twitter:data2\" content=\"1 minuto\" \/>\n<script type=\"application\/ld+json\" class=\"yoast-schema-graph\">{\"@context\":\"https:\\\/\\\/schema.org\",\"@graph\":[{\"@type\":\"Article\",\"@id\":\"https:\\\/\\\/centrourbano.com\\\/revista\\\/arquitectura-2\\\/cierran-museo-hidalguense-remodelacion-arquitectonica\\\/#article\",\"isPartOf\":{\"@id\":\"https:\\\/\\\/centrourbano.com\\\/revista\\\/arquitectura-2\\\/cierran-museo-hidalguense-remodelacion-arquitectonica\\\/\"},\"author\":{\"name\":\"Dinorah Nava\",\"@id\":\"https:\\\/\\\/centrourbano.com\\\/revista\\\/#\\\/schema\\\/person\\\/baa9e569588d5544150642a11ad28b8b\"},\"headline\":\"Cierran Museo Hidalguense por remodelaci\u00f3n arquitect\u00f3nica\",\"datePublished\":\"2018-08-14T15:39:29+00:00\",\"mainEntityOfPage\":{\"@id\":\"https:\\\/\\\/centrourbano.com\\\/revista\\\/arquitectura-2\\\/cierran-museo-hidalguense-remodelacion-arquitectonica\\\/\"},\"wordCount\":250,\"commentCount\":0,\"publisher\":{\"@id\":\"https:\\\/\\\/centrourbano.com\\\/revista\\\/#organization\"},\"image\":{\"@id\":\"https:\\\/\\\/centrourbano.com\\\/revista\\\/arquitectura-2\\\/cierran-museo-hidalguense-remodelacion-arquitectonica\\\/#primaryimage\"},\"thumbnailUrl\":\"https:\\\/\\\/centrourbano.com\\\/revista\\\/wp-content\\\/uploads\\\/foto_home-20.jpg\",\"keywords\":[\"arquitectura\",\"Coordinaci\u00f3n Nacional de Obras y Proyectos\",\"Hidalgo\",\"remodelaci\u00f3n arquitect\u00f3nica\",\"Tula\",\"Zona Arqueol\u00f3gica de Tula\"],\"articleSection\":[\"Arquitectura\"],\"inLanguage\":\"es\",\"potentialAction\":[{\"@type\":\"CommentAction\",\"name\":\"Comment\",\"target\":[\"https:\\\/\\\/centrourbano.com\\\/revista\\\/arquitectura-2\\\/cierran-museo-hidalguense-remodelacion-arquitectonica\\\/#respond\"]}]},{\"@type\":\"WebPage\",\"@id\":\"https:\\\/\\\/centrourbano.com\\\/revista\\\/arquitectura-2\\\/cierran-museo-hidalguense-remodelacion-arquitectonica\\\/\",\"url\":\"https:\\\/\\\/centrourbano.com\\\/revista\\\/arquitectura-2\\\/cierran-museo-hidalguense-remodelacion-arquitectonica\\\/\",\"name\":\"Cierran Museo Hidalguense por remodelaci\u00f3n arquitect\u00f3nica\",\"isPartOf\":{\"@id\":\"https:\\\/\\\/centrourbano.com\\\/revista\\\/#website\"},\"primaryImageOfPage\":{\"@id\":\"https:\\\/\\\/centrourbano.com\\\/revista\\\/arquitectura-2\\\/cierran-museo-hidalguense-remodelacion-arquitectonica\\\/#primaryimage\"},\"image\":{\"@id\":\"https:\\\/\\\/centrourbano.com\\\/revista\\\/arquitectura-2\\\/cierran-museo-hidalguense-remodelacion-arquitectonica\\\/#primaryimage\"},\"thumbnailUrl\":\"https:\\\/\\\/centrourbano.com\\\/revista\\\/wp-content\\\/uploads\\\/foto_home-20.jpg\",\"datePublished\":\"2018-08-14T15:39:29+00:00\",\"description\":\"Debido a la renovaci\u00f3n que sufrir\u00e1, el Museo Jorge R. Acosta permanecer\u00e1 cerrado al p\u00fablico de manera temporal hasta enero de 2019\",\"breadcrumb\":{\"@id\":\"https:\\\/\\\/centrourbano.com\\\/revista\\\/arquitectura-2\\\/cierran-museo-hidalguense-remodelacion-arquitectonica\\\/#breadcrumb\"},\"inLanguage\":\"es\",\"potentialAction\":[{\"@type\":\"ReadAction\",\"target\":[\"https:\\\/\\\/centrourbano.com\\\/revista\\\/arquitectura-2\\\/cierran-museo-hidalguense-remodelacion-arquitectonica\\\/\"]}]},{\"@type\":\"ImageObject\",\"inLanguage\":\"es\",\"@id\":\"https:\\\/\\\/centrourbano.com\\\/revista\\\/arquitectura-2\\\/cierran-museo-hidalguense-remodelacion-arquitectonica\\\/#primaryimage\",\"url\":\"https:\\\/\\\/centrourbano.com\\\/revista\\\/wp-content\\\/uploads\\\/foto_home-20.jpg\",\"contentUrl\":\"https:\\\/\\\/centrourbano.com\\\/revista\\\/wp-content\\\/uploads\\\/foto_home-20.jpg\",\"width\":1200,\"height\":713},{\"@type\":\"BreadcrumbList\",\"@id\":\"https:\\\/\\\/centrourbano.com\\\/revista\\\/arquitectura-2\\\/cierran-museo-hidalguense-remodelacion-arquitectonica\\\/#breadcrumb\",\"itemListElement\":[{\"@type\":\"ListItem\",\"position\":1,\"name\":\"Portada\",\"item\":\"https:\\\/\\\/centrourbano.com\\\/revista\\\/\"},{\"@type\":\"ListItem\",\"position\":2,\"name\":\"Cierran Museo Hidalguense por remodelaci\u00f3n arquitect\u00f3nica\"}]},{\"@type\":\"WebSite\",\"@id\":\"https:\\\/\\\/centrourbano.com\\\/revista\\\/#website\",\"url\":\"https:\\\/\\\/centrourbano.com\\\/revista\\\/\",\"name\":\"Centro Urbano\",\"description\":\"Medio especializado en los sectores vivienda, inmobiliario, construcci\u00f3n, arquitectura y urbanismo.\",\"publisher\":{\"@id\":\"https:\\\/\\\/centrourbano.com\\\/revista\\\/#organization\"},\"potentialAction\":[{\"@type\":\"SearchAction\",\"target\":{\"@type\":\"EntryPoint\",\"urlTemplate\":\"https:\\\/\\\/centrourbano.com\\\/revista\\\/?s={search_term_string}\"},\"query-input\":{\"@type\":\"PropertyValueSpecification\",\"valueRequired\":true,\"valueName\":\"search_term_string\"}}],\"inLanguage\":\"es\"},{\"@type\":\"Organization\",\"@id\":\"https:\\\/\\\/centrourbano.com\\\/revista\\\/#organization\",\"name\":\"Centro Urbano\",\"url\":\"https:\\\/\\\/centrourbano.com\\\/revista\\\/\",\"logo\":{\"@type\":\"ImageObject\",\"inLanguage\":\"es\",\"@id\":\"https:\\\/\\\/centrourbano.com\\\/revista\\\/#\\\/schema\\\/logo\\\/image\\\/\",\"url\":\"https:\\\/\\\/centrourbano.com\\\/revista\\\/wp-content\\\/uploads\\\/web_CU_logo-1.png\",\"contentUrl\":\"https:\\\/\\\/centrourbano.com\\\/revista\\\/wp-content\\\/uploads\\\/web_CU_logo-1.png\",\"width\":350,\"height\":91,\"caption\":\"Centro Urbano\"},\"image\":{\"@id\":\"https:\\\/\\\/centrourbano.com\\\/revista\\\/#\\\/schema\\\/logo\\\/image\\\/\"},\"sameAs\":[\"https:\\\/\\\/www.facebook.com\\\/portalcentrourbano\",\"https:\\\/\\\/x.com\\\/CentroUrbano\",\"https:\\\/\\\/www.instagram.com\\\/centro_urbano\\\/\",\"https:\\\/\\\/www.linkedin.com\\\/company\\\/centro-urbano\\\/\",\"http:\\\/\\\/www.youtube.com\\\/user\\\/portalcentrourbano\"]},{\"@type\":\"Person\",\"@id\":\"https:\\\/\\\/centrourbano.com\\\/revista\\\/#\\\/schema\\\/person\\\/baa9e569588d5544150642a11ad28b8b\",\"name\":\"Dinorah Nava\",\"image\":{\"@type\":\"ImageObject\",\"inLanguage\":\"es\",\"@id\":\"https:\\\/\\\/secure.gravatar.com\\\/avatar\\\/f6ca6430c51d147f363940f84e1225aa4b8183885c11802cc3b042305a4ecc1a?s=96&d=mm&r=g\",\"url\":\"https:\\\/\\\/secure.gravatar.com\\\/avatar\\\/f6ca6430c51d147f363940f84e1225aa4b8183885c11802cc3b042305a4ecc1a?s=96&d=mm&r=g\",\"contentUrl\":\"https:\\\/\\\/secure.gravatar.com\\\/avatar\\\/f6ca6430c51d147f363940f84e1225aa4b8183885c11802cc3b042305a4ecc1a?s=96&d=mm&r=g\",\"caption\":\"Dinorah Nava\"},\"description\":\"Editora de Contenidos y Estrategias Digitales en Centro Urbano y Coeditora en Peri\u00f3dico Mi Casa. Egresada de la licenciatura en Comunicaci\u00f3n y Periodismo de la Facultad de Estudios Superiores Arag\u00f3n (UNAM). Amante de la edici\u00f3n y correcci\u00f3n de estilo, las redes sociales y el mundo digital. Especialista en temas son arquitectura, inmobiliario y urbanismo.\",\"sameAs\":[\"linkedin.com\\\/in\\\/dinorah-nava\",\"https:\\\/\\\/x.com\\\/https:\\\/\\\/twitter.com\\\/Dinorah_Nava28\"],\"url\":\"https:\\\/\\\/centrourbano.com\\\/revista\\\/author\\\/dinorah-nava\\\/\"}]}<\/script>\n<!-- \/ Yoast SEO plugin. -->","yoast_head_json":{"title":"Cierran Museo Hidalguense por remodelaci\u00f3n arquitect\u00f3nica","description":"Debido a la renovaci\u00f3n que sufrir\u00e1, el Museo Jorge R. Acosta permanecer\u00e1 cerrado al p\u00fablico de manera temporal hasta enero de 2019","robots":{"index":"index","follow":"follow","max-snippet":"max-snippet:-1","max-image-preview":"max-image-preview:large","max-video-preview":"max-video-preview:-1"},"canonical":"https:\/\/centrourbano.com\/revista\/arquitectura-2\/cierran-museo-hidalguense-remodelacion-arquitectonica\/","og_locale":"es_ES","og_type":"article","og_title":"Cierran Museo Hidalguense por remodelaci\u00f3n arquitect\u00f3nica","og_description":"Debido a la renovaci\u00f3n que sufrir\u00e1, el Museo Jorge R. Acosta permanecer\u00e1 cerrado al p\u00fablico de manera temporal hasta enero de 2019","og_url":"https:\/\/centrourbano.com\/revista\/arquitectura-2\/cierran-museo-hidalguense-remodelacion-arquitectonica\/","og_site_name":"Centro Urbano","article_publisher":"https:\/\/www.facebook.com\/portalcentrourbano","article_published_time":"2018-08-14T15:39:29+00:00","og_image":[{"width":1200,"height":713,"url":"https:\/\/centrourbano.com\/revista\/wp-content\/uploads\/foto_home-20.jpg","type":"image\/jpeg"}],"author":"Dinorah Nava","twitter_card":"summary_large_image","twitter_creator":"@https:\/\/twitter.com\/Dinorah_Nava28","twitter_site":"@CentroUrbano","twitter_misc":{"Escrito por":"Dinorah Nava","Tiempo de lectura":"1 minuto"},"schema":{"@context":"https:\/\/schema.org","@graph":[{"@type":"Article","@id":"https:\/\/centrourbano.com\/revista\/arquitectura-2\/cierran-museo-hidalguense-remodelacion-arquitectonica\/#article","isPartOf":{"@id":"https:\/\/centrourbano.com\/revista\/arquitectura-2\/cierran-museo-hidalguense-remodelacion-arquitectonica\/"},"author":{"name":"Dinorah Nava","@id":"https:\/\/centrourbano.com\/revista\/#\/schema\/person\/baa9e569588d5544150642a11ad28b8b"},"headline":"Cierran Museo Hidalguense por remodelaci\u00f3n arquitect\u00f3nica","datePublished":"2018-08-14T15:39:29+00:00","mainEntityOfPage":{"@id":"https:\/\/centrourbano.com\/revista\/arquitectura-2\/cierran-museo-hidalguense-remodelacion-arquitectonica\/"},"wordCount":250,"commentCount":0,"publisher":{"@id":"https:\/\/centrourbano.com\/revista\/#organization"},"image":{"@id":"https:\/\/centrourbano.com\/revista\/arquitectura-2\/cierran-museo-hidalguense-remodelacion-arquitectonica\/#primaryimage"},"thumbnailUrl":"https:\/\/centrourbano.com\/revista\/wp-content\/uploads\/foto_home-20.jpg","keywords":["arquitectura","Coordinaci\u00f3n Nacional de Obras y Proyectos","Hidalgo","remodelaci\u00f3n arquitect\u00f3nica","Tula","Zona Arqueol\u00f3gica de Tula"],"articleSection":["Arquitectura"],"inLanguage":"es","potentialAction":[{"@type":"CommentAction","name":"Comment","target":["https:\/\/centrourbano.com\/revista\/arquitectura-2\/cierran-museo-hidalguense-remodelacion-arquitectonica\/#respond"]}]},{"@type":"WebPage","@id":"https:\/\/centrourbano.com\/revista\/arquitectura-2\/cierran-museo-hidalguense-remodelacion-arquitectonica\/","url":"https:\/\/centrourbano.com\/revista\/arquitectura-2\/cierran-museo-hidalguense-remodelacion-arquitectonica\/","name":"Cierran Museo Hidalguense por remodelaci\u00f3n arquitect\u00f3nica","isPartOf":{"@id":"https:\/\/centrourbano.com\/revista\/#website"},"primaryImageOfPage":{"@id":"https:\/\/centrourbano.com\/revista\/arquitectura-2\/cierran-museo-hidalguense-remodelacion-arquitectonica\/#primaryimage"},"image":{"@id":"https:\/\/centrourbano.com\/revista\/arquitectura-2\/cierran-museo-hidalguense-remodelacion-arquitectonica\/#primaryimage"},"thumbnailUrl":"https:\/\/centrourbano.com\/revista\/wp-content\/uploads\/foto_home-20.jpg","datePublished":"2018-08-14T15:39:29+00:00","description":"Debido a la renovaci\u00f3n que sufrir\u00e1, el Museo Jorge R. Acosta permanecer\u00e1 cerrado al p\u00fablico de manera temporal hasta enero de 2019","breadcrumb":{"@id":"https:\/\/centrourbano.com\/revista\/arquitectura-2\/cierran-museo-hidalguense-remodelacion-arquitectonica\/#breadcrumb"},"inLanguage":"es","potentialAction":[{"@type":"ReadAction","target":["https:\/\/centrourbano.com\/revista\/arquitectura-2\/cierran-museo-hidalguense-remodelacion-arquitectonica\/"]}]},{"@type":"ImageObject","inLanguage":"es","@id":"https:\/\/centrourbano.com\/revista\/arquitectura-2\/cierran-museo-hidalguense-remodelacion-arquitectonica\/#primaryimage","url":"https:\/\/centrourbano.com\/revista\/wp-content\/uploads\/foto_home-20.jpg","contentUrl":"https:\/\/centrourbano.com\/revista\/wp-content\/uploads\/foto_home-20.jpg","width":1200,"height":713},{"@type":"BreadcrumbList","@id":"https:\/\/centrourbano.com\/revista\/arquitectura-2\/cierran-museo-hidalguense-remodelacion-arquitectonica\/#breadcrumb","itemListElement":[{"@type":"ListItem","position":1,"name":"Portada","item":"https:\/\/centrourbano.com\/revista\/"},{"@type":"ListItem","position":2,"name":"Cierran Museo Hidalguense por remodelaci\u00f3n arquitect\u00f3nica"}]},{"@type":"WebSite","@id":"https:\/\/centrourbano.com\/revista\/#website","url":"https:\/\/centrourbano.com\/revista\/","name":"Centro Urbano","description":"Medio especializado en los sectores vivienda, inmobiliario, construcci\u00f3n, arquitectura y urbanismo.","publisher":{"@id":"https:\/\/centrourbano.com\/revista\/#organization"},"potentialAction":[{"@type":"SearchAction","target":{"@type":"EntryPoint","urlTemplate":"https:\/\/centrourbano.com\/revista\/?s={search_term_string}"},"query-input":{"@type":"PropertyValueSpecification","valueRequired":true,"valueName":"search_term_string"}}],"inLanguage":"es"},{"@type":"Organization","@id":"https:\/\/centrourbano.com\/revista\/#organization","name":"Centro Urbano","url":"https:\/\/centrourbano.com\/revista\/","logo":{"@type":"ImageObject","inLanguage":"es","@id":"https:\/\/centrourbano.com\/revista\/#\/schema\/logo\/image\/","url":"https:\/\/centrourbano.com\/revista\/wp-content\/uploads\/web_CU_logo-1.png","contentUrl":"https:\/\/centrourbano.com\/revista\/wp-content\/uploads\/web_CU_logo-1.png","width":350,"height":91,"caption":"Centro Urbano"},"image":{"@id":"https:\/\/centrourbano.com\/revista\/#\/schema\/logo\/image\/"},"sameAs":["https:\/\/www.facebook.com\/portalcentrourbano","https:\/\/x.com\/CentroUrbano","https:\/\/www.instagram.com\/centro_urbano\/","https:\/\/www.linkedin.com\/company\/centro-urbano\/","http:\/\/www.youtube.com\/user\/portalcentrourbano"]},{"@type":"Person","@id":"https:\/\/centrourbano.com\/revista\/#\/schema\/person\/baa9e569588d5544150642a11ad28b8b","name":"Dinorah Nava","image":{"@type":"ImageObject","inLanguage":"es","@id":"https:\/\/secure.gravatar.com\/avatar\/f6ca6430c51d147f363940f84e1225aa4b8183885c11802cc3b042305a4ecc1a?s=96&d=mm&r=g","url":"https:\/\/secure.gravatar.com\/avatar\/f6ca6430c51d147f363940f84e1225aa4b8183885c11802cc3b042305a4ecc1a?s=96&d=mm&r=g","contentUrl":"https:\/\/secure.gravatar.com\/avatar\/f6ca6430c51d147f363940f84e1225aa4b8183885c11802cc3b042305a4ecc1a?s=96&d=mm&r=g","caption":"Dinorah Nava"},"description":"Editora de Contenidos y Estrategias Digitales en Centro Urbano y Coeditora en Peri\u00f3dico Mi Casa. Egresada de la licenciatura en Comunicaci\u00f3n y Periodismo de la Facultad de Estudios Superiores Arag\u00f3n (UNAM). Amante de la edici\u00f3n y correcci\u00f3n de estilo, las redes sociales y el mundo digital. Especialista en temas son arquitectura, inmobiliario y urbanismo.","sameAs":["linkedin.com\/in\/dinorah-nava","https:\/\/x.com\/https:\/\/twitter.com\/Dinorah_Nava28"],"url":"https:\/\/centrourbano.com\/revista\/author\/dinorah-nava\/"}]}},"_links":{"self":[{"href":"https:\/\/centrourbano.com\/revista\/wp-json\/wp\/v2\/posts\/76324","targetHints":{"allow":["GET"]}}],"collection":[{"href":"https:\/\/centrourbano.com\/revista\/wp-json\/wp\/v2\/posts"}],"about":[{"href":"https:\/\/centrourbano.com\/revista\/wp-json\/wp\/v2\/types\/post"}],"author":[{"embeddable":true,"href":"https:\/\/centrourbano.com\/revista\/wp-json\/wp\/v2\/users\/9"}],"replies":[{"embeddable":true,"href":"https:\/\/centrourbano.com\/revista\/wp-json\/wp\/v2\/comments?post=76324"}],"version-history":[{"count":2,"href":"https:\/\/centrourbano.com\/revista\/wp-json\/wp\/v2\/posts\/76324\/revisions"}],"predecessor-version":[{"id":76328,"href":"https:\/\/centrourbano.com\/revista\/wp-json\/wp\/v2\/posts\/76324\/revisions\/76328"}],"wp:featuredmedia":[{"embeddable":true,"href":"https:\/\/centrourbano.com\/revista\/wp-json\/wp\/v2\/media\/76326"}],"wp:attachment":[{"href":"https:\/\/centrourbano.com\/revista\/wp-json\/wp\/v2\/media?parent=76324"}],"wp:term":[{"taxonomy":"category","embeddable":true,"href":"https:\/\/centrourbano.com\/revista\/wp-json\/wp\/v2\/categories?post=76324"},{"taxonomy":"post_tag","embeddable":true,"href":"https:\/\/centrourbano.com\/revista\/wp-json\/wp\/v2\/tags?post=76324"}],"curies":[{"name":"wp","href":"https:\/\/api.w.org\/{rel}","templated":true}]}}