{"id":76049,"date":"2018-08-09T08:30:06","date_gmt":"2018-08-09T13:30:06","guid":{"rendered":"https:\/\/centrourbano.com\/?p=76049"},"modified":"2018-08-09T09:47:03","modified_gmt":"2018-08-09T14:47:03","slug":"venta-vivienda-usada-crecio","status":"publish","type":"post","link":"https:\/\/centrourbano.com\/revista\/vivienda\/venta-vivienda-usada-crecio\/","title":{"rendered":"Venta de vivienda usada creci\u00f3 14.4% al cierre de mayo"},"content":{"rendered":"<p><em>El resultado es el mejor observado en los \u00faltimos cinco a\u00f1os <\/em><!--more--><\/p>\n<p>En los primeros cinco meses del a\u00f1o, la venta de <strong>vivienda usada<\/strong> increment\u00f3 14.4%, con lo que pas\u00f3 de 71,288 a 81,588 unidades desplazadas. El resultado se ubica como el mejor registrado para el periodo enero-mayo desde que arranc\u00f3 el sexenio.<\/p>\n<p>De acuerdo con el <strong>Monitor Inmobiliario<\/strong> que presenta <strong>Realty World<\/strong>, el<strong> Estado de M\u00e9xico<\/strong> se ubic\u00f3 como la entidad con mayor dinamismo en el segmento. En territorio mexiquense se desplazaron 5,377 unidades, lo que represent\u00f3 una variaci\u00f3n positiva de 9.9 por ciento.<\/p>\n<p>\u201cMientras la comercializaci\u00f3n de las casas nuevas va en picada, la venta de unidades usadas va viento en popa en el periodo enero-mayo de 2018 (\u2026) las unidades vendidas usadas en el Pa\u00eds alcanzaron su nivel m\u00e1s alto en 5 a\u00f1os, al ubicarse en 81 mil 588 casas-habitacionales para el periodo de enero-mayo\u201d, detall\u00f3 la firma.<\/p>\n<a href=\"https:\/\/centrourbano.com\/revista\/wp-content\/uploads\/Vivienda-Usada_realty-world_-julio-.jpg\" target=\"_blank\" rel=\"noopener noreferrer\"><img loading=\"lazy\" decoding=\"async\" class=\"aligncenter wp-image-76052\" src=\"https:\/\/centrourbano.com\/revista\/wp-content\/uploads\/Vivienda-Usada_realty-world_-julio--1024x633.jpg\" alt=\"\" width=\"500\" height=\"309\" srcset=\"https:\/\/centrourbano.com\/revista\/wp-content\/uploads\/Vivienda-Usada_realty-world_-julio--1024x633.jpg 1024w, https:\/\/centrourbano.com\/revista\/wp-content\/uploads\/Vivienda-Usada_realty-world_-julio--300x186.jpg 300w, https:\/\/centrourbano.com\/revista\/wp-content\/uploads\/Vivienda-Usada_realty-world_-julio--768x475.jpg 768w, https:\/\/centrourbano.com\/revista\/wp-content\/uploads\/Vivienda-Usada_realty-world_-julio-.jpg 1201w\" sizes=\"auto, (max-width: 500px) 100vw, 500px\" \/><\/a>\n<p>&nbsp;<\/p>\n<p>Al respecto, <strong>Chihuahua<\/strong> y <strong>Nuevo Le\u00f3n<\/strong> se ubicaron en la posici\u00f3n dos y tres entre las entidades con las mayores ventas. En el caso del territorio neoleon\u00e9s, las unidades desplazadas llegaron a 4,275, lo que represent\u00f3 un avance de 24.5%; sobre Chihuahua, el resultado equivali\u00f3 a un incremento de 13.6% en el n\u00famero de operaciones.<\/p>\n<p>Cabe se\u00f1alar que a nivel nacional, s\u00f3lo la <strong>Ciudad de M\u00e9xico<\/strong> present\u00f3 una variaci\u00f3n negativa en el n\u00famero de ventas de casas usadas. Seg\u00fan la informaci\u00f3n, en la capital mexicana se desplazaron 2,864, es decir, una contracci\u00f3n de 2.8% en relaci\u00f3n al periodo enero-mayo 2017.<\/p>\n","protected":false},"excerpt":{"rendered":"<p>El resultado es el mejor observado en los \u00faltimos cinco a\u00f1os<\/p>\n","protected":false},"author":47,"featured_media":51865,"comment_status":"open","ping_status":"closed","sticky":false,"template":"","format":"standard","meta":{"om_disable_all_campaigns":false,"inline_featured_image":false,"_monsterinsights_skip_tracking":false,"_monsterinsights_sitenote_active":false,"_monsterinsights_sitenote_note":"","_monsterinsights_sitenote_category":0,"footnotes":""},"categories":[12],"tags":[303,334,10526,2999,11241,288],"class_list":["post-76049","post","type-post","status-publish","format-standard","has-post-thumbnail","hentry","category-vivienda","tag-estado-de-mexico","tag-mexico","tag-monitor-inmobiliario","tag-realty-world","tag-venta-de-vivienda","tag-vivienda-usada"],"yoast_head":"<!-- This site is optimized with the Yoast SEO plugin v27.4 - https:\/\/yoast.com\/product\/yoast-seo-wordpress\/ -->\n<title>Venta de vivienda usada creci\u00f3 14.4% al cierre de mayo<\/title>\n<meta name=\"description\" content=\"El resultado es el mejor observado en los \u00faltimos cinco a\u00f1os, con lo que se confirma el buen paso del segmento de vivienda usada\" \/>\n<meta name=\"robots\" content=\"index, follow, max-snippet:-1, max-image-preview:large, max-video-preview:-1\" \/>\n<link rel=\"canonical\" href=\"https:\/\/centrourbano.com\/revista\/vivienda\/venta-vivienda-usada-crecio\/\" \/>\n<meta property=\"og:locale\" content=\"es_ES\" \/>\n<meta property=\"og:type\" content=\"article\" \/>\n<meta property=\"og:title\" content=\"Venta de vivienda usada creci\u00f3 14.4% al cierre de mayo\" \/>\n<meta property=\"og:description\" content=\"El resultado es el mejor observado en los \u00faltimos cinco a\u00f1os, con lo que se confirma el buen paso del segmento de vivienda usada\" \/>\n<meta property=\"og:url\" content=\"https:\/\/centrourbano.com\/revista\/vivienda\/venta-vivienda-usada-crecio\/\" \/>\n<meta property=\"og:site_name\" content=\"Centro Urbano\" \/>\n<meta property=\"article:publisher\" content=\"https:\/\/www.facebook.com\/portalcentrourbano\" \/>\n<meta property=\"article:published_time\" content=\"2018-08-09T13:30:06+00:00\" \/>\n<meta property=\"article:modified_time\" content=\"2018-08-09T14:47:03+00:00\" \/>\n<meta property=\"og:image\" content=\"https:\/\/centrourbano.com\/revista\/wp-content\/uploads\/vivienda-mas-cara.jpg\" \/>\n\t<meta property=\"og:image:width\" content=\"478\" \/>\n\t<meta property=\"og:image:height\" content=\"324\" \/>\n\t<meta property=\"og:image:type\" content=\"image\/jpeg\" \/>\n<meta name=\"author\" content=\"Edgar Rosas\" \/>\n<meta name=\"twitter:card\" content=\"summary_large_image\" \/>\n<meta name=\"twitter:creator\" content=\"@https:\/\/twitter.com\/ERosasCU?s=09\" \/>\n<meta name=\"twitter:site\" content=\"@CentroUrbano\" \/>\n<meta name=\"twitter:label1\" content=\"Escrito por\" \/>\n\t<meta name=\"twitter:data1\" content=\"Edgar Rosas\" \/>\n\t<meta name=\"twitter:label2\" content=\"Tiempo de lectura\" \/>\n\t<meta name=\"twitter:data2\" content=\"1 minuto\" \/>\n<script type=\"application\/ld+json\" class=\"yoast-schema-graph\">{\"@context\":\"https:\\\/\\\/schema.org\",\"@graph\":[{\"@type\":\"Article\",\"@id\":\"https:\\\/\\\/centrourbano.com\\\/revista\\\/vivienda\\\/venta-vivienda-usada-crecio\\\/#article\",\"isPartOf\":{\"@id\":\"https:\\\/\\\/centrourbano.com\\\/revista\\\/vivienda\\\/venta-vivienda-usada-crecio\\\/\"},\"author\":{\"name\":\"Edgar Rosas\",\"@id\":\"https:\\\/\\\/centrourbano.com\\\/revista\\\/#\\\/schema\\\/person\\\/ff3c00651ce5b1630479d2cd0c2e3ac0\"},\"headline\":\"Venta de vivienda usada creci\u00f3 14.4% al cierre de mayo\",\"datePublished\":\"2018-08-09T13:30:06+00:00\",\"dateModified\":\"2018-08-09T14:47:03+00:00\",\"mainEntityOfPage\":{\"@id\":\"https:\\\/\\\/centrourbano.com\\\/revista\\\/vivienda\\\/venta-vivienda-usada-crecio\\\/\"},\"wordCount\":265,\"commentCount\":0,\"publisher\":{\"@id\":\"https:\\\/\\\/centrourbano.com\\\/revista\\\/#organization\"},\"image\":{\"@id\":\"https:\\\/\\\/centrourbano.com\\\/revista\\\/vivienda\\\/venta-vivienda-usada-crecio\\\/#primaryimage\"},\"thumbnailUrl\":\"https:\\\/\\\/centrourbano.com\\\/revista\\\/wp-content\\\/uploads\\\/vivienda-mas-cara.jpg\",\"keywords\":[\"Estado de M\u00e9xico\",\"M\u00e9xico\",\"Monitor Inmobiliario\",\"Realty World\",\"Venta de vivienda\",\"Vivienda usada\"],\"articleSection\":[\"Vivienda\"],\"inLanguage\":\"es\",\"potentialAction\":[{\"@type\":\"CommentAction\",\"name\":\"Comment\",\"target\":[\"https:\\\/\\\/centrourbano.com\\\/revista\\\/vivienda\\\/venta-vivienda-usada-crecio\\\/#respond\"]}]},{\"@type\":\"WebPage\",\"@id\":\"https:\\\/\\\/centrourbano.com\\\/revista\\\/vivienda\\\/venta-vivienda-usada-crecio\\\/\",\"url\":\"https:\\\/\\\/centrourbano.com\\\/revista\\\/vivienda\\\/venta-vivienda-usada-crecio\\\/\",\"name\":\"Venta de vivienda usada creci\u00f3 14.4% al cierre de mayo\",\"isPartOf\":{\"@id\":\"https:\\\/\\\/centrourbano.com\\\/revista\\\/#website\"},\"primaryImageOfPage\":{\"@id\":\"https:\\\/\\\/centrourbano.com\\\/revista\\\/vivienda\\\/venta-vivienda-usada-crecio\\\/#primaryimage\"},\"image\":{\"@id\":\"https:\\\/\\\/centrourbano.com\\\/revista\\\/vivienda\\\/venta-vivienda-usada-crecio\\\/#primaryimage\"},\"thumbnailUrl\":\"https:\\\/\\\/centrourbano.com\\\/revista\\\/wp-content\\\/uploads\\\/vivienda-mas-cara.jpg\",\"datePublished\":\"2018-08-09T13:30:06+00:00\",\"dateModified\":\"2018-08-09T14:47:03+00:00\",\"description\":\"El resultado es el mejor observado en los \u00faltimos cinco a\u00f1os, con lo que se confirma el buen paso del segmento de vivienda usada\",\"breadcrumb\":{\"@id\":\"https:\\\/\\\/centrourbano.com\\\/revista\\\/vivienda\\\/venta-vivienda-usada-crecio\\\/#breadcrumb\"},\"inLanguage\":\"es\",\"potentialAction\":[{\"@type\":\"ReadAction\",\"target\":[\"https:\\\/\\\/centrourbano.com\\\/revista\\\/vivienda\\\/venta-vivienda-usada-crecio\\\/\"]}]},{\"@type\":\"ImageObject\",\"inLanguage\":\"es\",\"@id\":\"https:\\\/\\\/centrourbano.com\\\/revista\\\/vivienda\\\/venta-vivienda-usada-crecio\\\/#primaryimage\",\"url\":\"https:\\\/\\\/centrourbano.com\\\/revista\\\/wp-content\\\/uploads\\\/vivienda-mas-cara.jpg\",\"contentUrl\":\"https:\\\/\\\/centrourbano.com\\\/revista\\\/wp-content\\\/uploads\\\/vivienda-mas-cara.jpg\",\"width\":478,\"height\":324,\"caption\":\"La renta de m\u00e1s caras de casas se dio en el Estado de M\u00e9xico y la de departamentos en la CDMX\"},{\"@type\":\"BreadcrumbList\",\"@id\":\"https:\\\/\\\/centrourbano.com\\\/revista\\\/vivienda\\\/venta-vivienda-usada-crecio\\\/#breadcrumb\",\"itemListElement\":[{\"@type\":\"ListItem\",\"position\":1,\"name\":\"Portada\",\"item\":\"https:\\\/\\\/centrourbano.com\\\/revista\\\/\"},{\"@type\":\"ListItem\",\"position\":2,\"name\":\"Venta de vivienda usada creci\u00f3 14.4% al cierre de mayo\"}]},{\"@type\":\"WebSite\",\"@id\":\"https:\\\/\\\/centrourbano.com\\\/revista\\\/#website\",\"url\":\"https:\\\/\\\/centrourbano.com\\\/revista\\\/\",\"name\":\"Centro Urbano\",\"description\":\"Medio especializado en los sectores vivienda, inmobiliario, construcci\u00f3n, arquitectura y urbanismo.\",\"publisher\":{\"@id\":\"https:\\\/\\\/centrourbano.com\\\/revista\\\/#organization\"},\"potentialAction\":[{\"@type\":\"SearchAction\",\"target\":{\"@type\":\"EntryPoint\",\"urlTemplate\":\"https:\\\/\\\/centrourbano.com\\\/revista\\\/?s={search_term_string}\"},\"query-input\":{\"@type\":\"PropertyValueSpecification\",\"valueRequired\":true,\"valueName\":\"search_term_string\"}}],\"inLanguage\":\"es\"},{\"@type\":\"Organization\",\"@id\":\"https:\\\/\\\/centrourbano.com\\\/revista\\\/#organization\",\"name\":\"Centro Urbano\",\"url\":\"https:\\\/\\\/centrourbano.com\\\/revista\\\/\",\"logo\":{\"@type\":\"ImageObject\",\"inLanguage\":\"es\",\"@id\":\"https:\\\/\\\/centrourbano.com\\\/revista\\\/#\\\/schema\\\/logo\\\/image\\\/\",\"url\":\"https:\\\/\\\/centrourbano.com\\\/revista\\\/wp-content\\\/uploads\\\/web_CU_logo-1.png\",\"contentUrl\":\"https:\\\/\\\/centrourbano.com\\\/revista\\\/wp-content\\\/uploads\\\/web_CU_logo-1.png\",\"width\":350,\"height\":91,\"caption\":\"Centro Urbano\"},\"image\":{\"@id\":\"https:\\\/\\\/centrourbano.com\\\/revista\\\/#\\\/schema\\\/logo\\\/image\\\/\"},\"sameAs\":[\"https:\\\/\\\/www.facebook.com\\\/portalcentrourbano\",\"https:\\\/\\\/x.com\\\/CentroUrbano\",\"https:\\\/\\\/www.instagram.com\\\/centro_urbano\\\/\",\"https:\\\/\\\/www.linkedin.com\\\/company\\\/centro-urbano\\\/\",\"http:\\\/\\\/www.youtube.com\\\/user\\\/portalcentrourbano\"]},{\"@type\":\"Person\",\"@id\":\"https:\\\/\\\/centrourbano.com\\\/revista\\\/#\\\/schema\\\/person\\\/ff3c00651ce5b1630479d2cd0c2e3ac0\",\"name\":\"Edgar Rosas\",\"image\":{\"@type\":\"ImageObject\",\"inLanguage\":\"es\",\"@id\":\"https:\\\/\\\/secure.gravatar.com\\\/avatar\\\/94440c4283495211faa5300bf85e80061036b83fced868c3783aa1310b350d9c?s=96&d=mm&r=g\",\"url\":\"https:\\\/\\\/secure.gravatar.com\\\/avatar\\\/94440c4283495211faa5300bf85e80061036b83fced868c3783aa1310b350d9c?s=96&d=mm&r=g\",\"contentUrl\":\"https:\\\/\\\/secure.gravatar.com\\\/avatar\\\/94440c4283495211faa5300bf85e80061036b83fced868c3783aa1310b350d9c?s=96&d=mm&r=g\",\"caption\":\"Edgar Rosas\"},\"description\":\"Editor en Jefe de Centro Urbano. Egresado de la maestr\u00eda en Periodismo Pol\u00edtico de la Escuela de Periodismo Carlos Septi\u00e9n Garc\u00eda (EPCSG). Estudi\u00f3 la licenciatura en Comunicaci\u00f3n en la Universidad Mexicana. Amante de la cr\u00f3nica y el reportaje. Admirador de Vicente Le\u00f1ero y Miguel \u00c1ngel Granados Chapa.\",\"sameAs\":[\"https:\\\/\\\/x.com\\\/https:\\\/\\\/twitter.com\\\/ERosasCU?s=09\"],\"url\":\"https:\\\/\\\/centrourbano.com\\\/revista\\\/author\\\/edgar-rosas\\\/\"}]}<\/script>\n<!-- \/ Yoast SEO plugin. -->","yoast_head_json":{"title":"Venta de vivienda usada creci\u00f3 14.4% al cierre de mayo","description":"El resultado es el mejor observado en los \u00faltimos cinco a\u00f1os, con lo que se confirma el buen paso del segmento de vivienda usada","robots":{"index":"index","follow":"follow","max-snippet":"max-snippet:-1","max-image-preview":"max-image-preview:large","max-video-preview":"max-video-preview:-1"},"canonical":"https:\/\/centrourbano.com\/revista\/vivienda\/venta-vivienda-usada-crecio\/","og_locale":"es_ES","og_type":"article","og_title":"Venta de vivienda usada creci\u00f3 14.4% al cierre de mayo","og_description":"El resultado es el mejor observado en los \u00faltimos cinco a\u00f1os, con lo que se confirma el buen paso del segmento de vivienda usada","og_url":"https:\/\/centrourbano.com\/revista\/vivienda\/venta-vivienda-usada-crecio\/","og_site_name":"Centro Urbano","article_publisher":"https:\/\/www.facebook.com\/portalcentrourbano","article_published_time":"2018-08-09T13:30:06+00:00","article_modified_time":"2018-08-09T14:47:03+00:00","og_image":[{"width":478,"height":324,"url":"https:\/\/centrourbano.com\/revista\/wp-content\/uploads\/vivienda-mas-cara.jpg","type":"image\/jpeg"}],"author":"Edgar Rosas","twitter_card":"summary_large_image","twitter_creator":"@https:\/\/twitter.com\/ERosasCU?s=09","twitter_site":"@CentroUrbano","twitter_misc":{"Escrito por":"Edgar Rosas","Tiempo de lectura":"1 minuto"},"schema":{"@context":"https:\/\/schema.org","@graph":[{"@type":"Article","@id":"https:\/\/centrourbano.com\/revista\/vivienda\/venta-vivienda-usada-crecio\/#article","isPartOf":{"@id":"https:\/\/centrourbano.com\/revista\/vivienda\/venta-vivienda-usada-crecio\/"},"author":{"name":"Edgar Rosas","@id":"https:\/\/centrourbano.com\/revista\/#\/schema\/person\/ff3c00651ce5b1630479d2cd0c2e3ac0"},"headline":"Venta de vivienda usada creci\u00f3 14.4% al cierre de mayo","datePublished":"2018-08-09T13:30:06+00:00","dateModified":"2018-08-09T14:47:03+00:00","mainEntityOfPage":{"@id":"https:\/\/centrourbano.com\/revista\/vivienda\/venta-vivienda-usada-crecio\/"},"wordCount":265,"commentCount":0,"publisher":{"@id":"https:\/\/centrourbano.com\/revista\/#organization"},"image":{"@id":"https:\/\/centrourbano.com\/revista\/vivienda\/venta-vivienda-usada-crecio\/#primaryimage"},"thumbnailUrl":"https:\/\/centrourbano.com\/revista\/wp-content\/uploads\/vivienda-mas-cara.jpg","keywords":["Estado de M\u00e9xico","M\u00e9xico","Monitor Inmobiliario","Realty World","Venta de vivienda","Vivienda usada"],"articleSection":["Vivienda"],"inLanguage":"es","potentialAction":[{"@type":"CommentAction","name":"Comment","target":["https:\/\/centrourbano.com\/revista\/vivienda\/venta-vivienda-usada-crecio\/#respond"]}]},{"@type":"WebPage","@id":"https:\/\/centrourbano.com\/revista\/vivienda\/venta-vivienda-usada-crecio\/","url":"https:\/\/centrourbano.com\/revista\/vivienda\/venta-vivienda-usada-crecio\/","name":"Venta de vivienda usada creci\u00f3 14.4% al cierre de mayo","isPartOf":{"@id":"https:\/\/centrourbano.com\/revista\/#website"},"primaryImageOfPage":{"@id":"https:\/\/centrourbano.com\/revista\/vivienda\/venta-vivienda-usada-crecio\/#primaryimage"},"image":{"@id":"https:\/\/centrourbano.com\/revista\/vivienda\/venta-vivienda-usada-crecio\/#primaryimage"},"thumbnailUrl":"https:\/\/centrourbano.com\/revista\/wp-content\/uploads\/vivienda-mas-cara.jpg","datePublished":"2018-08-09T13:30:06+00:00","dateModified":"2018-08-09T14:47:03+00:00","description":"El resultado es el mejor observado en los \u00faltimos cinco a\u00f1os, con lo que se confirma el buen paso del segmento de vivienda usada","breadcrumb":{"@id":"https:\/\/centrourbano.com\/revista\/vivienda\/venta-vivienda-usada-crecio\/#breadcrumb"},"inLanguage":"es","potentialAction":[{"@type":"ReadAction","target":["https:\/\/centrourbano.com\/revista\/vivienda\/venta-vivienda-usada-crecio\/"]}]},{"@type":"ImageObject","inLanguage":"es","@id":"https:\/\/centrourbano.com\/revista\/vivienda\/venta-vivienda-usada-crecio\/#primaryimage","url":"https:\/\/centrourbano.com\/revista\/wp-content\/uploads\/vivienda-mas-cara.jpg","contentUrl":"https:\/\/centrourbano.com\/revista\/wp-content\/uploads\/vivienda-mas-cara.jpg","width":478,"height":324,"caption":"La renta de m\u00e1s caras de casas se dio en el Estado de M\u00e9xico y la de departamentos en la CDMX"},{"@type":"BreadcrumbList","@id":"https:\/\/centrourbano.com\/revista\/vivienda\/venta-vivienda-usada-crecio\/#breadcrumb","itemListElement":[{"@type":"ListItem","position":1,"name":"Portada","item":"https:\/\/centrourbano.com\/revista\/"},{"@type":"ListItem","position":2,"name":"Venta de vivienda usada creci\u00f3 14.4% al cierre de mayo"}]},{"@type":"WebSite","@id":"https:\/\/centrourbano.com\/revista\/#website","url":"https:\/\/centrourbano.com\/revista\/","name":"Centro Urbano","description":"Medio especializado en los sectores vivienda, inmobiliario, construcci\u00f3n, arquitectura y urbanismo.","publisher":{"@id":"https:\/\/centrourbano.com\/revista\/#organization"},"potentialAction":[{"@type":"SearchAction","target":{"@type":"EntryPoint","urlTemplate":"https:\/\/centrourbano.com\/revista\/?s={search_term_string}"},"query-input":{"@type":"PropertyValueSpecification","valueRequired":true,"valueName":"search_term_string"}}],"inLanguage":"es"},{"@type":"Organization","@id":"https:\/\/centrourbano.com\/revista\/#organization","name":"Centro Urbano","url":"https:\/\/centrourbano.com\/revista\/","logo":{"@type":"ImageObject","inLanguage":"es","@id":"https:\/\/centrourbano.com\/revista\/#\/schema\/logo\/image\/","url":"https:\/\/centrourbano.com\/revista\/wp-content\/uploads\/web_CU_logo-1.png","contentUrl":"https:\/\/centrourbano.com\/revista\/wp-content\/uploads\/web_CU_logo-1.png","width":350,"height":91,"caption":"Centro Urbano"},"image":{"@id":"https:\/\/centrourbano.com\/revista\/#\/schema\/logo\/image\/"},"sameAs":["https:\/\/www.facebook.com\/portalcentrourbano","https:\/\/x.com\/CentroUrbano","https:\/\/www.instagram.com\/centro_urbano\/","https:\/\/www.linkedin.com\/company\/centro-urbano\/","http:\/\/www.youtube.com\/user\/portalcentrourbano"]},{"@type":"Person","@id":"https:\/\/centrourbano.com\/revista\/#\/schema\/person\/ff3c00651ce5b1630479d2cd0c2e3ac0","name":"Edgar Rosas","image":{"@type":"ImageObject","inLanguage":"es","@id":"https:\/\/secure.gravatar.com\/avatar\/94440c4283495211faa5300bf85e80061036b83fced868c3783aa1310b350d9c?s=96&d=mm&r=g","url":"https:\/\/secure.gravatar.com\/avatar\/94440c4283495211faa5300bf85e80061036b83fced868c3783aa1310b350d9c?s=96&d=mm&r=g","contentUrl":"https:\/\/secure.gravatar.com\/avatar\/94440c4283495211faa5300bf85e80061036b83fced868c3783aa1310b350d9c?s=96&d=mm&r=g","caption":"Edgar Rosas"},"description":"Editor en Jefe de Centro Urbano. Egresado de la maestr\u00eda en Periodismo Pol\u00edtico de la Escuela de Periodismo Carlos Septi\u00e9n Garc\u00eda (EPCSG). Estudi\u00f3 la licenciatura en Comunicaci\u00f3n en la Universidad Mexicana. Amante de la cr\u00f3nica y el reportaje. Admirador de Vicente Le\u00f1ero y Miguel \u00c1ngel Granados Chapa.","sameAs":["https:\/\/x.com\/https:\/\/twitter.com\/ERosasCU?s=09"],"url":"https:\/\/centrourbano.com\/revista\/author\/edgar-rosas\/"}]}},"_links":{"self":[{"href":"https:\/\/centrourbano.com\/revista\/wp-json\/wp\/v2\/posts\/76049","targetHints":{"allow":["GET"]}}],"collection":[{"href":"https:\/\/centrourbano.com\/revista\/wp-json\/wp\/v2\/posts"}],"about":[{"href":"https:\/\/centrourbano.com\/revista\/wp-json\/wp\/v2\/types\/post"}],"author":[{"embeddable":true,"href":"https:\/\/centrourbano.com\/revista\/wp-json\/wp\/v2\/users\/47"}],"replies":[{"embeddable":true,"href":"https:\/\/centrourbano.com\/revista\/wp-json\/wp\/v2\/comments?post=76049"}],"version-history":[{"count":3,"href":"https:\/\/centrourbano.com\/revista\/wp-json\/wp\/v2\/posts\/76049\/revisions"}],"predecessor-version":[{"id":76054,"href":"https:\/\/centrourbano.com\/revista\/wp-json\/wp\/v2\/posts\/76049\/revisions\/76054"}],"wp:featuredmedia":[{"embeddable":true,"href":"https:\/\/centrourbano.com\/revista\/wp-json\/wp\/v2\/media\/51865"}],"wp:attachment":[{"href":"https:\/\/centrourbano.com\/revista\/wp-json\/wp\/v2\/media?parent=76049"}],"wp:term":[{"taxonomy":"category","embeddable":true,"href":"https:\/\/centrourbano.com\/revista\/wp-json\/wp\/v2\/categories?post=76049"},{"taxonomy":"post_tag","embeddable":true,"href":"https:\/\/centrourbano.com\/revista\/wp-json\/wp\/v2\/tags?post=76049"}],"curies":[{"name":"wp","href":"https:\/\/api.w.org\/{rel}","templated":true}]}}