{"id":76024,"date":"2018-08-08T17:49:32","date_gmt":"2018-08-08T22:49:32","guid":{"rendered":"https:\/\/centrourbano.com\/?p=76024"},"modified":"2018-08-08T17:56:38","modified_gmt":"2018-08-08T22:56:38","slug":"disminuyo-venta-vivienda-monterrey","status":"publish","type":"post","link":"https:\/\/centrourbano.com\/revista\/vivienda\/disminuyo-venta-vivienda-monterrey\/","title":{"rendered":"Disminuy\u00f3 venta de vivienda en ZM de Monterrey"},"content":{"rendered":"<p><em>A pesar de la contracci\u00f3n observada para el mercado en su conjunto, el segmento econ\u00f3mico aument\u00f3 el n\u00famero de operaciones<\/em><!--more--><\/p>\n<p>Durante del 2T2018, la venta de vivienda en la <strong>Zona Metropolitana de Monterrey<\/strong> disminuy\u00f3 10%, esto en comparaci\u00f3n con el 2T2017. En el periodo se desplazaron 2,392 unidades, de las cuales 945 pertenecieron al segmento social, con valor por debajo de los 400,000 pesos.<\/p>\n<p>De acuerdo con el reporte emitido por <a href=\"http:\/\/www.softec.com.mx\/\" rel=\"noopener\" target=\"_blank\">Softec<\/a>, el segmento <strong>social <\/strong>se ubic\u00f3 como el de mayor dinamismo en el periodo, a pesar de registrar una reducci\u00f3n. As\u00ed, el n\u00famero de operaciones en el segmento represent\u00f3 39.5% del total.<\/p>\n<p>La firma detall\u00f3 que la venta de vivienda del segmento <strong>econ\u00f3mico<\/strong>, con valor que va de los 392,038 hasta los 735,072 pesos, se posicion\u00f3 con el segundo mejor desempe\u00f1o en el periodo. Entre abril y junio, se desplazaron 766 unidades, es decir un crecimiento de 16.9 por ciento.<\/p>\n<p>\u201cEn el segundo trimestre de 2018, la zona metropolitana de Monterrey registra un decremento del 6% en los proyectos vigentes. Dicho decremento se ve reflejado en las unidades aportadas al mercado registrando una disminuci\u00f3n del 19% en las unidades en proceso y 26% en las unidades en inventario\u201d, se\u00f1al\u00f3 el informe.<\/p>\n<p>&nbsp;<\/p>\n<div id=\"attachment_76029\" style=\"width: 510px\" class=\"wp-caption aligncenter\"><a href=\"https:\/\/centrourbano.com\/revista\/wp-content\/uploads\/Evoluci\u00f3n-venta-Monterrey_-Softeca.jpg\" target=\"_blank\" rel=\"noopener noreferrer\"><img loading=\"lazy\" decoding=\"async\" aria-describedby=\"caption-attachment-76029\" class=\"wp-image-76029\" src=\"https:\/\/centrourbano.com\/revista\/wp-content\/uploads\/Evoluci\u00f3n-venta-Monterrey_-Softeca.jpg\" alt=\"\" width=\"500\" height=\"219\" srcset=\"https:\/\/centrourbano.com\/revista\/wp-content\/uploads\/Evoluci\u00f3n-venta-Monterrey_-Softeca.jpg 910w, https:\/\/centrourbano.com\/revista\/wp-content\/uploads\/Evoluci\u00f3n-venta-Monterrey_-Softeca-300x132.jpg 300w, https:\/\/centrourbano.com\/revista\/wp-content\/uploads\/Evoluci\u00f3n-venta-Monterrey_-Softeca-768x337.jpg 768w\" sizes=\"auto, (max-width: 500px) 100vw, 500px\" \/><\/a><p id=\"caption-attachment-76029\" class=\"wp-caption-text\">Fuente: Softec<\/p><\/div>\n<p>&nbsp;<\/p>\n<p>Softec destac\u00f3 que, en el periodo, el precio por <strong>metro cuadrado<\/strong> (m2) aument\u00f3 en todos los segmentos de la vivienda. La mayor variaci\u00f3n al alza, explic\u00f3, se vio en el segmento residencial-con vivienda que va 1.8 a 4 millones de pesos-al alcanzar un aumento de 17% y quedar en 22,991 pesos.<\/p>\n<p>En el caso del segmento medio-con vivienda que va de los 735,072 a 1 mill\u00f3n 837,000 pesos-, se registr\u00f3 un aumento de 13% en el costo m2, con lo que pas\u00f3 de 9,233 a 10,432 pesos. En cuanto al segmento social, el valor por m2 creci\u00f3 7%, con lo que pas\u00f3 de 6,573 a 7,341 pesos.<\/p>\n","protected":false},"excerpt":{"rendered":"<p>A pesar de la contracci\u00f3n observada para el mercado en su conjunto, el segmento econ\u00f3mico aument\u00f3 el n\u00famero de operaciones<\/p>\n","protected":false},"author":77,"featured_media":47454,"comment_status":"open","ping_status":"closed","sticky":false,"template":"","format":"standard","meta":{"inline_featured_image":false,"footnotes":""},"categories":[12],"tags":[213,11241,60,14163],"class_list":["post-76024","post","type-post","status-publish","format-standard","has-post-thumbnail","hentry","category-vivienda","tag-monterrey","tag-venta-de-vivienda","tag-vivienda-2","tag-zona-metropolitana-de-monterrey"],"yoast_head":"<!-- This site is optimized with the Yoast SEO plugin v28.4 - https:\/\/yoast.com\/product\/yoast-seo-wordpress\/ -->\n<title>Disminuy\u00f3 venta de vivienda en ZM de Monterrey durante 2T2018<\/title>\n<meta name=\"description\" content=\"A pesar de la contracci\u00f3n observada para el mercado de Monterrey en su conjunto, el segmento econ\u00f3mico aument\u00f3 el n\u00famero de operaciones\" \/>\n<meta name=\"robots\" content=\"index, follow, max-snippet:-1, max-image-preview:large, max-video-preview:-1\" \/>\n<link rel=\"canonical\" href=\"https:\/\/centrourbano.com\/revista\/vivienda\/disminuyo-venta-vivienda-monterrey\/\" \/>\n<meta property=\"og:locale\" content=\"es_ES\" \/>\n<meta property=\"og:type\" content=\"article\" \/>\n<meta property=\"og:title\" content=\"Disminuy\u00f3 venta de vivienda en ZM de Monterrey durante 2T2018\" \/>\n<meta property=\"og:description\" content=\"A pesar de la contracci\u00f3n observada para el mercado de Monterrey en su conjunto, el segmento econ\u00f3mico aument\u00f3 el n\u00famero de operaciones\" \/>\n<meta property=\"og:url\" content=\"https:\/\/centrourbano.com\/revista\/vivienda\/disminuyo-venta-vivienda-monterrey\/\" \/>\n<meta property=\"og:site_name\" content=\"Centro Urbano\" \/>\n<meta property=\"article:publisher\" content=\"https:\/\/www.facebook.com\/portalcentrourbano\" \/>\n<meta property=\"article:published_time\" content=\"2018-08-08T22:49:32+00:00\" \/>\n<meta property=\"article:modified_time\" content=\"2018-08-08T22:56:38+00:00\" \/>\n<meta property=\"og:image\" content=\"https:\/\/centrourbano.com\/revista\/wp-content\/uploads\/monterrey-3-e1533768560648.jpg\" \/>\n\t<meta property=\"og:image:width\" content=\"800\" \/>\n\t<meta property=\"og:image:height\" content=\"481\" \/>\n\t<meta property=\"og:image:type\" content=\"image\/jpeg\" \/>\n<meta name=\"author\" content=\"G4A\" \/>\n<meta name=\"twitter:card\" content=\"summary_large_image\" \/>\n<meta name=\"twitter:creator\" content=\"@CentroUrbano\" \/>\n<meta name=\"twitter:site\" content=\"@CentroUrbano\" \/>\n<meta name=\"twitter:label1\" content=\"Escrito por\" \/>\n\t<meta name=\"twitter:data1\" content=\"G4A\" \/>\n\t<meta name=\"twitter:label2\" content=\"Tiempo de lectura\" \/>\n\t<meta name=\"twitter:data2\" content=\"2 minutos\" \/>\n<script type=\"application\/ld+json\" class=\"yoast-schema-graph\">{\"@context\":\"https:\\\/\\\/schema.org\",\"@graph\":[{\"@type\":\"Article\",\"@id\":\"https:\\\/\\\/centrourbano.com\\\/revista\\\/vivienda\\\/disminuyo-venta-vivienda-monterrey\\\/#article\",\"isPartOf\":{\"@id\":\"https:\\\/\\\/centrourbano.com\\\/revista\\\/vivienda\\\/disminuyo-venta-vivienda-monterrey\\\/\"},\"author\":{\"name\":\"G4A\",\"@id\":\"https:\\\/\\\/centrourbano.com\\\/revista\\\/#\\\/schema\\\/person\\\/370fa0ba2d8dd5bde3fdb8b62ad360aa\"},\"headline\":\"Disminuy\u00f3 venta de vivienda en ZM de Monterrey\",\"datePublished\":\"2018-08-08T22:49:32+00:00\",\"dateModified\":\"2018-08-08T22:56:38+00:00\",\"mainEntityOfPage\":{\"@id\":\"https:\\\/\\\/centrourbano.com\\\/revista\\\/vivienda\\\/disminuyo-venta-vivienda-monterrey\\\/\"},\"wordCount\":314,\"commentCount\":0,\"publisher\":{\"@id\":\"https:\\\/\\\/centrourbano.com\\\/revista\\\/#organization\"},\"image\":{\"@id\":\"https:\\\/\\\/centrourbano.com\\\/revista\\\/vivienda\\\/disminuyo-venta-vivienda-monterrey\\\/#primaryimage\"},\"thumbnailUrl\":\"https:\\\/\\\/centrourbano.com\\\/revista\\\/wp-content\\\/uploads\\\/monterrey-3-e1533768560648.jpg\",\"keywords\":[\"Monterrey\",\"Venta de vivienda\",\"vivienda\",\"Zona Metropolitana de Monterrey\"],\"articleSection\":[\"Vivienda\"],\"inLanguage\":\"es\"},{\"@type\":\"WebPage\",\"@id\":\"https:\\\/\\\/centrourbano.com\\\/revista\\\/vivienda\\\/disminuyo-venta-vivienda-monterrey\\\/\",\"url\":\"https:\\\/\\\/centrourbano.com\\\/revista\\\/vivienda\\\/disminuyo-venta-vivienda-monterrey\\\/\",\"name\":\"Disminuy\u00f3 venta de vivienda en ZM de Monterrey durante 2T2018\",\"isPartOf\":{\"@id\":\"https:\\\/\\\/centrourbano.com\\\/revista\\\/#website\"},\"primaryImageOfPage\":{\"@id\":\"https:\\\/\\\/centrourbano.com\\\/revista\\\/vivienda\\\/disminuyo-venta-vivienda-monterrey\\\/#primaryimage\"},\"image\":{\"@id\":\"https:\\\/\\\/centrourbano.com\\\/revista\\\/vivienda\\\/disminuyo-venta-vivienda-monterrey\\\/#primaryimage\"},\"thumbnailUrl\":\"https:\\\/\\\/centrourbano.com\\\/revista\\\/wp-content\\\/uploads\\\/monterrey-3-e1533768560648.jpg\",\"datePublished\":\"2018-08-08T22:49:32+00:00\",\"dateModified\":\"2018-08-08T22:56:38+00:00\",\"description\":\"A pesar de la contracci\u00f3n observada para el mercado de Monterrey en su conjunto, el segmento econ\u00f3mico aument\u00f3 el n\u00famero de operaciones\",\"breadcrumb\":{\"@id\":\"https:\\\/\\\/centrourbano.com\\\/revista\\\/vivienda\\\/disminuyo-venta-vivienda-monterrey\\\/#breadcrumb\"},\"inLanguage\":\"es\",\"potentialAction\":[{\"@type\":\"ReadAction\",\"target\":[\"https:\\\/\\\/centrourbano.com\\\/revista\\\/vivienda\\\/disminuyo-venta-vivienda-monterrey\\\/\"]}]},{\"@type\":\"ImageObject\",\"inLanguage\":\"es\",\"@id\":\"https:\\\/\\\/centrourbano.com\\\/revista\\\/vivienda\\\/disminuyo-venta-vivienda-monterrey\\\/#primaryimage\",\"url\":\"https:\\\/\\\/centrourbano.com\\\/revista\\\/wp-content\\\/uploads\\\/monterrey-3-e1533768560648.jpg\",\"contentUrl\":\"https:\\\/\\\/centrourbano.com\\\/revista\\\/wp-content\\\/uploads\\\/monterrey-3-e1533768560648.jpg\",\"width\":800,\"height\":481},{\"@type\":\"BreadcrumbList\",\"@id\":\"https:\\\/\\\/centrourbano.com\\\/revista\\\/vivienda\\\/disminuyo-venta-vivienda-monterrey\\\/#breadcrumb\",\"itemListElement\":[{\"@type\":\"ListItem\",\"position\":1,\"name\":\"Portada\",\"item\":\"https:\\\/\\\/centrourbano.com\\\/revista\\\/\"},{\"@type\":\"ListItem\",\"position\":2,\"name\":\"Disminuy\u00f3 venta de vivienda en ZM de Monterrey\"}]},{\"@type\":\"WebSite\",\"@id\":\"https:\\\/\\\/centrourbano.com\\\/revista\\\/#website\",\"url\":\"https:\\\/\\\/centrourbano.com\\\/revista\\\/\",\"name\":\"Centro Urbano\",\"description\":\"Medio especializado en los sectores vivienda, inmobiliario, construcci\u00f3n, arquitectura y urbanismo.\",\"publisher\":{\"@id\":\"https:\\\/\\\/centrourbano.com\\\/revista\\\/#organization\"},\"potentialAction\":[{\"@type\":\"SearchAction\",\"target\":{\"@type\":\"EntryPoint\",\"urlTemplate\":\"https:\\\/\\\/centrourbano.com\\\/revista\\\/?s={search_term_string}\"},\"query-input\":{\"@type\":\"PropertyValueSpecification\",\"valueRequired\":true,\"valueName\":\"search_term_string\"}}],\"inLanguage\":\"es\"},{\"@type\":\"Organization\",\"@id\":\"https:\\\/\\\/centrourbano.com\\\/revista\\\/#organization\",\"name\":\"Centro Urbano\",\"url\":\"https:\\\/\\\/centrourbano.com\\\/revista\\\/\",\"logo\":{\"@type\":\"ImageObject\",\"inLanguage\":\"es\",\"@id\":\"https:\\\/\\\/centrourbano.com\\\/revista\\\/#\\\/schema\\\/logo\\\/image\\\/\",\"url\":\"https:\\\/\\\/centrourbano.com\\\/revista\\\/wp-content\\\/uploads\\\/web_CU_logo-1.png\",\"contentUrl\":\"https:\\\/\\\/centrourbano.com\\\/revista\\\/wp-content\\\/uploads\\\/web_CU_logo-1.png\",\"width\":350,\"height\":91,\"caption\":\"Centro Urbano\"},\"image\":{\"@id\":\"https:\\\/\\\/centrourbano.com\\\/revista\\\/#\\\/schema\\\/logo\\\/image\\\/\"},\"sameAs\":[\"https:\\\/\\\/www.facebook.com\\\/portalcentrourbano\",\"https:\\\/\\\/x.com\\\/CentroUrbano\",\"https:\\\/\\\/www.instagram.com\\\/centro_urbano\\\/\",\"https:\\\/\\\/www.linkedin.com\\\/company\\\/centro-urbano\\\/\",\"http:\\\/\\\/www.youtube.com\\\/user\\\/portalcentrourbano\"]},{\"@type\":\"Person\",\"@id\":\"https:\\\/\\\/centrourbano.com\\\/revista\\\/#\\\/schema\\\/person\\\/370fa0ba2d8dd5bde3fdb8b62ad360aa\",\"name\":\"G4A\",\"image\":{\"@type\":\"ImageObject\",\"inLanguage\":\"es\",\"@id\":\"https:\\\/\\\/secure.gravatar.com\\\/avatar\\\/932a97121b13d5de5bbd8193c6c83d3b92c9eda0f39623607d4280e7a5778d97?s=96&d=mm&r=g\",\"url\":\"https:\\\/\\\/secure.gravatar.com\\\/avatar\\\/932a97121b13d5de5bbd8193c6c83d3b92c9eda0f39623607d4280e7a5778d97?s=96&d=mm&r=g\",\"contentUrl\":\"https:\\\/\\\/secure.gravatar.com\\\/avatar\\\/932a97121b13d5de5bbd8193c6c83d3b92c9eda0f39623607d4280e7a5778d97?s=96&d=mm&r=g\",\"caption\":\"G4A\"},\"url\":\"https:\\\/\\\/centrourbano.com\\\/revista\\\/author\\\/admin-g4a\\\/\"}]}<\/script>\n<!-- \/ Yoast SEO plugin. -->","yoast_head_json":{"title":"Disminuy\u00f3 venta de vivienda en ZM de Monterrey durante 2T2018","description":"A pesar de la contracci\u00f3n observada para el mercado de Monterrey en su conjunto, el segmento econ\u00f3mico aument\u00f3 el n\u00famero de operaciones","robots":{"index":"index","follow":"follow","max-snippet":"max-snippet:-1","max-image-preview":"max-image-preview:large","max-video-preview":"max-video-preview:-1"},"canonical":"https:\/\/centrourbano.com\/revista\/vivienda\/disminuyo-venta-vivienda-monterrey\/","og_locale":"es_ES","og_type":"article","og_title":"Disminuy\u00f3 venta de vivienda en ZM de Monterrey durante 2T2018","og_description":"A pesar de la contracci\u00f3n observada para el mercado de Monterrey en su conjunto, el segmento econ\u00f3mico aument\u00f3 el n\u00famero de operaciones","og_url":"https:\/\/centrourbano.com\/revista\/vivienda\/disminuyo-venta-vivienda-monterrey\/","og_site_name":"Centro Urbano","article_publisher":"https:\/\/www.facebook.com\/portalcentrourbano","article_published_time":"2018-08-08T22:49:32+00:00","article_modified_time":"2018-08-08T22:56:38+00:00","og_image":[{"width":800,"height":481,"url":"https:\/\/centrourbano.com\/revista\/wp-content\/uploads\/monterrey-3-e1533768560648.jpg","type":"image\/jpeg"}],"author":"G4A","twitter_card":"summary_large_image","twitter_creator":"@CentroUrbano","twitter_site":"@CentroUrbano","twitter_misc":{"Escrito por":"G4A","Tiempo de lectura":"2 minutos"},"schema":{"@context":"https:\/\/schema.org","@graph":[{"@type":"Article","@id":"https:\/\/centrourbano.com\/revista\/vivienda\/disminuyo-venta-vivienda-monterrey\/#article","isPartOf":{"@id":"https:\/\/centrourbano.com\/revista\/vivienda\/disminuyo-venta-vivienda-monterrey\/"},"author":{"name":"G4A","@id":"https:\/\/centrourbano.com\/revista\/#\/schema\/person\/370fa0ba2d8dd5bde3fdb8b62ad360aa"},"headline":"Disminuy\u00f3 venta de vivienda en ZM de Monterrey","datePublished":"2018-08-08T22:49:32+00:00","dateModified":"2018-08-08T22:56:38+00:00","mainEntityOfPage":{"@id":"https:\/\/centrourbano.com\/revista\/vivienda\/disminuyo-venta-vivienda-monterrey\/"},"wordCount":314,"commentCount":0,"publisher":{"@id":"https:\/\/centrourbano.com\/revista\/#organization"},"image":{"@id":"https:\/\/centrourbano.com\/revista\/vivienda\/disminuyo-venta-vivienda-monterrey\/#primaryimage"},"thumbnailUrl":"https:\/\/centrourbano.com\/revista\/wp-content\/uploads\/monterrey-3-e1533768560648.jpg","keywords":["Monterrey","Venta de vivienda","vivienda","Zona Metropolitana de Monterrey"],"articleSection":["Vivienda"],"inLanguage":"es"},{"@type":"WebPage","@id":"https:\/\/centrourbano.com\/revista\/vivienda\/disminuyo-venta-vivienda-monterrey\/","url":"https:\/\/centrourbano.com\/revista\/vivienda\/disminuyo-venta-vivienda-monterrey\/","name":"Disminuy\u00f3 venta de vivienda en ZM de Monterrey durante 2T2018","isPartOf":{"@id":"https:\/\/centrourbano.com\/revista\/#website"},"primaryImageOfPage":{"@id":"https:\/\/centrourbano.com\/revista\/vivienda\/disminuyo-venta-vivienda-monterrey\/#primaryimage"},"image":{"@id":"https:\/\/centrourbano.com\/revista\/vivienda\/disminuyo-venta-vivienda-monterrey\/#primaryimage"},"thumbnailUrl":"https:\/\/centrourbano.com\/revista\/wp-content\/uploads\/monterrey-3-e1533768560648.jpg","datePublished":"2018-08-08T22:49:32+00:00","dateModified":"2018-08-08T22:56:38+00:00","description":"A pesar de la contracci\u00f3n observada para el mercado de Monterrey en su conjunto, el segmento econ\u00f3mico aument\u00f3 el n\u00famero de operaciones","breadcrumb":{"@id":"https:\/\/centrourbano.com\/revista\/vivienda\/disminuyo-venta-vivienda-monterrey\/#breadcrumb"},"inLanguage":"es","potentialAction":[{"@type":"ReadAction","target":["https:\/\/centrourbano.com\/revista\/vivienda\/disminuyo-venta-vivienda-monterrey\/"]}]},{"@type":"ImageObject","inLanguage":"es","@id":"https:\/\/centrourbano.com\/revista\/vivienda\/disminuyo-venta-vivienda-monterrey\/#primaryimage","url":"https:\/\/centrourbano.com\/revista\/wp-content\/uploads\/monterrey-3-e1533768560648.jpg","contentUrl":"https:\/\/centrourbano.com\/revista\/wp-content\/uploads\/monterrey-3-e1533768560648.jpg","width":800,"height":481},{"@type":"BreadcrumbList","@id":"https:\/\/centrourbano.com\/revista\/vivienda\/disminuyo-venta-vivienda-monterrey\/#breadcrumb","itemListElement":[{"@type":"ListItem","position":1,"name":"Portada","item":"https:\/\/centrourbano.com\/revista\/"},{"@type":"ListItem","position":2,"name":"Disminuy\u00f3 venta de vivienda en ZM de Monterrey"}]},{"@type":"WebSite","@id":"https:\/\/centrourbano.com\/revista\/#website","url":"https:\/\/centrourbano.com\/revista\/","name":"Centro Urbano","description":"Medio especializado en los sectores vivienda, inmobiliario, construcci\u00f3n, arquitectura y urbanismo.","publisher":{"@id":"https:\/\/centrourbano.com\/revista\/#organization"},"potentialAction":[{"@type":"SearchAction","target":{"@type":"EntryPoint","urlTemplate":"https:\/\/centrourbano.com\/revista\/?s={search_term_string}"},"query-input":{"@type":"PropertyValueSpecification","valueRequired":true,"valueName":"search_term_string"}}],"inLanguage":"es"},{"@type":"Organization","@id":"https:\/\/centrourbano.com\/revista\/#organization","name":"Centro Urbano","url":"https:\/\/centrourbano.com\/revista\/","logo":{"@type":"ImageObject","inLanguage":"es","@id":"https:\/\/centrourbano.com\/revista\/#\/schema\/logo\/image\/","url":"https:\/\/centrourbano.com\/revista\/wp-content\/uploads\/web_CU_logo-1.png","contentUrl":"https:\/\/centrourbano.com\/revista\/wp-content\/uploads\/web_CU_logo-1.png","width":350,"height":91,"caption":"Centro Urbano"},"image":{"@id":"https:\/\/centrourbano.com\/revista\/#\/schema\/logo\/image\/"},"sameAs":["https:\/\/www.facebook.com\/portalcentrourbano","https:\/\/x.com\/CentroUrbano","https:\/\/www.instagram.com\/centro_urbano\/","https:\/\/www.linkedin.com\/company\/centro-urbano\/","http:\/\/www.youtube.com\/user\/portalcentrourbano"]},{"@type":"Person","@id":"https:\/\/centrourbano.com\/revista\/#\/schema\/person\/370fa0ba2d8dd5bde3fdb8b62ad360aa","name":"G4A","image":{"@type":"ImageObject","inLanguage":"es","@id":"https:\/\/secure.gravatar.com\/avatar\/932a97121b13d5de5bbd8193c6c83d3b92c9eda0f39623607d4280e7a5778d97?s=96&d=mm&r=g","url":"https:\/\/secure.gravatar.com\/avatar\/932a97121b13d5de5bbd8193c6c83d3b92c9eda0f39623607d4280e7a5778d97?s=96&d=mm&r=g","contentUrl":"https:\/\/secure.gravatar.com\/avatar\/932a97121b13d5de5bbd8193c6c83d3b92c9eda0f39623607d4280e7a5778d97?s=96&d=mm&r=g","caption":"G4A"},"url":"https:\/\/centrourbano.com\/revista\/author\/admin-g4a\/"}]}},"_links":{"self":[{"href":"https:\/\/centrourbano.com\/revista\/wp-json\/wp\/v2\/posts\/76024","targetHints":{"allow":["GET"]}}],"collection":[{"href":"https:\/\/centrourbano.com\/revista\/wp-json\/wp\/v2\/posts"}],"about":[{"href":"https:\/\/centrourbano.com\/revista\/wp-json\/wp\/v2\/types\/post"}],"author":[{"embeddable":true,"href":"https:\/\/centrourbano.com\/revista\/wp-json\/wp\/v2\/users\/77"}],"replies":[{"embeddable":true,"href":"https:\/\/centrourbano.com\/revista\/wp-json\/wp\/v2\/comments?post=76024"}],"version-history":[{"count":3,"href":"https:\/\/centrourbano.com\/revista\/wp-json\/wp\/v2\/posts\/76024\/revisions"}],"predecessor-version":[{"id":76031,"href":"https:\/\/centrourbano.com\/revista\/wp-json\/wp\/v2\/posts\/76024\/revisions\/76031"}],"wp:featuredmedia":[{"embeddable":true,"href":"https:\/\/centrourbano.com\/revista\/wp-json\/wp\/v2\/media\/47454"}],"wp:attachment":[{"href":"https:\/\/centrourbano.com\/revista\/wp-json\/wp\/v2\/media?parent=76024"}],"wp:term":[{"taxonomy":"category","embeddable":true,"href":"https:\/\/centrourbano.com\/revista\/wp-json\/wp\/v2\/categories?post=76024"},{"taxonomy":"post_tag","embeddable":true,"href":"https:\/\/centrourbano.com\/revista\/wp-json\/wp\/v2\/tags?post=76024"}],"curies":[{"name":"wp","href":"https:\/\/api.w.org\/{rel}","templated":true}]}}