{"id":75761,"date":"2018-08-06T10:55:10","date_gmt":"2018-08-06T15:55:10","guid":{"rendered":"https:\/\/centrourbano.com\/?p=75761"},"modified":"2018-08-06T12:03:39","modified_gmt":"2018-08-06T17:03:39","slug":"fibra-nova-expande-portafolio-e-incrementa-ingresos-al-2t18","status":"publish","type":"post","link":"https:\/\/centrourbano.com\/revista\/inmobiliario\/fibra-nova-expande-portafolio-e-incrementa-ingresos-al-2t18\/","title":{"rendered":"Fibra Nova expande portafolio e incrementa ingresos al 2T18"},"content":{"rendered":"<p><em>La firma cerr\u00f3 proyectos en Chihuahua y Quer\u00e9taro para parques industriales y un inmueble educativo\u00a0\u00a0<\/em><\/p>\n<p>Fibra Nova, fideicomiso mexicano de infraestructura y bienes ra\u00edces, a un a\u00f1o de haberse listado en la Bolsa Mexicana de Valores, report\u00f3 que al segundo trimestre de 2018, el grupo obtuvo un incremento del 3.1% en ingresos totales en comparaci\u00f3n con el trimestre anterior y un 13.4% en relaci\u00f3n al cuarto trimestre del a\u00f1o pasado.<\/p>\n<p>Guillermo Medrano, director General de la Fibra, detall\u00f3 que en dicho periodo la firma mantuvo un margen de operaci\u00f3n de alrededor del 90%. As\u00ed mismo, el FFO trimestral se posicion\u00f3 en $93.2 con un margen del 87.3% mientras el AFFO ascendi\u00f3 a $92.3 millones de pesos con un margen de 86.4%.<\/p>\n<p>Fibra Nova destac\u00f3 que durante el 2T18 se realiz\u00f3\u00a0un nuevo contrato de arrendamiento con Alt Technologies para el desarrollo de una nave industrial bajo el esquema BTS con un ABR de 5,749 metros cuadrados, ubicado en el Parque Tecnol\u00f3gico Bafar en la ciudad de Chihuahua.<\/p>\n<p>Adem\u00e1s, para el mes de julio se realiz\u00f3 un contrato con Legget &amp; Platt para el arrendamiento de una nave industrial en Ciudad Ju\u00e1rez.<\/p>\n<p>\u00abCon estos dos nuevos inmuebles sumados a la segunda fase de la Unitec Quer\u00e9taro anunciada el trimestre anterior, nuestro portafolio inmobiliario comprender\u00e1 un total de 275,479 metros cuadrados de \u00e1rea bruta rentable (ABR), compuesto por 86 propiedades ocupados al 100% mediante contratos con vigencia promedio remanentes de 8.4 a\u00f1os\u00bb, detalla el reporte.<\/p>\n<p>Hasta el mes de junio, la Fibra tiene portafolio en los estados de\u00a0Chihuahua con una mayor concentraci\u00f3n al ubicarse en 52.5%, seguido por Michoac\u00e1n con 19.3%, Jalisco con 6.9%, Quer\u00e9taro 6.8% y Nuevo Leon 4.7%, donde sus ingresos se distribuyen principalmente 58.8% al sector industrial, 18.1% educativo, oficinas 8.4%, retail 6.7% y 8.1% al sector log\u00edstica.<\/p>\n<p>&nbsp;<\/p>\n","protected":false},"excerpt":{"rendered":"<p>La firma cerr\u00f3 proyectos en Chihuahua y Quer\u00e9taro para parques industriales y un inmueble educativo\u00a0\u00a0 Fibra Nova, fideicomiso mexicano de infraestructura y bienes ra\u00edces, a un a\u00f1o de haberse listado en la Bolsa Mexicana de Valores, report\u00f3 que al segundo trimestre de 2018, el grupo obtuvo un incremento del 3.1% en ingresos totales en comparaci\u00f3n [&hellip;]<\/p>\n","protected":false},"author":69,"featured_media":57476,"comment_status":"open","ping_status":"closed","sticky":false,"template":"","format":"standard","meta":{"om_disable_all_campaigns":false,"inline_featured_image":false,"_monsterinsights_skip_tracking":false,"_monsterinsights_sitenote_active":false,"_monsterinsights_sitenote_note":"","_monsterinsights_sitenote_category":0,"footnotes":""},"categories":[15],"tags":[14126,64,10747,2561],"class_list":["post-75761","post","type-post","status-publish","format-standard","has-post-thumbnail","hentry","category-inmobiliario","tag-affo","tag-bolsa-mexicana-de-valores","tag-fibra-nova","tag-ingresos"],"yoast_head":"<!-- This site is optimized with the Yoast SEO plugin v27.4 - https:\/\/yoast.com\/product\/yoast-seo-wordpress\/ -->\n<title>Fibra Nova expande portafolio e incrementa ingresos al 2T18<\/title>\n<meta name=\"description\" content=\"La firma cerr\u00f3 proyectos en Chihuahua y Quer\u00e9taro para parques industriales y un inmueble educativo\" \/>\n<meta name=\"robots\" content=\"index, follow, max-snippet:-1, max-image-preview:large, max-video-preview:-1\" \/>\n<link rel=\"canonical\" href=\"https:\/\/centrourbano.com\/revista\/inmobiliario\/fibra-nova-expande-portafolio-e-incrementa-ingresos-al-2t18\/\" \/>\n<meta property=\"og:locale\" content=\"es_ES\" \/>\n<meta property=\"og:type\" content=\"article\" \/>\n<meta property=\"og:title\" content=\"Fibra Nova expande portafolio e incrementa ingresos al 2T18\" \/>\n<meta property=\"og:description\" content=\"La firma cerr\u00f3 proyectos en Chihuahua y Quer\u00e9taro para parques industriales y un inmueble educativo\" \/>\n<meta property=\"og:url\" content=\"https:\/\/centrourbano.com\/revista\/inmobiliario\/fibra-nova-expande-portafolio-e-incrementa-ingresos-al-2t18\/\" \/>\n<meta property=\"og:site_name\" content=\"Centro Urbano\" \/>\n<meta property=\"article:publisher\" content=\"https:\/\/www.facebook.com\/portalcentrourbano\" \/>\n<meta property=\"article:published_time\" content=\"2018-08-06T15:55:10+00:00\" \/>\n<meta property=\"article:modified_time\" content=\"2018-08-06T17:03:39+00:00\" \/>\n<meta property=\"og:image\" content=\"https:\/\/centrourbano.com\/revista\/wp-content\/uploads\/bafar.jpg\" \/>\n\t<meta property=\"og:image:width\" content=\"650\" \/>\n\t<meta property=\"og:image:height\" content=\"325\" \/>\n\t<meta property=\"og:image:type\" content=\"image\/jpeg\" \/>\n<meta name=\"author\" content=\"Fernando Navarrete\" \/>\n<meta name=\"twitter:card\" content=\"summary_large_image\" \/>\n<meta name=\"twitter:creator\" content=\"@CentroUrbano\" \/>\n<meta name=\"twitter:site\" content=\"@CentroUrbano\" \/>\n<meta name=\"twitter:label1\" content=\"Escrito por\" \/>\n\t<meta name=\"twitter:data1\" content=\"Fernando Navarrete\" \/>\n\t<meta name=\"twitter:label2\" content=\"Tiempo de lectura\" \/>\n\t<meta name=\"twitter:data2\" content=\"1 minuto\" \/>\n<script type=\"application\/ld+json\" class=\"yoast-schema-graph\">{\"@context\":\"https:\\\/\\\/schema.org\",\"@graph\":[{\"@type\":\"Article\",\"@id\":\"https:\\\/\\\/centrourbano.com\\\/revista\\\/inmobiliario\\\/fibra-nova-expande-portafolio-e-incrementa-ingresos-al-2t18\\\/#article\",\"isPartOf\":{\"@id\":\"https:\\\/\\\/centrourbano.com\\\/revista\\\/inmobiliario\\\/fibra-nova-expande-portafolio-e-incrementa-ingresos-al-2t18\\\/\"},\"author\":{\"name\":\"Fernando Navarrete\",\"@id\":\"https:\\\/\\\/centrourbano.com\\\/revista\\\/#\\\/schema\\\/person\\\/515c32d01ece40d20a7ed3fdf34051af\"},\"headline\":\"Fibra Nova expande portafolio e incrementa ingresos al 2T18\",\"datePublished\":\"2018-08-06T15:55:10+00:00\",\"dateModified\":\"2018-08-06T17:03:39+00:00\",\"mainEntityOfPage\":{\"@id\":\"https:\\\/\\\/centrourbano.com\\\/revista\\\/inmobiliario\\\/fibra-nova-expande-portafolio-e-incrementa-ingresos-al-2t18\\\/\"},\"wordCount\":303,\"commentCount\":0,\"publisher\":{\"@id\":\"https:\\\/\\\/centrourbano.com\\\/revista\\\/#organization\"},\"image\":{\"@id\":\"https:\\\/\\\/centrourbano.com\\\/revista\\\/inmobiliario\\\/fibra-nova-expande-portafolio-e-incrementa-ingresos-al-2t18\\\/#primaryimage\"},\"thumbnailUrl\":\"https:\\\/\\\/centrourbano.com\\\/revista\\\/wp-content\\\/uploads\\\/bafar.jpg\",\"keywords\":[\"AFFO\",\"Bolsa Mexicana de Valores\",\"Fibra Nova\",\"ingresos\"],\"articleSection\":[\"Inmobiliario\"],\"inLanguage\":\"es\",\"potentialAction\":[{\"@type\":\"CommentAction\",\"name\":\"Comment\",\"target\":[\"https:\\\/\\\/centrourbano.com\\\/revista\\\/inmobiliario\\\/fibra-nova-expande-portafolio-e-incrementa-ingresos-al-2t18\\\/#respond\"]}]},{\"@type\":\"WebPage\",\"@id\":\"https:\\\/\\\/centrourbano.com\\\/revista\\\/inmobiliario\\\/fibra-nova-expande-portafolio-e-incrementa-ingresos-al-2t18\\\/\",\"url\":\"https:\\\/\\\/centrourbano.com\\\/revista\\\/inmobiliario\\\/fibra-nova-expande-portafolio-e-incrementa-ingresos-al-2t18\\\/\",\"name\":\"Fibra Nova expande portafolio e incrementa ingresos al 2T18\",\"isPartOf\":{\"@id\":\"https:\\\/\\\/centrourbano.com\\\/revista\\\/#website\"},\"primaryImageOfPage\":{\"@id\":\"https:\\\/\\\/centrourbano.com\\\/revista\\\/inmobiliario\\\/fibra-nova-expande-portafolio-e-incrementa-ingresos-al-2t18\\\/#primaryimage\"},\"image\":{\"@id\":\"https:\\\/\\\/centrourbano.com\\\/revista\\\/inmobiliario\\\/fibra-nova-expande-portafolio-e-incrementa-ingresos-al-2t18\\\/#primaryimage\"},\"thumbnailUrl\":\"https:\\\/\\\/centrourbano.com\\\/revista\\\/wp-content\\\/uploads\\\/bafar.jpg\",\"datePublished\":\"2018-08-06T15:55:10+00:00\",\"dateModified\":\"2018-08-06T17:03:39+00:00\",\"description\":\"La firma cerr\u00f3 proyectos en Chihuahua y Quer\u00e9taro para parques industriales y un inmueble educativo\",\"breadcrumb\":{\"@id\":\"https:\\\/\\\/centrourbano.com\\\/revista\\\/inmobiliario\\\/fibra-nova-expande-portafolio-e-incrementa-ingresos-al-2t18\\\/#breadcrumb\"},\"inLanguage\":\"es\",\"potentialAction\":[{\"@type\":\"ReadAction\",\"target\":[\"https:\\\/\\\/centrourbano.com\\\/revista\\\/inmobiliario\\\/fibra-nova-expande-portafolio-e-incrementa-ingresos-al-2t18\\\/\"]}]},{\"@type\":\"ImageObject\",\"inLanguage\":\"es\",\"@id\":\"https:\\\/\\\/centrourbano.com\\\/revista\\\/inmobiliario\\\/fibra-nova-expande-portafolio-e-incrementa-ingresos-al-2t18\\\/#primaryimage\",\"url\":\"https:\\\/\\\/centrourbano.com\\\/revista\\\/wp-content\\\/uploads\\\/bafar.jpg\",\"contentUrl\":\"https:\\\/\\\/centrourbano.com\\\/revista\\\/wp-content\\\/uploads\\\/bafar.jpg\",\"width\":650,\"height\":325,\"caption\":\"Los certificados que emitir\u00e1 la empresa comenzar\u00e1n a cotizar el jueves\"},{\"@type\":\"BreadcrumbList\",\"@id\":\"https:\\\/\\\/centrourbano.com\\\/revista\\\/inmobiliario\\\/fibra-nova-expande-portafolio-e-incrementa-ingresos-al-2t18\\\/#breadcrumb\",\"itemListElement\":[{\"@type\":\"ListItem\",\"position\":1,\"name\":\"Portada\",\"item\":\"https:\\\/\\\/centrourbano.com\\\/revista\\\/\"},{\"@type\":\"ListItem\",\"position\":2,\"name\":\"Fibra Nova expande portafolio e incrementa ingresos al 2T18\"}]},{\"@type\":\"WebSite\",\"@id\":\"https:\\\/\\\/centrourbano.com\\\/revista\\\/#website\",\"url\":\"https:\\\/\\\/centrourbano.com\\\/revista\\\/\",\"name\":\"Centro Urbano\",\"description\":\"Medio especializado en los sectores vivienda, inmobiliario, construcci\u00f3n, arquitectura y urbanismo.\",\"publisher\":{\"@id\":\"https:\\\/\\\/centrourbano.com\\\/revista\\\/#organization\"},\"potentialAction\":[{\"@type\":\"SearchAction\",\"target\":{\"@type\":\"EntryPoint\",\"urlTemplate\":\"https:\\\/\\\/centrourbano.com\\\/revista\\\/?s={search_term_string}\"},\"query-input\":{\"@type\":\"PropertyValueSpecification\",\"valueRequired\":true,\"valueName\":\"search_term_string\"}}],\"inLanguage\":\"es\"},{\"@type\":\"Organization\",\"@id\":\"https:\\\/\\\/centrourbano.com\\\/revista\\\/#organization\",\"name\":\"Centro Urbano\",\"url\":\"https:\\\/\\\/centrourbano.com\\\/revista\\\/\",\"logo\":{\"@type\":\"ImageObject\",\"inLanguage\":\"es\",\"@id\":\"https:\\\/\\\/centrourbano.com\\\/revista\\\/#\\\/schema\\\/logo\\\/image\\\/\",\"url\":\"https:\\\/\\\/centrourbano.com\\\/revista\\\/wp-content\\\/uploads\\\/web_CU_logo-1.png\",\"contentUrl\":\"https:\\\/\\\/centrourbano.com\\\/revista\\\/wp-content\\\/uploads\\\/web_CU_logo-1.png\",\"width\":350,\"height\":91,\"caption\":\"Centro Urbano\"},\"image\":{\"@id\":\"https:\\\/\\\/centrourbano.com\\\/revista\\\/#\\\/schema\\\/logo\\\/image\\\/\"},\"sameAs\":[\"https:\\\/\\\/www.facebook.com\\\/portalcentrourbano\",\"https:\\\/\\\/x.com\\\/CentroUrbano\",\"https:\\\/\\\/www.instagram.com\\\/centro_urbano\\\/\",\"https:\\\/\\\/www.linkedin.com\\\/company\\\/centro-urbano\\\/\",\"http:\\\/\\\/www.youtube.com\\\/user\\\/portalcentrourbano\"]},{\"@type\":\"Person\",\"@id\":\"https:\\\/\\\/centrourbano.com\\\/revista\\\/#\\\/schema\\\/person\\\/515c32d01ece40d20a7ed3fdf34051af\",\"name\":\"Fernando Navarrete\",\"image\":{\"@type\":\"ImageObject\",\"inLanguage\":\"es\",\"@id\":\"https:\\\/\\\/secure.gravatar.com\\\/avatar\\\/f4dd6927a99e72698473e350e20ec8a38bd48cb668e15b03d04e8e537da41ad0?s=96&d=mm&r=g\",\"url\":\"https:\\\/\\\/secure.gravatar.com\\\/avatar\\\/f4dd6927a99e72698473e350e20ec8a38bd48cb668e15b03d04e8e537da41ad0?s=96&d=mm&r=g\",\"contentUrl\":\"https:\\\/\\\/secure.gravatar.com\\\/avatar\\\/f4dd6927a99e72698473e350e20ec8a38bd48cb668e15b03d04e8e537da41ad0?s=96&d=mm&r=g\",\"caption\":\"Fernando Navarrete\"},\"description\":\"Reportero de negocios, inmobiliario, construcci\u00f3n e industria. Me interesa la econom\u00eda, pol\u00edtica, historia y antropolog\u00eda. Estudi\u00e9 en la Facultad de Ciencias Pol\u00edticas y Sociales de la UNAM. Tengo experiencia en el sector p\u00fablico, la industria del acero, ingenier\u00eda civil, IT y corporativos; soy un nost\u00e1lgico nacionalista contempor\u00e1neo que cree en la grandeza de su pa\u00eds. Asiduo lector de Juan Rulfo, Jos\u00e9 Revueltas y J. R. R Tolkien.\",\"url\":\"https:\\\/\\\/centrourbano.com\\\/revista\\\/author\\\/fernando-navarrete\\\/\"}]}<\/script>\n<!-- \/ Yoast SEO plugin. -->","yoast_head_json":{"title":"Fibra Nova expande portafolio e incrementa ingresos al 2T18","description":"La firma cerr\u00f3 proyectos en Chihuahua y Quer\u00e9taro para parques industriales y un inmueble educativo","robots":{"index":"index","follow":"follow","max-snippet":"max-snippet:-1","max-image-preview":"max-image-preview:large","max-video-preview":"max-video-preview:-1"},"canonical":"https:\/\/centrourbano.com\/revista\/inmobiliario\/fibra-nova-expande-portafolio-e-incrementa-ingresos-al-2t18\/","og_locale":"es_ES","og_type":"article","og_title":"Fibra Nova expande portafolio e incrementa ingresos al 2T18","og_description":"La firma cerr\u00f3 proyectos en Chihuahua y Quer\u00e9taro para parques industriales y un inmueble educativo","og_url":"https:\/\/centrourbano.com\/revista\/inmobiliario\/fibra-nova-expande-portafolio-e-incrementa-ingresos-al-2t18\/","og_site_name":"Centro Urbano","article_publisher":"https:\/\/www.facebook.com\/portalcentrourbano","article_published_time":"2018-08-06T15:55:10+00:00","article_modified_time":"2018-08-06T17:03:39+00:00","og_image":[{"width":650,"height":325,"url":"https:\/\/centrourbano.com\/revista\/wp-content\/uploads\/bafar.jpg","type":"image\/jpeg"}],"author":"Fernando Navarrete","twitter_card":"summary_large_image","twitter_creator":"@CentroUrbano","twitter_site":"@CentroUrbano","twitter_misc":{"Escrito por":"Fernando Navarrete","Tiempo de lectura":"1 minuto"},"schema":{"@context":"https:\/\/schema.org","@graph":[{"@type":"Article","@id":"https:\/\/centrourbano.com\/revista\/inmobiliario\/fibra-nova-expande-portafolio-e-incrementa-ingresos-al-2t18\/#article","isPartOf":{"@id":"https:\/\/centrourbano.com\/revista\/inmobiliario\/fibra-nova-expande-portafolio-e-incrementa-ingresos-al-2t18\/"},"author":{"name":"Fernando Navarrete","@id":"https:\/\/centrourbano.com\/revista\/#\/schema\/person\/515c32d01ece40d20a7ed3fdf34051af"},"headline":"Fibra Nova expande portafolio e incrementa ingresos al 2T18","datePublished":"2018-08-06T15:55:10+00:00","dateModified":"2018-08-06T17:03:39+00:00","mainEntityOfPage":{"@id":"https:\/\/centrourbano.com\/revista\/inmobiliario\/fibra-nova-expande-portafolio-e-incrementa-ingresos-al-2t18\/"},"wordCount":303,"commentCount":0,"publisher":{"@id":"https:\/\/centrourbano.com\/revista\/#organization"},"image":{"@id":"https:\/\/centrourbano.com\/revista\/inmobiliario\/fibra-nova-expande-portafolio-e-incrementa-ingresos-al-2t18\/#primaryimage"},"thumbnailUrl":"https:\/\/centrourbano.com\/revista\/wp-content\/uploads\/bafar.jpg","keywords":["AFFO","Bolsa Mexicana de Valores","Fibra Nova","ingresos"],"articleSection":["Inmobiliario"],"inLanguage":"es","potentialAction":[{"@type":"CommentAction","name":"Comment","target":["https:\/\/centrourbano.com\/revista\/inmobiliario\/fibra-nova-expande-portafolio-e-incrementa-ingresos-al-2t18\/#respond"]}]},{"@type":"WebPage","@id":"https:\/\/centrourbano.com\/revista\/inmobiliario\/fibra-nova-expande-portafolio-e-incrementa-ingresos-al-2t18\/","url":"https:\/\/centrourbano.com\/revista\/inmobiliario\/fibra-nova-expande-portafolio-e-incrementa-ingresos-al-2t18\/","name":"Fibra Nova expande portafolio e incrementa ingresos al 2T18","isPartOf":{"@id":"https:\/\/centrourbano.com\/revista\/#website"},"primaryImageOfPage":{"@id":"https:\/\/centrourbano.com\/revista\/inmobiliario\/fibra-nova-expande-portafolio-e-incrementa-ingresos-al-2t18\/#primaryimage"},"image":{"@id":"https:\/\/centrourbano.com\/revista\/inmobiliario\/fibra-nova-expande-portafolio-e-incrementa-ingresos-al-2t18\/#primaryimage"},"thumbnailUrl":"https:\/\/centrourbano.com\/revista\/wp-content\/uploads\/bafar.jpg","datePublished":"2018-08-06T15:55:10+00:00","dateModified":"2018-08-06T17:03:39+00:00","description":"La firma cerr\u00f3 proyectos en Chihuahua y Quer\u00e9taro para parques industriales y un inmueble educativo","breadcrumb":{"@id":"https:\/\/centrourbano.com\/revista\/inmobiliario\/fibra-nova-expande-portafolio-e-incrementa-ingresos-al-2t18\/#breadcrumb"},"inLanguage":"es","potentialAction":[{"@type":"ReadAction","target":["https:\/\/centrourbano.com\/revista\/inmobiliario\/fibra-nova-expande-portafolio-e-incrementa-ingresos-al-2t18\/"]}]},{"@type":"ImageObject","inLanguage":"es","@id":"https:\/\/centrourbano.com\/revista\/inmobiliario\/fibra-nova-expande-portafolio-e-incrementa-ingresos-al-2t18\/#primaryimage","url":"https:\/\/centrourbano.com\/revista\/wp-content\/uploads\/bafar.jpg","contentUrl":"https:\/\/centrourbano.com\/revista\/wp-content\/uploads\/bafar.jpg","width":650,"height":325,"caption":"Los certificados que emitir\u00e1 la empresa comenzar\u00e1n a cotizar el jueves"},{"@type":"BreadcrumbList","@id":"https:\/\/centrourbano.com\/revista\/inmobiliario\/fibra-nova-expande-portafolio-e-incrementa-ingresos-al-2t18\/#breadcrumb","itemListElement":[{"@type":"ListItem","position":1,"name":"Portada","item":"https:\/\/centrourbano.com\/revista\/"},{"@type":"ListItem","position":2,"name":"Fibra Nova expande portafolio e incrementa ingresos al 2T18"}]},{"@type":"WebSite","@id":"https:\/\/centrourbano.com\/revista\/#website","url":"https:\/\/centrourbano.com\/revista\/","name":"Centro Urbano","description":"Medio especializado en los sectores vivienda, inmobiliario, construcci\u00f3n, arquitectura y urbanismo.","publisher":{"@id":"https:\/\/centrourbano.com\/revista\/#organization"},"potentialAction":[{"@type":"SearchAction","target":{"@type":"EntryPoint","urlTemplate":"https:\/\/centrourbano.com\/revista\/?s={search_term_string}"},"query-input":{"@type":"PropertyValueSpecification","valueRequired":true,"valueName":"search_term_string"}}],"inLanguage":"es"},{"@type":"Organization","@id":"https:\/\/centrourbano.com\/revista\/#organization","name":"Centro Urbano","url":"https:\/\/centrourbano.com\/revista\/","logo":{"@type":"ImageObject","inLanguage":"es","@id":"https:\/\/centrourbano.com\/revista\/#\/schema\/logo\/image\/","url":"https:\/\/centrourbano.com\/revista\/wp-content\/uploads\/web_CU_logo-1.png","contentUrl":"https:\/\/centrourbano.com\/revista\/wp-content\/uploads\/web_CU_logo-1.png","width":350,"height":91,"caption":"Centro Urbano"},"image":{"@id":"https:\/\/centrourbano.com\/revista\/#\/schema\/logo\/image\/"},"sameAs":["https:\/\/www.facebook.com\/portalcentrourbano","https:\/\/x.com\/CentroUrbano","https:\/\/www.instagram.com\/centro_urbano\/","https:\/\/www.linkedin.com\/company\/centro-urbano\/","http:\/\/www.youtube.com\/user\/portalcentrourbano"]},{"@type":"Person","@id":"https:\/\/centrourbano.com\/revista\/#\/schema\/person\/515c32d01ece40d20a7ed3fdf34051af","name":"Fernando Navarrete","image":{"@type":"ImageObject","inLanguage":"es","@id":"https:\/\/secure.gravatar.com\/avatar\/f4dd6927a99e72698473e350e20ec8a38bd48cb668e15b03d04e8e537da41ad0?s=96&d=mm&r=g","url":"https:\/\/secure.gravatar.com\/avatar\/f4dd6927a99e72698473e350e20ec8a38bd48cb668e15b03d04e8e537da41ad0?s=96&d=mm&r=g","contentUrl":"https:\/\/secure.gravatar.com\/avatar\/f4dd6927a99e72698473e350e20ec8a38bd48cb668e15b03d04e8e537da41ad0?s=96&d=mm&r=g","caption":"Fernando Navarrete"},"description":"Reportero de negocios, inmobiliario, construcci\u00f3n e industria. Me interesa la econom\u00eda, pol\u00edtica, historia y antropolog\u00eda. Estudi\u00e9 en la Facultad de Ciencias Pol\u00edticas y Sociales de la UNAM. Tengo experiencia en el sector p\u00fablico, la industria del acero, ingenier\u00eda civil, IT y corporativos; soy un nost\u00e1lgico nacionalista contempor\u00e1neo que cree en la grandeza de su pa\u00eds. Asiduo lector de Juan Rulfo, Jos\u00e9 Revueltas y J. R. R Tolkien.","url":"https:\/\/centrourbano.com\/revista\/author\/fernando-navarrete\/"}]}},"_links":{"self":[{"href":"https:\/\/centrourbano.com\/revista\/wp-json\/wp\/v2\/posts\/75761","targetHints":{"allow":["GET"]}}],"collection":[{"href":"https:\/\/centrourbano.com\/revista\/wp-json\/wp\/v2\/posts"}],"about":[{"href":"https:\/\/centrourbano.com\/revista\/wp-json\/wp\/v2\/types\/post"}],"author":[{"embeddable":true,"href":"https:\/\/centrourbano.com\/revista\/wp-json\/wp\/v2\/users\/69"}],"replies":[{"embeddable":true,"href":"https:\/\/centrourbano.com\/revista\/wp-json\/wp\/v2\/comments?post=75761"}],"version-history":[{"count":3,"href":"https:\/\/centrourbano.com\/revista\/wp-json\/wp\/v2\/posts\/75761\/revisions"}],"predecessor-version":[{"id":75788,"href":"https:\/\/centrourbano.com\/revista\/wp-json\/wp\/v2\/posts\/75761\/revisions\/75788"}],"wp:featuredmedia":[{"embeddable":true,"href":"https:\/\/centrourbano.com\/revista\/wp-json\/wp\/v2\/media\/57476"}],"wp:attachment":[{"href":"https:\/\/centrourbano.com\/revista\/wp-json\/wp\/v2\/media?parent=75761"}],"wp:term":[{"taxonomy":"category","embeddable":true,"href":"https:\/\/centrourbano.com\/revista\/wp-json\/wp\/v2\/categories?post=75761"},{"taxonomy":"post_tag","embeddable":true,"href":"https:\/\/centrourbano.com\/revista\/wp-json\/wp\/v2\/tags?post=75761"}],"curies":[{"name":"wp","href":"https:\/\/api.w.org\/{rel}","templated":true}]}}