{"id":75632,"date":"2018-08-02T17:36:22","date_gmt":"2018-08-02T22:36:22","guid":{"rendered":"https:\/\/centrourbano.com\/?p=75632"},"modified":"2018-08-02T19:04:19","modified_gmt":"2018-08-03T00:04:19","slug":"vinte-con-confianza-metas-2018","status":"publish","type":"post","link":"https:\/\/centrourbano.com\/revista\/vivienda\/vinte-con-confianza-metas-2018\/","title":{"rendered":"Vinte, con confianza y fortalecido para alcanzar metas 2018"},"content":{"rendered":"<p><em>La empresa buscar\u00e1 en el 2S2018 redoblar esfuerzos para incrementar sus ventas a trav\u00e9s de plataformas digitales<\/em><!--more--><\/p>\n<p>Los resultados obtenidos por <a href=\"http:\/\/www.vinte.com\" target=\"_blank\" rel=\"noopener noreferrer\">Vinte <\/a>al cierre de junio van en l\u00ednea con lo planteado por la firma al inicio de a\u00f1o, por lo que las expectativas de crecimiento establecidas para 2018 se confirman. De manera particular, los buenos n\u00fameros otorgan a la firma la confianza de mantener los proyectos y continuar con las inversiones de acuerdo a la estrategia de negocio.<\/p>\n<p>As\u00ed lo se\u00f1al\u00f3 <a href=\"https:\/\/twitter.com\/SergioLealVinte\" target=\"_blank\" rel=\"noopener noreferrer\">Sergio Leal<\/a>, director general de la empresa, quien detall\u00f3 que Vinte ha mostrado una tendencia de crecimiento en todas las l\u00edneas de resultados en los \u00faltimos a\u00f1os. Este panorama, dijo, ha sido posible gracias al modelo de negocio flexible que sustenta la viviendera.<\/p>\n<p>\u201c(En el 2T2018) el modelo de negocio flexible de Vinte fue la base de nuestro crecimiento (\u2026) Somos una empresa \u00e1gil, que est\u00e1 preparada para convertir retos en oportunidades, a trav\u00e9s de nuestro modelo de negocio sustentable\u201d, apunt\u00f3.<\/p>\n<p>El 2T2018 permiti\u00f3 a la firma consolidarse como una de las empresas m\u00e1s estables y s\u00f3lidas, al generar rendimientos importantes para sus inversionistas. De acuerdo con lo explicado por Sergio Leal, entre abril y junio 2018, el retorno sobre capital (<strong>ROE<\/strong>) que otorg\u00f3 la compa\u00f1\u00eda se ubic\u00f3 por encima de 19%, en l\u00ednea con los estimados de la Gu\u00eda 2018.<\/p>\n<p>\u201cNuestro enfoque en rentabilidad, en combinaci\u00f3n con nuestro alto posicionamiento de marca y agilidad de comercializaci\u00f3n, se reflej\u00f3 en crecimientos de doble d\u00edgito en todas las l\u00edneas de resultados\u00bb, expuso Leal.<\/p>\n<p><strong>La segunda mitad de 2018<\/strong><\/p>\n<p>Para los meses venideros, a decir de Leal, Vinte mantiene como prioridad el desarrollo de <strong>comunidades sustentables<\/strong>, adem\u00e1s de la apuesta por la innovaci\u00f3n tecnol\u00f3gica.<\/p>\n<p>En el caso de la puesta en marcha de proyectos habitacionales en los pr\u00f3ximos a\u00f1os, Leal se\u00f1al\u00f3 que la firma cuenta con reservas territoriales para desarrollar alrededor de 32,000 viviendas. Reiter\u00f3 que gracias a la consolidaci\u00f3n de Vinte con buenos n\u00fameros en los \u00faltimos trimestres \u201cnos impulsa a seguir invirtiendo, para continuar creando comunidades sustentables como lo hemos venido haciendo en estos primeros 15 a\u00f1os en 35 mil casas ya escrituradas\u201d.<\/p>\n<p>Al respecto, se\u00f1al\u00f3 que la puesta en marcha de la Casa H\u00edbrida Cero Gas permitir\u00e1 a la empresa fortalecer el portafolio de productos; adem\u00e1s, dijo, reafirma el compromiso sustentable que ha adquirido la empresa.<\/p>\n<p>Por otro lado, con la l\u00ednea de incrementar su presencia, el empresario se\u00f1al\u00f3 que uno de los objetivos de la empresa en la segunda parte del a\u00f1o es redoblar esfuerzos para robustecer la actividad de Vinte en las plataformas <strong>digitales<\/strong>. Se\u00f1al\u00f3 que a la fecha, 21% de las ventas se dan por este medio, por lo que, dijo, es relevante apostar a este canal.<\/p>\n","protected":false},"excerpt":{"rendered":"<p>La empresa buscar\u00e1 en el 2S2018 redoblar esfuerzos para incrementar sus ventas a trav\u00e9s de plataformas digitales<\/p>\n","protected":false},"author":47,"featured_media":75639,"comment_status":"open","ping_status":"closed","sticky":false,"template":"","format":"standard","meta":{"om_disable_all_campaigns":false,"inline_featured_image":false,"_monsterinsights_skip_tracking":false,"_monsterinsights_sitenote_active":false,"_monsterinsights_sitenote_note":"","_monsterinsights_sitenote_category":0,"footnotes":""},"categories":[12],"tags":[13305,14102,6789,373,60],"class_list":["post-75632","post","type-post","status-publish","format-standard","has-post-thumbnail","hentry","category-vivienda","tag-2s2018","tag-resultados-2t2018","tag-sergio-leal-aguirre","tag-vinte","tag-vivienda-2"],"yoast_head":"<!-- This site is optimized with the Yoast SEO plugin v27.5 - https:\/\/yoast.com\/product\/yoast-seo-wordpress\/ -->\n<title>Vinte, al cierre del 1S2018 en l\u00ednea con metas 2018<\/title>\n<meta name=\"description\" content=\"Vinte mantiene la confianza y para el 2S2018 redoblar\u00e1 esfuerzos para incrementar sus ventas a trav\u00e9s de plataformas digitales\" \/>\n<meta name=\"robots\" content=\"index, follow, max-snippet:-1, max-image-preview:large, max-video-preview:-1\" \/>\n<link rel=\"canonical\" href=\"https:\/\/centrourbano.com\/revista\/vivienda\/vinte-con-confianza-metas-2018\/\" \/>\n<meta property=\"og:locale\" content=\"es_ES\" \/>\n<meta property=\"og:type\" content=\"article\" \/>\n<meta property=\"og:title\" content=\"Vinte, al cierre del 1S2018 en l\u00ednea con metas 2018\" \/>\n<meta property=\"og:description\" content=\"Vinte mantiene la confianza y para el 2S2018 redoblar\u00e1 esfuerzos para incrementar sus ventas a trav\u00e9s de plataformas digitales\" \/>\n<meta property=\"og:url\" content=\"https:\/\/centrourbano.com\/revista\/vivienda\/vinte-con-confianza-metas-2018\/\" \/>\n<meta property=\"og:site_name\" content=\"Centro Urbano\" \/>\n<meta property=\"article:publisher\" content=\"https:\/\/www.facebook.com\/portalcentrourbano\" \/>\n<meta property=\"article:published_time\" content=\"2018-08-02T22:36:22+00:00\" \/>\n<meta property=\"article:modified_time\" content=\"2018-08-03T00:04:19+00:00\" \/>\n<meta property=\"og:image\" content=\"https:\/\/centrourbano.com\/revista\/wp-content\/uploads\/Sergio-Leal_Vinte_1_Presentaci\u00f3n-Casa-H\u00edbrida.jpeg\" \/>\n\t<meta property=\"og:image:width\" content=\"800\" \/>\n\t<meta property=\"og:image:height\" content=\"575\" \/>\n\t<meta property=\"og:image:type\" content=\"image\/jpeg\" \/>\n<meta name=\"author\" content=\"Edgar Rosas\" \/>\n<meta name=\"twitter:card\" content=\"summary_large_image\" \/>\n<meta name=\"twitter:creator\" content=\"@https:\/\/twitter.com\/ERosasCU?s=09\" \/>\n<meta name=\"twitter:site\" content=\"@CentroUrbano\" \/>\n<meta name=\"twitter:label1\" content=\"Escrito por\" \/>\n\t<meta name=\"twitter:data1\" content=\"Edgar Rosas\" \/>\n\t<meta name=\"twitter:label2\" content=\"Tiempo de lectura\" \/>\n\t<meta name=\"twitter:data2\" content=\"2 minutos\" \/>\n<script type=\"application\/ld+json\" class=\"yoast-schema-graph\">{\"@context\":\"https:\\\/\\\/schema.org\",\"@graph\":[{\"@type\":\"Article\",\"@id\":\"https:\\\/\\\/centrourbano.com\\\/revista\\\/vivienda\\\/vinte-con-confianza-metas-2018\\\/#article\",\"isPartOf\":{\"@id\":\"https:\\\/\\\/centrourbano.com\\\/revista\\\/vivienda\\\/vinte-con-confianza-metas-2018\\\/\"},\"author\":{\"name\":\"Edgar Rosas\",\"@id\":\"https:\\\/\\\/centrourbano.com\\\/revista\\\/#\\\/schema\\\/person\\\/ff3c00651ce5b1630479d2cd0c2e3ac0\"},\"headline\":\"Vinte, con confianza y fortalecido para alcanzar metas 2018\",\"datePublished\":\"2018-08-02T22:36:22+00:00\",\"dateModified\":\"2018-08-03T00:04:19+00:00\",\"mainEntityOfPage\":{\"@id\":\"https:\\\/\\\/centrourbano.com\\\/revista\\\/vivienda\\\/vinte-con-confianza-metas-2018\\\/\"},\"wordCount\":484,\"commentCount\":0,\"publisher\":{\"@id\":\"https:\\\/\\\/centrourbano.com\\\/revista\\\/#organization\"},\"image\":{\"@id\":\"https:\\\/\\\/centrourbano.com\\\/revista\\\/vivienda\\\/vinte-con-confianza-metas-2018\\\/#primaryimage\"},\"thumbnailUrl\":\"https:\\\/\\\/centrourbano.com\\\/revista\\\/wp-content\\\/uploads\\\/Sergio-Leal_Vinte_1_Presentaci\u00f3n-Casa-H\u00edbrida.jpeg\",\"keywords\":[\"2S2018\",\"Resultados 2T2018\",\"Sergio Leal Aguirre\",\"Vinte\",\"vivienda\"],\"articleSection\":[\"Vivienda\"],\"inLanguage\":\"es\",\"potentialAction\":[{\"@type\":\"CommentAction\",\"name\":\"Comment\",\"target\":[\"https:\\\/\\\/centrourbano.com\\\/revista\\\/vivienda\\\/vinte-con-confianza-metas-2018\\\/#respond\"]}]},{\"@type\":\"WebPage\",\"@id\":\"https:\\\/\\\/centrourbano.com\\\/revista\\\/vivienda\\\/vinte-con-confianza-metas-2018\\\/\",\"url\":\"https:\\\/\\\/centrourbano.com\\\/revista\\\/vivienda\\\/vinte-con-confianza-metas-2018\\\/\",\"name\":\"Vinte, al cierre del 1S2018 en l\u00ednea con metas 2018\",\"isPartOf\":{\"@id\":\"https:\\\/\\\/centrourbano.com\\\/revista\\\/#website\"},\"primaryImageOfPage\":{\"@id\":\"https:\\\/\\\/centrourbano.com\\\/revista\\\/vivienda\\\/vinte-con-confianza-metas-2018\\\/#primaryimage\"},\"image\":{\"@id\":\"https:\\\/\\\/centrourbano.com\\\/revista\\\/vivienda\\\/vinte-con-confianza-metas-2018\\\/#primaryimage\"},\"thumbnailUrl\":\"https:\\\/\\\/centrourbano.com\\\/revista\\\/wp-content\\\/uploads\\\/Sergio-Leal_Vinte_1_Presentaci\u00f3n-Casa-H\u00edbrida.jpeg\",\"datePublished\":\"2018-08-02T22:36:22+00:00\",\"dateModified\":\"2018-08-03T00:04:19+00:00\",\"description\":\"Vinte mantiene la confianza y para el 2S2018 redoblar\u00e1 esfuerzos para incrementar sus ventas a trav\u00e9s de plataformas digitales\",\"breadcrumb\":{\"@id\":\"https:\\\/\\\/centrourbano.com\\\/revista\\\/vivienda\\\/vinte-con-confianza-metas-2018\\\/#breadcrumb\"},\"inLanguage\":\"es\",\"potentialAction\":[{\"@type\":\"ReadAction\",\"target\":[\"https:\\\/\\\/centrourbano.com\\\/revista\\\/vivienda\\\/vinte-con-confianza-metas-2018\\\/\"]}]},{\"@type\":\"ImageObject\",\"inLanguage\":\"es\",\"@id\":\"https:\\\/\\\/centrourbano.com\\\/revista\\\/vivienda\\\/vinte-con-confianza-metas-2018\\\/#primaryimage\",\"url\":\"https:\\\/\\\/centrourbano.com\\\/revista\\\/wp-content\\\/uploads\\\/Sergio-Leal_Vinte_1_Presentaci\u00f3n-Casa-H\u00edbrida.jpeg\",\"contentUrl\":\"https:\\\/\\\/centrourbano.com\\\/revista\\\/wp-content\\\/uploads\\\/Sergio-Leal_Vinte_1_Presentaci\u00f3n-Casa-H\u00edbrida.jpeg\",\"width\":800,\"height\":575,\"caption\":\"La empresa mantiene la confianza y para el 2S2018 redoblar\u00e1 esfuerzos para incrementar sus ventas a trav\u00e9s de plataformas digitales\"},{\"@type\":\"BreadcrumbList\",\"@id\":\"https:\\\/\\\/centrourbano.com\\\/revista\\\/vivienda\\\/vinte-con-confianza-metas-2018\\\/#breadcrumb\",\"itemListElement\":[{\"@type\":\"ListItem\",\"position\":1,\"name\":\"Portada\",\"item\":\"https:\\\/\\\/centrourbano.com\\\/revista\\\/\"},{\"@type\":\"ListItem\",\"position\":2,\"name\":\"Vinte, con confianza y fortalecido para alcanzar metas 2018\"}]},{\"@type\":\"WebSite\",\"@id\":\"https:\\\/\\\/centrourbano.com\\\/revista\\\/#website\",\"url\":\"https:\\\/\\\/centrourbano.com\\\/revista\\\/\",\"name\":\"Centro Urbano\",\"description\":\"Medio especializado en los sectores vivienda, inmobiliario, construcci\u00f3n, arquitectura y urbanismo.\",\"publisher\":{\"@id\":\"https:\\\/\\\/centrourbano.com\\\/revista\\\/#organization\"},\"potentialAction\":[{\"@type\":\"SearchAction\",\"target\":{\"@type\":\"EntryPoint\",\"urlTemplate\":\"https:\\\/\\\/centrourbano.com\\\/revista\\\/?s={search_term_string}\"},\"query-input\":{\"@type\":\"PropertyValueSpecification\",\"valueRequired\":true,\"valueName\":\"search_term_string\"}}],\"inLanguage\":\"es\"},{\"@type\":\"Organization\",\"@id\":\"https:\\\/\\\/centrourbano.com\\\/revista\\\/#organization\",\"name\":\"Centro Urbano\",\"url\":\"https:\\\/\\\/centrourbano.com\\\/revista\\\/\",\"logo\":{\"@type\":\"ImageObject\",\"inLanguage\":\"es\",\"@id\":\"https:\\\/\\\/centrourbano.com\\\/revista\\\/#\\\/schema\\\/logo\\\/image\\\/\",\"url\":\"https:\\\/\\\/centrourbano.com\\\/revista\\\/wp-content\\\/uploads\\\/web_CU_logo-1.png\",\"contentUrl\":\"https:\\\/\\\/centrourbano.com\\\/revista\\\/wp-content\\\/uploads\\\/web_CU_logo-1.png\",\"width\":350,\"height\":91,\"caption\":\"Centro Urbano\"},\"image\":{\"@id\":\"https:\\\/\\\/centrourbano.com\\\/revista\\\/#\\\/schema\\\/logo\\\/image\\\/\"},\"sameAs\":[\"https:\\\/\\\/www.facebook.com\\\/portalcentrourbano\",\"https:\\\/\\\/x.com\\\/CentroUrbano\",\"https:\\\/\\\/www.instagram.com\\\/centro_urbano\\\/\",\"https:\\\/\\\/www.linkedin.com\\\/company\\\/centro-urbano\\\/\",\"http:\\\/\\\/www.youtube.com\\\/user\\\/portalcentrourbano\"]},{\"@type\":\"Person\",\"@id\":\"https:\\\/\\\/centrourbano.com\\\/revista\\\/#\\\/schema\\\/person\\\/ff3c00651ce5b1630479d2cd0c2e3ac0\",\"name\":\"Edgar Rosas\",\"image\":{\"@type\":\"ImageObject\",\"inLanguage\":\"es\",\"@id\":\"https:\\\/\\\/secure.gravatar.com\\\/avatar\\\/94440c4283495211faa5300bf85e80061036b83fced868c3783aa1310b350d9c?s=96&d=mm&r=g\",\"url\":\"https:\\\/\\\/secure.gravatar.com\\\/avatar\\\/94440c4283495211faa5300bf85e80061036b83fced868c3783aa1310b350d9c?s=96&d=mm&r=g\",\"contentUrl\":\"https:\\\/\\\/secure.gravatar.com\\\/avatar\\\/94440c4283495211faa5300bf85e80061036b83fced868c3783aa1310b350d9c?s=96&d=mm&r=g\",\"caption\":\"Edgar Rosas\"},\"description\":\"Editor en Jefe de Centro Urbano. Egresado de la maestr\u00eda en Periodismo Pol\u00edtico de la Escuela de Periodismo Carlos Septi\u00e9n Garc\u00eda (EPCSG). Estudi\u00f3 la licenciatura en Comunicaci\u00f3n en la Universidad Mexicana. Amante de la cr\u00f3nica y el reportaje. Admirador de Vicente Le\u00f1ero y Miguel \u00c1ngel Granados Chapa.\",\"sameAs\":[\"https:\\\/\\\/x.com\\\/https:\\\/\\\/twitter.com\\\/ERosasCU?s=09\"],\"url\":\"https:\\\/\\\/centrourbano.com\\\/revista\\\/author\\\/edgar-rosas\\\/\"}]}<\/script>\n<!-- \/ Yoast SEO plugin. -->","yoast_head_json":{"title":"Vinte, al cierre del 1S2018 en l\u00ednea con metas 2018","description":"Vinte mantiene la confianza y para el 2S2018 redoblar\u00e1 esfuerzos para incrementar sus ventas a trav\u00e9s de plataformas digitales","robots":{"index":"index","follow":"follow","max-snippet":"max-snippet:-1","max-image-preview":"max-image-preview:large","max-video-preview":"max-video-preview:-1"},"canonical":"https:\/\/centrourbano.com\/revista\/vivienda\/vinte-con-confianza-metas-2018\/","og_locale":"es_ES","og_type":"article","og_title":"Vinte, al cierre del 1S2018 en l\u00ednea con metas 2018","og_description":"Vinte mantiene la confianza y para el 2S2018 redoblar\u00e1 esfuerzos para incrementar sus ventas a trav\u00e9s de plataformas digitales","og_url":"https:\/\/centrourbano.com\/revista\/vivienda\/vinte-con-confianza-metas-2018\/","og_site_name":"Centro Urbano","article_publisher":"https:\/\/www.facebook.com\/portalcentrourbano","article_published_time":"2018-08-02T22:36:22+00:00","article_modified_time":"2018-08-03T00:04:19+00:00","og_image":[{"width":800,"height":575,"url":"https:\/\/centrourbano.com\/revista\/wp-content\/uploads\/Sergio-Leal_Vinte_1_Presentaci\u00f3n-Casa-H\u00edbrida.jpeg","type":"image\/jpeg"}],"author":"Edgar Rosas","twitter_card":"summary_large_image","twitter_creator":"@https:\/\/twitter.com\/ERosasCU?s=09","twitter_site":"@CentroUrbano","twitter_misc":{"Escrito por":"Edgar Rosas","Tiempo de lectura":"2 minutos"},"schema":{"@context":"https:\/\/schema.org","@graph":[{"@type":"Article","@id":"https:\/\/centrourbano.com\/revista\/vivienda\/vinte-con-confianza-metas-2018\/#article","isPartOf":{"@id":"https:\/\/centrourbano.com\/revista\/vivienda\/vinte-con-confianza-metas-2018\/"},"author":{"name":"Edgar Rosas","@id":"https:\/\/centrourbano.com\/revista\/#\/schema\/person\/ff3c00651ce5b1630479d2cd0c2e3ac0"},"headline":"Vinte, con confianza y fortalecido para alcanzar metas 2018","datePublished":"2018-08-02T22:36:22+00:00","dateModified":"2018-08-03T00:04:19+00:00","mainEntityOfPage":{"@id":"https:\/\/centrourbano.com\/revista\/vivienda\/vinte-con-confianza-metas-2018\/"},"wordCount":484,"commentCount":0,"publisher":{"@id":"https:\/\/centrourbano.com\/revista\/#organization"},"image":{"@id":"https:\/\/centrourbano.com\/revista\/vivienda\/vinte-con-confianza-metas-2018\/#primaryimage"},"thumbnailUrl":"https:\/\/centrourbano.com\/revista\/wp-content\/uploads\/Sergio-Leal_Vinte_1_Presentaci\u00f3n-Casa-H\u00edbrida.jpeg","keywords":["2S2018","Resultados 2T2018","Sergio Leal Aguirre","Vinte","vivienda"],"articleSection":["Vivienda"],"inLanguage":"es","potentialAction":[{"@type":"CommentAction","name":"Comment","target":["https:\/\/centrourbano.com\/revista\/vivienda\/vinte-con-confianza-metas-2018\/#respond"]}]},{"@type":"WebPage","@id":"https:\/\/centrourbano.com\/revista\/vivienda\/vinte-con-confianza-metas-2018\/","url":"https:\/\/centrourbano.com\/revista\/vivienda\/vinte-con-confianza-metas-2018\/","name":"Vinte, al cierre del 1S2018 en l\u00ednea con metas 2018","isPartOf":{"@id":"https:\/\/centrourbano.com\/revista\/#website"},"primaryImageOfPage":{"@id":"https:\/\/centrourbano.com\/revista\/vivienda\/vinte-con-confianza-metas-2018\/#primaryimage"},"image":{"@id":"https:\/\/centrourbano.com\/revista\/vivienda\/vinte-con-confianza-metas-2018\/#primaryimage"},"thumbnailUrl":"https:\/\/centrourbano.com\/revista\/wp-content\/uploads\/Sergio-Leal_Vinte_1_Presentaci\u00f3n-Casa-H\u00edbrida.jpeg","datePublished":"2018-08-02T22:36:22+00:00","dateModified":"2018-08-03T00:04:19+00:00","description":"Vinte mantiene la confianza y para el 2S2018 redoblar\u00e1 esfuerzos para incrementar sus ventas a trav\u00e9s de plataformas digitales","breadcrumb":{"@id":"https:\/\/centrourbano.com\/revista\/vivienda\/vinte-con-confianza-metas-2018\/#breadcrumb"},"inLanguage":"es","potentialAction":[{"@type":"ReadAction","target":["https:\/\/centrourbano.com\/revista\/vivienda\/vinte-con-confianza-metas-2018\/"]}]},{"@type":"ImageObject","inLanguage":"es","@id":"https:\/\/centrourbano.com\/revista\/vivienda\/vinte-con-confianza-metas-2018\/#primaryimage","url":"https:\/\/centrourbano.com\/revista\/wp-content\/uploads\/Sergio-Leal_Vinte_1_Presentaci\u00f3n-Casa-H\u00edbrida.jpeg","contentUrl":"https:\/\/centrourbano.com\/revista\/wp-content\/uploads\/Sergio-Leal_Vinte_1_Presentaci\u00f3n-Casa-H\u00edbrida.jpeg","width":800,"height":575,"caption":"La empresa mantiene la confianza y para el 2S2018 redoblar\u00e1 esfuerzos para incrementar sus ventas a trav\u00e9s de plataformas digitales"},{"@type":"BreadcrumbList","@id":"https:\/\/centrourbano.com\/revista\/vivienda\/vinte-con-confianza-metas-2018\/#breadcrumb","itemListElement":[{"@type":"ListItem","position":1,"name":"Portada","item":"https:\/\/centrourbano.com\/revista\/"},{"@type":"ListItem","position":2,"name":"Vinte, con confianza y fortalecido para alcanzar metas 2018"}]},{"@type":"WebSite","@id":"https:\/\/centrourbano.com\/revista\/#website","url":"https:\/\/centrourbano.com\/revista\/","name":"Centro Urbano","description":"Medio especializado en los sectores vivienda, inmobiliario, construcci\u00f3n, arquitectura y urbanismo.","publisher":{"@id":"https:\/\/centrourbano.com\/revista\/#organization"},"potentialAction":[{"@type":"SearchAction","target":{"@type":"EntryPoint","urlTemplate":"https:\/\/centrourbano.com\/revista\/?s={search_term_string}"},"query-input":{"@type":"PropertyValueSpecification","valueRequired":true,"valueName":"search_term_string"}}],"inLanguage":"es"},{"@type":"Organization","@id":"https:\/\/centrourbano.com\/revista\/#organization","name":"Centro Urbano","url":"https:\/\/centrourbano.com\/revista\/","logo":{"@type":"ImageObject","inLanguage":"es","@id":"https:\/\/centrourbano.com\/revista\/#\/schema\/logo\/image\/","url":"https:\/\/centrourbano.com\/revista\/wp-content\/uploads\/web_CU_logo-1.png","contentUrl":"https:\/\/centrourbano.com\/revista\/wp-content\/uploads\/web_CU_logo-1.png","width":350,"height":91,"caption":"Centro Urbano"},"image":{"@id":"https:\/\/centrourbano.com\/revista\/#\/schema\/logo\/image\/"},"sameAs":["https:\/\/www.facebook.com\/portalcentrourbano","https:\/\/x.com\/CentroUrbano","https:\/\/www.instagram.com\/centro_urbano\/","https:\/\/www.linkedin.com\/company\/centro-urbano\/","http:\/\/www.youtube.com\/user\/portalcentrourbano"]},{"@type":"Person","@id":"https:\/\/centrourbano.com\/revista\/#\/schema\/person\/ff3c00651ce5b1630479d2cd0c2e3ac0","name":"Edgar Rosas","image":{"@type":"ImageObject","inLanguage":"es","@id":"https:\/\/secure.gravatar.com\/avatar\/94440c4283495211faa5300bf85e80061036b83fced868c3783aa1310b350d9c?s=96&d=mm&r=g","url":"https:\/\/secure.gravatar.com\/avatar\/94440c4283495211faa5300bf85e80061036b83fced868c3783aa1310b350d9c?s=96&d=mm&r=g","contentUrl":"https:\/\/secure.gravatar.com\/avatar\/94440c4283495211faa5300bf85e80061036b83fced868c3783aa1310b350d9c?s=96&d=mm&r=g","caption":"Edgar Rosas"},"description":"Editor en Jefe de Centro Urbano. Egresado de la maestr\u00eda en Periodismo Pol\u00edtico de la Escuela de Periodismo Carlos Septi\u00e9n Garc\u00eda (EPCSG). Estudi\u00f3 la licenciatura en Comunicaci\u00f3n en la Universidad Mexicana. Amante de la cr\u00f3nica y el reportaje. Admirador de Vicente Le\u00f1ero y Miguel \u00c1ngel Granados Chapa.","sameAs":["https:\/\/x.com\/https:\/\/twitter.com\/ERosasCU?s=09"],"url":"https:\/\/centrourbano.com\/revista\/author\/edgar-rosas\/"}]}},"_links":{"self":[{"href":"https:\/\/centrourbano.com\/revista\/wp-json\/wp\/v2\/posts\/75632","targetHints":{"allow":["GET"]}}],"collection":[{"href":"https:\/\/centrourbano.com\/revista\/wp-json\/wp\/v2\/posts"}],"about":[{"href":"https:\/\/centrourbano.com\/revista\/wp-json\/wp\/v2\/types\/post"}],"author":[{"embeddable":true,"href":"https:\/\/centrourbano.com\/revista\/wp-json\/wp\/v2\/users\/47"}],"replies":[{"embeddable":true,"href":"https:\/\/centrourbano.com\/revista\/wp-json\/wp\/v2\/comments?post=75632"}],"version-history":[{"count":7,"href":"https:\/\/centrourbano.com\/revista\/wp-json\/wp\/v2\/posts\/75632\/revisions"}],"predecessor-version":[{"id":75668,"href":"https:\/\/centrourbano.com\/revista\/wp-json\/wp\/v2\/posts\/75632\/revisions\/75668"}],"wp:featuredmedia":[{"embeddable":true,"href":"https:\/\/centrourbano.com\/revista\/wp-json\/wp\/v2\/media\/75639"}],"wp:attachment":[{"href":"https:\/\/centrourbano.com\/revista\/wp-json\/wp\/v2\/media?parent=75632"}],"wp:term":[{"taxonomy":"category","embeddable":true,"href":"https:\/\/centrourbano.com\/revista\/wp-json\/wp\/v2\/categories?post=75632"},{"taxonomy":"post_tag","embeddable":true,"href":"https:\/\/centrourbano.com\/revista\/wp-json\/wp\/v2\/tags?post=75632"}],"curies":[{"name":"wp","href":"https:\/\/api.w.org\/{rel}","templated":true}]}}