{"id":75607,"date":"2018-08-02T14:10:12","date_gmt":"2018-08-02T19:10:12","guid":{"rendered":"https:\/\/centrourbano.com\/?p=75607"},"modified":"2018-08-02T18:06:18","modified_gmt":"2018-08-02T23:06:18","slug":"enfoques-resiliencia-prosperidad-urbana","status":"publish","type":"post","link":"https:\/\/centrourbano.com\/revista\/opinion\/enfoques-resiliencia-prosperidad-urbana\/","title":{"rendered":"Enfoques de resiliencia y prosperidad urbana"},"content":{"rendered":"<p><strong>Por\u00a0Alfonso Luis Penela Quintanilla<\/strong><!--more--><\/p>\n<p>Una de las necesidades fundamentales del ser humano es el origen de la agrupaci\u00f3n social y por lo tanto de la ciudad.\u00a0 Es ah\u00ed, en el origen conceptual donde debemos encontrar la raz\u00f3n de ser de la RESILIENCIA y la PROSPERIDAD URBANA.<\/p>\n<p>Para satisfacer las necesidades de <strong>alimentaci\u00f3n, reposo y abrigo<\/strong> se requiere de la seguridad que ofrece la vivienda, como c\u00e9lula b\u00e1sica de la ciudad. Es en la vivienda donde se gesta y desarrolla la base social que es la familia, de ah\u00ed la importancia de conceder a la vivienda todos los atributos posibles de seguridad:<\/p>\n<ol>\n<li><strong>Seguridad jur\u00eddica<\/strong>, que permita tener PAZ y constituir un entorno de pertenencia.<\/li>\n<li><strong>Seguridad estructural<\/strong>, capacidad de resistir los embates del medio f\u00edsico.<\/li>\n<\/ol>\n<p>Estos dos conceptos de <strong>seguridad<\/strong> propician atributos de <strong>cobijo<\/strong> y <strong>confort<\/strong>, en un primer t\u00e9rmino para poder posteriormente acceder a valores <strong>est\u00e9ticos<\/strong>, que traer\u00e1n aparejados temas de <strong>estatus social<\/strong> y por lo tanto <strong>deseabilidad<\/strong> en la comunidad.<\/p>\n<a href=\"https:\/\/centrourbano.com\/revista\/wp-content\/uploads\/resiliencia-urbana.jpg\"><img loading=\"lazy\" decoding=\"async\" class=\"wp-image-75652 alignleft\" src=\"https:\/\/centrourbano.com\/revista\/wp-content\/uploads\/resiliencia-urbana-1024x731.jpg\" alt=\"\" width=\"400\" height=\"286\" srcset=\"https:\/\/centrourbano.com\/revista\/wp-content\/uploads\/resiliencia-urbana-1024x731.jpg 1024w, https:\/\/centrourbano.com\/revista\/wp-content\/uploads\/resiliencia-urbana-300x214.jpg 300w, https:\/\/centrourbano.com\/revista\/wp-content\/uploads\/resiliencia-urbana-768x549.jpg 768w, https:\/\/centrourbano.com\/revista\/wp-content\/uploads\/resiliencia-urbana.jpg 1400w\" sizes=\"auto, (max-width: 400px) 100vw, 400px\" \/><\/a>\n<p>Todo lo anteriormente descrito se ve materializado en nuestra sociedad en un valor econ\u00f3mico de cambio, es decir en un patrimonio familiar.<\/p>\n<p>Es la suma ordenada de estos patrimonios familiares la que va constituyendo la ciudad, junto con los patrimonios empresariales, industriales y comerciales regidos por los mismos principios de seguridad, utilidad y est\u00e9tica.<\/p>\n<p>Lo anterior, aunado a un crecimiento econ\u00f3mico <strong>sostenido, inclusivo y sostenible<\/strong>, con capacidad para ofrecer empleo pleno y productivo, as\u00ed como trabajo digno para todos, forma el elemento clave del desarrollo territorial y urbano sostenible, ya que las ciudades y los asentamientos humanos deben ser lugares que brinden las mismas oportunidades a todos, permitiendo de ese modo que las personas tengan una vida saludable, productiva, pr\u00f3spera y plena.<\/p>\n<p>La\u00a0acupuntura urbana\u00a0considera a las ciudades como\u00a0<a href=\"https:\/\/es.wikipedia.org\/wiki\/Ser_vivo\">organismos vivos<\/a>\u00a0que respiran, y se\u00f1ala \u00e1reas espec\u00edficas que necesitan una reparaci\u00f3n. Los proyectos sostenibles, por tanto, sirven como agujas que revitalizan el todo mediante la curaci\u00f3n de las partes. \u200b Al percibir la ciudad como un ser vivo, la acupuntura urbana promueve una maquinaria com\u00fan y establece la localizaci\u00f3n de determinados n\u00facleos -similares a los puntos clave en el cuerpo humano- que localiza la acupuntura tradicional.<\/p>\n<p>La restauraci\u00f3n rentable e inteligente de los edificios patrimoniales, la sustituci\u00f3n de edificios auto construidos de manera deficiente por conjuntos urbanos seguros, sostenibles, saludables y con espacios p\u00fablicos adecuados, la edificaci\u00f3n planificada de nucleos\u00a0 de servicios, equipamiento e infraestructura,\u00a0 la consolidaci\u00f3n de edificios\u00a0 \u201cestratigr\u00e1ficos\u201d en condominios familiares, que mediante remodelaciones guiadas profesionalmente puedan convertirse en condominios de alta plusval\u00eda. Estas ser\u00edan las acciones que deben partir de fundamentos pol\u00edticos y crediticios que permitan y fomenten \u00e9sta acupuntura urbana para incrementar la RESILIENCIA y la PROSPERIDAD en nuestras ciudades.<\/p>\n<a href=\"https:\/\/centrourbano.com\/revista\/wp-content\/uploads\/comunidad.jpg\"><img loading=\"lazy\" decoding=\"async\" class=\"size-full wp-image-75655 alignright\" src=\"https:\/\/centrourbano.com\/revista\/wp-content\/uploads\/comunidad.jpg\" alt=\"\" width=\"400\" height=\"300\" srcset=\"https:\/\/centrourbano.com\/revista\/wp-content\/uploads\/comunidad.jpg 400w, https:\/\/centrourbano.com\/revista\/wp-content\/uploads\/comunidad-300x225.jpg 300w, https:\/\/centrourbano.com\/revista\/wp-content\/uploads\/comunidad-100x75.jpg 100w\" sizes=\"auto, (max-width: 400px) 100vw, 400px\" \/><\/a>\n<p>La vivienda, sus servicios y equipamiento, conformando las ciudades, ya est\u00e1n construidas y habitadas; es nuestra tarea hacerlas resistentes, \u00fatiles, funcionales y hermosas, haciendo una densificaci\u00f3n inteligente con criterios urban\u00edsticos y sociales adecuados.\u00a0 Debemos transformar nuestras ciudades para que sean capaces de resistir y recuperase de muy diversos riesgos de \u00edndole natural, tecnol\u00f3gico, socioculturales y econ\u00f3micos.<\/p>\n<p>Mientras m\u00e1s gente y activos se concentran en las ciudades, hay una gama cada vez m\u00e1s compleja de los choques y tensiones que pueden influir, positiva o negativamente sobre la ciudad y su poblaci\u00f3n. En t\u00e9rminos generales, los factores que influyen en la resistencia de la ciudad incluyen la gama y la severidad de los riesgos:<\/p>\n<ol>\n<li>El riesgo para vidas y bienes;<\/li>\n<li>La vulnerabilidad y la exposici\u00f3n de los sistemas humanos, sociales y ambientales y;<\/li>\n<li>El grado de preparaci\u00f3n de sistemas f\u00edsicos y el gobierno a cualquier choque o estr\u00e9s.<\/li>\n<\/ol>\n<p>Las tensiones derivadas de las condiciones ambientales afectan la resistencia de la ciudad a trav\u00e9s de varias v\u00edas reconocibles.<\/p>\n<ol>\n<li>Degradaci\u00f3n del ecosistema,<\/li>\n<li>La contaminaci\u00f3n,<\/li>\n<li>La escasez de recursos<\/li>\n<\/ol>\n<p>Muchas de las intervenciones que pueden aliviar tensiones ambientales y construir resiliencia parten del manejo de los ecosistemas y la eficiencia de recursos.<\/p>\n<p>El camino es dif\u00edcil y largo, pero debe iniciarse de inmediato. Los recientes cambios pol\u00edticos de nuestro pa\u00eds presentan el momento id\u00f3neo para que, apoyados en los tres pilares de la <strong>NUEVA AGENDA URBANA:<\/strong> planificaci\u00f3n urbana, legislaci\u00f3n urbana y financiaci\u00f3n municipal; se logre en el menor plazo posible la actuaci\u00f3n sobre el basto y complejo territorio de nuestras ciudades.<\/p>\n<p><!--more--><\/p>\n<p style=\"text-align: right;\"><strong>Alfonso Luis Penela Quintanilla<\/strong><\/p>\n<p style=\"text-align: right;\"><strong>Arquitecto, Especialista en Valuaci\u00f3n Inmobiliaria y Director de Empresas<\/strong><\/p>\n<p style=\"text-align: right;\"><strong>Twitter:\u00a0<a href=\"https:\/\/twitter.com\/apenelaq\" target=\"_blank\" rel=\"noopener noreferrer\"><span class=\"username u-dir\" dir=\"ltr\">@apenelaq<\/span><\/a><\/strong><\/p>\n<a href=\"https:\/\/centrourbano.com\/revista\/wp-content\/uploads\/Penela-1.jpg\"><img loading=\"lazy\" decoding=\"async\" class=\"wp-image-70143 size-medium alignright\" src=\"https:\/\/centrourbano.com\/revista\/wp-content\/uploads\/Penela-1-300x209.jpg\" alt=\"Alfonso Penela busca reinventar al Colegio de Arquitectos\" width=\"300\" height=\"209\" srcset=\"https:\/\/centrourbano.com\/revista\/wp-content\/uploads\/Penela-1-300x209.jpg 300w, https:\/\/centrourbano.com\/revista\/wp-content\/uploads\/Penela-1-768x534.jpg 768w, https:\/\/centrourbano.com\/revista\/wp-content\/uploads\/Penela-1-1024x712.jpg 1024w\" sizes=\"auto, (max-width: 300px) 100vw, 300px\" \/><\/a>\n<p>&nbsp;<\/p>\n","protected":false},"excerpt":{"rendered":"<p>Por\u00a0Alfonso Luis Penela Quintanilla<\/p>\n","protected":false},"author":14,"featured_media":70143,"comment_status":"open","ping_status":"closed","sticky":false,"template":"","format":"standard","meta":{"om_disable_all_campaigns":false,"inline_featured_image":false,"_monsterinsights_skip_tracking":false,"_monsterinsights_sitenote_active":false,"_monsterinsights_sitenote_note":"","_monsterinsights_sitenote_category":0,"footnotes":""},"categories":[5817,5,82],"tags":[5033,14097,712,20,8868,14105,8480,6156],"class_list":["post-75607","post","type-post","status-publish","format-standard","has-post-thumbnail","hentry","category-blog-de-urbanismo","category-opinion","category-urbanismo","tag-agenda-urbana","tag-alfonso-luis-penela-quintanilla","tag-arquitecto","tag-arquitectura","tag-ciudades-resilientes","tag-prosperidad-urbana","tag-resiliencia","tag-urbanismo"],"yoast_head":"<!-- This site is optimized with the Yoast SEO plugin v27.5 - https:\/\/yoast.com\/product\/yoast-seo-wordpress\/ -->\n<title>Enfoques de resiliencia y prosperidad urbana -<\/title>\n<meta name=\"description\" content=\"Por\u00a0Alfonso Luis Penela Quintanilla Una de las necesidades fundamentales del ser humano es el origen de la agrupaci\u00f3n social y por lo tanto de la ciudad.\u00a0\" \/>\n<meta name=\"robots\" content=\"index, follow, max-snippet:-1, max-image-preview:large, max-video-preview:-1\" \/>\n<link rel=\"canonical\" href=\"https:\/\/centrourbano.com\/revista\/opinion\/enfoques-resiliencia-prosperidad-urbana\/\" \/>\n<meta property=\"og:locale\" content=\"es_ES\" \/>\n<meta property=\"og:type\" content=\"article\" \/>\n<meta property=\"og:title\" content=\"Enfoques de resiliencia y prosperidad urbana -\" \/>\n<meta property=\"og:description\" content=\"Por\u00a0Alfonso Luis Penela Quintanilla Una de las necesidades fundamentales del ser humano es el origen de la agrupaci\u00f3n social y por lo tanto de la ciudad.\u00a0\" \/>\n<meta property=\"og:url\" content=\"https:\/\/centrourbano.com\/revista\/opinion\/enfoques-resiliencia-prosperidad-urbana\/\" \/>\n<meta property=\"og:site_name\" content=\"Centro Urbano\" \/>\n<meta property=\"article:publisher\" content=\"https:\/\/www.facebook.com\/portalcentrourbano\" \/>\n<meta property=\"article:published_time\" content=\"2018-08-02T19:10:12+00:00\" \/>\n<meta property=\"article:modified_time\" content=\"2018-08-02T23:06:18+00:00\" \/>\n<meta property=\"og:image\" content=\"https:\/\/centrourbano.com\/revista\/wp-content\/uploads\/Penela-1.jpg\" \/>\n\t<meta property=\"og:image:width\" content=\"2346\" \/>\n\t<meta property=\"og:image:height\" content=\"1631\" \/>\n\t<meta property=\"og:image:type\" content=\"image\/jpeg\" \/>\n<meta name=\"author\" content=\"Redacci\u00f3n Centro Urbano\" \/>\n<meta name=\"twitter:card\" content=\"summary_large_image\" \/>\n<meta name=\"twitter:creator\" content=\"@CentroUrbano\" \/>\n<meta name=\"twitter:site\" content=\"@CentroUrbano\" \/>\n<meta name=\"twitter:label1\" content=\"Escrito por\" \/>\n\t<meta name=\"twitter:data1\" content=\"Redacci\u00f3n Centro Urbano\" \/>\n\t<meta name=\"twitter:label2\" content=\"Tiempo de lectura\" \/>\n\t<meta name=\"twitter:data2\" content=\"4 minutos\" \/>\n<script type=\"application\/ld+json\" class=\"yoast-schema-graph\">{\"@context\":\"https:\\\/\\\/schema.org\",\"@graph\":[{\"@type\":\"Article\",\"@id\":\"https:\\\/\\\/centrourbano.com\\\/revista\\\/opinion\\\/enfoques-resiliencia-prosperidad-urbana\\\/#article\",\"isPartOf\":{\"@id\":\"https:\\\/\\\/centrourbano.com\\\/revista\\\/opinion\\\/enfoques-resiliencia-prosperidad-urbana\\\/\"},\"author\":{\"name\":\"Redacci\u00f3n Centro Urbano\",\"@id\":\"https:\\\/\\\/centrourbano.com\\\/revista\\\/#\\\/schema\\\/person\\\/5259f06e282c59482812d0e9a84a6440\"},\"headline\":\"Enfoques de resiliencia y prosperidad urbana\",\"datePublished\":\"2018-08-02T19:10:12+00:00\",\"dateModified\":\"2018-08-02T23:06:18+00:00\",\"mainEntityOfPage\":{\"@id\":\"https:\\\/\\\/centrourbano.com\\\/revista\\\/opinion\\\/enfoques-resiliencia-prosperidad-urbana\\\/\"},\"wordCount\":779,\"commentCount\":0,\"publisher\":{\"@id\":\"https:\\\/\\\/centrourbano.com\\\/revista\\\/#organization\"},\"image\":{\"@id\":\"https:\\\/\\\/centrourbano.com\\\/revista\\\/opinion\\\/enfoques-resiliencia-prosperidad-urbana\\\/#primaryimage\"},\"thumbnailUrl\":\"https:\\\/\\\/centrourbano.com\\\/revista\\\/wp-content\\\/uploads\\\/Penela-1.jpg\",\"keywords\":[\"Agenda Urbana\",\"Alfonso Luis Penela Quintanilla\",\"arquitecto\",\"arquitectura\",\"Ciudades resilientes\",\"prosperidad urbana\",\"Resiliencia\",\"Urbanismo\"],\"articleSection\":[\"Hablemos de Urbanismo\",\"Opini\u00f3n\",\"Urbanismo\"],\"inLanguage\":\"es\",\"potentialAction\":[{\"@type\":\"CommentAction\",\"name\":\"Comment\",\"target\":[\"https:\\\/\\\/centrourbano.com\\\/revista\\\/opinion\\\/enfoques-resiliencia-prosperidad-urbana\\\/#respond\"]}]},{\"@type\":\"WebPage\",\"@id\":\"https:\\\/\\\/centrourbano.com\\\/revista\\\/opinion\\\/enfoques-resiliencia-prosperidad-urbana\\\/\",\"url\":\"https:\\\/\\\/centrourbano.com\\\/revista\\\/opinion\\\/enfoques-resiliencia-prosperidad-urbana\\\/\",\"name\":\"Enfoques de resiliencia y prosperidad urbana -\",\"isPartOf\":{\"@id\":\"https:\\\/\\\/centrourbano.com\\\/revista\\\/#website\"},\"primaryImageOfPage\":{\"@id\":\"https:\\\/\\\/centrourbano.com\\\/revista\\\/opinion\\\/enfoques-resiliencia-prosperidad-urbana\\\/#primaryimage\"},\"image\":{\"@id\":\"https:\\\/\\\/centrourbano.com\\\/revista\\\/opinion\\\/enfoques-resiliencia-prosperidad-urbana\\\/#primaryimage\"},\"thumbnailUrl\":\"https:\\\/\\\/centrourbano.com\\\/revista\\\/wp-content\\\/uploads\\\/Penela-1.jpg\",\"datePublished\":\"2018-08-02T19:10:12+00:00\",\"dateModified\":\"2018-08-02T23:06:18+00:00\",\"description\":\"Por\u00a0Alfonso Luis Penela Quintanilla Una de las necesidades fundamentales del ser humano es el origen de la agrupaci\u00f3n social y por lo tanto de la ciudad.\u00a0\",\"breadcrumb\":{\"@id\":\"https:\\\/\\\/centrourbano.com\\\/revista\\\/opinion\\\/enfoques-resiliencia-prosperidad-urbana\\\/#breadcrumb\"},\"inLanguage\":\"es\",\"potentialAction\":[{\"@type\":\"ReadAction\",\"target\":[\"https:\\\/\\\/centrourbano.com\\\/revista\\\/opinion\\\/enfoques-resiliencia-prosperidad-urbana\\\/\"]}]},{\"@type\":\"ImageObject\",\"inLanguage\":\"es\",\"@id\":\"https:\\\/\\\/centrourbano.com\\\/revista\\\/opinion\\\/enfoques-resiliencia-prosperidad-urbana\\\/#primaryimage\",\"url\":\"https:\\\/\\\/centrourbano.com\\\/revista\\\/wp-content\\\/uploads\\\/Penela-1.jpg\",\"contentUrl\":\"https:\\\/\\\/centrourbano.com\\\/revista\\\/wp-content\\\/uploads\\\/Penela-1.jpg\",\"width\":2346,\"height\":1631,\"caption\":\"Los j\u00f3venes est\u00e1n inquietos y quieren participar, el Colegio debe ser un medio de incidencia, asegur\u00f3\"},{\"@type\":\"BreadcrumbList\",\"@id\":\"https:\\\/\\\/centrourbano.com\\\/revista\\\/opinion\\\/enfoques-resiliencia-prosperidad-urbana\\\/#breadcrumb\",\"itemListElement\":[{\"@type\":\"ListItem\",\"position\":1,\"name\":\"Portada\",\"item\":\"https:\\\/\\\/centrourbano.com\\\/revista\\\/\"},{\"@type\":\"ListItem\",\"position\":2,\"name\":\"Enfoques de resiliencia y prosperidad urbana\"}]},{\"@type\":\"WebSite\",\"@id\":\"https:\\\/\\\/centrourbano.com\\\/revista\\\/#website\",\"url\":\"https:\\\/\\\/centrourbano.com\\\/revista\\\/\",\"name\":\"Centro Urbano\",\"description\":\"Medio especializado en los sectores vivienda, inmobiliario, construcci\u00f3n, arquitectura y urbanismo.\",\"publisher\":{\"@id\":\"https:\\\/\\\/centrourbano.com\\\/revista\\\/#organization\"},\"potentialAction\":[{\"@type\":\"SearchAction\",\"target\":{\"@type\":\"EntryPoint\",\"urlTemplate\":\"https:\\\/\\\/centrourbano.com\\\/revista\\\/?s={search_term_string}\"},\"query-input\":{\"@type\":\"PropertyValueSpecification\",\"valueRequired\":true,\"valueName\":\"search_term_string\"}}],\"inLanguage\":\"es\"},{\"@type\":\"Organization\",\"@id\":\"https:\\\/\\\/centrourbano.com\\\/revista\\\/#organization\",\"name\":\"Centro Urbano\",\"url\":\"https:\\\/\\\/centrourbano.com\\\/revista\\\/\",\"logo\":{\"@type\":\"ImageObject\",\"inLanguage\":\"es\",\"@id\":\"https:\\\/\\\/centrourbano.com\\\/revista\\\/#\\\/schema\\\/logo\\\/image\\\/\",\"url\":\"https:\\\/\\\/centrourbano.com\\\/revista\\\/wp-content\\\/uploads\\\/web_CU_logo-1.png\",\"contentUrl\":\"https:\\\/\\\/centrourbano.com\\\/revista\\\/wp-content\\\/uploads\\\/web_CU_logo-1.png\",\"width\":350,\"height\":91,\"caption\":\"Centro Urbano\"},\"image\":{\"@id\":\"https:\\\/\\\/centrourbano.com\\\/revista\\\/#\\\/schema\\\/logo\\\/image\\\/\"},\"sameAs\":[\"https:\\\/\\\/www.facebook.com\\\/portalcentrourbano\",\"https:\\\/\\\/x.com\\\/CentroUrbano\",\"https:\\\/\\\/www.instagram.com\\\/centro_urbano\\\/\",\"https:\\\/\\\/www.linkedin.com\\\/company\\\/centro-urbano\\\/\",\"http:\\\/\\\/www.youtube.com\\\/user\\\/portalcentrourbano\"]},{\"@type\":\"Person\",\"@id\":\"https:\\\/\\\/centrourbano.com\\\/revista\\\/#\\\/schema\\\/person\\\/5259f06e282c59482812d0e9a84a6440\",\"name\":\"Redacci\u00f3n Centro Urbano\",\"image\":{\"@type\":\"ImageObject\",\"inLanguage\":\"es\",\"@id\":\"https:\\\/\\\/secure.gravatar.com\\\/avatar\\\/15a789f894398c0f311f3a7a2ee28032bbc0483098539da66b6a045aa810bf35?s=96&d=mm&r=g\",\"url\":\"https:\\\/\\\/secure.gravatar.com\\\/avatar\\\/15a789f894398c0f311f3a7a2ee28032bbc0483098539da66b6a045aa810bf35?s=96&d=mm&r=g\",\"contentUrl\":\"https:\\\/\\\/secure.gravatar.com\\\/avatar\\\/15a789f894398c0f311f3a7a2ee28032bbc0483098539da66b6a045aa810bf35?s=96&d=mm&r=g\",\"caption\":\"Redacci\u00f3n Centro Urbano\"},\"url\":\"https:\\\/\\\/centrourbano.com\\\/revista\\\/author\\\/editorial\\\/\"}]}<\/script>\n<!-- \/ Yoast SEO plugin. -->","yoast_head_json":{"title":"Enfoques de resiliencia y prosperidad urbana -","description":"Por\u00a0Alfonso Luis Penela Quintanilla Una de las necesidades fundamentales del ser humano es el origen de la agrupaci\u00f3n social y por lo tanto de la ciudad.\u00a0","robots":{"index":"index","follow":"follow","max-snippet":"max-snippet:-1","max-image-preview":"max-image-preview:large","max-video-preview":"max-video-preview:-1"},"canonical":"https:\/\/centrourbano.com\/revista\/opinion\/enfoques-resiliencia-prosperidad-urbana\/","og_locale":"es_ES","og_type":"article","og_title":"Enfoques de resiliencia y prosperidad urbana -","og_description":"Por\u00a0Alfonso Luis Penela Quintanilla Una de las necesidades fundamentales del ser humano es el origen de la agrupaci\u00f3n social y por lo tanto de la ciudad.\u00a0","og_url":"https:\/\/centrourbano.com\/revista\/opinion\/enfoques-resiliencia-prosperidad-urbana\/","og_site_name":"Centro Urbano","article_publisher":"https:\/\/www.facebook.com\/portalcentrourbano","article_published_time":"2018-08-02T19:10:12+00:00","article_modified_time":"2018-08-02T23:06:18+00:00","og_image":[{"width":2346,"height":1631,"url":"https:\/\/centrourbano.com\/revista\/wp-content\/uploads\/Penela-1.jpg","type":"image\/jpeg"}],"author":"Redacci\u00f3n Centro Urbano","twitter_card":"summary_large_image","twitter_creator":"@CentroUrbano","twitter_site":"@CentroUrbano","twitter_misc":{"Escrito por":"Redacci\u00f3n Centro Urbano","Tiempo de lectura":"4 minutos"},"schema":{"@context":"https:\/\/schema.org","@graph":[{"@type":"Article","@id":"https:\/\/centrourbano.com\/revista\/opinion\/enfoques-resiliencia-prosperidad-urbana\/#article","isPartOf":{"@id":"https:\/\/centrourbano.com\/revista\/opinion\/enfoques-resiliencia-prosperidad-urbana\/"},"author":{"name":"Redacci\u00f3n Centro Urbano","@id":"https:\/\/centrourbano.com\/revista\/#\/schema\/person\/5259f06e282c59482812d0e9a84a6440"},"headline":"Enfoques de resiliencia y prosperidad urbana","datePublished":"2018-08-02T19:10:12+00:00","dateModified":"2018-08-02T23:06:18+00:00","mainEntityOfPage":{"@id":"https:\/\/centrourbano.com\/revista\/opinion\/enfoques-resiliencia-prosperidad-urbana\/"},"wordCount":779,"commentCount":0,"publisher":{"@id":"https:\/\/centrourbano.com\/revista\/#organization"},"image":{"@id":"https:\/\/centrourbano.com\/revista\/opinion\/enfoques-resiliencia-prosperidad-urbana\/#primaryimage"},"thumbnailUrl":"https:\/\/centrourbano.com\/revista\/wp-content\/uploads\/Penela-1.jpg","keywords":["Agenda Urbana","Alfonso Luis Penela Quintanilla","arquitecto","arquitectura","Ciudades resilientes","prosperidad urbana","Resiliencia","Urbanismo"],"articleSection":["Hablemos de Urbanismo","Opini\u00f3n","Urbanismo"],"inLanguage":"es","potentialAction":[{"@type":"CommentAction","name":"Comment","target":["https:\/\/centrourbano.com\/revista\/opinion\/enfoques-resiliencia-prosperidad-urbana\/#respond"]}]},{"@type":"WebPage","@id":"https:\/\/centrourbano.com\/revista\/opinion\/enfoques-resiliencia-prosperidad-urbana\/","url":"https:\/\/centrourbano.com\/revista\/opinion\/enfoques-resiliencia-prosperidad-urbana\/","name":"Enfoques de resiliencia y prosperidad urbana -","isPartOf":{"@id":"https:\/\/centrourbano.com\/revista\/#website"},"primaryImageOfPage":{"@id":"https:\/\/centrourbano.com\/revista\/opinion\/enfoques-resiliencia-prosperidad-urbana\/#primaryimage"},"image":{"@id":"https:\/\/centrourbano.com\/revista\/opinion\/enfoques-resiliencia-prosperidad-urbana\/#primaryimage"},"thumbnailUrl":"https:\/\/centrourbano.com\/revista\/wp-content\/uploads\/Penela-1.jpg","datePublished":"2018-08-02T19:10:12+00:00","dateModified":"2018-08-02T23:06:18+00:00","description":"Por\u00a0Alfonso Luis Penela Quintanilla Una de las necesidades fundamentales del ser humano es el origen de la agrupaci\u00f3n social y por lo tanto de la ciudad.\u00a0","breadcrumb":{"@id":"https:\/\/centrourbano.com\/revista\/opinion\/enfoques-resiliencia-prosperidad-urbana\/#breadcrumb"},"inLanguage":"es","potentialAction":[{"@type":"ReadAction","target":["https:\/\/centrourbano.com\/revista\/opinion\/enfoques-resiliencia-prosperidad-urbana\/"]}]},{"@type":"ImageObject","inLanguage":"es","@id":"https:\/\/centrourbano.com\/revista\/opinion\/enfoques-resiliencia-prosperidad-urbana\/#primaryimage","url":"https:\/\/centrourbano.com\/revista\/wp-content\/uploads\/Penela-1.jpg","contentUrl":"https:\/\/centrourbano.com\/revista\/wp-content\/uploads\/Penela-1.jpg","width":2346,"height":1631,"caption":"Los j\u00f3venes est\u00e1n inquietos y quieren participar, el Colegio debe ser un medio de incidencia, asegur\u00f3"},{"@type":"BreadcrumbList","@id":"https:\/\/centrourbano.com\/revista\/opinion\/enfoques-resiliencia-prosperidad-urbana\/#breadcrumb","itemListElement":[{"@type":"ListItem","position":1,"name":"Portada","item":"https:\/\/centrourbano.com\/revista\/"},{"@type":"ListItem","position":2,"name":"Enfoques de resiliencia y prosperidad urbana"}]},{"@type":"WebSite","@id":"https:\/\/centrourbano.com\/revista\/#website","url":"https:\/\/centrourbano.com\/revista\/","name":"Centro Urbano","description":"Medio especializado en los sectores vivienda, inmobiliario, construcci\u00f3n, arquitectura y urbanismo.","publisher":{"@id":"https:\/\/centrourbano.com\/revista\/#organization"},"potentialAction":[{"@type":"SearchAction","target":{"@type":"EntryPoint","urlTemplate":"https:\/\/centrourbano.com\/revista\/?s={search_term_string}"},"query-input":{"@type":"PropertyValueSpecification","valueRequired":true,"valueName":"search_term_string"}}],"inLanguage":"es"},{"@type":"Organization","@id":"https:\/\/centrourbano.com\/revista\/#organization","name":"Centro Urbano","url":"https:\/\/centrourbano.com\/revista\/","logo":{"@type":"ImageObject","inLanguage":"es","@id":"https:\/\/centrourbano.com\/revista\/#\/schema\/logo\/image\/","url":"https:\/\/centrourbano.com\/revista\/wp-content\/uploads\/web_CU_logo-1.png","contentUrl":"https:\/\/centrourbano.com\/revista\/wp-content\/uploads\/web_CU_logo-1.png","width":350,"height":91,"caption":"Centro Urbano"},"image":{"@id":"https:\/\/centrourbano.com\/revista\/#\/schema\/logo\/image\/"},"sameAs":["https:\/\/www.facebook.com\/portalcentrourbano","https:\/\/x.com\/CentroUrbano","https:\/\/www.instagram.com\/centro_urbano\/","https:\/\/www.linkedin.com\/company\/centro-urbano\/","http:\/\/www.youtube.com\/user\/portalcentrourbano"]},{"@type":"Person","@id":"https:\/\/centrourbano.com\/revista\/#\/schema\/person\/5259f06e282c59482812d0e9a84a6440","name":"Redacci\u00f3n Centro Urbano","image":{"@type":"ImageObject","inLanguage":"es","@id":"https:\/\/secure.gravatar.com\/avatar\/15a789f894398c0f311f3a7a2ee28032bbc0483098539da66b6a045aa810bf35?s=96&d=mm&r=g","url":"https:\/\/secure.gravatar.com\/avatar\/15a789f894398c0f311f3a7a2ee28032bbc0483098539da66b6a045aa810bf35?s=96&d=mm&r=g","contentUrl":"https:\/\/secure.gravatar.com\/avatar\/15a789f894398c0f311f3a7a2ee28032bbc0483098539da66b6a045aa810bf35?s=96&d=mm&r=g","caption":"Redacci\u00f3n Centro Urbano"},"url":"https:\/\/centrourbano.com\/revista\/author\/editorial\/"}]}},"_links":{"self":[{"href":"https:\/\/centrourbano.com\/revista\/wp-json\/wp\/v2\/posts\/75607","targetHints":{"allow":["GET"]}}],"collection":[{"href":"https:\/\/centrourbano.com\/revista\/wp-json\/wp\/v2\/posts"}],"about":[{"href":"https:\/\/centrourbano.com\/revista\/wp-json\/wp\/v2\/types\/post"}],"author":[{"embeddable":true,"href":"https:\/\/centrourbano.com\/revista\/wp-json\/wp\/v2\/users\/14"}],"replies":[{"embeddable":true,"href":"https:\/\/centrourbano.com\/revista\/wp-json\/wp\/v2\/comments?post=75607"}],"version-history":[{"count":5,"href":"https:\/\/centrourbano.com\/revista\/wp-json\/wp\/v2\/posts\/75607\/revisions"}],"predecessor-version":[{"id":75657,"href":"https:\/\/centrourbano.com\/revista\/wp-json\/wp\/v2\/posts\/75607\/revisions\/75657"}],"wp:featuredmedia":[{"embeddable":true,"href":"https:\/\/centrourbano.com\/revista\/wp-json\/wp\/v2\/media\/70143"}],"wp:attachment":[{"href":"https:\/\/centrourbano.com\/revista\/wp-json\/wp\/v2\/media?parent=75607"}],"wp:term":[{"taxonomy":"category","embeddable":true,"href":"https:\/\/centrourbano.com\/revista\/wp-json\/wp\/v2\/categories?post=75607"},{"taxonomy":"post_tag","embeddable":true,"href":"https:\/\/centrourbano.com\/revista\/wp-json\/wp\/v2\/tags?post=75607"}],"curies":[{"name":"wp","href":"https:\/\/api.w.org\/{rel}","templated":true}]}}