{"id":7529,"date":"2014-06-06T17:59:19","date_gmt":"2014-06-06T22:59:19","guid":{"rendered":"http:\/\/centrourbano.com\/?p=7529"},"modified":"2014-06-06T19:13:04","modified_gmt":"2014-06-07T00:13:04","slug":"ricoh-estrenara-oficinas-con-adn-100-verde","status":"publish","type":"post","link":"https:\/\/centrourbano.com\/revista\/arquitectura-2\/ricoh-estrenara-oficinas-con-adn-100-verde\/","title":{"rendered":"Ricoh estrenar\u00e1 oficinas con \u201cADN 100% Verde\u201d"},"content":{"rendered":"<p>&nbsp;<\/p>\n<p><em>Las oficinas de Ricoh M\u00e9xico fueron dise\u00f1adas por la empresa Arquitectura Biosustentable<\/em><!--more--><\/p>\n<p>La empresa Ricoh cuenta con nuevas oficinas que cumplen con los m\u00e1ximos est\u00e1ndares para protecci\u00f3n del medio ambiente en cuestiones de reciclaje, control de residuos y reducci\u00f3n de la huella de carbono, lo que mejora el entorno y calidad de vida de los trabajadores.<\/p>\n<p>Arquitectura Biosustentable M\u00e9xico, es el despacho encargado del proyecto, mismo que fue acreedor al Premio Nacional de Cooperaci\u00f3n Ambiental, y que tiene un dise\u00f1o arquitect\u00f3nico amplio, que autodenominaron \u201ccon ADN 100% Verde\u201d, con ingreso de luz natural en 80% del tiempo laboral y una agradable vista al exterior.<\/p>\n<p>La iluminaci\u00f3n es de bajo consumo de energ\u00eda y no genera calor, \u00a0optimizando, as\u00ed, la productividad en el trabajo. Adem\u00e1s, tambi\u00e9n se dise\u00f1o un sistema de captaci\u00f3n de aguas y mobiliario sanitario ahorrador.<\/p>\n<p>Para evitar el desecho de muchos residuos, se opt\u00f3 por conservar la alfombra y el mobiliario que se ten\u00edan antes y en caso de ser nuevos materiales, se pens\u00f3 en que fueran provenientes del reciclaje.<\/p>\n<p>Las nuevas instalaciones, ubicadas en la colonia Reforma Social del Distrito Federal, se deben a la llegada de m\u00e1s personal en la sucursal de M\u00e9xico, debido a un aumento del 13% en las ganancias durante el a\u00f1o 2013, aunque por el momento no buscar\u00e1n tener m\u00e1s oficinas en el pa\u00eds.<\/p>\n<p>Ricoh es una empresa tecnol\u00f3gica global especializada en equipos de impresi\u00f3n de oficina y dedicar\u00e1 el mes de junio a la ecolog\u00eda con el lema: \u201cMes de la Acci\u00f3n Ecol\u00f3gica Global de Ricoh\u201d, con el objetivo de fomentar la participaci\u00f3n en las actividades de conservaci\u00f3n medioambiental.<\/p>\n<p>Entre sus actividades, apag\u00f3 las luces de letreros luminosos con el logo de la compa\u00f1\u00eda alrededor del mundo; con excepci\u00f3n de los letreros con energ\u00eda solar y e\u00f3lica de Nueva York, Londres y Sidney.<\/p>\n","protected":false},"excerpt":{"rendered":"<p>&nbsp; Las oficinas de Ricoh M\u00e9xico fueron dise\u00f1adas por la empresa Arquitectura Biosustentable<\/p>\n","protected":false},"author":18,"featured_media":0,"comment_status":"open","ping_status":"closed","sticky":false,"template":"","format":"standard","meta":{"om_disable_all_campaigns":false,"inline_featured_image":false,"_monsterinsights_skip_tracking":false,"_monsterinsights_sitenote_active":false,"_monsterinsights_sitenote_note":"","_monsterinsights_sitenote_category":0,"footnotes":""},"categories":[81],"tags":[20,1721,1722],"class_list":["post-7529","post","type-post","status-publish","format-standard","hentry","category-arquitectura-2","tag-arquitectura","tag-ricoh","tag-ricoh-mexico"],"yoast_head":"<!-- This site is optimized with the Yoast SEO plugin v27.5 - https:\/\/yoast.com\/product\/yoast-seo-wordpress\/ -->\n<title>Ricoh estrenar\u00e1 oficinas con \u201cADN 100% Verde\u201d -<\/title>\n<meta name=\"description\" content=\"&nbsp; Las oficinas de Ricoh M\u00e9xico fueron dise\u00f1adas por la empresa Arquitectura Biosustentable La empresa Ricoh cuenta con nuevas oficinas que cumplen\" \/>\n<meta name=\"robots\" content=\"index, follow, max-snippet:-1, max-image-preview:large, max-video-preview:-1\" \/>\n<link rel=\"canonical\" href=\"https:\/\/centrourbano.com\/revista\/arquitectura-2\/ricoh-estrenara-oficinas-con-adn-100-verde\/\" \/>\n<meta property=\"og:locale\" content=\"es_ES\" \/>\n<meta property=\"og:type\" content=\"article\" \/>\n<meta property=\"og:title\" content=\"Ricoh estrenar\u00e1 oficinas con \u201cADN 100% Verde\u201d -\" \/>\n<meta property=\"og:description\" content=\"&nbsp; Las oficinas de Ricoh M\u00e9xico fueron dise\u00f1adas por la empresa Arquitectura Biosustentable La empresa Ricoh cuenta con nuevas oficinas que cumplen\" \/>\n<meta property=\"og:url\" content=\"https:\/\/centrourbano.com\/revista\/arquitectura-2\/ricoh-estrenara-oficinas-con-adn-100-verde\/\" \/>\n<meta property=\"og:site_name\" content=\"Centro Urbano\" \/>\n<meta property=\"article:publisher\" content=\"https:\/\/www.facebook.com\/portalcentrourbano\" \/>\n<meta property=\"article:published_time\" content=\"2014-06-06T22:59:19+00:00\" \/>\n<meta property=\"article:modified_time\" content=\"2014-06-07T00:13:04+00:00\" \/>\n<meta property=\"og:image\" content=\"https:\/\/centrourbano.com\/revista\/wp-content\/uploads\/CU-logo.png\" \/>\n\t<meta property=\"og:image:width\" content=\"350\" \/>\n\t<meta property=\"og:image:height\" content=\"91\" \/>\n\t<meta property=\"og:image:type\" content=\"image\/png\" \/>\n<meta name=\"author\" content=\"Carlos Garc\u00eda\" \/>\n<meta name=\"twitter:card\" content=\"summary_large_image\" \/>\n<meta name=\"twitter:creator\" content=\"@CentroUrbano\" \/>\n<meta name=\"twitter:site\" content=\"@CentroUrbano\" \/>\n<meta name=\"twitter:label1\" content=\"Escrito por\" \/>\n\t<meta name=\"twitter:data1\" content=\"Carlos Garc\u00eda\" \/>\n\t<meta name=\"twitter:label2\" content=\"Tiempo de lectura\" \/>\n\t<meta name=\"twitter:data2\" content=\"2 minutos\" \/>\n<script type=\"application\/ld+json\" class=\"yoast-schema-graph\">{\"@context\":\"https:\\\/\\\/schema.org\",\"@graph\":[{\"@type\":\"Article\",\"@id\":\"https:\\\/\\\/centrourbano.com\\\/revista\\\/arquitectura-2\\\/ricoh-estrenara-oficinas-con-adn-100-verde\\\/#article\",\"isPartOf\":{\"@id\":\"https:\\\/\\\/centrourbano.com\\\/revista\\\/arquitectura-2\\\/ricoh-estrenara-oficinas-con-adn-100-verde\\\/\"},\"author\":{\"name\":\"Carlos Garc\u00eda\",\"@id\":\"https:\\\/\\\/centrourbano.com\\\/revista\\\/#\\\/schema\\\/person\\\/322070a608d18fb36615504ad25d0d82\"},\"headline\":\"Ricoh estrenar\u00e1 oficinas con \u201cADN 100% Verde\u201d\",\"datePublished\":\"2014-06-06T22:59:19+00:00\",\"dateModified\":\"2014-06-07T00:13:04+00:00\",\"mainEntityOfPage\":{\"@id\":\"https:\\\/\\\/centrourbano.com\\\/revista\\\/arquitectura-2\\\/ricoh-estrenara-oficinas-con-adn-100-verde\\\/\"},\"wordCount\":339,\"commentCount\":0,\"publisher\":{\"@id\":\"https:\\\/\\\/centrourbano.com\\\/revista\\\/#organization\"},\"keywords\":[\"arquitectura\",\"Ricoh\",\"Ricoh Mexico\"],\"articleSection\":[\"Arquitectura\"],\"inLanguage\":\"es\",\"potentialAction\":[{\"@type\":\"CommentAction\",\"name\":\"Comment\",\"target\":[\"https:\\\/\\\/centrourbano.com\\\/revista\\\/arquitectura-2\\\/ricoh-estrenara-oficinas-con-adn-100-verde\\\/#respond\"]}]},{\"@type\":\"WebPage\",\"@id\":\"https:\\\/\\\/centrourbano.com\\\/revista\\\/arquitectura-2\\\/ricoh-estrenara-oficinas-con-adn-100-verde\\\/\",\"url\":\"https:\\\/\\\/centrourbano.com\\\/revista\\\/arquitectura-2\\\/ricoh-estrenara-oficinas-con-adn-100-verde\\\/\",\"name\":\"Ricoh estrenar\u00e1 oficinas con \u201cADN 100% Verde\u201d -\",\"isPartOf\":{\"@id\":\"https:\\\/\\\/centrourbano.com\\\/revista\\\/#website\"},\"datePublished\":\"2014-06-06T22:59:19+00:00\",\"dateModified\":\"2014-06-07T00:13:04+00:00\",\"description\":\"&nbsp; Las oficinas de Ricoh M\u00e9xico fueron dise\u00f1adas por la empresa Arquitectura Biosustentable La empresa Ricoh cuenta con nuevas oficinas que cumplen\",\"breadcrumb\":{\"@id\":\"https:\\\/\\\/centrourbano.com\\\/revista\\\/arquitectura-2\\\/ricoh-estrenara-oficinas-con-adn-100-verde\\\/#breadcrumb\"},\"inLanguage\":\"es\",\"potentialAction\":[{\"@type\":\"ReadAction\",\"target\":[\"https:\\\/\\\/centrourbano.com\\\/revista\\\/arquitectura-2\\\/ricoh-estrenara-oficinas-con-adn-100-verde\\\/\"]}]},{\"@type\":\"BreadcrumbList\",\"@id\":\"https:\\\/\\\/centrourbano.com\\\/revista\\\/arquitectura-2\\\/ricoh-estrenara-oficinas-con-adn-100-verde\\\/#breadcrumb\",\"itemListElement\":[{\"@type\":\"ListItem\",\"position\":1,\"name\":\"Portada\",\"item\":\"https:\\\/\\\/centrourbano.com\\\/revista\\\/\"},{\"@type\":\"ListItem\",\"position\":2,\"name\":\"Ricoh estrenar\u00e1 oficinas con \u201cADN 100% Verde\u201d\"}]},{\"@type\":\"WebSite\",\"@id\":\"https:\\\/\\\/centrourbano.com\\\/revista\\\/#website\",\"url\":\"https:\\\/\\\/centrourbano.com\\\/revista\\\/\",\"name\":\"Centro Urbano\",\"description\":\"Medio especializado en los sectores vivienda, inmobiliario, construcci\u00f3n, arquitectura y urbanismo.\",\"publisher\":{\"@id\":\"https:\\\/\\\/centrourbano.com\\\/revista\\\/#organization\"},\"potentialAction\":[{\"@type\":\"SearchAction\",\"target\":{\"@type\":\"EntryPoint\",\"urlTemplate\":\"https:\\\/\\\/centrourbano.com\\\/revista\\\/?s={search_term_string}\"},\"query-input\":{\"@type\":\"PropertyValueSpecification\",\"valueRequired\":true,\"valueName\":\"search_term_string\"}}],\"inLanguage\":\"es\"},{\"@type\":\"Organization\",\"@id\":\"https:\\\/\\\/centrourbano.com\\\/revista\\\/#organization\",\"name\":\"Centro Urbano\",\"url\":\"https:\\\/\\\/centrourbano.com\\\/revista\\\/\",\"logo\":{\"@type\":\"ImageObject\",\"inLanguage\":\"es\",\"@id\":\"https:\\\/\\\/centrourbano.com\\\/revista\\\/#\\\/schema\\\/logo\\\/image\\\/\",\"url\":\"https:\\\/\\\/centrourbano.com\\\/revista\\\/wp-content\\\/uploads\\\/web_CU_logo-1.png\",\"contentUrl\":\"https:\\\/\\\/centrourbano.com\\\/revista\\\/wp-content\\\/uploads\\\/web_CU_logo-1.png\",\"width\":350,\"height\":91,\"caption\":\"Centro Urbano\"},\"image\":{\"@id\":\"https:\\\/\\\/centrourbano.com\\\/revista\\\/#\\\/schema\\\/logo\\\/image\\\/\"},\"sameAs\":[\"https:\\\/\\\/www.facebook.com\\\/portalcentrourbano\",\"https:\\\/\\\/x.com\\\/CentroUrbano\",\"https:\\\/\\\/www.instagram.com\\\/centro_urbano\\\/\",\"https:\\\/\\\/www.linkedin.com\\\/company\\\/centro-urbano\\\/\",\"http:\\\/\\\/www.youtube.com\\\/user\\\/portalcentrourbano\"]},{\"@type\":\"Person\",\"@id\":\"https:\\\/\\\/centrourbano.com\\\/revista\\\/#\\\/schema\\\/person\\\/322070a608d18fb36615504ad25d0d82\",\"name\":\"Carlos Garc\u00eda\",\"image\":{\"@type\":\"ImageObject\",\"inLanguage\":\"es\",\"@id\":\"https:\\\/\\\/secure.gravatar.com\\\/avatar\\\/ad33530f6be00b0762054ba3ddee6e4b9824204d9c8315794c64a7f5841e5add?s=96&d=mm&r=g\",\"url\":\"https:\\\/\\\/secure.gravatar.com\\\/avatar\\\/ad33530f6be00b0762054ba3ddee6e4b9824204d9c8315794c64a7f5841e5add?s=96&d=mm&r=g\",\"contentUrl\":\"https:\\\/\\\/secure.gravatar.com\\\/avatar\\\/ad33530f6be00b0762054ba3ddee6e4b9824204d9c8315794c64a7f5841e5add?s=96&d=mm&r=g\",\"caption\":\"Carlos Garc\u00eda\"},\"description\":\"Egresado de la carrera de Ciencias de la Comunicaci\u00f3n con diplomado de Periodismo Deportivo. Se ha desempe\u00f1ado como reportero y redactor de deportes, como en otras \u00e1reas. Actualmente trabaja en Centro Urbano. Amante del cine, los Beatles, futbol, lucha libre y los viajes.\",\"url\":\"https:\\\/\\\/centrourbano.com\\\/revista\\\/author\\\/carlos-garcia\\\/\"}]}<\/script>\n<!-- \/ Yoast SEO plugin. -->","yoast_head_json":{"title":"Ricoh estrenar\u00e1 oficinas con \u201cADN 100% Verde\u201d -","description":"&nbsp; Las oficinas de Ricoh M\u00e9xico fueron dise\u00f1adas por la empresa Arquitectura Biosustentable La empresa Ricoh cuenta con nuevas oficinas que cumplen","robots":{"index":"index","follow":"follow","max-snippet":"max-snippet:-1","max-image-preview":"max-image-preview:large","max-video-preview":"max-video-preview:-1"},"canonical":"https:\/\/centrourbano.com\/revista\/arquitectura-2\/ricoh-estrenara-oficinas-con-adn-100-verde\/","og_locale":"es_ES","og_type":"article","og_title":"Ricoh estrenar\u00e1 oficinas con \u201cADN 100% Verde\u201d -","og_description":"&nbsp; Las oficinas de Ricoh M\u00e9xico fueron dise\u00f1adas por la empresa Arquitectura Biosustentable La empresa Ricoh cuenta con nuevas oficinas que cumplen","og_url":"https:\/\/centrourbano.com\/revista\/arquitectura-2\/ricoh-estrenara-oficinas-con-adn-100-verde\/","og_site_name":"Centro Urbano","article_publisher":"https:\/\/www.facebook.com\/portalcentrourbano","article_published_time":"2014-06-06T22:59:19+00:00","article_modified_time":"2014-06-07T00:13:04+00:00","og_image":[{"width":350,"height":91,"url":"https:\/\/centrourbano.com\/revista\/wp-content\/uploads\/CU-logo.png","type":"image\/png"}],"author":"Carlos Garc\u00eda","twitter_card":"summary_large_image","twitter_creator":"@CentroUrbano","twitter_site":"@CentroUrbano","twitter_misc":{"Escrito por":"Carlos Garc\u00eda","Tiempo de lectura":"2 minutos"},"schema":{"@context":"https:\/\/schema.org","@graph":[{"@type":"Article","@id":"https:\/\/centrourbano.com\/revista\/arquitectura-2\/ricoh-estrenara-oficinas-con-adn-100-verde\/#article","isPartOf":{"@id":"https:\/\/centrourbano.com\/revista\/arquitectura-2\/ricoh-estrenara-oficinas-con-adn-100-verde\/"},"author":{"name":"Carlos Garc\u00eda","@id":"https:\/\/centrourbano.com\/revista\/#\/schema\/person\/322070a608d18fb36615504ad25d0d82"},"headline":"Ricoh estrenar\u00e1 oficinas con \u201cADN 100% Verde\u201d","datePublished":"2014-06-06T22:59:19+00:00","dateModified":"2014-06-07T00:13:04+00:00","mainEntityOfPage":{"@id":"https:\/\/centrourbano.com\/revista\/arquitectura-2\/ricoh-estrenara-oficinas-con-adn-100-verde\/"},"wordCount":339,"commentCount":0,"publisher":{"@id":"https:\/\/centrourbano.com\/revista\/#organization"},"keywords":["arquitectura","Ricoh","Ricoh Mexico"],"articleSection":["Arquitectura"],"inLanguage":"es","potentialAction":[{"@type":"CommentAction","name":"Comment","target":["https:\/\/centrourbano.com\/revista\/arquitectura-2\/ricoh-estrenara-oficinas-con-adn-100-verde\/#respond"]}]},{"@type":"WebPage","@id":"https:\/\/centrourbano.com\/revista\/arquitectura-2\/ricoh-estrenara-oficinas-con-adn-100-verde\/","url":"https:\/\/centrourbano.com\/revista\/arquitectura-2\/ricoh-estrenara-oficinas-con-adn-100-verde\/","name":"Ricoh estrenar\u00e1 oficinas con \u201cADN 100% Verde\u201d -","isPartOf":{"@id":"https:\/\/centrourbano.com\/revista\/#website"},"datePublished":"2014-06-06T22:59:19+00:00","dateModified":"2014-06-07T00:13:04+00:00","description":"&nbsp; Las oficinas de Ricoh M\u00e9xico fueron dise\u00f1adas por la empresa Arquitectura Biosustentable La empresa Ricoh cuenta con nuevas oficinas que cumplen","breadcrumb":{"@id":"https:\/\/centrourbano.com\/revista\/arquitectura-2\/ricoh-estrenara-oficinas-con-adn-100-verde\/#breadcrumb"},"inLanguage":"es","potentialAction":[{"@type":"ReadAction","target":["https:\/\/centrourbano.com\/revista\/arquitectura-2\/ricoh-estrenara-oficinas-con-adn-100-verde\/"]}]},{"@type":"BreadcrumbList","@id":"https:\/\/centrourbano.com\/revista\/arquitectura-2\/ricoh-estrenara-oficinas-con-adn-100-verde\/#breadcrumb","itemListElement":[{"@type":"ListItem","position":1,"name":"Portada","item":"https:\/\/centrourbano.com\/revista\/"},{"@type":"ListItem","position":2,"name":"Ricoh estrenar\u00e1 oficinas con \u201cADN 100% Verde\u201d"}]},{"@type":"WebSite","@id":"https:\/\/centrourbano.com\/revista\/#website","url":"https:\/\/centrourbano.com\/revista\/","name":"Centro Urbano","description":"Medio especializado en los sectores vivienda, inmobiliario, construcci\u00f3n, arquitectura y urbanismo.","publisher":{"@id":"https:\/\/centrourbano.com\/revista\/#organization"},"potentialAction":[{"@type":"SearchAction","target":{"@type":"EntryPoint","urlTemplate":"https:\/\/centrourbano.com\/revista\/?s={search_term_string}"},"query-input":{"@type":"PropertyValueSpecification","valueRequired":true,"valueName":"search_term_string"}}],"inLanguage":"es"},{"@type":"Organization","@id":"https:\/\/centrourbano.com\/revista\/#organization","name":"Centro Urbano","url":"https:\/\/centrourbano.com\/revista\/","logo":{"@type":"ImageObject","inLanguage":"es","@id":"https:\/\/centrourbano.com\/revista\/#\/schema\/logo\/image\/","url":"https:\/\/centrourbano.com\/revista\/wp-content\/uploads\/web_CU_logo-1.png","contentUrl":"https:\/\/centrourbano.com\/revista\/wp-content\/uploads\/web_CU_logo-1.png","width":350,"height":91,"caption":"Centro Urbano"},"image":{"@id":"https:\/\/centrourbano.com\/revista\/#\/schema\/logo\/image\/"},"sameAs":["https:\/\/www.facebook.com\/portalcentrourbano","https:\/\/x.com\/CentroUrbano","https:\/\/www.instagram.com\/centro_urbano\/","https:\/\/www.linkedin.com\/company\/centro-urbano\/","http:\/\/www.youtube.com\/user\/portalcentrourbano"]},{"@type":"Person","@id":"https:\/\/centrourbano.com\/revista\/#\/schema\/person\/322070a608d18fb36615504ad25d0d82","name":"Carlos Garc\u00eda","image":{"@type":"ImageObject","inLanguage":"es","@id":"https:\/\/secure.gravatar.com\/avatar\/ad33530f6be00b0762054ba3ddee6e4b9824204d9c8315794c64a7f5841e5add?s=96&d=mm&r=g","url":"https:\/\/secure.gravatar.com\/avatar\/ad33530f6be00b0762054ba3ddee6e4b9824204d9c8315794c64a7f5841e5add?s=96&d=mm&r=g","contentUrl":"https:\/\/secure.gravatar.com\/avatar\/ad33530f6be00b0762054ba3ddee6e4b9824204d9c8315794c64a7f5841e5add?s=96&d=mm&r=g","caption":"Carlos Garc\u00eda"},"description":"Egresado de la carrera de Ciencias de la Comunicaci\u00f3n con diplomado de Periodismo Deportivo. Se ha desempe\u00f1ado como reportero y redactor de deportes, como en otras \u00e1reas. Actualmente trabaja en Centro Urbano. Amante del cine, los Beatles, futbol, lucha libre y los viajes.","url":"https:\/\/centrourbano.com\/revista\/author\/carlos-garcia\/"}]}},"_links":{"self":[{"href":"https:\/\/centrourbano.com\/revista\/wp-json\/wp\/v2\/posts\/7529","targetHints":{"allow":["GET"]}}],"collection":[{"href":"https:\/\/centrourbano.com\/revista\/wp-json\/wp\/v2\/posts"}],"about":[{"href":"https:\/\/centrourbano.com\/revista\/wp-json\/wp\/v2\/types\/post"}],"author":[{"embeddable":true,"href":"https:\/\/centrourbano.com\/revista\/wp-json\/wp\/v2\/users\/18"}],"replies":[{"embeddable":true,"href":"https:\/\/centrourbano.com\/revista\/wp-json\/wp\/v2\/comments?post=7529"}],"version-history":[{"count":0,"href":"https:\/\/centrourbano.com\/revista\/wp-json\/wp\/v2\/posts\/7529\/revisions"}],"wp:attachment":[{"href":"https:\/\/centrourbano.com\/revista\/wp-json\/wp\/v2\/media?parent=7529"}],"wp:term":[{"taxonomy":"category","embeddable":true,"href":"https:\/\/centrourbano.com\/revista\/wp-json\/wp\/v2\/categories?post=7529"},{"taxonomy":"post_tag","embeddable":true,"href":"https:\/\/centrourbano.com\/revista\/wp-json\/wp\/v2\/tags?post=7529"}],"curies":[{"name":"wp","href":"https:\/\/api.w.org\/{rel}","templated":true}]}}