{"id":74813,"date":"2018-07-20T16:16:09","date_gmt":"2018-07-20T21:16:09","guid":{"rendered":"https:\/\/centrourbano.com\/?p=74813"},"modified":"2018-07-23T16:22:18","modified_gmt":"2018-07-23T21:22:18","slug":"crear-comunidad-valor-agregado-vinte","status":"publish","type":"post","link":"https:\/\/centrourbano.com\/revista\/vivienda\/crear-comunidad-valor-agregado-vinte\/","title":{"rendered":"Crear comunidad, valor agregado de Vinte"},"content":{"rendered":"<p><em>Este factor ha llevado a la empresa a ser reconocida en todo el mundo, adem\u00e1s de incrementar la plusval\u00eda de las viviendas <\/em><!--more--><\/p>\n<p>La premisa de ofrecer viviendas bajo un <strong>concepto integral<\/strong>, que contempla ubicaci\u00f3n, dise\u00f1o, equipamiento y un servicio postventa robusto, ha sido uno de los valores agregados de la desarrolladora <a href=\"http:\/\/www.vinte.com\/\" target=\"_blank\" rel=\"noopener noreferrer\">Vinte<\/a>. Esta caracter\u00edstica ha permitido a la empresa diferenciarse en el mercado, as\u00ed como otorgar a sus clientes un producto que aumenta su valor en el tiempo.<\/p>\n<p>De acuerdo con datos, las viviendas que oferta la empresa que dirige Sergio Leal han logrado una tendencia en el incremento de su valor. De esta forma, la plusval\u00eda de las viviendas\u00a0se mantiene entre 5%\u00a0 y 9.3% anual, por lo menos desde 2004.<\/p>\n<p>\u201cUna de las claves de nuestro negocio es el compromiso de desarrollar un concepto de comunidades integrales que permitan a sus habitantes disfrutar de una mejor calidad. La Compa\u00f1\u00eda estima que alrededor de 50% de sus ventas se generan a partir de recomendaciones de un cliente, con lo que se reduce, adem\u00e1s los costos de promoci\u00f3n\u201d, se\u00f1al\u00f3 Leal.<\/p>\n<a href=\"https:\/\/centrourbano.com\/revista\/wp-content\/uploads\/Vinte-Comunidad.jpg\"><img loading=\"lazy\" decoding=\"async\" class=\"size-medium wp-image-74819 alignright\" src=\"https:\/\/centrourbano.com\/revista\/wp-content\/uploads\/Vinte-Comunidad-300x174.jpg\" alt=\"\" width=\"300\" height=\"174\" srcset=\"https:\/\/centrourbano.com\/revista\/wp-content\/uploads\/Vinte-Comunidad-300x174.jpg 300w, https:\/\/centrourbano.com\/revista\/wp-content\/uploads\/Vinte-Comunidad-768x444.jpg 768w, https:\/\/centrourbano.com\/revista\/wp-content\/uploads\/Vinte-Comunidad-1024x592.jpg 1024w, https:\/\/centrourbano.com\/revista\/wp-content\/uploads\/Vinte-Comunidad-240x140.jpg 240w, https:\/\/centrourbano.com\/revista\/wp-content\/uploads\/Vinte-Comunidad.jpg 1371w\" sizes=\"auto, (max-width: 300px) 100vw, 300px\" \/><\/a>\n<p>A decir de la empresa, el ofrecer dise\u00f1os integrales, equipamiento y amenidades superiores a las del mercado, as\u00ed como un servicio postventa enfocado al desarrollo de vida en comunidad, han sido una de las principales caracter\u00edsticas que distinguen a la firma.<\/p>\n<p>De manera particular, la promoci\u00f3n de la <strong>vida en comunidad<\/strong> se ha convertido en el distintivo de mayor arraigo de la firma. Esta l\u00ednea de acci\u00f3n, con la que la empresa contempla asesor\u00eda a los due\u00f1os de la vivienda para mantener el valor de las viviendas, adem\u00e1s de controlar los procesos de urbanizaci\u00f3n en los fraccionamientos, es uno de los elementos principales elementos que aumentan el valor de los proyectos.<\/p>\n<p>\u201cEste servicio lo implementa la compa\u00f1\u00eda en todas sus plazas y tiene el objetivo de mantener la calidad de vida y el sentimiento de comunidad dentro del desarrollo, al integrar par\u00e1metros de conservaci\u00f3n de la imagen de viviendas, integraci\u00f3n social y desarrollo comunitario.<\/p>\n<p>\u201cAdicionalmente, Vinte ha asumido el compromiso de entregar la vivienda, dar una introducci\u00f3n al cliente y controlar la calidad de la urbanizaci\u00f3n. Este es un factor clave para lograr la plusval\u00eda y mantener la estrategia de precios\u201d, detall\u00f3 el director de la empresa.<\/p>\n<p>Cabe se\u00f1alar que la implementaci\u00f3n de este modelo ha permitido a Vinte ser reconocido en el mundo. Gracias a la puesta en marcha de este concepto de vivienda en comunidad, la empresa ha ganado ocho <strong>premios <\/strong>en M\u00e9xico, dos regionales y cuatro internacionales, que incluye el G20 Challenge On Inclusive Business Leader Award en Jap\u00f3n.<\/p>\n","protected":false},"excerpt":{"rendered":"<p>Este factor ha llevado a la empresa a ser reconocida en todo el mundo, adem\u00e1s de incrementar la plusval\u00eda de las viviendas<\/p>\n","protected":false},"author":47,"featured_media":24696,"comment_status":"open","ping_status":"closed","sticky":false,"template":"","format":"standard","meta":{"om_disable_all_campaigns":false,"inline_featured_image":false,"_monsterinsights_skip_tracking":false,"_monsterinsights_sitenote_active":false,"_monsterinsights_sitenote_note":"","_monsterinsights_sitenote_category":0,"footnotes":""},"categories":[12],"tags":[6899,3842,6789,373,60],"class_list":["post-74813","post","type-post","status-publish","format-standard","has-post-thumbnail","hentry","category-vivienda","tag-comunidad","tag-comunidad-integral","tag-sergio-leal-aguirre","tag-vinte","tag-vivienda-2"],"yoast_head":"<!-- This site is optimized with the Yoast SEO plugin v27.5 - https:\/\/yoast.com\/product\/yoast-seo-wordpress\/ -->\n<title>Crear comunidad, valor agregado que ofrece Vinte<\/title>\n<meta name=\"description\" content=\"Este factor ha llevado a la empresa a ser reconocida en todo el mundo, adem\u00e1s de incrementar la plusval\u00eda de las viviendas\" \/>\n<meta name=\"robots\" content=\"index, follow, max-snippet:-1, max-image-preview:large, max-video-preview:-1\" \/>\n<link rel=\"canonical\" href=\"https:\/\/centrourbano.com\/revista\/vivienda\/crear-comunidad-valor-agregado-vinte\/\" \/>\n<meta property=\"og:locale\" content=\"es_ES\" \/>\n<meta property=\"og:type\" content=\"article\" \/>\n<meta property=\"og:title\" content=\"Crear comunidad, valor agregado que ofrece Vinte\" \/>\n<meta property=\"og:description\" content=\"Este factor ha llevado a la empresa a ser reconocida en todo el mundo, adem\u00e1s de incrementar la plusval\u00eda de las viviendas\" \/>\n<meta property=\"og:url\" content=\"https:\/\/centrourbano.com\/revista\/vivienda\/crear-comunidad-valor-agregado-vinte\/\" \/>\n<meta property=\"og:site_name\" content=\"Centro Urbano\" \/>\n<meta property=\"article:publisher\" content=\"https:\/\/www.facebook.com\/portalcentrourbano\" \/>\n<meta property=\"article:published_time\" content=\"2018-07-20T21:16:09+00:00\" \/>\n<meta property=\"article:modified_time\" content=\"2018-07-23T21:22:18+00:00\" \/>\n<meta property=\"og:image\" content=\"https:\/\/centrourbano.com\/revista\/wp-content\/uploads\/Casas-Vinte-2.jpg\" \/>\n\t<meta property=\"og:image:width\" content=\"640\" \/>\n\t<meta property=\"og:image:height\" content=\"425\" \/>\n\t<meta property=\"og:image:type\" content=\"image\/jpeg\" \/>\n<meta name=\"author\" content=\"Edgar Rosas\" \/>\n<meta name=\"twitter:card\" content=\"summary_large_image\" \/>\n<meta name=\"twitter:creator\" content=\"@https:\/\/twitter.com\/ERosasCU?s=09\" \/>\n<meta name=\"twitter:site\" content=\"@CentroUrbano\" \/>\n<meta name=\"twitter:label1\" content=\"Escrito por\" \/>\n\t<meta name=\"twitter:data1\" content=\"Edgar Rosas\" \/>\n\t<meta name=\"twitter:label2\" content=\"Tiempo de lectura\" \/>\n\t<meta name=\"twitter:data2\" content=\"2 minutos\" \/>\n<script type=\"application\/ld+json\" class=\"yoast-schema-graph\">{\"@context\":\"https:\\\/\\\/schema.org\",\"@graph\":[{\"@type\":\"Article\",\"@id\":\"https:\\\/\\\/centrourbano.com\\\/revista\\\/vivienda\\\/crear-comunidad-valor-agregado-vinte\\\/#article\",\"isPartOf\":{\"@id\":\"https:\\\/\\\/centrourbano.com\\\/revista\\\/vivienda\\\/crear-comunidad-valor-agregado-vinte\\\/\"},\"author\":{\"name\":\"Edgar Rosas\",\"@id\":\"https:\\\/\\\/centrourbano.com\\\/revista\\\/#\\\/schema\\\/person\\\/ff3c00651ce5b1630479d2cd0c2e3ac0\"},\"headline\":\"Crear comunidad, valor agregado de Vinte\",\"datePublished\":\"2018-07-20T21:16:09+00:00\",\"dateModified\":\"2018-07-23T21:22:18+00:00\",\"mainEntityOfPage\":{\"@id\":\"https:\\\/\\\/centrourbano.com\\\/revista\\\/vivienda\\\/crear-comunidad-valor-agregado-vinte\\\/\"},\"wordCount\":464,\"commentCount\":0,\"publisher\":{\"@id\":\"https:\\\/\\\/centrourbano.com\\\/revista\\\/#organization\"},\"image\":{\"@id\":\"https:\\\/\\\/centrourbano.com\\\/revista\\\/vivienda\\\/crear-comunidad-valor-agregado-vinte\\\/#primaryimage\"},\"thumbnailUrl\":\"https:\\\/\\\/centrourbano.com\\\/revista\\\/wp-content\\\/uploads\\\/Casas-Vinte-2.jpg\",\"keywords\":[\"comunidad\",\"comunidad integral\",\"Sergio Leal Aguirre\",\"Vinte\",\"vivienda\"],\"articleSection\":[\"Vivienda\"],\"inLanguage\":\"es\",\"potentialAction\":[{\"@type\":\"CommentAction\",\"name\":\"Comment\",\"target\":[\"https:\\\/\\\/centrourbano.com\\\/revista\\\/vivienda\\\/crear-comunidad-valor-agregado-vinte\\\/#respond\"]}]},{\"@type\":\"WebPage\",\"@id\":\"https:\\\/\\\/centrourbano.com\\\/revista\\\/vivienda\\\/crear-comunidad-valor-agregado-vinte\\\/\",\"url\":\"https:\\\/\\\/centrourbano.com\\\/revista\\\/vivienda\\\/crear-comunidad-valor-agregado-vinte\\\/\",\"name\":\"Crear comunidad, valor agregado que ofrece Vinte\",\"isPartOf\":{\"@id\":\"https:\\\/\\\/centrourbano.com\\\/revista\\\/#website\"},\"primaryImageOfPage\":{\"@id\":\"https:\\\/\\\/centrourbano.com\\\/revista\\\/vivienda\\\/crear-comunidad-valor-agregado-vinte\\\/#primaryimage\"},\"image\":{\"@id\":\"https:\\\/\\\/centrourbano.com\\\/revista\\\/vivienda\\\/crear-comunidad-valor-agregado-vinte\\\/#primaryimage\"},\"thumbnailUrl\":\"https:\\\/\\\/centrourbano.com\\\/revista\\\/wp-content\\\/uploads\\\/Casas-Vinte-2.jpg\",\"datePublished\":\"2018-07-20T21:16:09+00:00\",\"dateModified\":\"2018-07-23T21:22:18+00:00\",\"description\":\"Este factor ha llevado a la empresa a ser reconocida en todo el mundo, adem\u00e1s de incrementar la plusval\u00eda de las viviendas\",\"breadcrumb\":{\"@id\":\"https:\\\/\\\/centrourbano.com\\\/revista\\\/vivienda\\\/crear-comunidad-valor-agregado-vinte\\\/#breadcrumb\"},\"inLanguage\":\"es\",\"potentialAction\":[{\"@type\":\"ReadAction\",\"target\":[\"https:\\\/\\\/centrourbano.com\\\/revista\\\/vivienda\\\/crear-comunidad-valor-agregado-vinte\\\/\"]}]},{\"@type\":\"ImageObject\",\"inLanguage\":\"es\",\"@id\":\"https:\\\/\\\/centrourbano.com\\\/revista\\\/vivienda\\\/crear-comunidad-valor-agregado-vinte\\\/#primaryimage\",\"url\":\"https:\\\/\\\/centrourbano.com\\\/revista\\\/wp-content\\\/uploads\\\/Casas-Vinte-2.jpg\",\"contentUrl\":\"https:\\\/\\\/centrourbano.com\\\/revista\\\/wp-content\\\/uploads\\\/Casas-Vinte-2.jpg\",\"width\":640,\"height\":425},{\"@type\":\"BreadcrumbList\",\"@id\":\"https:\\\/\\\/centrourbano.com\\\/revista\\\/vivienda\\\/crear-comunidad-valor-agregado-vinte\\\/#breadcrumb\",\"itemListElement\":[{\"@type\":\"ListItem\",\"position\":1,\"name\":\"Portada\",\"item\":\"https:\\\/\\\/centrourbano.com\\\/revista\\\/\"},{\"@type\":\"ListItem\",\"position\":2,\"name\":\"Crear comunidad, valor agregado de Vinte\"}]},{\"@type\":\"WebSite\",\"@id\":\"https:\\\/\\\/centrourbano.com\\\/revista\\\/#website\",\"url\":\"https:\\\/\\\/centrourbano.com\\\/revista\\\/\",\"name\":\"Centro Urbano\",\"description\":\"Medio especializado en los sectores vivienda, inmobiliario, construcci\u00f3n, arquitectura y urbanismo.\",\"publisher\":{\"@id\":\"https:\\\/\\\/centrourbano.com\\\/revista\\\/#organization\"},\"potentialAction\":[{\"@type\":\"SearchAction\",\"target\":{\"@type\":\"EntryPoint\",\"urlTemplate\":\"https:\\\/\\\/centrourbano.com\\\/revista\\\/?s={search_term_string}\"},\"query-input\":{\"@type\":\"PropertyValueSpecification\",\"valueRequired\":true,\"valueName\":\"search_term_string\"}}],\"inLanguage\":\"es\"},{\"@type\":\"Organization\",\"@id\":\"https:\\\/\\\/centrourbano.com\\\/revista\\\/#organization\",\"name\":\"Centro Urbano\",\"url\":\"https:\\\/\\\/centrourbano.com\\\/revista\\\/\",\"logo\":{\"@type\":\"ImageObject\",\"inLanguage\":\"es\",\"@id\":\"https:\\\/\\\/centrourbano.com\\\/revista\\\/#\\\/schema\\\/logo\\\/image\\\/\",\"url\":\"https:\\\/\\\/centrourbano.com\\\/revista\\\/wp-content\\\/uploads\\\/web_CU_logo-1.png\",\"contentUrl\":\"https:\\\/\\\/centrourbano.com\\\/revista\\\/wp-content\\\/uploads\\\/web_CU_logo-1.png\",\"width\":350,\"height\":91,\"caption\":\"Centro Urbano\"},\"image\":{\"@id\":\"https:\\\/\\\/centrourbano.com\\\/revista\\\/#\\\/schema\\\/logo\\\/image\\\/\"},\"sameAs\":[\"https:\\\/\\\/www.facebook.com\\\/portalcentrourbano\",\"https:\\\/\\\/x.com\\\/CentroUrbano\",\"https:\\\/\\\/www.instagram.com\\\/centro_urbano\\\/\",\"https:\\\/\\\/www.linkedin.com\\\/company\\\/centro-urbano\\\/\",\"http:\\\/\\\/www.youtube.com\\\/user\\\/portalcentrourbano\"]},{\"@type\":\"Person\",\"@id\":\"https:\\\/\\\/centrourbano.com\\\/revista\\\/#\\\/schema\\\/person\\\/ff3c00651ce5b1630479d2cd0c2e3ac0\",\"name\":\"Edgar Rosas\",\"image\":{\"@type\":\"ImageObject\",\"inLanguage\":\"es\",\"@id\":\"https:\\\/\\\/secure.gravatar.com\\\/avatar\\\/94440c4283495211faa5300bf85e80061036b83fced868c3783aa1310b350d9c?s=96&d=mm&r=g\",\"url\":\"https:\\\/\\\/secure.gravatar.com\\\/avatar\\\/94440c4283495211faa5300bf85e80061036b83fced868c3783aa1310b350d9c?s=96&d=mm&r=g\",\"contentUrl\":\"https:\\\/\\\/secure.gravatar.com\\\/avatar\\\/94440c4283495211faa5300bf85e80061036b83fced868c3783aa1310b350d9c?s=96&d=mm&r=g\",\"caption\":\"Edgar Rosas\"},\"description\":\"Editor en Jefe de Centro Urbano. Egresado de la maestr\u00eda en Periodismo Pol\u00edtico de la Escuela de Periodismo Carlos Septi\u00e9n Garc\u00eda (EPCSG). Estudi\u00f3 la licenciatura en Comunicaci\u00f3n en la Universidad Mexicana. Amante de la cr\u00f3nica y el reportaje. Admirador de Vicente Le\u00f1ero y Miguel \u00c1ngel Granados Chapa.\",\"sameAs\":[\"https:\\\/\\\/x.com\\\/https:\\\/\\\/twitter.com\\\/ERosasCU?s=09\"],\"url\":\"https:\\\/\\\/centrourbano.com\\\/revista\\\/author\\\/edgar-rosas\\\/\"}]}<\/script>\n<!-- \/ Yoast SEO plugin. -->","yoast_head_json":{"title":"Crear comunidad, valor agregado que ofrece Vinte","description":"Este factor ha llevado a la empresa a ser reconocida en todo el mundo, adem\u00e1s de incrementar la plusval\u00eda de las viviendas","robots":{"index":"index","follow":"follow","max-snippet":"max-snippet:-1","max-image-preview":"max-image-preview:large","max-video-preview":"max-video-preview:-1"},"canonical":"https:\/\/centrourbano.com\/revista\/vivienda\/crear-comunidad-valor-agregado-vinte\/","og_locale":"es_ES","og_type":"article","og_title":"Crear comunidad, valor agregado que ofrece Vinte","og_description":"Este factor ha llevado a la empresa a ser reconocida en todo el mundo, adem\u00e1s de incrementar la plusval\u00eda de las viviendas","og_url":"https:\/\/centrourbano.com\/revista\/vivienda\/crear-comunidad-valor-agregado-vinte\/","og_site_name":"Centro Urbano","article_publisher":"https:\/\/www.facebook.com\/portalcentrourbano","article_published_time":"2018-07-20T21:16:09+00:00","article_modified_time":"2018-07-23T21:22:18+00:00","og_image":[{"width":640,"height":425,"url":"https:\/\/centrourbano.com\/revista\/wp-content\/uploads\/Casas-Vinte-2.jpg","type":"image\/jpeg"}],"author":"Edgar Rosas","twitter_card":"summary_large_image","twitter_creator":"@https:\/\/twitter.com\/ERosasCU?s=09","twitter_site":"@CentroUrbano","twitter_misc":{"Escrito por":"Edgar Rosas","Tiempo de lectura":"2 minutos"},"schema":{"@context":"https:\/\/schema.org","@graph":[{"@type":"Article","@id":"https:\/\/centrourbano.com\/revista\/vivienda\/crear-comunidad-valor-agregado-vinte\/#article","isPartOf":{"@id":"https:\/\/centrourbano.com\/revista\/vivienda\/crear-comunidad-valor-agregado-vinte\/"},"author":{"name":"Edgar Rosas","@id":"https:\/\/centrourbano.com\/revista\/#\/schema\/person\/ff3c00651ce5b1630479d2cd0c2e3ac0"},"headline":"Crear comunidad, valor agregado de Vinte","datePublished":"2018-07-20T21:16:09+00:00","dateModified":"2018-07-23T21:22:18+00:00","mainEntityOfPage":{"@id":"https:\/\/centrourbano.com\/revista\/vivienda\/crear-comunidad-valor-agregado-vinte\/"},"wordCount":464,"commentCount":0,"publisher":{"@id":"https:\/\/centrourbano.com\/revista\/#organization"},"image":{"@id":"https:\/\/centrourbano.com\/revista\/vivienda\/crear-comunidad-valor-agregado-vinte\/#primaryimage"},"thumbnailUrl":"https:\/\/centrourbano.com\/revista\/wp-content\/uploads\/Casas-Vinte-2.jpg","keywords":["comunidad","comunidad integral","Sergio Leal Aguirre","Vinte","vivienda"],"articleSection":["Vivienda"],"inLanguage":"es","potentialAction":[{"@type":"CommentAction","name":"Comment","target":["https:\/\/centrourbano.com\/revista\/vivienda\/crear-comunidad-valor-agregado-vinte\/#respond"]}]},{"@type":"WebPage","@id":"https:\/\/centrourbano.com\/revista\/vivienda\/crear-comunidad-valor-agregado-vinte\/","url":"https:\/\/centrourbano.com\/revista\/vivienda\/crear-comunidad-valor-agregado-vinte\/","name":"Crear comunidad, valor agregado que ofrece Vinte","isPartOf":{"@id":"https:\/\/centrourbano.com\/revista\/#website"},"primaryImageOfPage":{"@id":"https:\/\/centrourbano.com\/revista\/vivienda\/crear-comunidad-valor-agregado-vinte\/#primaryimage"},"image":{"@id":"https:\/\/centrourbano.com\/revista\/vivienda\/crear-comunidad-valor-agregado-vinte\/#primaryimage"},"thumbnailUrl":"https:\/\/centrourbano.com\/revista\/wp-content\/uploads\/Casas-Vinte-2.jpg","datePublished":"2018-07-20T21:16:09+00:00","dateModified":"2018-07-23T21:22:18+00:00","description":"Este factor ha llevado a la empresa a ser reconocida en todo el mundo, adem\u00e1s de incrementar la plusval\u00eda de las viviendas","breadcrumb":{"@id":"https:\/\/centrourbano.com\/revista\/vivienda\/crear-comunidad-valor-agregado-vinte\/#breadcrumb"},"inLanguage":"es","potentialAction":[{"@type":"ReadAction","target":["https:\/\/centrourbano.com\/revista\/vivienda\/crear-comunidad-valor-agregado-vinte\/"]}]},{"@type":"ImageObject","inLanguage":"es","@id":"https:\/\/centrourbano.com\/revista\/vivienda\/crear-comunidad-valor-agregado-vinte\/#primaryimage","url":"https:\/\/centrourbano.com\/revista\/wp-content\/uploads\/Casas-Vinte-2.jpg","contentUrl":"https:\/\/centrourbano.com\/revista\/wp-content\/uploads\/Casas-Vinte-2.jpg","width":640,"height":425},{"@type":"BreadcrumbList","@id":"https:\/\/centrourbano.com\/revista\/vivienda\/crear-comunidad-valor-agregado-vinte\/#breadcrumb","itemListElement":[{"@type":"ListItem","position":1,"name":"Portada","item":"https:\/\/centrourbano.com\/revista\/"},{"@type":"ListItem","position":2,"name":"Crear comunidad, valor agregado de Vinte"}]},{"@type":"WebSite","@id":"https:\/\/centrourbano.com\/revista\/#website","url":"https:\/\/centrourbano.com\/revista\/","name":"Centro Urbano","description":"Medio especializado en los sectores vivienda, inmobiliario, construcci\u00f3n, arquitectura y urbanismo.","publisher":{"@id":"https:\/\/centrourbano.com\/revista\/#organization"},"potentialAction":[{"@type":"SearchAction","target":{"@type":"EntryPoint","urlTemplate":"https:\/\/centrourbano.com\/revista\/?s={search_term_string}"},"query-input":{"@type":"PropertyValueSpecification","valueRequired":true,"valueName":"search_term_string"}}],"inLanguage":"es"},{"@type":"Organization","@id":"https:\/\/centrourbano.com\/revista\/#organization","name":"Centro Urbano","url":"https:\/\/centrourbano.com\/revista\/","logo":{"@type":"ImageObject","inLanguage":"es","@id":"https:\/\/centrourbano.com\/revista\/#\/schema\/logo\/image\/","url":"https:\/\/centrourbano.com\/revista\/wp-content\/uploads\/web_CU_logo-1.png","contentUrl":"https:\/\/centrourbano.com\/revista\/wp-content\/uploads\/web_CU_logo-1.png","width":350,"height":91,"caption":"Centro Urbano"},"image":{"@id":"https:\/\/centrourbano.com\/revista\/#\/schema\/logo\/image\/"},"sameAs":["https:\/\/www.facebook.com\/portalcentrourbano","https:\/\/x.com\/CentroUrbano","https:\/\/www.instagram.com\/centro_urbano\/","https:\/\/www.linkedin.com\/company\/centro-urbano\/","http:\/\/www.youtube.com\/user\/portalcentrourbano"]},{"@type":"Person","@id":"https:\/\/centrourbano.com\/revista\/#\/schema\/person\/ff3c00651ce5b1630479d2cd0c2e3ac0","name":"Edgar Rosas","image":{"@type":"ImageObject","inLanguage":"es","@id":"https:\/\/secure.gravatar.com\/avatar\/94440c4283495211faa5300bf85e80061036b83fced868c3783aa1310b350d9c?s=96&d=mm&r=g","url":"https:\/\/secure.gravatar.com\/avatar\/94440c4283495211faa5300bf85e80061036b83fced868c3783aa1310b350d9c?s=96&d=mm&r=g","contentUrl":"https:\/\/secure.gravatar.com\/avatar\/94440c4283495211faa5300bf85e80061036b83fced868c3783aa1310b350d9c?s=96&d=mm&r=g","caption":"Edgar Rosas"},"description":"Editor en Jefe de Centro Urbano. Egresado de la maestr\u00eda en Periodismo Pol\u00edtico de la Escuela de Periodismo Carlos Septi\u00e9n Garc\u00eda (EPCSG). Estudi\u00f3 la licenciatura en Comunicaci\u00f3n en la Universidad Mexicana. Amante de la cr\u00f3nica y el reportaje. Admirador de Vicente Le\u00f1ero y Miguel \u00c1ngel Granados Chapa.","sameAs":["https:\/\/x.com\/https:\/\/twitter.com\/ERosasCU?s=09"],"url":"https:\/\/centrourbano.com\/revista\/author\/edgar-rosas\/"}]}},"_links":{"self":[{"href":"https:\/\/centrourbano.com\/revista\/wp-json\/wp\/v2\/posts\/74813","targetHints":{"allow":["GET"]}}],"collection":[{"href":"https:\/\/centrourbano.com\/revista\/wp-json\/wp\/v2\/posts"}],"about":[{"href":"https:\/\/centrourbano.com\/revista\/wp-json\/wp\/v2\/types\/post"}],"author":[{"embeddable":true,"href":"https:\/\/centrourbano.com\/revista\/wp-json\/wp\/v2\/users\/47"}],"replies":[{"embeddable":true,"href":"https:\/\/centrourbano.com\/revista\/wp-json\/wp\/v2\/comments?post=74813"}],"version-history":[{"count":6,"href":"https:\/\/centrourbano.com\/revista\/wp-json\/wp\/v2\/posts\/74813\/revisions"}],"predecessor-version":[{"id":74908,"href":"https:\/\/centrourbano.com\/revista\/wp-json\/wp\/v2\/posts\/74813\/revisions\/74908"}],"wp:featuredmedia":[{"embeddable":true,"href":"https:\/\/centrourbano.com\/revista\/wp-json\/wp\/v2\/media\/24696"}],"wp:attachment":[{"href":"https:\/\/centrourbano.com\/revista\/wp-json\/wp\/v2\/media?parent=74813"}],"wp:term":[{"taxonomy":"category","embeddable":true,"href":"https:\/\/centrourbano.com\/revista\/wp-json\/wp\/v2\/categories?post=74813"},{"taxonomy":"post_tag","embeddable":true,"href":"https:\/\/centrourbano.com\/revista\/wp-json\/wp\/v2\/tags?post=74813"}],"curies":[{"name":"wp","href":"https:\/\/api.w.org\/{rel}","templated":true}]}}