{"id":74701,"date":"2018-07-19T13:17:17","date_gmt":"2018-07-19T18:17:17","guid":{"rendered":"https:\/\/centrourbano.com\/?p=74701"},"modified":"2018-07-19T15:58:15","modified_gmt":"2018-07-19T20:58:15","slug":"%e2%96%b6%ef%b8%8fimpulsar-vivienda-social-reto-del-proximo-gobierno","status":"publish","type":"post","link":"https:\/\/centrourbano.com\/revista\/entrevistas\/%e2%96%b6%ef%b8%8fimpulsar-vivienda-social-reto-del-proximo-gobierno\/","title":{"rendered":"\u25b6\ufe0fImpulsar vivienda social, reto del pr\u00f3ximo gobierno"},"content":{"rendered":"<p>Para <a href=\"https:\/\/twitter.com\/auroraglp?lang=es\" target=\"_blank\" rel=\"noopener noreferrer\">Aurora Garc\u00eda de Le\u00f3n<\/a>, vicepresidenta nacional de Vivienda y Desarrollo Urbano de la C\u00e1mara Mexicana de la Industria de la Construcci\u00f3n (<a href=\"http:\/\/www.cmic.org\/\" target=\"_blank\" rel=\"noopener noreferrer\">CMIC<\/a>), el reto principal en materia de vivienda para la pr\u00f3xima administraci\u00f3n es atender la demanda de las personas con menores ingresos.<\/p>\n<p>&nbsp;<\/p>\n<p>&nbsp;<\/p>\n","protected":false},"excerpt":{"rendered":"<p>Para Aurora Garc\u00eda de Le\u00f3n, vicepresidenta nacional de Vivienda y Desarrollo Urbano de la C\u00e1mara Mexicana de la Industria de la Construcci\u00f3n (CMIC), el reto principal en materia de vivienda para la pr\u00f3xima administraci\u00f3n es atender la demanda de las personas con menores ingresos. &nbsp; &nbsp;<\/p>\n","protected":false},"author":14,"featured_media":74704,"comment_status":"open","ping_status":"closed","sticky":false,"template":"","format":"video","meta":{"om_disable_all_campaigns":false,"inline_featured_image":false,"_monsterinsights_skip_tracking":false,"_monsterinsights_sitenote_active":false,"_monsterinsights_sitenote_note":"","_monsterinsights_sitenote_category":0,"footnotes":""},"categories":[13],"tags":[],"class_list":["post-74701","post","type-post","status-publish","format-video","has-post-thumbnail","hentry","category-entrevistas","post_format-post-format-video"],"yoast_head":"<!-- This site is optimized with the Yoast SEO plugin v27.4 - https:\/\/yoast.com\/product\/yoast-seo-wordpress\/ -->\n<title>\u25b6\ufe0fSegmento de bajos salarios, reto del pr\u00f3ximo gobierno<\/title>\n<meta name=\"description\" content=\"Para Aurora Garc\u00eda de Le\u00f3n, vicepresidenta nacional de Vivienda y Desarrollo Urbano de la (CMIC), el reto principal es atender demanda de personas...\" \/>\n<meta name=\"robots\" content=\"index, follow, max-snippet:-1, max-image-preview:large, max-video-preview:-1\" \/>\n<link rel=\"canonical\" href=\"https:\/\/centrourbano.com\/revista\/entrevistas\/\u25b6\ufe0fimpulsar-vivienda-social-reto-del-proximo-gobierno\/\" \/>\n<meta property=\"og:locale\" content=\"es_ES\" \/>\n<meta property=\"og:type\" content=\"article\" \/>\n<meta property=\"og:title\" content=\"\u25b6\ufe0fSegmento de bajos salarios, reto del pr\u00f3ximo gobierno\" \/>\n<meta property=\"og:description\" content=\"Para Aurora Garc\u00eda de Le\u00f3n, vicepresidenta nacional de Vivienda y Desarrollo Urbano de la (CMIC), el reto principal es atender demanda de personas...\" \/>\n<meta property=\"og:url\" content=\"https:\/\/centrourbano.com\/revista\/entrevistas\/\u25b6\ufe0fimpulsar-vivienda-social-reto-del-proximo-gobierno\/\" \/>\n<meta property=\"og:site_name\" content=\"Centro Urbano\" \/>\n<meta property=\"article:publisher\" content=\"https:\/\/www.facebook.com\/portalcentrourbano\" \/>\n<meta property=\"article:published_time\" content=\"2018-07-19T18:17:17+00:00\" \/>\n<meta property=\"article:modified_time\" content=\"2018-07-19T20:58:15+00:00\" \/>\n<meta property=\"og:image\" content=\"https:\/\/centrourbano.com\/revista\/wp-content\/uploads\/Enlace_4-Garci\u0301a.png\" \/>\n\t<meta property=\"og:image:width\" content=\"1280\" \/>\n\t<meta property=\"og:image:height\" content=\"720\" \/>\n\t<meta property=\"og:image:type\" content=\"image\/png\" \/>\n<meta name=\"author\" content=\"Redacci\u00f3n Centro Urbano\" \/>\n<meta name=\"twitter:card\" content=\"summary_large_image\" \/>\n<meta name=\"twitter:creator\" content=\"@CentroUrbano\" \/>\n<meta name=\"twitter:site\" content=\"@CentroUrbano\" \/>\n<meta name=\"twitter:label1\" content=\"Escrito por\" \/>\n\t<meta name=\"twitter:data1\" content=\"Redacci\u00f3n Centro Urbano\" \/>\n<script type=\"application\/ld+json\" class=\"yoast-schema-graph\">{\"@context\":\"https:\\\/\\\/schema.org\",\"@graph\":[{\"@type\":\"Article\",\"@id\":\"https:\\\/\\\/centrourbano.com\\\/revista\\\/entrevistas\\\/%e2%96%b6%ef%b8%8fimpulsar-vivienda-social-reto-del-proximo-gobierno\\\/#article\",\"isPartOf\":{\"@id\":\"https:\\\/\\\/centrourbano.com\\\/revista\\\/entrevistas\\\/%e2%96%b6%ef%b8%8fimpulsar-vivienda-social-reto-del-proximo-gobierno\\\/\"},\"author\":{\"name\":\"Redacci\u00f3n Centro Urbano\",\"@id\":\"https:\\\/\\\/centrourbano.com\\\/revista\\\/#\\\/schema\\\/person\\\/680e7c50f9d6e917e416c9efdc26f996\"},\"headline\":\"\u25b6\ufe0fImpulsar vivienda social, reto del pr\u00f3ximo gobierno\",\"datePublished\":\"2018-07-19T18:17:17+00:00\",\"dateModified\":\"2018-07-19T20:58:15+00:00\",\"mainEntityOfPage\":{\"@id\":\"https:\\\/\\\/centrourbano.com\\\/revista\\\/entrevistas\\\/%e2%96%b6%ef%b8%8fimpulsar-vivienda-social-reto-del-proximo-gobierno\\\/\"},\"wordCount\":60,\"commentCount\":0,\"publisher\":{\"@id\":\"https:\\\/\\\/centrourbano.com\\\/revista\\\/#organization\"},\"image\":{\"@id\":\"https:\\\/\\\/centrourbano.com\\\/revista\\\/entrevistas\\\/%e2%96%b6%ef%b8%8fimpulsar-vivienda-social-reto-del-proximo-gobierno\\\/#primaryimage\"},\"thumbnailUrl\":\"https:\\\/\\\/centrourbano.com\\\/revista\\\/wp-content\\\/uploads\\\/Enlace_4-Garci\u0301a.png\",\"articleSection\":[\"Entrevistas\"],\"inLanguage\":\"es\",\"potentialAction\":[{\"@type\":\"CommentAction\",\"name\":\"Comment\",\"target\":[\"https:\\\/\\\/centrourbano.com\\\/revista\\\/entrevistas\\\/%e2%96%b6%ef%b8%8fimpulsar-vivienda-social-reto-del-proximo-gobierno\\\/#respond\"]}]},{\"@type\":\"WebPage\",\"@id\":\"https:\\\/\\\/centrourbano.com\\\/revista\\\/entrevistas\\\/%e2%96%b6%ef%b8%8fimpulsar-vivienda-social-reto-del-proximo-gobierno\\\/\",\"url\":\"https:\\\/\\\/centrourbano.com\\\/revista\\\/entrevistas\\\/%e2%96%b6%ef%b8%8fimpulsar-vivienda-social-reto-del-proximo-gobierno\\\/\",\"name\":\"\u25b6\ufe0fSegmento de bajos salarios, reto del pr\u00f3ximo gobierno\",\"isPartOf\":{\"@id\":\"https:\\\/\\\/centrourbano.com\\\/revista\\\/#website\"},\"primaryImageOfPage\":{\"@id\":\"https:\\\/\\\/centrourbano.com\\\/revista\\\/entrevistas\\\/%e2%96%b6%ef%b8%8fimpulsar-vivienda-social-reto-del-proximo-gobierno\\\/#primaryimage\"},\"image\":{\"@id\":\"https:\\\/\\\/centrourbano.com\\\/revista\\\/entrevistas\\\/%e2%96%b6%ef%b8%8fimpulsar-vivienda-social-reto-del-proximo-gobierno\\\/#primaryimage\"},\"thumbnailUrl\":\"https:\\\/\\\/centrourbano.com\\\/revista\\\/wp-content\\\/uploads\\\/Enlace_4-Garci\u0301a.png\",\"datePublished\":\"2018-07-19T18:17:17+00:00\",\"dateModified\":\"2018-07-19T20:58:15+00:00\",\"description\":\"Para Aurora Garc\u00eda de Le\u00f3n, vicepresidenta nacional de Vivienda y Desarrollo Urbano de la (CMIC), el reto principal es atender demanda de personas...\",\"breadcrumb\":{\"@id\":\"https:\\\/\\\/centrourbano.com\\\/revista\\\/entrevistas\\\/%e2%96%b6%ef%b8%8fimpulsar-vivienda-social-reto-del-proximo-gobierno\\\/#breadcrumb\"},\"inLanguage\":\"es\",\"potentialAction\":[{\"@type\":\"ReadAction\",\"target\":[\"https:\\\/\\\/centrourbano.com\\\/revista\\\/entrevistas\\\/%e2%96%b6%ef%b8%8fimpulsar-vivienda-social-reto-del-proximo-gobierno\\\/\"]}]},{\"@type\":\"ImageObject\",\"inLanguage\":\"es\",\"@id\":\"https:\\\/\\\/centrourbano.com\\\/revista\\\/entrevistas\\\/%e2%96%b6%ef%b8%8fimpulsar-vivienda-social-reto-del-proximo-gobierno\\\/#primaryimage\",\"url\":\"https:\\\/\\\/centrourbano.com\\\/revista\\\/wp-content\\\/uploads\\\/Enlace_4-Garci\u0301a.png\",\"contentUrl\":\"https:\\\/\\\/centrourbano.com\\\/revista\\\/wp-content\\\/uploads\\\/Enlace_4-Garci\u0301a.png\",\"width\":1280,\"height\":720,\"caption\":\"\u25b6\ufe0fSegmento de bajos salarios, reto del pr\u00f3ximo gobierno\"},{\"@type\":\"BreadcrumbList\",\"@id\":\"https:\\\/\\\/centrourbano.com\\\/revista\\\/entrevistas\\\/%e2%96%b6%ef%b8%8fimpulsar-vivienda-social-reto-del-proximo-gobierno\\\/#breadcrumb\",\"itemListElement\":[{\"@type\":\"ListItem\",\"position\":1,\"name\":\"Portada\",\"item\":\"https:\\\/\\\/centrourbano.com\\\/revista\\\/\"},{\"@type\":\"ListItem\",\"position\":2,\"name\":\"\u25b6\ufe0fImpulsar vivienda social, reto del pr\u00f3ximo gobierno\"}]},{\"@type\":\"WebSite\",\"@id\":\"https:\\\/\\\/centrourbano.com\\\/revista\\\/#website\",\"url\":\"https:\\\/\\\/centrourbano.com\\\/revista\\\/\",\"name\":\"Centro Urbano\",\"description\":\"Medio especializado en los sectores vivienda, inmobiliario, construcci\u00f3n, arquitectura y urbanismo.\",\"publisher\":{\"@id\":\"https:\\\/\\\/centrourbano.com\\\/revista\\\/#organization\"},\"potentialAction\":[{\"@type\":\"SearchAction\",\"target\":{\"@type\":\"EntryPoint\",\"urlTemplate\":\"https:\\\/\\\/centrourbano.com\\\/revista\\\/?s={search_term_string}\"},\"query-input\":{\"@type\":\"PropertyValueSpecification\",\"valueRequired\":true,\"valueName\":\"search_term_string\"}}],\"inLanguage\":\"es\"},{\"@type\":\"Organization\",\"@id\":\"https:\\\/\\\/centrourbano.com\\\/revista\\\/#organization\",\"name\":\"Centro Urbano\",\"url\":\"https:\\\/\\\/centrourbano.com\\\/revista\\\/\",\"logo\":{\"@type\":\"ImageObject\",\"inLanguage\":\"es\",\"@id\":\"https:\\\/\\\/centrourbano.com\\\/revista\\\/#\\\/schema\\\/logo\\\/image\\\/\",\"url\":\"https:\\\/\\\/centrourbano.com\\\/revista\\\/wp-content\\\/uploads\\\/web_CU_logo-1.png\",\"contentUrl\":\"https:\\\/\\\/centrourbano.com\\\/revista\\\/wp-content\\\/uploads\\\/web_CU_logo-1.png\",\"width\":350,\"height\":91,\"caption\":\"Centro Urbano\"},\"image\":{\"@id\":\"https:\\\/\\\/centrourbano.com\\\/revista\\\/#\\\/schema\\\/logo\\\/image\\\/\"},\"sameAs\":[\"https:\\\/\\\/www.facebook.com\\\/portalcentrourbano\",\"https:\\\/\\\/x.com\\\/CentroUrbano\",\"https:\\\/\\\/www.instagram.com\\\/centro_urbano\\\/\",\"https:\\\/\\\/www.linkedin.com\\\/company\\\/centro-urbano\\\/\",\"http:\\\/\\\/www.youtube.com\\\/user\\\/portalcentrourbano\"]},{\"@type\":\"Person\",\"@id\":\"https:\\\/\\\/centrourbano.com\\\/revista\\\/#\\\/schema\\\/person\\\/680e7c50f9d6e917e416c9efdc26f996\",\"name\":\"Redacci\u00f3n Centro Urbano\",\"image\":{\"@type\":\"ImageObject\",\"inLanguage\":\"es\",\"@id\":\"https:\\\/\\\/secure.gravatar.com\\\/avatar\\\/15a789f894398c0f311f3a7a2ee28032bbc0483098539da66b6a045aa810bf35?s=96&d=mm&r=g\",\"url\":\"https:\\\/\\\/secure.gravatar.com\\\/avatar\\\/15a789f894398c0f311f3a7a2ee28032bbc0483098539da66b6a045aa810bf35?s=96&d=mm&r=g\",\"contentUrl\":\"https:\\\/\\\/secure.gravatar.com\\\/avatar\\\/15a789f894398c0f311f3a7a2ee28032bbc0483098539da66b6a045aa810bf35?s=96&d=mm&r=g\",\"caption\":\"Redacci\u00f3n Centro Urbano\"},\"url\":\"https:\\\/\\\/centrourbano.com\\\/revista\\\/author\\\/editorial\\\/\"}]}<\/script>\n<!-- \/ Yoast SEO plugin. -->","yoast_head_json":{"title":"\u25b6\ufe0fSegmento de bajos salarios, reto del pr\u00f3ximo gobierno","description":"Para Aurora Garc\u00eda de Le\u00f3n, vicepresidenta nacional de Vivienda y Desarrollo Urbano de la (CMIC), el reto principal es atender demanda de personas...","robots":{"index":"index","follow":"follow","max-snippet":"max-snippet:-1","max-image-preview":"max-image-preview:large","max-video-preview":"max-video-preview:-1"},"canonical":"https:\/\/centrourbano.com\/revista\/entrevistas\/\u25b6\ufe0fimpulsar-vivienda-social-reto-del-proximo-gobierno\/","og_locale":"es_ES","og_type":"article","og_title":"\u25b6\ufe0fSegmento de bajos salarios, reto del pr\u00f3ximo gobierno","og_description":"Para Aurora Garc\u00eda de Le\u00f3n, vicepresidenta nacional de Vivienda y Desarrollo Urbano de la (CMIC), el reto principal es atender demanda de personas...","og_url":"https:\/\/centrourbano.com\/revista\/entrevistas\/\u25b6\ufe0fimpulsar-vivienda-social-reto-del-proximo-gobierno\/","og_site_name":"Centro Urbano","article_publisher":"https:\/\/www.facebook.com\/portalcentrourbano","article_published_time":"2018-07-19T18:17:17+00:00","article_modified_time":"2018-07-19T20:58:15+00:00","og_image":[{"width":1280,"height":720,"url":"https:\/\/centrourbano.com\/revista\/wp-content\/uploads\/Enlace_4-Garci\u0301a.png","type":"image\/png"}],"author":"Redacci\u00f3n Centro Urbano","twitter_card":"summary_large_image","twitter_creator":"@CentroUrbano","twitter_site":"@CentroUrbano","twitter_misc":{"Escrito por":"Redacci\u00f3n Centro Urbano"},"schema":{"@context":"https:\/\/schema.org","@graph":[{"@type":"Article","@id":"https:\/\/centrourbano.com\/revista\/entrevistas\/%e2%96%b6%ef%b8%8fimpulsar-vivienda-social-reto-del-proximo-gobierno\/#article","isPartOf":{"@id":"https:\/\/centrourbano.com\/revista\/entrevistas\/%e2%96%b6%ef%b8%8fimpulsar-vivienda-social-reto-del-proximo-gobierno\/"},"author":{"name":"Redacci\u00f3n Centro Urbano","@id":"https:\/\/centrourbano.com\/revista\/#\/schema\/person\/680e7c50f9d6e917e416c9efdc26f996"},"headline":"\u25b6\ufe0fImpulsar vivienda social, reto del pr\u00f3ximo gobierno","datePublished":"2018-07-19T18:17:17+00:00","dateModified":"2018-07-19T20:58:15+00:00","mainEntityOfPage":{"@id":"https:\/\/centrourbano.com\/revista\/entrevistas\/%e2%96%b6%ef%b8%8fimpulsar-vivienda-social-reto-del-proximo-gobierno\/"},"wordCount":60,"commentCount":0,"publisher":{"@id":"https:\/\/centrourbano.com\/revista\/#organization"},"image":{"@id":"https:\/\/centrourbano.com\/revista\/entrevistas\/%e2%96%b6%ef%b8%8fimpulsar-vivienda-social-reto-del-proximo-gobierno\/#primaryimage"},"thumbnailUrl":"https:\/\/centrourbano.com\/revista\/wp-content\/uploads\/Enlace_4-Garci\u0301a.png","articleSection":["Entrevistas"],"inLanguage":"es","potentialAction":[{"@type":"CommentAction","name":"Comment","target":["https:\/\/centrourbano.com\/revista\/entrevistas\/%e2%96%b6%ef%b8%8fimpulsar-vivienda-social-reto-del-proximo-gobierno\/#respond"]}]},{"@type":"WebPage","@id":"https:\/\/centrourbano.com\/revista\/entrevistas\/%e2%96%b6%ef%b8%8fimpulsar-vivienda-social-reto-del-proximo-gobierno\/","url":"https:\/\/centrourbano.com\/revista\/entrevistas\/%e2%96%b6%ef%b8%8fimpulsar-vivienda-social-reto-del-proximo-gobierno\/","name":"\u25b6\ufe0fSegmento de bajos salarios, reto del pr\u00f3ximo gobierno","isPartOf":{"@id":"https:\/\/centrourbano.com\/revista\/#website"},"primaryImageOfPage":{"@id":"https:\/\/centrourbano.com\/revista\/entrevistas\/%e2%96%b6%ef%b8%8fimpulsar-vivienda-social-reto-del-proximo-gobierno\/#primaryimage"},"image":{"@id":"https:\/\/centrourbano.com\/revista\/entrevistas\/%e2%96%b6%ef%b8%8fimpulsar-vivienda-social-reto-del-proximo-gobierno\/#primaryimage"},"thumbnailUrl":"https:\/\/centrourbano.com\/revista\/wp-content\/uploads\/Enlace_4-Garci\u0301a.png","datePublished":"2018-07-19T18:17:17+00:00","dateModified":"2018-07-19T20:58:15+00:00","description":"Para Aurora Garc\u00eda de Le\u00f3n, vicepresidenta nacional de Vivienda y Desarrollo Urbano de la (CMIC), el reto principal es atender demanda de personas...","breadcrumb":{"@id":"https:\/\/centrourbano.com\/revista\/entrevistas\/%e2%96%b6%ef%b8%8fimpulsar-vivienda-social-reto-del-proximo-gobierno\/#breadcrumb"},"inLanguage":"es","potentialAction":[{"@type":"ReadAction","target":["https:\/\/centrourbano.com\/revista\/entrevistas\/%e2%96%b6%ef%b8%8fimpulsar-vivienda-social-reto-del-proximo-gobierno\/"]}]},{"@type":"ImageObject","inLanguage":"es","@id":"https:\/\/centrourbano.com\/revista\/entrevistas\/%e2%96%b6%ef%b8%8fimpulsar-vivienda-social-reto-del-proximo-gobierno\/#primaryimage","url":"https:\/\/centrourbano.com\/revista\/wp-content\/uploads\/Enlace_4-Garci\u0301a.png","contentUrl":"https:\/\/centrourbano.com\/revista\/wp-content\/uploads\/Enlace_4-Garci\u0301a.png","width":1280,"height":720,"caption":"\u25b6\ufe0fSegmento de bajos salarios, reto del pr\u00f3ximo gobierno"},{"@type":"BreadcrumbList","@id":"https:\/\/centrourbano.com\/revista\/entrevistas\/%e2%96%b6%ef%b8%8fimpulsar-vivienda-social-reto-del-proximo-gobierno\/#breadcrumb","itemListElement":[{"@type":"ListItem","position":1,"name":"Portada","item":"https:\/\/centrourbano.com\/revista\/"},{"@type":"ListItem","position":2,"name":"\u25b6\ufe0fImpulsar vivienda social, reto del pr\u00f3ximo gobierno"}]},{"@type":"WebSite","@id":"https:\/\/centrourbano.com\/revista\/#website","url":"https:\/\/centrourbano.com\/revista\/","name":"Centro Urbano","description":"Medio especializado en los sectores vivienda, inmobiliario, construcci\u00f3n, arquitectura y urbanismo.","publisher":{"@id":"https:\/\/centrourbano.com\/revista\/#organization"},"potentialAction":[{"@type":"SearchAction","target":{"@type":"EntryPoint","urlTemplate":"https:\/\/centrourbano.com\/revista\/?s={search_term_string}"},"query-input":{"@type":"PropertyValueSpecification","valueRequired":true,"valueName":"search_term_string"}}],"inLanguage":"es"},{"@type":"Organization","@id":"https:\/\/centrourbano.com\/revista\/#organization","name":"Centro Urbano","url":"https:\/\/centrourbano.com\/revista\/","logo":{"@type":"ImageObject","inLanguage":"es","@id":"https:\/\/centrourbano.com\/revista\/#\/schema\/logo\/image\/","url":"https:\/\/centrourbano.com\/revista\/wp-content\/uploads\/web_CU_logo-1.png","contentUrl":"https:\/\/centrourbano.com\/revista\/wp-content\/uploads\/web_CU_logo-1.png","width":350,"height":91,"caption":"Centro Urbano"},"image":{"@id":"https:\/\/centrourbano.com\/revista\/#\/schema\/logo\/image\/"},"sameAs":["https:\/\/www.facebook.com\/portalcentrourbano","https:\/\/x.com\/CentroUrbano","https:\/\/www.instagram.com\/centro_urbano\/","https:\/\/www.linkedin.com\/company\/centro-urbano\/","http:\/\/www.youtube.com\/user\/portalcentrourbano"]},{"@type":"Person","@id":"https:\/\/centrourbano.com\/revista\/#\/schema\/person\/680e7c50f9d6e917e416c9efdc26f996","name":"Redacci\u00f3n Centro Urbano","image":{"@type":"ImageObject","inLanguage":"es","@id":"https:\/\/secure.gravatar.com\/avatar\/15a789f894398c0f311f3a7a2ee28032bbc0483098539da66b6a045aa810bf35?s=96&d=mm&r=g","url":"https:\/\/secure.gravatar.com\/avatar\/15a789f894398c0f311f3a7a2ee28032bbc0483098539da66b6a045aa810bf35?s=96&d=mm&r=g","contentUrl":"https:\/\/secure.gravatar.com\/avatar\/15a789f894398c0f311f3a7a2ee28032bbc0483098539da66b6a045aa810bf35?s=96&d=mm&r=g","caption":"Redacci\u00f3n Centro Urbano"},"url":"https:\/\/centrourbano.com\/revista\/author\/editorial\/"}]}},"_links":{"self":[{"href":"https:\/\/centrourbano.com\/revista\/wp-json\/wp\/v2\/posts\/74701","targetHints":{"allow":["GET"]}}],"collection":[{"href":"https:\/\/centrourbano.com\/revista\/wp-json\/wp\/v2\/posts"}],"about":[{"href":"https:\/\/centrourbano.com\/revista\/wp-json\/wp\/v2\/types\/post"}],"author":[{"embeddable":true,"href":"https:\/\/centrourbano.com\/revista\/wp-json\/wp\/v2\/users\/14"}],"replies":[{"embeddable":true,"href":"https:\/\/centrourbano.com\/revista\/wp-json\/wp\/v2\/comments?post=74701"}],"version-history":[{"count":6,"href":"https:\/\/centrourbano.com\/revista\/wp-json\/wp\/v2\/posts\/74701\/revisions"}],"predecessor-version":[{"id":74724,"href":"https:\/\/centrourbano.com\/revista\/wp-json\/wp\/v2\/posts\/74701\/revisions\/74724"}],"wp:featuredmedia":[{"embeddable":true,"href":"https:\/\/centrourbano.com\/revista\/wp-json\/wp\/v2\/media\/74704"}],"wp:attachment":[{"href":"https:\/\/centrourbano.com\/revista\/wp-json\/wp\/v2\/media?parent=74701"}],"wp:term":[{"taxonomy":"category","embeddable":true,"href":"https:\/\/centrourbano.com\/revista\/wp-json\/wp\/v2\/categories?post=74701"},{"taxonomy":"post_tag","embeddable":true,"href":"https:\/\/centrourbano.com\/revista\/wp-json\/wp\/v2\/tags?post=74701"}],"curies":[{"name":"wp","href":"https:\/\/api.w.org\/{rel}","templated":true}]}}