{"id":74535,"date":"2018-07-17T13:51:50","date_gmt":"2018-07-17T18:51:50","guid":{"rendered":"https:\/\/centrourbano.com\/?p=74535"},"modified":"2018-07-19T17:09:49","modified_gmt":"2018-07-19T22:09:49","slug":"proponen-derogar-articulo-37-la-ley-del-infonavit","status":"publish","type":"post","link":"https:\/\/centrourbano.com\/revista\/vivienda\/proponen-derogar-articulo-37-la-ley-del-infonavit\/","title":{"rendered":"Proponen derogar art\u00edculo 37 de la Ley del Infonavit"},"content":{"rendered":"<p><em>Este apartado establece que, si un trabajador no reclama los recursos de la subcuenta en 10 a\u00f1os a partir de calificar para el beneficio, el ahorro pasa a las arcas del Infonavit <\/em><!--more--><\/p>\n<p>La diputada <a href=\"https:\/\/twitter.com\/aliciabp24\" rel=\"noopener\" target=\"_blank\">Alicia Barrientos<\/a>, integrante de la fracci\u00f3n parlamentaria de <a href=\"https:\/\/morena.si\/\" rel=\"noopener\" target=\"_blank\">Morena <\/a>en <strong>San L\u00e1zaro<\/strong>, present\u00f3 una iniciativa para reformar la <strong>Ley <\/strong>del Instituto del Fondo Nacional de la Vivienda para los Trabajadores (<a href=\"http:\/\/infonavit.org.mx\" rel=\"noopener\" target=\"_blank\">Infonavit<\/a>). La propuesta busca derogar el art\u00edculo 37 de dicha legislaci\u00f3n, en el que se establece que un trabajador que no utiliz\u00f3 su ahorro para acceder a una soluci\u00f3n habitacional, s\u00f3lo tendr\u00e1 10 a\u00f1os para exigir la devoluci\u00f3n de los recursos. <\/p>\n<p>En tribuna, la legisladora destac\u00f3 que esta medida va en <strong>contra <\/strong>de la utilidad social del Instituto. Dijo que limitar a diez a\u00f1os el plazo para que los trabajadores reclamen el ahorro, as\u00ed como establecer que, de no pedir la devoluci\u00f3n en el lapso contemplado los recursos pasar\u00e1n a las arcas del Instituto, representa \u201cuna expropiaci\u00f3n injusta\u201d. <\/p>\n<p>Barrientos, representante de la <strong>Ciudad de M\u00e9xico<\/strong>, consider\u00f3 que los recursos de la subcuenta de la vivienda pertenecen al trabajador en todo momento. A\u00f1adi\u00f3 que el ahorro s\u00f3lo deber\u00eda pasar al Instituto si el trabajador muere y no cuenta con beneficiarios. <\/p>\n<p>\u201cEs una acci\u00f3n abusiva, no hay raz\u00f3n alguna que sustente tal acto porque no se respeta la seguridad social a la que tienen derecho los trabajadores\u201d, dijo. <\/p>\n<p>Es preciso mencionar que el art\u00edculo 37 de la Ley establece <strong>a la letra<\/strong> que \u201cel derecho del trabajador y, en su caso, de los beneficiarios, a recibir los recursos de la subcuenta de vivienda (\u2026) prescribe a favor del Fondo Nacional de la Vivienda a los diez a\u00f1os de que sean exigibles\u201d. <\/p>\n","protected":false},"excerpt":{"rendered":"<p>Este apartado establece que, si un trabajador no reclama los recursos de la subcuenta en 10 a\u00f1os a partir de calificar para el beneficio, el ahorro pasa a las arcas del Infonavit<\/p>\n","protected":false},"author":77,"featured_media":24288,"comment_status":"open","ping_status":"closed","sticky":false,"template":"","format":"standard","meta":{"inline_featured_image":false,"footnotes":""},"categories":[12],"tags":[629,100,5014,9554,549,6240,60],"class_list":["post-74535","post","type-post","status-publish","format-standard","has-post-thumbnail","hentry","category-vivienda","tag-ahorro","tag-infonavit","tag-morena","tag-san-lazaro","tag-subcuenta-de-vivienda","tag-trabajador","tag-vivienda-2"],"yoast_head":"<!-- This site is optimized with the Yoast SEO plugin v28.4 - https:\/\/yoast.com\/product\/yoast-seo-wordpress\/ -->\n<title>Proponen derogar art\u00edculo 37 de la Ley del Infonavit<\/title>\n<meta name=\"description\" content=\"Este apartado establece que, si un trabajador no reclama los recursos de la subcuenta en 10 a\u00f1os a partir de calificar para el beneficio, el ahorro pasa a las arcas del Infonavit\" \/>\n<meta name=\"robots\" content=\"index, follow, max-snippet:-1, max-image-preview:large, max-video-preview:-1\" \/>\n<link rel=\"canonical\" href=\"https:\/\/centrourbano.com\/revista\/vivienda\/proponen-derogar-articulo-37-la-ley-del-infonavit\/\" \/>\n<meta property=\"og:locale\" content=\"es_ES\" \/>\n<meta property=\"og:type\" content=\"article\" \/>\n<meta property=\"og:title\" content=\"Proponen derogar art\u00edculo 37 de la Ley del Infonavit\" \/>\n<meta property=\"og:description\" content=\"Este apartado establece que, si un trabajador no reclama los recursos de la subcuenta en 10 a\u00f1os a partir de calificar para el beneficio, el ahorro pasa a las arcas del Infonavit\" \/>\n<meta property=\"og:url\" content=\"https:\/\/centrourbano.com\/revista\/vivienda\/proponen-derogar-articulo-37-la-ley-del-infonavit\/\" \/>\n<meta property=\"og:site_name\" content=\"Centro Urbano\" \/>\n<meta property=\"article:publisher\" content=\"https:\/\/www.facebook.com\/portalcentrourbano\" \/>\n<meta property=\"article:published_time\" content=\"2018-07-17T18:51:50+00:00\" \/>\n<meta property=\"article:modified_time\" content=\"2018-07-19T22:09:49+00:00\" \/>\n<meta property=\"og:image\" content=\"https:\/\/centrourbano.com\/revista\/wp-content\/uploads\/palacio-legislativo-de-san-lazaro-01.jpg\" \/>\n\t<meta property=\"og:image:width\" content=\"1281\" \/>\n\t<meta property=\"og:image:height\" content=\"853\" \/>\n\t<meta property=\"og:image:type\" content=\"image\/jpeg\" \/>\n<meta name=\"author\" content=\"G4A\" \/>\n<meta name=\"twitter:card\" content=\"summary_large_image\" \/>\n<meta name=\"twitter:creator\" content=\"@CentroUrbano\" \/>\n<meta name=\"twitter:site\" content=\"@CentroUrbano\" \/>\n<meta name=\"twitter:label1\" content=\"Escrito por\" \/>\n\t<meta name=\"twitter:data1\" content=\"G4A\" \/>\n\t<meta name=\"twitter:label2\" content=\"Tiempo de lectura\" \/>\n\t<meta name=\"twitter:data2\" content=\"1 minuto\" \/>\n<script type=\"application\/ld+json\" class=\"yoast-schema-graph\">{\"@context\":\"https:\\\/\\\/schema.org\",\"@graph\":[{\"@type\":\"Article\",\"@id\":\"https:\\\/\\\/centrourbano.com\\\/revista\\\/vivienda\\\/proponen-derogar-articulo-37-la-ley-del-infonavit\\\/#article\",\"isPartOf\":{\"@id\":\"https:\\\/\\\/centrourbano.com\\\/revista\\\/vivienda\\\/proponen-derogar-articulo-37-la-ley-del-infonavit\\\/\"},\"author\":{\"name\":\"G4A\",\"@id\":\"https:\\\/\\\/centrourbano.com\\\/revista\\\/#\\\/schema\\\/person\\\/370fa0ba2d8dd5bde3fdb8b62ad360aa\"},\"headline\":\"Proponen derogar art\u00edculo 37 de la Ley del Infonavit\",\"datePublished\":\"2018-07-17T18:51:50+00:00\",\"dateModified\":\"2018-07-19T22:09:49+00:00\",\"mainEntityOfPage\":{\"@id\":\"https:\\\/\\\/centrourbano.com\\\/revista\\\/vivienda\\\/proponen-derogar-articulo-37-la-ley-del-infonavit\\\/\"},\"wordCount\":308,\"commentCount\":0,\"publisher\":{\"@id\":\"https:\\\/\\\/centrourbano.com\\\/revista\\\/#organization\"},\"image\":{\"@id\":\"https:\\\/\\\/centrourbano.com\\\/revista\\\/vivienda\\\/proponen-derogar-articulo-37-la-ley-del-infonavit\\\/#primaryimage\"},\"thumbnailUrl\":\"https:\\\/\\\/centrourbano.com\\\/revista\\\/wp-content\\\/uploads\\\/palacio-legislativo-de-san-lazaro-01.jpg\",\"keywords\":[\"Ahorro\",\"Infonavit\",\"Morena\",\"San L\u00e1zaro\",\"Subcuenta de vivienda\",\"trabajador\",\"vivienda\"],\"articleSection\":[\"Vivienda\"],\"inLanguage\":\"es\"},{\"@type\":\"WebPage\",\"@id\":\"https:\\\/\\\/centrourbano.com\\\/revista\\\/vivienda\\\/proponen-derogar-articulo-37-la-ley-del-infonavit\\\/\",\"url\":\"https:\\\/\\\/centrourbano.com\\\/revista\\\/vivienda\\\/proponen-derogar-articulo-37-la-ley-del-infonavit\\\/\",\"name\":\"Proponen derogar art\u00edculo 37 de la Ley del Infonavit\",\"isPartOf\":{\"@id\":\"https:\\\/\\\/centrourbano.com\\\/revista\\\/#website\"},\"primaryImageOfPage\":{\"@id\":\"https:\\\/\\\/centrourbano.com\\\/revista\\\/vivienda\\\/proponen-derogar-articulo-37-la-ley-del-infonavit\\\/#primaryimage\"},\"image\":{\"@id\":\"https:\\\/\\\/centrourbano.com\\\/revista\\\/vivienda\\\/proponen-derogar-articulo-37-la-ley-del-infonavit\\\/#primaryimage\"},\"thumbnailUrl\":\"https:\\\/\\\/centrourbano.com\\\/revista\\\/wp-content\\\/uploads\\\/palacio-legislativo-de-san-lazaro-01.jpg\",\"datePublished\":\"2018-07-17T18:51:50+00:00\",\"dateModified\":\"2018-07-19T22:09:49+00:00\",\"description\":\"Este apartado establece que, si un trabajador no reclama los recursos de la subcuenta en 10 a\u00f1os a partir de calificar para el beneficio, el ahorro pasa a las arcas del Infonavit\",\"breadcrumb\":{\"@id\":\"https:\\\/\\\/centrourbano.com\\\/revista\\\/vivienda\\\/proponen-derogar-articulo-37-la-ley-del-infonavit\\\/#breadcrumb\"},\"inLanguage\":\"es\",\"potentialAction\":[{\"@type\":\"ReadAction\",\"target\":[\"https:\\\/\\\/centrourbano.com\\\/revista\\\/vivienda\\\/proponen-derogar-articulo-37-la-ley-del-infonavit\\\/\"]}]},{\"@type\":\"ImageObject\",\"inLanguage\":\"es\",\"@id\":\"https:\\\/\\\/centrourbano.com\\\/revista\\\/vivienda\\\/proponen-derogar-articulo-37-la-ley-del-infonavit\\\/#primaryimage\",\"url\":\"https:\\\/\\\/centrourbano.com\\\/revista\\\/wp-content\\\/uploads\\\/palacio-legislativo-de-san-lazaro-01.jpg\",\"contentUrl\":\"https:\\\/\\\/centrourbano.com\\\/revista\\\/wp-content\\\/uploads\\\/palacio-legislativo-de-san-lazaro-01.jpg\",\"width\":1281,\"height\":853},{\"@type\":\"BreadcrumbList\",\"@id\":\"https:\\\/\\\/centrourbano.com\\\/revista\\\/vivienda\\\/proponen-derogar-articulo-37-la-ley-del-infonavit\\\/#breadcrumb\",\"itemListElement\":[{\"@type\":\"ListItem\",\"position\":1,\"name\":\"Portada\",\"item\":\"https:\\\/\\\/centrourbano.com\\\/revista\\\/\"},{\"@type\":\"ListItem\",\"position\":2,\"name\":\"Proponen derogar art\u00edculo 37 de la Ley del Infonavit\"}]},{\"@type\":\"WebSite\",\"@id\":\"https:\\\/\\\/centrourbano.com\\\/revista\\\/#website\",\"url\":\"https:\\\/\\\/centrourbano.com\\\/revista\\\/\",\"name\":\"Centro Urbano\",\"description\":\"Medio especializado en los sectores vivienda, inmobiliario, construcci\u00f3n, arquitectura y urbanismo.\",\"publisher\":{\"@id\":\"https:\\\/\\\/centrourbano.com\\\/revista\\\/#organization\"},\"potentialAction\":[{\"@type\":\"SearchAction\",\"target\":{\"@type\":\"EntryPoint\",\"urlTemplate\":\"https:\\\/\\\/centrourbano.com\\\/revista\\\/?s={search_term_string}\"},\"query-input\":{\"@type\":\"PropertyValueSpecification\",\"valueRequired\":true,\"valueName\":\"search_term_string\"}}],\"inLanguage\":\"es\"},{\"@type\":\"Organization\",\"@id\":\"https:\\\/\\\/centrourbano.com\\\/revista\\\/#organization\",\"name\":\"Centro Urbano\",\"url\":\"https:\\\/\\\/centrourbano.com\\\/revista\\\/\",\"logo\":{\"@type\":\"ImageObject\",\"inLanguage\":\"es\",\"@id\":\"https:\\\/\\\/centrourbano.com\\\/revista\\\/#\\\/schema\\\/logo\\\/image\\\/\",\"url\":\"https:\\\/\\\/centrourbano.com\\\/revista\\\/wp-content\\\/uploads\\\/web_CU_logo-1.png\",\"contentUrl\":\"https:\\\/\\\/centrourbano.com\\\/revista\\\/wp-content\\\/uploads\\\/web_CU_logo-1.png\",\"width\":350,\"height\":91,\"caption\":\"Centro Urbano\"},\"image\":{\"@id\":\"https:\\\/\\\/centrourbano.com\\\/revista\\\/#\\\/schema\\\/logo\\\/image\\\/\"},\"sameAs\":[\"https:\\\/\\\/www.facebook.com\\\/portalcentrourbano\",\"https:\\\/\\\/x.com\\\/CentroUrbano\",\"https:\\\/\\\/www.instagram.com\\\/centro_urbano\\\/\",\"https:\\\/\\\/www.linkedin.com\\\/company\\\/centro-urbano\\\/\",\"http:\\\/\\\/www.youtube.com\\\/user\\\/portalcentrourbano\"]},{\"@type\":\"Person\",\"@id\":\"https:\\\/\\\/centrourbano.com\\\/revista\\\/#\\\/schema\\\/person\\\/370fa0ba2d8dd5bde3fdb8b62ad360aa\",\"name\":\"G4A\",\"image\":{\"@type\":\"ImageObject\",\"inLanguage\":\"es\",\"@id\":\"https:\\\/\\\/secure.gravatar.com\\\/avatar\\\/932a97121b13d5de5bbd8193c6c83d3b92c9eda0f39623607d4280e7a5778d97?s=96&d=mm&r=g\",\"url\":\"https:\\\/\\\/secure.gravatar.com\\\/avatar\\\/932a97121b13d5de5bbd8193c6c83d3b92c9eda0f39623607d4280e7a5778d97?s=96&d=mm&r=g\",\"contentUrl\":\"https:\\\/\\\/secure.gravatar.com\\\/avatar\\\/932a97121b13d5de5bbd8193c6c83d3b92c9eda0f39623607d4280e7a5778d97?s=96&d=mm&r=g\",\"caption\":\"G4A\"},\"url\":\"https:\\\/\\\/centrourbano.com\\\/revista\\\/author\\\/admin-g4a\\\/\"}]}<\/script>\n<!-- \/ Yoast SEO plugin. -->","yoast_head_json":{"title":"Proponen derogar art\u00edculo 37 de la Ley del Infonavit","description":"Este apartado establece que, si un trabajador no reclama los recursos de la subcuenta en 10 a\u00f1os a partir de calificar para el beneficio, el ahorro pasa a las arcas del Infonavit","robots":{"index":"index","follow":"follow","max-snippet":"max-snippet:-1","max-image-preview":"max-image-preview:large","max-video-preview":"max-video-preview:-1"},"canonical":"https:\/\/centrourbano.com\/revista\/vivienda\/proponen-derogar-articulo-37-la-ley-del-infonavit\/","og_locale":"es_ES","og_type":"article","og_title":"Proponen derogar art\u00edculo 37 de la Ley del Infonavit","og_description":"Este apartado establece que, si un trabajador no reclama los recursos de la subcuenta en 10 a\u00f1os a partir de calificar para el beneficio, el ahorro pasa a las arcas del Infonavit","og_url":"https:\/\/centrourbano.com\/revista\/vivienda\/proponen-derogar-articulo-37-la-ley-del-infonavit\/","og_site_name":"Centro Urbano","article_publisher":"https:\/\/www.facebook.com\/portalcentrourbano","article_published_time":"2018-07-17T18:51:50+00:00","article_modified_time":"2018-07-19T22:09:49+00:00","og_image":[{"width":1281,"height":853,"url":"https:\/\/centrourbano.com\/revista\/wp-content\/uploads\/palacio-legislativo-de-san-lazaro-01.jpg","type":"image\/jpeg"}],"author":"G4A","twitter_card":"summary_large_image","twitter_creator":"@CentroUrbano","twitter_site":"@CentroUrbano","twitter_misc":{"Escrito por":"G4A","Tiempo de lectura":"1 minuto"},"schema":{"@context":"https:\/\/schema.org","@graph":[{"@type":"Article","@id":"https:\/\/centrourbano.com\/revista\/vivienda\/proponen-derogar-articulo-37-la-ley-del-infonavit\/#article","isPartOf":{"@id":"https:\/\/centrourbano.com\/revista\/vivienda\/proponen-derogar-articulo-37-la-ley-del-infonavit\/"},"author":{"name":"G4A","@id":"https:\/\/centrourbano.com\/revista\/#\/schema\/person\/370fa0ba2d8dd5bde3fdb8b62ad360aa"},"headline":"Proponen derogar art\u00edculo 37 de la Ley del Infonavit","datePublished":"2018-07-17T18:51:50+00:00","dateModified":"2018-07-19T22:09:49+00:00","mainEntityOfPage":{"@id":"https:\/\/centrourbano.com\/revista\/vivienda\/proponen-derogar-articulo-37-la-ley-del-infonavit\/"},"wordCount":308,"commentCount":0,"publisher":{"@id":"https:\/\/centrourbano.com\/revista\/#organization"},"image":{"@id":"https:\/\/centrourbano.com\/revista\/vivienda\/proponen-derogar-articulo-37-la-ley-del-infonavit\/#primaryimage"},"thumbnailUrl":"https:\/\/centrourbano.com\/revista\/wp-content\/uploads\/palacio-legislativo-de-san-lazaro-01.jpg","keywords":["Ahorro","Infonavit","Morena","San L\u00e1zaro","Subcuenta de vivienda","trabajador","vivienda"],"articleSection":["Vivienda"],"inLanguage":"es"},{"@type":"WebPage","@id":"https:\/\/centrourbano.com\/revista\/vivienda\/proponen-derogar-articulo-37-la-ley-del-infonavit\/","url":"https:\/\/centrourbano.com\/revista\/vivienda\/proponen-derogar-articulo-37-la-ley-del-infonavit\/","name":"Proponen derogar art\u00edculo 37 de la Ley del Infonavit","isPartOf":{"@id":"https:\/\/centrourbano.com\/revista\/#website"},"primaryImageOfPage":{"@id":"https:\/\/centrourbano.com\/revista\/vivienda\/proponen-derogar-articulo-37-la-ley-del-infonavit\/#primaryimage"},"image":{"@id":"https:\/\/centrourbano.com\/revista\/vivienda\/proponen-derogar-articulo-37-la-ley-del-infonavit\/#primaryimage"},"thumbnailUrl":"https:\/\/centrourbano.com\/revista\/wp-content\/uploads\/palacio-legislativo-de-san-lazaro-01.jpg","datePublished":"2018-07-17T18:51:50+00:00","dateModified":"2018-07-19T22:09:49+00:00","description":"Este apartado establece que, si un trabajador no reclama los recursos de la subcuenta en 10 a\u00f1os a partir de calificar para el beneficio, el ahorro pasa a las arcas del Infonavit","breadcrumb":{"@id":"https:\/\/centrourbano.com\/revista\/vivienda\/proponen-derogar-articulo-37-la-ley-del-infonavit\/#breadcrumb"},"inLanguage":"es","potentialAction":[{"@type":"ReadAction","target":["https:\/\/centrourbano.com\/revista\/vivienda\/proponen-derogar-articulo-37-la-ley-del-infonavit\/"]}]},{"@type":"ImageObject","inLanguage":"es","@id":"https:\/\/centrourbano.com\/revista\/vivienda\/proponen-derogar-articulo-37-la-ley-del-infonavit\/#primaryimage","url":"https:\/\/centrourbano.com\/revista\/wp-content\/uploads\/palacio-legislativo-de-san-lazaro-01.jpg","contentUrl":"https:\/\/centrourbano.com\/revista\/wp-content\/uploads\/palacio-legislativo-de-san-lazaro-01.jpg","width":1281,"height":853},{"@type":"BreadcrumbList","@id":"https:\/\/centrourbano.com\/revista\/vivienda\/proponen-derogar-articulo-37-la-ley-del-infonavit\/#breadcrumb","itemListElement":[{"@type":"ListItem","position":1,"name":"Portada","item":"https:\/\/centrourbano.com\/revista\/"},{"@type":"ListItem","position":2,"name":"Proponen derogar art\u00edculo 37 de la Ley del Infonavit"}]},{"@type":"WebSite","@id":"https:\/\/centrourbano.com\/revista\/#website","url":"https:\/\/centrourbano.com\/revista\/","name":"Centro Urbano","description":"Medio especializado en los sectores vivienda, inmobiliario, construcci\u00f3n, arquitectura y urbanismo.","publisher":{"@id":"https:\/\/centrourbano.com\/revista\/#organization"},"potentialAction":[{"@type":"SearchAction","target":{"@type":"EntryPoint","urlTemplate":"https:\/\/centrourbano.com\/revista\/?s={search_term_string}"},"query-input":{"@type":"PropertyValueSpecification","valueRequired":true,"valueName":"search_term_string"}}],"inLanguage":"es"},{"@type":"Organization","@id":"https:\/\/centrourbano.com\/revista\/#organization","name":"Centro Urbano","url":"https:\/\/centrourbano.com\/revista\/","logo":{"@type":"ImageObject","inLanguage":"es","@id":"https:\/\/centrourbano.com\/revista\/#\/schema\/logo\/image\/","url":"https:\/\/centrourbano.com\/revista\/wp-content\/uploads\/web_CU_logo-1.png","contentUrl":"https:\/\/centrourbano.com\/revista\/wp-content\/uploads\/web_CU_logo-1.png","width":350,"height":91,"caption":"Centro Urbano"},"image":{"@id":"https:\/\/centrourbano.com\/revista\/#\/schema\/logo\/image\/"},"sameAs":["https:\/\/www.facebook.com\/portalcentrourbano","https:\/\/x.com\/CentroUrbano","https:\/\/www.instagram.com\/centro_urbano\/","https:\/\/www.linkedin.com\/company\/centro-urbano\/","http:\/\/www.youtube.com\/user\/portalcentrourbano"]},{"@type":"Person","@id":"https:\/\/centrourbano.com\/revista\/#\/schema\/person\/370fa0ba2d8dd5bde3fdb8b62ad360aa","name":"G4A","image":{"@type":"ImageObject","inLanguage":"es","@id":"https:\/\/secure.gravatar.com\/avatar\/932a97121b13d5de5bbd8193c6c83d3b92c9eda0f39623607d4280e7a5778d97?s=96&d=mm&r=g","url":"https:\/\/secure.gravatar.com\/avatar\/932a97121b13d5de5bbd8193c6c83d3b92c9eda0f39623607d4280e7a5778d97?s=96&d=mm&r=g","contentUrl":"https:\/\/secure.gravatar.com\/avatar\/932a97121b13d5de5bbd8193c6c83d3b92c9eda0f39623607d4280e7a5778d97?s=96&d=mm&r=g","caption":"G4A"},"url":"https:\/\/centrourbano.com\/revista\/author\/admin-g4a\/"}]}},"_links":{"self":[{"href":"https:\/\/centrourbano.com\/revista\/wp-json\/wp\/v2\/posts\/74535","targetHints":{"allow":["GET"]}}],"collection":[{"href":"https:\/\/centrourbano.com\/revista\/wp-json\/wp\/v2\/posts"}],"about":[{"href":"https:\/\/centrourbano.com\/revista\/wp-json\/wp\/v2\/types\/post"}],"author":[{"embeddable":true,"href":"https:\/\/centrourbano.com\/revista\/wp-json\/wp\/v2\/users\/77"}],"replies":[{"embeddable":true,"href":"https:\/\/centrourbano.com\/revista\/wp-json\/wp\/v2\/comments?post=74535"}],"version-history":[{"count":5,"href":"https:\/\/centrourbano.com\/revista\/wp-json\/wp\/v2\/posts\/74535\/revisions"}],"predecessor-version":[{"id":74741,"href":"https:\/\/centrourbano.com\/revista\/wp-json\/wp\/v2\/posts\/74535\/revisions\/74741"}],"wp:featuredmedia":[{"embeddable":true,"href":"https:\/\/centrourbano.com\/revista\/wp-json\/wp\/v2\/media\/24288"}],"wp:attachment":[{"href":"https:\/\/centrourbano.com\/revista\/wp-json\/wp\/v2\/media?parent=74535"}],"wp:term":[{"taxonomy":"category","embeddable":true,"href":"https:\/\/centrourbano.com\/revista\/wp-json\/wp\/v2\/categories?post=74535"},{"taxonomy":"post_tag","embeddable":true,"href":"https:\/\/centrourbano.com\/revista\/wp-json\/wp\/v2\/tags?post=74535"}],"curies":[{"name":"wp","href":"https:\/\/api.w.org\/{rel}","templated":true}]}}