{"id":74512,"date":"2018-07-17T10:39:38","date_gmt":"2018-07-17T15:39:38","guid":{"rendered":"https:\/\/centrourbano.com\/?p=74512"},"modified":"2018-07-17T10:52:35","modified_gmt":"2018-07-17T15:52:35","slug":"revisaran-seguridad-en-plazas-tras-colapso-en-artz-pedregal","status":"publish","type":"post","link":"https:\/\/centrourbano.com\/revista\/inmobiliario\/revisaran-seguridad-en-plazas-tras-colapso-en-artz-pedregal\/","title":{"rendered":"Revisar\u00e1n seguridad en plazas tras colapso en Artz Pedregal"},"content":{"rendered":"<p><em>Autoridades capitalinas y\u00a0la Asociaci\u00f3n Nacional de Tiendas de Autoservicio y Departamentales (ANTAD) revisar\u00e1n medidas de Protecci\u00f3n Civil\u00a0\u00a0<\/em><!--more--><\/p>\n<p>Aunque a\u00fan no se han dado a conocer las causas originales\u00a0del derrumbe de una parte de <strong>Plaza Artz Pedregal<\/strong>, ocurrido la semana pasada, las autoridades del Gobierno de la Ciudad de M\u00e9xico han informado que pronto se realizar\u00e1n varias acciones en conjunto con la Asociaci\u00f3n Nacional de Tiendas de Autoservicio y Departamentales (<a href=\"https:\/\/antad.net\/\" target=\"_blank\" rel=\"noopener noreferrer\"><strong>ANTAD<\/strong><\/a>) para revisar la seguridad de todos los centros comerciales de la capital.<\/p>\n<p>Jos\u00e9 Ram\u00f3n Amieva, actual jefe de gobierno, destac\u00f3 en una entrevista al finalizar su participaci\u00f3n en la Segunda Feria de Inversi\u00f3n Social de los programas Financiamiento para la Integraci\u00f3n Social (<strong>Profais<\/strong>) y de Coinversi\u00f3n para el Desarrollo Social, que la prioridad ser\u00e1 verificar que todos estos establecimientos cumplan con las medidas m\u00ednimas de Protecci\u00f3n Civil, por lo que el anuncio de la conformaci\u00f3n de dichos grupos se estar\u00eda dando a conocer en pr\u00f3ximos d\u00edas.<\/p>\n<p>\u00abVamos a ver c\u00f3mo andan en el cumplimiento de las medidas de Protecci\u00f3n Civil; vamos a generar el esquema de impacto que se puedan estar realizando tanto en los servicios como en las vialidades; para ello vamos a trabajar con las plazas comerciales\u00bb, detall\u00f3.<\/p>\n<p>El mandatario capitalino asever\u00f3 que estas acciones m\u00e1s all\u00e1 de ser una revisi\u00f3n a los inmuebles, se trata de un trabajo coordinado entre el gobierno y la ANTAD, para lograr que las plazas cumplan sus funciones comerciales y garanticen la seguridad tanto de usuarios como de los vecinos afectados.<\/p>\n<p>Adicional, Amieva G\u00e1lvez reiter\u00f3 dio a conocer que se ha solicitado al Procurador Ambiental y del Ordenamiento Territorial (<a href=\"http:\/\/www.paot.org.mx\/\" target=\"_blank\" rel=\"noopener noreferrer\"><strong>PAOT<\/strong><\/a>) que se suspendan todas las autorizaciones de aquellas construcciones que generan un impacto en superficies mayores o equivalentes a los 10,000 metros cuadrados.<\/p>\n<p>Por su parte, Plaza Artz y Grupo Sordo Madaleno inform\u00f3 por medio de un comunicado que ya se encuentran en colaboraci\u00f3n tanto con autoridades de la delegaci\u00f3n \u00c1lvaro Obreg\u00f3n como de la Ciudad de M\u00e9xico para determinar las causas que originaron el derrumbe.<\/p>\n<p>De manera preliminar se sabe que el colapso del centro comercial que promet\u00eda ser un \u00edcono de modernidad en el sur, el incidente fue ocasionado por la instalaci\u00f3n de una estructura adicional, y que no existe un dictamen de riesgo inminente por parte de las autoridades, sobre un posible derrumbe en los inmuebles cercanos.<\/p>\n","protected":false},"excerpt":{"rendered":"<p>Autoridades capitalinas y\u00a0la Asociaci\u00f3n Nacional de Tiendas de Autoservicio y Departamentales (ANTAD) revisar\u00e1n medidas de Protecci\u00f3n Civil\u00a0\u00a0<\/p>\n","protected":false},"author":69,"featured_media":74329,"comment_status":"open","ping_status":"closed","sticky":false,"template":"","format":"standard","meta":{"om_disable_all_campaigns":false,"inline_featured_image":false,"_monsterinsights_skip_tracking":false,"_monsterinsights_sitenote_active":false,"_monsterinsights_sitenote_note":"","_monsterinsights_sitenote_category":0,"footnotes":""},"categories":[15],"tags":[937,7871,61,1005,13891],"class_list":["post-74512","post","type-post","status-publish","format-standard","has-post-thumbnail","hentry","category-inmobiliario","tag-antad","tag-artz-pedregal","tag-centros-comerciales","tag-paot","tag-sordo-madeleno"],"yoast_head":"<!-- This site is optimized with the Yoast SEO plugin v27.4 - https:\/\/yoast.com\/product\/yoast-seo-wordpress\/ -->\n<title>Revisar\u00e1n seguridad en plazas tras colapso en Artz Pedregal<\/title>\n<meta name=\"description\" content=\"Autoridades capitalinas y la Asociaci\u00f3n Nacional de Tiendas de Autoservicio y Departamentales (ANTAD) revisar\u00e1n medidas de Protecci\u00f3n Civil\" \/>\n<meta name=\"robots\" content=\"index, follow, max-snippet:-1, max-image-preview:large, max-video-preview:-1\" \/>\n<link rel=\"canonical\" href=\"https:\/\/centrourbano.com\/revista\/inmobiliario\/revisaran-seguridad-en-plazas-tras-colapso-en-artz-pedregal\/\" \/>\n<meta property=\"og:locale\" content=\"es_ES\" \/>\n<meta property=\"og:type\" content=\"article\" \/>\n<meta property=\"og:title\" content=\"Revisar\u00e1n seguridad en plazas tras colapso en Artz Pedregal\" \/>\n<meta property=\"og:description\" content=\"Autoridades capitalinas y la Asociaci\u00f3n Nacional de Tiendas de Autoservicio y Departamentales (ANTAD) revisar\u00e1n medidas de Protecci\u00f3n Civil\" \/>\n<meta property=\"og:url\" content=\"https:\/\/centrourbano.com\/revista\/inmobiliario\/revisaran-seguridad-en-plazas-tras-colapso-en-artz-pedregal\/\" \/>\n<meta property=\"og:site_name\" content=\"Centro Urbano\" \/>\n<meta property=\"article:publisher\" content=\"https:\/\/www.facebook.com\/portalcentrourbano\" \/>\n<meta property=\"article:published_time\" content=\"2018-07-17T15:39:38+00:00\" \/>\n<meta property=\"article:modified_time\" content=\"2018-07-17T15:52:35+00:00\" \/>\n<meta property=\"og:image\" content=\"https:\/\/centrourbano.com\/revista\/wp-content\/uploads\/Dh7tf7SWkAAgQaI.jpg\" \/>\n\t<meta property=\"og:image:width\" content=\"1040\" \/>\n\t<meta property=\"og:image:height\" content=\"780\" \/>\n\t<meta property=\"og:image:type\" content=\"image\/jpeg\" \/>\n<meta name=\"author\" content=\"Fernando Navarrete\" \/>\n<meta name=\"twitter:card\" content=\"summary_large_image\" \/>\n<meta name=\"twitter:creator\" content=\"@CentroUrbano\" \/>\n<meta name=\"twitter:site\" content=\"@CentroUrbano\" \/>\n<meta name=\"twitter:label1\" content=\"Escrito por\" \/>\n\t<meta name=\"twitter:data1\" content=\"Fernando Navarrete\" \/>\n\t<meta name=\"twitter:label2\" content=\"Tiempo de lectura\" \/>\n\t<meta name=\"twitter:data2\" content=\"2 minutos\" \/>\n<script type=\"application\/ld+json\" class=\"yoast-schema-graph\">{\"@context\":\"https:\\\/\\\/schema.org\",\"@graph\":[{\"@type\":\"Article\",\"@id\":\"https:\\\/\\\/centrourbano.com\\\/revista\\\/inmobiliario\\\/revisaran-seguridad-en-plazas-tras-colapso-en-artz-pedregal\\\/#article\",\"isPartOf\":{\"@id\":\"https:\\\/\\\/centrourbano.com\\\/revista\\\/inmobiliario\\\/revisaran-seguridad-en-plazas-tras-colapso-en-artz-pedregal\\\/\"},\"author\":{\"name\":\"Fernando Navarrete\",\"@id\":\"https:\\\/\\\/centrourbano.com\\\/revista\\\/#\\\/schema\\\/person\\\/515c32d01ece40d20a7ed3fdf34051af\"},\"headline\":\"Revisar\u00e1n seguridad en plazas tras colapso en Artz Pedregal\",\"datePublished\":\"2018-07-17T15:39:38+00:00\",\"dateModified\":\"2018-07-17T15:52:35+00:00\",\"mainEntityOfPage\":{\"@id\":\"https:\\\/\\\/centrourbano.com\\\/revista\\\/inmobiliario\\\/revisaran-seguridad-en-plazas-tras-colapso-en-artz-pedregal\\\/\"},\"wordCount\":428,\"commentCount\":0,\"publisher\":{\"@id\":\"https:\\\/\\\/centrourbano.com\\\/revista\\\/#organization\"},\"image\":{\"@id\":\"https:\\\/\\\/centrourbano.com\\\/revista\\\/inmobiliario\\\/revisaran-seguridad-en-plazas-tras-colapso-en-artz-pedregal\\\/#primaryimage\"},\"thumbnailUrl\":\"https:\\\/\\\/centrourbano.com\\\/revista\\\/wp-content\\\/uploads\\\/Dh7tf7SWkAAgQaI.jpg\",\"keywords\":[\"ANTAD\",\"Artz Pedregal\",\"centros comerciales\",\"PAOT\",\"Sordo Madeleno\"],\"articleSection\":[\"Inmobiliario\"],\"inLanguage\":\"es\",\"potentialAction\":[{\"@type\":\"CommentAction\",\"name\":\"Comment\",\"target\":[\"https:\\\/\\\/centrourbano.com\\\/revista\\\/inmobiliario\\\/revisaran-seguridad-en-plazas-tras-colapso-en-artz-pedregal\\\/#respond\"]}]},{\"@type\":\"WebPage\",\"@id\":\"https:\\\/\\\/centrourbano.com\\\/revista\\\/inmobiliario\\\/revisaran-seguridad-en-plazas-tras-colapso-en-artz-pedregal\\\/\",\"url\":\"https:\\\/\\\/centrourbano.com\\\/revista\\\/inmobiliario\\\/revisaran-seguridad-en-plazas-tras-colapso-en-artz-pedregal\\\/\",\"name\":\"Revisar\u00e1n seguridad en plazas tras colapso en Artz Pedregal\",\"isPartOf\":{\"@id\":\"https:\\\/\\\/centrourbano.com\\\/revista\\\/#website\"},\"primaryImageOfPage\":{\"@id\":\"https:\\\/\\\/centrourbano.com\\\/revista\\\/inmobiliario\\\/revisaran-seguridad-en-plazas-tras-colapso-en-artz-pedregal\\\/#primaryimage\"},\"image\":{\"@id\":\"https:\\\/\\\/centrourbano.com\\\/revista\\\/inmobiliario\\\/revisaran-seguridad-en-plazas-tras-colapso-en-artz-pedregal\\\/#primaryimage\"},\"thumbnailUrl\":\"https:\\\/\\\/centrourbano.com\\\/revista\\\/wp-content\\\/uploads\\\/Dh7tf7SWkAAgQaI.jpg\",\"datePublished\":\"2018-07-17T15:39:38+00:00\",\"dateModified\":\"2018-07-17T15:52:35+00:00\",\"description\":\"Autoridades capitalinas y la Asociaci\u00f3n Nacional de Tiendas de Autoservicio y Departamentales (ANTAD) revisar\u00e1n medidas de Protecci\u00f3n Civil\",\"breadcrumb\":{\"@id\":\"https:\\\/\\\/centrourbano.com\\\/revista\\\/inmobiliario\\\/revisaran-seguridad-en-plazas-tras-colapso-en-artz-pedregal\\\/#breadcrumb\"},\"inLanguage\":\"es\",\"potentialAction\":[{\"@type\":\"ReadAction\",\"target\":[\"https:\\\/\\\/centrourbano.com\\\/revista\\\/inmobiliario\\\/revisaran-seguridad-en-plazas-tras-colapso-en-artz-pedregal\\\/\"]}]},{\"@type\":\"ImageObject\",\"inLanguage\":\"es\",\"@id\":\"https:\\\/\\\/centrourbano.com\\\/revista\\\/inmobiliario\\\/revisaran-seguridad-en-plazas-tras-colapso-en-artz-pedregal\\\/#primaryimage\",\"url\":\"https:\\\/\\\/centrourbano.com\\\/revista\\\/wp-content\\\/uploads\\\/Dh7tf7SWkAAgQaI.jpg\",\"contentUrl\":\"https:\\\/\\\/centrourbano.com\\\/revista\\\/wp-content\\\/uploads\\\/Dh7tf7SWkAAgQaI.jpg\",\"width\":1040,\"height\":780,\"caption\":\"Se aplicaron protocolos de protecci\u00f3n civil y no se reportan personas accidentadas, ni atrapadas\"},{\"@type\":\"BreadcrumbList\",\"@id\":\"https:\\\/\\\/centrourbano.com\\\/revista\\\/inmobiliario\\\/revisaran-seguridad-en-plazas-tras-colapso-en-artz-pedregal\\\/#breadcrumb\",\"itemListElement\":[{\"@type\":\"ListItem\",\"position\":1,\"name\":\"Portada\",\"item\":\"https:\\\/\\\/centrourbano.com\\\/revista\\\/\"},{\"@type\":\"ListItem\",\"position\":2,\"name\":\"Revisar\u00e1n seguridad en plazas tras colapso en Artz Pedregal\"}]},{\"@type\":\"WebSite\",\"@id\":\"https:\\\/\\\/centrourbano.com\\\/revista\\\/#website\",\"url\":\"https:\\\/\\\/centrourbano.com\\\/revista\\\/\",\"name\":\"Centro Urbano\",\"description\":\"Medio especializado en los sectores vivienda, inmobiliario, construcci\u00f3n, arquitectura y urbanismo.\",\"publisher\":{\"@id\":\"https:\\\/\\\/centrourbano.com\\\/revista\\\/#organization\"},\"potentialAction\":[{\"@type\":\"SearchAction\",\"target\":{\"@type\":\"EntryPoint\",\"urlTemplate\":\"https:\\\/\\\/centrourbano.com\\\/revista\\\/?s={search_term_string}\"},\"query-input\":{\"@type\":\"PropertyValueSpecification\",\"valueRequired\":true,\"valueName\":\"search_term_string\"}}],\"inLanguage\":\"es\"},{\"@type\":\"Organization\",\"@id\":\"https:\\\/\\\/centrourbano.com\\\/revista\\\/#organization\",\"name\":\"Centro Urbano\",\"url\":\"https:\\\/\\\/centrourbano.com\\\/revista\\\/\",\"logo\":{\"@type\":\"ImageObject\",\"inLanguage\":\"es\",\"@id\":\"https:\\\/\\\/centrourbano.com\\\/revista\\\/#\\\/schema\\\/logo\\\/image\\\/\",\"url\":\"https:\\\/\\\/centrourbano.com\\\/revista\\\/wp-content\\\/uploads\\\/web_CU_logo-1.png\",\"contentUrl\":\"https:\\\/\\\/centrourbano.com\\\/revista\\\/wp-content\\\/uploads\\\/web_CU_logo-1.png\",\"width\":350,\"height\":91,\"caption\":\"Centro Urbano\"},\"image\":{\"@id\":\"https:\\\/\\\/centrourbano.com\\\/revista\\\/#\\\/schema\\\/logo\\\/image\\\/\"},\"sameAs\":[\"https:\\\/\\\/www.facebook.com\\\/portalcentrourbano\",\"https:\\\/\\\/x.com\\\/CentroUrbano\",\"https:\\\/\\\/www.instagram.com\\\/centro_urbano\\\/\",\"https:\\\/\\\/www.linkedin.com\\\/company\\\/centro-urbano\\\/\",\"http:\\\/\\\/www.youtube.com\\\/user\\\/portalcentrourbano\"]},{\"@type\":\"Person\",\"@id\":\"https:\\\/\\\/centrourbano.com\\\/revista\\\/#\\\/schema\\\/person\\\/515c32d01ece40d20a7ed3fdf34051af\",\"name\":\"Fernando Navarrete\",\"image\":{\"@type\":\"ImageObject\",\"inLanguage\":\"es\",\"@id\":\"https:\\\/\\\/secure.gravatar.com\\\/avatar\\\/f4dd6927a99e72698473e350e20ec8a38bd48cb668e15b03d04e8e537da41ad0?s=96&d=mm&r=g\",\"url\":\"https:\\\/\\\/secure.gravatar.com\\\/avatar\\\/f4dd6927a99e72698473e350e20ec8a38bd48cb668e15b03d04e8e537da41ad0?s=96&d=mm&r=g\",\"contentUrl\":\"https:\\\/\\\/secure.gravatar.com\\\/avatar\\\/f4dd6927a99e72698473e350e20ec8a38bd48cb668e15b03d04e8e537da41ad0?s=96&d=mm&r=g\",\"caption\":\"Fernando Navarrete\"},\"description\":\"Reportero de negocios, inmobiliario, construcci\u00f3n e industria. Me interesa la econom\u00eda, pol\u00edtica, historia y antropolog\u00eda. Estudi\u00e9 en la Facultad de Ciencias Pol\u00edticas y Sociales de la UNAM. Tengo experiencia en el sector p\u00fablico, la industria del acero, ingenier\u00eda civil, IT y corporativos; soy un nost\u00e1lgico nacionalista contempor\u00e1neo que cree en la grandeza de su pa\u00eds. Asiduo lector de Juan Rulfo, Jos\u00e9 Revueltas y J. R. R Tolkien.\",\"url\":\"https:\\\/\\\/centrourbano.com\\\/revista\\\/author\\\/fernando-navarrete\\\/\"}]}<\/script>\n<!-- \/ Yoast SEO plugin. -->","yoast_head_json":{"title":"Revisar\u00e1n seguridad en plazas tras colapso en Artz Pedregal","description":"Autoridades capitalinas y la Asociaci\u00f3n Nacional de Tiendas de Autoservicio y Departamentales (ANTAD) revisar\u00e1n medidas de Protecci\u00f3n Civil","robots":{"index":"index","follow":"follow","max-snippet":"max-snippet:-1","max-image-preview":"max-image-preview:large","max-video-preview":"max-video-preview:-1"},"canonical":"https:\/\/centrourbano.com\/revista\/inmobiliario\/revisaran-seguridad-en-plazas-tras-colapso-en-artz-pedregal\/","og_locale":"es_ES","og_type":"article","og_title":"Revisar\u00e1n seguridad en plazas tras colapso en Artz Pedregal","og_description":"Autoridades capitalinas y la Asociaci\u00f3n Nacional de Tiendas de Autoservicio y Departamentales (ANTAD) revisar\u00e1n medidas de Protecci\u00f3n Civil","og_url":"https:\/\/centrourbano.com\/revista\/inmobiliario\/revisaran-seguridad-en-plazas-tras-colapso-en-artz-pedregal\/","og_site_name":"Centro Urbano","article_publisher":"https:\/\/www.facebook.com\/portalcentrourbano","article_published_time":"2018-07-17T15:39:38+00:00","article_modified_time":"2018-07-17T15:52:35+00:00","og_image":[{"width":1040,"height":780,"url":"https:\/\/centrourbano.com\/revista\/wp-content\/uploads\/Dh7tf7SWkAAgQaI.jpg","type":"image\/jpeg"}],"author":"Fernando Navarrete","twitter_card":"summary_large_image","twitter_creator":"@CentroUrbano","twitter_site":"@CentroUrbano","twitter_misc":{"Escrito por":"Fernando Navarrete","Tiempo de lectura":"2 minutos"},"schema":{"@context":"https:\/\/schema.org","@graph":[{"@type":"Article","@id":"https:\/\/centrourbano.com\/revista\/inmobiliario\/revisaran-seguridad-en-plazas-tras-colapso-en-artz-pedregal\/#article","isPartOf":{"@id":"https:\/\/centrourbano.com\/revista\/inmobiliario\/revisaran-seguridad-en-plazas-tras-colapso-en-artz-pedregal\/"},"author":{"name":"Fernando Navarrete","@id":"https:\/\/centrourbano.com\/revista\/#\/schema\/person\/515c32d01ece40d20a7ed3fdf34051af"},"headline":"Revisar\u00e1n seguridad en plazas tras colapso en Artz Pedregal","datePublished":"2018-07-17T15:39:38+00:00","dateModified":"2018-07-17T15:52:35+00:00","mainEntityOfPage":{"@id":"https:\/\/centrourbano.com\/revista\/inmobiliario\/revisaran-seguridad-en-plazas-tras-colapso-en-artz-pedregal\/"},"wordCount":428,"commentCount":0,"publisher":{"@id":"https:\/\/centrourbano.com\/revista\/#organization"},"image":{"@id":"https:\/\/centrourbano.com\/revista\/inmobiliario\/revisaran-seguridad-en-plazas-tras-colapso-en-artz-pedregal\/#primaryimage"},"thumbnailUrl":"https:\/\/centrourbano.com\/revista\/wp-content\/uploads\/Dh7tf7SWkAAgQaI.jpg","keywords":["ANTAD","Artz Pedregal","centros comerciales","PAOT","Sordo Madeleno"],"articleSection":["Inmobiliario"],"inLanguage":"es","potentialAction":[{"@type":"CommentAction","name":"Comment","target":["https:\/\/centrourbano.com\/revista\/inmobiliario\/revisaran-seguridad-en-plazas-tras-colapso-en-artz-pedregal\/#respond"]}]},{"@type":"WebPage","@id":"https:\/\/centrourbano.com\/revista\/inmobiliario\/revisaran-seguridad-en-plazas-tras-colapso-en-artz-pedregal\/","url":"https:\/\/centrourbano.com\/revista\/inmobiliario\/revisaran-seguridad-en-plazas-tras-colapso-en-artz-pedregal\/","name":"Revisar\u00e1n seguridad en plazas tras colapso en Artz Pedregal","isPartOf":{"@id":"https:\/\/centrourbano.com\/revista\/#website"},"primaryImageOfPage":{"@id":"https:\/\/centrourbano.com\/revista\/inmobiliario\/revisaran-seguridad-en-plazas-tras-colapso-en-artz-pedregal\/#primaryimage"},"image":{"@id":"https:\/\/centrourbano.com\/revista\/inmobiliario\/revisaran-seguridad-en-plazas-tras-colapso-en-artz-pedregal\/#primaryimage"},"thumbnailUrl":"https:\/\/centrourbano.com\/revista\/wp-content\/uploads\/Dh7tf7SWkAAgQaI.jpg","datePublished":"2018-07-17T15:39:38+00:00","dateModified":"2018-07-17T15:52:35+00:00","description":"Autoridades capitalinas y la Asociaci\u00f3n Nacional de Tiendas de Autoservicio y Departamentales (ANTAD) revisar\u00e1n medidas de Protecci\u00f3n Civil","breadcrumb":{"@id":"https:\/\/centrourbano.com\/revista\/inmobiliario\/revisaran-seguridad-en-plazas-tras-colapso-en-artz-pedregal\/#breadcrumb"},"inLanguage":"es","potentialAction":[{"@type":"ReadAction","target":["https:\/\/centrourbano.com\/revista\/inmobiliario\/revisaran-seguridad-en-plazas-tras-colapso-en-artz-pedregal\/"]}]},{"@type":"ImageObject","inLanguage":"es","@id":"https:\/\/centrourbano.com\/revista\/inmobiliario\/revisaran-seguridad-en-plazas-tras-colapso-en-artz-pedregal\/#primaryimage","url":"https:\/\/centrourbano.com\/revista\/wp-content\/uploads\/Dh7tf7SWkAAgQaI.jpg","contentUrl":"https:\/\/centrourbano.com\/revista\/wp-content\/uploads\/Dh7tf7SWkAAgQaI.jpg","width":1040,"height":780,"caption":"Se aplicaron protocolos de protecci\u00f3n civil y no se reportan personas accidentadas, ni atrapadas"},{"@type":"BreadcrumbList","@id":"https:\/\/centrourbano.com\/revista\/inmobiliario\/revisaran-seguridad-en-plazas-tras-colapso-en-artz-pedregal\/#breadcrumb","itemListElement":[{"@type":"ListItem","position":1,"name":"Portada","item":"https:\/\/centrourbano.com\/revista\/"},{"@type":"ListItem","position":2,"name":"Revisar\u00e1n seguridad en plazas tras colapso en Artz Pedregal"}]},{"@type":"WebSite","@id":"https:\/\/centrourbano.com\/revista\/#website","url":"https:\/\/centrourbano.com\/revista\/","name":"Centro Urbano","description":"Medio especializado en los sectores vivienda, inmobiliario, construcci\u00f3n, arquitectura y urbanismo.","publisher":{"@id":"https:\/\/centrourbano.com\/revista\/#organization"},"potentialAction":[{"@type":"SearchAction","target":{"@type":"EntryPoint","urlTemplate":"https:\/\/centrourbano.com\/revista\/?s={search_term_string}"},"query-input":{"@type":"PropertyValueSpecification","valueRequired":true,"valueName":"search_term_string"}}],"inLanguage":"es"},{"@type":"Organization","@id":"https:\/\/centrourbano.com\/revista\/#organization","name":"Centro Urbano","url":"https:\/\/centrourbano.com\/revista\/","logo":{"@type":"ImageObject","inLanguage":"es","@id":"https:\/\/centrourbano.com\/revista\/#\/schema\/logo\/image\/","url":"https:\/\/centrourbano.com\/revista\/wp-content\/uploads\/web_CU_logo-1.png","contentUrl":"https:\/\/centrourbano.com\/revista\/wp-content\/uploads\/web_CU_logo-1.png","width":350,"height":91,"caption":"Centro Urbano"},"image":{"@id":"https:\/\/centrourbano.com\/revista\/#\/schema\/logo\/image\/"},"sameAs":["https:\/\/www.facebook.com\/portalcentrourbano","https:\/\/x.com\/CentroUrbano","https:\/\/www.instagram.com\/centro_urbano\/","https:\/\/www.linkedin.com\/company\/centro-urbano\/","http:\/\/www.youtube.com\/user\/portalcentrourbano"]},{"@type":"Person","@id":"https:\/\/centrourbano.com\/revista\/#\/schema\/person\/515c32d01ece40d20a7ed3fdf34051af","name":"Fernando Navarrete","image":{"@type":"ImageObject","inLanguage":"es","@id":"https:\/\/secure.gravatar.com\/avatar\/f4dd6927a99e72698473e350e20ec8a38bd48cb668e15b03d04e8e537da41ad0?s=96&d=mm&r=g","url":"https:\/\/secure.gravatar.com\/avatar\/f4dd6927a99e72698473e350e20ec8a38bd48cb668e15b03d04e8e537da41ad0?s=96&d=mm&r=g","contentUrl":"https:\/\/secure.gravatar.com\/avatar\/f4dd6927a99e72698473e350e20ec8a38bd48cb668e15b03d04e8e537da41ad0?s=96&d=mm&r=g","caption":"Fernando Navarrete"},"description":"Reportero de negocios, inmobiliario, construcci\u00f3n e industria. Me interesa la econom\u00eda, pol\u00edtica, historia y antropolog\u00eda. Estudi\u00e9 en la Facultad de Ciencias Pol\u00edticas y Sociales de la UNAM. Tengo experiencia en el sector p\u00fablico, la industria del acero, ingenier\u00eda civil, IT y corporativos; soy un nost\u00e1lgico nacionalista contempor\u00e1neo que cree en la grandeza de su pa\u00eds. Asiduo lector de Juan Rulfo, Jos\u00e9 Revueltas y J. R. R Tolkien.","url":"https:\/\/centrourbano.com\/revista\/author\/fernando-navarrete\/"}]}},"_links":{"self":[{"href":"https:\/\/centrourbano.com\/revista\/wp-json\/wp\/v2\/posts\/74512","targetHints":{"allow":["GET"]}}],"collection":[{"href":"https:\/\/centrourbano.com\/revista\/wp-json\/wp\/v2\/posts"}],"about":[{"href":"https:\/\/centrourbano.com\/revista\/wp-json\/wp\/v2\/types\/post"}],"author":[{"embeddable":true,"href":"https:\/\/centrourbano.com\/revista\/wp-json\/wp\/v2\/users\/69"}],"replies":[{"embeddable":true,"href":"https:\/\/centrourbano.com\/revista\/wp-json\/wp\/v2\/comments?post=74512"}],"version-history":[{"count":2,"href":"https:\/\/centrourbano.com\/revista\/wp-json\/wp\/v2\/posts\/74512\/revisions"}],"predecessor-version":[{"id":74515,"href":"https:\/\/centrourbano.com\/revista\/wp-json\/wp\/v2\/posts\/74512\/revisions\/74515"}],"wp:featuredmedia":[{"embeddable":true,"href":"https:\/\/centrourbano.com\/revista\/wp-json\/wp\/v2\/media\/74329"}],"wp:attachment":[{"href":"https:\/\/centrourbano.com\/revista\/wp-json\/wp\/v2\/media?parent=74512"}],"wp:term":[{"taxonomy":"category","embeddable":true,"href":"https:\/\/centrourbano.com\/revista\/wp-json\/wp\/v2\/categories?post=74512"},{"taxonomy":"post_tag","embeddable":true,"href":"https:\/\/centrourbano.com\/revista\/wp-json\/wp\/v2\/tags?post=74512"}],"curies":[{"name":"wp","href":"https:\/\/api.w.org\/{rel}","templated":true}]}}