{"id":74457,"date":"2018-07-17T09:08:19","date_gmt":"2018-07-17T14:08:19","guid":{"rendered":"https:\/\/centrourbano.com\/?p=74457"},"modified":"2018-07-16T16:13:34","modified_gmt":"2018-07-16T21:13:34","slug":"reportan-avance-del-27-ampliacion-linea-12","status":"publish","type":"post","link":"https:\/\/centrourbano.com\/revista\/construccion\/reportan-avance-del-27-ampliacion-linea-12\/","title":{"rendered":"Reportan avance del 27% en ampliaci\u00f3n de L\u00ednea 12"},"content":{"rendered":"<p><em>Conectar\u00e1 a Mixcoac con observatorio y tendr\u00e1 dos estaciones intermedias\u00a0<\/em><!--more--><\/p>\n<p><strong><a href=\"http:\/\/www.obras.cdmx.gob.mx\/proyectos\/AmpliacionL12\" target=\"_blank\" rel=\"noopener noreferrer\">La Secretar\u00eda de Obras y Servicios<\/a><\/strong>\u00a0(Sobse) de la Ciudad de M\u00e9xico inform\u00f3 que hay un avance del 27% en la construcci\u00f3n de la ampliaci\u00f3n de la L\u00ednea 12 del Sistema de Transporte Colectivo (STC) Metro.<\/p>\n<p>Detall\u00f3 que cuentan con frentes de obra en cuatro intertramos y cinco lumbreras para construir el t\u00fanel de 4.6 kil\u00f3metros, en el que se ubicaran dos estaciones que conectaran <strong>Mixcoac<\/strong> con <strong>Observatorio.<\/strong><\/p>\n<p>El t\u00fanel tendr\u00e1 13 lumbreras de una profundidad \u00a0entre 15 y 46 metros, as\u00ed como una cola de maniobras, una zona de transici\u00f3n y el dep\u00f3sito de trenes.<\/p>\n","protected":false},"excerpt":{"rendered":"<p>Conectar\u00e1 a Mixcoac con observatorio y tendr\u00e1 dos estaciones intermedias\u00a0<\/p>\n","protected":false},"author":64,"featured_media":74458,"comment_status":"open","ping_status":"closed","sticky":false,"template":"","format":"standard","meta":{"om_disable_all_campaigns":false,"inline_featured_image":false,"_monsterinsights_skip_tracking":false,"_monsterinsights_sitenote_active":false,"_monsterinsights_sitenote_note":"","_monsterinsights_sitenote_category":0,"footnotes":""},"categories":[14],"tags":[5043,606,463,32,402,34,76],"class_list":["post-74457","post","type-post","status-publish","format-standard","has-post-thumbnail","hentry","category-construccion","tag-ampliacion","tag-cdmx","tag-linea-12","tag-metro","tag-sobse","tag-stc","tag-tunel"],"yoast_head":"<!-- This site is optimized with the Yoast SEO plugin v27.4 - https:\/\/yoast.com\/product\/yoast-seo-wordpress\/ -->\n<title>Reportan avance del 27% en ampliaci\u00f3n de L\u00ednea 12<\/title>\n<meta name=\"description\" content=\"Conectar\u00e1 a Mixcoac con observatorio y tendr\u00e1 dos estaciones intermedias\" \/>\n<meta name=\"robots\" content=\"index, follow, max-snippet:-1, max-image-preview:large, max-video-preview:-1\" \/>\n<link rel=\"canonical\" href=\"https:\/\/centrourbano.com\/revista\/construccion\/reportan-avance-del-27-ampliacion-linea-12\/\" \/>\n<meta property=\"og:locale\" content=\"es_ES\" \/>\n<meta property=\"og:type\" content=\"article\" \/>\n<meta property=\"og:title\" content=\"Reportan avance del 27% en ampliaci\u00f3n de L\u00ednea 12\" \/>\n<meta property=\"og:description\" content=\"Conectar\u00e1 a Mixcoac con observatorio y tendr\u00e1 dos estaciones intermedias\" \/>\n<meta property=\"og:url\" content=\"https:\/\/centrourbano.com\/revista\/construccion\/reportan-avance-del-27-ampliacion-linea-12\/\" \/>\n<meta property=\"og:site_name\" content=\"Centro Urbano\" \/>\n<meta property=\"article:publisher\" content=\"https:\/\/www.facebook.com\/portalcentrourbano\" \/>\n<meta property=\"article:published_time\" content=\"2018-07-17T14:08:19+00:00\" \/>\n<meta property=\"og:image\" content=\"https:\/\/centrourbano.com\/revista\/wp-content\/uploads\/DiQDuz-V4AAaeyj.jpg\" \/>\n\t<meta property=\"og:image:width\" content=\"1200\" \/>\n\t<meta property=\"og:image:height\" content=\"900\" \/>\n\t<meta property=\"og:image:type\" content=\"image\/jpeg\" \/>\n<meta name=\"author\" content=\"Karla Esperanza\" \/>\n<meta name=\"twitter:card\" content=\"summary_large_image\" \/>\n<meta name=\"twitter:creator\" content=\"@CentroUrbano\" \/>\n<meta name=\"twitter:site\" content=\"@CentroUrbano\" \/>\n<meta name=\"twitter:label1\" content=\"Escrito por\" \/>\n\t<meta name=\"twitter:data1\" content=\"Karla Esperanza\" \/>\n\t<meta name=\"twitter:label2\" content=\"Tiempo de lectura\" \/>\n\t<meta name=\"twitter:data2\" content=\"1 minuto\" \/>\n<script type=\"application\/ld+json\" class=\"yoast-schema-graph\">{\"@context\":\"https:\\\/\\\/schema.org\",\"@graph\":[{\"@type\":\"Article\",\"@id\":\"https:\\\/\\\/centrourbano.com\\\/revista\\\/construccion\\\/reportan-avance-del-27-ampliacion-linea-12\\\/#article\",\"isPartOf\":{\"@id\":\"https:\\\/\\\/centrourbano.com\\\/revista\\\/construccion\\\/reportan-avance-del-27-ampliacion-linea-12\\\/\"},\"author\":{\"name\":\"Karla Esperanza\",\"@id\":\"https:\\\/\\\/centrourbano.com\\\/revista\\\/#\\\/schema\\\/person\\\/1d952c872f21e733a753a18cc4b5298a\"},\"headline\":\"Reportan avance del 27% en ampliaci\u00f3n de L\u00ednea 12\",\"datePublished\":\"2018-07-17T14:08:19+00:00\",\"mainEntityOfPage\":{\"@id\":\"https:\\\/\\\/centrourbano.com\\\/revista\\\/construccion\\\/reportan-avance-del-27-ampliacion-linea-12\\\/\"},\"wordCount\":119,\"commentCount\":0,\"publisher\":{\"@id\":\"https:\\\/\\\/centrourbano.com\\\/revista\\\/#organization\"},\"image\":{\"@id\":\"https:\\\/\\\/centrourbano.com\\\/revista\\\/construccion\\\/reportan-avance-del-27-ampliacion-linea-12\\\/#primaryimage\"},\"thumbnailUrl\":\"https:\\\/\\\/centrourbano.com\\\/revista\\\/wp-content\\\/uploads\\\/DiQDuz-V4AAaeyj.jpg\",\"keywords\":[\"ampliaci\u00f3n\",\"CDMX\",\"L\u00ednea 12\",\"metro\",\"Sobse\",\"STC\",\"t\u00fanel\"],\"articleSection\":[\"Construcci\u00f3n\"],\"inLanguage\":\"es\",\"potentialAction\":[{\"@type\":\"CommentAction\",\"name\":\"Comment\",\"target\":[\"https:\\\/\\\/centrourbano.com\\\/revista\\\/construccion\\\/reportan-avance-del-27-ampliacion-linea-12\\\/#respond\"]}]},{\"@type\":\"WebPage\",\"@id\":\"https:\\\/\\\/centrourbano.com\\\/revista\\\/construccion\\\/reportan-avance-del-27-ampliacion-linea-12\\\/\",\"url\":\"https:\\\/\\\/centrourbano.com\\\/revista\\\/construccion\\\/reportan-avance-del-27-ampliacion-linea-12\\\/\",\"name\":\"Reportan avance del 27% en ampliaci\u00f3n de L\u00ednea 12\",\"isPartOf\":{\"@id\":\"https:\\\/\\\/centrourbano.com\\\/revista\\\/#website\"},\"primaryImageOfPage\":{\"@id\":\"https:\\\/\\\/centrourbano.com\\\/revista\\\/construccion\\\/reportan-avance-del-27-ampliacion-linea-12\\\/#primaryimage\"},\"image\":{\"@id\":\"https:\\\/\\\/centrourbano.com\\\/revista\\\/construccion\\\/reportan-avance-del-27-ampliacion-linea-12\\\/#primaryimage\"},\"thumbnailUrl\":\"https:\\\/\\\/centrourbano.com\\\/revista\\\/wp-content\\\/uploads\\\/DiQDuz-V4AAaeyj.jpg\",\"datePublished\":\"2018-07-17T14:08:19+00:00\",\"description\":\"Conectar\u00e1 a Mixcoac con observatorio y tendr\u00e1 dos estaciones intermedias\",\"breadcrumb\":{\"@id\":\"https:\\\/\\\/centrourbano.com\\\/revista\\\/construccion\\\/reportan-avance-del-27-ampliacion-linea-12\\\/#breadcrumb\"},\"inLanguage\":\"es\",\"potentialAction\":[{\"@type\":\"ReadAction\",\"target\":[\"https:\\\/\\\/centrourbano.com\\\/revista\\\/construccion\\\/reportan-avance-del-27-ampliacion-linea-12\\\/\"]}]},{\"@type\":\"ImageObject\",\"inLanguage\":\"es\",\"@id\":\"https:\\\/\\\/centrourbano.com\\\/revista\\\/construccion\\\/reportan-avance-del-27-ampliacion-linea-12\\\/#primaryimage\",\"url\":\"https:\\\/\\\/centrourbano.com\\\/revista\\\/wp-content\\\/uploads\\\/DiQDuz-V4AAaeyj.jpg\",\"contentUrl\":\"https:\\\/\\\/centrourbano.com\\\/revista\\\/wp-content\\\/uploads\\\/DiQDuz-V4AAaeyj.jpg\",\"width\":1200,\"height\":900,\"caption\":\"Conectar\u00e1 a Mixcoac con observatorio y tendr\u00e1 dos estaciones intermedias\"},{\"@type\":\"BreadcrumbList\",\"@id\":\"https:\\\/\\\/centrourbano.com\\\/revista\\\/construccion\\\/reportan-avance-del-27-ampliacion-linea-12\\\/#breadcrumb\",\"itemListElement\":[{\"@type\":\"ListItem\",\"position\":1,\"name\":\"Portada\",\"item\":\"https:\\\/\\\/centrourbano.com\\\/revista\\\/\"},{\"@type\":\"ListItem\",\"position\":2,\"name\":\"Reportan avance del 27% en ampliaci\u00f3n de L\u00ednea 12\"}]},{\"@type\":\"WebSite\",\"@id\":\"https:\\\/\\\/centrourbano.com\\\/revista\\\/#website\",\"url\":\"https:\\\/\\\/centrourbano.com\\\/revista\\\/\",\"name\":\"Centro Urbano\",\"description\":\"Medio especializado en los sectores vivienda, inmobiliario, construcci\u00f3n, arquitectura y urbanismo.\",\"publisher\":{\"@id\":\"https:\\\/\\\/centrourbano.com\\\/revista\\\/#organization\"},\"potentialAction\":[{\"@type\":\"SearchAction\",\"target\":{\"@type\":\"EntryPoint\",\"urlTemplate\":\"https:\\\/\\\/centrourbano.com\\\/revista\\\/?s={search_term_string}\"},\"query-input\":{\"@type\":\"PropertyValueSpecification\",\"valueRequired\":true,\"valueName\":\"search_term_string\"}}],\"inLanguage\":\"es\"},{\"@type\":\"Organization\",\"@id\":\"https:\\\/\\\/centrourbano.com\\\/revista\\\/#organization\",\"name\":\"Centro Urbano\",\"url\":\"https:\\\/\\\/centrourbano.com\\\/revista\\\/\",\"logo\":{\"@type\":\"ImageObject\",\"inLanguage\":\"es\",\"@id\":\"https:\\\/\\\/centrourbano.com\\\/revista\\\/#\\\/schema\\\/logo\\\/image\\\/\",\"url\":\"https:\\\/\\\/centrourbano.com\\\/revista\\\/wp-content\\\/uploads\\\/web_CU_logo-1.png\",\"contentUrl\":\"https:\\\/\\\/centrourbano.com\\\/revista\\\/wp-content\\\/uploads\\\/web_CU_logo-1.png\",\"width\":350,\"height\":91,\"caption\":\"Centro Urbano\"},\"image\":{\"@id\":\"https:\\\/\\\/centrourbano.com\\\/revista\\\/#\\\/schema\\\/logo\\\/image\\\/\"},\"sameAs\":[\"https:\\\/\\\/www.facebook.com\\\/portalcentrourbano\",\"https:\\\/\\\/x.com\\\/CentroUrbano\",\"https:\\\/\\\/www.instagram.com\\\/centro_urbano\\\/\",\"https:\\\/\\\/www.linkedin.com\\\/company\\\/centro-urbano\\\/\",\"http:\\\/\\\/www.youtube.com\\\/user\\\/portalcentrourbano\"]},{\"@type\":\"Person\",\"@id\":\"https:\\\/\\\/centrourbano.com\\\/revista\\\/#\\\/schema\\\/person\\\/1d952c872f21e733a753a18cc4b5298a\",\"name\":\"Karla Esperanza\",\"image\":{\"@type\":\"ImageObject\",\"inLanguage\":\"es\",\"@id\":\"https:\\\/\\\/secure.gravatar.com\\\/avatar\\\/bea847a7925ef868d37c5a55ab5e341c9e769fab11b85a359090daa4d6fb4a2e?s=96&d=mm&r=g\",\"url\":\"https:\\\/\\\/secure.gravatar.com\\\/avatar\\\/bea847a7925ef868d37c5a55ab5e341c9e769fab11b85a359090daa4d6fb4a2e?s=96&d=mm&r=g\",\"contentUrl\":\"https:\\\/\\\/secure.gravatar.com\\\/avatar\\\/bea847a7925ef868d37c5a55ab5e341c9e769fab11b85a359090daa4d6fb4a2e?s=96&d=mm&r=g\",\"caption\":\"Karla Esperanza\"},\"url\":\"https:\\\/\\\/centrourbano.com\\\/revista\\\/author\\\/karla-esperanza\\\/\"}]}<\/script>\n<!-- \/ Yoast SEO plugin. -->","yoast_head_json":{"title":"Reportan avance del 27% en ampliaci\u00f3n de L\u00ednea 12","description":"Conectar\u00e1 a Mixcoac con observatorio y tendr\u00e1 dos estaciones intermedias","robots":{"index":"index","follow":"follow","max-snippet":"max-snippet:-1","max-image-preview":"max-image-preview:large","max-video-preview":"max-video-preview:-1"},"canonical":"https:\/\/centrourbano.com\/revista\/construccion\/reportan-avance-del-27-ampliacion-linea-12\/","og_locale":"es_ES","og_type":"article","og_title":"Reportan avance del 27% en ampliaci\u00f3n de L\u00ednea 12","og_description":"Conectar\u00e1 a Mixcoac con observatorio y tendr\u00e1 dos estaciones intermedias","og_url":"https:\/\/centrourbano.com\/revista\/construccion\/reportan-avance-del-27-ampliacion-linea-12\/","og_site_name":"Centro Urbano","article_publisher":"https:\/\/www.facebook.com\/portalcentrourbano","article_published_time":"2018-07-17T14:08:19+00:00","og_image":[{"width":1200,"height":900,"url":"https:\/\/centrourbano.com\/revista\/wp-content\/uploads\/DiQDuz-V4AAaeyj.jpg","type":"image\/jpeg"}],"author":"Karla Esperanza","twitter_card":"summary_large_image","twitter_creator":"@CentroUrbano","twitter_site":"@CentroUrbano","twitter_misc":{"Escrito por":"Karla Esperanza","Tiempo de lectura":"1 minuto"},"schema":{"@context":"https:\/\/schema.org","@graph":[{"@type":"Article","@id":"https:\/\/centrourbano.com\/revista\/construccion\/reportan-avance-del-27-ampliacion-linea-12\/#article","isPartOf":{"@id":"https:\/\/centrourbano.com\/revista\/construccion\/reportan-avance-del-27-ampliacion-linea-12\/"},"author":{"name":"Karla Esperanza","@id":"https:\/\/centrourbano.com\/revista\/#\/schema\/person\/1d952c872f21e733a753a18cc4b5298a"},"headline":"Reportan avance del 27% en ampliaci\u00f3n de L\u00ednea 12","datePublished":"2018-07-17T14:08:19+00:00","mainEntityOfPage":{"@id":"https:\/\/centrourbano.com\/revista\/construccion\/reportan-avance-del-27-ampliacion-linea-12\/"},"wordCount":119,"commentCount":0,"publisher":{"@id":"https:\/\/centrourbano.com\/revista\/#organization"},"image":{"@id":"https:\/\/centrourbano.com\/revista\/construccion\/reportan-avance-del-27-ampliacion-linea-12\/#primaryimage"},"thumbnailUrl":"https:\/\/centrourbano.com\/revista\/wp-content\/uploads\/DiQDuz-V4AAaeyj.jpg","keywords":["ampliaci\u00f3n","CDMX","L\u00ednea 12","metro","Sobse","STC","t\u00fanel"],"articleSection":["Construcci\u00f3n"],"inLanguage":"es","potentialAction":[{"@type":"CommentAction","name":"Comment","target":["https:\/\/centrourbano.com\/revista\/construccion\/reportan-avance-del-27-ampliacion-linea-12\/#respond"]}]},{"@type":"WebPage","@id":"https:\/\/centrourbano.com\/revista\/construccion\/reportan-avance-del-27-ampliacion-linea-12\/","url":"https:\/\/centrourbano.com\/revista\/construccion\/reportan-avance-del-27-ampliacion-linea-12\/","name":"Reportan avance del 27% en ampliaci\u00f3n de L\u00ednea 12","isPartOf":{"@id":"https:\/\/centrourbano.com\/revista\/#website"},"primaryImageOfPage":{"@id":"https:\/\/centrourbano.com\/revista\/construccion\/reportan-avance-del-27-ampliacion-linea-12\/#primaryimage"},"image":{"@id":"https:\/\/centrourbano.com\/revista\/construccion\/reportan-avance-del-27-ampliacion-linea-12\/#primaryimage"},"thumbnailUrl":"https:\/\/centrourbano.com\/revista\/wp-content\/uploads\/DiQDuz-V4AAaeyj.jpg","datePublished":"2018-07-17T14:08:19+00:00","description":"Conectar\u00e1 a Mixcoac con observatorio y tendr\u00e1 dos estaciones intermedias","breadcrumb":{"@id":"https:\/\/centrourbano.com\/revista\/construccion\/reportan-avance-del-27-ampliacion-linea-12\/#breadcrumb"},"inLanguage":"es","potentialAction":[{"@type":"ReadAction","target":["https:\/\/centrourbano.com\/revista\/construccion\/reportan-avance-del-27-ampliacion-linea-12\/"]}]},{"@type":"ImageObject","inLanguage":"es","@id":"https:\/\/centrourbano.com\/revista\/construccion\/reportan-avance-del-27-ampliacion-linea-12\/#primaryimage","url":"https:\/\/centrourbano.com\/revista\/wp-content\/uploads\/DiQDuz-V4AAaeyj.jpg","contentUrl":"https:\/\/centrourbano.com\/revista\/wp-content\/uploads\/DiQDuz-V4AAaeyj.jpg","width":1200,"height":900,"caption":"Conectar\u00e1 a Mixcoac con observatorio y tendr\u00e1 dos estaciones intermedias"},{"@type":"BreadcrumbList","@id":"https:\/\/centrourbano.com\/revista\/construccion\/reportan-avance-del-27-ampliacion-linea-12\/#breadcrumb","itemListElement":[{"@type":"ListItem","position":1,"name":"Portada","item":"https:\/\/centrourbano.com\/revista\/"},{"@type":"ListItem","position":2,"name":"Reportan avance del 27% en ampliaci\u00f3n de L\u00ednea 12"}]},{"@type":"WebSite","@id":"https:\/\/centrourbano.com\/revista\/#website","url":"https:\/\/centrourbano.com\/revista\/","name":"Centro Urbano","description":"Medio especializado en los sectores vivienda, inmobiliario, construcci\u00f3n, arquitectura y urbanismo.","publisher":{"@id":"https:\/\/centrourbano.com\/revista\/#organization"},"potentialAction":[{"@type":"SearchAction","target":{"@type":"EntryPoint","urlTemplate":"https:\/\/centrourbano.com\/revista\/?s={search_term_string}"},"query-input":{"@type":"PropertyValueSpecification","valueRequired":true,"valueName":"search_term_string"}}],"inLanguage":"es"},{"@type":"Organization","@id":"https:\/\/centrourbano.com\/revista\/#organization","name":"Centro Urbano","url":"https:\/\/centrourbano.com\/revista\/","logo":{"@type":"ImageObject","inLanguage":"es","@id":"https:\/\/centrourbano.com\/revista\/#\/schema\/logo\/image\/","url":"https:\/\/centrourbano.com\/revista\/wp-content\/uploads\/web_CU_logo-1.png","contentUrl":"https:\/\/centrourbano.com\/revista\/wp-content\/uploads\/web_CU_logo-1.png","width":350,"height":91,"caption":"Centro Urbano"},"image":{"@id":"https:\/\/centrourbano.com\/revista\/#\/schema\/logo\/image\/"},"sameAs":["https:\/\/www.facebook.com\/portalcentrourbano","https:\/\/x.com\/CentroUrbano","https:\/\/www.instagram.com\/centro_urbano\/","https:\/\/www.linkedin.com\/company\/centro-urbano\/","http:\/\/www.youtube.com\/user\/portalcentrourbano"]},{"@type":"Person","@id":"https:\/\/centrourbano.com\/revista\/#\/schema\/person\/1d952c872f21e733a753a18cc4b5298a","name":"Karla Esperanza","image":{"@type":"ImageObject","inLanguage":"es","@id":"https:\/\/secure.gravatar.com\/avatar\/bea847a7925ef868d37c5a55ab5e341c9e769fab11b85a359090daa4d6fb4a2e?s=96&d=mm&r=g","url":"https:\/\/secure.gravatar.com\/avatar\/bea847a7925ef868d37c5a55ab5e341c9e769fab11b85a359090daa4d6fb4a2e?s=96&d=mm&r=g","contentUrl":"https:\/\/secure.gravatar.com\/avatar\/bea847a7925ef868d37c5a55ab5e341c9e769fab11b85a359090daa4d6fb4a2e?s=96&d=mm&r=g","caption":"Karla Esperanza"},"url":"https:\/\/centrourbano.com\/revista\/author\/karla-esperanza\/"}]}},"_links":{"self":[{"href":"https:\/\/centrourbano.com\/revista\/wp-json\/wp\/v2\/posts\/74457","targetHints":{"allow":["GET"]}}],"collection":[{"href":"https:\/\/centrourbano.com\/revista\/wp-json\/wp\/v2\/posts"}],"about":[{"href":"https:\/\/centrourbano.com\/revista\/wp-json\/wp\/v2\/types\/post"}],"author":[{"embeddable":true,"href":"https:\/\/centrourbano.com\/revista\/wp-json\/wp\/v2\/users\/64"}],"replies":[{"embeddable":true,"href":"https:\/\/centrourbano.com\/revista\/wp-json\/wp\/v2\/comments?post=74457"}],"version-history":[{"count":1,"href":"https:\/\/centrourbano.com\/revista\/wp-json\/wp\/v2\/posts\/74457\/revisions"}],"predecessor-version":[{"id":74459,"href":"https:\/\/centrourbano.com\/revista\/wp-json\/wp\/v2\/posts\/74457\/revisions\/74459"}],"wp:featuredmedia":[{"embeddable":true,"href":"https:\/\/centrourbano.com\/revista\/wp-json\/wp\/v2\/media\/74458"}],"wp:attachment":[{"href":"https:\/\/centrourbano.com\/revista\/wp-json\/wp\/v2\/media?parent=74457"}],"wp:term":[{"taxonomy":"category","embeddable":true,"href":"https:\/\/centrourbano.com\/revista\/wp-json\/wp\/v2\/categories?post=74457"},{"taxonomy":"post_tag","embeddable":true,"href":"https:\/\/centrourbano.com\/revista\/wp-json\/wp\/v2\/tags?post=74457"}],"curies":[{"name":"wp","href":"https:\/\/api.w.org\/{rel}","templated":true}]}}