{"id":74326,"date":"2018-07-12T16:05:51","date_gmt":"2018-07-12T21:05:51","guid":{"rendered":"https:\/\/centrourbano.com\/?p=74326"},"modified":"2018-07-12T18:49:26","modified_gmt":"2018-07-12T23:49:26","slug":"participaran-desarrollo-urbano-lomas-chapultepec","status":"publish","type":"post","link":"https:\/\/centrourbano.com\/revista\/urbanismo\/participaran-desarrollo-urbano-lomas-chapultepec\/","title":{"rendered":"Ciudadanos participar\u00e1n en desarrollo urbano de Lomas de Chapultepec"},"content":{"rendered":"<p><em>A trav\u00e9s de consultas y audiencias entregaran observaciones, opiniones y propuestas<\/em><!--more--><\/p>\n<p>La <a href=\"http:\/\/www.seduvi.cdmx.gob.mx\/\" target=\"_blank\" rel=\"noopener noreferrer\">Secretar\u00eda de Desarrollo Urbano y Vivienda<\/a> (Seduvi) inform\u00f3 que la ciudadan\u00eda podr\u00e1 participar en el proyecto del nuevo <strong>Programa Parcial de Desarrollo Urbano de Lomas de Chapultepec<\/strong>, en la delegaci\u00f3n Miguel Hidalgo.<\/p>\n<p>A trav\u00e9s de la Gaceta Oficial indic\u00f3 que a partir del 11 de julio y hasta el 9 de agosto, las personas podr\u00e1n hacer <strong>observaciones, opiniones y propuestas,<\/strong> en el m\u00f3dulo permanente ubicado en la Avenida Parque Lira 94, colonia Observatorio, as\u00ed como en audiencias p\u00fablicas que se realizar\u00e1n en el Auditorio de la delegaci\u00f3n.<\/p>\n<p>Asimismo, detall\u00f3 que para consultar el proyecto completo del programa parcial y conocer m\u00e1s informaci\u00f3n puso a disposici\u00f3n la p\u00e1gina <a href=\"http:\/\/www.consultappdulomasdechapultepec.com\">www.consultappdulomasdechapultepec.com<\/a>, en donde se expone que el programa requiere de una actualizaci\u00f3n tras 25 a\u00f1os de su ejecuci\u00f3n y por ello invita a la ciudadan\u00eda a participar.<\/p>\n","protected":false},"excerpt":{"rendered":"<p>A trav\u00e9s de consultas y audiencias entregaran observaciones, opiniones y propuestas<\/p>\n","protected":false},"author":64,"featured_media":72688,"comment_status":"open","ping_status":"closed","sticky":false,"template":"","format":"standard","meta":{"om_disable_all_campaigns":false,"inline_featured_image":false,"_monsterinsights_skip_tracking":false,"_monsterinsights_sitenote_active":false,"_monsterinsights_sitenote_note":"","_monsterinsights_sitenote_category":0,"footnotes":""},"categories":[82],"tags":[606,12986,146,9970,515,13868],"class_list":["post-74326","post","type-post","status-publish","format-standard","has-post-thumbnail","hentry","category-urbanismo","tag-cdmx","tag-ciudadanos","tag-desarrollo-urbano","tag-lomas-de-chapultepec","tag-miguel-hidalgo","tag-particpacion"],"yoast_head":"<!-- This site is optimized with the Yoast SEO plugin v27.4 - https:\/\/yoast.com\/product\/yoast-seo-wordpress\/ -->\n<title>Ciudadanos participar\u00e1n en desarrollo urbano de Lomas de Chapultepec<\/title>\n<meta name=\"description\" content=\"A trav\u00e9s de consultas y audiencias entregaran observaciones, opiniones y propuestas\" \/>\n<meta name=\"robots\" content=\"index, follow, max-snippet:-1, max-image-preview:large, max-video-preview:-1\" \/>\n<link rel=\"canonical\" href=\"https:\/\/centrourbano.com\/revista\/urbanismo\/participaran-desarrollo-urbano-lomas-chapultepec\/\" \/>\n<meta property=\"og:locale\" content=\"es_ES\" \/>\n<meta property=\"og:type\" content=\"article\" \/>\n<meta property=\"og:title\" content=\"Ciudadanos participar\u00e1n en desarrollo urbano de Lomas de Chapultepec\" \/>\n<meta property=\"og:description\" content=\"A trav\u00e9s de consultas y audiencias entregaran observaciones, opiniones y propuestas\" \/>\n<meta property=\"og:url\" content=\"https:\/\/centrourbano.com\/revista\/urbanismo\/participaran-desarrollo-urbano-lomas-chapultepec\/\" \/>\n<meta property=\"og:site_name\" content=\"Centro Urbano\" \/>\n<meta property=\"article:publisher\" content=\"https:\/\/www.facebook.com\/portalcentrourbano\" \/>\n<meta property=\"article:published_time\" content=\"2018-07-12T21:05:51+00:00\" \/>\n<meta property=\"article:modified_time\" content=\"2018-07-12T23:49:26+00:00\" \/>\n<meta property=\"og:image\" content=\"https:\/\/centrourbano.com\/revista\/wp-content\/uploads\/insurgentes-vista.jpg\" \/>\n\t<meta property=\"og:image:width\" content=\"1024\" \/>\n\t<meta property=\"og:image:height\" content=\"686\" \/>\n\t<meta property=\"og:image:type\" content=\"image\/jpeg\" \/>\n<meta name=\"author\" content=\"Karla Esperanza\" \/>\n<meta name=\"twitter:card\" content=\"summary_large_image\" \/>\n<meta name=\"twitter:creator\" content=\"@CentroUrbano\" \/>\n<meta name=\"twitter:site\" content=\"@CentroUrbano\" \/>\n<meta name=\"twitter:label1\" content=\"Escrito por\" \/>\n\t<meta name=\"twitter:data1\" content=\"Karla Esperanza\" \/>\n\t<meta name=\"twitter:label2\" content=\"Tiempo de lectura\" \/>\n\t<meta name=\"twitter:data2\" content=\"1 minuto\" \/>\n<script type=\"application\/ld+json\" class=\"yoast-schema-graph\">{\"@context\":\"https:\\\/\\\/schema.org\",\"@graph\":[{\"@type\":\"Article\",\"@id\":\"https:\\\/\\\/centrourbano.com\\\/revista\\\/urbanismo\\\/participaran-desarrollo-urbano-lomas-chapultepec\\\/#article\",\"isPartOf\":{\"@id\":\"https:\\\/\\\/centrourbano.com\\\/revista\\\/urbanismo\\\/participaran-desarrollo-urbano-lomas-chapultepec\\\/\"},\"author\":{\"name\":\"Karla Esperanza\",\"@id\":\"https:\\\/\\\/centrourbano.com\\\/revista\\\/#\\\/schema\\\/person\\\/1d952c872f21e733a753a18cc4b5298a\"},\"headline\":\"Ciudadanos participar\u00e1n en desarrollo urbano de Lomas de Chapultepec\",\"datePublished\":\"2018-07-12T21:05:51+00:00\",\"dateModified\":\"2018-07-12T23:49:26+00:00\",\"mainEntityOfPage\":{\"@id\":\"https:\\\/\\\/centrourbano.com\\\/revista\\\/urbanismo\\\/participaran-desarrollo-urbano-lomas-chapultepec\\\/\"},\"wordCount\":172,\"commentCount\":0,\"publisher\":{\"@id\":\"https:\\\/\\\/centrourbano.com\\\/revista\\\/#organization\"},\"image\":{\"@id\":\"https:\\\/\\\/centrourbano.com\\\/revista\\\/urbanismo\\\/participaran-desarrollo-urbano-lomas-chapultepec\\\/#primaryimage\"},\"thumbnailUrl\":\"https:\\\/\\\/centrourbano.com\\\/revista\\\/wp-content\\\/uploads\\\/insurgentes-vista.jpg\",\"keywords\":[\"CDMX\",\"ciudadanos\",\"Desarrollo urbano\",\"Lomas de Chapultepec\",\"Miguel Hidalgo\",\"PARTICPACI\u00d3N\"],\"articleSection\":[\"Urbanismo\"],\"inLanguage\":\"es\",\"potentialAction\":[{\"@type\":\"CommentAction\",\"name\":\"Comment\",\"target\":[\"https:\\\/\\\/centrourbano.com\\\/revista\\\/urbanismo\\\/participaran-desarrollo-urbano-lomas-chapultepec\\\/#respond\"]}]},{\"@type\":\"WebPage\",\"@id\":\"https:\\\/\\\/centrourbano.com\\\/revista\\\/urbanismo\\\/participaran-desarrollo-urbano-lomas-chapultepec\\\/\",\"url\":\"https:\\\/\\\/centrourbano.com\\\/revista\\\/urbanismo\\\/participaran-desarrollo-urbano-lomas-chapultepec\\\/\",\"name\":\"Ciudadanos participar\u00e1n en desarrollo urbano de Lomas de Chapultepec\",\"isPartOf\":{\"@id\":\"https:\\\/\\\/centrourbano.com\\\/revista\\\/#website\"},\"primaryImageOfPage\":{\"@id\":\"https:\\\/\\\/centrourbano.com\\\/revista\\\/urbanismo\\\/participaran-desarrollo-urbano-lomas-chapultepec\\\/#primaryimage\"},\"image\":{\"@id\":\"https:\\\/\\\/centrourbano.com\\\/revista\\\/urbanismo\\\/participaran-desarrollo-urbano-lomas-chapultepec\\\/#primaryimage\"},\"thumbnailUrl\":\"https:\\\/\\\/centrourbano.com\\\/revista\\\/wp-content\\\/uploads\\\/insurgentes-vista.jpg\",\"datePublished\":\"2018-07-12T21:05:51+00:00\",\"dateModified\":\"2018-07-12T23:49:26+00:00\",\"description\":\"A trav\u00e9s de consultas y audiencias entregaran observaciones, opiniones y propuestas\",\"breadcrumb\":{\"@id\":\"https:\\\/\\\/centrourbano.com\\\/revista\\\/urbanismo\\\/participaran-desarrollo-urbano-lomas-chapultepec\\\/#breadcrumb\"},\"inLanguage\":\"es\",\"potentialAction\":[{\"@type\":\"ReadAction\",\"target\":[\"https:\\\/\\\/centrourbano.com\\\/revista\\\/urbanismo\\\/participaran-desarrollo-urbano-lomas-chapultepec\\\/\"]}]},{\"@type\":\"ImageObject\",\"inLanguage\":\"es\",\"@id\":\"https:\\\/\\\/centrourbano.com\\\/revista\\\/urbanismo\\\/participaran-desarrollo-urbano-lomas-chapultepec\\\/#primaryimage\",\"url\":\"https:\\\/\\\/centrourbano.com\\\/revista\\\/wp-content\\\/uploads\\\/insurgentes-vista.jpg\",\"contentUrl\":\"https:\\\/\\\/centrourbano.com\\\/revista\\\/wp-content\\\/uploads\\\/insurgentes-vista.jpg\",\"width\":1024,\"height\":686,\"caption\":\"De acuerdo con Mercado Libre Inmuebles, las rentas m\u00e1s accesibles est\u00e1n en Del Valle Norte; las m\u00e1s elevadas, en Lomas de Chapultepec\"},{\"@type\":\"BreadcrumbList\",\"@id\":\"https:\\\/\\\/centrourbano.com\\\/revista\\\/urbanismo\\\/participaran-desarrollo-urbano-lomas-chapultepec\\\/#breadcrumb\",\"itemListElement\":[{\"@type\":\"ListItem\",\"position\":1,\"name\":\"Portada\",\"item\":\"https:\\\/\\\/centrourbano.com\\\/revista\\\/\"},{\"@type\":\"ListItem\",\"position\":2,\"name\":\"Ciudadanos participar\u00e1n en desarrollo urbano de Lomas de Chapultepec\"}]},{\"@type\":\"WebSite\",\"@id\":\"https:\\\/\\\/centrourbano.com\\\/revista\\\/#website\",\"url\":\"https:\\\/\\\/centrourbano.com\\\/revista\\\/\",\"name\":\"Centro Urbano\",\"description\":\"Medio especializado en los sectores vivienda, inmobiliario, construcci\u00f3n, arquitectura y urbanismo.\",\"publisher\":{\"@id\":\"https:\\\/\\\/centrourbano.com\\\/revista\\\/#organization\"},\"potentialAction\":[{\"@type\":\"SearchAction\",\"target\":{\"@type\":\"EntryPoint\",\"urlTemplate\":\"https:\\\/\\\/centrourbano.com\\\/revista\\\/?s={search_term_string}\"},\"query-input\":{\"@type\":\"PropertyValueSpecification\",\"valueRequired\":true,\"valueName\":\"search_term_string\"}}],\"inLanguage\":\"es\"},{\"@type\":\"Organization\",\"@id\":\"https:\\\/\\\/centrourbano.com\\\/revista\\\/#organization\",\"name\":\"Centro Urbano\",\"url\":\"https:\\\/\\\/centrourbano.com\\\/revista\\\/\",\"logo\":{\"@type\":\"ImageObject\",\"inLanguage\":\"es\",\"@id\":\"https:\\\/\\\/centrourbano.com\\\/revista\\\/#\\\/schema\\\/logo\\\/image\\\/\",\"url\":\"https:\\\/\\\/centrourbano.com\\\/revista\\\/wp-content\\\/uploads\\\/web_CU_logo-1.png\",\"contentUrl\":\"https:\\\/\\\/centrourbano.com\\\/revista\\\/wp-content\\\/uploads\\\/web_CU_logo-1.png\",\"width\":350,\"height\":91,\"caption\":\"Centro Urbano\"},\"image\":{\"@id\":\"https:\\\/\\\/centrourbano.com\\\/revista\\\/#\\\/schema\\\/logo\\\/image\\\/\"},\"sameAs\":[\"https:\\\/\\\/www.facebook.com\\\/portalcentrourbano\",\"https:\\\/\\\/x.com\\\/CentroUrbano\",\"https:\\\/\\\/www.instagram.com\\\/centro_urbano\\\/\",\"https:\\\/\\\/www.linkedin.com\\\/company\\\/centro-urbano\\\/\",\"http:\\\/\\\/www.youtube.com\\\/user\\\/portalcentrourbano\"]},{\"@type\":\"Person\",\"@id\":\"https:\\\/\\\/centrourbano.com\\\/revista\\\/#\\\/schema\\\/person\\\/1d952c872f21e733a753a18cc4b5298a\",\"name\":\"Karla Esperanza\",\"image\":{\"@type\":\"ImageObject\",\"inLanguage\":\"es\",\"@id\":\"https:\\\/\\\/secure.gravatar.com\\\/avatar\\\/bea847a7925ef868d37c5a55ab5e341c9e769fab11b85a359090daa4d6fb4a2e?s=96&d=mm&r=g\",\"url\":\"https:\\\/\\\/secure.gravatar.com\\\/avatar\\\/bea847a7925ef868d37c5a55ab5e341c9e769fab11b85a359090daa4d6fb4a2e?s=96&d=mm&r=g\",\"contentUrl\":\"https:\\\/\\\/secure.gravatar.com\\\/avatar\\\/bea847a7925ef868d37c5a55ab5e341c9e769fab11b85a359090daa4d6fb4a2e?s=96&d=mm&r=g\",\"caption\":\"Karla Esperanza\"},\"url\":\"https:\\\/\\\/centrourbano.com\\\/revista\\\/author\\\/karla-esperanza\\\/\"}]}<\/script>\n<!-- \/ Yoast SEO plugin. -->","yoast_head_json":{"title":"Ciudadanos participar\u00e1n en desarrollo urbano de Lomas de Chapultepec","description":"A trav\u00e9s de consultas y audiencias entregaran observaciones, opiniones y propuestas","robots":{"index":"index","follow":"follow","max-snippet":"max-snippet:-1","max-image-preview":"max-image-preview:large","max-video-preview":"max-video-preview:-1"},"canonical":"https:\/\/centrourbano.com\/revista\/urbanismo\/participaran-desarrollo-urbano-lomas-chapultepec\/","og_locale":"es_ES","og_type":"article","og_title":"Ciudadanos participar\u00e1n en desarrollo urbano de Lomas de Chapultepec","og_description":"A trav\u00e9s de consultas y audiencias entregaran observaciones, opiniones y propuestas","og_url":"https:\/\/centrourbano.com\/revista\/urbanismo\/participaran-desarrollo-urbano-lomas-chapultepec\/","og_site_name":"Centro Urbano","article_publisher":"https:\/\/www.facebook.com\/portalcentrourbano","article_published_time":"2018-07-12T21:05:51+00:00","article_modified_time":"2018-07-12T23:49:26+00:00","og_image":[{"width":1024,"height":686,"url":"https:\/\/centrourbano.com\/revista\/wp-content\/uploads\/insurgentes-vista.jpg","type":"image\/jpeg"}],"author":"Karla Esperanza","twitter_card":"summary_large_image","twitter_creator":"@CentroUrbano","twitter_site":"@CentroUrbano","twitter_misc":{"Escrito por":"Karla Esperanza","Tiempo de lectura":"1 minuto"},"schema":{"@context":"https:\/\/schema.org","@graph":[{"@type":"Article","@id":"https:\/\/centrourbano.com\/revista\/urbanismo\/participaran-desarrollo-urbano-lomas-chapultepec\/#article","isPartOf":{"@id":"https:\/\/centrourbano.com\/revista\/urbanismo\/participaran-desarrollo-urbano-lomas-chapultepec\/"},"author":{"name":"Karla Esperanza","@id":"https:\/\/centrourbano.com\/revista\/#\/schema\/person\/1d952c872f21e733a753a18cc4b5298a"},"headline":"Ciudadanos participar\u00e1n en desarrollo urbano de Lomas de Chapultepec","datePublished":"2018-07-12T21:05:51+00:00","dateModified":"2018-07-12T23:49:26+00:00","mainEntityOfPage":{"@id":"https:\/\/centrourbano.com\/revista\/urbanismo\/participaran-desarrollo-urbano-lomas-chapultepec\/"},"wordCount":172,"commentCount":0,"publisher":{"@id":"https:\/\/centrourbano.com\/revista\/#organization"},"image":{"@id":"https:\/\/centrourbano.com\/revista\/urbanismo\/participaran-desarrollo-urbano-lomas-chapultepec\/#primaryimage"},"thumbnailUrl":"https:\/\/centrourbano.com\/revista\/wp-content\/uploads\/insurgentes-vista.jpg","keywords":["CDMX","ciudadanos","Desarrollo urbano","Lomas de Chapultepec","Miguel Hidalgo","PARTICPACI\u00d3N"],"articleSection":["Urbanismo"],"inLanguage":"es","potentialAction":[{"@type":"CommentAction","name":"Comment","target":["https:\/\/centrourbano.com\/revista\/urbanismo\/participaran-desarrollo-urbano-lomas-chapultepec\/#respond"]}]},{"@type":"WebPage","@id":"https:\/\/centrourbano.com\/revista\/urbanismo\/participaran-desarrollo-urbano-lomas-chapultepec\/","url":"https:\/\/centrourbano.com\/revista\/urbanismo\/participaran-desarrollo-urbano-lomas-chapultepec\/","name":"Ciudadanos participar\u00e1n en desarrollo urbano de Lomas de Chapultepec","isPartOf":{"@id":"https:\/\/centrourbano.com\/revista\/#website"},"primaryImageOfPage":{"@id":"https:\/\/centrourbano.com\/revista\/urbanismo\/participaran-desarrollo-urbano-lomas-chapultepec\/#primaryimage"},"image":{"@id":"https:\/\/centrourbano.com\/revista\/urbanismo\/participaran-desarrollo-urbano-lomas-chapultepec\/#primaryimage"},"thumbnailUrl":"https:\/\/centrourbano.com\/revista\/wp-content\/uploads\/insurgentes-vista.jpg","datePublished":"2018-07-12T21:05:51+00:00","dateModified":"2018-07-12T23:49:26+00:00","description":"A trav\u00e9s de consultas y audiencias entregaran observaciones, opiniones y propuestas","breadcrumb":{"@id":"https:\/\/centrourbano.com\/revista\/urbanismo\/participaran-desarrollo-urbano-lomas-chapultepec\/#breadcrumb"},"inLanguage":"es","potentialAction":[{"@type":"ReadAction","target":["https:\/\/centrourbano.com\/revista\/urbanismo\/participaran-desarrollo-urbano-lomas-chapultepec\/"]}]},{"@type":"ImageObject","inLanguage":"es","@id":"https:\/\/centrourbano.com\/revista\/urbanismo\/participaran-desarrollo-urbano-lomas-chapultepec\/#primaryimage","url":"https:\/\/centrourbano.com\/revista\/wp-content\/uploads\/insurgentes-vista.jpg","contentUrl":"https:\/\/centrourbano.com\/revista\/wp-content\/uploads\/insurgentes-vista.jpg","width":1024,"height":686,"caption":"De acuerdo con Mercado Libre Inmuebles, las rentas m\u00e1s accesibles est\u00e1n en Del Valle Norte; las m\u00e1s elevadas, en Lomas de Chapultepec"},{"@type":"BreadcrumbList","@id":"https:\/\/centrourbano.com\/revista\/urbanismo\/participaran-desarrollo-urbano-lomas-chapultepec\/#breadcrumb","itemListElement":[{"@type":"ListItem","position":1,"name":"Portada","item":"https:\/\/centrourbano.com\/revista\/"},{"@type":"ListItem","position":2,"name":"Ciudadanos participar\u00e1n en desarrollo urbano de Lomas de Chapultepec"}]},{"@type":"WebSite","@id":"https:\/\/centrourbano.com\/revista\/#website","url":"https:\/\/centrourbano.com\/revista\/","name":"Centro Urbano","description":"Medio especializado en los sectores vivienda, inmobiliario, construcci\u00f3n, arquitectura y urbanismo.","publisher":{"@id":"https:\/\/centrourbano.com\/revista\/#organization"},"potentialAction":[{"@type":"SearchAction","target":{"@type":"EntryPoint","urlTemplate":"https:\/\/centrourbano.com\/revista\/?s={search_term_string}"},"query-input":{"@type":"PropertyValueSpecification","valueRequired":true,"valueName":"search_term_string"}}],"inLanguage":"es"},{"@type":"Organization","@id":"https:\/\/centrourbano.com\/revista\/#organization","name":"Centro Urbano","url":"https:\/\/centrourbano.com\/revista\/","logo":{"@type":"ImageObject","inLanguage":"es","@id":"https:\/\/centrourbano.com\/revista\/#\/schema\/logo\/image\/","url":"https:\/\/centrourbano.com\/revista\/wp-content\/uploads\/web_CU_logo-1.png","contentUrl":"https:\/\/centrourbano.com\/revista\/wp-content\/uploads\/web_CU_logo-1.png","width":350,"height":91,"caption":"Centro Urbano"},"image":{"@id":"https:\/\/centrourbano.com\/revista\/#\/schema\/logo\/image\/"},"sameAs":["https:\/\/www.facebook.com\/portalcentrourbano","https:\/\/x.com\/CentroUrbano","https:\/\/www.instagram.com\/centro_urbano\/","https:\/\/www.linkedin.com\/company\/centro-urbano\/","http:\/\/www.youtube.com\/user\/portalcentrourbano"]},{"@type":"Person","@id":"https:\/\/centrourbano.com\/revista\/#\/schema\/person\/1d952c872f21e733a753a18cc4b5298a","name":"Karla Esperanza","image":{"@type":"ImageObject","inLanguage":"es","@id":"https:\/\/secure.gravatar.com\/avatar\/bea847a7925ef868d37c5a55ab5e341c9e769fab11b85a359090daa4d6fb4a2e?s=96&d=mm&r=g","url":"https:\/\/secure.gravatar.com\/avatar\/bea847a7925ef868d37c5a55ab5e341c9e769fab11b85a359090daa4d6fb4a2e?s=96&d=mm&r=g","contentUrl":"https:\/\/secure.gravatar.com\/avatar\/bea847a7925ef868d37c5a55ab5e341c9e769fab11b85a359090daa4d6fb4a2e?s=96&d=mm&r=g","caption":"Karla Esperanza"},"url":"https:\/\/centrourbano.com\/revista\/author\/karla-esperanza\/"}]}},"_links":{"self":[{"href":"https:\/\/centrourbano.com\/revista\/wp-json\/wp\/v2\/posts\/74326","targetHints":{"allow":["GET"]}}],"collection":[{"href":"https:\/\/centrourbano.com\/revista\/wp-json\/wp\/v2\/posts"}],"about":[{"href":"https:\/\/centrourbano.com\/revista\/wp-json\/wp\/v2\/types\/post"}],"author":[{"embeddable":true,"href":"https:\/\/centrourbano.com\/revista\/wp-json\/wp\/v2\/users\/64"}],"replies":[{"embeddable":true,"href":"https:\/\/centrourbano.com\/revista\/wp-json\/wp\/v2\/comments?post=74326"}],"version-history":[{"count":4,"href":"https:\/\/centrourbano.com\/revista\/wp-json\/wp\/v2\/posts\/74326\/revisions"}],"predecessor-version":[{"id":74346,"href":"https:\/\/centrourbano.com\/revista\/wp-json\/wp\/v2\/posts\/74326\/revisions\/74346"}],"wp:featuredmedia":[{"embeddable":true,"href":"https:\/\/centrourbano.com\/revista\/wp-json\/wp\/v2\/media\/72688"}],"wp:attachment":[{"href":"https:\/\/centrourbano.com\/revista\/wp-json\/wp\/v2\/media?parent=74326"}],"wp:term":[{"taxonomy":"category","embeddable":true,"href":"https:\/\/centrourbano.com\/revista\/wp-json\/wp\/v2\/categories?post=74326"},{"taxonomy":"post_tag","embeddable":true,"href":"https:\/\/centrourbano.com\/revista\/wp-json\/wp\/v2\/tags?post=74326"}],"curies":[{"name":"wp","href":"https:\/\/api.w.org\/{rel}","templated":true}]}}