{"id":74237,"date":"2018-07-11T11:35:24","date_gmt":"2018-07-11T16:35:24","guid":{"rendered":"https:\/\/centrourbano.com\/?p=74237"},"modified":"2018-07-11T13:45:12","modified_gmt":"2018-07-11T18:45:12","slug":"desarrollo-urbano-mejor-vivienda","status":"publish","type":"post","link":"https:\/\/centrourbano.com\/revista\/entrevistas\/desarrollo-urbano-mejor-vivienda\/","title":{"rendered":"Necesario trabajar en desarrollo urbano para generar mejor vivienda"},"content":{"rendered":"<p><em>\u201cSe tienen que impulsar e iniciar los planes intraurbanos, como la regeneraci\u00f3n urbana, algo que est\u00e1 muy atrasado en el pa\u00eds\u201d, Sol\u00f3rzano<\/em><!--more--><\/p>\n<p>Lo m\u00e1s importante para el sector vivienda es que se contin\u00fae con la pol\u00edtica de subsidio para los que menos tienen, para lograr que cada vez m\u00e1s gente tenga vivienda, y a su vez impulsar con m\u00e1s fuerza el desarrollo urbano.<\/p>\n<p>As\u00ed lo indic\u00f3 Jos\u00e9 Luis Sol\u00f3rzano, director general de<strong><a href=\"http:\/\/grupoherso.com\" target=\"_blank\" rel=\"noopener noreferrer\"> Grupo Herso<\/a><\/strong>, en entrevista para <a href=\"https:\/\/www.youtube.com\/watch?v=nRKKAMgCtjk&amp;list=PLvyu9gRJBJ5x_UmrpH3FInMWI70lAzyRf\" target=\"_blank\" rel=\"noopener noreferrer\"><strong>Desde Centro Urbano<\/strong><\/a> al dar su opini\u00f3n sobre las elecciones que se acaban de llevar a cabo en nuestro pa\u00eds; \u201cfue un proceso democr\u00e1tico, esto hace que no se conviertan en problemas pol\u00edticos tras las situaciones que se puedan dar, y genera tambi\u00e9n certidumbre al sector para continuar con el desarrollo de vivienda que se necesita en todo el pa\u00eds\u201d.<\/p>\n<p>De igual forma, coment\u00f3 que lo que m\u00e1s falta hace en el tema es una rector\u00eda urbana y de vivienda, que trabajen juntas en favor del desarrollo urbano con una planeaci\u00f3n adecuada para que se pueda generar vivienda con mejor calidad de vida para todos los habitantes del pa\u00eds.<\/p>\n<p>Sobre el desarrollo de Grupo Herso, explic\u00f3: \u201cen la zona en la que estamos en Guanajuato, en Quer\u00e9taro, en el Baj\u00edo, la verdad es que la gente est\u00e1 m\u00e1s preocupada por el Tratado de Libre Comercio (TLC) que con el tema democr\u00e1tico para continuar con las inversiones en la regi\u00f3n (\u2026) Creo que hay m\u00e1s incertidumbre en el tema exterior que el interior\u201d.<\/p>\n<p>Al preguntarle su opini\u00f3n sobre los perfiles que los nuevos funcionarios que se nombren, se\u00f1al\u00f3 como algo positivo que por primera vez llegue a la secretar\u00eda de desarrollo urbano un urbanista, en el caso de<a href=\"https:\/\/centrourbano.com\/2018\/07\/03\/comprometidos-recuperar-mejorar-entorno\/\" target=\"_blank\" rel=\"noopener noreferrer\"><strong> Rom\u00e1n Meyer<\/strong><\/a>, \u201cdebe ser una secretar\u00eda hecha para la planeaci\u00f3n del desarrollo urbano arm\u00f3nico y del desarrollo regional, se tienen que impulsar e iniciar los planes intraurbanos, como la regeneraci\u00f3n urbana, algo que est\u00e1 muy atrasado en el pa\u00eds\u201d.<\/p>\n<p>A su vez, indic\u00f3 que pedir\u00eda a los nuevos funcionarios infraestructura con planeaci\u00f3n de largo plazo en las ciudades, que haya m\u00e1s subsidios para los no afiliados y un mayor impulso para la pol\u00edtica de desarrollo regional, \u201ceso es algo que a veces sucede cuando hay conurbaciones, un municipio puede hacer buena planeaci\u00f3n, pero si no se considera al municipio de a lado es cuando empiezan los defectos urbanos que a largo plazo se convierten en problemas\u201d.<\/p>\n<p>Finaliz\u00f3 comentando que un aspecto que considera podr\u00eda modificarse, en cuesti\u00f3n de voluntad pol\u00edtica, es la existencia de una pol\u00edtica de planeaci\u00f3n de largo plazo en las ciudades, \u201cque a su vez est\u00e9n bien alineados los tres niveles de gobierno, es decir, se hace un plan en un municipio avalado por el gobierno estatal y por el gobierno federal y de esa manera ya no hay cambio de uso de suelo de \u00faltima hora o cuestiones que pueden poner en duda que haya planeaci\u00f3n en las ciudades\u201d.<\/p>\n<p>&nbsp;<\/p>\n","protected":false},"excerpt":{"rendered":"<p>\u201cSe tienen que impulsar e iniciar los planes intraurbanos, como la regeneraci\u00f3n urbana, algo que est\u00e1 muy atrasado en el pa\u00eds\u201d, Sol\u00f3rzano<\/p>\n","protected":false},"author":45,"featured_media":70777,"comment_status":"open","ping_status":"closed","sticky":false,"template":"","format":"standard","meta":{"om_disable_all_campaigns":false,"inline_featured_image":false,"_monsterinsights_skip_tracking":false,"_monsterinsights_sitenote_active":false,"_monsterinsights_sitenote_note":"","_monsterinsights_sitenote_category":0,"footnotes":""},"categories":[13],"tags":[146,11319,1239,2867,2868,875,60],"class_list":["post-74237","post","type-post","status-publish","format-standard","has-post-thumbnail","hentry","category-entrevistas","tag-desarrollo-urbano","tag-desde-centro-urbano","tag-entrevista","tag-grupo-herso","tag-jose-luis-solorzano","tag-subsidios","tag-vivienda-2"],"yoast_head":"<!-- This site is optimized with the Yoast SEO plugin v27.5 - https:\/\/yoast.com\/product\/yoast-seo-wordpress\/ -->\n<title>Necesario trabajar en desarrollo urbano para generar mejor vivienda<\/title>\n<meta name=\"description\" content=\"\u201cSe tienen que impulsar e iniciar los planes intraurbanos, como la regeneraci\u00f3n urbana, algo que est\u00e1 muy atrasado en el pa\u00eds\u201d, Sol\u00f3rzano\" \/>\n<meta name=\"robots\" content=\"index, follow, max-snippet:-1, max-image-preview:large, max-video-preview:-1\" \/>\n<link rel=\"canonical\" href=\"https:\/\/centrourbano.com\/revista\/entrevistas\/desarrollo-urbano-mejor-vivienda\/\" \/>\n<meta property=\"og:locale\" content=\"es_ES\" \/>\n<meta property=\"og:type\" content=\"article\" \/>\n<meta property=\"og:title\" content=\"Necesario trabajar en desarrollo urbano para generar mejor vivienda\" \/>\n<meta property=\"og:description\" content=\"\u201cSe tienen que impulsar e iniciar los planes intraurbanos, como la regeneraci\u00f3n urbana, algo que est\u00e1 muy atrasado en el pa\u00eds\u201d, Sol\u00f3rzano\" \/>\n<meta property=\"og:url\" content=\"https:\/\/centrourbano.com\/revista\/entrevistas\/desarrollo-urbano-mejor-vivienda\/\" \/>\n<meta property=\"og:site_name\" content=\"Centro Urbano\" \/>\n<meta property=\"article:publisher\" content=\"https:\/\/www.facebook.com\/portalcentrourbano\" \/>\n<meta property=\"article:published_time\" content=\"2018-07-11T16:35:24+00:00\" \/>\n<meta property=\"article:modified_time\" content=\"2018-07-11T18:45:12+00:00\" \/>\n<meta property=\"og:image\" content=\"https:\/\/centrourbano.com\/revista\/wp-content\/uploads\/Jos\u00e9-Luis-Sol\u00f3rzano-3.jpg\" \/>\n\t<meta property=\"og:image:width\" content=\"1280\" \/>\n\t<meta property=\"og:image:height\" content=\"960\" \/>\n\t<meta property=\"og:image:type\" content=\"image\/jpeg\" \/>\n<meta name=\"author\" content=\"Hanae Pacheco\" \/>\n<meta name=\"twitter:card\" content=\"summary_large_image\" \/>\n<meta name=\"twitter:creator\" content=\"@CentroUrbano\" \/>\n<meta name=\"twitter:site\" content=\"@CentroUrbano\" \/>\n<meta name=\"twitter:label1\" content=\"Escrito por\" \/>\n\t<meta name=\"twitter:data1\" content=\"Hanae Pacheco\" \/>\n\t<meta name=\"twitter:label2\" content=\"Tiempo de lectura\" \/>\n\t<meta name=\"twitter:data2\" content=\"3 minutos\" \/>\n<script type=\"application\/ld+json\" class=\"yoast-schema-graph\">{\"@context\":\"https:\\\/\\\/schema.org\",\"@graph\":[{\"@type\":\"Article\",\"@id\":\"https:\\\/\\\/centrourbano.com\\\/revista\\\/entrevistas\\\/desarrollo-urbano-mejor-vivienda\\\/#article\",\"isPartOf\":{\"@id\":\"https:\\\/\\\/centrourbano.com\\\/revista\\\/entrevistas\\\/desarrollo-urbano-mejor-vivienda\\\/\"},\"author\":{\"name\":\"Hanae Pacheco\",\"@id\":\"https:\\\/\\\/centrourbano.com\\\/revista\\\/#\\\/schema\\\/person\\\/e8e98aef19f73a60695de7576d34c43c\"},\"headline\":\"Necesario trabajar en desarrollo urbano para generar mejor vivienda\",\"datePublished\":\"2018-07-11T16:35:24+00:00\",\"dateModified\":\"2018-07-11T18:45:12+00:00\",\"mainEntityOfPage\":{\"@id\":\"https:\\\/\\\/centrourbano.com\\\/revista\\\/entrevistas\\\/desarrollo-urbano-mejor-vivienda\\\/\"},\"wordCount\":542,\"commentCount\":0,\"publisher\":{\"@id\":\"https:\\\/\\\/centrourbano.com\\\/revista\\\/#organization\"},\"image\":{\"@id\":\"https:\\\/\\\/centrourbano.com\\\/revista\\\/entrevistas\\\/desarrollo-urbano-mejor-vivienda\\\/#primaryimage\"},\"thumbnailUrl\":\"https:\\\/\\\/centrourbano.com\\\/revista\\\/wp-content\\\/uploads\\\/Jos\u00e9-Luis-Sol\u00f3rzano-3.jpg\",\"keywords\":[\"Desarrollo urbano\",\"Desde Centro Urbano\",\"Entrevista\",\"Grupo Herso\",\"Jos\u00e9 Luis S\u00f3lorzano\",\"subsidios\",\"vivienda\"],\"articleSection\":[\"Entrevistas\"],\"inLanguage\":\"es\",\"potentialAction\":[{\"@type\":\"CommentAction\",\"name\":\"Comment\",\"target\":[\"https:\\\/\\\/centrourbano.com\\\/revista\\\/entrevistas\\\/desarrollo-urbano-mejor-vivienda\\\/#respond\"]}]},{\"@type\":\"WebPage\",\"@id\":\"https:\\\/\\\/centrourbano.com\\\/revista\\\/entrevistas\\\/desarrollo-urbano-mejor-vivienda\\\/\",\"url\":\"https:\\\/\\\/centrourbano.com\\\/revista\\\/entrevistas\\\/desarrollo-urbano-mejor-vivienda\\\/\",\"name\":\"Necesario trabajar en desarrollo urbano para generar mejor vivienda\",\"isPartOf\":{\"@id\":\"https:\\\/\\\/centrourbano.com\\\/revista\\\/#website\"},\"primaryImageOfPage\":{\"@id\":\"https:\\\/\\\/centrourbano.com\\\/revista\\\/entrevistas\\\/desarrollo-urbano-mejor-vivienda\\\/#primaryimage\"},\"image\":{\"@id\":\"https:\\\/\\\/centrourbano.com\\\/revista\\\/entrevistas\\\/desarrollo-urbano-mejor-vivienda\\\/#primaryimage\"},\"thumbnailUrl\":\"https:\\\/\\\/centrourbano.com\\\/revista\\\/wp-content\\\/uploads\\\/Jos\u00e9-Luis-Sol\u00f3rzano-3.jpg\",\"datePublished\":\"2018-07-11T16:35:24+00:00\",\"dateModified\":\"2018-07-11T18:45:12+00:00\",\"description\":\"\u201cSe tienen que impulsar e iniciar los planes intraurbanos, como la regeneraci\u00f3n urbana, algo que est\u00e1 muy atrasado en el pa\u00eds\u201d, Sol\u00f3rzano\",\"breadcrumb\":{\"@id\":\"https:\\\/\\\/centrourbano.com\\\/revista\\\/entrevistas\\\/desarrollo-urbano-mejor-vivienda\\\/#breadcrumb\"},\"inLanguage\":\"es\",\"potentialAction\":[{\"@type\":\"ReadAction\",\"target\":[\"https:\\\/\\\/centrourbano.com\\\/revista\\\/entrevistas\\\/desarrollo-urbano-mejor-vivienda\\\/\"]}]},{\"@type\":\"ImageObject\",\"inLanguage\":\"es\",\"@id\":\"https:\\\/\\\/centrourbano.com\\\/revista\\\/entrevistas\\\/desarrollo-urbano-mejor-vivienda\\\/#primaryimage\",\"url\":\"https:\\\/\\\/centrourbano.com\\\/revista\\\/wp-content\\\/uploads\\\/Jos\u00e9-Luis-Sol\u00f3rzano-3.jpg\",\"contentUrl\":\"https:\\\/\\\/centrourbano.com\\\/revista\\\/wp-content\\\/uploads\\\/Jos\u00e9-Luis-Sol\u00f3rzano-3.jpg\",\"width\":1280,\"height\":960,\"caption\":\"Con un objeto de competitividad a largo plazo se puede lograr una ciudad inteligente\"},{\"@type\":\"BreadcrumbList\",\"@id\":\"https:\\\/\\\/centrourbano.com\\\/revista\\\/entrevistas\\\/desarrollo-urbano-mejor-vivienda\\\/#breadcrumb\",\"itemListElement\":[{\"@type\":\"ListItem\",\"position\":1,\"name\":\"Portada\",\"item\":\"https:\\\/\\\/centrourbano.com\\\/revista\\\/\"},{\"@type\":\"ListItem\",\"position\":2,\"name\":\"Necesario trabajar en desarrollo urbano para generar mejor vivienda\"}]},{\"@type\":\"WebSite\",\"@id\":\"https:\\\/\\\/centrourbano.com\\\/revista\\\/#website\",\"url\":\"https:\\\/\\\/centrourbano.com\\\/revista\\\/\",\"name\":\"Centro Urbano\",\"description\":\"Medio especializado en los sectores vivienda, inmobiliario, construcci\u00f3n, arquitectura y urbanismo.\",\"publisher\":{\"@id\":\"https:\\\/\\\/centrourbano.com\\\/revista\\\/#organization\"},\"potentialAction\":[{\"@type\":\"SearchAction\",\"target\":{\"@type\":\"EntryPoint\",\"urlTemplate\":\"https:\\\/\\\/centrourbano.com\\\/revista\\\/?s={search_term_string}\"},\"query-input\":{\"@type\":\"PropertyValueSpecification\",\"valueRequired\":true,\"valueName\":\"search_term_string\"}}],\"inLanguage\":\"es\"},{\"@type\":\"Organization\",\"@id\":\"https:\\\/\\\/centrourbano.com\\\/revista\\\/#organization\",\"name\":\"Centro Urbano\",\"url\":\"https:\\\/\\\/centrourbano.com\\\/revista\\\/\",\"logo\":{\"@type\":\"ImageObject\",\"inLanguage\":\"es\",\"@id\":\"https:\\\/\\\/centrourbano.com\\\/revista\\\/#\\\/schema\\\/logo\\\/image\\\/\",\"url\":\"https:\\\/\\\/centrourbano.com\\\/revista\\\/wp-content\\\/uploads\\\/web_CU_logo-1.png\",\"contentUrl\":\"https:\\\/\\\/centrourbano.com\\\/revista\\\/wp-content\\\/uploads\\\/web_CU_logo-1.png\",\"width\":350,\"height\":91,\"caption\":\"Centro Urbano\"},\"image\":{\"@id\":\"https:\\\/\\\/centrourbano.com\\\/revista\\\/#\\\/schema\\\/logo\\\/image\\\/\"},\"sameAs\":[\"https:\\\/\\\/www.facebook.com\\\/portalcentrourbano\",\"https:\\\/\\\/x.com\\\/CentroUrbano\",\"https:\\\/\\\/www.instagram.com\\\/centro_urbano\\\/\",\"https:\\\/\\\/www.linkedin.com\\\/company\\\/centro-urbano\\\/\",\"http:\\\/\\\/www.youtube.com\\\/user\\\/portalcentrourbano\"]},{\"@type\":\"Person\",\"@id\":\"https:\\\/\\\/centrourbano.com\\\/revista\\\/#\\\/schema\\\/person\\\/e8e98aef19f73a60695de7576d34c43c\",\"name\":\"Hanae Pacheco\",\"image\":{\"@type\":\"ImageObject\",\"inLanguage\":\"es\",\"@id\":\"https:\\\/\\\/secure.gravatar.com\\\/avatar\\\/85378918db488c7c72bd7acaea6909bbfd5df076ffaf5e56cf397f98ef67f72d?s=96&d=mm&r=g\",\"url\":\"https:\\\/\\\/secure.gravatar.com\\\/avatar\\\/85378918db488c7c72bd7acaea6909bbfd5df076ffaf5e56cf397f98ef67f72d?s=96&d=mm&r=g\",\"contentUrl\":\"https:\\\/\\\/secure.gravatar.com\\\/avatar\\\/85378918db488c7c72bd7acaea6909bbfd5df076ffaf5e56cf397f98ef67f72d?s=96&d=mm&r=g\",\"caption\":\"Hanae Pacheco\"},\"url\":\"https:\\\/\\\/centrourbano.com\\\/revista\\\/author\\\/hanae-pacheco\\\/\"}]}<\/script>\n<!-- \/ Yoast SEO plugin. -->","yoast_head_json":{"title":"Necesario trabajar en desarrollo urbano para generar mejor vivienda","description":"\u201cSe tienen que impulsar e iniciar los planes intraurbanos, como la regeneraci\u00f3n urbana, algo que est\u00e1 muy atrasado en el pa\u00eds\u201d, Sol\u00f3rzano","robots":{"index":"index","follow":"follow","max-snippet":"max-snippet:-1","max-image-preview":"max-image-preview:large","max-video-preview":"max-video-preview:-1"},"canonical":"https:\/\/centrourbano.com\/revista\/entrevistas\/desarrollo-urbano-mejor-vivienda\/","og_locale":"es_ES","og_type":"article","og_title":"Necesario trabajar en desarrollo urbano para generar mejor vivienda","og_description":"\u201cSe tienen que impulsar e iniciar los planes intraurbanos, como la regeneraci\u00f3n urbana, algo que est\u00e1 muy atrasado en el pa\u00eds\u201d, Sol\u00f3rzano","og_url":"https:\/\/centrourbano.com\/revista\/entrevistas\/desarrollo-urbano-mejor-vivienda\/","og_site_name":"Centro Urbano","article_publisher":"https:\/\/www.facebook.com\/portalcentrourbano","article_published_time":"2018-07-11T16:35:24+00:00","article_modified_time":"2018-07-11T18:45:12+00:00","og_image":[{"width":1280,"height":960,"url":"https:\/\/centrourbano.com\/revista\/wp-content\/uploads\/Jos\u00e9-Luis-Sol\u00f3rzano-3.jpg","type":"image\/jpeg"}],"author":"Hanae Pacheco","twitter_card":"summary_large_image","twitter_creator":"@CentroUrbano","twitter_site":"@CentroUrbano","twitter_misc":{"Escrito por":"Hanae Pacheco","Tiempo de lectura":"3 minutos"},"schema":{"@context":"https:\/\/schema.org","@graph":[{"@type":"Article","@id":"https:\/\/centrourbano.com\/revista\/entrevistas\/desarrollo-urbano-mejor-vivienda\/#article","isPartOf":{"@id":"https:\/\/centrourbano.com\/revista\/entrevistas\/desarrollo-urbano-mejor-vivienda\/"},"author":{"name":"Hanae Pacheco","@id":"https:\/\/centrourbano.com\/revista\/#\/schema\/person\/e8e98aef19f73a60695de7576d34c43c"},"headline":"Necesario trabajar en desarrollo urbano para generar mejor vivienda","datePublished":"2018-07-11T16:35:24+00:00","dateModified":"2018-07-11T18:45:12+00:00","mainEntityOfPage":{"@id":"https:\/\/centrourbano.com\/revista\/entrevistas\/desarrollo-urbano-mejor-vivienda\/"},"wordCount":542,"commentCount":0,"publisher":{"@id":"https:\/\/centrourbano.com\/revista\/#organization"},"image":{"@id":"https:\/\/centrourbano.com\/revista\/entrevistas\/desarrollo-urbano-mejor-vivienda\/#primaryimage"},"thumbnailUrl":"https:\/\/centrourbano.com\/revista\/wp-content\/uploads\/Jos\u00e9-Luis-Sol\u00f3rzano-3.jpg","keywords":["Desarrollo urbano","Desde Centro Urbano","Entrevista","Grupo Herso","Jos\u00e9 Luis S\u00f3lorzano","subsidios","vivienda"],"articleSection":["Entrevistas"],"inLanguage":"es","potentialAction":[{"@type":"CommentAction","name":"Comment","target":["https:\/\/centrourbano.com\/revista\/entrevistas\/desarrollo-urbano-mejor-vivienda\/#respond"]}]},{"@type":"WebPage","@id":"https:\/\/centrourbano.com\/revista\/entrevistas\/desarrollo-urbano-mejor-vivienda\/","url":"https:\/\/centrourbano.com\/revista\/entrevistas\/desarrollo-urbano-mejor-vivienda\/","name":"Necesario trabajar en desarrollo urbano para generar mejor vivienda","isPartOf":{"@id":"https:\/\/centrourbano.com\/revista\/#website"},"primaryImageOfPage":{"@id":"https:\/\/centrourbano.com\/revista\/entrevistas\/desarrollo-urbano-mejor-vivienda\/#primaryimage"},"image":{"@id":"https:\/\/centrourbano.com\/revista\/entrevistas\/desarrollo-urbano-mejor-vivienda\/#primaryimage"},"thumbnailUrl":"https:\/\/centrourbano.com\/revista\/wp-content\/uploads\/Jos\u00e9-Luis-Sol\u00f3rzano-3.jpg","datePublished":"2018-07-11T16:35:24+00:00","dateModified":"2018-07-11T18:45:12+00:00","description":"\u201cSe tienen que impulsar e iniciar los planes intraurbanos, como la regeneraci\u00f3n urbana, algo que est\u00e1 muy atrasado en el pa\u00eds\u201d, Sol\u00f3rzano","breadcrumb":{"@id":"https:\/\/centrourbano.com\/revista\/entrevistas\/desarrollo-urbano-mejor-vivienda\/#breadcrumb"},"inLanguage":"es","potentialAction":[{"@type":"ReadAction","target":["https:\/\/centrourbano.com\/revista\/entrevistas\/desarrollo-urbano-mejor-vivienda\/"]}]},{"@type":"ImageObject","inLanguage":"es","@id":"https:\/\/centrourbano.com\/revista\/entrevistas\/desarrollo-urbano-mejor-vivienda\/#primaryimage","url":"https:\/\/centrourbano.com\/revista\/wp-content\/uploads\/Jos\u00e9-Luis-Sol\u00f3rzano-3.jpg","contentUrl":"https:\/\/centrourbano.com\/revista\/wp-content\/uploads\/Jos\u00e9-Luis-Sol\u00f3rzano-3.jpg","width":1280,"height":960,"caption":"Con un objeto de competitividad a largo plazo se puede lograr una ciudad inteligente"},{"@type":"BreadcrumbList","@id":"https:\/\/centrourbano.com\/revista\/entrevistas\/desarrollo-urbano-mejor-vivienda\/#breadcrumb","itemListElement":[{"@type":"ListItem","position":1,"name":"Portada","item":"https:\/\/centrourbano.com\/revista\/"},{"@type":"ListItem","position":2,"name":"Necesario trabajar en desarrollo urbano para generar mejor vivienda"}]},{"@type":"WebSite","@id":"https:\/\/centrourbano.com\/revista\/#website","url":"https:\/\/centrourbano.com\/revista\/","name":"Centro Urbano","description":"Medio especializado en los sectores vivienda, inmobiliario, construcci\u00f3n, arquitectura y urbanismo.","publisher":{"@id":"https:\/\/centrourbano.com\/revista\/#organization"},"potentialAction":[{"@type":"SearchAction","target":{"@type":"EntryPoint","urlTemplate":"https:\/\/centrourbano.com\/revista\/?s={search_term_string}"},"query-input":{"@type":"PropertyValueSpecification","valueRequired":true,"valueName":"search_term_string"}}],"inLanguage":"es"},{"@type":"Organization","@id":"https:\/\/centrourbano.com\/revista\/#organization","name":"Centro Urbano","url":"https:\/\/centrourbano.com\/revista\/","logo":{"@type":"ImageObject","inLanguage":"es","@id":"https:\/\/centrourbano.com\/revista\/#\/schema\/logo\/image\/","url":"https:\/\/centrourbano.com\/revista\/wp-content\/uploads\/web_CU_logo-1.png","contentUrl":"https:\/\/centrourbano.com\/revista\/wp-content\/uploads\/web_CU_logo-1.png","width":350,"height":91,"caption":"Centro Urbano"},"image":{"@id":"https:\/\/centrourbano.com\/revista\/#\/schema\/logo\/image\/"},"sameAs":["https:\/\/www.facebook.com\/portalcentrourbano","https:\/\/x.com\/CentroUrbano","https:\/\/www.instagram.com\/centro_urbano\/","https:\/\/www.linkedin.com\/company\/centro-urbano\/","http:\/\/www.youtube.com\/user\/portalcentrourbano"]},{"@type":"Person","@id":"https:\/\/centrourbano.com\/revista\/#\/schema\/person\/e8e98aef19f73a60695de7576d34c43c","name":"Hanae Pacheco","image":{"@type":"ImageObject","inLanguage":"es","@id":"https:\/\/secure.gravatar.com\/avatar\/85378918db488c7c72bd7acaea6909bbfd5df076ffaf5e56cf397f98ef67f72d?s=96&d=mm&r=g","url":"https:\/\/secure.gravatar.com\/avatar\/85378918db488c7c72bd7acaea6909bbfd5df076ffaf5e56cf397f98ef67f72d?s=96&d=mm&r=g","contentUrl":"https:\/\/secure.gravatar.com\/avatar\/85378918db488c7c72bd7acaea6909bbfd5df076ffaf5e56cf397f98ef67f72d?s=96&d=mm&r=g","caption":"Hanae Pacheco"},"url":"https:\/\/centrourbano.com\/revista\/author\/hanae-pacheco\/"}]}},"_links":{"self":[{"href":"https:\/\/centrourbano.com\/revista\/wp-json\/wp\/v2\/posts\/74237","targetHints":{"allow":["GET"]}}],"collection":[{"href":"https:\/\/centrourbano.com\/revista\/wp-json\/wp\/v2\/posts"}],"about":[{"href":"https:\/\/centrourbano.com\/revista\/wp-json\/wp\/v2\/types\/post"}],"author":[{"embeddable":true,"href":"https:\/\/centrourbano.com\/revista\/wp-json\/wp\/v2\/users\/45"}],"replies":[{"embeddable":true,"href":"https:\/\/centrourbano.com\/revista\/wp-json\/wp\/v2\/comments?post=74237"}],"version-history":[{"count":1,"href":"https:\/\/centrourbano.com\/revista\/wp-json\/wp\/v2\/posts\/74237\/revisions"}],"predecessor-version":[{"id":74238,"href":"https:\/\/centrourbano.com\/revista\/wp-json\/wp\/v2\/posts\/74237\/revisions\/74238"}],"wp:featuredmedia":[{"embeddable":true,"href":"https:\/\/centrourbano.com\/revista\/wp-json\/wp\/v2\/media\/70777"}],"wp:attachment":[{"href":"https:\/\/centrourbano.com\/revista\/wp-json\/wp\/v2\/media?parent=74237"}],"wp:term":[{"taxonomy":"category","embeddable":true,"href":"https:\/\/centrourbano.com\/revista\/wp-json\/wp\/v2\/categories?post=74237"},{"taxonomy":"post_tag","embeddable":true,"href":"https:\/\/centrourbano.com\/revista\/wp-json\/wp\/v2\/tags?post=74237"}],"curies":[{"name":"wp","href":"https:\/\/api.w.org\/{rel}","templated":true}]}}