{"id":74186,"date":"2018-07-10T15:56:04","date_gmt":"2018-07-10T20:56:04","guid":{"rendered":"https:\/\/centrourbano.com\/?p=74186"},"modified":"2018-07-10T15:56:04","modified_gmt":"2018-07-10T20:56:04","slug":"mia-genera-viviendas-sector-vulnerable","status":"publish","type":"post","link":"https:\/\/centrourbano.com\/revista\/entrevistas\/mia-genera-viviendas-sector-vulnerable\/","title":{"rendered":"Grupo M\u00eda genera viviendas para el sector vulnerable"},"content":{"rendered":"<p><em>De acuerdo con Guillermo Jaime, este grupo se encarga de proveer materiales, capacitaciones y herramientas para la construcci\u00f3n de hogares<\/em><!--more--><\/p>\n<p>Guillermo Jaime, presidente de <a href=\"http:\/\/www.grupomia.com\/\" target=\"_blank\" rel=\"noopener noreferrer\"><strong>Grupo M\u00eda<\/strong> <\/a>explic\u00f3 que, desde hace casi una d\u00e9cada, la funci\u00f3n de este conjunto es implementar<strong> la vivienda<\/strong> para el sector m\u00e1s vulnerable del pa\u00eds con un modelo de autoproducci\u00f3n y autoconstrucci\u00f3n asistida.<\/p>\n<p>\u201cEs un modelo de negocio integral que le provee los materiales a las comunidades que viven en condiciones de pobreza extrema, tambi\u00e9n los capacita y les otorga todas las herramientas, ya sea para que ellos construyan su propia casa o para nosotros los podamos ayudar a construirla\u00bb, coment\u00f3 en entrevista con Desde Centro Urbano.<\/p>\n<p>Adem\u00e1s, indic\u00f3 que Grupo M\u00eda se encarga de conseguir<strong> fuentes necesarias<\/strong> para un autofinanciamiento a trav\u00e9s de subsidios federales, estatales o municipales, as\u00ed como fuentes filantr\u00f3picas, microcr\u00e9ditos, direccionamiento de dinero proveniente del extranjero, mesas y aportaciones que la gente pudiera tener, como un ahorro previo, \u201cnosotros integramos toda la parte econ\u00f3mica, log\u00edstica y hacemos que la vivienda suceda\u201d.<\/p>\n<p>Destac\u00f3 que, a lo largo de la existencia de Grupo M\u00eda, se han enfocado en zonas rurales y de alta marginaci\u00f3n, aunque tambi\u00e9n han hecho trabajos en las periferias de las ciudades y zonas semiurbanas que tambi\u00e9n tienen necesidad.<\/p>\n<p>\u201cHemos construido m\u00e1s de 50,000 casas, atendido a otras 17,000 familias y hemos incorporado otros modelos de atenci\u00f3n, que no solamente son de vivienda, sino que ya nos metimos a proveer situaciones de agua, de energ\u00eda y de cr\u00e9dito, todo enfocado a las familias m\u00e1s vulnerables\u201d, asever\u00f3.<\/p>\n<p>Ante esto, expuso que el rezago de la gente que vive en condiciones de pobreza patrimonial asciende los 6 millones, por ello es que la pr\u00f3xima administraci\u00f3n tendr\u00e1 que atender la demanda corriente y comenzar a bajar el rezago.<\/p>\n<p>Asimismo, sugiri\u00f3 que en este nuevo gobierno los empresarios sociales deben escalar profesionalmente, con seriedad y transparencia para beneficiar a la poblaci\u00f3n necesitada, tambi\u00e9n, debe generarse una voluntad pol\u00edtica en la que el sector p\u00fablico pueda colaborar con el privado y de esta manera alinear intereses.<\/p>\n<p>En cuanto al trabajo de Grupo M\u00eda en lo que va del 2018, indic\u00f3 que se extendieron las operaciones en <strong>Centro Am\u00e9rica<\/strong>, ya que se instal\u00f3 una oficina en Guatemala para atender a los sectores de ese pa\u00eds, as\u00ed como de Salvador, Honduras y Nicaragua, \u201cllevaremos un modelo de atenci\u00f3n, con propuestas concretas, igual al de M\u00e9xico para poder cubrir la necesidad que existe all\u00e1\u201d.<\/p>\n","protected":false},"excerpt":{"rendered":"<p>De acuerdo con Guillermo Jaime, este grupo se encarga de proveer materiales, capacitaciones y herramientas para la construcci\u00f3n de hogares<\/p>\n","protected":false},"author":64,"featured_media":48381,"comment_status":"open","ping_status":"closed","sticky":false,"template":"","format":"standard","meta":{"om_disable_all_campaigns":false,"inline_featured_image":false,"_monsterinsights_skip_tracking":false,"_monsterinsights_sitenote_active":false,"_monsterinsights_sitenote_note":"","_monsterinsights_sitenote_category":0,"footnotes":""},"categories":[13],"tags":[13185,22,2635,8279,13847,8219,159],"class_list":["post-74186","post","type-post","status-publish","format-standard","has-post-thumbnail","hentry","category-entrevistas","tag-autofinanciamiento","tag-construccion-2","tag-empresarios","tag-grupo-mia","tag-modelos-de-atencion","tag-pobreza","tag-viviendas"],"yoast_head":"<!-- This site is optimized with the Yoast SEO plugin v27.5 - https:\/\/yoast.com\/product\/yoast-seo-wordpress\/ -->\n<title>Grupo M\u00eda genera viviendas para el sector vulnerable<\/title>\n<meta name=\"description\" content=\"De acuerdo con Guillermo Jaime, este grupo se encarga de proveer materiales, capacitaciones y herramientas para la construcci\u00f3n de hogares\" \/>\n<meta name=\"robots\" content=\"index, follow, max-snippet:-1, max-image-preview:large, max-video-preview:-1\" \/>\n<link rel=\"canonical\" href=\"https:\/\/centrourbano.com\/revista\/entrevistas\/mia-genera-viviendas-sector-vulnerable\/\" \/>\n<meta property=\"og:locale\" content=\"es_ES\" \/>\n<meta property=\"og:type\" content=\"article\" \/>\n<meta property=\"og:title\" content=\"Grupo M\u00eda genera viviendas para el sector vulnerable\" \/>\n<meta property=\"og:description\" content=\"De acuerdo con Guillermo Jaime, este grupo se encarga de proveer materiales, capacitaciones y herramientas para la construcci\u00f3n de hogares\" \/>\n<meta property=\"og:url\" content=\"https:\/\/centrourbano.com\/revista\/entrevistas\/mia-genera-viviendas-sector-vulnerable\/\" \/>\n<meta property=\"og:site_name\" content=\"Centro Urbano\" \/>\n<meta property=\"article:publisher\" content=\"https:\/\/www.facebook.com\/portalcentrourbano\" \/>\n<meta property=\"article:published_time\" content=\"2018-07-10T20:56:04+00:00\" \/>\n<meta property=\"og:image\" content=\"https:\/\/centrourbano.com\/revista\/wp-content\/uploads\/Guillermo-Jaime-Autor-Capitalismo-Social-1-3-scaled.jpg\" \/>\n\t<meta property=\"og:image:width\" content=\"2454\" \/>\n\t<meta property=\"og:image:height\" content=\"2560\" \/>\n\t<meta property=\"og:image:type\" content=\"image\/jpeg\" \/>\n<meta name=\"author\" content=\"Karla Esperanza\" \/>\n<meta name=\"twitter:card\" content=\"summary_large_image\" \/>\n<meta name=\"twitter:creator\" content=\"@CentroUrbano\" \/>\n<meta name=\"twitter:site\" content=\"@CentroUrbano\" \/>\n<meta name=\"twitter:label1\" content=\"Escrito por\" \/>\n\t<meta name=\"twitter:data1\" content=\"Karla Esperanza\" \/>\n\t<meta name=\"twitter:label2\" content=\"Tiempo de lectura\" \/>\n\t<meta name=\"twitter:data2\" content=\"2 minutos\" \/>\n<script type=\"application\/ld+json\" class=\"yoast-schema-graph\">{\"@context\":\"https:\\\/\\\/schema.org\",\"@graph\":[{\"@type\":\"Article\",\"@id\":\"https:\\\/\\\/centrourbano.com\\\/revista\\\/entrevistas\\\/mia-genera-viviendas-sector-vulnerable\\\/#article\",\"isPartOf\":{\"@id\":\"https:\\\/\\\/centrourbano.com\\\/revista\\\/entrevistas\\\/mia-genera-viviendas-sector-vulnerable\\\/\"},\"author\":{\"name\":\"Karla Esperanza\",\"@id\":\"https:\\\/\\\/centrourbano.com\\\/revista\\\/#\\\/schema\\\/person\\\/0d8c668ccdefdff71965ae41ec518b7e\"},\"headline\":\"Grupo M\u00eda genera viviendas para el sector vulnerable\",\"datePublished\":\"2018-07-10T20:56:04+00:00\",\"mainEntityOfPage\":{\"@id\":\"https:\\\/\\\/centrourbano.com\\\/revista\\\/entrevistas\\\/mia-genera-viviendas-sector-vulnerable\\\/\"},\"wordCount\":446,\"commentCount\":0,\"publisher\":{\"@id\":\"https:\\\/\\\/centrourbano.com\\\/revista\\\/#organization\"},\"image\":{\"@id\":\"https:\\\/\\\/centrourbano.com\\\/revista\\\/entrevistas\\\/mia-genera-viviendas-sector-vulnerable\\\/#primaryimage\"},\"thumbnailUrl\":\"https:\\\/\\\/centrourbano.com\\\/revista\\\/wp-content\\\/uploads\\\/Guillermo-Jaime-Autor-Capitalismo-Social-1-3-scaled.jpg\",\"keywords\":[\"Autofinanciamiento\",\"construcci\u00f3n\",\"Empresarios\",\"Grupo MIA\",\"modelos de atenci\u00f3n\",\"pobreza\",\"Viviendas\"],\"articleSection\":[\"Entrevistas\"],\"inLanguage\":\"es\",\"potentialAction\":[{\"@type\":\"CommentAction\",\"name\":\"Comment\",\"target\":[\"https:\\\/\\\/centrourbano.com\\\/revista\\\/entrevistas\\\/mia-genera-viviendas-sector-vulnerable\\\/#respond\"]}]},{\"@type\":\"WebPage\",\"@id\":\"https:\\\/\\\/centrourbano.com\\\/revista\\\/entrevistas\\\/mia-genera-viviendas-sector-vulnerable\\\/\",\"url\":\"https:\\\/\\\/centrourbano.com\\\/revista\\\/entrevistas\\\/mia-genera-viviendas-sector-vulnerable\\\/\",\"name\":\"Grupo M\u00eda genera viviendas para el sector vulnerable\",\"isPartOf\":{\"@id\":\"https:\\\/\\\/centrourbano.com\\\/revista\\\/#website\"},\"primaryImageOfPage\":{\"@id\":\"https:\\\/\\\/centrourbano.com\\\/revista\\\/entrevistas\\\/mia-genera-viviendas-sector-vulnerable\\\/#primaryimage\"},\"image\":{\"@id\":\"https:\\\/\\\/centrourbano.com\\\/revista\\\/entrevistas\\\/mia-genera-viviendas-sector-vulnerable\\\/#primaryimage\"},\"thumbnailUrl\":\"https:\\\/\\\/centrourbano.com\\\/revista\\\/wp-content\\\/uploads\\\/Guillermo-Jaime-Autor-Capitalismo-Social-1-3-scaled.jpg\",\"datePublished\":\"2018-07-10T20:56:04+00:00\",\"description\":\"De acuerdo con Guillermo Jaime, este grupo se encarga de proveer materiales, capacitaciones y herramientas para la construcci\u00f3n de hogares\",\"breadcrumb\":{\"@id\":\"https:\\\/\\\/centrourbano.com\\\/revista\\\/entrevistas\\\/mia-genera-viviendas-sector-vulnerable\\\/#breadcrumb\"},\"inLanguage\":\"es\",\"potentialAction\":[{\"@type\":\"ReadAction\",\"target\":[\"https:\\\/\\\/centrourbano.com\\\/revista\\\/entrevistas\\\/mia-genera-viviendas-sector-vulnerable\\\/\"]}]},{\"@type\":\"ImageObject\",\"inLanguage\":\"es\",\"@id\":\"https:\\\/\\\/centrourbano.com\\\/revista\\\/entrevistas\\\/mia-genera-viviendas-sector-vulnerable\\\/#primaryimage\",\"url\":\"https:\\\/\\\/centrourbano.com\\\/revista\\\/wp-content\\\/uploads\\\/Guillermo-Jaime-Autor-Capitalismo-Social-1-3-scaled.jpg\",\"contentUrl\":\"https:\\\/\\\/centrourbano.com\\\/revista\\\/wp-content\\\/uploads\\\/Guillermo-Jaime-Autor-Capitalismo-Social-1-3-scaled.jpg\",\"width\":2454,\"height\":2560},{\"@type\":\"BreadcrumbList\",\"@id\":\"https:\\\/\\\/centrourbano.com\\\/revista\\\/entrevistas\\\/mia-genera-viviendas-sector-vulnerable\\\/#breadcrumb\",\"itemListElement\":[{\"@type\":\"ListItem\",\"position\":1,\"name\":\"Portada\",\"item\":\"https:\\\/\\\/centrourbano.com\\\/revista\\\/\"},{\"@type\":\"ListItem\",\"position\":2,\"name\":\"Grupo M\u00eda genera viviendas para el sector vulnerable\"}]},{\"@type\":\"WebSite\",\"@id\":\"https:\\\/\\\/centrourbano.com\\\/revista\\\/#website\",\"url\":\"https:\\\/\\\/centrourbano.com\\\/revista\\\/\",\"name\":\"Centro Urbano\",\"description\":\"Medio especializado en los sectores vivienda, inmobiliario, construcci\u00f3n, arquitectura y urbanismo.\",\"publisher\":{\"@id\":\"https:\\\/\\\/centrourbano.com\\\/revista\\\/#organization\"},\"potentialAction\":[{\"@type\":\"SearchAction\",\"target\":{\"@type\":\"EntryPoint\",\"urlTemplate\":\"https:\\\/\\\/centrourbano.com\\\/revista\\\/?s={search_term_string}\"},\"query-input\":{\"@type\":\"PropertyValueSpecification\",\"valueRequired\":true,\"valueName\":\"search_term_string\"}}],\"inLanguage\":\"es\"},{\"@type\":\"Organization\",\"@id\":\"https:\\\/\\\/centrourbano.com\\\/revista\\\/#organization\",\"name\":\"Centro Urbano\",\"url\":\"https:\\\/\\\/centrourbano.com\\\/revista\\\/\",\"logo\":{\"@type\":\"ImageObject\",\"inLanguage\":\"es\",\"@id\":\"https:\\\/\\\/centrourbano.com\\\/revista\\\/#\\\/schema\\\/logo\\\/image\\\/\",\"url\":\"https:\\\/\\\/centrourbano.com\\\/revista\\\/wp-content\\\/uploads\\\/web_CU_logo-1.png\",\"contentUrl\":\"https:\\\/\\\/centrourbano.com\\\/revista\\\/wp-content\\\/uploads\\\/web_CU_logo-1.png\",\"width\":350,\"height\":91,\"caption\":\"Centro Urbano\"},\"image\":{\"@id\":\"https:\\\/\\\/centrourbano.com\\\/revista\\\/#\\\/schema\\\/logo\\\/image\\\/\"},\"sameAs\":[\"https:\\\/\\\/www.facebook.com\\\/portalcentrourbano\",\"https:\\\/\\\/x.com\\\/CentroUrbano\",\"https:\\\/\\\/www.instagram.com\\\/centro_urbano\\\/\",\"https:\\\/\\\/www.linkedin.com\\\/company\\\/centro-urbano\\\/\",\"http:\\\/\\\/www.youtube.com\\\/user\\\/portalcentrourbano\"]},{\"@type\":\"Person\",\"@id\":\"https:\\\/\\\/centrourbano.com\\\/revista\\\/#\\\/schema\\\/person\\\/0d8c668ccdefdff71965ae41ec518b7e\",\"name\":\"Karla Esperanza\",\"image\":{\"@type\":\"ImageObject\",\"inLanguage\":\"es\",\"@id\":\"https:\\\/\\\/secure.gravatar.com\\\/avatar\\\/bea847a7925ef868d37c5a55ab5e341c9e769fab11b85a359090daa4d6fb4a2e?s=96&d=mm&r=g\",\"url\":\"https:\\\/\\\/secure.gravatar.com\\\/avatar\\\/bea847a7925ef868d37c5a55ab5e341c9e769fab11b85a359090daa4d6fb4a2e?s=96&d=mm&r=g\",\"contentUrl\":\"https:\\\/\\\/secure.gravatar.com\\\/avatar\\\/bea847a7925ef868d37c5a55ab5e341c9e769fab11b85a359090daa4d6fb4a2e?s=96&d=mm&r=g\",\"caption\":\"Karla Esperanza\"},\"url\":\"https:\\\/\\\/centrourbano.com\\\/revista\\\/author\\\/karla-esperanza\\\/\"}]}<\/script>\n<!-- \/ Yoast SEO plugin. -->","yoast_head_json":{"title":"Grupo M\u00eda genera viviendas para el sector vulnerable","description":"De acuerdo con Guillermo Jaime, este grupo se encarga de proveer materiales, capacitaciones y herramientas para la construcci\u00f3n de hogares","robots":{"index":"index","follow":"follow","max-snippet":"max-snippet:-1","max-image-preview":"max-image-preview:large","max-video-preview":"max-video-preview:-1"},"canonical":"https:\/\/centrourbano.com\/revista\/entrevistas\/mia-genera-viviendas-sector-vulnerable\/","og_locale":"es_ES","og_type":"article","og_title":"Grupo M\u00eda genera viviendas para el sector vulnerable","og_description":"De acuerdo con Guillermo Jaime, este grupo se encarga de proveer materiales, capacitaciones y herramientas para la construcci\u00f3n de hogares","og_url":"https:\/\/centrourbano.com\/revista\/entrevistas\/mia-genera-viviendas-sector-vulnerable\/","og_site_name":"Centro Urbano","article_publisher":"https:\/\/www.facebook.com\/portalcentrourbano","article_published_time":"2018-07-10T20:56:04+00:00","og_image":[{"width":2454,"height":2560,"url":"https:\/\/centrourbano.com\/revista\/wp-content\/uploads\/Guillermo-Jaime-Autor-Capitalismo-Social-1-3-scaled.jpg","type":"image\/jpeg"}],"author":"Karla Esperanza","twitter_card":"summary_large_image","twitter_creator":"@CentroUrbano","twitter_site":"@CentroUrbano","twitter_misc":{"Escrito por":"Karla Esperanza","Tiempo de lectura":"2 minutos"},"schema":{"@context":"https:\/\/schema.org","@graph":[{"@type":"Article","@id":"https:\/\/centrourbano.com\/revista\/entrevistas\/mia-genera-viviendas-sector-vulnerable\/#article","isPartOf":{"@id":"https:\/\/centrourbano.com\/revista\/entrevistas\/mia-genera-viviendas-sector-vulnerable\/"},"author":{"name":"Karla Esperanza","@id":"https:\/\/centrourbano.com\/revista\/#\/schema\/person\/0d8c668ccdefdff71965ae41ec518b7e"},"headline":"Grupo M\u00eda genera viviendas para el sector vulnerable","datePublished":"2018-07-10T20:56:04+00:00","mainEntityOfPage":{"@id":"https:\/\/centrourbano.com\/revista\/entrevistas\/mia-genera-viviendas-sector-vulnerable\/"},"wordCount":446,"commentCount":0,"publisher":{"@id":"https:\/\/centrourbano.com\/revista\/#organization"},"image":{"@id":"https:\/\/centrourbano.com\/revista\/entrevistas\/mia-genera-viviendas-sector-vulnerable\/#primaryimage"},"thumbnailUrl":"https:\/\/centrourbano.com\/revista\/wp-content\/uploads\/Guillermo-Jaime-Autor-Capitalismo-Social-1-3-scaled.jpg","keywords":["Autofinanciamiento","construcci\u00f3n","Empresarios","Grupo MIA","modelos de atenci\u00f3n","pobreza","Viviendas"],"articleSection":["Entrevistas"],"inLanguage":"es","potentialAction":[{"@type":"CommentAction","name":"Comment","target":["https:\/\/centrourbano.com\/revista\/entrevistas\/mia-genera-viviendas-sector-vulnerable\/#respond"]}]},{"@type":"WebPage","@id":"https:\/\/centrourbano.com\/revista\/entrevistas\/mia-genera-viviendas-sector-vulnerable\/","url":"https:\/\/centrourbano.com\/revista\/entrevistas\/mia-genera-viviendas-sector-vulnerable\/","name":"Grupo M\u00eda genera viviendas para el sector vulnerable","isPartOf":{"@id":"https:\/\/centrourbano.com\/revista\/#website"},"primaryImageOfPage":{"@id":"https:\/\/centrourbano.com\/revista\/entrevistas\/mia-genera-viviendas-sector-vulnerable\/#primaryimage"},"image":{"@id":"https:\/\/centrourbano.com\/revista\/entrevistas\/mia-genera-viviendas-sector-vulnerable\/#primaryimage"},"thumbnailUrl":"https:\/\/centrourbano.com\/revista\/wp-content\/uploads\/Guillermo-Jaime-Autor-Capitalismo-Social-1-3-scaled.jpg","datePublished":"2018-07-10T20:56:04+00:00","description":"De acuerdo con Guillermo Jaime, este grupo se encarga de proveer materiales, capacitaciones y herramientas para la construcci\u00f3n de hogares","breadcrumb":{"@id":"https:\/\/centrourbano.com\/revista\/entrevistas\/mia-genera-viviendas-sector-vulnerable\/#breadcrumb"},"inLanguage":"es","potentialAction":[{"@type":"ReadAction","target":["https:\/\/centrourbano.com\/revista\/entrevistas\/mia-genera-viviendas-sector-vulnerable\/"]}]},{"@type":"ImageObject","inLanguage":"es","@id":"https:\/\/centrourbano.com\/revista\/entrevistas\/mia-genera-viviendas-sector-vulnerable\/#primaryimage","url":"https:\/\/centrourbano.com\/revista\/wp-content\/uploads\/Guillermo-Jaime-Autor-Capitalismo-Social-1-3-scaled.jpg","contentUrl":"https:\/\/centrourbano.com\/revista\/wp-content\/uploads\/Guillermo-Jaime-Autor-Capitalismo-Social-1-3-scaled.jpg","width":2454,"height":2560},{"@type":"BreadcrumbList","@id":"https:\/\/centrourbano.com\/revista\/entrevistas\/mia-genera-viviendas-sector-vulnerable\/#breadcrumb","itemListElement":[{"@type":"ListItem","position":1,"name":"Portada","item":"https:\/\/centrourbano.com\/revista\/"},{"@type":"ListItem","position":2,"name":"Grupo M\u00eda genera viviendas para el sector vulnerable"}]},{"@type":"WebSite","@id":"https:\/\/centrourbano.com\/revista\/#website","url":"https:\/\/centrourbano.com\/revista\/","name":"Centro Urbano","description":"Medio especializado en los sectores vivienda, inmobiliario, construcci\u00f3n, arquitectura y urbanismo.","publisher":{"@id":"https:\/\/centrourbano.com\/revista\/#organization"},"potentialAction":[{"@type":"SearchAction","target":{"@type":"EntryPoint","urlTemplate":"https:\/\/centrourbano.com\/revista\/?s={search_term_string}"},"query-input":{"@type":"PropertyValueSpecification","valueRequired":true,"valueName":"search_term_string"}}],"inLanguage":"es"},{"@type":"Organization","@id":"https:\/\/centrourbano.com\/revista\/#organization","name":"Centro Urbano","url":"https:\/\/centrourbano.com\/revista\/","logo":{"@type":"ImageObject","inLanguage":"es","@id":"https:\/\/centrourbano.com\/revista\/#\/schema\/logo\/image\/","url":"https:\/\/centrourbano.com\/revista\/wp-content\/uploads\/web_CU_logo-1.png","contentUrl":"https:\/\/centrourbano.com\/revista\/wp-content\/uploads\/web_CU_logo-1.png","width":350,"height":91,"caption":"Centro Urbano"},"image":{"@id":"https:\/\/centrourbano.com\/revista\/#\/schema\/logo\/image\/"},"sameAs":["https:\/\/www.facebook.com\/portalcentrourbano","https:\/\/x.com\/CentroUrbano","https:\/\/www.instagram.com\/centro_urbano\/","https:\/\/www.linkedin.com\/company\/centro-urbano\/","http:\/\/www.youtube.com\/user\/portalcentrourbano"]},{"@type":"Person","@id":"https:\/\/centrourbano.com\/revista\/#\/schema\/person\/0d8c668ccdefdff71965ae41ec518b7e","name":"Karla Esperanza","image":{"@type":"ImageObject","inLanguage":"es","@id":"https:\/\/secure.gravatar.com\/avatar\/bea847a7925ef868d37c5a55ab5e341c9e769fab11b85a359090daa4d6fb4a2e?s=96&d=mm&r=g","url":"https:\/\/secure.gravatar.com\/avatar\/bea847a7925ef868d37c5a55ab5e341c9e769fab11b85a359090daa4d6fb4a2e?s=96&d=mm&r=g","contentUrl":"https:\/\/secure.gravatar.com\/avatar\/bea847a7925ef868d37c5a55ab5e341c9e769fab11b85a359090daa4d6fb4a2e?s=96&d=mm&r=g","caption":"Karla Esperanza"},"url":"https:\/\/centrourbano.com\/revista\/author\/karla-esperanza\/"}]}},"_links":{"self":[{"href":"https:\/\/centrourbano.com\/revista\/wp-json\/wp\/v2\/posts\/74186","targetHints":{"allow":["GET"]}}],"collection":[{"href":"https:\/\/centrourbano.com\/revista\/wp-json\/wp\/v2\/posts"}],"about":[{"href":"https:\/\/centrourbano.com\/revista\/wp-json\/wp\/v2\/types\/post"}],"author":[{"embeddable":true,"href":"https:\/\/centrourbano.com\/revista\/wp-json\/wp\/v2\/users\/64"}],"replies":[{"embeddable":true,"href":"https:\/\/centrourbano.com\/revista\/wp-json\/wp\/v2\/comments?post=74186"}],"version-history":[{"count":2,"href":"https:\/\/centrourbano.com\/revista\/wp-json\/wp\/v2\/posts\/74186\/revisions"}],"predecessor-version":[{"id":74188,"href":"https:\/\/centrourbano.com\/revista\/wp-json\/wp\/v2\/posts\/74186\/revisions\/74188"}],"wp:featuredmedia":[{"embeddable":true,"href":"https:\/\/centrourbano.com\/revista\/wp-json\/wp\/v2\/media\/48381"}],"wp:attachment":[{"href":"https:\/\/centrourbano.com\/revista\/wp-json\/wp\/v2\/media?parent=74186"}],"wp:term":[{"taxonomy":"category","embeddable":true,"href":"https:\/\/centrourbano.com\/revista\/wp-json\/wp\/v2\/categories?post=74186"},{"taxonomy":"post_tag","embeddable":true,"href":"https:\/\/centrourbano.com\/revista\/wp-json\/wp\/v2\/tags?post=74186"}],"curies":[{"name":"wp","href":"https:\/\/api.w.org\/{rel}","templated":true}]}}