{"id":74058,"date":"2018-07-06T14:45:46","date_gmt":"2018-07-06T19:45:46","guid":{"rendered":"https:\/\/centrourbano.com\/?p=74058"},"modified":"2018-07-06T14:45:46","modified_gmt":"2018-07-06T19:45:46","slug":"realizan-taller-proyectos-urbanos","status":"publish","type":"post","link":"https:\/\/centrourbano.com\/revista\/urbanismo\/realizan-taller-proyectos-urbanos\/","title":{"rendered":"Realizan taller de proyectos urbanos"},"content":{"rendered":"<p><em>Zapopan se posiciona entre los primeros municipios mexicanos en alinearse con las metas de los objetivos de Desarrollo Sostenible y de la Nueva Agenda Urbana<\/em><!--more--><\/p>\n<p>Durante la presentaci\u00f3n del segundo taller urbano sobre Proyectos Urbanos Integrales Sostenibles (PUIS), la consultora internacional de ONU-Habitat defini\u00f3 el concepto y destac\u00f3 la importancia del instrumento como un medio para la \u201cprosperidad y generaci\u00f3n de condiciones para distribuir las capacidades y oportunidades que se generan en la ciudad\u201d.<\/p>\n<p>Durante las actividades, los representantes de las diferentes dependencias p\u00fablicas y academias buscaron puntos de encuentro entre sus proyectos actuales y propuestos, para impulsar una gesti\u00f3n integral y coordinada de nuevas formas de desarrollo sostenible en los entornos urbanos del municipio.<\/p>\n<p>Los participantes localizaron en el mapa de Zapopan, programas y proyectos en tres \u00e1mbitos prioritarios de actuaci\u00f3n: Zapopan Central, enfocado en la revitalizaci\u00f3n; Miramar y Lomas de Centinelas, dos zonas con alta vulnerabilidad social y ambiental, enfocadas en el mejoramiento urbano barrial.<\/p>\n<p>Esto se llev\u00f3 a cabo durante la Estrategia Territorial de Zapopan (ETZ2030) con la finalidad de encontrar coincidencias entre las iniciativas de cada dependencia para la implementaci\u00f3n conjunta y efectiva de los proyectos de dicha estrategia.<\/p>\n<p>Para ello, se detectaron puntos de encuentro en torno a seis temas caracter\u00edsticos de un PUIS: movilidad, espacio p\u00fablico y equipamiento, reglamentaci\u00f3n y vivienda, medio ambiente, infraestructura de redes y servicios p\u00fablicos, y programas sociales.<\/p>\n<p>Representantes de ordenamiento territorial, servicios municipales, tesorer\u00eda, proyectos estrat\u00e9gicos, movilidad, espacio p\u00fablico, cultura, regularizaci\u00f3n, sindicatura, y universidades, participaron para continuar con el trabajo de la implementaci\u00f3n de la ETZ2030, con la cual, Zapopan se posiciona entre los primeros municipios mexicanos en alinearse con las metas de los Objetivos de Desarrollo Sostenible de Naciones Unidas y con los principios de la Nueva Agenda Urbana a favor de un desarrollo urbano sostenible.<\/p>\n<p>&nbsp;<\/p>\n","protected":false},"excerpt":{"rendered":"<p>Zapopan se posiciona entre los primeros municipios mexicanos en alinearse con las metas de los objetivos de Desarrollo Sostenible y de la Nueva Agenda Urbana<\/p>\n","protected":false},"author":45,"featured_media":74059,"comment_status":"open","ping_status":"closed","sticky":false,"template":"","format":"standard","meta":{"om_disable_all_campaigns":false,"inline_featured_image":false,"_monsterinsights_skip_tracking":false,"_monsterinsights_sitenote_active":false,"_monsterinsights_sitenote_note":"","_monsterinsights_sitenote_category":0,"footnotes":""},"categories":[82],"tags":[487,8322,10937,2653,13831,13832,2119],"class_list":["post-74058","post","type-post","status-publish","format-standard","has-post-thumbnail","hentry","category-urbanismo","tag-movilidad","tag-nueva-agenda-urbana","tag-objetivos-de-desarrollo-sostenible","tag-onu-habitat","tag-proyectos-urbanos-integrales-sostenibles","tag-puis","tag-zapopan"],"yoast_head":"<!-- This site is optimized with the Yoast SEO plugin v27.5 - https:\/\/yoast.com\/product\/yoast-seo-wordpress\/ -->\n<title>Realizan taller de proyectos urbanos<\/title>\n<meta name=\"description\" content=\"Zapopan se posiciona entre los primeros municipios mexicanos en alinearse con las metas de los objetivos de Desarrollo Sostenible y de la Nueva Agenda Urbana\" \/>\n<meta name=\"robots\" content=\"index, follow, max-snippet:-1, max-image-preview:large, max-video-preview:-1\" \/>\n<link rel=\"canonical\" href=\"https:\/\/centrourbano.com\/revista\/urbanismo\/realizan-taller-proyectos-urbanos\/\" \/>\n<meta property=\"og:locale\" content=\"es_ES\" \/>\n<meta property=\"og:type\" content=\"article\" \/>\n<meta property=\"og:title\" content=\"Realizan taller de proyectos urbanos\" \/>\n<meta property=\"og:description\" content=\"Zapopan se posiciona entre los primeros municipios mexicanos en alinearse con las metas de los objetivos de Desarrollo Sostenible y de la Nueva Agenda Urbana\" \/>\n<meta property=\"og:url\" content=\"https:\/\/centrourbano.com\/revista\/urbanismo\/realizan-taller-proyectos-urbanos\/\" \/>\n<meta property=\"og:site_name\" content=\"Centro Urbano\" \/>\n<meta property=\"article:publisher\" content=\"https:\/\/www.facebook.com\/portalcentrourbano\" \/>\n<meta property=\"article:published_time\" content=\"2018-07-06T19:45:46+00:00\" \/>\n<meta property=\"og:image\" content=\"https:\/\/centrourbano.com\/revista\/wp-content\/uploads\/taller-zapopan-onu-habita-grupo-1.jpg\" \/>\n\t<meta property=\"og:image:width\" content=\"750\" \/>\n\t<meta property=\"og:image:height\" content=\"445\" \/>\n\t<meta property=\"og:image:type\" content=\"image\/jpeg\" \/>\n<meta name=\"author\" content=\"Hanae Pacheco\" \/>\n<meta name=\"twitter:card\" content=\"summary_large_image\" \/>\n<meta name=\"twitter:creator\" content=\"@CentroUrbano\" \/>\n<meta name=\"twitter:site\" content=\"@CentroUrbano\" \/>\n<meta name=\"twitter:label1\" content=\"Escrito por\" \/>\n\t<meta name=\"twitter:data1\" content=\"Hanae Pacheco\" \/>\n\t<meta name=\"twitter:label2\" content=\"Tiempo de lectura\" \/>\n\t<meta name=\"twitter:data2\" content=\"2 minutos\" \/>\n<script type=\"application\/ld+json\" class=\"yoast-schema-graph\">{\"@context\":\"https:\\\/\\\/schema.org\",\"@graph\":[{\"@type\":\"Article\",\"@id\":\"https:\\\/\\\/centrourbano.com\\\/revista\\\/urbanismo\\\/realizan-taller-proyectos-urbanos\\\/#article\",\"isPartOf\":{\"@id\":\"https:\\\/\\\/centrourbano.com\\\/revista\\\/urbanismo\\\/realizan-taller-proyectos-urbanos\\\/\"},\"author\":{\"name\":\"Hanae Pacheco\",\"@id\":\"https:\\\/\\\/centrourbano.com\\\/revista\\\/#\\\/schema\\\/person\\\/e8e98aef19f73a60695de7576d34c43c\"},\"headline\":\"Realizan taller de proyectos urbanos\",\"datePublished\":\"2018-07-06T19:45:46+00:00\",\"mainEntityOfPage\":{\"@id\":\"https:\\\/\\\/centrourbano.com\\\/revista\\\/urbanismo\\\/realizan-taller-proyectos-urbanos\\\/\"},\"wordCount\":320,\"commentCount\":0,\"publisher\":{\"@id\":\"https:\\\/\\\/centrourbano.com\\\/revista\\\/#organization\"},\"image\":{\"@id\":\"https:\\\/\\\/centrourbano.com\\\/revista\\\/urbanismo\\\/realizan-taller-proyectos-urbanos\\\/#primaryimage\"},\"thumbnailUrl\":\"https:\\\/\\\/centrourbano.com\\\/revista\\\/wp-content\\\/uploads\\\/taller-zapopan-onu-habita-grupo-1.jpg\",\"keywords\":[\"movilidad\",\"Nueva Agenda Urbana\",\"Objetivos de Desarrollo Sostenible\",\"ONU-Habitat\",\"proyectos urbanos integrales sostenibles\",\"PUIS\",\"Zapopan\"],\"articleSection\":[\"Urbanismo\"],\"inLanguage\":\"es\",\"potentialAction\":[{\"@type\":\"CommentAction\",\"name\":\"Comment\",\"target\":[\"https:\\\/\\\/centrourbano.com\\\/revista\\\/urbanismo\\\/realizan-taller-proyectos-urbanos\\\/#respond\"]}]},{\"@type\":\"WebPage\",\"@id\":\"https:\\\/\\\/centrourbano.com\\\/revista\\\/urbanismo\\\/realizan-taller-proyectos-urbanos\\\/\",\"url\":\"https:\\\/\\\/centrourbano.com\\\/revista\\\/urbanismo\\\/realizan-taller-proyectos-urbanos\\\/\",\"name\":\"Realizan taller de proyectos urbanos\",\"isPartOf\":{\"@id\":\"https:\\\/\\\/centrourbano.com\\\/revista\\\/#website\"},\"primaryImageOfPage\":{\"@id\":\"https:\\\/\\\/centrourbano.com\\\/revista\\\/urbanismo\\\/realizan-taller-proyectos-urbanos\\\/#primaryimage\"},\"image\":{\"@id\":\"https:\\\/\\\/centrourbano.com\\\/revista\\\/urbanismo\\\/realizan-taller-proyectos-urbanos\\\/#primaryimage\"},\"thumbnailUrl\":\"https:\\\/\\\/centrourbano.com\\\/revista\\\/wp-content\\\/uploads\\\/taller-zapopan-onu-habita-grupo-1.jpg\",\"datePublished\":\"2018-07-06T19:45:46+00:00\",\"description\":\"Zapopan se posiciona entre los primeros municipios mexicanos en alinearse con las metas de los objetivos de Desarrollo Sostenible y de la Nueva Agenda Urbana\",\"breadcrumb\":{\"@id\":\"https:\\\/\\\/centrourbano.com\\\/revista\\\/urbanismo\\\/realizan-taller-proyectos-urbanos\\\/#breadcrumb\"},\"inLanguage\":\"es\",\"potentialAction\":[{\"@type\":\"ReadAction\",\"target\":[\"https:\\\/\\\/centrourbano.com\\\/revista\\\/urbanismo\\\/realizan-taller-proyectos-urbanos\\\/\"]}]},{\"@type\":\"ImageObject\",\"inLanguage\":\"es\",\"@id\":\"https:\\\/\\\/centrourbano.com\\\/revista\\\/urbanismo\\\/realizan-taller-proyectos-urbanos\\\/#primaryimage\",\"url\":\"https:\\\/\\\/centrourbano.com\\\/revista\\\/wp-content\\\/uploads\\\/taller-zapopan-onu-habita-grupo-1.jpg\",\"contentUrl\":\"https:\\\/\\\/centrourbano.com\\\/revista\\\/wp-content\\\/uploads\\\/taller-zapopan-onu-habita-grupo-1.jpg\",\"width\":750,\"height\":445,\"caption\":\"Zapopan se posiciona entre los primeros municipios mexicanos en alinearse con las metas de los objetivos de Desarrollo Sostenible y de la Nueva Agenda Urbana\"},{\"@type\":\"BreadcrumbList\",\"@id\":\"https:\\\/\\\/centrourbano.com\\\/revista\\\/urbanismo\\\/realizan-taller-proyectos-urbanos\\\/#breadcrumb\",\"itemListElement\":[{\"@type\":\"ListItem\",\"position\":1,\"name\":\"Portada\",\"item\":\"https:\\\/\\\/centrourbano.com\\\/revista\\\/\"},{\"@type\":\"ListItem\",\"position\":2,\"name\":\"Realizan taller de proyectos urbanos\"}]},{\"@type\":\"WebSite\",\"@id\":\"https:\\\/\\\/centrourbano.com\\\/revista\\\/#website\",\"url\":\"https:\\\/\\\/centrourbano.com\\\/revista\\\/\",\"name\":\"Centro Urbano\",\"description\":\"Medio especializado en los sectores vivienda, inmobiliario, construcci\u00f3n, arquitectura y urbanismo.\",\"publisher\":{\"@id\":\"https:\\\/\\\/centrourbano.com\\\/revista\\\/#organization\"},\"potentialAction\":[{\"@type\":\"SearchAction\",\"target\":{\"@type\":\"EntryPoint\",\"urlTemplate\":\"https:\\\/\\\/centrourbano.com\\\/revista\\\/?s={search_term_string}\"},\"query-input\":{\"@type\":\"PropertyValueSpecification\",\"valueRequired\":true,\"valueName\":\"search_term_string\"}}],\"inLanguage\":\"es\"},{\"@type\":\"Organization\",\"@id\":\"https:\\\/\\\/centrourbano.com\\\/revista\\\/#organization\",\"name\":\"Centro Urbano\",\"url\":\"https:\\\/\\\/centrourbano.com\\\/revista\\\/\",\"logo\":{\"@type\":\"ImageObject\",\"inLanguage\":\"es\",\"@id\":\"https:\\\/\\\/centrourbano.com\\\/revista\\\/#\\\/schema\\\/logo\\\/image\\\/\",\"url\":\"https:\\\/\\\/centrourbano.com\\\/revista\\\/wp-content\\\/uploads\\\/web_CU_logo-1.png\",\"contentUrl\":\"https:\\\/\\\/centrourbano.com\\\/revista\\\/wp-content\\\/uploads\\\/web_CU_logo-1.png\",\"width\":350,\"height\":91,\"caption\":\"Centro Urbano\"},\"image\":{\"@id\":\"https:\\\/\\\/centrourbano.com\\\/revista\\\/#\\\/schema\\\/logo\\\/image\\\/\"},\"sameAs\":[\"https:\\\/\\\/www.facebook.com\\\/portalcentrourbano\",\"https:\\\/\\\/x.com\\\/CentroUrbano\",\"https:\\\/\\\/www.instagram.com\\\/centro_urbano\\\/\",\"https:\\\/\\\/www.linkedin.com\\\/company\\\/centro-urbano\\\/\",\"http:\\\/\\\/www.youtube.com\\\/user\\\/portalcentrourbano\"]},{\"@type\":\"Person\",\"@id\":\"https:\\\/\\\/centrourbano.com\\\/revista\\\/#\\\/schema\\\/person\\\/e8e98aef19f73a60695de7576d34c43c\",\"name\":\"Hanae Pacheco\",\"image\":{\"@type\":\"ImageObject\",\"inLanguage\":\"es\",\"@id\":\"https:\\\/\\\/secure.gravatar.com\\\/avatar\\\/85378918db488c7c72bd7acaea6909bbfd5df076ffaf5e56cf397f98ef67f72d?s=96&d=mm&r=g\",\"url\":\"https:\\\/\\\/secure.gravatar.com\\\/avatar\\\/85378918db488c7c72bd7acaea6909bbfd5df076ffaf5e56cf397f98ef67f72d?s=96&d=mm&r=g\",\"contentUrl\":\"https:\\\/\\\/secure.gravatar.com\\\/avatar\\\/85378918db488c7c72bd7acaea6909bbfd5df076ffaf5e56cf397f98ef67f72d?s=96&d=mm&r=g\",\"caption\":\"Hanae Pacheco\"},\"url\":\"https:\\\/\\\/centrourbano.com\\\/revista\\\/author\\\/hanae-pacheco\\\/\"}]}<\/script>\n<!-- \/ Yoast SEO plugin. -->","yoast_head_json":{"title":"Realizan taller de proyectos urbanos","description":"Zapopan se posiciona entre los primeros municipios mexicanos en alinearse con las metas de los objetivos de Desarrollo Sostenible y de la Nueva Agenda Urbana","robots":{"index":"index","follow":"follow","max-snippet":"max-snippet:-1","max-image-preview":"max-image-preview:large","max-video-preview":"max-video-preview:-1"},"canonical":"https:\/\/centrourbano.com\/revista\/urbanismo\/realizan-taller-proyectos-urbanos\/","og_locale":"es_ES","og_type":"article","og_title":"Realizan taller de proyectos urbanos","og_description":"Zapopan se posiciona entre los primeros municipios mexicanos en alinearse con las metas de los objetivos de Desarrollo Sostenible y de la Nueva Agenda Urbana","og_url":"https:\/\/centrourbano.com\/revista\/urbanismo\/realizan-taller-proyectos-urbanos\/","og_site_name":"Centro Urbano","article_publisher":"https:\/\/www.facebook.com\/portalcentrourbano","article_published_time":"2018-07-06T19:45:46+00:00","og_image":[{"width":750,"height":445,"url":"https:\/\/centrourbano.com\/revista\/wp-content\/uploads\/taller-zapopan-onu-habita-grupo-1.jpg","type":"image\/jpeg"}],"author":"Hanae Pacheco","twitter_card":"summary_large_image","twitter_creator":"@CentroUrbano","twitter_site":"@CentroUrbano","twitter_misc":{"Escrito por":"Hanae Pacheco","Tiempo de lectura":"2 minutos"},"schema":{"@context":"https:\/\/schema.org","@graph":[{"@type":"Article","@id":"https:\/\/centrourbano.com\/revista\/urbanismo\/realizan-taller-proyectos-urbanos\/#article","isPartOf":{"@id":"https:\/\/centrourbano.com\/revista\/urbanismo\/realizan-taller-proyectos-urbanos\/"},"author":{"name":"Hanae Pacheco","@id":"https:\/\/centrourbano.com\/revista\/#\/schema\/person\/e8e98aef19f73a60695de7576d34c43c"},"headline":"Realizan taller de proyectos urbanos","datePublished":"2018-07-06T19:45:46+00:00","mainEntityOfPage":{"@id":"https:\/\/centrourbano.com\/revista\/urbanismo\/realizan-taller-proyectos-urbanos\/"},"wordCount":320,"commentCount":0,"publisher":{"@id":"https:\/\/centrourbano.com\/revista\/#organization"},"image":{"@id":"https:\/\/centrourbano.com\/revista\/urbanismo\/realizan-taller-proyectos-urbanos\/#primaryimage"},"thumbnailUrl":"https:\/\/centrourbano.com\/revista\/wp-content\/uploads\/taller-zapopan-onu-habita-grupo-1.jpg","keywords":["movilidad","Nueva Agenda Urbana","Objetivos de Desarrollo Sostenible","ONU-Habitat","proyectos urbanos integrales sostenibles","PUIS","Zapopan"],"articleSection":["Urbanismo"],"inLanguage":"es","potentialAction":[{"@type":"CommentAction","name":"Comment","target":["https:\/\/centrourbano.com\/revista\/urbanismo\/realizan-taller-proyectos-urbanos\/#respond"]}]},{"@type":"WebPage","@id":"https:\/\/centrourbano.com\/revista\/urbanismo\/realizan-taller-proyectos-urbanos\/","url":"https:\/\/centrourbano.com\/revista\/urbanismo\/realizan-taller-proyectos-urbanos\/","name":"Realizan taller de proyectos urbanos","isPartOf":{"@id":"https:\/\/centrourbano.com\/revista\/#website"},"primaryImageOfPage":{"@id":"https:\/\/centrourbano.com\/revista\/urbanismo\/realizan-taller-proyectos-urbanos\/#primaryimage"},"image":{"@id":"https:\/\/centrourbano.com\/revista\/urbanismo\/realizan-taller-proyectos-urbanos\/#primaryimage"},"thumbnailUrl":"https:\/\/centrourbano.com\/revista\/wp-content\/uploads\/taller-zapopan-onu-habita-grupo-1.jpg","datePublished":"2018-07-06T19:45:46+00:00","description":"Zapopan se posiciona entre los primeros municipios mexicanos en alinearse con las metas de los objetivos de Desarrollo Sostenible y de la Nueva Agenda Urbana","breadcrumb":{"@id":"https:\/\/centrourbano.com\/revista\/urbanismo\/realizan-taller-proyectos-urbanos\/#breadcrumb"},"inLanguage":"es","potentialAction":[{"@type":"ReadAction","target":["https:\/\/centrourbano.com\/revista\/urbanismo\/realizan-taller-proyectos-urbanos\/"]}]},{"@type":"ImageObject","inLanguage":"es","@id":"https:\/\/centrourbano.com\/revista\/urbanismo\/realizan-taller-proyectos-urbanos\/#primaryimage","url":"https:\/\/centrourbano.com\/revista\/wp-content\/uploads\/taller-zapopan-onu-habita-grupo-1.jpg","contentUrl":"https:\/\/centrourbano.com\/revista\/wp-content\/uploads\/taller-zapopan-onu-habita-grupo-1.jpg","width":750,"height":445,"caption":"Zapopan se posiciona entre los primeros municipios mexicanos en alinearse con las metas de los objetivos de Desarrollo Sostenible y de la Nueva Agenda Urbana"},{"@type":"BreadcrumbList","@id":"https:\/\/centrourbano.com\/revista\/urbanismo\/realizan-taller-proyectos-urbanos\/#breadcrumb","itemListElement":[{"@type":"ListItem","position":1,"name":"Portada","item":"https:\/\/centrourbano.com\/revista\/"},{"@type":"ListItem","position":2,"name":"Realizan taller de proyectos urbanos"}]},{"@type":"WebSite","@id":"https:\/\/centrourbano.com\/revista\/#website","url":"https:\/\/centrourbano.com\/revista\/","name":"Centro Urbano","description":"Medio especializado en los sectores vivienda, inmobiliario, construcci\u00f3n, arquitectura y urbanismo.","publisher":{"@id":"https:\/\/centrourbano.com\/revista\/#organization"},"potentialAction":[{"@type":"SearchAction","target":{"@type":"EntryPoint","urlTemplate":"https:\/\/centrourbano.com\/revista\/?s={search_term_string}"},"query-input":{"@type":"PropertyValueSpecification","valueRequired":true,"valueName":"search_term_string"}}],"inLanguage":"es"},{"@type":"Organization","@id":"https:\/\/centrourbano.com\/revista\/#organization","name":"Centro Urbano","url":"https:\/\/centrourbano.com\/revista\/","logo":{"@type":"ImageObject","inLanguage":"es","@id":"https:\/\/centrourbano.com\/revista\/#\/schema\/logo\/image\/","url":"https:\/\/centrourbano.com\/revista\/wp-content\/uploads\/web_CU_logo-1.png","contentUrl":"https:\/\/centrourbano.com\/revista\/wp-content\/uploads\/web_CU_logo-1.png","width":350,"height":91,"caption":"Centro Urbano"},"image":{"@id":"https:\/\/centrourbano.com\/revista\/#\/schema\/logo\/image\/"},"sameAs":["https:\/\/www.facebook.com\/portalcentrourbano","https:\/\/x.com\/CentroUrbano","https:\/\/www.instagram.com\/centro_urbano\/","https:\/\/www.linkedin.com\/company\/centro-urbano\/","http:\/\/www.youtube.com\/user\/portalcentrourbano"]},{"@type":"Person","@id":"https:\/\/centrourbano.com\/revista\/#\/schema\/person\/e8e98aef19f73a60695de7576d34c43c","name":"Hanae Pacheco","image":{"@type":"ImageObject","inLanguage":"es","@id":"https:\/\/secure.gravatar.com\/avatar\/85378918db488c7c72bd7acaea6909bbfd5df076ffaf5e56cf397f98ef67f72d?s=96&d=mm&r=g","url":"https:\/\/secure.gravatar.com\/avatar\/85378918db488c7c72bd7acaea6909bbfd5df076ffaf5e56cf397f98ef67f72d?s=96&d=mm&r=g","contentUrl":"https:\/\/secure.gravatar.com\/avatar\/85378918db488c7c72bd7acaea6909bbfd5df076ffaf5e56cf397f98ef67f72d?s=96&d=mm&r=g","caption":"Hanae Pacheco"},"url":"https:\/\/centrourbano.com\/revista\/author\/hanae-pacheco\/"}]}},"_links":{"self":[{"href":"https:\/\/centrourbano.com\/revista\/wp-json\/wp\/v2\/posts\/74058","targetHints":{"allow":["GET"]}}],"collection":[{"href":"https:\/\/centrourbano.com\/revista\/wp-json\/wp\/v2\/posts"}],"about":[{"href":"https:\/\/centrourbano.com\/revista\/wp-json\/wp\/v2\/types\/post"}],"author":[{"embeddable":true,"href":"https:\/\/centrourbano.com\/revista\/wp-json\/wp\/v2\/users\/45"}],"replies":[{"embeddable":true,"href":"https:\/\/centrourbano.com\/revista\/wp-json\/wp\/v2\/comments?post=74058"}],"version-history":[{"count":1,"href":"https:\/\/centrourbano.com\/revista\/wp-json\/wp\/v2\/posts\/74058\/revisions"}],"predecessor-version":[{"id":74060,"href":"https:\/\/centrourbano.com\/revista\/wp-json\/wp\/v2\/posts\/74058\/revisions\/74060"}],"wp:featuredmedia":[{"embeddable":true,"href":"https:\/\/centrourbano.com\/revista\/wp-json\/wp\/v2\/media\/74059"}],"wp:attachment":[{"href":"https:\/\/centrourbano.com\/revista\/wp-json\/wp\/v2\/media?parent=74058"}],"wp:term":[{"taxonomy":"category","embeddable":true,"href":"https:\/\/centrourbano.com\/revista\/wp-json\/wp\/v2\/categories?post=74058"},{"taxonomy":"post_tag","embeddable":true,"href":"https:\/\/centrourbano.com\/revista\/wp-json\/wp\/v2\/tags?post=74058"}],"curies":[{"name":"wp","href":"https:\/\/api.w.org\/{rel}","templated":true}]}}