{"id":73694,"date":"2018-06-28T16:08:00","date_gmt":"2018-06-28T21:08:00","guid":{"rendered":"https:\/\/centrourbano.com\/?p=73694"},"modified":"2018-06-28T16:08:00","modified_gmt":"2018-06-28T21:08:00","slug":"construiran-hospital-la-ceguera-coyoacan","status":"publish","type":"post","link":"https:\/\/centrourbano.com\/revista\/construccion\/construiran-hospital-la-ceguera-coyoacan\/","title":{"rendered":"Construir\u00e1n Hospital de la Ceguera en Coyoac\u00e1n"},"content":{"rendered":"<p><em>El terreno de 20,074 metros cuadrados fue otorgado por el gobierno capitalino<\/em><!--more--><\/p>\n<p>El <a href=\"http:\/\/www.cdmx.gob.mx\/\" target=\"_blank\" rel=\"noopener noreferrer\">Gobierno de la Ciudad de M\u00e9xico<\/a> inform\u00f3 que por un acuerdo emitido por el Comit\u00e9 del Patrimonio Inmobiliario, se dictamin\u00f3 que el inmueble \u2018El Parian\u2019 sea otorgado a la <a href=\"https:\/\/www.gob.mx\/salud\" target=\"_blank\" rel=\"noopener noreferrer\">Secretar\u00eda de Salud<\/a> (Sedema) para la construcci\u00f3n del <strong>Hospital de la Ceguera<\/strong>.<\/p>\n<p>El predio ubicado en Avenida Hidalgo 128, colonia Del Carmen, en la delegaci\u00f3n <strong>Coyoac\u00e1n<\/strong>, tiene una superficie de terreno de 10,096 metros cuadrados y una de construcci\u00f3n de 20,074 metros cuadrados,<\/p>\n<p>De acuerdo con el jefe de gobierno, Jos\u00e9 Ram\u00f3n Amieva G\u00e1lvez, el inmueble ser\u00e1 destinado para la prestaci\u00f3n de servicios relacionados con la salud visual, para que de esta manera la poblaci\u00f3n cuente con consultas, cirug\u00edas y atenci\u00f3n hospitalaria.<\/p>\n","protected":false},"excerpt":{"rendered":"<p>El terreno de 20,074 metros cuadrados fue otorgado por el gobierno capitalino<\/p>\n","protected":false},"author":64,"featured_media":49064,"comment_status":"open","ping_status":"closed","sticky":false,"template":"","format":"standard","meta":{"om_disable_all_campaigns":false,"inline_featured_image":false,"_monsterinsights_skip_tracking":false,"_monsterinsights_sitenote_active":false,"_monsterinsights_sitenote_note":"","_monsterinsights_sitenote_category":0,"footnotes":""},"categories":[14],"tags":[606,13768,1038,488,167],"class_list":["post-73694","post","type-post","status-publish","format-standard","has-post-thumbnail","hentry","category-construccion","tag-cdmx","tag-ceguera","tag-coyoacan","tag-hospital","tag-sedema"],"yoast_head":"<!-- This site is optimized with the Yoast SEO plugin v27.5 - https:\/\/yoast.com\/product\/yoast-seo-wordpress\/ -->\n<title>Construir\u00e1n Hospital de la Ceguera en Coyoac\u00e1n<\/title>\n<meta name=\"description\" content=\"El terreno de 20,074 metros cuadrados fue otorgado por el gobierno capitalino\" \/>\n<meta name=\"robots\" content=\"index, follow, max-snippet:-1, max-image-preview:large, max-video-preview:-1\" \/>\n<link rel=\"canonical\" href=\"https:\/\/centrourbano.com\/revista\/construccion\/construiran-hospital-la-ceguera-coyoacan\/\" \/>\n<meta property=\"og:locale\" content=\"es_ES\" \/>\n<meta property=\"og:type\" content=\"article\" \/>\n<meta property=\"og:title\" content=\"Construir\u00e1n Hospital de la Ceguera en Coyoac\u00e1n\" \/>\n<meta property=\"og:description\" content=\"El terreno de 20,074 metros cuadrados fue otorgado por el gobierno capitalino\" \/>\n<meta property=\"og:url\" content=\"https:\/\/centrourbano.com\/revista\/construccion\/construiran-hospital-la-ceguera-coyoacan\/\" \/>\n<meta property=\"og:site_name\" content=\"Centro Urbano\" \/>\n<meta property=\"article:publisher\" content=\"https:\/\/www.facebook.com\/portalcentrourbano\" \/>\n<meta property=\"article:published_time\" content=\"2018-06-28T21:08:00+00:00\" \/>\n<meta property=\"og:image\" content=\"https:\/\/centrourbano.com\/revista\/wp-content\/uploads\/2fc860brick-construccion-casas-2-scaled.jpg\" \/>\n\t<meta property=\"og:image:width\" content=\"2560\" \/>\n\t<meta property=\"og:image:height\" content=\"1854\" \/>\n\t<meta property=\"og:image:type\" content=\"image\/jpeg\" \/>\n<meta name=\"author\" content=\"Karla Esperanza\" \/>\n<meta name=\"twitter:card\" content=\"summary_large_image\" \/>\n<meta name=\"twitter:creator\" content=\"@CentroUrbano\" \/>\n<meta name=\"twitter:site\" content=\"@CentroUrbano\" \/>\n<meta name=\"twitter:label1\" content=\"Escrito por\" \/>\n\t<meta name=\"twitter:data1\" content=\"Karla Esperanza\" \/>\n\t<meta name=\"twitter:label2\" content=\"Tiempo de lectura\" \/>\n\t<meta name=\"twitter:data2\" content=\"1 minuto\" \/>\n<script type=\"application\/ld+json\" class=\"yoast-schema-graph\">{\"@context\":\"https:\\\/\\\/schema.org\",\"@graph\":[{\"@type\":\"Article\",\"@id\":\"https:\\\/\\\/centrourbano.com\\\/revista\\\/construccion\\\/construiran-hospital-la-ceguera-coyoacan\\\/#article\",\"isPartOf\":{\"@id\":\"https:\\\/\\\/centrourbano.com\\\/revista\\\/construccion\\\/construiran-hospital-la-ceguera-coyoacan\\\/\"},\"author\":{\"name\":\"Karla Esperanza\",\"@id\":\"https:\\\/\\\/centrourbano.com\\\/revista\\\/#\\\/schema\\\/person\\\/0d8c668ccdefdff71965ae41ec518b7e\"},\"headline\":\"Construir\u00e1n Hospital de la Ceguera en Coyoac\u00e1n\",\"datePublished\":\"2018-06-28T21:08:00+00:00\",\"mainEntityOfPage\":{\"@id\":\"https:\\\/\\\/centrourbano.com\\\/revista\\\/construccion\\\/construiran-hospital-la-ceguera-coyoacan\\\/\"},\"wordCount\":141,\"commentCount\":0,\"publisher\":{\"@id\":\"https:\\\/\\\/centrourbano.com\\\/revista\\\/#organization\"},\"image\":{\"@id\":\"https:\\\/\\\/centrourbano.com\\\/revista\\\/construccion\\\/construiran-hospital-la-ceguera-coyoacan\\\/#primaryimage\"},\"thumbnailUrl\":\"https:\\\/\\\/centrourbano.com\\\/revista\\\/wp-content\\\/uploads\\\/2fc860brick-construccion-casas-2-scaled.jpg\",\"keywords\":[\"CDMX\",\"CEGUERA\",\"Coyoac\u00e1n\",\"hospital\",\"Sedema\"],\"articleSection\":[\"Construcci\u00f3n\"],\"inLanguage\":\"es\",\"potentialAction\":[{\"@type\":\"CommentAction\",\"name\":\"Comment\",\"target\":[\"https:\\\/\\\/centrourbano.com\\\/revista\\\/construccion\\\/construiran-hospital-la-ceguera-coyoacan\\\/#respond\"]}]},{\"@type\":\"WebPage\",\"@id\":\"https:\\\/\\\/centrourbano.com\\\/revista\\\/construccion\\\/construiran-hospital-la-ceguera-coyoacan\\\/\",\"url\":\"https:\\\/\\\/centrourbano.com\\\/revista\\\/construccion\\\/construiran-hospital-la-ceguera-coyoacan\\\/\",\"name\":\"Construir\u00e1n Hospital de la Ceguera en Coyoac\u00e1n\",\"isPartOf\":{\"@id\":\"https:\\\/\\\/centrourbano.com\\\/revista\\\/#website\"},\"primaryImageOfPage\":{\"@id\":\"https:\\\/\\\/centrourbano.com\\\/revista\\\/construccion\\\/construiran-hospital-la-ceguera-coyoacan\\\/#primaryimage\"},\"image\":{\"@id\":\"https:\\\/\\\/centrourbano.com\\\/revista\\\/construccion\\\/construiran-hospital-la-ceguera-coyoacan\\\/#primaryimage\"},\"thumbnailUrl\":\"https:\\\/\\\/centrourbano.com\\\/revista\\\/wp-content\\\/uploads\\\/2fc860brick-construccion-casas-2-scaled.jpg\",\"datePublished\":\"2018-06-28T21:08:00+00:00\",\"description\":\"El terreno de 20,074 metros cuadrados fue otorgado por el gobierno capitalino\",\"breadcrumb\":{\"@id\":\"https:\\\/\\\/centrourbano.com\\\/revista\\\/construccion\\\/construiran-hospital-la-ceguera-coyoacan\\\/#breadcrumb\"},\"inLanguage\":\"es\",\"potentialAction\":[{\"@type\":\"ReadAction\",\"target\":[\"https:\\\/\\\/centrourbano.com\\\/revista\\\/construccion\\\/construiran-hospital-la-ceguera-coyoacan\\\/\"]}]},{\"@type\":\"ImageObject\",\"inLanguage\":\"es\",\"@id\":\"https:\\\/\\\/centrourbano.com\\\/revista\\\/construccion\\\/construiran-hospital-la-ceguera-coyoacan\\\/#primaryimage\",\"url\":\"https:\\\/\\\/centrourbano.com\\\/revista\\\/wp-content\\\/uploads\\\/2fc860brick-construccion-casas-2-scaled.jpg\",\"contentUrl\":\"https:\\\/\\\/centrourbano.com\\\/revista\\\/wp-content\\\/uploads\\\/2fc860brick-construccion-casas-2-scaled.jpg\",\"width\":2560,\"height\":1854},{\"@type\":\"BreadcrumbList\",\"@id\":\"https:\\\/\\\/centrourbano.com\\\/revista\\\/construccion\\\/construiran-hospital-la-ceguera-coyoacan\\\/#breadcrumb\",\"itemListElement\":[{\"@type\":\"ListItem\",\"position\":1,\"name\":\"Portada\",\"item\":\"https:\\\/\\\/centrourbano.com\\\/revista\\\/\"},{\"@type\":\"ListItem\",\"position\":2,\"name\":\"Construir\u00e1n Hospital de la Ceguera en Coyoac\u00e1n\"}]},{\"@type\":\"WebSite\",\"@id\":\"https:\\\/\\\/centrourbano.com\\\/revista\\\/#website\",\"url\":\"https:\\\/\\\/centrourbano.com\\\/revista\\\/\",\"name\":\"Centro Urbano\",\"description\":\"Medio especializado en los sectores vivienda, inmobiliario, construcci\u00f3n, arquitectura y urbanismo.\",\"publisher\":{\"@id\":\"https:\\\/\\\/centrourbano.com\\\/revista\\\/#organization\"},\"potentialAction\":[{\"@type\":\"SearchAction\",\"target\":{\"@type\":\"EntryPoint\",\"urlTemplate\":\"https:\\\/\\\/centrourbano.com\\\/revista\\\/?s={search_term_string}\"},\"query-input\":{\"@type\":\"PropertyValueSpecification\",\"valueRequired\":true,\"valueName\":\"search_term_string\"}}],\"inLanguage\":\"es\"},{\"@type\":\"Organization\",\"@id\":\"https:\\\/\\\/centrourbano.com\\\/revista\\\/#organization\",\"name\":\"Centro Urbano\",\"url\":\"https:\\\/\\\/centrourbano.com\\\/revista\\\/\",\"logo\":{\"@type\":\"ImageObject\",\"inLanguage\":\"es\",\"@id\":\"https:\\\/\\\/centrourbano.com\\\/revista\\\/#\\\/schema\\\/logo\\\/image\\\/\",\"url\":\"https:\\\/\\\/centrourbano.com\\\/revista\\\/wp-content\\\/uploads\\\/web_CU_logo-1.png\",\"contentUrl\":\"https:\\\/\\\/centrourbano.com\\\/revista\\\/wp-content\\\/uploads\\\/web_CU_logo-1.png\",\"width\":350,\"height\":91,\"caption\":\"Centro Urbano\"},\"image\":{\"@id\":\"https:\\\/\\\/centrourbano.com\\\/revista\\\/#\\\/schema\\\/logo\\\/image\\\/\"},\"sameAs\":[\"https:\\\/\\\/www.facebook.com\\\/portalcentrourbano\",\"https:\\\/\\\/x.com\\\/CentroUrbano\",\"https:\\\/\\\/www.instagram.com\\\/centro_urbano\\\/\",\"https:\\\/\\\/www.linkedin.com\\\/company\\\/centro-urbano\\\/\",\"http:\\\/\\\/www.youtube.com\\\/user\\\/portalcentrourbano\"]},{\"@type\":\"Person\",\"@id\":\"https:\\\/\\\/centrourbano.com\\\/revista\\\/#\\\/schema\\\/person\\\/0d8c668ccdefdff71965ae41ec518b7e\",\"name\":\"Karla Esperanza\",\"image\":{\"@type\":\"ImageObject\",\"inLanguage\":\"es\",\"@id\":\"https:\\\/\\\/secure.gravatar.com\\\/avatar\\\/bea847a7925ef868d37c5a55ab5e341c9e769fab11b85a359090daa4d6fb4a2e?s=96&d=mm&r=g\",\"url\":\"https:\\\/\\\/secure.gravatar.com\\\/avatar\\\/bea847a7925ef868d37c5a55ab5e341c9e769fab11b85a359090daa4d6fb4a2e?s=96&d=mm&r=g\",\"contentUrl\":\"https:\\\/\\\/secure.gravatar.com\\\/avatar\\\/bea847a7925ef868d37c5a55ab5e341c9e769fab11b85a359090daa4d6fb4a2e?s=96&d=mm&r=g\",\"caption\":\"Karla Esperanza\"},\"url\":\"https:\\\/\\\/centrourbano.com\\\/revista\\\/author\\\/karla-esperanza\\\/\"}]}<\/script>\n<!-- \/ Yoast SEO plugin. -->","yoast_head_json":{"title":"Construir\u00e1n Hospital de la Ceguera en Coyoac\u00e1n","description":"El terreno de 20,074 metros cuadrados fue otorgado por el gobierno capitalino","robots":{"index":"index","follow":"follow","max-snippet":"max-snippet:-1","max-image-preview":"max-image-preview:large","max-video-preview":"max-video-preview:-1"},"canonical":"https:\/\/centrourbano.com\/revista\/construccion\/construiran-hospital-la-ceguera-coyoacan\/","og_locale":"es_ES","og_type":"article","og_title":"Construir\u00e1n Hospital de la Ceguera en Coyoac\u00e1n","og_description":"El terreno de 20,074 metros cuadrados fue otorgado por el gobierno capitalino","og_url":"https:\/\/centrourbano.com\/revista\/construccion\/construiran-hospital-la-ceguera-coyoacan\/","og_site_name":"Centro Urbano","article_publisher":"https:\/\/www.facebook.com\/portalcentrourbano","article_published_time":"2018-06-28T21:08:00+00:00","og_image":[{"width":2560,"height":1854,"url":"https:\/\/centrourbano.com\/revista\/wp-content\/uploads\/2fc860brick-construccion-casas-2-scaled.jpg","type":"image\/jpeg"}],"author":"Karla Esperanza","twitter_card":"summary_large_image","twitter_creator":"@CentroUrbano","twitter_site":"@CentroUrbano","twitter_misc":{"Escrito por":"Karla Esperanza","Tiempo de lectura":"1 minuto"},"schema":{"@context":"https:\/\/schema.org","@graph":[{"@type":"Article","@id":"https:\/\/centrourbano.com\/revista\/construccion\/construiran-hospital-la-ceguera-coyoacan\/#article","isPartOf":{"@id":"https:\/\/centrourbano.com\/revista\/construccion\/construiran-hospital-la-ceguera-coyoacan\/"},"author":{"name":"Karla Esperanza","@id":"https:\/\/centrourbano.com\/revista\/#\/schema\/person\/0d8c668ccdefdff71965ae41ec518b7e"},"headline":"Construir\u00e1n Hospital de la Ceguera en Coyoac\u00e1n","datePublished":"2018-06-28T21:08:00+00:00","mainEntityOfPage":{"@id":"https:\/\/centrourbano.com\/revista\/construccion\/construiran-hospital-la-ceguera-coyoacan\/"},"wordCount":141,"commentCount":0,"publisher":{"@id":"https:\/\/centrourbano.com\/revista\/#organization"},"image":{"@id":"https:\/\/centrourbano.com\/revista\/construccion\/construiran-hospital-la-ceguera-coyoacan\/#primaryimage"},"thumbnailUrl":"https:\/\/centrourbano.com\/revista\/wp-content\/uploads\/2fc860brick-construccion-casas-2-scaled.jpg","keywords":["CDMX","CEGUERA","Coyoac\u00e1n","hospital","Sedema"],"articleSection":["Construcci\u00f3n"],"inLanguage":"es","potentialAction":[{"@type":"CommentAction","name":"Comment","target":["https:\/\/centrourbano.com\/revista\/construccion\/construiran-hospital-la-ceguera-coyoacan\/#respond"]}]},{"@type":"WebPage","@id":"https:\/\/centrourbano.com\/revista\/construccion\/construiran-hospital-la-ceguera-coyoacan\/","url":"https:\/\/centrourbano.com\/revista\/construccion\/construiran-hospital-la-ceguera-coyoacan\/","name":"Construir\u00e1n Hospital de la Ceguera en Coyoac\u00e1n","isPartOf":{"@id":"https:\/\/centrourbano.com\/revista\/#website"},"primaryImageOfPage":{"@id":"https:\/\/centrourbano.com\/revista\/construccion\/construiran-hospital-la-ceguera-coyoacan\/#primaryimage"},"image":{"@id":"https:\/\/centrourbano.com\/revista\/construccion\/construiran-hospital-la-ceguera-coyoacan\/#primaryimage"},"thumbnailUrl":"https:\/\/centrourbano.com\/revista\/wp-content\/uploads\/2fc860brick-construccion-casas-2-scaled.jpg","datePublished":"2018-06-28T21:08:00+00:00","description":"El terreno de 20,074 metros cuadrados fue otorgado por el gobierno capitalino","breadcrumb":{"@id":"https:\/\/centrourbano.com\/revista\/construccion\/construiran-hospital-la-ceguera-coyoacan\/#breadcrumb"},"inLanguage":"es","potentialAction":[{"@type":"ReadAction","target":["https:\/\/centrourbano.com\/revista\/construccion\/construiran-hospital-la-ceguera-coyoacan\/"]}]},{"@type":"ImageObject","inLanguage":"es","@id":"https:\/\/centrourbano.com\/revista\/construccion\/construiran-hospital-la-ceguera-coyoacan\/#primaryimage","url":"https:\/\/centrourbano.com\/revista\/wp-content\/uploads\/2fc860brick-construccion-casas-2-scaled.jpg","contentUrl":"https:\/\/centrourbano.com\/revista\/wp-content\/uploads\/2fc860brick-construccion-casas-2-scaled.jpg","width":2560,"height":1854},{"@type":"BreadcrumbList","@id":"https:\/\/centrourbano.com\/revista\/construccion\/construiran-hospital-la-ceguera-coyoacan\/#breadcrumb","itemListElement":[{"@type":"ListItem","position":1,"name":"Portada","item":"https:\/\/centrourbano.com\/revista\/"},{"@type":"ListItem","position":2,"name":"Construir\u00e1n Hospital de la Ceguera en Coyoac\u00e1n"}]},{"@type":"WebSite","@id":"https:\/\/centrourbano.com\/revista\/#website","url":"https:\/\/centrourbano.com\/revista\/","name":"Centro Urbano","description":"Medio especializado en los sectores vivienda, inmobiliario, construcci\u00f3n, arquitectura y urbanismo.","publisher":{"@id":"https:\/\/centrourbano.com\/revista\/#organization"},"potentialAction":[{"@type":"SearchAction","target":{"@type":"EntryPoint","urlTemplate":"https:\/\/centrourbano.com\/revista\/?s={search_term_string}"},"query-input":{"@type":"PropertyValueSpecification","valueRequired":true,"valueName":"search_term_string"}}],"inLanguage":"es"},{"@type":"Organization","@id":"https:\/\/centrourbano.com\/revista\/#organization","name":"Centro Urbano","url":"https:\/\/centrourbano.com\/revista\/","logo":{"@type":"ImageObject","inLanguage":"es","@id":"https:\/\/centrourbano.com\/revista\/#\/schema\/logo\/image\/","url":"https:\/\/centrourbano.com\/revista\/wp-content\/uploads\/web_CU_logo-1.png","contentUrl":"https:\/\/centrourbano.com\/revista\/wp-content\/uploads\/web_CU_logo-1.png","width":350,"height":91,"caption":"Centro Urbano"},"image":{"@id":"https:\/\/centrourbano.com\/revista\/#\/schema\/logo\/image\/"},"sameAs":["https:\/\/www.facebook.com\/portalcentrourbano","https:\/\/x.com\/CentroUrbano","https:\/\/www.instagram.com\/centro_urbano\/","https:\/\/www.linkedin.com\/company\/centro-urbano\/","http:\/\/www.youtube.com\/user\/portalcentrourbano"]},{"@type":"Person","@id":"https:\/\/centrourbano.com\/revista\/#\/schema\/person\/0d8c668ccdefdff71965ae41ec518b7e","name":"Karla Esperanza","image":{"@type":"ImageObject","inLanguage":"es","@id":"https:\/\/secure.gravatar.com\/avatar\/bea847a7925ef868d37c5a55ab5e341c9e769fab11b85a359090daa4d6fb4a2e?s=96&d=mm&r=g","url":"https:\/\/secure.gravatar.com\/avatar\/bea847a7925ef868d37c5a55ab5e341c9e769fab11b85a359090daa4d6fb4a2e?s=96&d=mm&r=g","contentUrl":"https:\/\/secure.gravatar.com\/avatar\/bea847a7925ef868d37c5a55ab5e341c9e769fab11b85a359090daa4d6fb4a2e?s=96&d=mm&r=g","caption":"Karla Esperanza"},"url":"https:\/\/centrourbano.com\/revista\/author\/karla-esperanza\/"}]}},"_links":{"self":[{"href":"https:\/\/centrourbano.com\/revista\/wp-json\/wp\/v2\/posts\/73694","targetHints":{"allow":["GET"]}}],"collection":[{"href":"https:\/\/centrourbano.com\/revista\/wp-json\/wp\/v2\/posts"}],"about":[{"href":"https:\/\/centrourbano.com\/revista\/wp-json\/wp\/v2\/types\/post"}],"author":[{"embeddable":true,"href":"https:\/\/centrourbano.com\/revista\/wp-json\/wp\/v2\/users\/64"}],"replies":[{"embeddable":true,"href":"https:\/\/centrourbano.com\/revista\/wp-json\/wp\/v2\/comments?post=73694"}],"version-history":[{"count":1,"href":"https:\/\/centrourbano.com\/revista\/wp-json\/wp\/v2\/posts\/73694\/revisions"}],"predecessor-version":[{"id":73695,"href":"https:\/\/centrourbano.com\/revista\/wp-json\/wp\/v2\/posts\/73694\/revisions\/73695"}],"wp:featuredmedia":[{"embeddable":true,"href":"https:\/\/centrourbano.com\/revista\/wp-json\/wp\/v2\/media\/49064"}],"wp:attachment":[{"href":"https:\/\/centrourbano.com\/revista\/wp-json\/wp\/v2\/media?parent=73694"}],"wp:term":[{"taxonomy":"category","embeddable":true,"href":"https:\/\/centrourbano.com\/revista\/wp-json\/wp\/v2\/categories?post=73694"},{"taxonomy":"post_tag","embeddable":true,"href":"https:\/\/centrourbano.com\/revista\/wp-json\/wp\/v2\/tags?post=73694"}],"curies":[{"name":"wp","href":"https:\/\/api.w.org\/{rel}","templated":true}]}}