{"id":73248,"date":"2018-06-19T11:45:03","date_gmt":"2018-06-19T16:45:03","guid":{"rendered":"https:\/\/centrourbano.com\/?p=73248"},"modified":"2018-06-19T17:27:20","modified_gmt":"2018-06-19T22:27:20","slug":"otorgaran-medalla-bellas-artes-de-arquitectura-a-francisco-serrano","status":"publish","type":"post","link":"https:\/\/centrourbano.com\/revista\/arquitectura-2\/otorgaran-medalla-bellas-artes-de-arquitectura-a-francisco-serrano\/","title":{"rendered":"Otorgar\u00e1n Medalla Bellas Artes de Arquitectura a Francisco Serrano"},"content":{"rendered":"<p><em>El arquitecto es autor de obras emblem\u00e1ticas como la Torre Arcos Bosques, la Terminal 2 del Aeropuerto Internacional de la Ciudad de M\u00e9xico, as\u00ed como la Universidad Iberoamericana<\/em><!--more--><\/p>\n<p>Ma\u00f1ana el <a href=\"http:\/\/www.inba.gob.mx\" target=\"_blank\" rel=\"noopener noreferrer\"><strong>Instituto Nacional de Bellas Artes<\/strong><\/a> (INBA) otorgar\u00e1 la <strong>Medalla Bellas Artes de Arquitectura\u00a0<\/strong>a\u00a0<strong>Francisco Serrano<\/strong>, quien ha forjado su\u00a0trayectoria a lo largo de\u00a0m\u00e1s de cinco d\u00e9cadas de intenso trabajo, disciplina, creatividad, colaboraciones y reconocimientos.<\/p>\n<p>La ceremonia se llevar\u00e1 a cabo\u00a0a las 19:00 en la Sala Manuel M. Ponce del Palacio de Bellas Artes, y participar\u00e1n Jos\u00e9 Luis Cort\u00e9s, Felipe Leal, Miquel Adri\u00e0 y David Fern\u00e1ndez, moderados por Dolores Mart\u00ednez Orralde, directora de Arquitectura del INBA.<\/p>\n<p>Cabe destacar que el reconocido arquitecto\u00a0es autor de obras emblem\u00e1ticas como la Torre Arcos Bosques, mejor conocida como &#8216;El pantal\u00f3n&#8217;; la Terminal 2 del Aeropuerto Internacional de la Ciudad de M\u00e9xico, as\u00ed como la Universidad Iberoamericana.<\/p>\n<p>Para \u00e9l, es un honor recibir la Medalla Bellas Artes, ya que detr\u00e1s de dicho\u00a0reconocimiento, dijo, est\u00e1 el trabajo de much\u00edsima gente de distintas profesiones: alba\u00f1iles, plomeros y electricistas, quienes tambi\u00e9n se apropian de la obra.<\/p>\n<p>Francisco Serrano ha sido digno merecedor del Premio Nacional de Ciencias y Artes 2003, fue miembro de la Academia de Artes y ha colaborado con\u00a0destacados arquitectos como Teodoro Gonz\u00e1lez de Le\u00f3n y Pedro Ram\u00edrez V\u00e1zquez, as\u00ed como con la ganadora del premio Pritzker Zaha Hadid, entre otros; por tal motivo, considera que el trabajo en equipo contin\u00faa siendo parte fundamental de su quehacer.<\/p>\n<p>El arquitecto record\u00f3 que, desde sus d\u00edas universitarios, tuvo el gusto de trabajar en dos proyectos: con Augusto \u00c1lvarez y con Juan Sordo Madaleno. Posteriormente, dijo, hizo proyectos con Rafael Mijares, Ram\u00f3n Torres, H\u00e9ctor Vel\u00e1zquez, Abraham Zabludovsky.<\/p>\n<p>Trasciende que m\u00e1s de una treintena de proyectos del arquitecto han sido premiados, aunque asegur\u00f3 que no se inscribe en alg\u00fan estilo en particular, pese a que tiene\u00a0la influencia de much\u00edsimos arquitectos.<\/p>\n<p>Para el arquitecto, su profesi\u00f3n es de servicio. \u201cEs hacer que los usuarios, que toda la comunidad, tenga una mejor calidad de vida. Aprovecho para resaltar algo, los clientes son fundamentales en las obras que he hecho, sin ellos yo no hubiera podido hacerlas, porque si dicen s\u00ed o no a lo que propongo, en autom\u00e1tico se convierten en mis c\u00f3mplices. Muchos no son personas f\u00edsicas sino entes morales y sin el apoyo de esas instituciones la obra no hubiera podido ser. Ahora, en la \u00e9poca de la comunicaci\u00f3n, todo mundo quiere ser, pero en la arquitectura poco importa, lo trascendente es que el usuario se sienta c\u00f3modo, que les guste el edificio. Es lo \u00fanico que dejamos, es nuestro servicio a la comunidad\u201d.<\/p>\n","protected":false},"excerpt":{"rendered":"<p>El arquitecto es autor de obras emblem\u00e1ticas como la Torre Arcos Bosques, la Terminal 2 del Aeropuerto Internacional de la Ciudad de M\u00e9xico, as\u00ed como la Universidad Iberoamericana<\/p>\n","protected":false},"author":9,"featured_media":73250,"comment_status":"open","ping_status":"closed","sticky":false,"template":"","format":"standard","meta":{"om_disable_all_campaigns":false,"inline_featured_image":false,"_monsterinsights_skip_tracking":false,"_monsterinsights_sitenote_active":false,"_monsterinsights_sitenote_note":"","_monsterinsights_sitenote_category":0,"footnotes":""},"categories":[81],"tags":[8107,712,20,180,5674,13688,4564,3574,728,13686,13687,1425],"class_list":["post-73248","post","type-post","status-publish","format-standard","has-post-thumbnail","hentry","category-arquitectura-2","tag-abraham-zabludovsky","tag-arquitecto","tag-arquitectura","tag-bellas-artes","tag-francisco-serrano","tag-hector-velazquez","tag-juan-sordo-madaleno","tag-medalla-bellas-artes","tag-pedro-ramirez-vazquez","tag-rafael-mijares","tag-ramon-torres","tag-teodoro-gonzalez-de-leon"],"yoast_head":"<!-- This site is optimized with the Yoast SEO plugin v27.5 - https:\/\/yoast.com\/product\/yoast-seo-wordpress\/ -->\n<title>Otorgar\u00e1n Medalla Bellas Artes de Arquitectura a Francisco Serrano<\/title>\n<meta name=\"description\" content=\"El arquitecto es autor de obras emblem\u00e1ticas como la Torre Arcos Bosques, la Terminal 2 del Aeropuerto Internacional de la Ciudad de M\u00e9xico, as\u00ed como la\" \/>\n<meta name=\"robots\" content=\"index, follow, max-snippet:-1, max-image-preview:large, max-video-preview:-1\" \/>\n<link rel=\"canonical\" href=\"https:\/\/centrourbano.com\/revista\/arquitectura-2\/otorgaran-medalla-bellas-artes-de-arquitectura-a-francisco-serrano\/\" \/>\n<meta property=\"og:locale\" content=\"es_ES\" \/>\n<meta property=\"og:type\" content=\"article\" \/>\n<meta property=\"og:title\" content=\"Otorgar\u00e1n Medalla Bellas Artes de Arquitectura a Francisco Serrano\" \/>\n<meta property=\"og:description\" content=\"El arquitecto es autor de obras emblem\u00e1ticas como la Torre Arcos Bosques, la Terminal 2 del Aeropuerto Internacional de la Ciudad de M\u00e9xico, as\u00ed como la\" \/>\n<meta property=\"og:url\" content=\"https:\/\/centrourbano.com\/revista\/arquitectura-2\/otorgaran-medalla-bellas-artes-de-arquitectura-a-francisco-serrano\/\" \/>\n<meta property=\"og:site_name\" content=\"Centro Urbano\" \/>\n<meta property=\"article:publisher\" content=\"https:\/\/www.facebook.com\/portalcentrourbano\" \/>\n<meta property=\"article:published_time\" content=\"2018-06-19T16:45:03+00:00\" \/>\n<meta property=\"article:modified_time\" content=\"2018-06-19T22:27:20+00:00\" \/>\n<meta property=\"og:image\" content=\"https:\/\/centrourbano.com\/revista\/wp-content\/uploads\/9624-GAL-thumbnail_28-e1529437102718.jpg\" \/>\n\t<meta property=\"og:image:width\" content=\"700\" \/>\n\t<meta property=\"og:image:height\" content=\"598\" \/>\n\t<meta property=\"og:image:type\" content=\"image\/jpeg\" \/>\n<meta name=\"author\" content=\"Dinorah Nava\" \/>\n<meta name=\"twitter:card\" content=\"summary_large_image\" \/>\n<meta name=\"twitter:creator\" content=\"@https:\/\/twitter.com\/Dinorah_Nava28\" \/>\n<meta name=\"twitter:site\" content=\"@CentroUrbano\" \/>\n<meta name=\"twitter:label1\" content=\"Escrito por\" \/>\n\t<meta name=\"twitter:data1\" content=\"Dinorah Nava\" \/>\n\t<meta name=\"twitter:label2\" content=\"Tiempo de lectura\" \/>\n\t<meta name=\"twitter:data2\" content=\"2 minutos\" \/>\n<script type=\"application\/ld+json\" class=\"yoast-schema-graph\">{\"@context\":\"https:\\\/\\\/schema.org\",\"@graph\":[{\"@type\":\"Article\",\"@id\":\"https:\\\/\\\/centrourbano.com\\\/revista\\\/arquitectura-2\\\/otorgaran-medalla-bellas-artes-de-arquitectura-a-francisco-serrano\\\/#article\",\"isPartOf\":{\"@id\":\"https:\\\/\\\/centrourbano.com\\\/revista\\\/arquitectura-2\\\/otorgaran-medalla-bellas-artes-de-arquitectura-a-francisco-serrano\\\/\"},\"author\":{\"name\":\"Dinorah Nava\",\"@id\":\"https:\\\/\\\/centrourbano.com\\\/revista\\\/#\\\/schema\\\/person\\\/baa9e569588d5544150642a11ad28b8b\"},\"headline\":\"Otorgar\u00e1n Medalla Bellas Artes de Arquitectura a Francisco Serrano\",\"datePublished\":\"2018-06-19T16:45:03+00:00\",\"dateModified\":\"2018-06-19T22:27:20+00:00\",\"mainEntityOfPage\":{\"@id\":\"https:\\\/\\\/centrourbano.com\\\/revista\\\/arquitectura-2\\\/otorgaran-medalla-bellas-artes-de-arquitectura-a-francisco-serrano\\\/\"},\"wordCount\":481,\"commentCount\":0,\"publisher\":{\"@id\":\"https:\\\/\\\/centrourbano.com\\\/revista\\\/#organization\"},\"image\":{\"@id\":\"https:\\\/\\\/centrourbano.com\\\/revista\\\/arquitectura-2\\\/otorgaran-medalla-bellas-artes-de-arquitectura-a-francisco-serrano\\\/#primaryimage\"},\"thumbnailUrl\":\"https:\\\/\\\/centrourbano.com\\\/revista\\\/wp-content\\\/uploads\\\/9624-GAL-thumbnail_28-e1529437102718.jpg\",\"keywords\":[\"Abraham Zabludovsky\",\"arquitecto\",\"arquitectura\",\"bellas artes\",\"Francisco Serrano\",\"H\u00e9ctor Vel\u00e1zquez\",\"Juan Sordo Madaleno\",\"Medalla Bellas Artes\",\"Pedro Ram\u00edrez V\u00e1zquez\",\"Rafael Mijares\",\"Ram\u00f3n Torres\",\"Teodoro Gonz\u00e1lez de Le\u00f3n\"],\"articleSection\":[\"Arquitectura\"],\"inLanguage\":\"es\",\"potentialAction\":[{\"@type\":\"CommentAction\",\"name\":\"Comment\",\"target\":[\"https:\\\/\\\/centrourbano.com\\\/revista\\\/arquitectura-2\\\/otorgaran-medalla-bellas-artes-de-arquitectura-a-francisco-serrano\\\/#respond\"]}]},{\"@type\":\"WebPage\",\"@id\":\"https:\\\/\\\/centrourbano.com\\\/revista\\\/arquitectura-2\\\/otorgaran-medalla-bellas-artes-de-arquitectura-a-francisco-serrano\\\/\",\"url\":\"https:\\\/\\\/centrourbano.com\\\/revista\\\/arquitectura-2\\\/otorgaran-medalla-bellas-artes-de-arquitectura-a-francisco-serrano\\\/\",\"name\":\"Otorgar\u00e1n Medalla Bellas Artes de Arquitectura a Francisco Serrano\",\"isPartOf\":{\"@id\":\"https:\\\/\\\/centrourbano.com\\\/revista\\\/#website\"},\"primaryImageOfPage\":{\"@id\":\"https:\\\/\\\/centrourbano.com\\\/revista\\\/arquitectura-2\\\/otorgaran-medalla-bellas-artes-de-arquitectura-a-francisco-serrano\\\/#primaryimage\"},\"image\":{\"@id\":\"https:\\\/\\\/centrourbano.com\\\/revista\\\/arquitectura-2\\\/otorgaran-medalla-bellas-artes-de-arquitectura-a-francisco-serrano\\\/#primaryimage\"},\"thumbnailUrl\":\"https:\\\/\\\/centrourbano.com\\\/revista\\\/wp-content\\\/uploads\\\/9624-GAL-thumbnail_28-e1529437102718.jpg\",\"datePublished\":\"2018-06-19T16:45:03+00:00\",\"dateModified\":\"2018-06-19T22:27:20+00:00\",\"description\":\"El arquitecto es autor de obras emblem\u00e1ticas como la Torre Arcos Bosques, la Terminal 2 del Aeropuerto Internacional de la Ciudad de M\u00e9xico, as\u00ed como la\",\"breadcrumb\":{\"@id\":\"https:\\\/\\\/centrourbano.com\\\/revista\\\/arquitectura-2\\\/otorgaran-medalla-bellas-artes-de-arquitectura-a-francisco-serrano\\\/#breadcrumb\"},\"inLanguage\":\"es\",\"potentialAction\":[{\"@type\":\"ReadAction\",\"target\":[\"https:\\\/\\\/centrourbano.com\\\/revista\\\/arquitectura-2\\\/otorgaran-medalla-bellas-artes-de-arquitectura-a-francisco-serrano\\\/\"]}]},{\"@type\":\"ImageObject\",\"inLanguage\":\"es\",\"@id\":\"https:\\\/\\\/centrourbano.com\\\/revista\\\/arquitectura-2\\\/otorgaran-medalla-bellas-artes-de-arquitectura-a-francisco-serrano\\\/#primaryimage\",\"url\":\"https:\\\/\\\/centrourbano.com\\\/revista\\\/wp-content\\\/uploads\\\/9624-GAL-thumbnail_28-e1529437102718.jpg\",\"contentUrl\":\"https:\\\/\\\/centrourbano.com\\\/revista\\\/wp-content\\\/uploads\\\/9624-GAL-thumbnail_28-e1529437102718.jpg\",\"width\":700,\"height\":598},{\"@type\":\"BreadcrumbList\",\"@id\":\"https:\\\/\\\/centrourbano.com\\\/revista\\\/arquitectura-2\\\/otorgaran-medalla-bellas-artes-de-arquitectura-a-francisco-serrano\\\/#breadcrumb\",\"itemListElement\":[{\"@type\":\"ListItem\",\"position\":1,\"name\":\"Portada\",\"item\":\"https:\\\/\\\/centrourbano.com\\\/revista\\\/\"},{\"@type\":\"ListItem\",\"position\":2,\"name\":\"Otorgar\u00e1n Medalla Bellas Artes de Arquitectura a Francisco Serrano\"}]},{\"@type\":\"WebSite\",\"@id\":\"https:\\\/\\\/centrourbano.com\\\/revista\\\/#website\",\"url\":\"https:\\\/\\\/centrourbano.com\\\/revista\\\/\",\"name\":\"Centro Urbano\",\"description\":\"Medio especializado en los sectores vivienda, inmobiliario, construcci\u00f3n, arquitectura y urbanismo.\",\"publisher\":{\"@id\":\"https:\\\/\\\/centrourbano.com\\\/revista\\\/#organization\"},\"potentialAction\":[{\"@type\":\"SearchAction\",\"target\":{\"@type\":\"EntryPoint\",\"urlTemplate\":\"https:\\\/\\\/centrourbano.com\\\/revista\\\/?s={search_term_string}\"},\"query-input\":{\"@type\":\"PropertyValueSpecification\",\"valueRequired\":true,\"valueName\":\"search_term_string\"}}],\"inLanguage\":\"es\"},{\"@type\":\"Organization\",\"@id\":\"https:\\\/\\\/centrourbano.com\\\/revista\\\/#organization\",\"name\":\"Centro Urbano\",\"url\":\"https:\\\/\\\/centrourbano.com\\\/revista\\\/\",\"logo\":{\"@type\":\"ImageObject\",\"inLanguage\":\"es\",\"@id\":\"https:\\\/\\\/centrourbano.com\\\/revista\\\/#\\\/schema\\\/logo\\\/image\\\/\",\"url\":\"https:\\\/\\\/centrourbano.com\\\/revista\\\/wp-content\\\/uploads\\\/web_CU_logo-1.png\",\"contentUrl\":\"https:\\\/\\\/centrourbano.com\\\/revista\\\/wp-content\\\/uploads\\\/web_CU_logo-1.png\",\"width\":350,\"height\":91,\"caption\":\"Centro Urbano\"},\"image\":{\"@id\":\"https:\\\/\\\/centrourbano.com\\\/revista\\\/#\\\/schema\\\/logo\\\/image\\\/\"},\"sameAs\":[\"https:\\\/\\\/www.facebook.com\\\/portalcentrourbano\",\"https:\\\/\\\/x.com\\\/CentroUrbano\",\"https:\\\/\\\/www.instagram.com\\\/centro_urbano\\\/\",\"https:\\\/\\\/www.linkedin.com\\\/company\\\/centro-urbano\\\/\",\"http:\\\/\\\/www.youtube.com\\\/user\\\/portalcentrourbano\"]},{\"@type\":\"Person\",\"@id\":\"https:\\\/\\\/centrourbano.com\\\/revista\\\/#\\\/schema\\\/person\\\/baa9e569588d5544150642a11ad28b8b\",\"name\":\"Dinorah Nava\",\"image\":{\"@type\":\"ImageObject\",\"inLanguage\":\"es\",\"@id\":\"https:\\\/\\\/secure.gravatar.com\\\/avatar\\\/f6ca6430c51d147f363940f84e1225aa4b8183885c11802cc3b042305a4ecc1a?s=96&d=mm&r=g\",\"url\":\"https:\\\/\\\/secure.gravatar.com\\\/avatar\\\/f6ca6430c51d147f363940f84e1225aa4b8183885c11802cc3b042305a4ecc1a?s=96&d=mm&r=g\",\"contentUrl\":\"https:\\\/\\\/secure.gravatar.com\\\/avatar\\\/f6ca6430c51d147f363940f84e1225aa4b8183885c11802cc3b042305a4ecc1a?s=96&d=mm&r=g\",\"caption\":\"Dinorah Nava\"},\"description\":\"Editora de Contenidos y Estrategias Digitales en Centro Urbano y Coeditora en Peri\u00f3dico Mi Casa. Egresada de la licenciatura en Comunicaci\u00f3n y Periodismo de la Facultad de Estudios Superiores Arag\u00f3n (UNAM). Amante de la edici\u00f3n y correcci\u00f3n de estilo, las redes sociales y el mundo digital. Especialista en temas son arquitectura, inmobiliario y urbanismo.\",\"sameAs\":[\"linkedin.com\\\/in\\\/dinorah-nava\",\"https:\\\/\\\/x.com\\\/https:\\\/\\\/twitter.com\\\/Dinorah_Nava28\"],\"url\":\"https:\\\/\\\/centrourbano.com\\\/revista\\\/author\\\/dinorah-nava\\\/\"}]}<\/script>\n<!-- \/ Yoast SEO plugin. -->","yoast_head_json":{"title":"Otorgar\u00e1n Medalla Bellas Artes de Arquitectura a Francisco Serrano","description":"El arquitecto es autor de obras emblem\u00e1ticas como la Torre Arcos Bosques, la Terminal 2 del Aeropuerto Internacional de la Ciudad de M\u00e9xico, as\u00ed como la","robots":{"index":"index","follow":"follow","max-snippet":"max-snippet:-1","max-image-preview":"max-image-preview:large","max-video-preview":"max-video-preview:-1"},"canonical":"https:\/\/centrourbano.com\/revista\/arquitectura-2\/otorgaran-medalla-bellas-artes-de-arquitectura-a-francisco-serrano\/","og_locale":"es_ES","og_type":"article","og_title":"Otorgar\u00e1n Medalla Bellas Artes de Arquitectura a Francisco Serrano","og_description":"El arquitecto es autor de obras emblem\u00e1ticas como la Torre Arcos Bosques, la Terminal 2 del Aeropuerto Internacional de la Ciudad de M\u00e9xico, as\u00ed como la","og_url":"https:\/\/centrourbano.com\/revista\/arquitectura-2\/otorgaran-medalla-bellas-artes-de-arquitectura-a-francisco-serrano\/","og_site_name":"Centro Urbano","article_publisher":"https:\/\/www.facebook.com\/portalcentrourbano","article_published_time":"2018-06-19T16:45:03+00:00","article_modified_time":"2018-06-19T22:27:20+00:00","og_image":[{"width":700,"height":598,"url":"https:\/\/centrourbano.com\/revista\/wp-content\/uploads\/9624-GAL-thumbnail_28-e1529437102718.jpg","type":"image\/jpeg"}],"author":"Dinorah Nava","twitter_card":"summary_large_image","twitter_creator":"@https:\/\/twitter.com\/Dinorah_Nava28","twitter_site":"@CentroUrbano","twitter_misc":{"Escrito por":"Dinorah Nava","Tiempo de lectura":"2 minutos"},"schema":{"@context":"https:\/\/schema.org","@graph":[{"@type":"Article","@id":"https:\/\/centrourbano.com\/revista\/arquitectura-2\/otorgaran-medalla-bellas-artes-de-arquitectura-a-francisco-serrano\/#article","isPartOf":{"@id":"https:\/\/centrourbano.com\/revista\/arquitectura-2\/otorgaran-medalla-bellas-artes-de-arquitectura-a-francisco-serrano\/"},"author":{"name":"Dinorah Nava","@id":"https:\/\/centrourbano.com\/revista\/#\/schema\/person\/baa9e569588d5544150642a11ad28b8b"},"headline":"Otorgar\u00e1n Medalla Bellas Artes de Arquitectura a Francisco Serrano","datePublished":"2018-06-19T16:45:03+00:00","dateModified":"2018-06-19T22:27:20+00:00","mainEntityOfPage":{"@id":"https:\/\/centrourbano.com\/revista\/arquitectura-2\/otorgaran-medalla-bellas-artes-de-arquitectura-a-francisco-serrano\/"},"wordCount":481,"commentCount":0,"publisher":{"@id":"https:\/\/centrourbano.com\/revista\/#organization"},"image":{"@id":"https:\/\/centrourbano.com\/revista\/arquitectura-2\/otorgaran-medalla-bellas-artes-de-arquitectura-a-francisco-serrano\/#primaryimage"},"thumbnailUrl":"https:\/\/centrourbano.com\/revista\/wp-content\/uploads\/9624-GAL-thumbnail_28-e1529437102718.jpg","keywords":["Abraham Zabludovsky","arquitecto","arquitectura","bellas artes","Francisco Serrano","H\u00e9ctor Vel\u00e1zquez","Juan Sordo Madaleno","Medalla Bellas Artes","Pedro Ram\u00edrez V\u00e1zquez","Rafael Mijares","Ram\u00f3n Torres","Teodoro Gonz\u00e1lez de Le\u00f3n"],"articleSection":["Arquitectura"],"inLanguage":"es","potentialAction":[{"@type":"CommentAction","name":"Comment","target":["https:\/\/centrourbano.com\/revista\/arquitectura-2\/otorgaran-medalla-bellas-artes-de-arquitectura-a-francisco-serrano\/#respond"]}]},{"@type":"WebPage","@id":"https:\/\/centrourbano.com\/revista\/arquitectura-2\/otorgaran-medalla-bellas-artes-de-arquitectura-a-francisco-serrano\/","url":"https:\/\/centrourbano.com\/revista\/arquitectura-2\/otorgaran-medalla-bellas-artes-de-arquitectura-a-francisco-serrano\/","name":"Otorgar\u00e1n Medalla Bellas Artes de Arquitectura a Francisco Serrano","isPartOf":{"@id":"https:\/\/centrourbano.com\/revista\/#website"},"primaryImageOfPage":{"@id":"https:\/\/centrourbano.com\/revista\/arquitectura-2\/otorgaran-medalla-bellas-artes-de-arquitectura-a-francisco-serrano\/#primaryimage"},"image":{"@id":"https:\/\/centrourbano.com\/revista\/arquitectura-2\/otorgaran-medalla-bellas-artes-de-arquitectura-a-francisco-serrano\/#primaryimage"},"thumbnailUrl":"https:\/\/centrourbano.com\/revista\/wp-content\/uploads\/9624-GAL-thumbnail_28-e1529437102718.jpg","datePublished":"2018-06-19T16:45:03+00:00","dateModified":"2018-06-19T22:27:20+00:00","description":"El arquitecto es autor de obras emblem\u00e1ticas como la Torre Arcos Bosques, la Terminal 2 del Aeropuerto Internacional de la Ciudad de M\u00e9xico, as\u00ed como la","breadcrumb":{"@id":"https:\/\/centrourbano.com\/revista\/arquitectura-2\/otorgaran-medalla-bellas-artes-de-arquitectura-a-francisco-serrano\/#breadcrumb"},"inLanguage":"es","potentialAction":[{"@type":"ReadAction","target":["https:\/\/centrourbano.com\/revista\/arquitectura-2\/otorgaran-medalla-bellas-artes-de-arquitectura-a-francisco-serrano\/"]}]},{"@type":"ImageObject","inLanguage":"es","@id":"https:\/\/centrourbano.com\/revista\/arquitectura-2\/otorgaran-medalla-bellas-artes-de-arquitectura-a-francisco-serrano\/#primaryimage","url":"https:\/\/centrourbano.com\/revista\/wp-content\/uploads\/9624-GAL-thumbnail_28-e1529437102718.jpg","contentUrl":"https:\/\/centrourbano.com\/revista\/wp-content\/uploads\/9624-GAL-thumbnail_28-e1529437102718.jpg","width":700,"height":598},{"@type":"BreadcrumbList","@id":"https:\/\/centrourbano.com\/revista\/arquitectura-2\/otorgaran-medalla-bellas-artes-de-arquitectura-a-francisco-serrano\/#breadcrumb","itemListElement":[{"@type":"ListItem","position":1,"name":"Portada","item":"https:\/\/centrourbano.com\/revista\/"},{"@type":"ListItem","position":2,"name":"Otorgar\u00e1n Medalla Bellas Artes de Arquitectura a Francisco Serrano"}]},{"@type":"WebSite","@id":"https:\/\/centrourbano.com\/revista\/#website","url":"https:\/\/centrourbano.com\/revista\/","name":"Centro Urbano","description":"Medio especializado en los sectores vivienda, inmobiliario, construcci\u00f3n, arquitectura y urbanismo.","publisher":{"@id":"https:\/\/centrourbano.com\/revista\/#organization"},"potentialAction":[{"@type":"SearchAction","target":{"@type":"EntryPoint","urlTemplate":"https:\/\/centrourbano.com\/revista\/?s={search_term_string}"},"query-input":{"@type":"PropertyValueSpecification","valueRequired":true,"valueName":"search_term_string"}}],"inLanguage":"es"},{"@type":"Organization","@id":"https:\/\/centrourbano.com\/revista\/#organization","name":"Centro Urbano","url":"https:\/\/centrourbano.com\/revista\/","logo":{"@type":"ImageObject","inLanguage":"es","@id":"https:\/\/centrourbano.com\/revista\/#\/schema\/logo\/image\/","url":"https:\/\/centrourbano.com\/revista\/wp-content\/uploads\/web_CU_logo-1.png","contentUrl":"https:\/\/centrourbano.com\/revista\/wp-content\/uploads\/web_CU_logo-1.png","width":350,"height":91,"caption":"Centro Urbano"},"image":{"@id":"https:\/\/centrourbano.com\/revista\/#\/schema\/logo\/image\/"},"sameAs":["https:\/\/www.facebook.com\/portalcentrourbano","https:\/\/x.com\/CentroUrbano","https:\/\/www.instagram.com\/centro_urbano\/","https:\/\/www.linkedin.com\/company\/centro-urbano\/","http:\/\/www.youtube.com\/user\/portalcentrourbano"]},{"@type":"Person","@id":"https:\/\/centrourbano.com\/revista\/#\/schema\/person\/baa9e569588d5544150642a11ad28b8b","name":"Dinorah Nava","image":{"@type":"ImageObject","inLanguage":"es","@id":"https:\/\/secure.gravatar.com\/avatar\/f6ca6430c51d147f363940f84e1225aa4b8183885c11802cc3b042305a4ecc1a?s=96&d=mm&r=g","url":"https:\/\/secure.gravatar.com\/avatar\/f6ca6430c51d147f363940f84e1225aa4b8183885c11802cc3b042305a4ecc1a?s=96&d=mm&r=g","contentUrl":"https:\/\/secure.gravatar.com\/avatar\/f6ca6430c51d147f363940f84e1225aa4b8183885c11802cc3b042305a4ecc1a?s=96&d=mm&r=g","caption":"Dinorah Nava"},"description":"Editora de Contenidos y Estrategias Digitales en Centro Urbano y Coeditora en Peri\u00f3dico Mi Casa. Egresada de la licenciatura en Comunicaci\u00f3n y Periodismo de la Facultad de Estudios Superiores Arag\u00f3n (UNAM). Amante de la edici\u00f3n y correcci\u00f3n de estilo, las redes sociales y el mundo digital. Especialista en temas son arquitectura, inmobiliario y urbanismo.","sameAs":["linkedin.com\/in\/dinorah-nava","https:\/\/x.com\/https:\/\/twitter.com\/Dinorah_Nava28"],"url":"https:\/\/centrourbano.com\/revista\/author\/dinorah-nava\/"}]}},"_links":{"self":[{"href":"https:\/\/centrourbano.com\/revista\/wp-json\/wp\/v2\/posts\/73248","targetHints":{"allow":["GET"]}}],"collection":[{"href":"https:\/\/centrourbano.com\/revista\/wp-json\/wp\/v2\/posts"}],"about":[{"href":"https:\/\/centrourbano.com\/revista\/wp-json\/wp\/v2\/types\/post"}],"author":[{"embeddable":true,"href":"https:\/\/centrourbano.com\/revista\/wp-json\/wp\/v2\/users\/9"}],"replies":[{"embeddable":true,"href":"https:\/\/centrourbano.com\/revista\/wp-json\/wp\/v2\/comments?post=73248"}],"version-history":[{"count":5,"href":"https:\/\/centrourbano.com\/revista\/wp-json\/wp\/v2\/posts\/73248\/revisions"}],"predecessor-version":[{"id":73278,"href":"https:\/\/centrourbano.com\/revista\/wp-json\/wp\/v2\/posts\/73248\/revisions\/73278"}],"wp:featuredmedia":[{"embeddable":true,"href":"https:\/\/centrourbano.com\/revista\/wp-json\/wp\/v2\/media\/73250"}],"wp:attachment":[{"href":"https:\/\/centrourbano.com\/revista\/wp-json\/wp\/v2\/media?parent=73248"}],"wp:term":[{"taxonomy":"category","embeddable":true,"href":"https:\/\/centrourbano.com\/revista\/wp-json\/wp\/v2\/categories?post=73248"},{"taxonomy":"post_tag","embeddable":true,"href":"https:\/\/centrourbano.com\/revista\/wp-json\/wp\/v2\/tags?post=73248"}],"curies":[{"name":"wp","href":"https:\/\/api.w.org\/{rel}","templated":true}]}}