{"id":7285,"date":"2014-05-30T12:47:25","date_gmt":"2014-05-30T17:47:25","guid":{"rendered":"http:\/\/centrourbano.com\/?p=7285"},"modified":"2014-05-30T13:42:24","modified_gmt":"2014-05-30T18:42:24","slug":"guadalajara-inaugura-parque-lineal","status":"publish","type":"post","link":"https:\/\/centrourbano.com\/revista\/urbanismo\/guadalajara-inaugura-parque-lineal\/","title":{"rendered":"Guadalajara inaugura primera etapa de parque lineal"},"content":{"rendered":"<p><em>Este parque cuenta con una gran extensi\u00f3n de \u00e1reas verdes, recreativas, de ejercicio y de convivencia, adem\u00e1s de que se colocaron 126 luminarias<\/em><br \/>\n<!--more--><\/p>\n<p>M\u00e1s de un mill\u00f3n 495 mil personas se ver\u00e1n beneficiadas con la reciente inauguraci\u00f3n del parque lineal de avenida Normalistas, en Guadalajara, Jalisco, cuya inversi\u00f3n fue de m\u00e1s de 11 millones de pesos.<\/p>\n<p>Este parque cuenta con una gran extensi\u00f3n de \u00e1reas verdes, recreativas, de ejercicio y de convivencia, adem\u00e1s de que se colocaron 126 luminarias y se instal\u00f3 un sistema de riego en toda la obra, con 680 boquillas de aspersi\u00f3n.<\/p>\n<p>Asimismo, el sitio cuenta con dos mil 300 metros cuadrados de pintura vin\u00edlica en guarniciones, 20 piezas de m\u00f3dulos de gimnasio al aire libre, 662 bolardos, 30 bancas, 20 basureros y tres zonas pergoladas.<\/p>\n<p>As\u00ed lo dio a conocer Roberto D\u00e1valos L\u00f3pez, secretario de Infraestructura y Obra P\u00fablica de Jalisco, quien adem\u00e1s estuvo acompa\u00f1ado del gobernador del estado de Jalisco, Jorge Arist\u00f3teles Sandoval D\u00edaz.<\/p>\n<p>Este \u00faltimo manifest\u00f3 que trabajar\u00e1 para hacer de los espacios p\u00fablicos abandonados, lugares para el disfrute de los ciudadanos y sus familias, fortaleciendo de esta manera la convivencia y armon\u00eda entre los tapat\u00edos.<\/p>\n<p>Por su parte el presidente Municipal de Guadalajara, Ramiro Hern\u00e1ndez Garc\u00eda, agradeci\u00f3 el apoyo del Gobierno Estatal\u00a0para cumplir con esta obra que, conjuntamente con los trabajos de pavimentaci\u00f3n de avenida Normalistas, logr\u00f3 cambiar la imagen de la zona y mejorar la calidad de vida de los vecinos.<\/p>\n<p>En tanto, el representante de los colonos, Luis Delgadillo Figueroa, dijo que esta obra ser\u00e1 de gran utilidad para las familias aleda\u00f1as, adem\u00e1s de contribuir a la mejora del medio ambiente por lo que pidi\u00f3 a los vecinos que conserven y mantengan limpio el parque.<\/p>\n<p>&nbsp;<\/p>\n","protected":false},"excerpt":{"rendered":"<p>Este parque cuenta con una gran extensi\u00f3n de \u00e1reas verdes, recreativas, de ejercicio y de convivencia, adem\u00e1s de que se colocaron 126 luminarias<\/p>\n","protected":false},"author":77,"featured_media":0,"comment_status":"open","ping_status":"closed","sticky":false,"template":"","format":"standard","meta":{"inline_featured_image":false,"footnotes":""},"categories":[82],"tags":[120,48,1664],"class_list":["post-7285","post","type-post","status-publish","format-standard","hentry","category-urbanismo","tag-guadalajara","tag-jalisco","tag-parque-lineal"],"yoast_head":"<!-- This site is optimized with the Yoast SEO plugin v28.4 - https:\/\/yoast.com\/product\/yoast-seo-wordpress\/ -->\n<title>Guadalajara inaugura primera etapa de parque lineal -<\/title>\n<meta name=\"description\" content=\"Este parque cuenta con una gran extensi\u00f3n de \u00e1reas verdes, recreativas, de ejercicio y de convivencia, adem\u00e1s de que se colocaron 126 luminarias M\u00e1s de un\" \/>\n<meta name=\"robots\" content=\"index, follow, max-snippet:-1, max-image-preview:large, max-video-preview:-1\" \/>\n<link rel=\"canonical\" href=\"https:\/\/centrourbano.com\/revista\/urbanismo\/guadalajara-inaugura-parque-lineal\/\" \/>\n<meta property=\"og:locale\" content=\"es_ES\" \/>\n<meta property=\"og:type\" content=\"article\" \/>\n<meta property=\"og:title\" content=\"Guadalajara inaugura primera etapa de parque lineal -\" \/>\n<meta property=\"og:description\" content=\"Este parque cuenta con una gran extensi\u00f3n de \u00e1reas verdes, recreativas, de ejercicio y de convivencia, adem\u00e1s de que se colocaron 126 luminarias M\u00e1s de un\" \/>\n<meta property=\"og:url\" content=\"https:\/\/centrourbano.com\/revista\/urbanismo\/guadalajara-inaugura-parque-lineal\/\" \/>\n<meta property=\"og:site_name\" content=\"Centro Urbano\" \/>\n<meta property=\"article:publisher\" content=\"https:\/\/www.facebook.com\/portalcentrourbano\" \/>\n<meta property=\"article:published_time\" content=\"2014-05-30T17:47:25+00:00\" \/>\n<meta property=\"article:modified_time\" content=\"2014-05-30T18:42:24+00:00\" \/>\n<meta property=\"og:image\" content=\"https:\/\/centrourbano.com\/revista\/wp-content\/uploads\/CU-logo.png\" \/>\n\t<meta property=\"og:image:width\" content=\"350\" \/>\n\t<meta property=\"og:image:height\" content=\"91\" \/>\n\t<meta property=\"og:image:type\" content=\"image\/png\" \/>\n<meta name=\"author\" content=\"G4A\" \/>\n<meta name=\"twitter:card\" content=\"summary_large_image\" \/>\n<meta name=\"twitter:creator\" content=\"@CentroUrbano\" \/>\n<meta name=\"twitter:site\" content=\"@CentroUrbano\" \/>\n<meta name=\"twitter:label1\" content=\"Escrito por\" \/>\n\t<meta name=\"twitter:data1\" content=\"G4A\" \/>\n\t<meta name=\"twitter:label2\" content=\"Tiempo de lectura\" \/>\n\t<meta name=\"twitter:data2\" content=\"2 minutos\" \/>\n<script type=\"application\/ld+json\" class=\"yoast-schema-graph\">{\"@context\":\"https:\\\/\\\/schema.org\",\"@graph\":[{\"@type\":\"Article\",\"@id\":\"https:\\\/\\\/centrourbano.com\\\/revista\\\/urbanismo\\\/guadalajara-inaugura-parque-lineal\\\/#article\",\"isPartOf\":{\"@id\":\"https:\\\/\\\/centrourbano.com\\\/revista\\\/urbanismo\\\/guadalajara-inaugura-parque-lineal\\\/\"},\"author\":{\"name\":\"G4A\",\"@id\":\"https:\\\/\\\/centrourbano.com\\\/revista\\\/#\\\/schema\\\/person\\\/370fa0ba2d8dd5bde3fdb8b62ad360aa\"},\"headline\":\"Guadalajara inaugura primera etapa de parque lineal\",\"datePublished\":\"2014-05-30T17:47:25+00:00\",\"dateModified\":\"2014-05-30T18:42:24+00:00\",\"mainEntityOfPage\":{\"@id\":\"https:\\\/\\\/centrourbano.com\\\/revista\\\/urbanismo\\\/guadalajara-inaugura-parque-lineal\\\/\"},\"wordCount\":311,\"commentCount\":0,\"publisher\":{\"@id\":\"https:\\\/\\\/centrourbano.com\\\/revista\\\/#organization\"},\"keywords\":[\"Guadalajara\",\"Jalisco\",\"parque lineal\"],\"articleSection\":[\"Urbanismo\"],\"inLanguage\":\"es\"},{\"@type\":\"WebPage\",\"@id\":\"https:\\\/\\\/centrourbano.com\\\/revista\\\/urbanismo\\\/guadalajara-inaugura-parque-lineal\\\/\",\"url\":\"https:\\\/\\\/centrourbano.com\\\/revista\\\/urbanismo\\\/guadalajara-inaugura-parque-lineal\\\/\",\"name\":\"Guadalajara inaugura primera etapa de parque lineal -\",\"isPartOf\":{\"@id\":\"https:\\\/\\\/centrourbano.com\\\/revista\\\/#website\"},\"datePublished\":\"2014-05-30T17:47:25+00:00\",\"dateModified\":\"2014-05-30T18:42:24+00:00\",\"description\":\"Este parque cuenta con una gran extensi\u00f3n de \u00e1reas verdes, recreativas, de ejercicio y de convivencia, adem\u00e1s de que se colocaron 126 luminarias M\u00e1s de un\",\"breadcrumb\":{\"@id\":\"https:\\\/\\\/centrourbano.com\\\/revista\\\/urbanismo\\\/guadalajara-inaugura-parque-lineal\\\/#breadcrumb\"},\"inLanguage\":\"es\",\"potentialAction\":[{\"@type\":\"ReadAction\",\"target\":[\"https:\\\/\\\/centrourbano.com\\\/revista\\\/urbanismo\\\/guadalajara-inaugura-parque-lineal\\\/\"]}]},{\"@type\":\"BreadcrumbList\",\"@id\":\"https:\\\/\\\/centrourbano.com\\\/revista\\\/urbanismo\\\/guadalajara-inaugura-parque-lineal\\\/#breadcrumb\",\"itemListElement\":[{\"@type\":\"ListItem\",\"position\":1,\"name\":\"Portada\",\"item\":\"https:\\\/\\\/centrourbano.com\\\/revista\\\/\"},{\"@type\":\"ListItem\",\"position\":2,\"name\":\"Guadalajara inaugura primera etapa de parque lineal\"}]},{\"@type\":\"WebSite\",\"@id\":\"https:\\\/\\\/centrourbano.com\\\/revista\\\/#website\",\"url\":\"https:\\\/\\\/centrourbano.com\\\/revista\\\/\",\"name\":\"Centro Urbano\",\"description\":\"Medio especializado en los sectores vivienda, inmobiliario, construcci\u00f3n, arquitectura y urbanismo.\",\"publisher\":{\"@id\":\"https:\\\/\\\/centrourbano.com\\\/revista\\\/#organization\"},\"potentialAction\":[{\"@type\":\"SearchAction\",\"target\":{\"@type\":\"EntryPoint\",\"urlTemplate\":\"https:\\\/\\\/centrourbano.com\\\/revista\\\/?s={search_term_string}\"},\"query-input\":{\"@type\":\"PropertyValueSpecification\",\"valueRequired\":true,\"valueName\":\"search_term_string\"}}],\"inLanguage\":\"es\"},{\"@type\":\"Organization\",\"@id\":\"https:\\\/\\\/centrourbano.com\\\/revista\\\/#organization\",\"name\":\"Centro Urbano\",\"url\":\"https:\\\/\\\/centrourbano.com\\\/revista\\\/\",\"logo\":{\"@type\":\"ImageObject\",\"inLanguage\":\"es\",\"@id\":\"https:\\\/\\\/centrourbano.com\\\/revista\\\/#\\\/schema\\\/logo\\\/image\\\/\",\"url\":\"https:\\\/\\\/centrourbano.com\\\/revista\\\/wp-content\\\/uploads\\\/web_CU_logo-1.png\",\"contentUrl\":\"https:\\\/\\\/centrourbano.com\\\/revista\\\/wp-content\\\/uploads\\\/web_CU_logo-1.png\",\"width\":350,\"height\":91,\"caption\":\"Centro Urbano\"},\"image\":{\"@id\":\"https:\\\/\\\/centrourbano.com\\\/revista\\\/#\\\/schema\\\/logo\\\/image\\\/\"},\"sameAs\":[\"https:\\\/\\\/www.facebook.com\\\/portalcentrourbano\",\"https:\\\/\\\/x.com\\\/CentroUrbano\",\"https:\\\/\\\/www.instagram.com\\\/centro_urbano\\\/\",\"https:\\\/\\\/www.linkedin.com\\\/company\\\/centro-urbano\\\/\",\"http:\\\/\\\/www.youtube.com\\\/user\\\/portalcentrourbano\"]},{\"@type\":\"Person\",\"@id\":\"https:\\\/\\\/centrourbano.com\\\/revista\\\/#\\\/schema\\\/person\\\/370fa0ba2d8dd5bde3fdb8b62ad360aa\",\"name\":\"G4A\",\"image\":{\"@type\":\"ImageObject\",\"inLanguage\":\"es\",\"@id\":\"https:\\\/\\\/secure.gravatar.com\\\/avatar\\\/932a97121b13d5de5bbd8193c6c83d3b92c9eda0f39623607d4280e7a5778d97?s=96&d=mm&r=g\",\"url\":\"https:\\\/\\\/secure.gravatar.com\\\/avatar\\\/932a97121b13d5de5bbd8193c6c83d3b92c9eda0f39623607d4280e7a5778d97?s=96&d=mm&r=g\",\"contentUrl\":\"https:\\\/\\\/secure.gravatar.com\\\/avatar\\\/932a97121b13d5de5bbd8193c6c83d3b92c9eda0f39623607d4280e7a5778d97?s=96&d=mm&r=g\",\"caption\":\"G4A\"},\"url\":\"https:\\\/\\\/centrourbano.com\\\/revista\\\/author\\\/admin-g4a\\\/\"}]}<\/script>\n<!-- \/ Yoast SEO plugin. -->","yoast_head_json":{"title":"Guadalajara inaugura primera etapa de parque lineal -","description":"Este parque cuenta con una gran extensi\u00f3n de \u00e1reas verdes, recreativas, de ejercicio y de convivencia, adem\u00e1s de que se colocaron 126 luminarias M\u00e1s de un","robots":{"index":"index","follow":"follow","max-snippet":"max-snippet:-1","max-image-preview":"max-image-preview:large","max-video-preview":"max-video-preview:-1"},"canonical":"https:\/\/centrourbano.com\/revista\/urbanismo\/guadalajara-inaugura-parque-lineal\/","og_locale":"es_ES","og_type":"article","og_title":"Guadalajara inaugura primera etapa de parque lineal -","og_description":"Este parque cuenta con una gran extensi\u00f3n de \u00e1reas verdes, recreativas, de ejercicio y de convivencia, adem\u00e1s de que se colocaron 126 luminarias M\u00e1s de un","og_url":"https:\/\/centrourbano.com\/revista\/urbanismo\/guadalajara-inaugura-parque-lineal\/","og_site_name":"Centro Urbano","article_publisher":"https:\/\/www.facebook.com\/portalcentrourbano","article_published_time":"2014-05-30T17:47:25+00:00","article_modified_time":"2014-05-30T18:42:24+00:00","og_image":[{"width":350,"height":91,"url":"https:\/\/centrourbano.com\/revista\/wp-content\/uploads\/CU-logo.png","type":"image\/png"}],"author":"G4A","twitter_card":"summary_large_image","twitter_creator":"@CentroUrbano","twitter_site":"@CentroUrbano","twitter_misc":{"Escrito por":"G4A","Tiempo de lectura":"2 minutos"},"schema":{"@context":"https:\/\/schema.org","@graph":[{"@type":"Article","@id":"https:\/\/centrourbano.com\/revista\/urbanismo\/guadalajara-inaugura-parque-lineal\/#article","isPartOf":{"@id":"https:\/\/centrourbano.com\/revista\/urbanismo\/guadalajara-inaugura-parque-lineal\/"},"author":{"name":"G4A","@id":"https:\/\/centrourbano.com\/revista\/#\/schema\/person\/370fa0ba2d8dd5bde3fdb8b62ad360aa"},"headline":"Guadalajara inaugura primera etapa de parque lineal","datePublished":"2014-05-30T17:47:25+00:00","dateModified":"2014-05-30T18:42:24+00:00","mainEntityOfPage":{"@id":"https:\/\/centrourbano.com\/revista\/urbanismo\/guadalajara-inaugura-parque-lineal\/"},"wordCount":311,"commentCount":0,"publisher":{"@id":"https:\/\/centrourbano.com\/revista\/#organization"},"keywords":["Guadalajara","Jalisco","parque lineal"],"articleSection":["Urbanismo"],"inLanguage":"es"},{"@type":"WebPage","@id":"https:\/\/centrourbano.com\/revista\/urbanismo\/guadalajara-inaugura-parque-lineal\/","url":"https:\/\/centrourbano.com\/revista\/urbanismo\/guadalajara-inaugura-parque-lineal\/","name":"Guadalajara inaugura primera etapa de parque lineal -","isPartOf":{"@id":"https:\/\/centrourbano.com\/revista\/#website"},"datePublished":"2014-05-30T17:47:25+00:00","dateModified":"2014-05-30T18:42:24+00:00","description":"Este parque cuenta con una gran extensi\u00f3n de \u00e1reas verdes, recreativas, de ejercicio y de convivencia, adem\u00e1s de que se colocaron 126 luminarias M\u00e1s de un","breadcrumb":{"@id":"https:\/\/centrourbano.com\/revista\/urbanismo\/guadalajara-inaugura-parque-lineal\/#breadcrumb"},"inLanguage":"es","potentialAction":[{"@type":"ReadAction","target":["https:\/\/centrourbano.com\/revista\/urbanismo\/guadalajara-inaugura-parque-lineal\/"]}]},{"@type":"BreadcrumbList","@id":"https:\/\/centrourbano.com\/revista\/urbanismo\/guadalajara-inaugura-parque-lineal\/#breadcrumb","itemListElement":[{"@type":"ListItem","position":1,"name":"Portada","item":"https:\/\/centrourbano.com\/revista\/"},{"@type":"ListItem","position":2,"name":"Guadalajara inaugura primera etapa de parque lineal"}]},{"@type":"WebSite","@id":"https:\/\/centrourbano.com\/revista\/#website","url":"https:\/\/centrourbano.com\/revista\/","name":"Centro Urbano","description":"Medio especializado en los sectores vivienda, inmobiliario, construcci\u00f3n, arquitectura y urbanismo.","publisher":{"@id":"https:\/\/centrourbano.com\/revista\/#organization"},"potentialAction":[{"@type":"SearchAction","target":{"@type":"EntryPoint","urlTemplate":"https:\/\/centrourbano.com\/revista\/?s={search_term_string}"},"query-input":{"@type":"PropertyValueSpecification","valueRequired":true,"valueName":"search_term_string"}}],"inLanguage":"es"},{"@type":"Organization","@id":"https:\/\/centrourbano.com\/revista\/#organization","name":"Centro Urbano","url":"https:\/\/centrourbano.com\/revista\/","logo":{"@type":"ImageObject","inLanguage":"es","@id":"https:\/\/centrourbano.com\/revista\/#\/schema\/logo\/image\/","url":"https:\/\/centrourbano.com\/revista\/wp-content\/uploads\/web_CU_logo-1.png","contentUrl":"https:\/\/centrourbano.com\/revista\/wp-content\/uploads\/web_CU_logo-1.png","width":350,"height":91,"caption":"Centro Urbano"},"image":{"@id":"https:\/\/centrourbano.com\/revista\/#\/schema\/logo\/image\/"},"sameAs":["https:\/\/www.facebook.com\/portalcentrourbano","https:\/\/x.com\/CentroUrbano","https:\/\/www.instagram.com\/centro_urbano\/","https:\/\/www.linkedin.com\/company\/centro-urbano\/","http:\/\/www.youtube.com\/user\/portalcentrourbano"]},{"@type":"Person","@id":"https:\/\/centrourbano.com\/revista\/#\/schema\/person\/370fa0ba2d8dd5bde3fdb8b62ad360aa","name":"G4A","image":{"@type":"ImageObject","inLanguage":"es","@id":"https:\/\/secure.gravatar.com\/avatar\/932a97121b13d5de5bbd8193c6c83d3b92c9eda0f39623607d4280e7a5778d97?s=96&d=mm&r=g","url":"https:\/\/secure.gravatar.com\/avatar\/932a97121b13d5de5bbd8193c6c83d3b92c9eda0f39623607d4280e7a5778d97?s=96&d=mm&r=g","contentUrl":"https:\/\/secure.gravatar.com\/avatar\/932a97121b13d5de5bbd8193c6c83d3b92c9eda0f39623607d4280e7a5778d97?s=96&d=mm&r=g","caption":"G4A"},"url":"https:\/\/centrourbano.com\/revista\/author\/admin-g4a\/"}]}},"_links":{"self":[{"href":"https:\/\/centrourbano.com\/revista\/wp-json\/wp\/v2\/posts\/7285","targetHints":{"allow":["GET"]}}],"collection":[{"href":"https:\/\/centrourbano.com\/revista\/wp-json\/wp\/v2\/posts"}],"about":[{"href":"https:\/\/centrourbano.com\/revista\/wp-json\/wp\/v2\/types\/post"}],"author":[{"embeddable":true,"href":"https:\/\/centrourbano.com\/revista\/wp-json\/wp\/v2\/users\/77"}],"replies":[{"embeddable":true,"href":"https:\/\/centrourbano.com\/revista\/wp-json\/wp\/v2\/comments?post=7285"}],"version-history":[{"count":0,"href":"https:\/\/centrourbano.com\/revista\/wp-json\/wp\/v2\/posts\/7285\/revisions"}],"wp:attachment":[{"href":"https:\/\/centrourbano.com\/revista\/wp-json\/wp\/v2\/media?parent=7285"}],"wp:term":[{"taxonomy":"category","embeddable":true,"href":"https:\/\/centrourbano.com\/revista\/wp-json\/wp\/v2\/categories?post=7285"},{"taxonomy":"post_tag","embeddable":true,"href":"https:\/\/centrourbano.com\/revista\/wp-json\/wp\/v2\/tags?post=7285"}],"curies":[{"name":"wp","href":"https:\/\/api.w.org\/{rel}","templated":true}]}}