{"id":72752,"date":"2018-06-08T13:38:08","date_gmt":"2018-06-08T18:38:08","guid":{"rendered":"https:\/\/centrourbano.com\/?p=72752"},"modified":"2018-06-08T13:38:31","modified_gmt":"2018-06-08T18:38:31","slug":"rescate-unidades-habitacionales-prioridad-gobierno","status":"publish","type":"post","link":"https:\/\/centrourbano.com\/revista\/vivienda\/rescate-unidades-habitacionales-prioridad-gobierno\/","title":{"rendered":"Rescate de unidades habitacionales, prioridad del gobierno"},"content":{"rendered":"<p><em>La Sedatu impulsa la rehabilitaci\u00f3n de viviendas con lo que se busca elevar la calidad de vida de las familias<\/em><!--more--><\/p>\n<p>El gobierno de la Rep\u00fablica impulsa la recuperaci\u00f3n de unidades habitacionales a trav\u00e9s de la pinta de fachadas. En Acapulco otorg\u00f3 recursos para rehabilitar 850 viviendas.<\/p>\n<p>As\u00ed lo dio a conocer Rosario Robles Berlanga, titular de la Secretar\u00eda de Desarrollo Agrario, Territorial y Urbano (Sedatu), quien se\u00f1al\u00f3 que la recuperaci\u00f3n de unidades habitacionales es una prioridad para el gobierno.<\/p>\n<p>En gira por Guerrero, la funcionaria destac\u00f3 que estas acciones no solo mejoran la imagen urbana, sino abonan en materia de seguridad.<\/p>\n<p>\u201cLa recuperaci\u00f3n de Unidades Habitacionales es una estrategia que transforma la realidad de diversas comunidades del pa\u00eds, y aqu\u00ed en Acapulco, tambi\u00e9n forma parte de las acciones de prevenci\u00f3n de la violencia para cambiar el entorno urbano y crear cohesi\u00f3n social\u201d, dijo.<\/p>\n<p>Las acciones en Acapulco, a\u00f1adi\u00f3 Robles Berlanga, se realizan en colaboraci\u00f3n con la asociaci\u00f3n Coraz\u00f3n Urbano. Dijo que de manera complementaria se mantiene la estrategia de recuperaci\u00f3n de espacios en aras de incrementar la calidad de vida de las familias.<\/p>\n","protected":false},"excerpt":{"rendered":"<p>La Sedatu impulsa la rehabilitaci\u00f3n de viviendas con lo que se busca elevar la calidad de vida de las familias<\/p>\n","protected":false},"author":47,"featured_media":43705,"comment_status":"open","ping_status":"closed","sticky":false,"template":"","format":"standard","meta":{"om_disable_all_campaigns":false,"inline_featured_image":false,"_monsterinsights_skip_tracking":false,"_monsterinsights_sitenote_active":false,"_monsterinsights_sitenote_note":"","_monsterinsights_sitenote_category":0,"footnotes":""},"categories":[12],"tags":[],"class_list":["post-72752","post","type-post","status-publish","format-standard","has-post-thumbnail","hentry","category-vivienda"],"yoast_head":"<!-- This site is optimized with the Yoast SEO plugin v27.5 - https:\/\/yoast.com\/product\/yoast-seo-wordpress\/ -->\n<title>Rescate de unidades habitacionales, prioridad para el gobierno<\/title>\n<meta name=\"description\" content=\"La Sedatu impulsa la rehabilitaci\u00f3n de viviendas con lo que se busca elevar la calidad de vida de las familias El gobierno de la Rep\u00fablica impulsa la\" \/>\n<meta name=\"robots\" content=\"index, follow, max-snippet:-1, max-image-preview:large, max-video-preview:-1\" \/>\n<link rel=\"canonical\" href=\"https:\/\/centrourbano.com\/revista\/vivienda\/rescate-unidades-habitacionales-prioridad-gobierno\/\" \/>\n<meta property=\"og:locale\" content=\"es_ES\" \/>\n<meta property=\"og:type\" content=\"article\" \/>\n<meta property=\"og:title\" content=\"Rescate de unidades habitacionales, prioridad para el gobierno\" \/>\n<meta property=\"og:description\" content=\"La Sedatu impulsa la rehabilitaci\u00f3n de viviendas con lo que se busca elevar la calidad de vida de las familias El gobierno de la Rep\u00fablica impulsa la\" \/>\n<meta property=\"og:url\" content=\"https:\/\/centrourbano.com\/revista\/vivienda\/rescate-unidades-habitacionales-prioridad-gobierno\/\" \/>\n<meta property=\"og:site_name\" content=\"Centro Urbano\" \/>\n<meta property=\"article:publisher\" content=\"https:\/\/www.facebook.com\/portalcentrourbano\" \/>\n<meta property=\"article:published_time\" content=\"2018-06-08T18:38:08+00:00\" \/>\n<meta property=\"article:modified_time\" content=\"2018-06-08T18:38:31+00:00\" \/>\n<meta property=\"og:image\" content=\"https:\/\/centrourbano.com\/revista\/wp-content\/uploads\/IMG_3091.jpg\" \/>\n\t<meta property=\"og:image:width\" content=\"1200\" \/>\n\t<meta property=\"og:image:height\" content=\"800\" \/>\n\t<meta property=\"og:image:type\" content=\"image\/jpeg\" \/>\n<meta name=\"author\" content=\"Edgar Rosas\" \/>\n<meta name=\"twitter:card\" content=\"summary_large_image\" \/>\n<meta name=\"twitter:creator\" content=\"@https:\/\/twitter.com\/ERosasCU?s=09\" \/>\n<meta name=\"twitter:site\" content=\"@CentroUrbano\" \/>\n<meta name=\"twitter:label1\" content=\"Escrito por\" \/>\n\t<meta name=\"twitter:data1\" content=\"Edgar Rosas\" \/>\n\t<meta name=\"twitter:label2\" content=\"Tiempo de lectura\" \/>\n\t<meta name=\"twitter:data2\" content=\"1 minuto\" \/>\n<script type=\"application\/ld+json\" class=\"yoast-schema-graph\">{\"@context\":\"https:\\\/\\\/schema.org\",\"@graph\":[{\"@type\":\"Article\",\"@id\":\"https:\\\/\\\/centrourbano.com\\\/revista\\\/vivienda\\\/rescate-unidades-habitacionales-prioridad-gobierno\\\/#article\",\"isPartOf\":{\"@id\":\"https:\\\/\\\/centrourbano.com\\\/revista\\\/vivienda\\\/rescate-unidades-habitacionales-prioridad-gobierno\\\/\"},\"author\":{\"name\":\"Edgar Rosas\",\"@id\":\"https:\\\/\\\/centrourbano.com\\\/revista\\\/#\\\/schema\\\/person\\\/ff3c00651ce5b1630479d2cd0c2e3ac0\"},\"headline\":\"Rescate de unidades habitacionales, prioridad del gobierno\",\"datePublished\":\"2018-06-08T18:38:08+00:00\",\"dateModified\":\"2018-06-08T18:38:31+00:00\",\"mainEntityOfPage\":{\"@id\":\"https:\\\/\\\/centrourbano.com\\\/revista\\\/vivienda\\\/rescate-unidades-habitacionales-prioridad-gobierno\\\/\"},\"wordCount\":206,\"commentCount\":0,\"publisher\":{\"@id\":\"https:\\\/\\\/centrourbano.com\\\/revista\\\/#organization\"},\"image\":{\"@id\":\"https:\\\/\\\/centrourbano.com\\\/revista\\\/vivienda\\\/rescate-unidades-habitacionales-prioridad-gobierno\\\/#primaryimage\"},\"thumbnailUrl\":\"https:\\\/\\\/centrourbano.com\\\/revista\\\/wp-content\\\/uploads\\\/IMG_3091.jpg\",\"articleSection\":[\"Vivienda\"],\"inLanguage\":\"es\",\"potentialAction\":[{\"@type\":\"CommentAction\",\"name\":\"Comment\",\"target\":[\"https:\\\/\\\/centrourbano.com\\\/revista\\\/vivienda\\\/rescate-unidades-habitacionales-prioridad-gobierno\\\/#respond\"]}]},{\"@type\":\"WebPage\",\"@id\":\"https:\\\/\\\/centrourbano.com\\\/revista\\\/vivienda\\\/rescate-unidades-habitacionales-prioridad-gobierno\\\/\",\"url\":\"https:\\\/\\\/centrourbano.com\\\/revista\\\/vivienda\\\/rescate-unidades-habitacionales-prioridad-gobierno\\\/\",\"name\":\"Rescate de unidades habitacionales, prioridad para el gobierno\",\"isPartOf\":{\"@id\":\"https:\\\/\\\/centrourbano.com\\\/revista\\\/#website\"},\"primaryImageOfPage\":{\"@id\":\"https:\\\/\\\/centrourbano.com\\\/revista\\\/vivienda\\\/rescate-unidades-habitacionales-prioridad-gobierno\\\/#primaryimage\"},\"image\":{\"@id\":\"https:\\\/\\\/centrourbano.com\\\/revista\\\/vivienda\\\/rescate-unidades-habitacionales-prioridad-gobierno\\\/#primaryimage\"},\"thumbnailUrl\":\"https:\\\/\\\/centrourbano.com\\\/revista\\\/wp-content\\\/uploads\\\/IMG_3091.jpg\",\"datePublished\":\"2018-06-08T18:38:08+00:00\",\"dateModified\":\"2018-06-08T18:38:31+00:00\",\"description\":\"La Sedatu impulsa la rehabilitaci\u00f3n de viviendas con lo que se busca elevar la calidad de vida de las familias El gobierno de la Rep\u00fablica impulsa la\",\"breadcrumb\":{\"@id\":\"https:\\\/\\\/centrourbano.com\\\/revista\\\/vivienda\\\/rescate-unidades-habitacionales-prioridad-gobierno\\\/#breadcrumb\"},\"inLanguage\":\"es\",\"potentialAction\":[{\"@type\":\"ReadAction\",\"target\":[\"https:\\\/\\\/centrourbano.com\\\/revista\\\/vivienda\\\/rescate-unidades-habitacionales-prioridad-gobierno\\\/\"]}]},{\"@type\":\"ImageObject\",\"inLanguage\":\"es\",\"@id\":\"https:\\\/\\\/centrourbano.com\\\/revista\\\/vivienda\\\/rescate-unidades-habitacionales-prioridad-gobierno\\\/#primaryimage\",\"url\":\"https:\\\/\\\/centrourbano.com\\\/revista\\\/wp-content\\\/uploads\\\/IMG_3091.jpg\",\"contentUrl\":\"https:\\\/\\\/centrourbano.com\\\/revista\\\/wp-content\\\/uploads\\\/IMG_3091.jpg\",\"width\":1200,\"height\":800,\"caption\":\"El gobierno s\u00f3lo subsidia viviendas que se encuentren en los per\u00edmetros de contenci\u00f3n y que tenga solucione sustentables: Robles Berlanga\"},{\"@type\":\"BreadcrumbList\",\"@id\":\"https:\\\/\\\/centrourbano.com\\\/revista\\\/vivienda\\\/rescate-unidades-habitacionales-prioridad-gobierno\\\/#breadcrumb\",\"itemListElement\":[{\"@type\":\"ListItem\",\"position\":1,\"name\":\"Portada\",\"item\":\"https:\\\/\\\/centrourbano.com\\\/revista\\\/\"},{\"@type\":\"ListItem\",\"position\":2,\"name\":\"Rescate de unidades habitacionales, prioridad del gobierno\"}]},{\"@type\":\"WebSite\",\"@id\":\"https:\\\/\\\/centrourbano.com\\\/revista\\\/#website\",\"url\":\"https:\\\/\\\/centrourbano.com\\\/revista\\\/\",\"name\":\"Centro Urbano\",\"description\":\"Medio especializado en los sectores vivienda, inmobiliario, construcci\u00f3n, arquitectura y urbanismo.\",\"publisher\":{\"@id\":\"https:\\\/\\\/centrourbano.com\\\/revista\\\/#organization\"},\"potentialAction\":[{\"@type\":\"SearchAction\",\"target\":{\"@type\":\"EntryPoint\",\"urlTemplate\":\"https:\\\/\\\/centrourbano.com\\\/revista\\\/?s={search_term_string}\"},\"query-input\":{\"@type\":\"PropertyValueSpecification\",\"valueRequired\":true,\"valueName\":\"search_term_string\"}}],\"inLanguage\":\"es\"},{\"@type\":\"Organization\",\"@id\":\"https:\\\/\\\/centrourbano.com\\\/revista\\\/#organization\",\"name\":\"Centro Urbano\",\"url\":\"https:\\\/\\\/centrourbano.com\\\/revista\\\/\",\"logo\":{\"@type\":\"ImageObject\",\"inLanguage\":\"es\",\"@id\":\"https:\\\/\\\/centrourbano.com\\\/revista\\\/#\\\/schema\\\/logo\\\/image\\\/\",\"url\":\"https:\\\/\\\/centrourbano.com\\\/revista\\\/wp-content\\\/uploads\\\/web_CU_logo-1.png\",\"contentUrl\":\"https:\\\/\\\/centrourbano.com\\\/revista\\\/wp-content\\\/uploads\\\/web_CU_logo-1.png\",\"width\":350,\"height\":91,\"caption\":\"Centro Urbano\"},\"image\":{\"@id\":\"https:\\\/\\\/centrourbano.com\\\/revista\\\/#\\\/schema\\\/logo\\\/image\\\/\"},\"sameAs\":[\"https:\\\/\\\/www.facebook.com\\\/portalcentrourbano\",\"https:\\\/\\\/x.com\\\/CentroUrbano\",\"https:\\\/\\\/www.instagram.com\\\/centro_urbano\\\/\",\"https:\\\/\\\/www.linkedin.com\\\/company\\\/centro-urbano\\\/\",\"http:\\\/\\\/www.youtube.com\\\/user\\\/portalcentrourbano\"]},{\"@type\":\"Person\",\"@id\":\"https:\\\/\\\/centrourbano.com\\\/revista\\\/#\\\/schema\\\/person\\\/ff3c00651ce5b1630479d2cd0c2e3ac0\",\"name\":\"Edgar Rosas\",\"image\":{\"@type\":\"ImageObject\",\"inLanguage\":\"es\",\"@id\":\"https:\\\/\\\/secure.gravatar.com\\\/avatar\\\/94440c4283495211faa5300bf85e80061036b83fced868c3783aa1310b350d9c?s=96&d=mm&r=g\",\"url\":\"https:\\\/\\\/secure.gravatar.com\\\/avatar\\\/94440c4283495211faa5300bf85e80061036b83fced868c3783aa1310b350d9c?s=96&d=mm&r=g\",\"contentUrl\":\"https:\\\/\\\/secure.gravatar.com\\\/avatar\\\/94440c4283495211faa5300bf85e80061036b83fced868c3783aa1310b350d9c?s=96&d=mm&r=g\",\"caption\":\"Edgar Rosas\"},\"description\":\"Editor en Jefe de Centro Urbano. Egresado de la maestr\u00eda en Periodismo Pol\u00edtico de la Escuela de Periodismo Carlos Septi\u00e9n Garc\u00eda (EPCSG). Estudi\u00f3 la licenciatura en Comunicaci\u00f3n en la Universidad Mexicana. Amante de la cr\u00f3nica y el reportaje. Admirador de Vicente Le\u00f1ero y Miguel \u00c1ngel Granados Chapa.\",\"sameAs\":[\"https:\\\/\\\/x.com\\\/https:\\\/\\\/twitter.com\\\/ERosasCU?s=09\"],\"url\":\"https:\\\/\\\/centrourbano.com\\\/revista\\\/author\\\/edgar-rosas\\\/\"}]}<\/script>\n<!-- \/ Yoast SEO plugin. -->","yoast_head_json":{"title":"Rescate de unidades habitacionales, prioridad para el gobierno","description":"La Sedatu impulsa la rehabilitaci\u00f3n de viviendas con lo que se busca elevar la calidad de vida de las familias El gobierno de la Rep\u00fablica impulsa la","robots":{"index":"index","follow":"follow","max-snippet":"max-snippet:-1","max-image-preview":"max-image-preview:large","max-video-preview":"max-video-preview:-1"},"canonical":"https:\/\/centrourbano.com\/revista\/vivienda\/rescate-unidades-habitacionales-prioridad-gobierno\/","og_locale":"es_ES","og_type":"article","og_title":"Rescate de unidades habitacionales, prioridad para el gobierno","og_description":"La Sedatu impulsa la rehabilitaci\u00f3n de viviendas con lo que se busca elevar la calidad de vida de las familias El gobierno de la Rep\u00fablica impulsa la","og_url":"https:\/\/centrourbano.com\/revista\/vivienda\/rescate-unidades-habitacionales-prioridad-gobierno\/","og_site_name":"Centro Urbano","article_publisher":"https:\/\/www.facebook.com\/portalcentrourbano","article_published_time":"2018-06-08T18:38:08+00:00","article_modified_time":"2018-06-08T18:38:31+00:00","og_image":[{"width":1200,"height":800,"url":"https:\/\/centrourbano.com\/revista\/wp-content\/uploads\/IMG_3091.jpg","type":"image\/jpeg"}],"author":"Edgar Rosas","twitter_card":"summary_large_image","twitter_creator":"@https:\/\/twitter.com\/ERosasCU?s=09","twitter_site":"@CentroUrbano","twitter_misc":{"Escrito por":"Edgar Rosas","Tiempo de lectura":"1 minuto"},"schema":{"@context":"https:\/\/schema.org","@graph":[{"@type":"Article","@id":"https:\/\/centrourbano.com\/revista\/vivienda\/rescate-unidades-habitacionales-prioridad-gobierno\/#article","isPartOf":{"@id":"https:\/\/centrourbano.com\/revista\/vivienda\/rescate-unidades-habitacionales-prioridad-gobierno\/"},"author":{"name":"Edgar Rosas","@id":"https:\/\/centrourbano.com\/revista\/#\/schema\/person\/ff3c00651ce5b1630479d2cd0c2e3ac0"},"headline":"Rescate de unidades habitacionales, prioridad del gobierno","datePublished":"2018-06-08T18:38:08+00:00","dateModified":"2018-06-08T18:38:31+00:00","mainEntityOfPage":{"@id":"https:\/\/centrourbano.com\/revista\/vivienda\/rescate-unidades-habitacionales-prioridad-gobierno\/"},"wordCount":206,"commentCount":0,"publisher":{"@id":"https:\/\/centrourbano.com\/revista\/#organization"},"image":{"@id":"https:\/\/centrourbano.com\/revista\/vivienda\/rescate-unidades-habitacionales-prioridad-gobierno\/#primaryimage"},"thumbnailUrl":"https:\/\/centrourbano.com\/revista\/wp-content\/uploads\/IMG_3091.jpg","articleSection":["Vivienda"],"inLanguage":"es","potentialAction":[{"@type":"CommentAction","name":"Comment","target":["https:\/\/centrourbano.com\/revista\/vivienda\/rescate-unidades-habitacionales-prioridad-gobierno\/#respond"]}]},{"@type":"WebPage","@id":"https:\/\/centrourbano.com\/revista\/vivienda\/rescate-unidades-habitacionales-prioridad-gobierno\/","url":"https:\/\/centrourbano.com\/revista\/vivienda\/rescate-unidades-habitacionales-prioridad-gobierno\/","name":"Rescate de unidades habitacionales, prioridad para el gobierno","isPartOf":{"@id":"https:\/\/centrourbano.com\/revista\/#website"},"primaryImageOfPage":{"@id":"https:\/\/centrourbano.com\/revista\/vivienda\/rescate-unidades-habitacionales-prioridad-gobierno\/#primaryimage"},"image":{"@id":"https:\/\/centrourbano.com\/revista\/vivienda\/rescate-unidades-habitacionales-prioridad-gobierno\/#primaryimage"},"thumbnailUrl":"https:\/\/centrourbano.com\/revista\/wp-content\/uploads\/IMG_3091.jpg","datePublished":"2018-06-08T18:38:08+00:00","dateModified":"2018-06-08T18:38:31+00:00","description":"La Sedatu impulsa la rehabilitaci\u00f3n de viviendas con lo que se busca elevar la calidad de vida de las familias El gobierno de la Rep\u00fablica impulsa la","breadcrumb":{"@id":"https:\/\/centrourbano.com\/revista\/vivienda\/rescate-unidades-habitacionales-prioridad-gobierno\/#breadcrumb"},"inLanguage":"es","potentialAction":[{"@type":"ReadAction","target":["https:\/\/centrourbano.com\/revista\/vivienda\/rescate-unidades-habitacionales-prioridad-gobierno\/"]}]},{"@type":"ImageObject","inLanguage":"es","@id":"https:\/\/centrourbano.com\/revista\/vivienda\/rescate-unidades-habitacionales-prioridad-gobierno\/#primaryimage","url":"https:\/\/centrourbano.com\/revista\/wp-content\/uploads\/IMG_3091.jpg","contentUrl":"https:\/\/centrourbano.com\/revista\/wp-content\/uploads\/IMG_3091.jpg","width":1200,"height":800,"caption":"El gobierno s\u00f3lo subsidia viviendas que se encuentren en los per\u00edmetros de contenci\u00f3n y que tenga solucione sustentables: Robles Berlanga"},{"@type":"BreadcrumbList","@id":"https:\/\/centrourbano.com\/revista\/vivienda\/rescate-unidades-habitacionales-prioridad-gobierno\/#breadcrumb","itemListElement":[{"@type":"ListItem","position":1,"name":"Portada","item":"https:\/\/centrourbano.com\/revista\/"},{"@type":"ListItem","position":2,"name":"Rescate de unidades habitacionales, prioridad del gobierno"}]},{"@type":"WebSite","@id":"https:\/\/centrourbano.com\/revista\/#website","url":"https:\/\/centrourbano.com\/revista\/","name":"Centro Urbano","description":"Medio especializado en los sectores vivienda, inmobiliario, construcci\u00f3n, arquitectura y urbanismo.","publisher":{"@id":"https:\/\/centrourbano.com\/revista\/#organization"},"potentialAction":[{"@type":"SearchAction","target":{"@type":"EntryPoint","urlTemplate":"https:\/\/centrourbano.com\/revista\/?s={search_term_string}"},"query-input":{"@type":"PropertyValueSpecification","valueRequired":true,"valueName":"search_term_string"}}],"inLanguage":"es"},{"@type":"Organization","@id":"https:\/\/centrourbano.com\/revista\/#organization","name":"Centro Urbano","url":"https:\/\/centrourbano.com\/revista\/","logo":{"@type":"ImageObject","inLanguage":"es","@id":"https:\/\/centrourbano.com\/revista\/#\/schema\/logo\/image\/","url":"https:\/\/centrourbano.com\/revista\/wp-content\/uploads\/web_CU_logo-1.png","contentUrl":"https:\/\/centrourbano.com\/revista\/wp-content\/uploads\/web_CU_logo-1.png","width":350,"height":91,"caption":"Centro Urbano"},"image":{"@id":"https:\/\/centrourbano.com\/revista\/#\/schema\/logo\/image\/"},"sameAs":["https:\/\/www.facebook.com\/portalcentrourbano","https:\/\/x.com\/CentroUrbano","https:\/\/www.instagram.com\/centro_urbano\/","https:\/\/www.linkedin.com\/company\/centro-urbano\/","http:\/\/www.youtube.com\/user\/portalcentrourbano"]},{"@type":"Person","@id":"https:\/\/centrourbano.com\/revista\/#\/schema\/person\/ff3c00651ce5b1630479d2cd0c2e3ac0","name":"Edgar Rosas","image":{"@type":"ImageObject","inLanguage":"es","@id":"https:\/\/secure.gravatar.com\/avatar\/94440c4283495211faa5300bf85e80061036b83fced868c3783aa1310b350d9c?s=96&d=mm&r=g","url":"https:\/\/secure.gravatar.com\/avatar\/94440c4283495211faa5300bf85e80061036b83fced868c3783aa1310b350d9c?s=96&d=mm&r=g","contentUrl":"https:\/\/secure.gravatar.com\/avatar\/94440c4283495211faa5300bf85e80061036b83fced868c3783aa1310b350d9c?s=96&d=mm&r=g","caption":"Edgar Rosas"},"description":"Editor en Jefe de Centro Urbano. Egresado de la maestr\u00eda en Periodismo Pol\u00edtico de la Escuela de Periodismo Carlos Septi\u00e9n Garc\u00eda (EPCSG). Estudi\u00f3 la licenciatura en Comunicaci\u00f3n en la Universidad Mexicana. Amante de la cr\u00f3nica y el reportaje. Admirador de Vicente Le\u00f1ero y Miguel \u00c1ngel Granados Chapa.","sameAs":["https:\/\/x.com\/https:\/\/twitter.com\/ERosasCU?s=09"],"url":"https:\/\/centrourbano.com\/revista\/author\/edgar-rosas\/"}]}},"_links":{"self":[{"href":"https:\/\/centrourbano.com\/revista\/wp-json\/wp\/v2\/posts\/72752","targetHints":{"allow":["GET"]}}],"collection":[{"href":"https:\/\/centrourbano.com\/revista\/wp-json\/wp\/v2\/posts"}],"about":[{"href":"https:\/\/centrourbano.com\/revista\/wp-json\/wp\/v2\/types\/post"}],"author":[{"embeddable":true,"href":"https:\/\/centrourbano.com\/revista\/wp-json\/wp\/v2\/users\/47"}],"replies":[{"embeddable":true,"href":"https:\/\/centrourbano.com\/revista\/wp-json\/wp\/v2\/comments?post=72752"}],"version-history":[{"count":2,"href":"https:\/\/centrourbano.com\/revista\/wp-json\/wp\/v2\/posts\/72752\/revisions"}],"predecessor-version":[{"id":72756,"href":"https:\/\/centrourbano.com\/revista\/wp-json\/wp\/v2\/posts\/72752\/revisions\/72756"}],"wp:featuredmedia":[{"embeddable":true,"href":"https:\/\/centrourbano.com\/revista\/wp-json\/wp\/v2\/media\/43705"}],"wp:attachment":[{"href":"https:\/\/centrourbano.com\/revista\/wp-json\/wp\/v2\/media?parent=72752"}],"wp:term":[{"taxonomy":"category","embeddable":true,"href":"https:\/\/centrourbano.com\/revista\/wp-json\/wp\/v2\/categories?post=72752"},{"taxonomy":"post_tag","embeddable":true,"href":"https:\/\/centrourbano.com\/revista\/wp-json\/wp\/v2\/tags?post=72752"}],"curies":[{"name":"wp","href":"https:\/\/api.w.org\/{rel}","templated":true}]}}