{"id":72634,"date":"2018-06-06T17:56:02","date_gmt":"2018-06-06T22:56:02","guid":{"rendered":"https:\/\/centrourbano.com\/?p=72634"},"modified":"2018-06-06T17:56:02","modified_gmt":"2018-06-06T22:56:02","slug":"clima-politico-no-ha-afectado-mercado-inmobiliario","status":"publish","type":"post","link":"https:\/\/centrourbano.com\/revista\/entrevistas\/clima-politico-no-ha-afectado-mercado-inmobiliario\/","title":{"rendered":"Clima pol\u00edtico no ha afectado mercado inmobiliario"},"content":{"rendered":"<p>A trav\u00e9s de cr\u00e9ditos puente, el BIM planea financiar 12,000 viviendas<\/p>\n<p>Ante el panorama pol\u00edtico en el que se encuentra M\u00e9xico,<strong> la actividad hipotecaria contin\u00faa activa<\/strong> y representa grandes oportunidades en el mercado para cubrir necesidades de la poblaci\u00f3n y otorgarles una mejor calidad de vida, asever\u00f3<strong> Leonardo Arana de la Garza<\/strong>, director general de<a href=\"http:\/\/www.bancoinmobiliario.com.mx\" target=\"_blank\" rel=\"noopener noreferrer\"><strong> Banco Inmobiliario Mexicano<\/strong><\/a> (BIM).<\/p>\n<p>En entrevista con <strong>Desde Centro Urbano<\/strong>, indic\u00f3 que en BIM observan mayor entusiasmo por parte de los desarrolladores, \u201ctenemos un crecimiento de 12%, esto es m\u00e1s de lo que se vio el a\u00f1o pasado, por eso nos vamos a dedicar a trabajar en lo que sabemos hacer, vemos grandes oportunidades\u201d.<\/p>\n<p>Record\u00f3 que en \u00e9pocas pasadas hubo complicaciones en las <strong>tasas de inter\u00e9s<\/strong>, sin embargo, actualmente se mantienen estables, al igual que la inflaci\u00f3n, explic\u00f3 que esta eficiencia beneficia a los clientes ya que hace que se conserven los costos de operaci\u00f3n, las variables y el mercado macroecon\u00f3mico.<\/p>\n<p>En cuanto al monto de inversi\u00f3n, destac\u00f3 que al cierre de abril se obtuvieron 3,700 millones de pesos, mientras que la meta anual es de 10,000 millones de pesos, \u201cvamos bien en pronostico de ventas, mantenemos a nuestros clientes y acreditados cerca del banco, para ver que necesitan y c\u00f3mo perciben el ambiente\u201d.<\/p>\n<p>Tambi\u00e9n, subray\u00f3 que hay entusiasmo en el sector de los <strong>desarrolladores inmobiliarios<\/strong>, porque tienen una resiliencia importante en el mercado, adem\u00e1s, en volumen de casas, coment\u00f3 que se pretende construir 12,000 viviendas este a\u00f1o.<\/p>\n<p>Sobre el reconocimiento del trabajo que realiza BIM con una cartera de 450 desarrolladores en el pa\u00eds, afirm\u00f3 que se debe a la distribuci\u00f3n y red que se tiene para mantenerse cerca de los desarrolladores, \u201cel \u00e9xito del Banco es por tener contacto todos los d\u00edas con ellos, poder estar en toda la parte de la planeaci\u00f3n, los estudios de factibilidad y el seguimiento de las obras\u201d.<\/p>\n<p>Ante lo anterior, coment\u00f3 que el trabajo de la banca debe seguir enfocado en la parte del <strong>sector inmobiliario<\/strong>, apoyar la construcci\u00f3n de desarrollos habitacionales a trav\u00e9s de financiamiento de cr\u00e9ditos puente, ya que \u00e9sta es la especializaci\u00f3n m\u00e1s importante que posicionado al banco.<\/p>\n<p>Finalmente, asegur\u00f3 el banco se posiciona como una<strong> instituci\u00f3n moderna<\/strong>, ya que dispone de un contacto en l\u00ednea con sus clientes, con una especializaci\u00f3n y estandarizaci\u00f3n que permite tener acceso a los productos y servicios de forma digital.<\/p>\n<p>\u201cHa sido muy eficiente que se maneje la banca electr\u00f3nica, todo eso no ha llevado a tener una oferta de valor m\u00e1s completa, cadenas productivas, relaci\u00f3n con Fovissste e Infonavit. El banco ha venido creciendo tanto en tama\u00f1o como en oferta\u201d, expres\u00f3.<\/p>\n","protected":false},"excerpt":{"rendered":"<p>A trav\u00e9s de cr\u00e9ditos puente, el BIM planea financiar 12,000 viviendas Ante el panorama pol\u00edtico en el que se encuentra M\u00e9xico, la actividad hipotecaria contin\u00faa activa y representa grandes oportunidades en el mercado para cubrir necesidades de la poblaci\u00f3n y otorgarles una mejor calidad de vida, asever\u00f3 Leonardo Arana de la Garza, director general de [&hellip;]<\/p>\n","protected":false},"author":64,"featured_media":72650,"comment_status":"open","ping_status":"closed","sticky":false,"template":"","format":"standard","meta":{"om_disable_all_campaigns":false,"inline_featured_image":false,"_monsterinsights_skip_tracking":false,"_monsterinsights_sitenote_active":false,"_monsterinsights_sitenote_note":"","_monsterinsights_sitenote_category":0,"footnotes":""},"categories":[13],"tags":[3307,190,11319,3195,67,686],"class_list":["post-72634","post","type-post","status-publish","format-standard","has-post-thumbnail","hentry","category-entrevistas","tag-bim","tag-desarrolladores","tag-desde-centro-urbano","tag-hipotecaria","tag-inversion","tag-sector-inmobiliario"],"yoast_head":"<!-- This site is optimized with the Yoast SEO plugin v27.4 - https:\/\/yoast.com\/product\/yoast-seo-wordpress\/ -->\n<title>Clima pol\u00edtico no ha afectado mercado inmobiliario<\/title>\n<meta name=\"description\" content=\"A trav\u00e9s de cr\u00e9ditos puente, el BIM planea financiar 12,000 viviendas\" \/>\n<meta name=\"robots\" content=\"index, follow, max-snippet:-1, max-image-preview:large, max-video-preview:-1\" \/>\n<link rel=\"canonical\" href=\"https:\/\/centrourbano.com\/revista\/entrevistas\/clima-politico-no-ha-afectado-mercado-inmobiliario\/\" \/>\n<meta property=\"og:locale\" content=\"es_ES\" \/>\n<meta property=\"og:type\" content=\"article\" \/>\n<meta property=\"og:title\" content=\"Clima pol\u00edtico no ha afectado mercado inmobiliario\" \/>\n<meta property=\"og:description\" content=\"A trav\u00e9s de cr\u00e9ditos puente, el BIM planea financiar 12,000 viviendas\" \/>\n<meta property=\"og:url\" content=\"https:\/\/centrourbano.com\/revista\/entrevistas\/clima-politico-no-ha-afectado-mercado-inmobiliario\/\" \/>\n<meta property=\"og:site_name\" content=\"Centro Urbano\" \/>\n<meta property=\"article:publisher\" content=\"https:\/\/www.facebook.com\/portalcentrourbano\" \/>\n<meta property=\"article:published_time\" content=\"2018-06-06T22:56:02+00:00\" \/>\n<meta property=\"og:image\" content=\"https:\/\/centrourbano.com\/revista\/wp-content\/uploads\/DT3q6L4VwAEDQZp.jpg\" \/>\n\t<meta property=\"og:image:width\" content=\"1200\" \/>\n\t<meta property=\"og:image:height\" content=\"900\" \/>\n\t<meta property=\"og:image:type\" content=\"image\/jpeg\" \/>\n<meta name=\"author\" content=\"Karla Esperanza\" \/>\n<meta name=\"twitter:card\" content=\"summary_large_image\" \/>\n<meta name=\"twitter:creator\" content=\"@CentroUrbano\" \/>\n<meta name=\"twitter:site\" content=\"@CentroUrbano\" \/>\n<meta name=\"twitter:label1\" content=\"Escrito por\" \/>\n\t<meta name=\"twitter:data1\" content=\"Karla Esperanza\" \/>\n\t<meta name=\"twitter:label2\" content=\"Tiempo de lectura\" \/>\n\t<meta name=\"twitter:data2\" content=\"2 minutos\" \/>\n<script type=\"application\/ld+json\" class=\"yoast-schema-graph\">{\"@context\":\"https:\\\/\\\/schema.org\",\"@graph\":[{\"@type\":\"Article\",\"@id\":\"https:\\\/\\\/centrourbano.com\\\/revista\\\/entrevistas\\\/clima-politico-no-ha-afectado-mercado-inmobiliario\\\/#article\",\"isPartOf\":{\"@id\":\"https:\\\/\\\/centrourbano.com\\\/revista\\\/entrevistas\\\/clima-politico-no-ha-afectado-mercado-inmobiliario\\\/\"},\"author\":{\"name\":\"Karla Esperanza\",\"@id\":\"https:\\\/\\\/centrourbano.com\\\/revista\\\/#\\\/schema\\\/person\\\/1d952c872f21e733a753a18cc4b5298a\"},\"headline\":\"Clima pol\u00edtico no ha afectado mercado inmobiliario\",\"datePublished\":\"2018-06-06T22:56:02+00:00\",\"mainEntityOfPage\":{\"@id\":\"https:\\\/\\\/centrourbano.com\\\/revista\\\/entrevistas\\\/clima-politico-no-ha-afectado-mercado-inmobiliario\\\/\"},\"wordCount\":470,\"commentCount\":0,\"publisher\":{\"@id\":\"https:\\\/\\\/centrourbano.com\\\/revista\\\/#organization\"},\"image\":{\"@id\":\"https:\\\/\\\/centrourbano.com\\\/revista\\\/entrevistas\\\/clima-politico-no-ha-afectado-mercado-inmobiliario\\\/#primaryimage\"},\"thumbnailUrl\":\"https:\\\/\\\/centrourbano.com\\\/revista\\\/wp-content\\\/uploads\\\/DT3q6L4VwAEDQZp.jpg\",\"keywords\":[\"BIM\",\"desarrolladores\",\"Desde Centro Urbano\",\"Hipotecaria\",\"inversi\u00f3n\",\"sector inmobiliario\"],\"articleSection\":[\"Entrevistas\"],\"inLanguage\":\"es\",\"potentialAction\":[{\"@type\":\"CommentAction\",\"name\":\"Comment\",\"target\":[\"https:\\\/\\\/centrourbano.com\\\/revista\\\/entrevistas\\\/clima-politico-no-ha-afectado-mercado-inmobiliario\\\/#respond\"]}]},{\"@type\":\"WebPage\",\"@id\":\"https:\\\/\\\/centrourbano.com\\\/revista\\\/entrevistas\\\/clima-politico-no-ha-afectado-mercado-inmobiliario\\\/\",\"url\":\"https:\\\/\\\/centrourbano.com\\\/revista\\\/entrevistas\\\/clima-politico-no-ha-afectado-mercado-inmobiliario\\\/\",\"name\":\"Clima pol\u00edtico no ha afectado mercado inmobiliario\",\"isPartOf\":{\"@id\":\"https:\\\/\\\/centrourbano.com\\\/revista\\\/#website\"},\"primaryImageOfPage\":{\"@id\":\"https:\\\/\\\/centrourbano.com\\\/revista\\\/entrevistas\\\/clima-politico-no-ha-afectado-mercado-inmobiliario\\\/#primaryimage\"},\"image\":{\"@id\":\"https:\\\/\\\/centrourbano.com\\\/revista\\\/entrevistas\\\/clima-politico-no-ha-afectado-mercado-inmobiliario\\\/#primaryimage\"},\"thumbnailUrl\":\"https:\\\/\\\/centrourbano.com\\\/revista\\\/wp-content\\\/uploads\\\/DT3q6L4VwAEDQZp.jpg\",\"datePublished\":\"2018-06-06T22:56:02+00:00\",\"description\":\"A trav\u00e9s de cr\u00e9ditos puente, el BIM planea financiar 12,000 viviendas\",\"breadcrumb\":{\"@id\":\"https:\\\/\\\/centrourbano.com\\\/revista\\\/entrevistas\\\/clima-politico-no-ha-afectado-mercado-inmobiliario\\\/#breadcrumb\"},\"inLanguage\":\"es\",\"potentialAction\":[{\"@type\":\"ReadAction\",\"target\":[\"https:\\\/\\\/centrourbano.com\\\/revista\\\/entrevistas\\\/clima-politico-no-ha-afectado-mercado-inmobiliario\\\/\"]}]},{\"@type\":\"ImageObject\",\"inLanguage\":\"es\",\"@id\":\"https:\\\/\\\/centrourbano.com\\\/revista\\\/entrevistas\\\/clima-politico-no-ha-afectado-mercado-inmobiliario\\\/#primaryimage\",\"url\":\"https:\\\/\\\/centrourbano.com\\\/revista\\\/wp-content\\\/uploads\\\/DT3q6L4VwAEDQZp.jpg\",\"contentUrl\":\"https:\\\/\\\/centrourbano.com\\\/revista\\\/wp-content\\\/uploads\\\/DT3q6L4VwAEDQZp.jpg\",\"width\":1200,\"height\":900,\"caption\":\"A trav\u00e9s de cr\u00e9ditos puente, el BIM planea financiar 12,000 viviendas\"},{\"@type\":\"BreadcrumbList\",\"@id\":\"https:\\\/\\\/centrourbano.com\\\/revista\\\/entrevistas\\\/clima-politico-no-ha-afectado-mercado-inmobiliario\\\/#breadcrumb\",\"itemListElement\":[{\"@type\":\"ListItem\",\"position\":1,\"name\":\"Portada\",\"item\":\"https:\\\/\\\/centrourbano.com\\\/revista\\\/\"},{\"@type\":\"ListItem\",\"position\":2,\"name\":\"Clima pol\u00edtico no ha afectado mercado inmobiliario\"}]},{\"@type\":\"WebSite\",\"@id\":\"https:\\\/\\\/centrourbano.com\\\/revista\\\/#website\",\"url\":\"https:\\\/\\\/centrourbano.com\\\/revista\\\/\",\"name\":\"Centro Urbano\",\"description\":\"Medio especializado en los sectores vivienda, inmobiliario, construcci\u00f3n, arquitectura y urbanismo.\",\"publisher\":{\"@id\":\"https:\\\/\\\/centrourbano.com\\\/revista\\\/#organization\"},\"potentialAction\":[{\"@type\":\"SearchAction\",\"target\":{\"@type\":\"EntryPoint\",\"urlTemplate\":\"https:\\\/\\\/centrourbano.com\\\/revista\\\/?s={search_term_string}\"},\"query-input\":{\"@type\":\"PropertyValueSpecification\",\"valueRequired\":true,\"valueName\":\"search_term_string\"}}],\"inLanguage\":\"es\"},{\"@type\":\"Organization\",\"@id\":\"https:\\\/\\\/centrourbano.com\\\/revista\\\/#organization\",\"name\":\"Centro Urbano\",\"url\":\"https:\\\/\\\/centrourbano.com\\\/revista\\\/\",\"logo\":{\"@type\":\"ImageObject\",\"inLanguage\":\"es\",\"@id\":\"https:\\\/\\\/centrourbano.com\\\/revista\\\/#\\\/schema\\\/logo\\\/image\\\/\",\"url\":\"https:\\\/\\\/centrourbano.com\\\/revista\\\/wp-content\\\/uploads\\\/web_CU_logo-1.png\",\"contentUrl\":\"https:\\\/\\\/centrourbano.com\\\/revista\\\/wp-content\\\/uploads\\\/web_CU_logo-1.png\",\"width\":350,\"height\":91,\"caption\":\"Centro Urbano\"},\"image\":{\"@id\":\"https:\\\/\\\/centrourbano.com\\\/revista\\\/#\\\/schema\\\/logo\\\/image\\\/\"},\"sameAs\":[\"https:\\\/\\\/www.facebook.com\\\/portalcentrourbano\",\"https:\\\/\\\/x.com\\\/CentroUrbano\",\"https:\\\/\\\/www.instagram.com\\\/centro_urbano\\\/\",\"https:\\\/\\\/www.linkedin.com\\\/company\\\/centro-urbano\\\/\",\"http:\\\/\\\/www.youtube.com\\\/user\\\/portalcentrourbano\"]},{\"@type\":\"Person\",\"@id\":\"https:\\\/\\\/centrourbano.com\\\/revista\\\/#\\\/schema\\\/person\\\/1d952c872f21e733a753a18cc4b5298a\",\"name\":\"Karla Esperanza\",\"image\":{\"@type\":\"ImageObject\",\"inLanguage\":\"es\",\"@id\":\"https:\\\/\\\/secure.gravatar.com\\\/avatar\\\/bea847a7925ef868d37c5a55ab5e341c9e769fab11b85a359090daa4d6fb4a2e?s=96&d=mm&r=g\",\"url\":\"https:\\\/\\\/secure.gravatar.com\\\/avatar\\\/bea847a7925ef868d37c5a55ab5e341c9e769fab11b85a359090daa4d6fb4a2e?s=96&d=mm&r=g\",\"contentUrl\":\"https:\\\/\\\/secure.gravatar.com\\\/avatar\\\/bea847a7925ef868d37c5a55ab5e341c9e769fab11b85a359090daa4d6fb4a2e?s=96&d=mm&r=g\",\"caption\":\"Karla Esperanza\"},\"url\":\"https:\\\/\\\/centrourbano.com\\\/revista\\\/author\\\/karla-esperanza\\\/\"}]}<\/script>\n<!-- \/ Yoast SEO plugin. -->","yoast_head_json":{"title":"Clima pol\u00edtico no ha afectado mercado inmobiliario","description":"A trav\u00e9s de cr\u00e9ditos puente, el BIM planea financiar 12,000 viviendas","robots":{"index":"index","follow":"follow","max-snippet":"max-snippet:-1","max-image-preview":"max-image-preview:large","max-video-preview":"max-video-preview:-1"},"canonical":"https:\/\/centrourbano.com\/revista\/entrevistas\/clima-politico-no-ha-afectado-mercado-inmobiliario\/","og_locale":"es_ES","og_type":"article","og_title":"Clima pol\u00edtico no ha afectado mercado inmobiliario","og_description":"A trav\u00e9s de cr\u00e9ditos puente, el BIM planea financiar 12,000 viviendas","og_url":"https:\/\/centrourbano.com\/revista\/entrevistas\/clima-politico-no-ha-afectado-mercado-inmobiliario\/","og_site_name":"Centro Urbano","article_publisher":"https:\/\/www.facebook.com\/portalcentrourbano","article_published_time":"2018-06-06T22:56:02+00:00","og_image":[{"width":1200,"height":900,"url":"https:\/\/centrourbano.com\/revista\/wp-content\/uploads\/DT3q6L4VwAEDQZp.jpg","type":"image\/jpeg"}],"author":"Karla Esperanza","twitter_card":"summary_large_image","twitter_creator":"@CentroUrbano","twitter_site":"@CentroUrbano","twitter_misc":{"Escrito por":"Karla Esperanza","Tiempo de lectura":"2 minutos"},"schema":{"@context":"https:\/\/schema.org","@graph":[{"@type":"Article","@id":"https:\/\/centrourbano.com\/revista\/entrevistas\/clima-politico-no-ha-afectado-mercado-inmobiliario\/#article","isPartOf":{"@id":"https:\/\/centrourbano.com\/revista\/entrevistas\/clima-politico-no-ha-afectado-mercado-inmobiliario\/"},"author":{"name":"Karla Esperanza","@id":"https:\/\/centrourbano.com\/revista\/#\/schema\/person\/1d952c872f21e733a753a18cc4b5298a"},"headline":"Clima pol\u00edtico no ha afectado mercado inmobiliario","datePublished":"2018-06-06T22:56:02+00:00","mainEntityOfPage":{"@id":"https:\/\/centrourbano.com\/revista\/entrevistas\/clima-politico-no-ha-afectado-mercado-inmobiliario\/"},"wordCount":470,"commentCount":0,"publisher":{"@id":"https:\/\/centrourbano.com\/revista\/#organization"},"image":{"@id":"https:\/\/centrourbano.com\/revista\/entrevistas\/clima-politico-no-ha-afectado-mercado-inmobiliario\/#primaryimage"},"thumbnailUrl":"https:\/\/centrourbano.com\/revista\/wp-content\/uploads\/DT3q6L4VwAEDQZp.jpg","keywords":["BIM","desarrolladores","Desde Centro Urbano","Hipotecaria","inversi\u00f3n","sector inmobiliario"],"articleSection":["Entrevistas"],"inLanguage":"es","potentialAction":[{"@type":"CommentAction","name":"Comment","target":["https:\/\/centrourbano.com\/revista\/entrevistas\/clima-politico-no-ha-afectado-mercado-inmobiliario\/#respond"]}]},{"@type":"WebPage","@id":"https:\/\/centrourbano.com\/revista\/entrevistas\/clima-politico-no-ha-afectado-mercado-inmobiliario\/","url":"https:\/\/centrourbano.com\/revista\/entrevistas\/clima-politico-no-ha-afectado-mercado-inmobiliario\/","name":"Clima pol\u00edtico no ha afectado mercado inmobiliario","isPartOf":{"@id":"https:\/\/centrourbano.com\/revista\/#website"},"primaryImageOfPage":{"@id":"https:\/\/centrourbano.com\/revista\/entrevistas\/clima-politico-no-ha-afectado-mercado-inmobiliario\/#primaryimage"},"image":{"@id":"https:\/\/centrourbano.com\/revista\/entrevistas\/clima-politico-no-ha-afectado-mercado-inmobiliario\/#primaryimage"},"thumbnailUrl":"https:\/\/centrourbano.com\/revista\/wp-content\/uploads\/DT3q6L4VwAEDQZp.jpg","datePublished":"2018-06-06T22:56:02+00:00","description":"A trav\u00e9s de cr\u00e9ditos puente, el BIM planea financiar 12,000 viviendas","breadcrumb":{"@id":"https:\/\/centrourbano.com\/revista\/entrevistas\/clima-politico-no-ha-afectado-mercado-inmobiliario\/#breadcrumb"},"inLanguage":"es","potentialAction":[{"@type":"ReadAction","target":["https:\/\/centrourbano.com\/revista\/entrevistas\/clima-politico-no-ha-afectado-mercado-inmobiliario\/"]}]},{"@type":"ImageObject","inLanguage":"es","@id":"https:\/\/centrourbano.com\/revista\/entrevistas\/clima-politico-no-ha-afectado-mercado-inmobiliario\/#primaryimage","url":"https:\/\/centrourbano.com\/revista\/wp-content\/uploads\/DT3q6L4VwAEDQZp.jpg","contentUrl":"https:\/\/centrourbano.com\/revista\/wp-content\/uploads\/DT3q6L4VwAEDQZp.jpg","width":1200,"height":900,"caption":"A trav\u00e9s de cr\u00e9ditos puente, el BIM planea financiar 12,000 viviendas"},{"@type":"BreadcrumbList","@id":"https:\/\/centrourbano.com\/revista\/entrevistas\/clima-politico-no-ha-afectado-mercado-inmobiliario\/#breadcrumb","itemListElement":[{"@type":"ListItem","position":1,"name":"Portada","item":"https:\/\/centrourbano.com\/revista\/"},{"@type":"ListItem","position":2,"name":"Clima pol\u00edtico no ha afectado mercado inmobiliario"}]},{"@type":"WebSite","@id":"https:\/\/centrourbano.com\/revista\/#website","url":"https:\/\/centrourbano.com\/revista\/","name":"Centro Urbano","description":"Medio especializado en los sectores vivienda, inmobiliario, construcci\u00f3n, arquitectura y urbanismo.","publisher":{"@id":"https:\/\/centrourbano.com\/revista\/#organization"},"potentialAction":[{"@type":"SearchAction","target":{"@type":"EntryPoint","urlTemplate":"https:\/\/centrourbano.com\/revista\/?s={search_term_string}"},"query-input":{"@type":"PropertyValueSpecification","valueRequired":true,"valueName":"search_term_string"}}],"inLanguage":"es"},{"@type":"Organization","@id":"https:\/\/centrourbano.com\/revista\/#organization","name":"Centro Urbano","url":"https:\/\/centrourbano.com\/revista\/","logo":{"@type":"ImageObject","inLanguage":"es","@id":"https:\/\/centrourbano.com\/revista\/#\/schema\/logo\/image\/","url":"https:\/\/centrourbano.com\/revista\/wp-content\/uploads\/web_CU_logo-1.png","contentUrl":"https:\/\/centrourbano.com\/revista\/wp-content\/uploads\/web_CU_logo-1.png","width":350,"height":91,"caption":"Centro Urbano"},"image":{"@id":"https:\/\/centrourbano.com\/revista\/#\/schema\/logo\/image\/"},"sameAs":["https:\/\/www.facebook.com\/portalcentrourbano","https:\/\/x.com\/CentroUrbano","https:\/\/www.instagram.com\/centro_urbano\/","https:\/\/www.linkedin.com\/company\/centro-urbano\/","http:\/\/www.youtube.com\/user\/portalcentrourbano"]},{"@type":"Person","@id":"https:\/\/centrourbano.com\/revista\/#\/schema\/person\/1d952c872f21e733a753a18cc4b5298a","name":"Karla Esperanza","image":{"@type":"ImageObject","inLanguage":"es","@id":"https:\/\/secure.gravatar.com\/avatar\/bea847a7925ef868d37c5a55ab5e341c9e769fab11b85a359090daa4d6fb4a2e?s=96&d=mm&r=g","url":"https:\/\/secure.gravatar.com\/avatar\/bea847a7925ef868d37c5a55ab5e341c9e769fab11b85a359090daa4d6fb4a2e?s=96&d=mm&r=g","contentUrl":"https:\/\/secure.gravatar.com\/avatar\/bea847a7925ef868d37c5a55ab5e341c9e769fab11b85a359090daa4d6fb4a2e?s=96&d=mm&r=g","caption":"Karla Esperanza"},"url":"https:\/\/centrourbano.com\/revista\/author\/karla-esperanza\/"}]}},"_links":{"self":[{"href":"https:\/\/centrourbano.com\/revista\/wp-json\/wp\/v2\/posts\/72634","targetHints":{"allow":["GET"]}}],"collection":[{"href":"https:\/\/centrourbano.com\/revista\/wp-json\/wp\/v2\/posts"}],"about":[{"href":"https:\/\/centrourbano.com\/revista\/wp-json\/wp\/v2\/types\/post"}],"author":[{"embeddable":true,"href":"https:\/\/centrourbano.com\/revista\/wp-json\/wp\/v2\/users\/64"}],"replies":[{"embeddable":true,"href":"https:\/\/centrourbano.com\/revista\/wp-json\/wp\/v2\/comments?post=72634"}],"version-history":[{"count":1,"href":"https:\/\/centrourbano.com\/revista\/wp-json\/wp\/v2\/posts\/72634\/revisions"}],"predecessor-version":[{"id":72640,"href":"https:\/\/centrourbano.com\/revista\/wp-json\/wp\/v2\/posts\/72634\/revisions\/72640"}],"wp:featuredmedia":[{"embeddable":true,"href":"https:\/\/centrourbano.com\/revista\/wp-json\/wp\/v2\/media\/72650"}],"wp:attachment":[{"href":"https:\/\/centrourbano.com\/revista\/wp-json\/wp\/v2\/media?parent=72634"}],"wp:term":[{"taxonomy":"category","embeddable":true,"href":"https:\/\/centrourbano.com\/revista\/wp-json\/wp\/v2\/categories?post=72634"},{"taxonomy":"post_tag","embeddable":true,"href":"https:\/\/centrourbano.com\/revista\/wp-json\/wp\/v2\/tags?post=72634"}],"curies":[{"name":"wp","href":"https:\/\/api.w.org\/{rel}","templated":true}]}}