{"id":72575,"date":"2018-06-05T17:30:02","date_gmt":"2018-06-05T22:30:02","guid":{"rendered":"https:\/\/centrourbano.com\/?p=72575"},"modified":"2018-06-07T12:15:36","modified_gmt":"2018-06-07T17:15:36","slug":"conavi-renueva-la-cara-del-sniiv","status":"publish","type":"post","link":"https:\/\/centrourbano.com\/revista\/vivienda\/conavi-renueva-la-cara-del-sniiv\/","title":{"rendered":"Conavi renueva la cara del SNIIV"},"content":{"rendered":"<p><em>Ahora ser\u00e1 m\u00e1s sencillo consultar la informaci\u00f3n que genera el sector <\/em><!--more--><\/p>\n<p>Con el objetivo de facilitar el acceso a los datos que genera la industria, la Comisi\u00f3n Nacional de Vivienda (<strong>Conavi<\/strong>) renov\u00f3 el Sistema Nacional de Informaci\u00f3n e Indicadores de Vivienda (<strong>SNIIV<\/strong>). Con la nueva interfaz, poder consultar informaci\u00f3n sobre el n\u00famero de viviendas que hay en el pa\u00eds o el rezago existente ser\u00e1 m\u00e1s sencillo.<\/p>\n<p>La nueva cara de la plataforma otorga,de entrada, un panorama sobre los datos m\u00e1s relevantes del sector. No s\u00f3lo muestra una visi\u00f3n general del Inventario de Vivienda y el n\u00famero de unidades registradas en el pa\u00eds, sino elementos fundamentales como la colocaci\u00f3n de <strong>subsidio<\/strong> o el n\u00famero de <strong>financiamientos<\/strong>\u00a0otorgados\u00a0para acceder a una soluci\u00f3n habitacional.<\/p>\n<p>&nbsp;<\/p>\n<a href=\"https:\/\/centrourbano.com\/revista\/wp-content\/uploads\/Conavi_Nueva-Interfaz.jpg\" target=\"_blank\" rel=\"noopener noreferrer\"><img loading=\"lazy\" decoding=\"async\" class=\"aligncenter wp-image-72576 size-medium\" src=\"https:\/\/centrourbano.com\/revista\/wp-content\/uploads\/Conavi_Nueva-Interfaz-300x192.jpg\" alt=\" Conavi renueva el SNIIV\" width=\"300\" height=\"192\" srcset=\"https:\/\/centrourbano.com\/revista\/wp-content\/uploads\/Conavi_Nueva-Interfaz-300x192.jpg 300w, https:\/\/centrourbano.com\/revista\/wp-content\/uploads\/Conavi_Nueva-Interfaz-171x108.jpg 171w, https:\/\/centrourbano.com\/revista\/wp-content\/uploads\/Conavi_Nueva-Interfaz.jpg 696w\" sizes=\"auto, (max-width: 300px) 100vw, 300px\" \/><\/a>\n<p>&nbsp;<\/p>\n<p>La herramienta permite conocer datos de coyuntura. Por ejemplo, en materia de subsidio, detalla con minuciosidad de qu\u00e9 manera se dispersa el apoyo. Entre otras cosas explica con precisi\u00f3n cu\u00e1nto dinero se invirti\u00f3 por esquema-es decir adquisici\u00f3n de vivienda nueva o usada, mejoramiento o autoproducci\u00f3n, etc.- o cu\u00e1nto se destina por g\u00e9nero.<\/p>\n<p>&nbsp;<\/p>\n<a href=\"https:\/\/centrourbano.com\/revista\/wp-content\/uploads\/Conavi_Nueva-Interfaz1.jpg\" target=\"_blank\" rel=\"noopener noreferrer\"><img loading=\"lazy\" decoding=\"async\" class=\"aligncenter wp-image-72577 size-medium\" src=\"https:\/\/centrourbano.com\/revista\/wp-content\/uploads\/Conavi_Nueva-Interfaz1-300x232.jpg\" alt=\"\" width=\"300\" height=\"232\" srcset=\"https:\/\/centrourbano.com\/revista\/wp-content\/uploads\/Conavi_Nueva-Interfaz1-300x232.jpg 300w, https:\/\/centrourbano.com\/revista\/wp-content\/uploads\/Conavi_Nueva-Interfaz1.jpg 524w\" sizes=\"auto, (max-width: 300px) 100vw, 300px\" \/><\/a>\n<p>&nbsp;<\/p>\n<p>La plataforma abre la puerta para realizar consultas hist\u00f3ricas en diversos temas. Por ejemplo, en el caso de financiamiento, adem\u00e1s de brindar un panorama sobre el avance observado hasta el momento, da la posibilidad de visualizar c\u00f3mo se ha comportado este indicador por lo menos desde 1973.<\/p>\n<p>Para conocer a profundidad lo que sucede en cada rinc\u00f3n del pa\u00eds, el SNIIV muestra la actividad del sector por entidad. De esta forma, es posible conocer cu\u00e1nto dinero se invirti\u00f3 en subsidio en cada demarcaci\u00f3n, o cu\u00e1l es la colocaci\u00f3n crediticia, entre otras cosas.<\/p>\n<p>Con un dise\u00f1o m\u00e1s din\u00e1mico e interactivo, la nueva\u00a0interfaz del SNIIV permite a quien lo desea conocer donde se encuentran los Per\u00edmetros de Contenci\u00f3n Urbana (<strong>PCU<\/strong>). Esta herramienta resulta importante para quienes buscan un subsidio, pues\u00a0es conveniente recordar que la Conavi s\u00f3lo entrega apoyos federales a las viviendas que se encuentran dentro de esta clasificaci\u00f3n.<\/p>\n<p>Cabe se\u00f1alar que en la plataforma tambi\u00e9n se p\u00fablica el Reporte Mensual del Sector Vivienda. Este documento, elaborado por la Conavi, muestra una radiograf\u00eda del comportamiento del sector mes con mes.<\/p>\n<p>De esta forma, el organismo que dirige <strong>Jorge Wolpert Kuri<\/strong>, busca transparentar el sector y hacer m\u00e1s accesible la consulta de la informaci\u00f3n que se genera. A trav\u00e9s de estos datos, el p\u00fablico interesado puede consultar y conocer los n\u00fameros que hacen a la industria de la vivienda uno de los motores m\u00e1s importantes de la econom\u00eda mexicana.<\/p>\n<a href=\"https:\/\/centrourbano.com\/revista\/wp-content\/uploads\/Conavi_Nueva-Interfaz3.jpg\" target=\"_blank\" rel=\"noopener noreferrer\"><img loading=\"lazy\" decoding=\"async\" class=\"aligncenter wp-image-72578 size-medium\" src=\"https:\/\/centrourbano.com\/revista\/wp-content\/uploads\/Conavi_Nueva-Interfaz3-300x203.jpg\" alt=\"\" width=\"300\" height=\"203\" srcset=\"https:\/\/centrourbano.com\/revista\/wp-content\/uploads\/Conavi_Nueva-Interfaz3-300x203.jpg 300w, https:\/\/centrourbano.com\/revista\/wp-content\/uploads\/Conavi_Nueva-Interfaz3.jpg 589w\" sizes=\"auto, (max-width: 300px) 100vw, 300px\" \/><\/a>\n<p>&nbsp;<\/p>\n<p>La nueva versi\u00f3n del SNIIV se puede encontrar en:\u00a0sniiv.beta.conavi.gob.mx.<\/p>\n<p>&nbsp;<\/p>\n","protected":false},"excerpt":{"rendered":"<p>Ahora ser\u00e1 m\u00e1s sencillo consultar la informaci\u00f3n que genera el sector<\/p>\n","protected":false},"author":47,"featured_media":72672,"comment_status":"open","ping_status":"closed","sticky":false,"template":"","format":"standard","meta":{"om_disable_all_campaigns":false,"inline_featured_image":false,"_monsterinsights_skip_tracking":false,"_monsterinsights_sitenote_active":false,"_monsterinsights_sitenote_note":"","_monsterinsights_sitenote_category":0,"footnotes":""},"categories":[12],"tags":[13592,536,9132,1794,6848],"class_list":["post-72575","post","type-post","status-publish","format-standard","has-post-thumbnail","hentry","category-vivienda","tag-sincontaminacion","tag-comision-nacional-de-vivienda","tag-jorge-wolpert-kuri","tag-sistema-nacional-de-informacion-e-indicadores-de-vivienda","tag-sniiv"],"yoast_head":"<!-- This site is optimized with the Yoast SEO plugin v27.5 - https:\/\/yoast.com\/product\/yoast-seo-wordpress\/ -->\n<title>Conavi renueva la cara del SNIIV<\/title>\n<meta name=\"description\" content=\"Ahora ser\u00e1 m\u00e1s sencillo consultar la informaci\u00f3n que genera el sector\" \/>\n<meta name=\"robots\" content=\"index, follow, max-snippet:-1, max-image-preview:large, max-video-preview:-1\" \/>\n<link rel=\"canonical\" href=\"https:\/\/centrourbano.com\/revista\/vivienda\/conavi-renueva-la-cara-del-sniiv\/\" \/>\n<meta property=\"og:locale\" content=\"es_ES\" \/>\n<meta property=\"og:type\" content=\"article\" \/>\n<meta property=\"og:title\" content=\"Conavi renueva la cara del SNIIV\" \/>\n<meta property=\"og:description\" content=\"Ahora ser\u00e1 m\u00e1s sencillo consultar la informaci\u00f3n que genera el sector\" \/>\n<meta property=\"og:url\" content=\"https:\/\/centrourbano.com\/revista\/vivienda\/conavi-renueva-la-cara-del-sniiv\/\" \/>\n<meta property=\"og:site_name\" content=\"Centro Urbano\" \/>\n<meta property=\"article:publisher\" content=\"https:\/\/www.facebook.com\/portalcentrourbano\" \/>\n<meta property=\"article:published_time\" content=\"2018-06-05T22:30:02+00:00\" \/>\n<meta property=\"article:modified_time\" content=\"2018-06-07T17:15:36+00:00\" \/>\n<meta property=\"og:image\" content=\"https:\/\/centrourbano.com\/revista\/wp-content\/uploads\/Sniiv_Conavi_Nueva-Cara.png\" \/>\n\t<meta property=\"og:image:width\" content=\"800\" \/>\n\t<meta property=\"og:image:height\" content=\"552\" \/>\n\t<meta property=\"og:image:type\" content=\"image\/png\" \/>\n<meta name=\"author\" content=\"Edgar Rosas\" \/>\n<meta name=\"twitter:card\" content=\"summary_large_image\" \/>\n<meta name=\"twitter:creator\" content=\"@https:\/\/twitter.com\/ERosasCU?s=09\" \/>\n<meta name=\"twitter:site\" content=\"@CentroUrbano\" \/>\n<meta name=\"twitter:label1\" content=\"Escrito por\" \/>\n\t<meta name=\"twitter:data1\" content=\"Edgar Rosas\" \/>\n\t<meta name=\"twitter:label2\" content=\"Tiempo de lectura\" \/>\n\t<meta name=\"twitter:data2\" content=\"2 minutos\" \/>\n<script type=\"application\/ld+json\" class=\"yoast-schema-graph\">{\"@context\":\"https:\\\/\\\/schema.org\",\"@graph\":[{\"@type\":\"Article\",\"@id\":\"https:\\\/\\\/centrourbano.com\\\/revista\\\/vivienda\\\/conavi-renueva-la-cara-del-sniiv\\\/#article\",\"isPartOf\":{\"@id\":\"https:\\\/\\\/centrourbano.com\\\/revista\\\/vivienda\\\/conavi-renueva-la-cara-del-sniiv\\\/\"},\"author\":{\"name\":\"Edgar Rosas\",\"@id\":\"https:\\\/\\\/centrourbano.com\\\/revista\\\/#\\\/schema\\\/person\\\/ff3c00651ce5b1630479d2cd0c2e3ac0\"},\"headline\":\"Conavi renueva la cara del SNIIV\",\"datePublished\":\"2018-06-05T22:30:02+00:00\",\"dateModified\":\"2018-06-07T17:15:36+00:00\",\"mainEntityOfPage\":{\"@id\":\"https:\\\/\\\/centrourbano.com\\\/revista\\\/vivienda\\\/conavi-renueva-la-cara-del-sniiv\\\/\"},\"wordCount\":489,\"commentCount\":0,\"publisher\":{\"@id\":\"https:\\\/\\\/centrourbano.com\\\/revista\\\/#organization\"},\"image\":{\"@id\":\"https:\\\/\\\/centrourbano.com\\\/revista\\\/vivienda\\\/conavi-renueva-la-cara-del-sniiv\\\/#primaryimage\"},\"thumbnailUrl\":\"https:\\\/\\\/centrourbano.com\\\/revista\\\/wp-content\\\/uploads\\\/Sniiv_Conavi_Nueva-Cara.png\",\"keywords\":[\"#SinContaminaci\u00f3n\",\"Comisi\u00f3n Nacional de Vivienda\",\"Jorge Wolpert Kuri\",\"Sistema Nacional de Informaci\u00f3n e Indicadores de Vivienda\",\"SNIIV\"],\"articleSection\":[\"Vivienda\"],\"inLanguage\":\"es\",\"potentialAction\":[{\"@type\":\"CommentAction\",\"name\":\"Comment\",\"target\":[\"https:\\\/\\\/centrourbano.com\\\/revista\\\/vivienda\\\/conavi-renueva-la-cara-del-sniiv\\\/#respond\"]}]},{\"@type\":\"WebPage\",\"@id\":\"https:\\\/\\\/centrourbano.com\\\/revista\\\/vivienda\\\/conavi-renueva-la-cara-del-sniiv\\\/\",\"url\":\"https:\\\/\\\/centrourbano.com\\\/revista\\\/vivienda\\\/conavi-renueva-la-cara-del-sniiv\\\/\",\"name\":\"Conavi renueva la cara del SNIIV\",\"isPartOf\":{\"@id\":\"https:\\\/\\\/centrourbano.com\\\/revista\\\/#website\"},\"primaryImageOfPage\":{\"@id\":\"https:\\\/\\\/centrourbano.com\\\/revista\\\/vivienda\\\/conavi-renueva-la-cara-del-sniiv\\\/#primaryimage\"},\"image\":{\"@id\":\"https:\\\/\\\/centrourbano.com\\\/revista\\\/vivienda\\\/conavi-renueva-la-cara-del-sniiv\\\/#primaryimage\"},\"thumbnailUrl\":\"https:\\\/\\\/centrourbano.com\\\/revista\\\/wp-content\\\/uploads\\\/Sniiv_Conavi_Nueva-Cara.png\",\"datePublished\":\"2018-06-05T22:30:02+00:00\",\"dateModified\":\"2018-06-07T17:15:36+00:00\",\"description\":\"Ahora ser\u00e1 m\u00e1s sencillo consultar la informaci\u00f3n que genera el sector\",\"breadcrumb\":{\"@id\":\"https:\\\/\\\/centrourbano.com\\\/revista\\\/vivienda\\\/conavi-renueva-la-cara-del-sniiv\\\/#breadcrumb\"},\"inLanguage\":\"es\",\"potentialAction\":[{\"@type\":\"ReadAction\",\"target\":[\"https:\\\/\\\/centrourbano.com\\\/revista\\\/vivienda\\\/conavi-renueva-la-cara-del-sniiv\\\/\"]}]},{\"@type\":\"ImageObject\",\"inLanguage\":\"es\",\"@id\":\"https:\\\/\\\/centrourbano.com\\\/revista\\\/vivienda\\\/conavi-renueva-la-cara-del-sniiv\\\/#primaryimage\",\"url\":\"https:\\\/\\\/centrourbano.com\\\/revista\\\/wp-content\\\/uploads\\\/Sniiv_Conavi_Nueva-Cara.png\",\"contentUrl\":\"https:\\\/\\\/centrourbano.com\\\/revista\\\/wp-content\\\/uploads\\\/Sniiv_Conavi_Nueva-Cara.png\",\"width\":800,\"height\":552,\"caption\":\"Bajo esta premisa se present\u00f3 el libro \u2018El ABC de la Cuenta Sat\u00e9lite de Vivienda\u2019, que re\u00fane los datos que genera la industria\"},{\"@type\":\"BreadcrumbList\",\"@id\":\"https:\\\/\\\/centrourbano.com\\\/revista\\\/vivienda\\\/conavi-renueva-la-cara-del-sniiv\\\/#breadcrumb\",\"itemListElement\":[{\"@type\":\"ListItem\",\"position\":1,\"name\":\"Portada\",\"item\":\"https:\\\/\\\/centrourbano.com\\\/revista\\\/\"},{\"@type\":\"ListItem\",\"position\":2,\"name\":\"Conavi renueva la cara del SNIIV\"}]},{\"@type\":\"WebSite\",\"@id\":\"https:\\\/\\\/centrourbano.com\\\/revista\\\/#website\",\"url\":\"https:\\\/\\\/centrourbano.com\\\/revista\\\/\",\"name\":\"Centro Urbano\",\"description\":\"Medio especializado en los sectores vivienda, inmobiliario, construcci\u00f3n, arquitectura y urbanismo.\",\"publisher\":{\"@id\":\"https:\\\/\\\/centrourbano.com\\\/revista\\\/#organization\"},\"potentialAction\":[{\"@type\":\"SearchAction\",\"target\":{\"@type\":\"EntryPoint\",\"urlTemplate\":\"https:\\\/\\\/centrourbano.com\\\/revista\\\/?s={search_term_string}\"},\"query-input\":{\"@type\":\"PropertyValueSpecification\",\"valueRequired\":true,\"valueName\":\"search_term_string\"}}],\"inLanguage\":\"es\"},{\"@type\":\"Organization\",\"@id\":\"https:\\\/\\\/centrourbano.com\\\/revista\\\/#organization\",\"name\":\"Centro Urbano\",\"url\":\"https:\\\/\\\/centrourbano.com\\\/revista\\\/\",\"logo\":{\"@type\":\"ImageObject\",\"inLanguage\":\"es\",\"@id\":\"https:\\\/\\\/centrourbano.com\\\/revista\\\/#\\\/schema\\\/logo\\\/image\\\/\",\"url\":\"https:\\\/\\\/centrourbano.com\\\/revista\\\/wp-content\\\/uploads\\\/web_CU_logo-1.png\",\"contentUrl\":\"https:\\\/\\\/centrourbano.com\\\/revista\\\/wp-content\\\/uploads\\\/web_CU_logo-1.png\",\"width\":350,\"height\":91,\"caption\":\"Centro Urbano\"},\"image\":{\"@id\":\"https:\\\/\\\/centrourbano.com\\\/revista\\\/#\\\/schema\\\/logo\\\/image\\\/\"},\"sameAs\":[\"https:\\\/\\\/www.facebook.com\\\/portalcentrourbano\",\"https:\\\/\\\/x.com\\\/CentroUrbano\",\"https:\\\/\\\/www.instagram.com\\\/centro_urbano\\\/\",\"https:\\\/\\\/www.linkedin.com\\\/company\\\/centro-urbano\\\/\",\"http:\\\/\\\/www.youtube.com\\\/user\\\/portalcentrourbano\"]},{\"@type\":\"Person\",\"@id\":\"https:\\\/\\\/centrourbano.com\\\/revista\\\/#\\\/schema\\\/person\\\/ff3c00651ce5b1630479d2cd0c2e3ac0\",\"name\":\"Edgar Rosas\",\"image\":{\"@type\":\"ImageObject\",\"inLanguage\":\"es\",\"@id\":\"https:\\\/\\\/secure.gravatar.com\\\/avatar\\\/94440c4283495211faa5300bf85e80061036b83fced868c3783aa1310b350d9c?s=96&d=mm&r=g\",\"url\":\"https:\\\/\\\/secure.gravatar.com\\\/avatar\\\/94440c4283495211faa5300bf85e80061036b83fced868c3783aa1310b350d9c?s=96&d=mm&r=g\",\"contentUrl\":\"https:\\\/\\\/secure.gravatar.com\\\/avatar\\\/94440c4283495211faa5300bf85e80061036b83fced868c3783aa1310b350d9c?s=96&d=mm&r=g\",\"caption\":\"Edgar Rosas\"},\"description\":\"Editor en Jefe de Centro Urbano. Egresado de la maestr\u00eda en Periodismo Pol\u00edtico de la Escuela de Periodismo Carlos Septi\u00e9n Garc\u00eda (EPCSG). Estudi\u00f3 la licenciatura en Comunicaci\u00f3n en la Universidad Mexicana. Amante de la cr\u00f3nica y el reportaje. Admirador de Vicente Le\u00f1ero y Miguel \u00c1ngel Granados Chapa.\",\"sameAs\":[\"https:\\\/\\\/x.com\\\/https:\\\/\\\/twitter.com\\\/ERosasCU?s=09\"],\"url\":\"https:\\\/\\\/centrourbano.com\\\/revista\\\/author\\\/edgar-rosas\\\/\"}]}<\/script>\n<!-- \/ Yoast SEO plugin. -->","yoast_head_json":{"title":"Conavi renueva la cara del SNIIV","description":"Ahora ser\u00e1 m\u00e1s sencillo consultar la informaci\u00f3n que genera el sector","robots":{"index":"index","follow":"follow","max-snippet":"max-snippet:-1","max-image-preview":"max-image-preview:large","max-video-preview":"max-video-preview:-1"},"canonical":"https:\/\/centrourbano.com\/revista\/vivienda\/conavi-renueva-la-cara-del-sniiv\/","og_locale":"es_ES","og_type":"article","og_title":"Conavi renueva la cara del SNIIV","og_description":"Ahora ser\u00e1 m\u00e1s sencillo consultar la informaci\u00f3n que genera el sector","og_url":"https:\/\/centrourbano.com\/revista\/vivienda\/conavi-renueva-la-cara-del-sniiv\/","og_site_name":"Centro Urbano","article_publisher":"https:\/\/www.facebook.com\/portalcentrourbano","article_published_time":"2018-06-05T22:30:02+00:00","article_modified_time":"2018-06-07T17:15:36+00:00","og_image":[{"width":800,"height":552,"url":"https:\/\/centrourbano.com\/revista\/wp-content\/uploads\/Sniiv_Conavi_Nueva-Cara.png","type":"image\/png"}],"author":"Edgar Rosas","twitter_card":"summary_large_image","twitter_creator":"@https:\/\/twitter.com\/ERosasCU?s=09","twitter_site":"@CentroUrbano","twitter_misc":{"Escrito por":"Edgar Rosas","Tiempo de lectura":"2 minutos"},"schema":{"@context":"https:\/\/schema.org","@graph":[{"@type":"Article","@id":"https:\/\/centrourbano.com\/revista\/vivienda\/conavi-renueva-la-cara-del-sniiv\/#article","isPartOf":{"@id":"https:\/\/centrourbano.com\/revista\/vivienda\/conavi-renueva-la-cara-del-sniiv\/"},"author":{"name":"Edgar Rosas","@id":"https:\/\/centrourbano.com\/revista\/#\/schema\/person\/ff3c00651ce5b1630479d2cd0c2e3ac0"},"headline":"Conavi renueva la cara del SNIIV","datePublished":"2018-06-05T22:30:02+00:00","dateModified":"2018-06-07T17:15:36+00:00","mainEntityOfPage":{"@id":"https:\/\/centrourbano.com\/revista\/vivienda\/conavi-renueva-la-cara-del-sniiv\/"},"wordCount":489,"commentCount":0,"publisher":{"@id":"https:\/\/centrourbano.com\/revista\/#organization"},"image":{"@id":"https:\/\/centrourbano.com\/revista\/vivienda\/conavi-renueva-la-cara-del-sniiv\/#primaryimage"},"thumbnailUrl":"https:\/\/centrourbano.com\/revista\/wp-content\/uploads\/Sniiv_Conavi_Nueva-Cara.png","keywords":["#SinContaminaci\u00f3n","Comisi\u00f3n Nacional de Vivienda","Jorge Wolpert Kuri","Sistema Nacional de Informaci\u00f3n e Indicadores de Vivienda","SNIIV"],"articleSection":["Vivienda"],"inLanguage":"es","potentialAction":[{"@type":"CommentAction","name":"Comment","target":["https:\/\/centrourbano.com\/revista\/vivienda\/conavi-renueva-la-cara-del-sniiv\/#respond"]}]},{"@type":"WebPage","@id":"https:\/\/centrourbano.com\/revista\/vivienda\/conavi-renueva-la-cara-del-sniiv\/","url":"https:\/\/centrourbano.com\/revista\/vivienda\/conavi-renueva-la-cara-del-sniiv\/","name":"Conavi renueva la cara del SNIIV","isPartOf":{"@id":"https:\/\/centrourbano.com\/revista\/#website"},"primaryImageOfPage":{"@id":"https:\/\/centrourbano.com\/revista\/vivienda\/conavi-renueva-la-cara-del-sniiv\/#primaryimage"},"image":{"@id":"https:\/\/centrourbano.com\/revista\/vivienda\/conavi-renueva-la-cara-del-sniiv\/#primaryimage"},"thumbnailUrl":"https:\/\/centrourbano.com\/revista\/wp-content\/uploads\/Sniiv_Conavi_Nueva-Cara.png","datePublished":"2018-06-05T22:30:02+00:00","dateModified":"2018-06-07T17:15:36+00:00","description":"Ahora ser\u00e1 m\u00e1s sencillo consultar la informaci\u00f3n que genera el sector","breadcrumb":{"@id":"https:\/\/centrourbano.com\/revista\/vivienda\/conavi-renueva-la-cara-del-sniiv\/#breadcrumb"},"inLanguage":"es","potentialAction":[{"@type":"ReadAction","target":["https:\/\/centrourbano.com\/revista\/vivienda\/conavi-renueva-la-cara-del-sniiv\/"]}]},{"@type":"ImageObject","inLanguage":"es","@id":"https:\/\/centrourbano.com\/revista\/vivienda\/conavi-renueva-la-cara-del-sniiv\/#primaryimage","url":"https:\/\/centrourbano.com\/revista\/wp-content\/uploads\/Sniiv_Conavi_Nueva-Cara.png","contentUrl":"https:\/\/centrourbano.com\/revista\/wp-content\/uploads\/Sniiv_Conavi_Nueva-Cara.png","width":800,"height":552,"caption":"Bajo esta premisa se present\u00f3 el libro \u2018El ABC de la Cuenta Sat\u00e9lite de Vivienda\u2019, que re\u00fane los datos que genera la industria"},{"@type":"BreadcrumbList","@id":"https:\/\/centrourbano.com\/revista\/vivienda\/conavi-renueva-la-cara-del-sniiv\/#breadcrumb","itemListElement":[{"@type":"ListItem","position":1,"name":"Portada","item":"https:\/\/centrourbano.com\/revista\/"},{"@type":"ListItem","position":2,"name":"Conavi renueva la cara del SNIIV"}]},{"@type":"WebSite","@id":"https:\/\/centrourbano.com\/revista\/#website","url":"https:\/\/centrourbano.com\/revista\/","name":"Centro Urbano","description":"Medio especializado en los sectores vivienda, inmobiliario, construcci\u00f3n, arquitectura y urbanismo.","publisher":{"@id":"https:\/\/centrourbano.com\/revista\/#organization"},"potentialAction":[{"@type":"SearchAction","target":{"@type":"EntryPoint","urlTemplate":"https:\/\/centrourbano.com\/revista\/?s={search_term_string}"},"query-input":{"@type":"PropertyValueSpecification","valueRequired":true,"valueName":"search_term_string"}}],"inLanguage":"es"},{"@type":"Organization","@id":"https:\/\/centrourbano.com\/revista\/#organization","name":"Centro Urbano","url":"https:\/\/centrourbano.com\/revista\/","logo":{"@type":"ImageObject","inLanguage":"es","@id":"https:\/\/centrourbano.com\/revista\/#\/schema\/logo\/image\/","url":"https:\/\/centrourbano.com\/revista\/wp-content\/uploads\/web_CU_logo-1.png","contentUrl":"https:\/\/centrourbano.com\/revista\/wp-content\/uploads\/web_CU_logo-1.png","width":350,"height":91,"caption":"Centro Urbano"},"image":{"@id":"https:\/\/centrourbano.com\/revista\/#\/schema\/logo\/image\/"},"sameAs":["https:\/\/www.facebook.com\/portalcentrourbano","https:\/\/x.com\/CentroUrbano","https:\/\/www.instagram.com\/centro_urbano\/","https:\/\/www.linkedin.com\/company\/centro-urbano\/","http:\/\/www.youtube.com\/user\/portalcentrourbano"]},{"@type":"Person","@id":"https:\/\/centrourbano.com\/revista\/#\/schema\/person\/ff3c00651ce5b1630479d2cd0c2e3ac0","name":"Edgar Rosas","image":{"@type":"ImageObject","inLanguage":"es","@id":"https:\/\/secure.gravatar.com\/avatar\/94440c4283495211faa5300bf85e80061036b83fced868c3783aa1310b350d9c?s=96&d=mm&r=g","url":"https:\/\/secure.gravatar.com\/avatar\/94440c4283495211faa5300bf85e80061036b83fced868c3783aa1310b350d9c?s=96&d=mm&r=g","contentUrl":"https:\/\/secure.gravatar.com\/avatar\/94440c4283495211faa5300bf85e80061036b83fced868c3783aa1310b350d9c?s=96&d=mm&r=g","caption":"Edgar Rosas"},"description":"Editor en Jefe de Centro Urbano. Egresado de la maestr\u00eda en Periodismo Pol\u00edtico de la Escuela de Periodismo Carlos Septi\u00e9n Garc\u00eda (EPCSG). Estudi\u00f3 la licenciatura en Comunicaci\u00f3n en la Universidad Mexicana. Amante de la cr\u00f3nica y el reportaje. Admirador de Vicente Le\u00f1ero y Miguel \u00c1ngel Granados Chapa.","sameAs":["https:\/\/x.com\/https:\/\/twitter.com\/ERosasCU?s=09"],"url":"https:\/\/centrourbano.com\/revista\/author\/edgar-rosas\/"}]}},"_links":{"self":[{"href":"https:\/\/centrourbano.com\/revista\/wp-json\/wp\/v2\/posts\/72575","targetHints":{"allow":["GET"]}}],"collection":[{"href":"https:\/\/centrourbano.com\/revista\/wp-json\/wp\/v2\/posts"}],"about":[{"href":"https:\/\/centrourbano.com\/revista\/wp-json\/wp\/v2\/types\/post"}],"author":[{"embeddable":true,"href":"https:\/\/centrourbano.com\/revista\/wp-json\/wp\/v2\/users\/47"}],"replies":[{"embeddable":true,"href":"https:\/\/centrourbano.com\/revista\/wp-json\/wp\/v2\/comments?post=72575"}],"version-history":[{"count":7,"href":"https:\/\/centrourbano.com\/revista\/wp-json\/wp\/v2\/posts\/72575\/revisions"}],"predecessor-version":[{"id":72591,"href":"https:\/\/centrourbano.com\/revista\/wp-json\/wp\/v2\/posts\/72575\/revisions\/72591"}],"wp:featuredmedia":[{"embeddable":true,"href":"https:\/\/centrourbano.com\/revista\/wp-json\/wp\/v2\/media\/72672"}],"wp:attachment":[{"href":"https:\/\/centrourbano.com\/revista\/wp-json\/wp\/v2\/media?parent=72575"}],"wp:term":[{"taxonomy":"category","embeddable":true,"href":"https:\/\/centrourbano.com\/revista\/wp-json\/wp\/v2\/categories?post=72575"},{"taxonomy":"post_tag","embeddable":true,"href":"https:\/\/centrourbano.com\/revista\/wp-json\/wp\/v2\/tags?post=72575"}],"curies":[{"name":"wp","href":"https:\/\/api.w.org\/{rel}","templated":true}]}}