{"id":72482,"date":"2018-06-04T07:00:12","date_gmt":"2018-06-04T12:00:12","guid":{"rendered":"https:\/\/centrourbano.com\/?p=72482"},"modified":"2018-06-04T09:17:06","modified_gmt":"2018-06-04T14:17:06","slug":"recupera-infonavit-600-mdp-mediante-subastas","status":"publish","type":"post","link":"https:\/\/centrourbano.com\/revista\/vivienda\/recupera-infonavit-600-mdp-mediante-subastas\/","title":{"rendered":"Recauda Infonavit 600 mdp mediante subastas"},"content":{"rendered":"<p><em>El organismo inform\u00f3 que en lo que va del a\u00f1o ha regresado al mercado m\u00e1s de 5,000 viviendas recuperadas<\/em><!--more--><\/p>\n<p>El Instituto del Fondo Nacional de la Vivienda para los Trabajadores (<strong><a href=\"http:\/\/portal.infonavit.org.mx\/\" rel=\"noopener\" target=\"_blank\">Infonavit<\/a><\/strong>) coloc\u00f3 4,016 viviendas recuperadas a trav\u00e9s de su segunda subasta del a\u00f1o. Con el resultado, el organismo logr\u00f3 retornar al mercado el 100% de las unidades contempladas para este ejercicio. <\/p>\n<p>El proceso se realiz\u00f3 en dos sesiones en las que participaron 56 empresas del sector inmobiliario. En total, se desarrollaron tres macrosubastas y 20 subastas, que representaron una derrama de 600 millones de pesos para el organismo. <\/p>\n<p>\u201cEste segundo proceso de Subastas del a\u00f1o se realiz\u00f3 mediante el \u201c<strong>Sistema en L\u00ednea del Infonavit<\/strong>\u201d, para los participantes y sociedad tengan la certeza que se desarrollan de forma \u00e1gil, eficaz y transparente, con lo que el Infonavit se pone a la vanguardia en temas de comercializaci\u00f3n de bienes adjudicados\u201d, se\u00f1al\u00f3 el Insituto. <\/p>\n<p>De acuerdo con el Infonavit, las viviendas recuperadas y puestas en el mercado se encuentran en 24 entidades, incluyendo la Ciudad de M\u00e9xico. Entre los estados se contemplan: Tamaulipas, Sonora, Yucat\u00e1n, Coahuila, Durango, Guanajuato, San Luis Potos\u00ed, Veracruz, Baja California, Baja California Sur, Estado de M\u00e9xico, Michoac\u00e1n, Nayarit, Nuevo Le\u00f3n, Guerrero, Puebla, Jalisco, Tabasco, Hidalgo, Sinaloa, Oaxaca, Campeche, Colima. <\/p>\n<p>El Instituto que dirige <strong>David Penchyna Grub<\/strong> record\u00f3 que en lo que va del a\u00f1o se han desplazado <strong>5,109 viviendas<\/strong> en los dos procesos de subasta realizados hasta el momento. Adem\u00e1s inform\u00f3 que el retorno de estas unidades al mercado ha representado el ingreso de 778 millones de pesos a las arcas del Instituto. <\/p>\n","protected":false},"excerpt":{"rendered":"<p>El organismo inform\u00f3 que en lo que va del a\u00f1o ha regresado al mercado m\u00e1s de 5,000 viviendas recuperadas<\/p>\n","protected":false},"author":47,"featured_media":70746,"comment_status":"open","ping_status":"closed","sticky":false,"template":"","format":"standard","meta":{"om_disable_all_campaigns":false,"inline_featured_image":false,"_monsterinsights_skip_tracking":false,"_monsterinsights_sitenote_active":false,"_monsterinsights_sitenote_note":"","_monsterinsights_sitenote_category":0,"footnotes":""},"categories":[12],"tags":[100,9751,9460],"class_list":["post-72482","post","type-post","status-publish","format-standard","has-post-thumbnail","hentry","category-vivienda","tag-infonavit","tag-subastas","tag-vivienda-recuperada"],"yoast_head":"<!-- This site is optimized with the Yoast SEO plugin v27.4 - https:\/\/yoast.com\/product\/yoast-seo-wordpress\/ -->\n<title>Recupera Infonavit 600 mdp mediante subastas<\/title>\n<meta name=\"description\" content=\"El organismo inform\u00f3 que en lo que va del a\u00f1o ha regresado al mercado m\u00e1s de 5,000 viviendas que se encontraban abandonadas\" \/>\n<meta name=\"robots\" content=\"index, follow, max-snippet:-1, max-image-preview:large, max-video-preview:-1\" \/>\n<link rel=\"canonical\" href=\"https:\/\/centrourbano.com\/revista\/vivienda\/recupera-infonavit-600-mdp-mediante-subastas\/\" \/>\n<meta property=\"og:locale\" content=\"es_ES\" \/>\n<meta property=\"og:type\" content=\"article\" \/>\n<meta property=\"og:title\" content=\"Recupera Infonavit 600 mdp mediante subastas\" \/>\n<meta property=\"og:description\" content=\"El organismo inform\u00f3 que en lo que va del a\u00f1o ha regresado al mercado m\u00e1s de 5,000 viviendas que se encontraban abandonadas\" \/>\n<meta property=\"og:url\" content=\"https:\/\/centrourbano.com\/revista\/vivienda\/recupera-infonavit-600-mdp-mediante-subastas\/\" \/>\n<meta property=\"og:site_name\" content=\"Centro Urbano\" \/>\n<meta property=\"article:publisher\" content=\"https:\/\/www.facebook.com\/portalcentrourbano\" \/>\n<meta property=\"article:published_time\" content=\"2018-06-04T12:00:12+00:00\" \/>\n<meta property=\"article:modified_time\" content=\"2018-06-04T14:17:06+00:00\" \/>\n<meta property=\"og:image\" content=\"https:\/\/centrourbano.com\/revista\/wp-content\/uploads\/David-Penchyna-116-asamblea-e1528080066698.png\" \/>\n\t<meta property=\"og:image:width\" content=\"800\" \/>\n\t<meta property=\"og:image:height\" content=\"527\" \/>\n\t<meta property=\"og:image:type\" content=\"image\/png\" \/>\n<meta name=\"author\" content=\"Edgar Rosas\" \/>\n<meta name=\"twitter:card\" content=\"summary_large_image\" \/>\n<meta name=\"twitter:creator\" content=\"@https:\/\/twitter.com\/ERosasCU?s=09\" \/>\n<meta name=\"twitter:site\" content=\"@CentroUrbano\" \/>\n<meta name=\"twitter:label1\" content=\"Escrito por\" \/>\n\t<meta name=\"twitter:data1\" content=\"Edgar Rosas\" \/>\n\t<meta name=\"twitter:label2\" content=\"Tiempo de lectura\" \/>\n\t<meta name=\"twitter:data2\" content=\"1 minuto\" \/>\n<script type=\"application\/ld+json\" class=\"yoast-schema-graph\">{\"@context\":\"https:\\\/\\\/schema.org\",\"@graph\":[{\"@type\":\"Article\",\"@id\":\"https:\\\/\\\/centrourbano.com\\\/revista\\\/vivienda\\\/recupera-infonavit-600-mdp-mediante-subastas\\\/#article\",\"isPartOf\":{\"@id\":\"https:\\\/\\\/centrourbano.com\\\/revista\\\/vivienda\\\/recupera-infonavit-600-mdp-mediante-subastas\\\/\"},\"author\":{\"name\":\"Edgar Rosas\",\"@id\":\"https:\\\/\\\/centrourbano.com\\\/revista\\\/#\\\/schema\\\/person\\\/ff3c00651ce5b1630479d2cd0c2e3ac0\"},\"headline\":\"Recauda Infonavit 600 mdp mediante subastas\",\"datePublished\":\"2018-06-04T12:00:12+00:00\",\"dateModified\":\"2018-06-04T14:17:06+00:00\",\"mainEntityOfPage\":{\"@id\":\"https:\\\/\\\/centrourbano.com\\\/revista\\\/vivienda\\\/recupera-infonavit-600-mdp-mediante-subastas\\\/\"},\"wordCount\":275,\"commentCount\":0,\"publisher\":{\"@id\":\"https:\\\/\\\/centrourbano.com\\\/revista\\\/#organization\"},\"image\":{\"@id\":\"https:\\\/\\\/centrourbano.com\\\/revista\\\/vivienda\\\/recupera-infonavit-600-mdp-mediante-subastas\\\/#primaryimage\"},\"thumbnailUrl\":\"https:\\\/\\\/centrourbano.com\\\/revista\\\/wp-content\\\/uploads\\\/David-Penchyna-116-asamblea-e1528080066698.png\",\"keywords\":[\"Infonavit\",\"subastas\",\"vivienda recuperada\"],\"articleSection\":[\"Vivienda\"],\"inLanguage\":\"es\",\"potentialAction\":[{\"@type\":\"CommentAction\",\"name\":\"Comment\",\"target\":[\"https:\\\/\\\/centrourbano.com\\\/revista\\\/vivienda\\\/recupera-infonavit-600-mdp-mediante-subastas\\\/#respond\"]}]},{\"@type\":\"WebPage\",\"@id\":\"https:\\\/\\\/centrourbano.com\\\/revista\\\/vivienda\\\/recupera-infonavit-600-mdp-mediante-subastas\\\/\",\"url\":\"https:\\\/\\\/centrourbano.com\\\/revista\\\/vivienda\\\/recupera-infonavit-600-mdp-mediante-subastas\\\/\",\"name\":\"Recupera Infonavit 600 mdp mediante subastas\",\"isPartOf\":{\"@id\":\"https:\\\/\\\/centrourbano.com\\\/revista\\\/#website\"},\"primaryImageOfPage\":{\"@id\":\"https:\\\/\\\/centrourbano.com\\\/revista\\\/vivienda\\\/recupera-infonavit-600-mdp-mediante-subastas\\\/#primaryimage\"},\"image\":{\"@id\":\"https:\\\/\\\/centrourbano.com\\\/revista\\\/vivienda\\\/recupera-infonavit-600-mdp-mediante-subastas\\\/#primaryimage\"},\"thumbnailUrl\":\"https:\\\/\\\/centrourbano.com\\\/revista\\\/wp-content\\\/uploads\\\/David-Penchyna-116-asamblea-e1528080066698.png\",\"datePublished\":\"2018-06-04T12:00:12+00:00\",\"dateModified\":\"2018-06-04T14:17:06+00:00\",\"description\":\"El organismo inform\u00f3 que en lo que va del a\u00f1o ha regresado al mercado m\u00e1s de 5,000 viviendas que se encontraban abandonadas\",\"breadcrumb\":{\"@id\":\"https:\\\/\\\/centrourbano.com\\\/revista\\\/vivienda\\\/recupera-infonavit-600-mdp-mediante-subastas\\\/#breadcrumb\"},\"inLanguage\":\"es\",\"potentialAction\":[{\"@type\":\"ReadAction\",\"target\":[\"https:\\\/\\\/centrourbano.com\\\/revista\\\/vivienda\\\/recupera-infonavit-600-mdp-mediante-subastas\\\/\"]}]},{\"@type\":\"ImageObject\",\"inLanguage\":\"es\",\"@id\":\"https:\\\/\\\/centrourbano.com\\\/revista\\\/vivienda\\\/recupera-infonavit-600-mdp-mediante-subastas\\\/#primaryimage\",\"url\":\"https:\\\/\\\/centrourbano.com\\\/revista\\\/wp-content\\\/uploads\\\/David-Penchyna-116-asamblea-e1528080066698.png\",\"contentUrl\":\"https:\\\/\\\/centrourbano.com\\\/revista\\\/wp-content\\\/uploads\\\/David-Penchyna-116-asamblea-e1528080066698.png\",\"width\":800,\"height\":527,\"caption\":\"116 asamblea de Infonavit\"},{\"@type\":\"BreadcrumbList\",\"@id\":\"https:\\\/\\\/centrourbano.com\\\/revista\\\/vivienda\\\/recupera-infonavit-600-mdp-mediante-subastas\\\/#breadcrumb\",\"itemListElement\":[{\"@type\":\"ListItem\",\"position\":1,\"name\":\"Portada\",\"item\":\"https:\\\/\\\/centrourbano.com\\\/revista\\\/\"},{\"@type\":\"ListItem\",\"position\":2,\"name\":\"Recauda Infonavit 600 mdp mediante subastas\"}]},{\"@type\":\"WebSite\",\"@id\":\"https:\\\/\\\/centrourbano.com\\\/revista\\\/#website\",\"url\":\"https:\\\/\\\/centrourbano.com\\\/revista\\\/\",\"name\":\"Centro Urbano\",\"description\":\"Medio especializado en los sectores vivienda, inmobiliario, construcci\u00f3n, arquitectura y urbanismo.\",\"publisher\":{\"@id\":\"https:\\\/\\\/centrourbano.com\\\/revista\\\/#organization\"},\"potentialAction\":[{\"@type\":\"SearchAction\",\"target\":{\"@type\":\"EntryPoint\",\"urlTemplate\":\"https:\\\/\\\/centrourbano.com\\\/revista\\\/?s={search_term_string}\"},\"query-input\":{\"@type\":\"PropertyValueSpecification\",\"valueRequired\":true,\"valueName\":\"search_term_string\"}}],\"inLanguage\":\"es\"},{\"@type\":\"Organization\",\"@id\":\"https:\\\/\\\/centrourbano.com\\\/revista\\\/#organization\",\"name\":\"Centro Urbano\",\"url\":\"https:\\\/\\\/centrourbano.com\\\/revista\\\/\",\"logo\":{\"@type\":\"ImageObject\",\"inLanguage\":\"es\",\"@id\":\"https:\\\/\\\/centrourbano.com\\\/revista\\\/#\\\/schema\\\/logo\\\/image\\\/\",\"url\":\"https:\\\/\\\/centrourbano.com\\\/revista\\\/wp-content\\\/uploads\\\/web_CU_logo-1.png\",\"contentUrl\":\"https:\\\/\\\/centrourbano.com\\\/revista\\\/wp-content\\\/uploads\\\/web_CU_logo-1.png\",\"width\":350,\"height\":91,\"caption\":\"Centro Urbano\"},\"image\":{\"@id\":\"https:\\\/\\\/centrourbano.com\\\/revista\\\/#\\\/schema\\\/logo\\\/image\\\/\"},\"sameAs\":[\"https:\\\/\\\/www.facebook.com\\\/portalcentrourbano\",\"https:\\\/\\\/x.com\\\/CentroUrbano\",\"https:\\\/\\\/www.instagram.com\\\/centro_urbano\\\/\",\"https:\\\/\\\/www.linkedin.com\\\/company\\\/centro-urbano\\\/\",\"http:\\\/\\\/www.youtube.com\\\/user\\\/portalcentrourbano\"]},{\"@type\":\"Person\",\"@id\":\"https:\\\/\\\/centrourbano.com\\\/revista\\\/#\\\/schema\\\/person\\\/ff3c00651ce5b1630479d2cd0c2e3ac0\",\"name\":\"Edgar Rosas\",\"image\":{\"@type\":\"ImageObject\",\"inLanguage\":\"es\",\"@id\":\"https:\\\/\\\/secure.gravatar.com\\\/avatar\\\/94440c4283495211faa5300bf85e80061036b83fced868c3783aa1310b350d9c?s=96&d=mm&r=g\",\"url\":\"https:\\\/\\\/secure.gravatar.com\\\/avatar\\\/94440c4283495211faa5300bf85e80061036b83fced868c3783aa1310b350d9c?s=96&d=mm&r=g\",\"contentUrl\":\"https:\\\/\\\/secure.gravatar.com\\\/avatar\\\/94440c4283495211faa5300bf85e80061036b83fced868c3783aa1310b350d9c?s=96&d=mm&r=g\",\"caption\":\"Edgar Rosas\"},\"description\":\"Editor en Jefe de Centro Urbano. Egresado de la maestr\u00eda en Periodismo Pol\u00edtico de la Escuela de Periodismo Carlos Septi\u00e9n Garc\u00eda (EPCSG). Estudi\u00f3 la licenciatura en Comunicaci\u00f3n en la Universidad Mexicana. Amante de la cr\u00f3nica y el reportaje. Admirador de Vicente Le\u00f1ero y Miguel \u00c1ngel Granados Chapa.\",\"sameAs\":[\"https:\\\/\\\/x.com\\\/https:\\\/\\\/twitter.com\\\/ERosasCU?s=09\"],\"url\":\"https:\\\/\\\/centrourbano.com\\\/revista\\\/author\\\/edgar-rosas\\\/\"}]}<\/script>\n<!-- \/ Yoast SEO plugin. -->","yoast_head_json":{"title":"Recupera Infonavit 600 mdp mediante subastas","description":"El organismo inform\u00f3 que en lo que va del a\u00f1o ha regresado al mercado m\u00e1s de 5,000 viviendas que se encontraban abandonadas","robots":{"index":"index","follow":"follow","max-snippet":"max-snippet:-1","max-image-preview":"max-image-preview:large","max-video-preview":"max-video-preview:-1"},"canonical":"https:\/\/centrourbano.com\/revista\/vivienda\/recupera-infonavit-600-mdp-mediante-subastas\/","og_locale":"es_ES","og_type":"article","og_title":"Recupera Infonavit 600 mdp mediante subastas","og_description":"El organismo inform\u00f3 que en lo que va del a\u00f1o ha regresado al mercado m\u00e1s de 5,000 viviendas que se encontraban abandonadas","og_url":"https:\/\/centrourbano.com\/revista\/vivienda\/recupera-infonavit-600-mdp-mediante-subastas\/","og_site_name":"Centro Urbano","article_publisher":"https:\/\/www.facebook.com\/portalcentrourbano","article_published_time":"2018-06-04T12:00:12+00:00","article_modified_time":"2018-06-04T14:17:06+00:00","og_image":[{"width":800,"height":527,"url":"https:\/\/centrourbano.com\/revista\/wp-content\/uploads\/David-Penchyna-116-asamblea-e1528080066698.png","type":"image\/png"}],"author":"Edgar Rosas","twitter_card":"summary_large_image","twitter_creator":"@https:\/\/twitter.com\/ERosasCU?s=09","twitter_site":"@CentroUrbano","twitter_misc":{"Escrito por":"Edgar Rosas","Tiempo de lectura":"1 minuto"},"schema":{"@context":"https:\/\/schema.org","@graph":[{"@type":"Article","@id":"https:\/\/centrourbano.com\/revista\/vivienda\/recupera-infonavit-600-mdp-mediante-subastas\/#article","isPartOf":{"@id":"https:\/\/centrourbano.com\/revista\/vivienda\/recupera-infonavit-600-mdp-mediante-subastas\/"},"author":{"name":"Edgar Rosas","@id":"https:\/\/centrourbano.com\/revista\/#\/schema\/person\/ff3c00651ce5b1630479d2cd0c2e3ac0"},"headline":"Recauda Infonavit 600 mdp mediante subastas","datePublished":"2018-06-04T12:00:12+00:00","dateModified":"2018-06-04T14:17:06+00:00","mainEntityOfPage":{"@id":"https:\/\/centrourbano.com\/revista\/vivienda\/recupera-infonavit-600-mdp-mediante-subastas\/"},"wordCount":275,"commentCount":0,"publisher":{"@id":"https:\/\/centrourbano.com\/revista\/#organization"},"image":{"@id":"https:\/\/centrourbano.com\/revista\/vivienda\/recupera-infonavit-600-mdp-mediante-subastas\/#primaryimage"},"thumbnailUrl":"https:\/\/centrourbano.com\/revista\/wp-content\/uploads\/David-Penchyna-116-asamblea-e1528080066698.png","keywords":["Infonavit","subastas","vivienda recuperada"],"articleSection":["Vivienda"],"inLanguage":"es","potentialAction":[{"@type":"CommentAction","name":"Comment","target":["https:\/\/centrourbano.com\/revista\/vivienda\/recupera-infonavit-600-mdp-mediante-subastas\/#respond"]}]},{"@type":"WebPage","@id":"https:\/\/centrourbano.com\/revista\/vivienda\/recupera-infonavit-600-mdp-mediante-subastas\/","url":"https:\/\/centrourbano.com\/revista\/vivienda\/recupera-infonavit-600-mdp-mediante-subastas\/","name":"Recupera Infonavit 600 mdp mediante subastas","isPartOf":{"@id":"https:\/\/centrourbano.com\/revista\/#website"},"primaryImageOfPage":{"@id":"https:\/\/centrourbano.com\/revista\/vivienda\/recupera-infonavit-600-mdp-mediante-subastas\/#primaryimage"},"image":{"@id":"https:\/\/centrourbano.com\/revista\/vivienda\/recupera-infonavit-600-mdp-mediante-subastas\/#primaryimage"},"thumbnailUrl":"https:\/\/centrourbano.com\/revista\/wp-content\/uploads\/David-Penchyna-116-asamblea-e1528080066698.png","datePublished":"2018-06-04T12:00:12+00:00","dateModified":"2018-06-04T14:17:06+00:00","description":"El organismo inform\u00f3 que en lo que va del a\u00f1o ha regresado al mercado m\u00e1s de 5,000 viviendas que se encontraban abandonadas","breadcrumb":{"@id":"https:\/\/centrourbano.com\/revista\/vivienda\/recupera-infonavit-600-mdp-mediante-subastas\/#breadcrumb"},"inLanguage":"es","potentialAction":[{"@type":"ReadAction","target":["https:\/\/centrourbano.com\/revista\/vivienda\/recupera-infonavit-600-mdp-mediante-subastas\/"]}]},{"@type":"ImageObject","inLanguage":"es","@id":"https:\/\/centrourbano.com\/revista\/vivienda\/recupera-infonavit-600-mdp-mediante-subastas\/#primaryimage","url":"https:\/\/centrourbano.com\/revista\/wp-content\/uploads\/David-Penchyna-116-asamblea-e1528080066698.png","contentUrl":"https:\/\/centrourbano.com\/revista\/wp-content\/uploads\/David-Penchyna-116-asamblea-e1528080066698.png","width":800,"height":527,"caption":"116 asamblea de Infonavit"},{"@type":"BreadcrumbList","@id":"https:\/\/centrourbano.com\/revista\/vivienda\/recupera-infonavit-600-mdp-mediante-subastas\/#breadcrumb","itemListElement":[{"@type":"ListItem","position":1,"name":"Portada","item":"https:\/\/centrourbano.com\/revista\/"},{"@type":"ListItem","position":2,"name":"Recauda Infonavit 600 mdp mediante subastas"}]},{"@type":"WebSite","@id":"https:\/\/centrourbano.com\/revista\/#website","url":"https:\/\/centrourbano.com\/revista\/","name":"Centro Urbano","description":"Medio especializado en los sectores vivienda, inmobiliario, construcci\u00f3n, arquitectura y urbanismo.","publisher":{"@id":"https:\/\/centrourbano.com\/revista\/#organization"},"potentialAction":[{"@type":"SearchAction","target":{"@type":"EntryPoint","urlTemplate":"https:\/\/centrourbano.com\/revista\/?s={search_term_string}"},"query-input":{"@type":"PropertyValueSpecification","valueRequired":true,"valueName":"search_term_string"}}],"inLanguage":"es"},{"@type":"Organization","@id":"https:\/\/centrourbano.com\/revista\/#organization","name":"Centro Urbano","url":"https:\/\/centrourbano.com\/revista\/","logo":{"@type":"ImageObject","inLanguage":"es","@id":"https:\/\/centrourbano.com\/revista\/#\/schema\/logo\/image\/","url":"https:\/\/centrourbano.com\/revista\/wp-content\/uploads\/web_CU_logo-1.png","contentUrl":"https:\/\/centrourbano.com\/revista\/wp-content\/uploads\/web_CU_logo-1.png","width":350,"height":91,"caption":"Centro Urbano"},"image":{"@id":"https:\/\/centrourbano.com\/revista\/#\/schema\/logo\/image\/"},"sameAs":["https:\/\/www.facebook.com\/portalcentrourbano","https:\/\/x.com\/CentroUrbano","https:\/\/www.instagram.com\/centro_urbano\/","https:\/\/www.linkedin.com\/company\/centro-urbano\/","http:\/\/www.youtube.com\/user\/portalcentrourbano"]},{"@type":"Person","@id":"https:\/\/centrourbano.com\/revista\/#\/schema\/person\/ff3c00651ce5b1630479d2cd0c2e3ac0","name":"Edgar Rosas","image":{"@type":"ImageObject","inLanguage":"es","@id":"https:\/\/secure.gravatar.com\/avatar\/94440c4283495211faa5300bf85e80061036b83fced868c3783aa1310b350d9c?s=96&d=mm&r=g","url":"https:\/\/secure.gravatar.com\/avatar\/94440c4283495211faa5300bf85e80061036b83fced868c3783aa1310b350d9c?s=96&d=mm&r=g","contentUrl":"https:\/\/secure.gravatar.com\/avatar\/94440c4283495211faa5300bf85e80061036b83fced868c3783aa1310b350d9c?s=96&d=mm&r=g","caption":"Edgar Rosas"},"description":"Editor en Jefe de Centro Urbano. Egresado de la maestr\u00eda en Periodismo Pol\u00edtico de la Escuela de Periodismo Carlos Septi\u00e9n Garc\u00eda (EPCSG). Estudi\u00f3 la licenciatura en Comunicaci\u00f3n en la Universidad Mexicana. Amante de la cr\u00f3nica y el reportaje. Admirador de Vicente Le\u00f1ero y Miguel \u00c1ngel Granados Chapa.","sameAs":["https:\/\/x.com\/https:\/\/twitter.com\/ERosasCU?s=09"],"url":"https:\/\/centrourbano.com\/revista\/author\/edgar-rosas\/"}]}},"_links":{"self":[{"href":"https:\/\/centrourbano.com\/revista\/wp-json\/wp\/v2\/posts\/72482","targetHints":{"allow":["GET"]}}],"collection":[{"href":"https:\/\/centrourbano.com\/revista\/wp-json\/wp\/v2\/posts"}],"about":[{"href":"https:\/\/centrourbano.com\/revista\/wp-json\/wp\/v2\/types\/post"}],"author":[{"embeddable":true,"href":"https:\/\/centrourbano.com\/revista\/wp-json\/wp\/v2\/users\/47"}],"replies":[{"embeddable":true,"href":"https:\/\/centrourbano.com\/revista\/wp-json\/wp\/v2\/comments?post=72482"}],"version-history":[{"count":3,"href":"https:\/\/centrourbano.com\/revista\/wp-json\/wp\/v2\/posts\/72482\/revisions"}],"predecessor-version":[{"id":72490,"href":"https:\/\/centrourbano.com\/revista\/wp-json\/wp\/v2\/posts\/72482\/revisions\/72490"}],"wp:featuredmedia":[{"embeddable":true,"href":"https:\/\/centrourbano.com\/revista\/wp-json\/wp\/v2\/media\/70746"}],"wp:attachment":[{"href":"https:\/\/centrourbano.com\/revista\/wp-json\/wp\/v2\/media?parent=72482"}],"wp:term":[{"taxonomy":"category","embeddable":true,"href":"https:\/\/centrourbano.com\/revista\/wp-json\/wp\/v2\/categories?post=72482"},{"taxonomy":"post_tag","embeddable":true,"href":"https:\/\/centrourbano.com\/revista\/wp-json\/wp\/v2\/tags?post=72482"}],"curies":[{"name":"wp","href":"https:\/\/api.w.org\/{rel}","templated":true}]}}