{"id":72464,"date":"2018-06-01T17:36:04","date_gmt":"2018-06-01T22:36:04","guid":{"rendered":"https:\/\/centrourbano.com\/?p=72464"},"modified":"2018-06-01T17:38:15","modified_gmt":"2018-06-01T22:38:15","slug":"la-importancia-amables","status":"publish","type":"post","link":"https:\/\/centrourbano.com\/revista\/opinion\/blog-desde-centro-urbano\/la-importancia-amables\/","title":{"rendered":"La importancia de ser amables"},"content":{"rendered":"<p>Hace unos d\u00edas, durante la comida, platicaba\u00a0de c\u00f3mo muchas personas, van perdiendo el piso poco a poco, y de lo incre\u00edblemente desagradable que es tratar con personas as\u00ed de prepotentes.<\/p>\n<p>Por otro lado, la contraparte, \u00a0esas personas que adem\u00e1s de ser personas muy inteligentes, con un nivel socioecon\u00f3mico envidiable, no s\u00f3lo son personas sencillas, sino adem\u00e1s sumamente agradables, eso que puede uno definir como: gente bonita.<\/p>\n<p>Y es que, \u00bfporque no podemos ser todos un poco m\u00e1s amables, m\u00e1s educados, m\u00e1s sencillos?<\/p>\n<p>Entonces, pens\u00e9 tambi\u00e9n, que si hubiera m\u00e1s personas as\u00ed, m\u00e1s gente bonita, el mundo ser\u00eda muy diferente, y la vida ser\u00eda m\u00e1s agradable, m\u00e1s linda.<\/p>\n","protected":false},"excerpt":{"rendered":"<p>Hace unos d\u00edas, durante la comida, platicaba\u00a0de c\u00f3mo muchas personas, van perdiendo el piso poco a poco, y de lo incre\u00edblemente desagradable que es tratar con personas as\u00ed de prepotentes. Por otro lado, la contraparte, \u00a0esas personas que adem\u00e1s de ser personas muy inteligentes, con un nivel socioecon\u00f3mico envidiable, no s\u00f3lo son personas sencillas, sino [&hellip;]<\/p>\n","protected":false},"author":26,"featured_media":72474,"comment_status":"open","ping_status":"closed","sticky":false,"template":"","format":"standard","meta":{"om_disable_all_campaigns":false,"inline_featured_image":false,"_monsterinsights_skip_tracking":false,"_monsterinsights_sitenote_active":false,"_monsterinsights_sitenote_note":"","_monsterinsights_sitenote_category":0,"footnotes":""},"categories":[240],"tags":[],"class_list":["post-72464","post","type-post","status-publish","format-standard","has-post-thumbnail","hentry","category-blog-desde-centro-urbano"],"yoast_head":"<!-- This site is optimized with the Yoast SEO plugin v27.4 - https:\/\/yoast.com\/product\/yoast-seo-wordpress\/ -->\n<title>La importancia de ser amables -<\/title>\n<meta name=\"description\" content=\"Hace unos d\u00edas, durante la comida, platicaba\u00a0de c\u00f3mo muchas personas, van perdiendo el piso poco a poco, y de lo incre\u00edblemente desagradable que es tratar\" \/>\n<meta name=\"robots\" content=\"index, follow, max-snippet:-1, max-image-preview:large, max-video-preview:-1\" \/>\n<link rel=\"canonical\" href=\"https:\/\/centrourbano.com\/revista\/opinion\/blog-desde-centro-urbano\/la-importancia-amables\/\" \/>\n<meta property=\"og:locale\" content=\"es_ES\" \/>\n<meta property=\"og:type\" content=\"article\" \/>\n<meta property=\"og:title\" content=\"La importancia de ser amables -\" \/>\n<meta property=\"og:description\" content=\"Hace unos d\u00edas, durante la comida, platicaba\u00a0de c\u00f3mo muchas personas, van perdiendo el piso poco a poco, y de lo incre\u00edblemente desagradable que es tratar\" \/>\n<meta property=\"og:url\" content=\"https:\/\/centrourbano.com\/revista\/opinion\/blog-desde-centro-urbano\/la-importancia-amables\/\" \/>\n<meta property=\"og:site_name\" content=\"Centro Urbano\" \/>\n<meta property=\"article:publisher\" content=\"https:\/\/www.facebook.com\/portalcentrourbano\" \/>\n<meta property=\"article:published_time\" content=\"2018-06-01T22:36:04+00:00\" \/>\n<meta property=\"article:modified_time\" content=\"2018-06-01T22:38:15+00:00\" \/>\n<meta property=\"og:image\" content=\"https:\/\/centrourbano.com\/revista\/wp-content\/uploads\/Vida-bonita-2.jpg\" \/>\n\t<meta property=\"og:image:width\" content=\"992\" \/>\n\t<meta property=\"og:image:height\" content=\"744\" \/>\n\t<meta property=\"og:image:type\" content=\"image\/jpeg\" \/>\n<meta name=\"author\" content=\"Maribel Mat\u00edas\" \/>\n<meta name=\"twitter:card\" content=\"summary_large_image\" \/>\n<meta name=\"twitter:creator\" content=\"@CentroUrbano\" \/>\n<meta name=\"twitter:site\" content=\"@CentroUrbano\" \/>\n<meta name=\"twitter:label1\" content=\"Escrito por\" \/>\n\t<meta name=\"twitter:data1\" content=\"Maribel Mat\u00edas\" \/>\n\t<meta name=\"twitter:label2\" content=\"Tiempo de lectura\" \/>\n\t<meta name=\"twitter:data2\" content=\"1 minuto\" \/>\n<script type=\"application\/ld+json\" class=\"yoast-schema-graph\">{\"@context\":\"https:\\\/\\\/schema.org\",\"@graph\":[{\"@type\":\"Article\",\"@id\":\"https:\\\/\\\/centrourbano.com\\\/revista\\\/opinion\\\/blog-desde-centro-urbano\\\/la-importancia-amables\\\/#article\",\"isPartOf\":{\"@id\":\"https:\\\/\\\/centrourbano.com\\\/revista\\\/opinion\\\/blog-desde-centro-urbano\\\/la-importancia-amables\\\/\"},\"author\":{\"name\":\"Maribel Mat\u00edas\",\"@id\":\"https:\\\/\\\/centrourbano.com\\\/revista\\\/#\\\/schema\\\/person\\\/a047562143967f163bb12c820d0dc644\"},\"headline\":\"La importancia de ser amables\",\"datePublished\":\"2018-06-01T22:36:04+00:00\",\"dateModified\":\"2018-06-01T22:38:15+00:00\",\"mainEntityOfPage\":{\"@id\":\"https:\\\/\\\/centrourbano.com\\\/revista\\\/opinion\\\/blog-desde-centro-urbano\\\/la-importancia-amables\\\/\"},\"wordCount\":130,\"commentCount\":0,\"publisher\":{\"@id\":\"https:\\\/\\\/centrourbano.com\\\/revista\\\/#organization\"},\"image\":{\"@id\":\"https:\\\/\\\/centrourbano.com\\\/revista\\\/opinion\\\/blog-desde-centro-urbano\\\/la-importancia-amables\\\/#primaryimage\"},\"thumbnailUrl\":\"https:\\\/\\\/centrourbano.com\\\/revista\\\/wp-content\\\/uploads\\\/Vida-bonita-2.jpg\",\"articleSection\":[\"Desde Centro Urbano\"],\"inLanguage\":\"es\",\"potentialAction\":[{\"@type\":\"CommentAction\",\"name\":\"Comment\",\"target\":[\"https:\\\/\\\/centrourbano.com\\\/revista\\\/opinion\\\/blog-desde-centro-urbano\\\/la-importancia-amables\\\/#respond\"]}]},{\"@type\":\"WebPage\",\"@id\":\"https:\\\/\\\/centrourbano.com\\\/revista\\\/opinion\\\/blog-desde-centro-urbano\\\/la-importancia-amables\\\/\",\"url\":\"https:\\\/\\\/centrourbano.com\\\/revista\\\/opinion\\\/blog-desde-centro-urbano\\\/la-importancia-amables\\\/\",\"name\":\"La importancia de ser amables -\",\"isPartOf\":{\"@id\":\"https:\\\/\\\/centrourbano.com\\\/revista\\\/#website\"},\"primaryImageOfPage\":{\"@id\":\"https:\\\/\\\/centrourbano.com\\\/revista\\\/opinion\\\/blog-desde-centro-urbano\\\/la-importancia-amables\\\/#primaryimage\"},\"image\":{\"@id\":\"https:\\\/\\\/centrourbano.com\\\/revista\\\/opinion\\\/blog-desde-centro-urbano\\\/la-importancia-amables\\\/#primaryimage\"},\"thumbnailUrl\":\"https:\\\/\\\/centrourbano.com\\\/revista\\\/wp-content\\\/uploads\\\/Vida-bonita-2.jpg\",\"datePublished\":\"2018-06-01T22:36:04+00:00\",\"dateModified\":\"2018-06-01T22:38:15+00:00\",\"description\":\"Hace unos d\u00edas, durante la comida, platicaba\u00a0de c\u00f3mo muchas personas, van perdiendo el piso poco a poco, y de lo incre\u00edblemente desagradable que es tratar\",\"breadcrumb\":{\"@id\":\"https:\\\/\\\/centrourbano.com\\\/revista\\\/opinion\\\/blog-desde-centro-urbano\\\/la-importancia-amables\\\/#breadcrumb\"},\"inLanguage\":\"es\",\"potentialAction\":[{\"@type\":\"ReadAction\",\"target\":[\"https:\\\/\\\/centrourbano.com\\\/revista\\\/opinion\\\/blog-desde-centro-urbano\\\/la-importancia-amables\\\/\"]}]},{\"@type\":\"ImageObject\",\"inLanguage\":\"es\",\"@id\":\"https:\\\/\\\/centrourbano.com\\\/revista\\\/opinion\\\/blog-desde-centro-urbano\\\/la-importancia-amables\\\/#primaryimage\",\"url\":\"https:\\\/\\\/centrourbano.com\\\/revista\\\/wp-content\\\/uploads\\\/Vida-bonita-2.jpg\",\"contentUrl\":\"https:\\\/\\\/centrourbano.com\\\/revista\\\/wp-content\\\/uploads\\\/Vida-bonita-2.jpg\",\"width\":992,\"height\":744},{\"@type\":\"BreadcrumbList\",\"@id\":\"https:\\\/\\\/centrourbano.com\\\/revista\\\/opinion\\\/blog-desde-centro-urbano\\\/la-importancia-amables\\\/#breadcrumb\",\"itemListElement\":[{\"@type\":\"ListItem\",\"position\":1,\"name\":\"Portada\",\"item\":\"https:\\\/\\\/centrourbano.com\\\/revista\\\/\"},{\"@type\":\"ListItem\",\"position\":2,\"name\":\"La importancia de ser amables\"}]},{\"@type\":\"WebSite\",\"@id\":\"https:\\\/\\\/centrourbano.com\\\/revista\\\/#website\",\"url\":\"https:\\\/\\\/centrourbano.com\\\/revista\\\/\",\"name\":\"Centro Urbano\",\"description\":\"Medio especializado en los sectores vivienda, inmobiliario, construcci\u00f3n, arquitectura y urbanismo.\",\"publisher\":{\"@id\":\"https:\\\/\\\/centrourbano.com\\\/revista\\\/#organization\"},\"potentialAction\":[{\"@type\":\"SearchAction\",\"target\":{\"@type\":\"EntryPoint\",\"urlTemplate\":\"https:\\\/\\\/centrourbano.com\\\/revista\\\/?s={search_term_string}\"},\"query-input\":{\"@type\":\"PropertyValueSpecification\",\"valueRequired\":true,\"valueName\":\"search_term_string\"}}],\"inLanguage\":\"es\"},{\"@type\":\"Organization\",\"@id\":\"https:\\\/\\\/centrourbano.com\\\/revista\\\/#organization\",\"name\":\"Centro Urbano\",\"url\":\"https:\\\/\\\/centrourbano.com\\\/revista\\\/\",\"logo\":{\"@type\":\"ImageObject\",\"inLanguage\":\"es\",\"@id\":\"https:\\\/\\\/centrourbano.com\\\/revista\\\/#\\\/schema\\\/logo\\\/image\\\/\",\"url\":\"https:\\\/\\\/centrourbano.com\\\/revista\\\/wp-content\\\/uploads\\\/web_CU_logo-1.png\",\"contentUrl\":\"https:\\\/\\\/centrourbano.com\\\/revista\\\/wp-content\\\/uploads\\\/web_CU_logo-1.png\",\"width\":350,\"height\":91,\"caption\":\"Centro Urbano\"},\"image\":{\"@id\":\"https:\\\/\\\/centrourbano.com\\\/revista\\\/#\\\/schema\\\/logo\\\/image\\\/\"},\"sameAs\":[\"https:\\\/\\\/www.facebook.com\\\/portalcentrourbano\",\"https:\\\/\\\/x.com\\\/CentroUrbano\",\"https:\\\/\\\/www.instagram.com\\\/centro_urbano\\\/\",\"https:\\\/\\\/www.linkedin.com\\\/company\\\/centro-urbano\\\/\",\"http:\\\/\\\/www.youtube.com\\\/user\\\/portalcentrourbano\"]},{\"@type\":\"Person\",\"@id\":\"https:\\\/\\\/centrourbano.com\\\/revista\\\/#\\\/schema\\\/person\\\/a047562143967f163bb12c820d0dc644\",\"name\":\"Maribel Mat\u00edas\",\"image\":{\"@type\":\"ImageObject\",\"inLanguage\":\"es\",\"@id\":\"https:\\\/\\\/secure.gravatar.com\\\/avatar\\\/74aa50b11992e5a88d61272f60392cf75c122d4460728fe49b70f9be27aa721e?s=96&d=mm&r=g\",\"url\":\"https:\\\/\\\/secure.gravatar.com\\\/avatar\\\/74aa50b11992e5a88d61272f60392cf75c122d4460728fe49b70f9be27aa721e?s=96&d=mm&r=g\",\"contentUrl\":\"https:\\\/\\\/secure.gravatar.com\\\/avatar\\\/74aa50b11992e5a88d61272f60392cf75c122d4460728fe49b70f9be27aa721e?s=96&d=mm&r=g\",\"caption\":\"Maribel Mat\u00edas\"},\"url\":\"https:\\\/\\\/centrourbano.com\\\/revista\\\/author\\\/maribel-matias\\\/\"}]}<\/script>\n<!-- \/ Yoast SEO plugin. -->","yoast_head_json":{"title":"La importancia de ser amables -","description":"Hace unos d\u00edas, durante la comida, platicaba\u00a0de c\u00f3mo muchas personas, van perdiendo el piso poco a poco, y de lo incre\u00edblemente desagradable que es tratar","robots":{"index":"index","follow":"follow","max-snippet":"max-snippet:-1","max-image-preview":"max-image-preview:large","max-video-preview":"max-video-preview:-1"},"canonical":"https:\/\/centrourbano.com\/revista\/opinion\/blog-desde-centro-urbano\/la-importancia-amables\/","og_locale":"es_ES","og_type":"article","og_title":"La importancia de ser amables -","og_description":"Hace unos d\u00edas, durante la comida, platicaba\u00a0de c\u00f3mo muchas personas, van perdiendo el piso poco a poco, y de lo incre\u00edblemente desagradable que es tratar","og_url":"https:\/\/centrourbano.com\/revista\/opinion\/blog-desde-centro-urbano\/la-importancia-amables\/","og_site_name":"Centro Urbano","article_publisher":"https:\/\/www.facebook.com\/portalcentrourbano","article_published_time":"2018-06-01T22:36:04+00:00","article_modified_time":"2018-06-01T22:38:15+00:00","og_image":[{"width":992,"height":744,"url":"https:\/\/centrourbano.com\/revista\/wp-content\/uploads\/Vida-bonita-2.jpg","type":"image\/jpeg"}],"author":"Maribel Mat\u00edas","twitter_card":"summary_large_image","twitter_creator":"@CentroUrbano","twitter_site":"@CentroUrbano","twitter_misc":{"Escrito por":"Maribel Mat\u00edas","Tiempo de lectura":"1 minuto"},"schema":{"@context":"https:\/\/schema.org","@graph":[{"@type":"Article","@id":"https:\/\/centrourbano.com\/revista\/opinion\/blog-desde-centro-urbano\/la-importancia-amables\/#article","isPartOf":{"@id":"https:\/\/centrourbano.com\/revista\/opinion\/blog-desde-centro-urbano\/la-importancia-amables\/"},"author":{"name":"Maribel Mat\u00edas","@id":"https:\/\/centrourbano.com\/revista\/#\/schema\/person\/a047562143967f163bb12c820d0dc644"},"headline":"La importancia de ser amables","datePublished":"2018-06-01T22:36:04+00:00","dateModified":"2018-06-01T22:38:15+00:00","mainEntityOfPage":{"@id":"https:\/\/centrourbano.com\/revista\/opinion\/blog-desde-centro-urbano\/la-importancia-amables\/"},"wordCount":130,"commentCount":0,"publisher":{"@id":"https:\/\/centrourbano.com\/revista\/#organization"},"image":{"@id":"https:\/\/centrourbano.com\/revista\/opinion\/blog-desde-centro-urbano\/la-importancia-amables\/#primaryimage"},"thumbnailUrl":"https:\/\/centrourbano.com\/revista\/wp-content\/uploads\/Vida-bonita-2.jpg","articleSection":["Desde Centro Urbano"],"inLanguage":"es","potentialAction":[{"@type":"CommentAction","name":"Comment","target":["https:\/\/centrourbano.com\/revista\/opinion\/blog-desde-centro-urbano\/la-importancia-amables\/#respond"]}]},{"@type":"WebPage","@id":"https:\/\/centrourbano.com\/revista\/opinion\/blog-desde-centro-urbano\/la-importancia-amables\/","url":"https:\/\/centrourbano.com\/revista\/opinion\/blog-desde-centro-urbano\/la-importancia-amables\/","name":"La importancia de ser amables -","isPartOf":{"@id":"https:\/\/centrourbano.com\/revista\/#website"},"primaryImageOfPage":{"@id":"https:\/\/centrourbano.com\/revista\/opinion\/blog-desde-centro-urbano\/la-importancia-amables\/#primaryimage"},"image":{"@id":"https:\/\/centrourbano.com\/revista\/opinion\/blog-desde-centro-urbano\/la-importancia-amables\/#primaryimage"},"thumbnailUrl":"https:\/\/centrourbano.com\/revista\/wp-content\/uploads\/Vida-bonita-2.jpg","datePublished":"2018-06-01T22:36:04+00:00","dateModified":"2018-06-01T22:38:15+00:00","description":"Hace unos d\u00edas, durante la comida, platicaba\u00a0de c\u00f3mo muchas personas, van perdiendo el piso poco a poco, y de lo incre\u00edblemente desagradable que es tratar","breadcrumb":{"@id":"https:\/\/centrourbano.com\/revista\/opinion\/blog-desde-centro-urbano\/la-importancia-amables\/#breadcrumb"},"inLanguage":"es","potentialAction":[{"@type":"ReadAction","target":["https:\/\/centrourbano.com\/revista\/opinion\/blog-desde-centro-urbano\/la-importancia-amables\/"]}]},{"@type":"ImageObject","inLanguage":"es","@id":"https:\/\/centrourbano.com\/revista\/opinion\/blog-desde-centro-urbano\/la-importancia-amables\/#primaryimage","url":"https:\/\/centrourbano.com\/revista\/wp-content\/uploads\/Vida-bonita-2.jpg","contentUrl":"https:\/\/centrourbano.com\/revista\/wp-content\/uploads\/Vida-bonita-2.jpg","width":992,"height":744},{"@type":"BreadcrumbList","@id":"https:\/\/centrourbano.com\/revista\/opinion\/blog-desde-centro-urbano\/la-importancia-amables\/#breadcrumb","itemListElement":[{"@type":"ListItem","position":1,"name":"Portada","item":"https:\/\/centrourbano.com\/revista\/"},{"@type":"ListItem","position":2,"name":"La importancia de ser amables"}]},{"@type":"WebSite","@id":"https:\/\/centrourbano.com\/revista\/#website","url":"https:\/\/centrourbano.com\/revista\/","name":"Centro Urbano","description":"Medio especializado en los sectores vivienda, inmobiliario, construcci\u00f3n, arquitectura y urbanismo.","publisher":{"@id":"https:\/\/centrourbano.com\/revista\/#organization"},"potentialAction":[{"@type":"SearchAction","target":{"@type":"EntryPoint","urlTemplate":"https:\/\/centrourbano.com\/revista\/?s={search_term_string}"},"query-input":{"@type":"PropertyValueSpecification","valueRequired":true,"valueName":"search_term_string"}}],"inLanguage":"es"},{"@type":"Organization","@id":"https:\/\/centrourbano.com\/revista\/#organization","name":"Centro Urbano","url":"https:\/\/centrourbano.com\/revista\/","logo":{"@type":"ImageObject","inLanguage":"es","@id":"https:\/\/centrourbano.com\/revista\/#\/schema\/logo\/image\/","url":"https:\/\/centrourbano.com\/revista\/wp-content\/uploads\/web_CU_logo-1.png","contentUrl":"https:\/\/centrourbano.com\/revista\/wp-content\/uploads\/web_CU_logo-1.png","width":350,"height":91,"caption":"Centro Urbano"},"image":{"@id":"https:\/\/centrourbano.com\/revista\/#\/schema\/logo\/image\/"},"sameAs":["https:\/\/www.facebook.com\/portalcentrourbano","https:\/\/x.com\/CentroUrbano","https:\/\/www.instagram.com\/centro_urbano\/","https:\/\/www.linkedin.com\/company\/centro-urbano\/","http:\/\/www.youtube.com\/user\/portalcentrourbano"]},{"@type":"Person","@id":"https:\/\/centrourbano.com\/revista\/#\/schema\/person\/a047562143967f163bb12c820d0dc644","name":"Maribel Mat\u00edas","image":{"@type":"ImageObject","inLanguage":"es","@id":"https:\/\/secure.gravatar.com\/avatar\/74aa50b11992e5a88d61272f60392cf75c122d4460728fe49b70f9be27aa721e?s=96&d=mm&r=g","url":"https:\/\/secure.gravatar.com\/avatar\/74aa50b11992e5a88d61272f60392cf75c122d4460728fe49b70f9be27aa721e?s=96&d=mm&r=g","contentUrl":"https:\/\/secure.gravatar.com\/avatar\/74aa50b11992e5a88d61272f60392cf75c122d4460728fe49b70f9be27aa721e?s=96&d=mm&r=g","caption":"Maribel Mat\u00edas"},"url":"https:\/\/centrourbano.com\/revista\/author\/maribel-matias\/"}]}},"_links":{"self":[{"href":"https:\/\/centrourbano.com\/revista\/wp-json\/wp\/v2\/posts\/72464","targetHints":{"allow":["GET"]}}],"collection":[{"href":"https:\/\/centrourbano.com\/revista\/wp-json\/wp\/v2\/posts"}],"about":[{"href":"https:\/\/centrourbano.com\/revista\/wp-json\/wp\/v2\/types\/post"}],"author":[{"embeddable":true,"href":"https:\/\/centrourbano.com\/revista\/wp-json\/wp\/v2\/users\/26"}],"replies":[{"embeddable":true,"href":"https:\/\/centrourbano.com\/revista\/wp-json\/wp\/v2\/comments?post=72464"}],"version-history":[{"count":4,"href":"https:\/\/centrourbano.com\/revista\/wp-json\/wp\/v2\/posts\/72464\/revisions"}],"predecessor-version":[{"id":72478,"href":"https:\/\/centrourbano.com\/revista\/wp-json\/wp\/v2\/posts\/72464\/revisions\/72478"}],"wp:featuredmedia":[{"embeddable":true,"href":"https:\/\/centrourbano.com\/revista\/wp-json\/wp\/v2\/media\/72474"}],"wp:attachment":[{"href":"https:\/\/centrourbano.com\/revista\/wp-json\/wp\/v2\/media?parent=72464"}],"wp:term":[{"taxonomy":"category","embeddable":true,"href":"https:\/\/centrourbano.com\/revista\/wp-json\/wp\/v2\/categories?post=72464"},{"taxonomy":"post_tag","embeddable":true,"href":"https:\/\/centrourbano.com\/revista\/wp-json\/wp\/v2\/tags?post=72464"}],"curies":[{"name":"wp","href":"https:\/\/api.w.org\/{rel}","templated":true}]}}